{"id":12213,"date":"2017-04-24T09:44:41","date_gmt":"2017-04-24T09:44:41","guid":{"rendered":"http:\/\/feda.org\/feda2k16\/?p=12213"},"modified":"2017-04-24T09:46:51","modified_gmt":"2017-04-24T09:46:51","slug":"circular-132017-ofertas-para-la-organizacion-del-campeonato-de-espana-por-selecciones-autonomicas-sub-16","status":"publish","type":"post","link":"https:\/\/feda.org\/feda2k16\/circular-132017-ofertas-para-la-organizacion-del-campeonato-de-espana-por-selecciones-autonomicas-sub-16\/","title":{"rendered":"Circular 13\/2017 &#8211; Ofertas para la Organizaci\u00f3n del C.E. por Selecciones Auton\u00f3micas Sub-16"},"content":{"rendered":"<p style=\"text-align: center;\"><strong>A TODAS LAS FEDERACIONES AUTONOMICAS<\/strong><\/p>\n<p style=\"text-align: center;\"><strong>\u00a0<\/strong><strong>Ofertas para la Organizaci\u00f3n del Campeonato de Espa\u00f1a por Selecciones Auton\u00f3micas. Categor\u00eda Sub 16.<\/strong><\/p>\n<p style=\"text-align: justify;\"><a href=\"http:\/\/feda.org\/feda2k16\/wp-content\/uploads\/C13-Ofertas-Selecc_Aut_Sub16.pdf\">Descargar en PDF<\/a>.<\/p>\n<p style=\"text-align: justify;\">Con la presente circular se abre el plazo para la presentaci\u00f3n de ofertas de organizaci\u00f3n del Campeonato de Espa\u00f1a por Selecciones Auton\u00f3micas categor\u00eda Sub 16, que podr\u00e1n presentar la Federaciones Auton\u00f3micas de acuerdo con la informaci\u00f3n y condiciones que se detallan a continuaci\u00f3n:<\/p>\n<p style=\"text-align: justify;\"><strong>Informaci\u00f3n sobre el Sistema y Calendario de juego<\/strong><\/p>\n<p style=\"text-align: justify;\">Se jugar\u00e1 por Sistema Suizo, a seis rondas. Equipos formados por un m\u00e1ximo de seis deportistas Sub 16, al menos tres de categor\u00eda femenina. Se alinear\u00e1n cuatro tableros en cada encuentro, al menos dos de categor\u00eda femenina.<\/p>\n<p style=\"text-align: justify;\">La puntuaci\u00f3n ser\u00e1 por encuentro (2, 1, 0), siendo el primer sistema de desempate la puntuaci\u00f3n total por tableros. La velocidad de juego ser\u00e1 de 90 minutos para toda la partida, con incremento de 30 segundos por jugada desde el movimiento 1.\u00a0<\/p>\n<p style=\"text-align: justify;\"><u>Previsi\u00f3n de Calendario:<\/u><\/p>\n<p style=\"text-align: justify;\"><u><\/u>Jornada 1: \u00a0Llegada de participantes, Acreditaci\u00f3n y Reuni\u00f3n T\u00e9cnica de Delegados.<\/p>\n<p style=\"text-align: justify;\">Jornada 2: 10:00 h Ronda 1: 17:00 h Ronda 2\u00a0\u00a0\u00a0\u00a0\u00a0\u00a0\u00a0\u00a0\u00a0\u00a0\u00a0\u00a0\u00a0\u00a0\u00a0\u00a0\u00a0<\/p>\n<p style=\"text-align: justify;\">Jornada 3: 10:00 h Ronda 3<\/p>\n<p style=\"text-align: justify;\">Jornada 4: 10:00 h Ronda 4; 17:00 h Ronda 5<\/p>\n<p style=\"text-align: justify;\">Jornada 5: 09:30 h Ronda 6 y entrega de premios.<\/p>\n<p style=\"text-align: justify;\"><strong>Condiciones de Organizaci\u00f3n<\/strong><\/p>\n<ol style=\"text-align: justify;\">\n<li>El Campeonato deber\u00e1 estar organizado por una Federaci\u00f3n Auton\u00f3mica.<\/li>\n<li>La Federaci\u00f3n organizadora deber\u00e1 proveer una sala adecuada para la competici\u00f3n y un hotel oficial para el alojamiento de los participantes, \u00e1rbitros y dem\u00e1s personas del Campeonato. La capacidad hotelera de la zona deber\u00e1 ser suficiente para albergar la competici\u00f3n.<\/li>\n<li>El organizador deber\u00e1 designar un hotel oficial, donde los participantes que lo deseen tendr\u00e1n una oferta de alojamiento a un precio lo m\u00e1s econ\u00f3mico posible. Los precios que se oferten incluir\u00e1n, en pensi\u00f3n completa y media pensi\u00f3n, el agua en las comidas.<\/li>\n<li>En este mismo hotel se alojar\u00e1n, con cargo al organizador, los dos miembros del equipo arbitral, el Delegado FEDA y el responsable de retransmisi\u00f3n por Internet, todos ellos en habitaci\u00f3n individual.<\/li>\n<li>Los \u00e1rbitros principal y adjunto ser\u00e1n nombrados por el CTA previa consulta con el organizador. Su alojamiento, manutenci\u00f3n y honorarios ir\u00e1n a cargo del organizador.<\/li>\n<li>Los honorarios arbitrales, de acuerdo con la Circular 11-2017 ser\u00e1n los siguientes:<\/li>\n<\/ol>\n<p style=\"padding-left: 60px; text-align: justify;\">Arbitro Principal: 336,00 \u20ac; Arbitro Adjunto: 248,00 \u20ac.<\/p>\n<ol start=\"7\">\n<li style=\"text-align: justify;\">El Organizador se har\u00e1 cargo de los trofeos de los tres primeros clasificados, y medallas para los mejores tableros (6).<\/li>\n<li style=\"text-align: justify;\">Se retransmitir\u00e1n al menos 8 partidas por Internet.<\/li>\n<li style=\"text-align: justify;\">El organizador proporcionar\u00e1 impresos de Actas y Planillas en n\u00famero suficiente.<\/li>\n<li style=\"text-align: justify;\">La FEDA, el C.S.D. y la Federaci\u00f3n Auton\u00f3mica deber\u00e1n constar de forma adecuada en toda la publicidad del evento y el organizador cuidar\u00e1 que la presencia de estas entidades est\u00e9 debidamente prevista en la presentaci\u00f3n del Campeonato, comit\u00e9s de organizaci\u00f3n, ceremonia de clausura, entrega de trofeos, etc.<\/li>\n<\/ol>\n<p><strong>Canon de Organizaci\u00f3n:<\/strong><\/p>\n<p style=\"text-align: justify;\">No se establece canon de organizaci\u00f3n para este Campeonato. Todos los gastos indicados ser\u00e1n con cargo a la Federaci\u00f3n Organizadora.<\/p>\n<p style=\"text-align: justify;\">Cada Federaci\u00f3n Auton\u00f3mica participante, lo har\u00e1 con los gastos de desplazamiento, estancia y manutenci\u00f3n a su cargo.<\/p>\n<p style=\"text-align: justify;\">La FEDA se reserva el derecho de no conceder la oferta, aunque sea la \u00fanica presentada, y proceder seg\u00fan lo indicado en el caso de no existir ofertas.<\/p>\n<p><strong>Fechas:<\/strong><\/p>\n<p><strong>\u00a0<\/strong>Se consideran las mejores fechas las siguientes:<\/p>\n<p>Inicio entre el 28 de junio y el 2 de julio.<\/p>\n<p>Final entre el 2 de julio y el 6 de julio.<\/p>\n<p style=\"text-align: justify;\">Aunque la Federaci\u00f3n que opte a la organizaci\u00f3n puede proponer otras fechas compatibles con el curso escolar y los Campeonatos de Espa\u00f1a de Edades.<\/p>\n<p><strong>Criterios de Valoraci\u00f3n<\/strong><\/p>\n<p style=\"text-align: justify;\">Para la adjudicaci\u00f3n de la sede se valorar\u00e1n en especial los siguientes apartados:<\/p>\n<p style=\"text-align: justify;\">&#8211; Precio y calidad de la oferta hotelera a los participantes.<br \/>\n &#8211; Sala de juego en mejores condiciones y\/o en un espacio particularmente relevante.<br \/>\n &#8211; Apoyo de patrocinadores e Instituciones p\u00fablicas.<\/p>\n<p style=\"text-align: justify;\"><strong>Presentaci\u00f3n de Ofertas<\/strong><\/p>\n<p style=\"text-align: justify;\">La oferta deber\u00e1 presentarse mediante escrito dirigido a la FEDA, en el plazo que se establece a continuaci\u00f3n y haciendo constar todos los elementos que el candidato a organizador considere de su inter\u00e9s, as\u00ed como la oferta econ\u00f3mica concreta.<\/p>\n<p style=\"text-align: justify;\">En la oferta deber\u00e1n constar claramente los precios de alojamiento y manutenci\u00f3n para participantes y acompa\u00f1antes, diferenciando las posibles opciones: habitaci\u00f3n individual, doble, triple, etc.; pensi\u00f3n completa, media pensi\u00f3n o s\u00f3lo alojamiento, teniendo en cuenta lo mencionado en el punto 3 de las Condiciones de Organizaci\u00f3n.<\/p>\n<p style=\"text-align: justify;\">El plazo de presentaci\u00f3n de las ofertas se establece hasta el d\u00eda <strong><u>5 de mayo de 2017<\/u><\/strong><u>.<\/u><\/p>\n<p style=\"text-align: justify;\">De no presentarse ofertas en plazo, o estar por debajo de los m\u00ednimos indicados, la FEDA podr\u00e1 anular el Campeonato, asumir su organizaci\u00f3n, o cederla a otra persona o entidad sin necesidad de otro concurso de ofertas.<\/p>\n<p>&nbsp;<\/p>\n<p>En Madrid, a 21 de abril de 2017.<\/p>\n<p>&nbsp;<\/p>\n<p>&nbsp;<\/p>\n<p>&nbsp;<\/p>\n<p>Ram\u00f3n Padull\u00e9s Argerich<\/p>\n<p>Secretario General<\/p>\n","protected":false},"excerpt":{"rendered":"<p>A TODAS LAS FEDERACIONES AUTONOMICAS \u00a0Ofertas para la Organizaci\u00f3n del Campeonato de Espa\u00f1a por Selecciones Auton\u00f3micas. Categor\u00eda Sub 16. Descargar en PDF. Con la presente circular se abre el plazo para la presentaci\u00f3n de ofertas de organizaci\u00f3n del Campeonato de Espa\u00f1a por Selecciones Auton\u00f3micas categor\u00eda Sub 16, que podr\u00e1n presentar la Federaciones Auton\u00f3micas de acuerdo [&hellip;]<\/p>\n","protected":false},"author":2,"featured_media":0,"comment_status":"closed","ping_status":"closed","sticky":false,"template":"","format":"standard","meta":{"footnotes":""},"categories":[131],"tags":[],"class_list":["post-12213","post","type-post","status-publish","format-standard","hentry","category-131"],"yoast_head":"<!-- This site is optimized with the Yoast SEO plugin v27.4 - https:\/\/yoast.com\/product\/yoast-seo-wordpress\/ -->\n<title>Circular 13\/2017 - Ofertas para la Organizaci\u00f3n del C.E. por Selecciones Auton\u00f3micas Sub-16 - FEDA<\/title>\n<meta name=\"description\" content=\"FEDA, Federaci\u00f3n Espa\u00f1ola de Ajedrez, ajedrez madrid, federarse ajedrez, campeonato de Espa\u00f1a de ajedrez, ajedrez\" \/>\n<meta name=\"robots\" content=\"index, follow, max-snippet:-1, max-image-preview:large, max-video-preview:-1\" \/>\n<link rel=\"canonical\" href=\"https:\/\/feda.org\/feda2k16\/circular-132017-ofertas-para-la-organizacion-del-campeonato-de-espana-por-selecciones-autonomicas-sub-16\/\" \/>\n<meta property=\"og:locale\" content=\"es_ES\" \/>\n<meta property=\"og:type\" content=\"article\" \/>\n<meta property=\"og:title\" content=\"Circular 13\/2017 - Ofertas para la Organizaci\u00f3n del C.E. por Selecciones Auton\u00f3micas Sub-16 - FEDA\" \/>\n<meta property=\"og:description\" content=\"FEDA, Federaci\u00f3n Espa\u00f1ola de Ajedrez, ajedrez madrid, federarse ajedrez, campeonato de Espa\u00f1a de ajedrez, ajedrez\" \/>\n<meta property=\"og:url\" content=\"https:\/\/feda.org\/feda2k16\/circular-132017-ofertas-para-la-organizacion-del-campeonato-de-espana-por-selecciones-autonomicas-sub-16\/\" \/>\n<meta property=\"og:site_name\" content=\"FEDA\" \/>\n<meta property=\"article:publisher\" content=\"https:\/\/www.facebook.com\/federacionespanoladeajedrez\/\" \/>\n<meta property=\"article:published_time\" content=\"2017-04-24T09:44:41+00:00\" \/>\n<meta property=\"article:modified_time\" content=\"2017-04-24T09:46:51+00:00\" \/>\n<meta name=\"author\" content=\"Nacho\" \/>\n<meta name=\"twitter:card\" content=\"summary_large_image\" \/>\n<meta name=\"twitter:creator\" content=\"@AjedrezEspanola\" \/>\n<meta name=\"twitter:site\" content=\"@AjedrezEspanola\" \/>\n<meta name=\"twitter:label1\" content=\"Escrito por\" \/>\n\t<meta name=\"twitter:data1\" content=\"Nacho\" \/>\n\t<meta name=\"twitter:label2\" content=\"Tiempo de lectura\" \/>\n\t<meta name=\"twitter:data2\" content=\"4 minutos\" \/>\n<script type=\"application\/ld+json\" class=\"yoast-schema-graph\">{\"@context\":\"https:\\\/\\\/schema.org\",\"@graph\":[{\"@type\":\"Article\",\"@id\":\"https:\\\/\\\/feda.org\\\/feda2k16\\\/circular-132017-ofertas-para-la-organizacion-del-campeonato-de-espana-por-selecciones-autonomicas-sub-16\\\/#article\",\"isPartOf\":{\"@id\":\"https:\\\/\\\/feda.org\\\/feda2k16\\\/circular-132017-ofertas-para-la-organizacion-del-campeonato-de-espana-por-selecciones-autonomicas-sub-16\\\/\"},\"author\":{\"name\":\"Nacho\",\"@id\":\"https:\\\/\\\/feda.org\\\/feda2k16\\\/#\\\/schema\\\/person\\\/6f81e48d83f6f1503890fdb658f2ff4e\"},\"headline\":\"Circular 13\\\/2017 &#8211; Ofertas para la Organizaci\u00f3n del C.E. por Selecciones Auton\u00f3micas Sub-16\",\"datePublished\":\"2017-04-24T09:44:41+00:00\",\"dateModified\":\"2017-04-24T09:46:51+00:00\",\"mainEntityOfPage\":{\"@id\":\"https:\\\/\\\/feda.org\\\/feda2k16\\\/circular-132017-ofertas-para-la-organizacion-del-campeonato-de-espana-por-selecciones-autonomicas-sub-16\\\/\"},\"wordCount\":848,\"publisher\":{\"@id\":\"https:\\\/\\\/feda.org\\\/feda2k16\\\/#organization\"},\"articleSection\":[\"2017\"],\"inLanguage\":\"es\"},{\"@type\":\"WebPage\",\"@id\":\"https:\\\/\\\/feda.org\\\/feda2k16\\\/circular-132017-ofertas-para-la-organizacion-del-campeonato-de-espana-por-selecciones-autonomicas-sub-16\\\/\",\"url\":\"https:\\\/\\\/feda.org\\\/feda2k16\\\/circular-132017-ofertas-para-la-organizacion-del-campeonato-de-espana-por-selecciones-autonomicas-sub-16\\\/\",\"name\":\"Circular 13\\\/2017 - Ofertas para la Organizaci\u00f3n del C.E. por Selecciones Auton\u00f3micas Sub-16 - FEDA\",\"isPartOf\":{\"@id\":\"https:\\\/\\\/feda.org\\\/feda2k16\\\/#website\"},\"datePublished\":\"2017-04-24T09:44:41+00:00\",\"dateModified\":\"2017-04-24T09:46:51+00:00\",\"description\":\"FEDA, Federaci\u00f3n Espa\u00f1ola de Ajedrez, ajedrez madrid, federarse ajedrez, campeonato de Espa\u00f1a de ajedrez, ajedrez\",\"breadcrumb\":{\"@id\":\"https:\\\/\\\/feda.org\\\/feda2k16\\\/circular-132017-ofertas-para-la-organizacion-del-campeonato-de-espana-por-selecciones-autonomicas-sub-16\\\/#breadcrumb\"},\"inLanguage\":\"es\",\"potentialAction\":[{\"@type\":\"ReadAction\",\"target\":[\"https:\\\/\\\/feda.org\\\/feda2k16\\\/circular-132017-ofertas-para-la-organizacion-del-campeonato-de-espana-por-selecciones-autonomicas-sub-16\\\/\"]}]},{\"@type\":\"BreadcrumbList\",\"@id\":\"https:\\\/\\\/feda.org\\\/feda2k16\\\/circular-132017-ofertas-para-la-organizacion-del-campeonato-de-espana-por-selecciones-autonomicas-sub-16\\\/#breadcrumb\",\"itemListElement\":[{\"@type\":\"ListItem\",\"position\":1,\"name\":\"Portada\",\"item\":\"https:\\\/\\\/feda.org\\\/feda2k16\\\/\"},{\"@type\":\"ListItem\",\"position\":2,\"name\":\"Circular 13\\\/2017 &#8211; Ofertas para la Organizaci\u00f3n del C.E. por Selecciones Auton\u00f3micas Sub-16\"}]},{\"@type\":\"WebSite\",\"@id\":\"https:\\\/\\\/feda.org\\\/feda2k16\\\/#website\",\"url\":\"https:\\\/\\\/feda.org\\\/feda2k16\\\/\",\"name\":\"FEDA\",\"description\":\"Federaci\u00f3n Espa\u00f1ola de Ajedrez\",\"publisher\":{\"@id\":\"https:\\\/\\\/feda.org\\\/feda2k16\\\/#organization\"},\"alternateName\":\"Federaci\u00f3n Espa\u00f1ola de Ajedrez\",\"potentialAction\":[{\"@type\":\"SearchAction\",\"target\":{\"@type\":\"EntryPoint\",\"urlTemplate\":\"https:\\\/\\\/feda.org\\\/feda2k16\\\/?s={search_term_string}\"},\"query-input\":{\"@type\":\"PropertyValueSpecification\",\"valueRequired\":true,\"valueName\":\"search_term_string\"}}],\"inLanguage\":\"es\"},{\"@type\":\"Organization\",\"@id\":\"https:\\\/\\\/feda.org\\\/feda2k16\\\/#organization\",\"name\":\"FEDA\",\"alternateName\":\"Federaci\u00f3n Espa\u00f1ola de Ajedrez\",\"url\":\"https:\\\/\\\/feda.org\\\/feda2k16\\\/\",\"logo\":{\"@type\":\"ImageObject\",\"inLanguage\":\"es\",\"@id\":\"https:\\\/\\\/feda.org\\\/feda2k16\\\/#\\\/schema\\\/logo\\\/image\\\/\",\"url\":\"https:\\\/\\\/feda.org\\\/feda2k16\\\/wp-content\\\/uploads\\\/NuevoLogo_FEDA_2016.png\",\"contentUrl\":\"https:\\\/\\\/feda.org\\\/feda2k16\\\/wp-content\\\/uploads\\\/NuevoLogo_FEDA_2016.png\",\"width\":600,\"height\":600,\"caption\":\"FEDA\"},\"image\":{\"@id\":\"https:\\\/\\\/feda.org\\\/feda2k16\\\/#\\\/schema\\\/logo\\\/image\\\/\"},\"sameAs\":[\"https:\\\/\\\/www.facebook.com\\\/federacionespanoladeajedrez\\\/\",\"https:\\\/\\\/x.com\\\/AjedrezEspanola\",\"https:\\\/\\\/www.instagram.com\\\/federacionespanolaajedrez\\\/?hl=es\",\"https:\\\/\\\/www.youtube.com\\\/@FederacionEspanoladeAjedrezFED\\\/featured\"]},{\"@type\":\"Person\",\"@id\":\"https:\\\/\\\/feda.org\\\/feda2k16\\\/#\\\/schema\\\/person\\\/6f81e48d83f6f1503890fdb658f2ff4e\",\"name\":\"Nacho\",\"url\":\"https:\\\/\\\/feda.org\\\/feda2k16\\\/author\\\/nacho\\\/\"}]}<\/script>\n<!-- \/ Yoast SEO plugin. -->","yoast_head_json":{"title":"Circular 13\/2017 - Ofertas para la Organizaci\u00f3n del C.E. por Selecciones Auton\u00f3micas Sub-16 - FEDA","description":"FEDA, Federaci\u00f3n Espa\u00f1ola de Ajedrez, ajedrez madrid, federarse ajedrez, campeonato de Espa\u00f1a de ajedrez, ajedrez","robots":{"index":"index","follow":"follow","max-snippet":"max-snippet:-1","max-image-preview":"max-image-preview:large","max-video-preview":"max-video-preview:-1"},"canonical":"https:\/\/feda.org\/feda2k16\/circular-132017-ofertas-para-la-organizacion-del-campeonato-de-espana-por-selecciones-autonomicas-sub-16\/","og_locale":"es_ES","og_type":"article","og_title":"Circular 13\/2017 - Ofertas para la Organizaci\u00f3n del C.E. por Selecciones Auton\u00f3micas Sub-16 - FEDA","og_description":"FEDA, Federaci\u00f3n Espa\u00f1ola de Ajedrez, ajedrez madrid, federarse ajedrez, campeonato de Espa\u00f1a de ajedrez, ajedrez","og_url":"https:\/\/feda.org\/feda2k16\/circular-132017-ofertas-para-la-organizacion-del-campeonato-de-espana-por-selecciones-autonomicas-sub-16\/","og_site_name":"FEDA","article_publisher":"https:\/\/www.facebook.com\/federacionespanoladeajedrez\/","article_published_time":"2017-04-24T09:44:41+00:00","article_modified_time":"2017-04-24T09:46:51+00:00","author":"Nacho","twitter_card":"summary_large_image","twitter_creator":"@AjedrezEspanola","twitter_site":"@AjedrezEspanola","twitter_misc":{"Escrito por":"Nacho","Tiempo de lectura":"4 minutos"},"schema":{"@context":"https:\/\/schema.org","@graph":[{"@type":"Article","@id":"https:\/\/feda.org\/feda2k16\/circular-132017-ofertas-para-la-organizacion-del-campeonato-de-espana-por-selecciones-autonomicas-sub-16\/#article","isPartOf":{"@id":"https:\/\/feda.org\/feda2k16\/circular-132017-ofertas-para-la-organizacion-del-campeonato-de-espana-por-selecciones-autonomicas-sub-16\/"},"author":{"name":"Nacho","@id":"https:\/\/feda.org\/feda2k16\/#\/schema\/person\/6f81e48d83f6f1503890fdb658f2ff4e"},"headline":"Circular 13\/2017 &#8211; Ofertas para la Organizaci\u00f3n del C.E. por Selecciones Auton\u00f3micas Sub-16","datePublished":"2017-04-24T09:44:41+00:00","dateModified":"2017-04-24T09:46:51+00:00","mainEntityOfPage":{"@id":"https:\/\/feda.org\/feda2k16\/circular-132017-ofertas-para-la-organizacion-del-campeonato-de-espana-por-selecciones-autonomicas-sub-16\/"},"wordCount":848,"publisher":{"@id":"https:\/\/feda.org\/feda2k16\/#organization"},"articleSection":["2017"],"inLanguage":"es"},{"@type":"WebPage","@id":"https:\/\/feda.org\/feda2k16\/circular-132017-ofertas-para-la-organizacion-del-campeonato-de-espana-por-selecciones-autonomicas-sub-16\/","url":"https:\/\/feda.org\/feda2k16\/circular-132017-ofertas-para-la-organizacion-del-campeonato-de-espana-por-selecciones-autonomicas-sub-16\/","name":"Circular 13\/2017 - Ofertas para la Organizaci\u00f3n del C.E. por Selecciones Auton\u00f3micas Sub-16 - FEDA","isPartOf":{"@id":"https:\/\/feda.org\/feda2k16\/#website"},"datePublished":"2017-04-24T09:44:41+00:00","dateModified":"2017-04-24T09:46:51+00:00","description":"FEDA, Federaci\u00f3n Espa\u00f1ola de Ajedrez, ajedrez madrid, federarse ajedrez, campeonato de Espa\u00f1a de ajedrez, ajedrez","breadcrumb":{"@id":"https:\/\/feda.org\/feda2k16\/circular-132017-ofertas-para-la-organizacion-del-campeonato-de-espana-por-selecciones-autonomicas-sub-16\/#breadcrumb"},"inLanguage":"es","potentialAction":[{"@type":"ReadAction","target":["https:\/\/feda.org\/feda2k16\/circular-132017-ofertas-para-la-organizacion-del-campeonato-de-espana-por-selecciones-autonomicas-sub-16\/"]}]},{"@type":"BreadcrumbList","@id":"https:\/\/feda.org\/feda2k16\/circular-132017-ofertas-para-la-organizacion-del-campeonato-de-espana-por-selecciones-autonomicas-sub-16\/#breadcrumb","itemListElement":[{"@type":"ListItem","position":1,"name":"Portada","item":"https:\/\/feda.org\/feda2k16\/"},{"@type":"ListItem","position":2,"name":"Circular 13\/2017 &#8211; Ofertas para la Organizaci\u00f3n del C.E. por Selecciones Auton\u00f3micas Sub-16"}]},{"@type":"WebSite","@id":"https:\/\/feda.org\/feda2k16\/#website","url":"https:\/\/feda.org\/feda2k16\/","name":"FEDA","description":"Federaci\u00f3n Espa\u00f1ola de Ajedrez","publisher":{"@id":"https:\/\/feda.org\/feda2k16\/#organization"},"alternateName":"Federaci\u00f3n Espa\u00f1ola de Ajedrez","potentialAction":[{"@type":"SearchAction","target":{"@type":"EntryPoint","urlTemplate":"https:\/\/feda.org\/feda2k16\/?s={search_term_string}"},"query-input":{"@type":"PropertyValueSpecification","valueRequired":true,"valueName":"search_term_string"}}],"inLanguage":"es"},{"@type":"Organization","@id":"https:\/\/feda.org\/feda2k16\/#organization","name":"FEDA","alternateName":"Federaci\u00f3n Espa\u00f1ola de Ajedrez","url":"https:\/\/feda.org\/feda2k16\/","logo":{"@type":"ImageObject","inLanguage":"es","@id":"https:\/\/feda.org\/feda2k16\/#\/schema\/logo\/image\/","url":"https:\/\/feda.org\/feda2k16\/wp-content\/uploads\/NuevoLogo_FEDA_2016.png","contentUrl":"https:\/\/feda.org\/feda2k16\/wp-content\/uploads\/NuevoLogo_FEDA_2016.png","width":600,"height":600,"caption":"FEDA"},"image":{"@id":"https:\/\/feda.org\/feda2k16\/#\/schema\/logo\/image\/"},"sameAs":["https:\/\/www.facebook.com\/federacionespanoladeajedrez\/","https:\/\/x.com\/AjedrezEspanola","https:\/\/www.instagram.com\/federacionespanolaajedrez\/?hl=es","https:\/\/www.youtube.com\/@FederacionEspanoladeAjedrezFED\/featured"]},{"@type":"Person","@id":"https:\/\/feda.org\/feda2k16\/#\/schema\/person\/6f81e48d83f6f1503890fdb658f2ff4e","name":"Nacho","url":"https:\/\/feda.org\/feda2k16\/author\/nacho\/"}]}},"_links":{"self":[{"href":"https:\/\/feda.org\/feda2k16\/wp-json\/wp\/v2\/posts\/12213","targetHints":{"allow":["GET"]}}],"collection":[{"href":"https:\/\/feda.org\/feda2k16\/wp-json\/wp\/v2\/posts"}],"about":[{"href":"https:\/\/feda.org\/feda2k16\/wp-json\/wp\/v2\/types\/post"}],"author":[{"embeddable":true,"href":"https:\/\/feda.org\/feda2k16\/wp-json\/wp\/v2\/users\/2"}],"replies":[{"embeddable":true,"href":"https:\/\/feda.org\/feda2k16\/wp-json\/wp\/v2\/comments?post=12213"}],"version-history":[{"count":3,"href":"https:\/\/feda.org\/feda2k16\/wp-json\/wp\/v2\/posts\/12213\/revisions"}],"predecessor-version":[{"id":12217,"href":"https:\/\/feda.org\/feda2k16\/wp-json\/wp\/v2\/posts\/12213\/revisions\/12217"}],"wp:attachment":[{"href":"https:\/\/feda.org\/feda2k16\/wp-json\/wp\/v2\/media?parent=12213"}],"wp:term":[{"taxonomy":"category","embeddable":true,"href":"https:\/\/feda.org\/feda2k16\/wp-json\/wp\/v2\/categories?post=12213"},{"taxonomy":"post_tag","embeddable":true,"href":"https:\/\/feda.org\/feda2k16\/wp-json\/wp\/v2\/tags?post=12213"}],"curies":[{"name":"wp","href":"https:\/\/api.w.org\/{rel}","templated":true}]}}