{"id":12289,"date":"2017-05-23T08:32:44","date_gmt":"2017-05-23T08:32:44","guid":{"rendered":"http:\/\/feda.org\/feda2k16\/?p=12289"},"modified":"2017-05-23T08:32:44","modified_gmt":"2017-05-23T08:32:44","slug":"circular-142017-convocatoria-del-cto-de-espana-por-selecciones-autonomicas-sub-14-padron-2017","status":"publish","type":"post","link":"https:\/\/feda.org\/feda2k16\/circular-142017-convocatoria-del-cto-de-espana-por-selecciones-autonomicas-sub-14-padron-2017\/","title":{"rendered":"Circular 14\/2017 &#8211; Convocatoria del Cto. de Espa\u00f1a por Selecciones Auton\u00f3micas Sub 14. Padr\u00f3n 2017"},"content":{"rendered":"<p style=\"text-align: center;\"><strong>A TODAS LAS FEDERACIONES AUTONOMICAS <\/strong><\/p>\n<p style=\"text-align: center;\"><strong>Ref.: Convocatoria del Campeonato de Espa\u00f1a por Selecciones Auton\u00f3micas. Categor\u00eda Infantil (Sub 14) &#8211; 2017<\/strong><\/p>\n<p style=\"text-align: justify;\"><a href=\"http:\/\/feda.org\/feda2k16\/wp-content\/uploads\/C14-Conv-Selecc-Auton\u00f3micas-Infantil-2017.pdf\">Descargar en PDF<\/a>.<\/p>\n<p style=\"text-align: justify;\"><a href=\"http:\/\/feda.org\/feda2k16\/wp-content\/uploads\/C14-Anexo1_Form-Inscr-Selecc-Aut_2017.xlsx\">Descargar Anexo-Formulario de Inscripci\u00f3n<\/a>.<\/p>\n<p style=\"text-align: justify;\">\u00a0<\/p>\n<p style=\"text-align: justify;\"><strong>ORGANIZACI\u00d3N<\/strong>\u00a0<\/p>\n<p style=\"text-align: justify;\">Correr\u00e1 a cargo de la Federaci\u00f3n Gallega de Ajedrez con la colaboraci\u00f3n de la Xunta de Galicia y la Federaci\u00f3n Espa\u00f1ola de Ajedrez.\u00a0<\/p>\n<p style=\"text-align: justify;\">\u00a0<\/p>\n<p style=\"text-align: justify;\"><strong>SISTEMA Y CALENDARIO DE JUEGO<\/strong>\u00a0<\/p>\n<p style=\"text-align: justify;\">Se jugar\u00e1 por Sistema Suizo, a seis rondas.<\/p>\n<p style=\"text-align: justify;\">Equipos formados por cuatro tableros. La puntuaci\u00f3n ser\u00e1 por encuentro (2, 1, 0), siendo el primer sistema de desempate la puntuaci\u00f3n total por tableros.<\/p>\n<p style=\"text-align: justify;\">La velocidad de juego ser\u00e1 de 90 minutos para toda la partida, con incremento de 30 segundos por jugada desde el movimiento 1.\u00a0<\/p>\n<p style=\"text-align: justify;\">El Campeonato se jugar\u00e1\u00a0en los salones del <strong>Hotel Scala Pazos \u2013 Padr\u00f3n <\/strong><a href=\"http:\/\/www.hscala.com\">www.hscala.com<\/a><strong>\u00a0 <\/strong><\/p>\n<p>&nbsp;<\/p>\n<p><strong><u>Fechas<\/u><\/strong><u>: del 21 al 25 de junio de 2017:\u00a0<\/u><\/p>\n<p>21-06\u00a0Llegada de participantes, Acreditaci\u00f3n y Reuni\u00f3n T\u00e9cnica de Delegados.<\/p>\n<p>22-06 10:00 h Ronda 1<\/p>\n<p>22-06 17:00 h Ronda 2<\/p>\n<p>23-06 17:00 h Ronda 3<\/p>\n<p>24-06 10:00 h Ronda 4<\/p>\n<p>24-06 17:00 h Ronda 5<\/p>\n<p>25-06 09:30 h Ronda 6 y entrega de premios.<\/p>\n<p>&nbsp;<\/p>\n<p style=\"text-align: justify;\"><strong>Reglamento y Alineaci\u00f3n de jugadores:<\/strong>\u00a0<\/p>\n<p style=\"text-align: justify;\">Ser\u00e1 de aplicaci\u00f3n el Reglamento T\u00e9cnico aprobado para el Campeonato y publicado en la Web del CSD, en este enlace:<\/p>\n<p style=\"text-align: justify;\"><a href=\"http:\/\/www.csd.gob.es\/csd\/estaticos\/dep-escolar\/RegTec\/NORMATIVA_AJEDREZ_INFANTIL_2017.pdf\">http:\/\/www.csd.gob.es\/csd\/estaticos\/dep-escolar\/RegTec\/NORMATIVA_AJEDREZ_INFANTIL_2017.pdf<\/a><\/p>\n<p style=\"text-align: justify;\">Para lo no previsto, ser\u00e1 de aplicaci\u00f3n el Reglamento General de Competiciones de la FEDA.<\/p>\n<p style=\"text-align: justify;\">\u00a0<\/p>\n<p style=\"text-align: justify;\"><strong>INSCRIPCIONES Y PLAZOS<\/strong><\/p>\n<p style=\"text-align: justify;\">Por todo el d\u00eda\u00a0<strong><u>7 de junio de 2017<\/u><\/strong>.\u00a0<\/p>\n<p style=\"text-align: justify;\">La inscripci\u00f3n se formalizar\u00e1 mediante el env\u00edo <strong><u>a la FEDA<\/u><\/strong> del Anexo I (Formulario de inscripci\u00f3n \u2013 Orden de Fuerzas), con todos los datos completos a <a href=\"mailto:administracion@feda.org\"><strong>administracion@feda.org<\/strong><\/a><\/p>\n<p style=\"text-align: justify;\">Recordamos que todos los participantes deber\u00e1n presentar su documento de identidad para ser acreditados.<br \/>\n \u00a0<\/p>\n<p><strong>ALOJAMIENTO<\/strong>\u00a0<\/p>\n<p>El alojamiento ser\u00e1 en el <strong>Hotel Scala Pazos \u2013 Padr\u00f3n <\/strong><a href=\"http:\/\/www.hscala.com\">www.hscala.com<\/a><strong>\u00a0 <\/strong><\/p>\n<p><strong>PRECIOS: <\/strong>Precios por persona y d\u00eda, IVA incluido:\u00a0 \u00a0 \u00a0 \u00a0 \u00a0<\/p>\n<table width=\"538\" class=\"mtr-table mtr-tr-td\">\n<tbody>\n<tr>\n<td width=\"363\" data-mtr-content=\"\nTipo de alojamiento\n\" class=\"mtr-td-tag\"><div class=\"mtr-cell-content\">\n<p><strong>Tipo de alojamiento<\/strong><\/p>\n<\/div><\/td>\n<td width=\"175\" data-mtr-content=\"\nPens. Completa\n\" class=\"mtr-td-tag\"><div class=\"mtr-cell-content\">\n<p><strong>Pens. Completa<\/strong><\/p>\n<\/div><\/td>\n<\/tr>\n<tr>\n<td width=\"363\" data-mtr-content=\"\nTipo de alojamiento\n\" class=\"mtr-td-tag\"><div class=\"mtr-cell-content\">\n<p><strong>\u00a0 Habitaci\u00f3n individual<\/strong><\/p>\n<\/div><\/td>\n<td width=\"175\" data-mtr-content=\"\nPens. Completa\n\" class=\"mtr-td-tag\"><div class=\"mtr-cell-content\">\n<p>43,00 \u20ac<\/p>\n<\/div><\/td>\n<\/tr>\n<tr>\n<td width=\"363\" data-mtr-content=\"\nTipo de alojamiento\n\" class=\"mtr-td-tag\"><div class=\"mtr-cell-content\">\n<p><strong>\u00a0 Habitaci\u00f3n Doble<\/strong><\/p>\n<\/div><\/td>\n<td width=\"175\" data-mtr-content=\"\nPens. Completa\n\" class=\"mtr-td-tag\"><div class=\"mtr-cell-content\">\n<p>35,00 \u20ac<\/p>\n<\/div><\/td>\n<\/tr>\n<tr>\n<td width=\"363\" data-mtr-content=\"\nTipo de alojamiento\n\" class=\"mtr-td-tag\"><div class=\"mtr-cell-content\">\n<p><strong>\u00a0 Habitaci\u00f3n Triple<\/strong><\/p>\n<\/div><\/td>\n<td width=\"175\" data-mtr-content=\"\nPens. Completa\n\" class=\"mtr-td-tag\"><div class=\"mtr-cell-content\">\n<p>27,00 \u20ac<\/p>\n<\/div><\/td>\n<\/tr>\n<\/tbody>\n<\/table>\n<p><strong>Reservas:<\/strong><\/p>\n<p><strong>Federaci\u00f3n Gallega de Ajedrez<\/strong><\/p>\n<p><a href=\"mailto:fegaxa@fegaxa.org\">fegaxa@fegaxa.org<\/a><\/p>\n<p>Fax: 986 237 945<\/p>\n<p>El plazo para reservas es igualmente hasta el d\u00eda 7 de junio de 2017.<\/p>\n<p>&nbsp;<\/p>\n<p>En Madrid, a 22 de mayo de 2017.\u00a0\u00a0<\/p>\n<p>&nbsp;<\/p>\n<p>&nbsp;<\/p>\n<p>Ram\u00f3n Padull\u00e9s Argerich<br \/>\n Secretario General<\/p>\n","protected":false},"excerpt":{"rendered":"<p>A TODAS LAS FEDERACIONES AUTONOMICAS Ref.: Convocatoria del Campeonato de Espa\u00f1a por Selecciones Auton\u00f3micas. Categor\u00eda Infantil (Sub 14) &#8211; 2017 Descargar en PDF. Descargar Anexo-Formulario de Inscripci\u00f3n. \u00a0 ORGANIZACI\u00d3N\u00a0 Correr\u00e1 a cargo de la Federaci\u00f3n Gallega de Ajedrez con la colaboraci\u00f3n de la Xunta de Galicia y la Federaci\u00f3n Espa\u00f1ola de Ajedrez.\u00a0 \u00a0 SISTEMA Y [&hellip;]<\/p>\n","protected":false},"author":2,"featured_media":0,"comment_status":"closed","ping_status":"closed","sticky":false,"template":"","format":"standard","meta":{"footnotes":""},"categories":[131],"tags":[],"class_list":["post-12289","post","type-post","status-publish","format-standard","hentry","category-131"],"yoast_head":"<!-- This site is optimized with the Yoast SEO plugin v27.4 - https:\/\/yoast.com\/product\/yoast-seo-wordpress\/ -->\n<title>Circular 14\/2017 - Convocatoria del Cto. de Espa\u00f1a por Selecciones Auton\u00f3micas Sub 14. Padr\u00f3n 2017 - FEDA<\/title>\n<meta name=\"description\" content=\"FEDA, Federaci\u00f3n Espa\u00f1ola de Ajedrez, ajedrez madrid, federarse ajedrez, campeonato de Espa\u00f1a de ajedrez, ajedrez\" \/>\n<meta name=\"robots\" content=\"index, follow, max-snippet:-1, max-image-preview:large, max-video-preview:-1\" \/>\n<link rel=\"canonical\" href=\"https:\/\/feda.org\/feda2k16\/circular-142017-convocatoria-del-cto-de-espana-por-selecciones-autonomicas-sub-14-padron-2017\/\" \/>\n<meta property=\"og:locale\" content=\"es_ES\" \/>\n<meta property=\"og:type\" content=\"article\" \/>\n<meta property=\"og:title\" content=\"Circular 14\/2017 - Convocatoria del Cto. de Espa\u00f1a por Selecciones Auton\u00f3micas Sub 14. Padr\u00f3n 2017 - FEDA\" \/>\n<meta property=\"og:description\" content=\"FEDA, Federaci\u00f3n Espa\u00f1ola de Ajedrez, ajedrez madrid, federarse ajedrez, campeonato de Espa\u00f1a de ajedrez, ajedrez\" \/>\n<meta property=\"og:url\" content=\"https:\/\/feda.org\/feda2k16\/circular-142017-convocatoria-del-cto-de-espana-por-selecciones-autonomicas-sub-14-padron-2017\/\" \/>\n<meta property=\"og:site_name\" content=\"FEDA\" \/>\n<meta property=\"article:publisher\" content=\"https:\/\/www.facebook.com\/federacionespanoladeajedrez\/\" \/>\n<meta property=\"article:published_time\" content=\"2017-05-23T08:32:44+00:00\" \/>\n<meta name=\"author\" content=\"Nacho\" \/>\n<meta name=\"twitter:card\" content=\"summary_large_image\" \/>\n<meta name=\"twitter:creator\" content=\"@AjedrezEspanola\" \/>\n<meta name=\"twitter:site\" content=\"@AjedrezEspanola\" \/>\n<meta name=\"twitter:label1\" content=\"Escrito por\" \/>\n\t<meta name=\"twitter:data1\" content=\"Nacho\" \/>\n\t<meta name=\"twitter:label2\" content=\"Tiempo de lectura\" \/>\n\t<meta name=\"twitter:data2\" content=\"2 minutos\" \/>\n<script type=\"application\/ld+json\" class=\"yoast-schema-graph\">{\"@context\":\"https:\\\/\\\/schema.org\",\"@graph\":[{\"@type\":\"Article\",\"@id\":\"https:\\\/\\\/feda.org\\\/feda2k16\\\/circular-142017-convocatoria-del-cto-de-espana-por-selecciones-autonomicas-sub-14-padron-2017\\\/#article\",\"isPartOf\":{\"@id\":\"https:\\\/\\\/feda.org\\\/feda2k16\\\/circular-142017-convocatoria-del-cto-de-espana-por-selecciones-autonomicas-sub-14-padron-2017\\\/\"},\"author\":{\"name\":\"Nacho\",\"@id\":\"https:\\\/\\\/feda.org\\\/feda2k16\\\/#\\\/schema\\\/person\\\/6f81e48d83f6f1503890fdb658f2ff4e\"},\"headline\":\"Circular 14\\\/2017 &#8211; Convocatoria del Cto. de Espa\u00f1a por Selecciones Auton\u00f3micas Sub 14. Padr\u00f3n 2017\",\"datePublished\":\"2017-05-23T08:32:44+00:00\",\"mainEntityOfPage\":{\"@id\":\"https:\\\/\\\/feda.org\\\/feda2k16\\\/circular-142017-convocatoria-del-cto-de-espana-por-selecciones-autonomicas-sub-14-padron-2017\\\/\"},\"wordCount\":378,\"publisher\":{\"@id\":\"https:\\\/\\\/feda.org\\\/feda2k16\\\/#organization\"},\"articleSection\":[\"2017\"],\"inLanguage\":\"es\"},{\"@type\":\"WebPage\",\"@id\":\"https:\\\/\\\/feda.org\\\/feda2k16\\\/circular-142017-convocatoria-del-cto-de-espana-por-selecciones-autonomicas-sub-14-padron-2017\\\/\",\"url\":\"https:\\\/\\\/feda.org\\\/feda2k16\\\/circular-142017-convocatoria-del-cto-de-espana-por-selecciones-autonomicas-sub-14-padron-2017\\\/\",\"name\":\"Circular 14\\\/2017 - Convocatoria del Cto. de Espa\u00f1a por Selecciones Auton\u00f3micas Sub 14. Padr\u00f3n 2017 - FEDA\",\"isPartOf\":{\"@id\":\"https:\\\/\\\/feda.org\\\/feda2k16\\\/#website\"},\"datePublished\":\"2017-05-23T08:32:44+00:00\",\"description\":\"FEDA, Federaci\u00f3n Espa\u00f1ola de Ajedrez, ajedrez madrid, federarse ajedrez, campeonato de Espa\u00f1a de ajedrez, ajedrez\",\"breadcrumb\":{\"@id\":\"https:\\\/\\\/feda.org\\\/feda2k16\\\/circular-142017-convocatoria-del-cto-de-espana-por-selecciones-autonomicas-sub-14-padron-2017\\\/#breadcrumb\"},\"inLanguage\":\"es\",\"potentialAction\":[{\"@type\":\"ReadAction\",\"target\":[\"https:\\\/\\\/feda.org\\\/feda2k16\\\/circular-142017-convocatoria-del-cto-de-espana-por-selecciones-autonomicas-sub-14-padron-2017\\\/\"]}]},{\"@type\":\"BreadcrumbList\",\"@id\":\"https:\\\/\\\/feda.org\\\/feda2k16\\\/circular-142017-convocatoria-del-cto-de-espana-por-selecciones-autonomicas-sub-14-padron-2017\\\/#breadcrumb\",\"itemListElement\":[{\"@type\":\"ListItem\",\"position\":1,\"name\":\"Portada\",\"item\":\"https:\\\/\\\/feda.org\\\/feda2k16\\\/\"},{\"@type\":\"ListItem\",\"position\":2,\"name\":\"Circular 14\\\/2017 &#8211; Convocatoria del Cto. de Espa\u00f1a por Selecciones Auton\u00f3micas Sub 14. Padr\u00f3n 2017\"}]},{\"@type\":\"WebSite\",\"@id\":\"https:\\\/\\\/feda.org\\\/feda2k16\\\/#website\",\"url\":\"https:\\\/\\\/feda.org\\\/feda2k16\\\/\",\"name\":\"FEDA\",\"description\":\"Federaci\u00f3n Espa\u00f1ola de Ajedrez\",\"publisher\":{\"@id\":\"https:\\\/\\\/feda.org\\\/feda2k16\\\/#organization\"},\"alternateName\":\"Federaci\u00f3n Espa\u00f1ola de Ajedrez\",\"potentialAction\":[{\"@type\":\"SearchAction\",\"target\":{\"@type\":\"EntryPoint\",\"urlTemplate\":\"https:\\\/\\\/feda.org\\\/feda2k16\\\/?s={search_term_string}\"},\"query-input\":{\"@type\":\"PropertyValueSpecification\",\"valueRequired\":true,\"valueName\":\"search_term_string\"}}],\"inLanguage\":\"es\"},{\"@type\":\"Organization\",\"@id\":\"https:\\\/\\\/feda.org\\\/feda2k16\\\/#organization\",\"name\":\"FEDA\",\"alternateName\":\"Federaci\u00f3n Espa\u00f1ola de Ajedrez\",\"url\":\"https:\\\/\\\/feda.org\\\/feda2k16\\\/\",\"logo\":{\"@type\":\"ImageObject\",\"inLanguage\":\"es\",\"@id\":\"https:\\\/\\\/feda.org\\\/feda2k16\\\/#\\\/schema\\\/logo\\\/image\\\/\",\"url\":\"https:\\\/\\\/feda.org\\\/feda2k16\\\/wp-content\\\/uploads\\\/NuevoLogo_FEDA_2016.png\",\"contentUrl\":\"https:\\\/\\\/feda.org\\\/feda2k16\\\/wp-content\\\/uploads\\\/NuevoLogo_FEDA_2016.png\",\"width\":600,\"height\":600,\"caption\":\"FEDA\"},\"image\":{\"@id\":\"https:\\\/\\\/feda.org\\\/feda2k16\\\/#\\\/schema\\\/logo\\\/image\\\/\"},\"sameAs\":[\"https:\\\/\\\/www.facebook.com\\\/federacionespanoladeajedrez\\\/\",\"https:\\\/\\\/x.com\\\/AjedrezEspanola\",\"https:\\\/\\\/www.instagram.com\\\/federacionespanolaajedrez\\\/?hl=es\",\"https:\\\/\\\/www.youtube.com\\\/@FederacionEspanoladeAjedrezFED\\\/featured\"]},{\"@type\":\"Person\",\"@id\":\"https:\\\/\\\/feda.org\\\/feda2k16\\\/#\\\/schema\\\/person\\\/6f81e48d83f6f1503890fdb658f2ff4e\",\"name\":\"Nacho\",\"url\":\"https:\\\/\\\/feda.org\\\/feda2k16\\\/author\\\/nacho\\\/\"}]}<\/script>\n<!-- \/ Yoast SEO plugin. -->","yoast_head_json":{"title":"Circular 14\/2017 - Convocatoria del Cto. de Espa\u00f1a por Selecciones Auton\u00f3micas Sub 14. Padr\u00f3n 2017 - FEDA","description":"FEDA, Federaci\u00f3n Espa\u00f1ola de Ajedrez, ajedrez madrid, federarse ajedrez, campeonato de Espa\u00f1a de ajedrez, ajedrez","robots":{"index":"index","follow":"follow","max-snippet":"max-snippet:-1","max-image-preview":"max-image-preview:large","max-video-preview":"max-video-preview:-1"},"canonical":"https:\/\/feda.org\/feda2k16\/circular-142017-convocatoria-del-cto-de-espana-por-selecciones-autonomicas-sub-14-padron-2017\/","og_locale":"es_ES","og_type":"article","og_title":"Circular 14\/2017 - Convocatoria del Cto. de Espa\u00f1a por Selecciones Auton\u00f3micas Sub 14. Padr\u00f3n 2017 - FEDA","og_description":"FEDA, Federaci\u00f3n Espa\u00f1ola de Ajedrez, ajedrez madrid, federarse ajedrez, campeonato de Espa\u00f1a de ajedrez, ajedrez","og_url":"https:\/\/feda.org\/feda2k16\/circular-142017-convocatoria-del-cto-de-espana-por-selecciones-autonomicas-sub-14-padron-2017\/","og_site_name":"FEDA","article_publisher":"https:\/\/www.facebook.com\/federacionespanoladeajedrez\/","article_published_time":"2017-05-23T08:32:44+00:00","author":"Nacho","twitter_card":"summary_large_image","twitter_creator":"@AjedrezEspanola","twitter_site":"@AjedrezEspanola","twitter_misc":{"Escrito por":"Nacho","Tiempo de lectura":"2 minutos"},"schema":{"@context":"https:\/\/schema.org","@graph":[{"@type":"Article","@id":"https:\/\/feda.org\/feda2k16\/circular-142017-convocatoria-del-cto-de-espana-por-selecciones-autonomicas-sub-14-padron-2017\/#article","isPartOf":{"@id":"https:\/\/feda.org\/feda2k16\/circular-142017-convocatoria-del-cto-de-espana-por-selecciones-autonomicas-sub-14-padron-2017\/"},"author":{"name":"Nacho","@id":"https:\/\/feda.org\/feda2k16\/#\/schema\/person\/6f81e48d83f6f1503890fdb658f2ff4e"},"headline":"Circular 14\/2017 &#8211; Convocatoria del Cto. de Espa\u00f1a por Selecciones Auton\u00f3micas Sub 14. Padr\u00f3n 2017","datePublished":"2017-05-23T08:32:44+00:00","mainEntityOfPage":{"@id":"https:\/\/feda.org\/feda2k16\/circular-142017-convocatoria-del-cto-de-espana-por-selecciones-autonomicas-sub-14-padron-2017\/"},"wordCount":378,"publisher":{"@id":"https:\/\/feda.org\/feda2k16\/#organization"},"articleSection":["2017"],"inLanguage":"es"},{"@type":"WebPage","@id":"https:\/\/feda.org\/feda2k16\/circular-142017-convocatoria-del-cto-de-espana-por-selecciones-autonomicas-sub-14-padron-2017\/","url":"https:\/\/feda.org\/feda2k16\/circular-142017-convocatoria-del-cto-de-espana-por-selecciones-autonomicas-sub-14-padron-2017\/","name":"Circular 14\/2017 - Convocatoria del Cto. de Espa\u00f1a por Selecciones Auton\u00f3micas Sub 14. Padr\u00f3n 2017 - FEDA","isPartOf":{"@id":"https:\/\/feda.org\/feda2k16\/#website"},"datePublished":"2017-05-23T08:32:44+00:00","description":"FEDA, Federaci\u00f3n Espa\u00f1ola de Ajedrez, ajedrez madrid, federarse ajedrez, campeonato de Espa\u00f1a de ajedrez, ajedrez","breadcrumb":{"@id":"https:\/\/feda.org\/feda2k16\/circular-142017-convocatoria-del-cto-de-espana-por-selecciones-autonomicas-sub-14-padron-2017\/#breadcrumb"},"inLanguage":"es","potentialAction":[{"@type":"ReadAction","target":["https:\/\/feda.org\/feda2k16\/circular-142017-convocatoria-del-cto-de-espana-por-selecciones-autonomicas-sub-14-padron-2017\/"]}]},{"@type":"BreadcrumbList","@id":"https:\/\/feda.org\/feda2k16\/circular-142017-convocatoria-del-cto-de-espana-por-selecciones-autonomicas-sub-14-padron-2017\/#breadcrumb","itemListElement":[{"@type":"ListItem","position":1,"name":"Portada","item":"https:\/\/feda.org\/feda2k16\/"},{"@type":"ListItem","position":2,"name":"Circular 14\/2017 &#8211; Convocatoria del Cto. de Espa\u00f1a por Selecciones Auton\u00f3micas Sub 14. Padr\u00f3n 2017"}]},{"@type":"WebSite","@id":"https:\/\/feda.org\/feda2k16\/#website","url":"https:\/\/feda.org\/feda2k16\/","name":"FEDA","description":"Federaci\u00f3n Espa\u00f1ola de Ajedrez","publisher":{"@id":"https:\/\/feda.org\/feda2k16\/#organization"},"alternateName":"Federaci\u00f3n Espa\u00f1ola de Ajedrez","potentialAction":[{"@type":"SearchAction","target":{"@type":"EntryPoint","urlTemplate":"https:\/\/feda.org\/feda2k16\/?s={search_term_string}"},"query-input":{"@type":"PropertyValueSpecification","valueRequired":true,"valueName":"search_term_string"}}],"inLanguage":"es"},{"@type":"Organization","@id":"https:\/\/feda.org\/feda2k16\/#organization","name":"FEDA","alternateName":"Federaci\u00f3n Espa\u00f1ola de Ajedrez","url":"https:\/\/feda.org\/feda2k16\/","logo":{"@type":"ImageObject","inLanguage":"es","@id":"https:\/\/feda.org\/feda2k16\/#\/schema\/logo\/image\/","url":"https:\/\/feda.org\/feda2k16\/wp-content\/uploads\/NuevoLogo_FEDA_2016.png","contentUrl":"https:\/\/feda.org\/feda2k16\/wp-content\/uploads\/NuevoLogo_FEDA_2016.png","width":600,"height":600,"caption":"FEDA"},"image":{"@id":"https:\/\/feda.org\/feda2k16\/#\/schema\/logo\/image\/"},"sameAs":["https:\/\/www.facebook.com\/federacionespanoladeajedrez\/","https:\/\/x.com\/AjedrezEspanola","https:\/\/www.instagram.com\/federacionespanolaajedrez\/?hl=es","https:\/\/www.youtube.com\/@FederacionEspanoladeAjedrezFED\/featured"]},{"@type":"Person","@id":"https:\/\/feda.org\/feda2k16\/#\/schema\/person\/6f81e48d83f6f1503890fdb658f2ff4e","name":"Nacho","url":"https:\/\/feda.org\/feda2k16\/author\/nacho\/"}]}},"_links":{"self":[{"href":"https:\/\/feda.org\/feda2k16\/wp-json\/wp\/v2\/posts\/12289","targetHints":{"allow":["GET"]}}],"collection":[{"href":"https:\/\/feda.org\/feda2k16\/wp-json\/wp\/v2\/posts"}],"about":[{"href":"https:\/\/feda.org\/feda2k16\/wp-json\/wp\/v2\/types\/post"}],"author":[{"embeddable":true,"href":"https:\/\/feda.org\/feda2k16\/wp-json\/wp\/v2\/users\/2"}],"replies":[{"embeddable":true,"href":"https:\/\/feda.org\/feda2k16\/wp-json\/wp\/v2\/comments?post=12289"}],"version-history":[{"count":2,"href":"https:\/\/feda.org\/feda2k16\/wp-json\/wp\/v2\/posts\/12289\/revisions"}],"predecessor-version":[{"id":12630,"href":"https:\/\/feda.org\/feda2k16\/wp-json\/wp\/v2\/posts\/12289\/revisions\/12630"}],"wp:attachment":[{"href":"https:\/\/feda.org\/feda2k16\/wp-json\/wp\/v2\/media?parent=12289"}],"wp:term":[{"taxonomy":"category","embeddable":true,"href":"https:\/\/feda.org\/feda2k16\/wp-json\/wp\/v2\/categories?post=12289"},{"taxonomy":"post_tag","embeddable":true,"href":"https:\/\/feda.org\/feda2k16\/wp-json\/wp\/v2\/tags?post=12289"}],"curies":[{"name":"wp","href":"https:\/\/api.w.org\/{rel}","templated":true}]}}