{"id":1290,"date":"2014-11-16T16:48:41","date_gmt":"2014-11-16T16:48:41","guid":{"rendered":"http:\/\/localhost:8888\/feda2k16\/?p=1290"},"modified":"2016-08-06T08:34:02","modified_gmt":"2016-08-06T08:34:02","slug":"circular-28-2014-convocatoria-seminario-arbitral-especial","status":"publish","type":"post","link":"https:\/\/feda.org\/feda2k16\/circular-28-2014-convocatoria-seminario-arbitral-especial\/","title":{"rendered":"Circular 28\/2014 &#8211; Convocatoria Seminario Arbitral Especial"},"content":{"rendered":"<p align=\"center\"> \t<strong>A TODAS LAS FEDERACIONES AUTONOMICAS Y ARBITROS AUTONOMICOS, FEDA Y FIDE<\/strong><\/p>\n<p align=\"center\"> \t<strong>Convocatoria Seminario Arbitral Especial. Programas de Emparejamientos<\/strong><\/p>\n<p align=\"center\"> \t<strong>Gran Hotel Bali (Benidorm), 29 y 30 de noviembre 2014<\/strong><\/p>\n<p> \t&nbsp;<\/p>\n<p> \t<a href=\"https:\/\/mega.co.nz\/#!XEMWXDKL!Z9iReQvRTknf1omQys4H2MAVNs8LcNYb-O6j4-DeRu0\">Descargar en PDF<\/a><\/p>\n<p> \t&nbsp;<\/p>\n<p> \tEl Comit\u00e9 T\u00e9cnico de \u00c1rbitros y la Direcci\u00f3n T\u00e9cnica de la FEDA convocan un Seminario arbitral especial, dedicado exclusivamente a la presentaci\u00f3n de los Programas de Emparejamientos <strong>Vega<\/strong> y <strong>Orion<\/strong> y del Servidor de Resultados.<\/p>\n<p> \t&nbsp;<\/p>\n<p> \tLos programas y el servidor se utilizar\u00e1n por la FEDA para todos los Campeonatos Oficiales a partir de 2015. Asimismo, se procurar\u00e1 su implantaci\u00f3n progresiva en los Campeonatos Auton\u00f3micos y Torneos que se celebren en el Estado Espa\u00f1ol.<\/p>\n<p> \t&nbsp;<\/p>\n<p> \tEn el Seminario se facilitar\u00e1n las instrucciones y manuales para usuarios de los programas, as\u00ed como la creaci\u00f3n de la Web de cada torneo y actualizaciones en el servidor de resultados.<\/p>\n<p> \t&nbsp;<\/p>\n<p> \tTambi\u00e9n se detallar\u00e1n las condiciones econ\u00f3micas y requisitos para el acceso a estas aplicaciones.<\/p>\n<p> \t&nbsp;<\/p>\n<p> \t<strong>Participaci\u00f3n:<\/strong><\/p>\n<p> \t&nbsp;<\/p>\n<p> \tAbierta a todos los \u00c1rbitros federados 2014, sea cual sea su categor\u00eda: Internacional, FIDE, Nacional o Auton\u00f3mico.<\/p>\n<p> \t&nbsp;<\/p>\n<p> \tSe recomienda tambi\u00e9n la asistencia de los responsables de los Comit\u00e9s T\u00e9cnicos de \u00c1rbitros de las Federaciones Auton\u00f3micas.<\/p>\n<p> \t&nbsp;<\/p>\n<p> \tEl Seminario se celebrar\u00e1 en el Gran Hotel Bali, c\/. Lu\u00eds Prendes 4, 03502 Benidorm (Alicante), dentro del programa de actividades del XIII Festival Internacional de Ajedrez. <a href=\"http:\/\/www.ajedrezenelbali.com\">www.ajedrezenelbali.com<\/a><\/p>\n<p> \t&nbsp;<\/p>\n<p> \t<strong>Calendario:<\/strong><\/p>\n<p> \t&nbsp;<\/p>\n<p> \t29 de noviembre. 11:00 h. Acreditaci\u00f3n de participantes<\/p>\n<p> \t29 de noviembre. De 12:00 h a 14:00 h. Sesi\u00f3n 1<\/p>\n<p> \t29 de noviembre. De 21:00 h a 23:00 h. Sesi\u00f3n 2<\/p>\n<p> \t30 de noviembre. De 11:00 h a 14:00 h. Sesi\u00f3n 3<\/p>\n<p> \t&nbsp;<\/p>\n<p> \t<u>Nota:<\/u><em>Los participantes que lo deseen, podr\u00e1n tomar parte en el VII Torneo Internacional nocturno de r\u00e1pidas (3\u2019 +2\u2019\u2019) del s\u00e1bado 29 a las 23:00 h, con inscripci\u00f3n gratuita.<\/em><\/p>\n<p> \t&nbsp;<\/p>\n<p> \t&nbsp;<\/p>\n<p> \t&nbsp;<\/p>\n<p> \t&nbsp;<\/p>\n<p> \t<strong>Inscripciones y Alojamiento:<\/strong><\/p>\n<p> \t&nbsp;<\/p>\n<p> \t<strong>Habitaci\u00f3n Individual. Pensi\u00f3n Completa en el Gran Hotel Bali: <\/strong><\/p>\n<p> \t52,00 \u20ac por persona y d\u00eda. IVA incluido. Incluye inscripci\u00f3n.<\/p>\n<p> \tOpciones:<\/p>\n<p> \tLlegada el viernes 28 con cena y salida el domingo 30 despu\u00e9s de comer: Precio Total 104,00 \u20ac.<\/p>\n<p> \tLlegada el s\u00e1bado 29 y salida el domingo 30 despu\u00e9s de comer: Precio total 59,00 \u20ac.<\/p>\n<p> \tLlegada el s\u00e1bado 29 y salida el domingo 30 antes de comer: Precio total 52,00 \u20ac.<\/p>\n<p> \t&nbsp;<\/p>\n<p> \t<strong>Habitaci\u00f3n Doble. Pensi\u00f3n Completa en el Gran Hotel Bali: <\/strong><\/p>\n<p> \t36,00 \u20ac por persona y d\u00eda. IVA incluido. Incluye inscripci\u00f3n.<\/p>\n<p> \tOpciones:<\/p>\n<p> \tLlegada el viernes 28 con cena y salida el domingo 30 despu\u00e9s de comer: Precio Total 72,00 \u20ac.<\/p>\n<p> \tLlegada el s\u00e1bado 29 y salida el domingo 30 despu\u00e9s de comer: Precio total 43,00 \u20ac.<\/p>\n<p> \tLlegada el s\u00e1bado 29 y salida el domingo 30 antes de comer: Precio total 36,00 \u20ac.<\/p>\n<p> \t&nbsp;<\/p>\n<p> \t<strong>No alojados en el Gran Hotel Bali:<\/strong><\/p>\n<p> \tCuota de inscripci\u00f3n al Seminario: 35,00 \u20ac<\/p>\n<p> \t&nbsp;<\/p>\n<p> \tTodas las inscripciones y reservas deber\u00e1n efectuarse a la FEDA, por e-mail a <a href=\"mailto:feda@feda.org\"><strong>feda@feda.org<\/strong><\/a>indicando claramente nombre, apellidos, tel\u00e9fono, categor\u00eda y Federaci\u00f3n Auton\u00f3mica.<\/p>\n<p> \t&nbsp;<\/p>\n<p> \tDeber\u00e1 indicarse la opci\u00f3n de alojamiento que se desea y adjuntar copia del pago realizado a la siguiente cuenta de la FEDA:<\/p>\n<p> \t&nbsp;<\/p>\n<p> \tIBERCAJA. IBAN&nbsp;&nbsp;&nbsp;&nbsp; <strong>ES50<\/strong> <strong>2085 8024 9503 0002 5965<\/strong><\/p>\n<p> \t&nbsp;<\/p>\n<p> \t<strong><u>Plazo:<\/u><\/strong><strong>Hasta el 25 de noviembre de 2014<\/strong><\/p>\n<p> \t&nbsp;<\/p>\n<p> \tEn Madrid, a 14 de noviembre de 2014<\/p>\n<p> \t&nbsp;<\/p>\n<p> \tRam\u00f3n Padull\u00e9s Argerich<br \/> \tSecretario General &nbsp; &nbsp; &nbsp; &nbsp; &nbsp; &nbsp; &nbsp; &nbsp; &nbsp; &nbsp; &nbsp; &nbsp; &nbsp; &nbsp; &nbsp; &nbsp; &nbsp; &nbsp; &nbsp; &nbsp; &nbsp; &nbsp; &nbsp; &nbsp; &nbsp; &nbsp; &nbsp; &nbsp; &nbsp; &nbsp; &nbsp; &nbsp; &nbsp; &nbsp; &nbsp; &nbsp; &nbsp; &nbsp; &nbsp; &nbsp;&nbsp;<\/p>\n","protected":false},"excerpt":{"rendered":"<p>A TODAS LAS FEDERACIONES AUTONOMICAS Y ARBITROS AUTONOMICOS, FEDA Y FIDE Convocatoria Seminario Arbitral Especial. Programas de Emparejamientos Gran Hotel Bali (Benidorm), 29 y 30 de noviembre 2014 &nbsp; Descargar en PDF &nbsp; El Comit\u00e9 T\u00e9cnico de \u00c1rbitros y la Direcci\u00f3n T\u00e9cnica de la FEDA convocan un Seminario arbitral especial, dedicado exclusivamente a la presentaci\u00f3n [&hellip;]<\/p>\n","protected":false},"author":1,"featured_media":0,"comment_status":"closed","ping_status":"closed","sticky":false,"template":"","format":"standard","meta":{"footnotes":""},"categories":[38],"tags":[],"class_list":["post-1290","post","type-post","status-publish","format-standard","hentry","category-38"],"yoast_head":"<!-- This site is optimized with the Yoast SEO plugin v27.4 - https:\/\/yoast.com\/product\/yoast-seo-wordpress\/ -->\n<title>Circular 28\/2014 - Convocatoria Seminario Arbitral Especial - FEDA<\/title>\n<meta name=\"description\" content=\"FEDA, Federaci\u00f3n Espa\u00f1ola de Ajedrez, ajedrez madrid, federarse ajedrez, campeonato de Espa\u00f1a de ajedrez, ajedrez\" \/>\n<meta name=\"robots\" content=\"index, follow, max-snippet:-1, max-image-preview:large, max-video-preview:-1\" \/>\n<link rel=\"canonical\" href=\"https:\/\/feda.org\/feda2k16\/circular-28-2014-convocatoria-seminario-arbitral-especial\/\" \/>\n<meta property=\"og:locale\" content=\"es_ES\" \/>\n<meta property=\"og:type\" content=\"article\" \/>\n<meta property=\"og:title\" content=\"Circular 28\/2014 - Convocatoria Seminario Arbitral Especial - FEDA\" \/>\n<meta property=\"og:description\" content=\"FEDA, Federaci\u00f3n Espa\u00f1ola de Ajedrez, ajedrez madrid, federarse ajedrez, campeonato de Espa\u00f1a de ajedrez, ajedrez\" \/>\n<meta property=\"og:url\" content=\"https:\/\/feda.org\/feda2k16\/circular-28-2014-convocatoria-seminario-arbitral-especial\/\" \/>\n<meta property=\"og:site_name\" content=\"FEDA\" \/>\n<meta property=\"article:publisher\" content=\"https:\/\/www.facebook.com\/federacionespanoladeajedrez\/\" \/>\n<meta property=\"article:published_time\" content=\"2014-11-16T16:48:41+00:00\" \/>\n<meta property=\"article:modified_time\" content=\"2016-08-06T08:34:02+00:00\" \/>\n<meta name=\"author\" content=\"feda2k16\" \/>\n<meta name=\"twitter:card\" content=\"summary_large_image\" \/>\n<meta name=\"twitter:creator\" content=\"@AjedrezEspanola\" \/>\n<meta name=\"twitter:site\" content=\"@AjedrezEspanola\" \/>\n<meta name=\"twitter:label1\" content=\"Escrito por\" \/>\n\t<meta name=\"twitter:data1\" content=\"feda2k16\" \/>\n\t<meta name=\"twitter:label2\" content=\"Tiempo de lectura\" \/>\n\t<meta name=\"twitter:data2\" content=\"3 minutos\" \/>\n<script type=\"application\/ld+json\" class=\"yoast-schema-graph\">{\"@context\":\"https:\\\/\\\/schema.org\",\"@graph\":[{\"@type\":\"Article\",\"@id\":\"https:\\\/\\\/feda.org\\\/feda2k16\\\/circular-28-2014-convocatoria-seminario-arbitral-especial\\\/#article\",\"isPartOf\":{\"@id\":\"https:\\\/\\\/feda.org\\\/feda2k16\\\/circular-28-2014-convocatoria-seminario-arbitral-especial\\\/\"},\"author\":{\"name\":\"feda2k16\",\"@id\":\"https:\\\/\\\/feda.org\\\/feda2k16\\\/#\\\/schema\\\/person\\\/80aa48a4dc5c6ea03ca1dbf21ce423da\"},\"headline\":\"Circular 28\\\/2014 &#8211; Convocatoria Seminario Arbitral Especial\",\"datePublished\":\"2014-11-16T16:48:41+00:00\",\"dateModified\":\"2016-08-06T08:34:02+00:00\",\"mainEntityOfPage\":{\"@id\":\"https:\\\/\\\/feda.org\\\/feda2k16\\\/circular-28-2014-convocatoria-seminario-arbitral-especial\\\/\"},\"wordCount\":585,\"publisher\":{\"@id\":\"https:\\\/\\\/feda.org\\\/feda2k16\\\/#organization\"},\"articleSection\":[\"2014\"],\"inLanguage\":\"es\"},{\"@type\":\"WebPage\",\"@id\":\"https:\\\/\\\/feda.org\\\/feda2k16\\\/circular-28-2014-convocatoria-seminario-arbitral-especial\\\/\",\"url\":\"https:\\\/\\\/feda.org\\\/feda2k16\\\/circular-28-2014-convocatoria-seminario-arbitral-especial\\\/\",\"name\":\"Circular 28\\\/2014 - Convocatoria Seminario Arbitral Especial - FEDA\",\"isPartOf\":{\"@id\":\"https:\\\/\\\/feda.org\\\/feda2k16\\\/#website\"},\"datePublished\":\"2014-11-16T16:48:41+00:00\",\"dateModified\":\"2016-08-06T08:34:02+00:00\",\"description\":\"FEDA, Federaci\u00f3n Espa\u00f1ola de Ajedrez, ajedrez madrid, federarse ajedrez, campeonato de Espa\u00f1a de ajedrez, ajedrez\",\"breadcrumb\":{\"@id\":\"https:\\\/\\\/feda.org\\\/feda2k16\\\/circular-28-2014-convocatoria-seminario-arbitral-especial\\\/#breadcrumb\"},\"inLanguage\":\"es\",\"potentialAction\":[{\"@type\":\"ReadAction\",\"target\":[\"https:\\\/\\\/feda.org\\\/feda2k16\\\/circular-28-2014-convocatoria-seminario-arbitral-especial\\\/\"]}]},{\"@type\":\"BreadcrumbList\",\"@id\":\"https:\\\/\\\/feda.org\\\/feda2k16\\\/circular-28-2014-convocatoria-seminario-arbitral-especial\\\/#breadcrumb\",\"itemListElement\":[{\"@type\":\"ListItem\",\"position\":1,\"name\":\"Portada\",\"item\":\"https:\\\/\\\/feda.org\\\/feda2k16\\\/\"},{\"@type\":\"ListItem\",\"position\":2,\"name\":\"Circular 28\\\/2014 &#8211; Convocatoria Seminario Arbitral Especial\"}]},{\"@type\":\"WebSite\",\"@id\":\"https:\\\/\\\/feda.org\\\/feda2k16\\\/#website\",\"url\":\"https:\\\/\\\/feda.org\\\/feda2k16\\\/\",\"name\":\"FEDA\",\"description\":\"Federaci\u00f3n Espa\u00f1ola de Ajedrez\",\"publisher\":{\"@id\":\"https:\\\/\\\/feda.org\\\/feda2k16\\\/#organization\"},\"alternateName\":\"Federaci\u00f3n Espa\u00f1ola de Ajedrez\",\"potentialAction\":[{\"@type\":\"SearchAction\",\"target\":{\"@type\":\"EntryPoint\",\"urlTemplate\":\"https:\\\/\\\/feda.org\\\/feda2k16\\\/?s={search_term_string}\"},\"query-input\":{\"@type\":\"PropertyValueSpecification\",\"valueRequired\":true,\"valueName\":\"search_term_string\"}}],\"inLanguage\":\"es\"},{\"@type\":\"Organization\",\"@id\":\"https:\\\/\\\/feda.org\\\/feda2k16\\\/#organization\",\"name\":\"FEDA\",\"alternateName\":\"Federaci\u00f3n Espa\u00f1ola de Ajedrez\",\"url\":\"https:\\\/\\\/feda.org\\\/feda2k16\\\/\",\"logo\":{\"@type\":\"ImageObject\",\"inLanguage\":\"es\",\"@id\":\"https:\\\/\\\/feda.org\\\/feda2k16\\\/#\\\/schema\\\/logo\\\/image\\\/\",\"url\":\"https:\\\/\\\/feda.org\\\/feda2k16\\\/wp-content\\\/uploads\\\/NuevoLogo_FEDA_2016.png\",\"contentUrl\":\"https:\\\/\\\/feda.org\\\/feda2k16\\\/wp-content\\\/uploads\\\/NuevoLogo_FEDA_2016.png\",\"width\":600,\"height\":600,\"caption\":\"FEDA\"},\"image\":{\"@id\":\"https:\\\/\\\/feda.org\\\/feda2k16\\\/#\\\/schema\\\/logo\\\/image\\\/\"},\"sameAs\":[\"https:\\\/\\\/www.facebook.com\\\/federacionespanoladeajedrez\\\/\",\"https:\\\/\\\/x.com\\\/AjedrezEspanola\",\"https:\\\/\\\/www.instagram.com\\\/federacionespanolaajedrez\\\/?hl=es\",\"https:\\\/\\\/www.youtube.com\\\/@FederacionEspanoladeAjedrezFED\\\/featured\"]},{\"@type\":\"Person\",\"@id\":\"https:\\\/\\\/feda.org\\\/feda2k16\\\/#\\\/schema\\\/person\\\/80aa48a4dc5c6ea03ca1dbf21ce423da\",\"name\":\"feda2k16\",\"url\":\"https:\\\/\\\/feda.org\\\/feda2k16\\\/author\\\/feda2k16\\\/\"}]}<\/script>\n<!-- \/ Yoast SEO plugin. -->","yoast_head_json":{"title":"Circular 28\/2014 - Convocatoria Seminario Arbitral Especial - FEDA","description":"FEDA, Federaci\u00f3n Espa\u00f1ola de Ajedrez, ajedrez madrid, federarse ajedrez, campeonato de Espa\u00f1a de ajedrez, ajedrez","robots":{"index":"index","follow":"follow","max-snippet":"max-snippet:-1","max-image-preview":"max-image-preview:large","max-video-preview":"max-video-preview:-1"},"canonical":"https:\/\/feda.org\/feda2k16\/circular-28-2014-convocatoria-seminario-arbitral-especial\/","og_locale":"es_ES","og_type":"article","og_title":"Circular 28\/2014 - Convocatoria Seminario Arbitral Especial - FEDA","og_description":"FEDA, Federaci\u00f3n Espa\u00f1ola de Ajedrez, ajedrez madrid, federarse ajedrez, campeonato de Espa\u00f1a de ajedrez, ajedrez","og_url":"https:\/\/feda.org\/feda2k16\/circular-28-2014-convocatoria-seminario-arbitral-especial\/","og_site_name":"FEDA","article_publisher":"https:\/\/www.facebook.com\/federacionespanoladeajedrez\/","article_published_time":"2014-11-16T16:48:41+00:00","article_modified_time":"2016-08-06T08:34:02+00:00","author":"feda2k16","twitter_card":"summary_large_image","twitter_creator":"@AjedrezEspanola","twitter_site":"@AjedrezEspanola","twitter_misc":{"Escrito por":"feda2k16","Tiempo de lectura":"3 minutos"},"schema":{"@context":"https:\/\/schema.org","@graph":[{"@type":"Article","@id":"https:\/\/feda.org\/feda2k16\/circular-28-2014-convocatoria-seminario-arbitral-especial\/#article","isPartOf":{"@id":"https:\/\/feda.org\/feda2k16\/circular-28-2014-convocatoria-seminario-arbitral-especial\/"},"author":{"name":"feda2k16","@id":"https:\/\/feda.org\/feda2k16\/#\/schema\/person\/80aa48a4dc5c6ea03ca1dbf21ce423da"},"headline":"Circular 28\/2014 &#8211; Convocatoria Seminario Arbitral Especial","datePublished":"2014-11-16T16:48:41+00:00","dateModified":"2016-08-06T08:34:02+00:00","mainEntityOfPage":{"@id":"https:\/\/feda.org\/feda2k16\/circular-28-2014-convocatoria-seminario-arbitral-especial\/"},"wordCount":585,"publisher":{"@id":"https:\/\/feda.org\/feda2k16\/#organization"},"articleSection":["2014"],"inLanguage":"es"},{"@type":"WebPage","@id":"https:\/\/feda.org\/feda2k16\/circular-28-2014-convocatoria-seminario-arbitral-especial\/","url":"https:\/\/feda.org\/feda2k16\/circular-28-2014-convocatoria-seminario-arbitral-especial\/","name":"Circular 28\/2014 - Convocatoria Seminario Arbitral Especial - FEDA","isPartOf":{"@id":"https:\/\/feda.org\/feda2k16\/#website"},"datePublished":"2014-11-16T16:48:41+00:00","dateModified":"2016-08-06T08:34:02+00:00","description":"FEDA, Federaci\u00f3n Espa\u00f1ola de Ajedrez, ajedrez madrid, federarse ajedrez, campeonato de Espa\u00f1a de ajedrez, ajedrez","breadcrumb":{"@id":"https:\/\/feda.org\/feda2k16\/circular-28-2014-convocatoria-seminario-arbitral-especial\/#breadcrumb"},"inLanguage":"es","potentialAction":[{"@type":"ReadAction","target":["https:\/\/feda.org\/feda2k16\/circular-28-2014-convocatoria-seminario-arbitral-especial\/"]}]},{"@type":"BreadcrumbList","@id":"https:\/\/feda.org\/feda2k16\/circular-28-2014-convocatoria-seminario-arbitral-especial\/#breadcrumb","itemListElement":[{"@type":"ListItem","position":1,"name":"Portada","item":"https:\/\/feda.org\/feda2k16\/"},{"@type":"ListItem","position":2,"name":"Circular 28\/2014 &#8211; Convocatoria Seminario Arbitral Especial"}]},{"@type":"WebSite","@id":"https:\/\/feda.org\/feda2k16\/#website","url":"https:\/\/feda.org\/feda2k16\/","name":"FEDA","description":"Federaci\u00f3n Espa\u00f1ola de Ajedrez","publisher":{"@id":"https:\/\/feda.org\/feda2k16\/#organization"},"alternateName":"Federaci\u00f3n Espa\u00f1ola de Ajedrez","potentialAction":[{"@type":"SearchAction","target":{"@type":"EntryPoint","urlTemplate":"https:\/\/feda.org\/feda2k16\/?s={search_term_string}"},"query-input":{"@type":"PropertyValueSpecification","valueRequired":true,"valueName":"search_term_string"}}],"inLanguage":"es"},{"@type":"Organization","@id":"https:\/\/feda.org\/feda2k16\/#organization","name":"FEDA","alternateName":"Federaci\u00f3n Espa\u00f1ola de Ajedrez","url":"https:\/\/feda.org\/feda2k16\/","logo":{"@type":"ImageObject","inLanguage":"es","@id":"https:\/\/feda.org\/feda2k16\/#\/schema\/logo\/image\/","url":"https:\/\/feda.org\/feda2k16\/wp-content\/uploads\/NuevoLogo_FEDA_2016.png","contentUrl":"https:\/\/feda.org\/feda2k16\/wp-content\/uploads\/NuevoLogo_FEDA_2016.png","width":600,"height":600,"caption":"FEDA"},"image":{"@id":"https:\/\/feda.org\/feda2k16\/#\/schema\/logo\/image\/"},"sameAs":["https:\/\/www.facebook.com\/federacionespanoladeajedrez\/","https:\/\/x.com\/AjedrezEspanola","https:\/\/www.instagram.com\/federacionespanolaajedrez\/?hl=es","https:\/\/www.youtube.com\/@FederacionEspanoladeAjedrezFED\/featured"]},{"@type":"Person","@id":"https:\/\/feda.org\/feda2k16\/#\/schema\/person\/80aa48a4dc5c6ea03ca1dbf21ce423da","name":"feda2k16","url":"https:\/\/feda.org\/feda2k16\/author\/feda2k16\/"}]}},"_links":{"self":[{"href":"https:\/\/feda.org\/feda2k16\/wp-json\/wp\/v2\/posts\/1290","targetHints":{"allow":["GET"]}}],"collection":[{"href":"https:\/\/feda.org\/feda2k16\/wp-json\/wp\/v2\/posts"}],"about":[{"href":"https:\/\/feda.org\/feda2k16\/wp-json\/wp\/v2\/types\/post"}],"author":[{"embeddable":true,"href":"https:\/\/feda.org\/feda2k16\/wp-json\/wp\/v2\/users\/1"}],"replies":[{"embeddable":true,"href":"https:\/\/feda.org\/feda2k16\/wp-json\/wp\/v2\/comments?post=1290"}],"version-history":[{"count":1,"href":"https:\/\/feda.org\/feda2k16\/wp-json\/wp\/v2\/posts\/1290\/revisions"}],"predecessor-version":[{"id":2947,"href":"https:\/\/feda.org\/feda2k16\/wp-json\/wp\/v2\/posts\/1290\/revisions\/2947"}],"wp:attachment":[{"href":"https:\/\/feda.org\/feda2k16\/wp-json\/wp\/v2\/media?parent=1290"}],"wp:term":[{"taxonomy":"category","embeddable":true,"href":"https:\/\/feda.org\/feda2k16\/wp-json\/wp\/v2\/categories?post=1290"},{"taxonomy":"post_tag","embeddable":true,"href":"https:\/\/feda.org\/feda2k16\/wp-json\/wp\/v2\/tags?post=1290"}],"curies":[{"name":"wp","href":"https:\/\/api.w.org\/{rel}","templated":true}]}}