{"id":1379,"date":"2015-01-26T15:35:28","date_gmt":"2015-01-26T15:35:28","guid":{"rendered":"http:\/\/localhost:8888\/feda2k16\/?p=1379"},"modified":"2019-07-31T10:59:44","modified_gmt":"2019-07-31T10:59:44","slug":"historial-campeonato-de-espana-rapido-sub-10-a-sub-18","status":"publish","type":"post","link":"https:\/\/feda.org\/feda2k16\/historial-campeonato-de-espana-rapido-sub-10-a-sub-18\/","title":{"rendered":"Historial Campeonato de Espa\u00f1a R\u00e1pido Sub-10 a Sub-18"},"content":{"rendered":"<p style=\"text-align: center;\">\n<table class=\"aligncenter\" style=\"width: 425px;\" border=\"1\" width=\"425\" cellspacing=\"0\" cellpadding=\"0\">\n<tbody>\n<tr style=\"height: 20px;\">\n<td style=\"width: 425px; height: 20px;\" colspan=\"3\" nowrap=\"nowrap\">\n<p style=\"text-align: center;\"><strong>Sub-10<\/strong><\/p>\n<\/td>\n<\/tr>\n<tr style=\"height: 20px;\">\n<td style=\"width: 58px; height: 20px;\" nowrap=\"nowrap\">\n<p style=\"text-align: center;\"><strong>A\u00d1O<\/strong><\/p>\n<\/td>\n<td style=\"width: 124px; height: 20px;\" nowrap=\"nowrap\">\n<p style=\"text-align: center;\"><strong>LUGAR<\/strong><\/p>\n<\/td>\n<td style=\"width: 243px; height: 20px;\" nowrap=\"nowrap\">\n<p style=\"text-align: center;\"><strong>CAMPEON\/A<\/strong><\/p>\n<\/td>\n<\/tr>\n<tr style=\"height: 20px;\">\n<td style=\"width: 58px; height: 40px;\" rowspan=\"2\" nowrap=\"nowrap\">\n<p style=\"text-align: center;\">2013<\/p>\n<\/td>\n<td style=\"width: 124px; height: 40px;\" rowspan=\"2\" nowrap=\"nowrap\">\n<p style=\"text-align: center;\">Salobre\u00f1a<\/p>\n<\/td>\n<td style=\"width: 243px; height: 20px;\" nowrap=\"nowrap\">\n<p style=\"text-align: center;\">Daniel Sanz Wawer<\/p>\n<\/td>\n<\/tr>\n<tr style=\"height: 20px;\">\n<td style=\"width: 243px; height: 20px;\" nowrap=\"nowrap\">\n<p style=\"text-align: center;\">Mar\u00eda Eizaguerri Floris<\/p>\n<\/td>\n<\/tr>\n<tr style=\"height: 20px;\">\n<td style=\"width: 58px; height: 40px;\" rowspan=\"2\" nowrap=\"nowrap\">\n<p style=\"text-align: center;\">2014<\/p>\n<\/td>\n<td style=\"width: 124px; height: 40px;\" rowspan=\"2\" nowrap=\"nowrap\">\n<p style=\"text-align: center;\">Salobre\u00f1a<\/p>\n<\/td>\n<td style=\"width: 243px; height: 20px;\" nowrap=\"nowrap\">\n<p style=\"text-align: center;\">Pedro Antonio Gines Esteo<\/p>\n<\/td>\n<\/tr>\n<tr style=\"height: 20px;\">\n<td style=\"width: 243px; height: 20px;\" nowrap=\"nowrap\">\n<p style=\"text-align: center;\">Mar\u00eda Eizaguerri Floris<\/p>\n<\/td>\n<\/tr>\n<tr style=\"height: 20px;\">\n<td style=\"width: 58px; height: 40px;\" rowspan=\"2\" nowrap=\"nowrap\">\n<p style=\"text-align: center;\">2015<\/p>\n<\/td>\n<td style=\"width: 124px; height: 40px;\" rowspan=\"2\" nowrap=\"nowrap\">\n<p style=\"text-align: center;\">Salobre\u00f1a<\/p>\n<\/td>\n<td style=\"width: 243px; height: 20px;\" nowrap=\"nowrap\">\n<p style=\"text-align: center;\">Lin Yingrui<\/p>\n<\/td>\n<\/tr>\n<tr style=\"height: 20px;\">\n<td style=\"width: 243px; height: 20px;\" nowrap=\"nowrap\">\n<p style=\"text-align: center;\">Leyre Abrisqueta Zudaire<\/p>\n<\/td>\n<\/tr>\n<tr style=\"height: 20.6667px;\">\n<td style=\"width: 58px; height: 40.6667px;\" rowspan=\"2\" nowrap=\"nowrap\">\n<p style=\"text-align: center;\">2016<\/p>\n<\/td>\n<td style=\"width: 124px; height: 40.6667px;\" rowspan=\"2\" nowrap=\"nowrap\">\n<p style=\"text-align: center;\">Salobre\u00f1a<\/p>\n<\/td>\n<td style=\"width: 243px; height: 20.6667px;\" nowrap=\"nowrap\">\n<p style=\"text-align: center;\">Ernesto Garrido D\u00edaz<\/p>\n<\/td>\n<\/tr>\n<tr style=\"height: 20px;\">\n<td style=\"width: 243px; height: 20px;\" nowrap=\"nowrap\">\n<p style=\"text-align: center;\">Aitana Portero Bravo<\/p>\n<\/td>\n<\/tr>\n<tr style=\"height: 20.6667px;\">\n<td style=\"width: 58px; height: 40.6667px;\" rowspan=\"2\" nowrap=\"nowrap\">\n<p style=\"text-align: center;\">2017<\/p>\n<\/td>\n<td style=\"width: 124px; height: 40.6667px;\" rowspan=\"2\" nowrap=\"nowrap\">\n<p style=\"text-align: center;\">Salobre\u00f1a<\/p>\n<\/td>\n<td style=\"width: 243px; height: 20.6667px;\" nowrap=\"nowrap\">\n<p style=\"text-align: center;\">Manuel Ermachenko<\/p>\n<\/td>\n<\/tr>\n<tr style=\"height: 20px;\">\n<td style=\"width: 243px; height: 20px;\" nowrap=\"nowrap\">\n<p style=\"text-align: center;\">Nerea Cereijo Su\u00e1rez<\/p>\n<\/td>\n<\/tr>\n<tr>\n<td style=\"width: 58px;\" rowspan=\"2\">\n<p style=\"text-align: center;\">2018<\/p>\n<\/td>\n<td style=\"width: 124px;\" rowspan=\"2\">\n<p style=\"text-align: center;\">Salobre\u00f1a<\/p>\n<\/td>\n<td style=\"width: 243px;\">\n<p style=\"text-align: center;\">Javier Habans Aguerrea<\/p>\n<\/td>\n<\/tr>\n<tr>\n<td style=\"width: 243px;\">\n<p style=\"text-align: center;\">Marien Bagues Castro<\/p>\n<\/td>\n<\/tr>\n<tr>\n<td style=\"width: 58px;\" rowspan=\"2\">\n<p style=\"text-align: center;\">2019<\/p>\n<\/td>\n<td style=\"width: 124px; text-align: center; vertical-align: middle;\" rowspan=\"2\">\n<p style=\"text-align: center;\">Salobre\u00f1a<\/p>\n<\/td>\n<td style=\"width: 243px;\">\n<p style=\"text-align: center;\">Daniel Salinas Tom\u00e1s<\/p>\n<\/td>\n<\/tr>\n<tr>\n<td style=\"width: 243px;\">\n<p style=\"text-align: center;\">Elena Rodr\u00edguez Canovas<\/p>\n<\/td>\n<\/tr>\n<\/tbody>\n<\/table>\n<p style=\"text-align: center;\">\n<table class=\"aligncenter\" style=\"width: 426px;\" border=\"1\" width=\"426\" cellspacing=\"0\" cellpadding=\"0\">\n<tbody>\n<tr>\n<td style=\"width: 426px; height: 20px;\" colspan=\"3\" nowrap=\"nowrap\">\n<p style=\"text-align: center;\"><strong>Sub-12<\/strong><\/p>\n<\/td>\n<\/tr>\n<tr>\n<td style=\"width: 59px; height: 20px;\" nowrap=\"nowrap\">\n<p style=\"text-align: center;\"><strong>A\u00d1O<\/strong><\/p>\n<\/td>\n<td style=\"width: 121px; height: 20px;\" nowrap=\"nowrap\">\n<p style=\"text-align: center;\"><strong>LUGAR<\/strong><\/p>\n<\/td>\n<td style=\"width: 246px; height: 20px;\" nowrap=\"nowrap\">\n<p style=\"text-align: center;\"><strong>CAMPEON\/A<\/strong><\/p>\n<\/td>\n<\/tr>\n<tr>\n<td style=\"width: 59px; height: 20px;\" rowspan=\"2\" nowrap=\"nowrap\">\n<p style=\"text-align: center;\">2013<\/p>\n<\/td>\n<td style=\"width: 121px; height: 20px;\" rowspan=\"2\" nowrap=\"nowrap\">\n<p style=\"text-align: center;\">Salobre\u00f1a<\/p>\n<\/td>\n<td style=\"width: 246px; height: 20px;\" nowrap=\"nowrap\">\n<p style=\"text-align: center;\">Francisco Orantes Taboada<\/p>\n<\/td>\n<\/tr>\n<tr>\n<td style=\"width: 246px; height: 20px;\" nowrap=\"nowrap\">\n<p style=\"text-align: center;\">Maider Quintana P\u00e9rez<\/p>\n<\/td>\n<\/tr>\n<tr>\n<td style=\"width: 59px; height: 20px;\" rowspan=\"2\" nowrap=\"nowrap\">\n<p style=\"text-align: center;\">2014<\/p>\n<\/td>\n<td style=\"width: 121px; height: 20px;\" rowspan=\"2\" nowrap=\"nowrap\">\n<p style=\"text-align: center;\">Salobre\u00f1a<\/p>\n<\/td>\n<td style=\"width: 246px; height: 20px;\" nowrap=\"nowrap\">\n<p style=\"text-align: center;\">Lance Henderson de La Fuente<\/p>\n<\/td>\n<\/tr>\n<tr>\n<td style=\"width: 246px; height: 20px;\" nowrap=\"nowrap\">\n<p style=\"text-align: center;\">Cecilia Guillo Longares<\/p>\n<\/td>\n<\/tr>\n<tr>\n<td style=\"width: 59px; height: 20px;\" rowspan=\"2\" nowrap=\"nowrap\">\n<p style=\"text-align: center;\">2015<\/p>\n<\/td>\n<td style=\"width: 121px; height: 20px;\" rowspan=\"2\" nowrap=\"nowrap\">\n<p style=\"text-align: center;\">Salobre\u00f1a<\/p>\n<\/td>\n<td style=\"width: 246px; height: 20px;\" nowrap=\"nowrap\">\n<p style=\"text-align: center;\">Miguel Soto Martin<\/p>\n<\/td>\n<\/tr>\n<tr>\n<td style=\"width: 246px; height: 20px;\" nowrap=\"nowrap\">\n<p style=\"text-align: center;\">Deva Est\u00e9vez Sacrist\u00e1n<\/p>\n<\/td>\n<\/tr>\n<tr>\n<td style=\"width: 59px; height: 20px;\" rowspan=\"2\" nowrap=\"nowrap\">\n<p style=\"text-align: center;\">2016<\/p>\n<\/td>\n<td style=\"width: 121px; height: 20px;\" rowspan=\"2\" nowrap=\"nowrap\">\n<p style=\"text-align: center;\">Salobre\u00f1a<\/p>\n<\/td>\n<td style=\"width: 246px; height: 20px;\" nowrap=\"nowrap\">\n<p style=\"text-align: center;\">Lin Yingrui<\/p>\n<\/td>\n<\/tr>\n<tr>\n<td style=\"width: 246px; height: 20px;\" nowrap=\"nowrap\">\n<p style=\"text-align: center;\">Cecilia Guillo Longares<\/p>\n<\/td>\n<\/tr>\n<tr>\n<td style=\"width: 59px; height: 20px;\" rowspan=\"2\" nowrap=\"nowrap\">\n<p style=\"text-align: center;\">2017<\/p>\n<\/td>\n<td style=\"width: 121px; height: 20px;\" rowspan=\"2\" nowrap=\"nowrap\">\n<p style=\"text-align: center;\">Salobre\u00f1a<\/p>\n<\/td>\n<td style=\"width: 246px; height: 20px;\" nowrap=\"nowrap\">\n<p style=\"text-align: center;\">Ciro Revaliente Montoya<\/p>\n<\/td>\n<\/tr>\n<tr>\n<td style=\"width: 246px; height: 20px;\" nowrap=\"nowrap\">\n<p style=\"text-align: center;\">Lulu Zhou<\/p>\n<\/td>\n<\/tr>\n<tr>\n<td style=\"width: 59px;\" rowspan=\"2\">\n<p style=\"text-align: center;\">2018<\/p>\n<\/td>\n<td style=\"width: 121px;\" rowspan=\"2\">\n<p style=\"text-align: center;\">Salobre\u00f1a<\/p>\n<\/td>\n<td style=\"width: 246px;\">\n<p style=\"text-align: center;\">V\u00edctor Moreno Oller<\/p>\n<\/td>\n<\/tr>\n<tr>\n<td style=\"width: 246px;\">\n<p style=\"text-align: center;\">Arami Lobo Pereira<\/p>\n<\/td>\n<\/tr>\n<tr>\n<td style=\"width: 59px;\" rowspan=\"2\">\n<p style=\"text-align: center;\">2019<\/p>\n<\/td>\n<td style=\"width: 121px; text-align: center; vertical-align: middle;\" rowspan=\"2\">Salobre\u00f1a<\/td>\n<td style=\"width: 246px;\">\n<p style=\"text-align: center;\">Javier Habans Aguerrea<\/p>\n<\/td>\n<\/tr>\n<tr>\n<td style=\"width: 246px;\">\n<p style=\"text-align: center;\">\u00c1ngela Ivorra Ivorra<\/p>\n<\/td>\n<\/tr>\n<\/tbody>\n<\/table>\n<p style=\"text-align: center;\">\n<table class=\"aligncenter\" style=\"width: 426px;\" border=\"1\" width=\"426\" cellspacing=\"0\" cellpadding=\"0\">\n<tbody>\n<tr style=\"height: 20px;\">\n<td style=\"width: 426px; height: 20px;\" colspan=\"3\" nowrap=\"nowrap\">\n<p style=\"text-align: center;\"><strong>Sub-14<\/strong><\/p>\n<\/td>\n<\/tr>\n<tr style=\"height: 20px;\">\n<td style=\"width: 54px; height: 20px;\" nowrap=\"nowrap\">\n<p style=\"text-align: center;\"><strong>A\u00d1O<\/strong><\/p>\n<\/td>\n<td style=\"width: 126px; height: 20px;\" nowrap=\"nowrap\">\n<p style=\"text-align: center;\"><strong>LUGAR<\/strong><\/p>\n<\/td>\n<td style=\"width: 246px; height: 20px;\" nowrap=\"nowrap\">\n<p style=\"text-align: center;\"><strong>CAMPEON\/A<\/strong><\/p>\n<\/td>\n<\/tr>\n<tr style=\"height: 20px;\">\n<td style=\"width: 54px; height: 40px;\" rowspan=\"2\" nowrap=\"nowrap\">\n<p style=\"text-align: center;\">2013<\/p>\n<\/td>\n<td style=\"width: 126px; height: 40px;\" rowspan=\"2\" nowrap=\"nowrap\">\n<p style=\"text-align: center;\">Salobre\u00f1a<\/p>\n<\/td>\n<td style=\"width: 246px; height: 20px;\" nowrap=\"nowrap\">\n<p style=\"text-align: center;\">I\u00f1igo L\u00f3pez Mulet<\/p>\n<\/td>\n<\/tr>\n<tr style=\"height: 20px;\">\n<td style=\"width: 246px; height: 20px;\" nowrap=\"nowrap\">\n<p style=\"text-align: center;\">Alejandra M\u00e1rquez Marvizon<\/p>\n<\/td>\n<\/tr>\n<tr style=\"height: 20px;\">\n<td style=\"width: 54px; height: 40px;\" rowspan=\"2\" nowrap=\"nowrap\">\n<p style=\"text-align: center;\">2014<\/p>\n<\/td>\n<td style=\"width: 126px; height: 40px;\" rowspan=\"2\" nowrap=\"nowrap\">\n<p style=\"text-align: center;\">Salobre\u00f1a<\/p>\n<\/td>\n<td style=\"width: 246px; height: 20px;\" nowrap=\"nowrap\">\n<p style=\"text-align: center;\">I\u00f1igo L\u00f3pez Mulet<\/p>\n<\/td>\n<\/tr>\n<tr style=\"height: 20px;\">\n<td style=\"width: 246px; height: 20px;\" nowrap=\"nowrap\">\n<p style=\"text-align: center;\">Marta Garc\u00eda Mart\u00edn<\/p>\n<\/td>\n<\/tr>\n<tr style=\"height: 20px;\">\n<td style=\"width: 54px; height: 40px;\" rowspan=\"2\" nowrap=\"nowrap\">\n<p style=\"text-align: center;\">2015<\/p>\n<\/td>\n<td style=\"width: 126px; height: 40px;\" rowspan=\"2\" nowrap=\"nowrap\">\n<p style=\"text-align: center;\">Salobre\u00f1a<\/p>\n<\/td>\n<td style=\"width: 246px; height: 20px;\" nowrap=\"nowrap\">\n<p style=\"text-align: center;\">Salvador Guerra Rivera<\/p>\n<\/td>\n<\/tr>\n<tr style=\"height: 20px;\">\n<td style=\"width: 246px; height: 20px;\" nowrap=\"nowrap\">\n<p style=\"text-align: center;\">Mireya Represa P\u00e9rez<\/p>\n<\/td>\n<\/tr>\n<tr style=\"height: 20px;\">\n<td style=\"width: 54px; height: 40px;\" rowspan=\"2\" nowrap=\"nowrap\">\n<p style=\"text-align: center;\">2016<\/p>\n<\/td>\n<td style=\"width: 126px; height: 40px;\" rowspan=\"2\" nowrap=\"nowrap\">\n<p style=\"text-align: center;\">Salobre\u00f1a<\/p>\n<\/td>\n<td style=\"width: 246px; height: 20px;\" nowrap=\"nowrap\">\n<p style=\"text-align: center;\">Marcos Lianes Garc\u00eda<\/p>\n<\/td>\n<\/tr>\n<tr style=\"height: 20px;\">\n<td style=\"width: 246px; height: 20px;\" nowrap=\"nowrap\">\n<p style=\"text-align: center;\">Jenny Mar\u00eda Sanabria Taskila<\/p>\n<\/td>\n<\/tr>\n<tr style=\"height: 20px;\">\n<td style=\"width: 54px; height: 40px;\" rowspan=\"2\" nowrap=\"nowrap\">\n<p style=\"text-align: center;\">2017<\/p>\n<\/td>\n<td style=\"width: 126px; height: 40px;\" rowspan=\"2\" nowrap=\"nowrap\">\n<p style=\"text-align: center;\">Salobre\u00f1a<\/p>\n<\/td>\n<td style=\"width: 246px; height: 20px;\" nowrap=\"nowrap\">\n<p style=\"text-align: center;\">Lance Henderson de la Fuente<\/p>\n<\/td>\n<\/tr>\n<tr style=\"height: 20px;\">\n<td style=\"width: 246px; height: 20px;\" nowrap=\"nowrap\">\n<p style=\"text-align: center;\">Mar\u00eda Eizaguerri Floris<\/p>\n<\/td>\n<\/tr>\n<tr>\n<td style=\"width: 54px;\" rowspan=\"2\">\n<p style=\"text-align: center;\">2018<\/p>\n<\/td>\n<td style=\"width: 126px;\" rowspan=\"2\">\n<p style=\"text-align: center;\">Salobre\u00f1a<\/p>\n<\/td>\n<td style=\"width: 246px;\">\n<p style=\"text-align: center;\">Pedro Antonio Gin\u00e9s Esteo<\/p>\n<\/td>\n<\/tr>\n<tr>\n<td style=\"width: 246px;\">\n<p style=\"text-align: center;\">Viviana Galv\u00e1n Cipriani<\/p>\n<\/td>\n<\/tr>\n<tr>\n<td style=\"width: 54px;\" rowspan=\"2\">\n<p style=\"text-align: center;\">2019<\/p>\n<\/td>\n<td style=\"width: 126px;\" rowspan=\"2\">\n<p style=\"text-align: center;\">Salobre\u00f1a<\/p>\n<\/td>\n<td style=\"width: 246px;\">\n<p style=\"text-align: center;\">And\u00e9s Luque Saiz<\/p>\n<\/td>\n<\/tr>\n<tr>\n<td style=\"width: 246px;\">\n<p style=\"text-align: center;\">Lulu Zhou<\/p>\n<\/td>\n<\/tr>\n<\/tbody>\n<\/table>\n<p style=\"text-align: center;\">\n<table class=\"aligncenter\" style=\"width: 426px;\" border=\"1\" width=\"426\" cellspacing=\"0\" cellpadding=\"0\">\n<tbody>\n<tr>\n<td style=\"width: 426px; height: 20px;\" colspan=\"3\" nowrap=\"nowrap\">\n<p style=\"text-align: center;\"><strong>Sub-16<\/strong><\/p>\n<\/td>\n<\/tr>\n<tr>\n<td style=\"width: 56px; height: 20px;\" nowrap=\"nowrap\">\n<p style=\"text-align: center;\"><strong>A\u00d1O<\/strong><\/p>\n<\/td>\n<td style=\"width: 124px; height: 20px;\" nowrap=\"nowrap\">\n<p style=\"text-align: center;\"><strong>LUGAR<\/strong><\/p>\n<\/td>\n<td style=\"width: 246px; height: 20px;\" nowrap=\"nowrap\">\n<p style=\"text-align: center;\"><strong>CAMPEON\/A<\/strong><\/p>\n<\/td>\n<\/tr>\n<tr>\n<td style=\"width: 56px; height: 20px;\" rowspan=\"2\" nowrap=\"nowrap\">\n<p style=\"text-align: center;\">2013<\/p>\n<\/td>\n<td style=\"width: 124px; height: 20px;\" rowspan=\"2\" nowrap=\"nowrap\">\n<p style=\"text-align: center;\">Salobre\u00f1a<\/p>\n<\/td>\n<td style=\"width: 246px; height: 20px;\" nowrap=\"nowrap\">\n<p style=\"text-align: center;\">Julio Su\u00e1rez G\u00f3mez<\/p>\n<\/td>\n<\/tr>\n<tr>\n<td style=\"width: 246px; height: 20px;\" nowrap=\"nowrap\">\n<p style=\"text-align: center;\">Johanna Capote Robayna<\/p>\n<\/td>\n<\/tr>\n<tr>\n<td style=\"width: 56px; height: 20px;\" rowspan=\"2\" nowrap=\"nowrap\">\n<p style=\"text-align: center;\">2014<\/p>\n<\/td>\n<td style=\"width: 124px; height: 20px;\" rowspan=\"2\" nowrap=\"nowrap\">\n<p style=\"text-align: center;\">Salobre\u00f1a<\/p>\n<\/td>\n<td style=\"width: 246px; height: 20px;\" nowrap=\"nowrap\">\n<p style=\"text-align: center;\">Julio Su\u00e1rez G\u00f3mez<\/p>\n<\/td>\n<\/tr>\n<tr>\n<td style=\"width: 246px; height: 20px;\" nowrap=\"nowrap\">\n<p style=\"text-align: center;\">Beatriz Garc\u00eda Porl\u00e1n<\/p>\n<\/td>\n<\/tr>\n<tr>\n<td style=\"width: 56px; height: 20px;\" rowspan=\"2\" nowrap=\"nowrap\">\n<p style=\"text-align: center;\">2015<\/p>\n<\/td>\n<td style=\"width: 124px; height: 20px;\" rowspan=\"2\" nowrap=\"nowrap\">\n<p style=\"text-align: center;\">Salobre\u00f1a<\/p>\n<\/td>\n<td style=\"width: 246px; height: 20px;\" nowrap=\"nowrap\">\n<p style=\"text-align: center;\">Miguel Santos Ruiz<\/p>\n<\/td>\n<\/tr>\n<tr>\n<td style=\"width: 246px; height: 20px;\" nowrap=\"nowrap\">\n<p style=\"text-align: center;\">Marta Garc\u00eda Mart\u00edn<\/p>\n<\/td>\n<\/tr>\n<tr>\n<td style=\"width: 56px; height: 20px;\" rowspan=\"2\" nowrap=\"nowrap\">\n<p style=\"text-align: center;\">2016<\/p>\n<\/td>\n<td style=\"width: 124px; height: 20px;\" rowspan=\"2\" nowrap=\"nowrap\">\n<p style=\"text-align: center;\">Salobre\u00f1a<\/p>\n<\/td>\n<td style=\"width: 246px; height: 20px;\" nowrap=\"nowrap\">\n<p style=\"text-align: center;\">Juan Plazuelo Pascual<\/p>\n<\/td>\n<\/tr>\n<tr>\n<td style=\"width: 246px; height: 20px;\" nowrap=\"nowrap\">\n<p style=\"text-align: center;\">Marta Garc\u00eda Mart\u00edn<\/p>\n<\/td>\n<\/tr>\n<tr>\n<td style=\"width: 56px; height: 20px;\" rowspan=\"2\" nowrap=\"nowrap\">\n<p style=\"text-align: center;\">2017<\/p>\n<\/td>\n<td style=\"width: 124px; height: 20px;\" rowspan=\"2\" nowrap=\"nowrap\">\n<p style=\"text-align: center;\">Salobre\u00f1a<\/p>\n<\/td>\n<td style=\"width: 246px; height: 20px;\" nowrap=\"nowrap\">\n<p style=\"text-align: center;\">Lance Henderson de la Fuente<\/p>\n<\/td>\n<\/tr>\n<tr>\n<td style=\"width: 246px; height: 20px;\" nowrap=\"nowrap\">\n<p style=\"text-align: center;\">Mireya Represa P\u00e9rez<\/p>\n<\/td>\n<\/tr>\n<tr>\n<td style=\"width: 56px;\" rowspan=\"2\">\n<p style=\"text-align: center;\">2018<\/p>\n<\/td>\n<td style=\"width: 124px;\" rowspan=\"2\">\n<p style=\"text-align: center;\">Salobre\u00f1a<\/p>\n<\/td>\n<td style=\"width: 246px;\">\n<p style=\"text-align: center;\">Aaron Alonso Garc\u00eda<\/p>\n<\/td>\n<\/tr>\n<tr>\n<td style=\"width: 246px;\">\n<p style=\"text-align: center;\">Viviana Galv\u00e1n Cipriani<\/p>\n<\/td>\n<\/tr>\n<tr>\n<td style=\"width: 56px;\" rowspan=\"2\">\n<p style=\"text-align: center;\">2019<\/p>\n<\/td>\n<td style=\"width: 124px;\" rowspan=\"2\">\n<p style=\"text-align: center;\">Salobre\u00f1a<\/p>\n<\/td>\n<td style=\"width: 246px;\" rowspan=\"2\">\n<p style=\"text-align: center;\">Mar\u00eda Eizaguerri Floris<\/p>\n<\/td>\n<\/tr>\n<\/tbody>\n<\/table>\n<p style=\"text-align: center;\">\n<table class=\"aligncenter\" style=\"width: 426px;\" border=\"1\" width=\"426\" cellspacing=\"0\" cellpadding=\"0\">\n<tbody>\n<tr>\n<td style=\"width: 426px; height: 20px;\" colspan=\"3\" nowrap=\"nowrap\">\n<p style=\"text-align: center;\"><strong>Sub-18<\/strong><\/p>\n<\/td>\n<\/tr>\n<tr>\n<td style=\"width: 58px; height: 20px;\" nowrap=\"nowrap\">\n<p style=\"text-align: center;\"><strong>A\u00d1O<\/strong><\/p>\n<\/td>\n<td style=\"width: 123px; height: 20px;\" nowrap=\"nowrap\">\n<p style=\"text-align: center;\"><strong>LUGAR<\/strong><\/p>\n<\/td>\n<td style=\"width: 246px; height: 20px;\" nowrap=\"nowrap\">\n<p style=\"text-align: center;\"><strong>CAMPEON\/A<\/strong><\/p>\n<\/td>\n<\/tr>\n<tr>\n<td style=\"width: 58px; height: 20px;\" rowspan=\"2\" nowrap=\"nowrap\">\n<p style=\"text-align: center;\">2013<\/p>\n<\/td>\n<td style=\"width: 123px; height: 20px;\" rowspan=\"2\" nowrap=\"nowrap\">\n<p style=\"text-align: center;\">Salobre\u00f1a<\/p>\n<\/td>\n<td style=\"width: 246px; height: 20px;\" nowrap=\"nowrap\">\n<p style=\"text-align: center;\">David Ant\u00f3n Guijarro<\/p>\n<\/td>\n<\/tr>\n<tr>\n<td style=\"width: 246px; height: 20px;\" nowrap=\"nowrap\">\n<p style=\"text-align: center;\">Amalia Aranaz Murillo<\/p>\n<\/td>\n<\/tr>\n<tr>\n<td style=\"width: 58px; height: 20px;\" rowspan=\"2\" nowrap=\"nowrap\">\n<p style=\"text-align: center;\">2014<\/p>\n<\/td>\n<td style=\"width: 123px; height: 20px;\" rowspan=\"2\" nowrap=\"nowrap\">\n<p style=\"text-align: center;\">Salobre\u00f1a<\/p>\n<\/td>\n<td style=\"width: 246px; height: 20px;\" nowrap=\"nowrap\">\n<p style=\"text-align: center;\">Carlos Su\u00e1rez Garc\u00eda<\/p>\n<\/td>\n<\/tr>\n<tr>\n<td style=\"width: 246px; height: 20px;\" nowrap=\"nowrap\">\n<p style=\"text-align: center;\">Lidia Comellas Martos<\/p>\n<\/td>\n<\/tr>\n<tr>\n<td style=\"width: 58px; height: 20px;\" rowspan=\"2\" nowrap=\"nowrap\">\n<p style=\"text-align: center;\">2015<\/p>\n<\/td>\n<td style=\"width: 123px; height: 20px;\" rowspan=\"2\" nowrap=\"nowrap\">\n<p style=\"text-align: center;\">Salobre\u00f1a<\/p>\n<\/td>\n<td style=\"width: 246px; height: 20px;\" nowrap=\"nowrap\">\n<p style=\"text-align: center;\">Miguel Santos Ruiz<\/p>\n<\/td>\n<\/tr>\n<tr>\n<td style=\"width: 246px; height: 20px;\" nowrap=\"nowrap\">\n<p style=\"text-align: center;\">Beatriz Garc\u00eda Porl\u00e1n<\/p>\n<\/td>\n<\/tr>\n<tr>\n<td style=\"width: 58px; height: 20px;\" rowspan=\"2\" nowrap=\"nowrap\">\n<p style=\"text-align: center;\">2016<\/p>\n<\/td>\n<td style=\"width: 123px; height: 20px;\" rowspan=\"2\" nowrap=\"nowrap\">\n<p style=\"text-align: center;\">Salobre\u00f1a<\/p>\n<\/td>\n<td style=\"width: 246px; height: 20px;\" nowrap=\"nowrap\">\n<p style=\"text-align: center;\">Julio Su\u00e1rez G\u00f3mez<\/p>\n<\/td>\n<\/tr>\n<tr>\n<td style=\"width: 246px; height: 20px;\" nowrap=\"nowrap\">\n<p style=\"text-align: center;\">Marta Garc\u00eda Mart\u00edn<\/p>\n<\/td>\n<\/tr>\n<tr>\n<td style=\"width: 58px; height: 20px;\" rowspan=\"2\" nowrap=\"nowrap\">\n<p style=\"text-align: center;\">2017<\/p>\n<\/td>\n<td style=\"width: 123px; height: 20px;\" rowspan=\"2\" nowrap=\"nowrap\">\n<p style=\"text-align: center;\">Salobre\u00f1a<\/p>\n<\/td>\n<td style=\"width: 246px; height: 20px;\" nowrap=\"nowrap\">\n<p style=\"text-align: center;\">Rub\u00e9n Domingo N\u00fa\u00f1ez<\/p>\n<\/td>\n<\/tr>\n<tr>\n<td style=\"width: 246px; height: 20px;\" nowrap=\"nowrap\">\n<p style=\"text-align: center;\">Marta Garc\u00eda Mart\u00edn<\/p>\n<\/td>\n<\/tr>\n<tr>\n<td style=\"width: 58px;\" rowspan=\"2\">\n<p style=\"text-align: center;\">2018<\/p>\n<\/td>\n<td style=\"width: 123px;\" rowspan=\"2\">\n<p style=\"text-align: center;\">Salobre\u00f1a<\/p>\n<\/td>\n<td style=\"width: 246px;\">\n<p style=\"text-align: center;\">\u00cd\u00f1igo L\u00f3pez Mulet<\/p>\n<\/td>\n<\/tr>\n<tr>\n<td style=\"width: 246px;\">\n<p style=\"text-align: center;\">Ana Redondo Benavente<\/p>\n<\/td>\n<\/tr>\n<tr>\n<td style=\"width: 58px;\" rowspan=\"2\">\n<p style=\"text-align: center;\">2019<\/p>\n<\/td>\n<td style=\"width: 123px;\" rowspan=\"2\">\n<p style=\"text-align: center;\">Salobre\u00f1a<\/p>\n<\/td>\n<td style=\"width: 246px;\">\n<p style=\"text-align: center;\">Juan Plazuelo Pascual<\/p>\n<\/td>\n<\/tr>\n<tr>\n<td style=\"width: 246px;\">\n<p style=\"text-align: center;\">Mireya Represa P\u00e9rez<\/p>\n<\/td>\n<\/tr>\n<\/tbody>\n<\/table>\n","protected":false},"excerpt":{"rendered":"<p>Sub-10 A\u00d1O LUGAR CAMPEON\/A 2013 Salobre\u00f1a Daniel Sanz Wawer Mar\u00eda Eizaguerri Floris 2014 Salobre\u00f1a Pedro Antonio Gines Esteo Mar\u00eda Eizaguerri Floris 2015 Salobre\u00f1a Lin Yingrui Leyre Abrisqueta Zudaire 2016 Salobre\u00f1a Ernesto Garrido D\u00edaz Aitana Portero Bravo 2017 Salobre\u00f1a Manuel Ermachenko Nerea Cereijo Su\u00e1rez 2018 Salobre\u00f1a Javier Habans Aguerrea Marien Bagues Castro 2019 Salobre\u00f1a Daniel Salinas [&hellip;]<\/p>\n","protected":false},"author":1,"featured_media":0,"comment_status":"closed","ping_status":"closed","sticky":false,"template":"","format":"standard","meta":{"footnotes":""},"categories":[35],"tags":[],"class_list":["post-1379","post","type-post","status-publish","format-standard","hentry","category-historial-de-los-campeonatos-de-espana"],"yoast_head":"<!-- This site is optimized with the Yoast SEO plugin v27.5 - https:\/\/yoast.com\/product\/yoast-seo-wordpress\/ -->\n<title>Historial Campeonato de Espa\u00f1a R\u00e1pido Sub-10 a Sub-18 - FEDA<\/title>\n<meta name=\"description\" content=\"FEDA, Federaci\u00f3n Espa\u00f1ola de Ajedrez, ajedrez madrid, federarse ajedrez, campeonato de Espa\u00f1a de ajedrez, ajedrez\" \/>\n<meta name=\"robots\" content=\"index, follow, max-snippet:-1, max-image-preview:large, max-video-preview:-1\" \/>\n<link rel=\"canonical\" href=\"https:\/\/feda.org\/feda2k16\/historial-campeonato-de-espana-rapido-sub-10-a-sub-18\/\" \/>\n<meta property=\"og:locale\" content=\"es_ES\" \/>\n<meta property=\"og:type\" content=\"article\" \/>\n<meta property=\"og:title\" content=\"Historial Campeonato de Espa\u00f1a R\u00e1pido Sub-10 a Sub-18 - FEDA\" \/>\n<meta property=\"og:description\" content=\"FEDA, Federaci\u00f3n Espa\u00f1ola de Ajedrez, ajedrez madrid, federarse ajedrez, campeonato de Espa\u00f1a de ajedrez, ajedrez\" \/>\n<meta property=\"og:url\" content=\"https:\/\/feda.org\/feda2k16\/historial-campeonato-de-espana-rapido-sub-10-a-sub-18\/\" \/>\n<meta property=\"og:site_name\" content=\"FEDA\" \/>\n<meta property=\"article:publisher\" content=\"https:\/\/www.facebook.com\/federacionespanoladeajedrez\/\" \/>\n<meta property=\"article:published_time\" content=\"2015-01-26T15:35:28+00:00\" \/>\n<meta property=\"article:modified_time\" content=\"2019-07-31T10:59:44+00:00\" \/>\n<meta name=\"author\" content=\"feda2k16\" \/>\n<meta name=\"twitter:card\" content=\"summary_large_image\" \/>\n<meta name=\"twitter:creator\" content=\"@AjedrezEspanola\" \/>\n<meta name=\"twitter:site\" content=\"@AjedrezEspanola\" \/>\n<meta name=\"twitter:label1\" content=\"Escrito por\" \/>\n\t<meta name=\"twitter:data1\" content=\"feda2k16\" \/>\n\t<meta name=\"twitter:label2\" content=\"Tiempo de lectura\" \/>\n\t<meta name=\"twitter:data2\" content=\"2 minutos\" \/>\n<script type=\"application\/ld+json\" class=\"yoast-schema-graph\">{\"@context\":\"https:\\\/\\\/schema.org\",\"@graph\":[{\"@type\":\"Article\",\"@id\":\"https:\\\/\\\/feda.org\\\/feda2k16\\\/historial-campeonato-de-espana-rapido-sub-10-a-sub-18\\\/#article\",\"isPartOf\":{\"@id\":\"https:\\\/\\\/feda.org\\\/feda2k16\\\/historial-campeonato-de-espana-rapido-sub-10-a-sub-18\\\/\"},\"author\":{\"name\":\"feda2k16\",\"@id\":\"https:\\\/\\\/feda.org\\\/feda2k16\\\/#\\\/schema\\\/person\\\/80aa48a4dc5c6ea03ca1dbf21ce423da\"},\"headline\":\"Historial Campeonato de Espa\u00f1a R\u00e1pido Sub-10 a Sub-18\",\"datePublished\":\"2015-01-26T15:35:28+00:00\",\"dateModified\":\"2019-07-31T10:59:44+00:00\",\"mainEntityOfPage\":{\"@id\":\"https:\\\/\\\/feda.org\\\/feda2k16\\\/historial-campeonato-de-espana-rapido-sub-10-a-sub-18\\\/\"},\"wordCount\":374,\"publisher\":{\"@id\":\"https:\\\/\\\/feda.org\\\/feda2k16\\\/#organization\"},\"articleSection\":[\"Historial de los Campeonatos de Espa\u00f1a\"],\"inLanguage\":\"es\"},{\"@type\":\"WebPage\",\"@id\":\"https:\\\/\\\/feda.org\\\/feda2k16\\\/historial-campeonato-de-espana-rapido-sub-10-a-sub-18\\\/\",\"url\":\"https:\\\/\\\/feda.org\\\/feda2k16\\\/historial-campeonato-de-espana-rapido-sub-10-a-sub-18\\\/\",\"name\":\"Historial Campeonato de Espa\u00f1a R\u00e1pido Sub-10 a Sub-18 - FEDA\",\"isPartOf\":{\"@id\":\"https:\\\/\\\/feda.org\\\/feda2k16\\\/#website\"},\"datePublished\":\"2015-01-26T15:35:28+00:00\",\"dateModified\":\"2019-07-31T10:59:44+00:00\",\"description\":\"FEDA, Federaci\u00f3n Espa\u00f1ola de Ajedrez, ajedrez madrid, federarse ajedrez, campeonato de Espa\u00f1a de ajedrez, ajedrez\",\"breadcrumb\":{\"@id\":\"https:\\\/\\\/feda.org\\\/feda2k16\\\/historial-campeonato-de-espana-rapido-sub-10-a-sub-18\\\/#breadcrumb\"},\"inLanguage\":\"es\",\"potentialAction\":[{\"@type\":\"ReadAction\",\"target\":[\"https:\\\/\\\/feda.org\\\/feda2k16\\\/historial-campeonato-de-espana-rapido-sub-10-a-sub-18\\\/\"]}]},{\"@type\":\"BreadcrumbList\",\"@id\":\"https:\\\/\\\/feda.org\\\/feda2k16\\\/historial-campeonato-de-espana-rapido-sub-10-a-sub-18\\\/#breadcrumb\",\"itemListElement\":[{\"@type\":\"ListItem\",\"position\":1,\"name\":\"Portada\",\"item\":\"https:\\\/\\\/feda.org\\\/feda2k16\\\/\"},{\"@type\":\"ListItem\",\"position\":2,\"name\":\"Historial Campeonato de Espa\u00f1a R\u00e1pido Sub-10 a Sub-18\"}]},{\"@type\":\"WebSite\",\"@id\":\"https:\\\/\\\/feda.org\\\/feda2k16\\\/#website\",\"url\":\"https:\\\/\\\/feda.org\\\/feda2k16\\\/\",\"name\":\"FEDA\",\"description\":\"Federaci\u00f3n Espa\u00f1ola de Ajedrez\",\"publisher\":{\"@id\":\"https:\\\/\\\/feda.org\\\/feda2k16\\\/#organization\"},\"alternateName\":\"Federaci\u00f3n Espa\u00f1ola de Ajedrez\",\"potentialAction\":[{\"@type\":\"SearchAction\",\"target\":{\"@type\":\"EntryPoint\",\"urlTemplate\":\"https:\\\/\\\/feda.org\\\/feda2k16\\\/?s={search_term_string}\"},\"query-input\":{\"@type\":\"PropertyValueSpecification\",\"valueRequired\":true,\"valueName\":\"search_term_string\"}}],\"inLanguage\":\"es\"},{\"@type\":\"Organization\",\"@id\":\"https:\\\/\\\/feda.org\\\/feda2k16\\\/#organization\",\"name\":\"FEDA\",\"alternateName\":\"Federaci\u00f3n Espa\u00f1ola de Ajedrez\",\"url\":\"https:\\\/\\\/feda.org\\\/feda2k16\\\/\",\"logo\":{\"@type\":\"ImageObject\",\"inLanguage\":\"es\",\"@id\":\"https:\\\/\\\/feda.org\\\/feda2k16\\\/#\\\/schema\\\/logo\\\/image\\\/\",\"url\":\"https:\\\/\\\/feda.org\\\/feda2k16\\\/wp-content\\\/uploads\\\/NuevoLogo_FEDA_2016.png\",\"contentUrl\":\"https:\\\/\\\/feda.org\\\/feda2k16\\\/wp-content\\\/uploads\\\/NuevoLogo_FEDA_2016.png\",\"width\":600,\"height\":600,\"caption\":\"FEDA\"},\"image\":{\"@id\":\"https:\\\/\\\/feda.org\\\/feda2k16\\\/#\\\/schema\\\/logo\\\/image\\\/\"},\"sameAs\":[\"https:\\\/\\\/www.facebook.com\\\/federacionespanoladeajedrez\\\/\",\"https:\\\/\\\/x.com\\\/AjedrezEspanola\",\"https:\\\/\\\/www.instagram.com\\\/federacionespanolaajedrez\\\/?hl=es\",\"https:\\\/\\\/www.youtube.com\\\/@FederacionEspanoladeAjedrezFED\\\/featured\"]},{\"@type\":\"Person\",\"@id\":\"https:\\\/\\\/feda.org\\\/feda2k16\\\/#\\\/schema\\\/person\\\/80aa48a4dc5c6ea03ca1dbf21ce423da\",\"name\":\"feda2k16\",\"url\":\"https:\\\/\\\/feda.org\\\/feda2k16\\\/author\\\/feda2k16\\\/\"}]}<\/script>\n<!-- \/ Yoast SEO plugin. -->","yoast_head_json":{"title":"Historial Campeonato de Espa\u00f1a R\u00e1pido Sub-10 a Sub-18 - FEDA","description":"FEDA, Federaci\u00f3n Espa\u00f1ola de Ajedrez, ajedrez madrid, federarse ajedrez, campeonato de Espa\u00f1a de ajedrez, ajedrez","robots":{"index":"index","follow":"follow","max-snippet":"max-snippet:-1","max-image-preview":"max-image-preview:large","max-video-preview":"max-video-preview:-1"},"canonical":"https:\/\/feda.org\/feda2k16\/historial-campeonato-de-espana-rapido-sub-10-a-sub-18\/","og_locale":"es_ES","og_type":"article","og_title":"Historial Campeonato de Espa\u00f1a R\u00e1pido Sub-10 a Sub-18 - FEDA","og_description":"FEDA, Federaci\u00f3n Espa\u00f1ola de Ajedrez, ajedrez madrid, federarse ajedrez, campeonato de Espa\u00f1a de ajedrez, ajedrez","og_url":"https:\/\/feda.org\/feda2k16\/historial-campeonato-de-espana-rapido-sub-10-a-sub-18\/","og_site_name":"FEDA","article_publisher":"https:\/\/www.facebook.com\/federacionespanoladeajedrez\/","article_published_time":"2015-01-26T15:35:28+00:00","article_modified_time":"2019-07-31T10:59:44+00:00","author":"feda2k16","twitter_card":"summary_large_image","twitter_creator":"@AjedrezEspanola","twitter_site":"@AjedrezEspanola","twitter_misc":{"Escrito por":"feda2k16","Tiempo de lectura":"2 minutos"},"schema":{"@context":"https:\/\/schema.org","@graph":[{"@type":"Article","@id":"https:\/\/feda.org\/feda2k16\/historial-campeonato-de-espana-rapido-sub-10-a-sub-18\/#article","isPartOf":{"@id":"https:\/\/feda.org\/feda2k16\/historial-campeonato-de-espana-rapido-sub-10-a-sub-18\/"},"author":{"name":"feda2k16","@id":"https:\/\/feda.org\/feda2k16\/#\/schema\/person\/80aa48a4dc5c6ea03ca1dbf21ce423da"},"headline":"Historial Campeonato de Espa\u00f1a R\u00e1pido Sub-10 a Sub-18","datePublished":"2015-01-26T15:35:28+00:00","dateModified":"2019-07-31T10:59:44+00:00","mainEntityOfPage":{"@id":"https:\/\/feda.org\/feda2k16\/historial-campeonato-de-espana-rapido-sub-10-a-sub-18\/"},"wordCount":374,"publisher":{"@id":"https:\/\/feda.org\/feda2k16\/#organization"},"articleSection":["Historial de los Campeonatos de Espa\u00f1a"],"inLanguage":"es"},{"@type":"WebPage","@id":"https:\/\/feda.org\/feda2k16\/historial-campeonato-de-espana-rapido-sub-10-a-sub-18\/","url":"https:\/\/feda.org\/feda2k16\/historial-campeonato-de-espana-rapido-sub-10-a-sub-18\/","name":"Historial Campeonato de Espa\u00f1a R\u00e1pido Sub-10 a Sub-18 - FEDA","isPartOf":{"@id":"https:\/\/feda.org\/feda2k16\/#website"},"datePublished":"2015-01-26T15:35:28+00:00","dateModified":"2019-07-31T10:59:44+00:00","description":"FEDA, Federaci\u00f3n Espa\u00f1ola de Ajedrez, ajedrez madrid, federarse ajedrez, campeonato de Espa\u00f1a de ajedrez, ajedrez","breadcrumb":{"@id":"https:\/\/feda.org\/feda2k16\/historial-campeonato-de-espana-rapido-sub-10-a-sub-18\/#breadcrumb"},"inLanguage":"es","potentialAction":[{"@type":"ReadAction","target":["https:\/\/feda.org\/feda2k16\/historial-campeonato-de-espana-rapido-sub-10-a-sub-18\/"]}]},{"@type":"BreadcrumbList","@id":"https:\/\/feda.org\/feda2k16\/historial-campeonato-de-espana-rapido-sub-10-a-sub-18\/#breadcrumb","itemListElement":[{"@type":"ListItem","position":1,"name":"Portada","item":"https:\/\/feda.org\/feda2k16\/"},{"@type":"ListItem","position":2,"name":"Historial Campeonato de Espa\u00f1a R\u00e1pido Sub-10 a Sub-18"}]},{"@type":"WebSite","@id":"https:\/\/feda.org\/feda2k16\/#website","url":"https:\/\/feda.org\/feda2k16\/","name":"FEDA","description":"Federaci\u00f3n Espa\u00f1ola de Ajedrez","publisher":{"@id":"https:\/\/feda.org\/feda2k16\/#organization"},"alternateName":"Federaci\u00f3n Espa\u00f1ola de Ajedrez","potentialAction":[{"@type":"SearchAction","target":{"@type":"EntryPoint","urlTemplate":"https:\/\/feda.org\/feda2k16\/?s={search_term_string}"},"query-input":{"@type":"PropertyValueSpecification","valueRequired":true,"valueName":"search_term_string"}}],"inLanguage":"es"},{"@type":"Organization","@id":"https:\/\/feda.org\/feda2k16\/#organization","name":"FEDA","alternateName":"Federaci\u00f3n Espa\u00f1ola de Ajedrez","url":"https:\/\/feda.org\/feda2k16\/","logo":{"@type":"ImageObject","inLanguage":"es","@id":"https:\/\/feda.org\/feda2k16\/#\/schema\/logo\/image\/","url":"https:\/\/feda.org\/feda2k16\/wp-content\/uploads\/NuevoLogo_FEDA_2016.png","contentUrl":"https:\/\/feda.org\/feda2k16\/wp-content\/uploads\/NuevoLogo_FEDA_2016.png","width":600,"height":600,"caption":"FEDA"},"image":{"@id":"https:\/\/feda.org\/feda2k16\/#\/schema\/logo\/image\/"},"sameAs":["https:\/\/www.facebook.com\/federacionespanoladeajedrez\/","https:\/\/x.com\/AjedrezEspanola","https:\/\/www.instagram.com\/federacionespanolaajedrez\/?hl=es","https:\/\/www.youtube.com\/@FederacionEspanoladeAjedrezFED\/featured"]},{"@type":"Person","@id":"https:\/\/feda.org\/feda2k16\/#\/schema\/person\/80aa48a4dc5c6ea03ca1dbf21ce423da","name":"feda2k16","url":"https:\/\/feda.org\/feda2k16\/author\/feda2k16\/"}]}},"_links":{"self":[{"href":"https:\/\/feda.org\/feda2k16\/wp-json\/wp\/v2\/posts\/1379","targetHints":{"allow":["GET"]}}],"collection":[{"href":"https:\/\/feda.org\/feda2k16\/wp-json\/wp\/v2\/posts"}],"about":[{"href":"https:\/\/feda.org\/feda2k16\/wp-json\/wp\/v2\/types\/post"}],"author":[{"embeddable":true,"href":"https:\/\/feda.org\/feda2k16\/wp-json\/wp\/v2\/users\/1"}],"replies":[{"embeddable":true,"href":"https:\/\/feda.org\/feda2k16\/wp-json\/wp\/v2\/comments?post=1379"}],"version-history":[{"count":19,"href":"https:\/\/feda.org\/feda2k16\/wp-json\/wp\/v2\/posts\/1379\/revisions"}],"predecessor-version":[{"id":15356,"href":"https:\/\/feda.org\/feda2k16\/wp-json\/wp\/v2\/posts\/1379\/revisions\/15356"}],"wp:attachment":[{"href":"https:\/\/feda.org\/feda2k16\/wp-json\/wp\/v2\/media?parent=1379"}],"wp:term":[{"taxonomy":"category","embeddable":true,"href":"https:\/\/feda.org\/feda2k16\/wp-json\/wp\/v2\/categories?post=1379"},{"taxonomy":"post_tag","embeddable":true,"href":"https:\/\/feda.org\/feda2k16\/wp-json\/wp\/v2\/tags?post=1379"}],"curies":[{"name":"wp","href":"https:\/\/api.w.org\/{rel}","templated":true}]}}