{"id":1380,"date":"2015-01-26T15:36:00","date_gmt":"2015-01-26T15:36:00","guid":{"rendered":"http:\/\/localhost:8888\/feda2k16\/?p=1380"},"modified":"2019-10-31T11:02:29","modified_gmt":"2019-10-31T11:02:29","slug":"historial-campeonato-de-espana-absoluto-rapido-y-relampago","status":"publish","type":"post","link":"https:\/\/feda.org\/feda2k16\/historial-campeonato-de-espana-absoluto-rapido-y-relampago\/","title":{"rendered":"Historial Campeonato de Espa\u00f1a Absoluto R\u00e1pido y Rel\u00e1mpago"},"content":{"rendered":"<table class=\"aligncenter\" style=\"width: 514px;\" border=\"1\" cellspacing=\"0\" cellpadding=\"0\">\n<tbody>\n<tr style=\"height: 56px;\">\n<td style=\"width: 531.25px; text-align: center; height: 56px;\" colspan=\"3\"><strong>R\u00c1PIDO<\/strong><\/td>\n<\/tr>\n<tr style=\"height: 56px;\">\n<td style=\"width: 59px; text-align: center; height: 56px;\"><strong>A\u00d1O<\/strong><\/td>\n<td style=\"width: 83px; text-align: center; height: 56px;\"><strong>LUGAR<\/strong><\/td>\n<td style=\"width: 389.25px; text-align: center; height: 56px;\"><strong>CAMPEON\/A<\/strong><\/td>\n<\/tr>\n<tr style=\"height: 56px;\">\n<td style=\"width: 59px; text-align: center; height: 56px;\">1987<\/td>\n<td style=\"width: 83px; text-align: center; height: 56px;\">Teruel<\/td>\n<td style=\"width: 389.25px; text-align: center; height: 56px;\">Jordi Magem Badals<\/td>\n<\/tr>\n<tr style=\"height: 56px;\">\n<td style=\"width: 59px; text-align: center; height: 56px;\">1989<\/td>\n<td style=\"width: 83px; text-align: center; height: 56px;\">Viella<\/td>\n<td style=\"width: 389.25px; text-align: center; height: 56px;\">Francisco Javier Ochoa de Echag\u00fcen<\/td>\n<\/tr>\n<tr style=\"height: 56px;\">\n<td style=\"width: 59px; text-align: center; height: 56px;\">1999<\/td>\n<td style=\"width: 83px; text-align: center; height: 56px;\">Zaragoza<\/td>\n<td style=\"width: 389.25px; text-align: center; height: 56px;\">Jordi Magem Badals<\/td>\n<\/tr>\n<tr style=\"height: 56px;\">\n<td style=\"width: 59px; text-align: center; height: 56px;\">2001<\/td>\n<td style=\"width: 83px; text-align: center; height: 56px;\">Cheste<\/td>\n<td style=\"width: 389.25px; text-align: center; height: 56px;\">Pablo J. Glavina Rossi<\/td>\n<\/tr>\n<tr style=\"height: 56px;\">\n<td style=\"width: 59px; text-align: center; height: 56px;\">2003<\/td>\n<td style=\"width: 83px; text-align: center; height: 56px;\">Barcelona<\/td>\n<td style=\"width: 389.25px; text-align: center; height: 56px;\">Miguel Illescas C\u00f3rdoba<\/td>\n<\/tr>\n<tr style=\"height: 56px;\">\n<td style=\"width: 59px; text-align: center; height: 56px;\">2005<\/td>\n<td style=\"width: 83px; text-align: center; height: 56px;\">Benasque<\/td>\n<td style=\"width: 389.25px; text-align: center; height: 56px;\">Elizbar Ubliva<\/td>\n<\/tr>\n<tr style=\"height: 56px;\">\n<td style=\"width: 59px; text-align: center; height: 56px;\">2006<\/td>\n<td style=\"width: 83px; text-align: center; height: 56px;\">Pontevedra<\/td>\n<td style=\"width: 389.25px; text-align: center; height: 56px;\">Salvador Gabriel del R\u00edo Angelis<\/td>\n<\/tr>\n<tr style=\"height: 56px;\">\n<td style=\"width: 59px; text-align: center; height: 56px;\">2007<\/td>\n<td style=\"width: 83px; text-align: center; height: 56px;\">Barcelona<\/td>\n<td style=\"width: 389.25px; text-align: center; height: 56px;\">Marc Narciso Dublan<\/td>\n<\/tr>\n<tr style=\"height: 56px;\">\n<td style=\"width: 59px; text-align: center; height: 56px;\">2008<\/td>\n<td style=\"width: 83px; text-align: center; height: 56px;\">Madrid<\/td>\n<td style=\"width: 389.25px; text-align: center; height: 56px;\">Ibragim Khamrakulov<\/td>\n<\/tr>\n<tr style=\"height: 56px;\">\n<td style=\"width: 59px; text-align: center; height: 56px;\">2010<\/td>\n<td style=\"width: 83px; text-align: center; height: 56px;\">Benasque<\/td>\n<td style=\"width: 389.25px; text-align: center; height: 56px;\">Pablo Almagro Llamas<\/td>\n<\/tr>\n<tr style=\"height: 56px;\">\n<td style=\"width: 59px; text-align: center; height: 56px;\">2011<\/td>\n<td style=\"width: 83px; text-align: center; height: 56px;\">Barcelona<\/td>\n<td style=\"width: 389.25px; text-align: center; height: 56px;\">Ibragim Khamrakulov<\/td>\n<\/tr>\n<tr style=\"height: 96px;\">\n<td style=\"width: 59px; text-align: center; height: 152px;\" rowspan=\"2\">2013<\/td>\n<td style=\"width: 83px; text-align: center; height: 152px;\" rowspan=\"2\">Linares<\/td>\n<td style=\"width: 389.25px; text-align: center; height: 96px;\">\n<p>Kamil Miton (Campe\u00f3n)<\/p>\n<p>David Lari\u00f1o Nieto (1\u00ba Espa\u00f1ol)<\/p>\n<\/td>\n<\/tr>\n<tr style=\"height: 56px;\">\n<td style=\"width: 389.25px; text-align: center; height: 56px;\">Ana Matnadze<\/td>\n<\/tr>\n<tr style=\"height: 56.3333px;\">\n<td style=\"width: 59px; text-align: center; height: 112.333px;\" rowspan=\"2\">2014<\/td>\n<td style=\"width: 83px; text-align: center; height: 112.333px;\" rowspan=\"2\">Linares<\/td>\n<td style=\"width: 389.25px; text-align: center; height: 56.3333px;\">Iv\u00e1n Salgado L\u00f3pez<\/td>\n<\/tr>\n<tr style=\"height: 56px;\">\n<td style=\"width: 389.25px; text-align: center; height: 56px;\">Ana Matnadze<\/td>\n<\/tr>\n<tr style=\"height: 96px;\">\n<td style=\"width: 59px; text-align: center; height: 152px;\" rowspan=\"2\">2015<\/td>\n<td style=\"width: 83px; text-align: center; height: 152px;\" rowspan=\"2\">Linares<\/td>\n<td style=\"width: 389.25px; text-align: center; height: 96px;\">\n<p>Julio Granda Z\u00fa\u00f1iga (Campe\u00f3n)<\/p>\n<p>Iv\u00e1n Salgado L\u00f3pez (1\u00ba Espa\u00f1ol)<\/p>\n<\/td>\n<\/tr>\n<tr style=\"height: 56px;\">\n<td style=\"width: 389.25px; text-align: center; height: 56px;\">Yudania Hern\u00e1ndez Est\u00e9vez<\/td>\n<\/tr>\n<tr style=\"height: 56px;\">\n<td style=\"width: 59px; text-align: center; height: 112px;\" rowspan=\"2\">2016<\/td>\n<td style=\"width: 83px; text-align: center; height: 112px;\" rowspan=\"2\">Linares<\/td>\n<td style=\"width: 389.25px; text-align: center; height: 56px;\">Alvar Alonso Rosell<\/td>\n<\/tr>\n<tr style=\"height: 56px;\">\n<td style=\"width: 389.25px; text-align: center; height: 56px;\">Ana Matnadze<\/td>\n<\/tr>\n<tr style=\"height: 56px;\">\n<td style=\"width: 59px; text-align: center; height: 112px;\" rowspan=\"2\">2017<\/td>\n<td style=\"width: 83px; text-align: center; height: 112px;\" rowspan=\"2\">Linares<\/td>\n<td style=\"width: 389.25px; text-align: center; height: 56px;\">Renier V\u00e1zquez Igarza<\/td>\n<\/tr>\n<tr style=\"height: 56px;\">\n<td style=\"width: 389.25px; height: 56px; text-align: center;\">Ana Matnadze<\/td>\n<\/tr>\n<tr>\n<td style=\"width: 59px; text-align: center;\" rowspan=\"2\">2018<\/td>\n<td style=\"width: 83px; text-align: center;\" rowspan=\"2\">Linares<\/td>\n<td style=\"width: 389.25px; height: 56px; text-align: center;\">David Ant\u00f3n Guijarro<\/td>\n<\/tr>\n<tr>\n<td style=\"width: 389.25px; height: 56px; text-align: center;\">Ana Matnadze<\/td>\n<\/tr>\n<tr>\n<td style=\"width: 59px; text-align: center;\" rowspan=\"2\">2019<\/td>\n<td style=\"width: 83px; text-align: center;\" rowspan=\"2\">Linares<\/td>\n<td style=\"width: 389.25px; height: 56px; text-align: center;\">Enrique Tejedor Fuente<\/td>\n<\/tr>\n<tr>\n<td style=\"width: 389.25px; height: 56px; text-align: center;\">Ana Matnadze<\/td>\n<\/tr>\n<\/tbody>\n<\/table>\n<table class=\"aligncenter\" style=\"width: 514px;\" border=\"1\" cellspacing=\"0\" cellpadding=\"0\">\n<tbody>\n<tr style=\"height: 56px;\">\n<td style=\"width: 524.333px; text-align: center;\" colspan=\"3\"><strong>REL\u00c1MPAGO<\/strong><\/td>\n<\/tr>\n<tr style=\"height: 56px;\">\n<td style=\"width: 60px; text-align: center;\"><strong>A\u00d1O<\/strong><\/td>\n<td style=\"width: 85px; text-align: center;\"><strong>LUGAR<\/strong><\/td>\n<td style=\"width: 379.333px; text-align: center;\"><strong>CAMPEON\/A<\/strong><\/td>\n<\/tr>\n<tr>\n<td style=\"width: 60px; text-align: center;\" rowspan=\"2\">2014<\/td>\n<td style=\"width: 85px; text-align: center;\" rowspan=\"2\">Sabiote<\/td>\n<td style=\"width: 379.333px; text-align: center; height: 56px;\">David Ant\u00f3n Guijarro<\/td>\n<\/tr>\n<tr>\n<td style=\"width: 379.333px; text-align: center; height: 56px;\">Ana Matnadze<\/td>\n<\/tr>\n<tr>\n<td style=\"width: 60px; text-align: center;\" rowspan=\"2\">2015<\/td>\n<td style=\"width: 85px; text-align: center;\" rowspan=\"2\">Linares<\/td>\n<td style=\"width: 379.333px; text-align: center; height: 56px;\">David Ant\u00f3n Guijarro<\/td>\n<\/tr>\n<tr>\n<td style=\"width: 379.333px; text-align: center; height: 56px;\">Ana Matnadze<\/td>\n<\/tr>\n<tr>\n<td style=\"width: 60px; text-align: center;\" rowspan=\"2\">2016<\/td>\n<td style=\"width: 85px; text-align: center;\" rowspan=\"2\">Linares<\/td>\n<td style=\"width: 379.333px; text-align: center; height: 56px;\">Marc Narciso Dubl\u00e1n<\/td>\n<\/tr>\n<tr>\n<td style=\"width: 379.333px; text-align: center; height: 56px;\">Ana Matnadze<\/td>\n<\/tr>\n<tr>\n<td style=\"width: 60px; text-align: center;\" rowspan=\"2\">2017<\/td>\n<td style=\"width: 85px; text-align: center;\" rowspan=\"2\">Linares<\/td>\n<td style=\"width: 379.333px; text-align: center; height: 56px;\">\n<p>L\u00e1zaro Bruz\u00f3n Batista (Campe\u00f3n)<\/p>\n<p>David Lari\u00f1o Nieto (1\u00ba Espa\u00f1ol)<\/p>\n<\/td>\n<\/tr>\n<tr>\n<td style=\"width: 379.333px; text-align: center; height: 56px;\">Ana Matnadze<\/td>\n<\/tr>\n<tr>\n<td style=\"width: 60px; text-align: center;\" rowspan=\"2\">2018<\/td>\n<td style=\"width: 85px; text-align: center;\" rowspan=\"2\">\u00dabeda<\/td>\n<td style=\"width: 379.333px; height: 56px; text-align: center;\">Enrique Tejedor Fuente<\/td>\n<\/tr>\n<tr>\n<td style=\"width: 379.333px; height: 56px; text-align: center;\">Ana Matnadze<\/td>\n<\/tr>\n<tr>\n<td style=\"width: 60px; text-align: center;\" rowspan=\"2\">2019<\/td>\n<td style=\"width: 85px; text-align: center;\" rowspan=\"2\">\u00dabeda<\/td>\n<td style=\"width: 379.333px; height: 56px; text-align: center;\">Marc Narciso Dubl\u00e1n<\/td>\n<\/tr>\n<tr>\n<td style=\"width: 379.333px; height: 56px; text-align: center;\">Ana Matnadze<\/td>\n<\/tr>\n<\/tbody>\n<\/table>\n","protected":false},"excerpt":{"rendered":"<p>R\u00c1PIDO A\u00d1O LUGAR CAMPEON\/A 1987 Teruel Jordi Magem Badals 1989 Viella Francisco Javier Ochoa de Echag\u00fcen 1999 Zaragoza Jordi Magem Badals 2001 Cheste Pablo J. Glavina Rossi 2003 Barcelona Miguel Illescas C\u00f3rdoba 2005 Benasque Elizbar Ubliva 2006 Pontevedra Salvador Gabriel del R\u00edo Angelis 2007 Barcelona Marc Narciso Dublan 2008 Madrid Ibragim Khamrakulov 2010 Benasque Pablo [&hellip;]<\/p>\n","protected":false},"author":1,"featured_media":0,"comment_status":"closed","ping_status":"closed","sticky":false,"template":"","format":"standard","meta":{"footnotes":""},"categories":[35],"tags":[],"class_list":["post-1380","post","type-post","status-publish","format-standard","hentry","category-historial-de-los-campeonatos-de-espana"],"yoast_head":"<!-- This site is optimized with the Yoast SEO plugin v27.4 - https:\/\/yoast.com\/product\/yoast-seo-wordpress\/ -->\n<title>Historial Campeonato de Espa\u00f1a Absoluto R\u00e1pido y Rel\u00e1mpago - FEDA<\/title>\n<meta name=\"description\" content=\"FEDA, Federaci\u00f3n Espa\u00f1ola de Ajedrez, ajedrez madrid, federarse ajedrez, campeonato de Espa\u00f1a de ajedrez, ajedrez\" \/>\n<meta name=\"robots\" content=\"index, follow, max-snippet:-1, max-image-preview:large, max-video-preview:-1\" \/>\n<link rel=\"canonical\" href=\"https:\/\/feda.org\/feda2k16\/historial-campeonato-de-espana-absoluto-rapido-y-relampago\/\" \/>\n<meta property=\"og:locale\" content=\"es_ES\" \/>\n<meta property=\"og:type\" content=\"article\" \/>\n<meta property=\"og:title\" content=\"Historial Campeonato de Espa\u00f1a Absoluto R\u00e1pido y Rel\u00e1mpago - FEDA\" \/>\n<meta property=\"og:description\" content=\"FEDA, Federaci\u00f3n Espa\u00f1ola de Ajedrez, ajedrez madrid, federarse ajedrez, campeonato de Espa\u00f1a de ajedrez, ajedrez\" \/>\n<meta property=\"og:url\" content=\"https:\/\/feda.org\/feda2k16\/historial-campeonato-de-espana-absoluto-rapido-y-relampago\/\" \/>\n<meta property=\"og:site_name\" content=\"FEDA\" \/>\n<meta property=\"article:publisher\" content=\"https:\/\/www.facebook.com\/federacionespanoladeajedrez\/\" \/>\n<meta property=\"article:published_time\" content=\"2015-01-26T15:36:00+00:00\" \/>\n<meta property=\"article:modified_time\" content=\"2019-10-31T11:02:29+00:00\" \/>\n<meta name=\"author\" content=\"feda2k16\" \/>\n<meta name=\"twitter:card\" content=\"summary_large_image\" \/>\n<meta name=\"twitter:creator\" content=\"@AjedrezEspanola\" \/>\n<meta name=\"twitter:site\" content=\"@AjedrezEspanola\" \/>\n<meta name=\"twitter:label1\" content=\"Escrito por\" \/>\n\t<meta name=\"twitter:data1\" content=\"feda2k16\" \/>\n\t<meta name=\"twitter:label2\" content=\"Tiempo de lectura\" \/>\n\t<meta name=\"twitter:data2\" content=\"1 minuto\" \/>\n<script type=\"application\/ld+json\" class=\"yoast-schema-graph\">{\"@context\":\"https:\\\/\\\/schema.org\",\"@graph\":[{\"@type\":\"Article\",\"@id\":\"https:\\\/\\\/feda.org\\\/feda2k16\\\/historial-campeonato-de-espana-absoluto-rapido-y-relampago\\\/#article\",\"isPartOf\":{\"@id\":\"https:\\\/\\\/feda.org\\\/feda2k16\\\/historial-campeonato-de-espana-absoluto-rapido-y-relampago\\\/\"},\"author\":{\"name\":\"feda2k16\",\"@id\":\"https:\\\/\\\/feda.org\\\/feda2k16\\\/#\\\/schema\\\/person\\\/80aa48a4dc5c6ea03ca1dbf21ce423da\"},\"headline\":\"Historial Campeonato de Espa\u00f1a Absoluto R\u00e1pido y Rel\u00e1mpago\",\"datePublished\":\"2015-01-26T15:36:00+00:00\",\"dateModified\":\"2019-10-31T11:02:29+00:00\",\"mainEntityOfPage\":{\"@id\":\"https:\\\/\\\/feda.org\\\/feda2k16\\\/historial-campeonato-de-espana-absoluto-rapido-y-relampago\\\/\"},\"wordCount\":190,\"publisher\":{\"@id\":\"https:\\\/\\\/feda.org\\\/feda2k16\\\/#organization\"},\"articleSection\":[\"Historial de los Campeonatos de Espa\u00f1a\"],\"inLanguage\":\"es\"},{\"@type\":\"WebPage\",\"@id\":\"https:\\\/\\\/feda.org\\\/feda2k16\\\/historial-campeonato-de-espana-absoluto-rapido-y-relampago\\\/\",\"url\":\"https:\\\/\\\/feda.org\\\/feda2k16\\\/historial-campeonato-de-espana-absoluto-rapido-y-relampago\\\/\",\"name\":\"Historial Campeonato de Espa\u00f1a Absoluto R\u00e1pido y Rel\u00e1mpago - FEDA\",\"isPartOf\":{\"@id\":\"https:\\\/\\\/feda.org\\\/feda2k16\\\/#website\"},\"datePublished\":\"2015-01-26T15:36:00+00:00\",\"dateModified\":\"2019-10-31T11:02:29+00:00\",\"description\":\"FEDA, Federaci\u00f3n Espa\u00f1ola de Ajedrez, ajedrez madrid, federarse ajedrez, campeonato de Espa\u00f1a de ajedrez, ajedrez\",\"breadcrumb\":{\"@id\":\"https:\\\/\\\/feda.org\\\/feda2k16\\\/historial-campeonato-de-espana-absoluto-rapido-y-relampago\\\/#breadcrumb\"},\"inLanguage\":\"es\",\"potentialAction\":[{\"@type\":\"ReadAction\",\"target\":[\"https:\\\/\\\/feda.org\\\/feda2k16\\\/historial-campeonato-de-espana-absoluto-rapido-y-relampago\\\/\"]}]},{\"@type\":\"BreadcrumbList\",\"@id\":\"https:\\\/\\\/feda.org\\\/feda2k16\\\/historial-campeonato-de-espana-absoluto-rapido-y-relampago\\\/#breadcrumb\",\"itemListElement\":[{\"@type\":\"ListItem\",\"position\":1,\"name\":\"Portada\",\"item\":\"https:\\\/\\\/feda.org\\\/feda2k16\\\/\"},{\"@type\":\"ListItem\",\"position\":2,\"name\":\"Historial Campeonato de Espa\u00f1a Absoluto R\u00e1pido y Rel\u00e1mpago\"}]},{\"@type\":\"WebSite\",\"@id\":\"https:\\\/\\\/feda.org\\\/feda2k16\\\/#website\",\"url\":\"https:\\\/\\\/feda.org\\\/feda2k16\\\/\",\"name\":\"FEDA\",\"description\":\"Federaci\u00f3n Espa\u00f1ola de Ajedrez\",\"publisher\":{\"@id\":\"https:\\\/\\\/feda.org\\\/feda2k16\\\/#organization\"},\"alternateName\":\"Federaci\u00f3n Espa\u00f1ola de Ajedrez\",\"potentialAction\":[{\"@type\":\"SearchAction\",\"target\":{\"@type\":\"EntryPoint\",\"urlTemplate\":\"https:\\\/\\\/feda.org\\\/feda2k16\\\/?s={search_term_string}\"},\"query-input\":{\"@type\":\"PropertyValueSpecification\",\"valueRequired\":true,\"valueName\":\"search_term_string\"}}],\"inLanguage\":\"es\"},{\"@type\":\"Organization\",\"@id\":\"https:\\\/\\\/feda.org\\\/feda2k16\\\/#organization\",\"name\":\"FEDA\",\"alternateName\":\"Federaci\u00f3n Espa\u00f1ola de Ajedrez\",\"url\":\"https:\\\/\\\/feda.org\\\/feda2k16\\\/\",\"logo\":{\"@type\":\"ImageObject\",\"inLanguage\":\"es\",\"@id\":\"https:\\\/\\\/feda.org\\\/feda2k16\\\/#\\\/schema\\\/logo\\\/image\\\/\",\"url\":\"https:\\\/\\\/feda.org\\\/feda2k16\\\/wp-content\\\/uploads\\\/NuevoLogo_FEDA_2016.png\",\"contentUrl\":\"https:\\\/\\\/feda.org\\\/feda2k16\\\/wp-content\\\/uploads\\\/NuevoLogo_FEDA_2016.png\",\"width\":600,\"height\":600,\"caption\":\"FEDA\"},\"image\":{\"@id\":\"https:\\\/\\\/feda.org\\\/feda2k16\\\/#\\\/schema\\\/logo\\\/image\\\/\"},\"sameAs\":[\"https:\\\/\\\/www.facebook.com\\\/federacionespanoladeajedrez\\\/\",\"https:\\\/\\\/x.com\\\/AjedrezEspanola\",\"https:\\\/\\\/www.instagram.com\\\/federacionespanolaajedrez\\\/?hl=es\",\"https:\\\/\\\/www.youtube.com\\\/@FederacionEspanoladeAjedrezFED\\\/featured\"]},{\"@type\":\"Person\",\"@id\":\"https:\\\/\\\/feda.org\\\/feda2k16\\\/#\\\/schema\\\/person\\\/80aa48a4dc5c6ea03ca1dbf21ce423da\",\"name\":\"feda2k16\",\"url\":\"https:\\\/\\\/feda.org\\\/feda2k16\\\/author\\\/feda2k16\\\/\"}]}<\/script>\n<!-- \/ Yoast SEO plugin. -->","yoast_head_json":{"title":"Historial Campeonato de Espa\u00f1a Absoluto R\u00e1pido y Rel\u00e1mpago - FEDA","description":"FEDA, Federaci\u00f3n Espa\u00f1ola de Ajedrez, ajedrez madrid, federarse ajedrez, campeonato de Espa\u00f1a de ajedrez, ajedrez","robots":{"index":"index","follow":"follow","max-snippet":"max-snippet:-1","max-image-preview":"max-image-preview:large","max-video-preview":"max-video-preview:-1"},"canonical":"https:\/\/feda.org\/feda2k16\/historial-campeonato-de-espana-absoluto-rapido-y-relampago\/","og_locale":"es_ES","og_type":"article","og_title":"Historial Campeonato de Espa\u00f1a Absoluto R\u00e1pido y Rel\u00e1mpago - FEDA","og_description":"FEDA, Federaci\u00f3n Espa\u00f1ola de Ajedrez, ajedrez madrid, federarse ajedrez, campeonato de Espa\u00f1a de ajedrez, ajedrez","og_url":"https:\/\/feda.org\/feda2k16\/historial-campeonato-de-espana-absoluto-rapido-y-relampago\/","og_site_name":"FEDA","article_publisher":"https:\/\/www.facebook.com\/federacionespanoladeajedrez\/","article_published_time":"2015-01-26T15:36:00+00:00","article_modified_time":"2019-10-31T11:02:29+00:00","author":"feda2k16","twitter_card":"summary_large_image","twitter_creator":"@AjedrezEspanola","twitter_site":"@AjedrezEspanola","twitter_misc":{"Escrito por":"feda2k16","Tiempo de lectura":"1 minuto"},"schema":{"@context":"https:\/\/schema.org","@graph":[{"@type":"Article","@id":"https:\/\/feda.org\/feda2k16\/historial-campeonato-de-espana-absoluto-rapido-y-relampago\/#article","isPartOf":{"@id":"https:\/\/feda.org\/feda2k16\/historial-campeonato-de-espana-absoluto-rapido-y-relampago\/"},"author":{"name":"feda2k16","@id":"https:\/\/feda.org\/feda2k16\/#\/schema\/person\/80aa48a4dc5c6ea03ca1dbf21ce423da"},"headline":"Historial Campeonato de Espa\u00f1a Absoluto R\u00e1pido y Rel\u00e1mpago","datePublished":"2015-01-26T15:36:00+00:00","dateModified":"2019-10-31T11:02:29+00:00","mainEntityOfPage":{"@id":"https:\/\/feda.org\/feda2k16\/historial-campeonato-de-espana-absoluto-rapido-y-relampago\/"},"wordCount":190,"publisher":{"@id":"https:\/\/feda.org\/feda2k16\/#organization"},"articleSection":["Historial de los Campeonatos de Espa\u00f1a"],"inLanguage":"es"},{"@type":"WebPage","@id":"https:\/\/feda.org\/feda2k16\/historial-campeonato-de-espana-absoluto-rapido-y-relampago\/","url":"https:\/\/feda.org\/feda2k16\/historial-campeonato-de-espana-absoluto-rapido-y-relampago\/","name":"Historial Campeonato de Espa\u00f1a Absoluto R\u00e1pido y Rel\u00e1mpago - FEDA","isPartOf":{"@id":"https:\/\/feda.org\/feda2k16\/#website"},"datePublished":"2015-01-26T15:36:00+00:00","dateModified":"2019-10-31T11:02:29+00:00","description":"FEDA, Federaci\u00f3n Espa\u00f1ola de Ajedrez, ajedrez madrid, federarse ajedrez, campeonato de Espa\u00f1a de ajedrez, ajedrez","breadcrumb":{"@id":"https:\/\/feda.org\/feda2k16\/historial-campeonato-de-espana-absoluto-rapido-y-relampago\/#breadcrumb"},"inLanguage":"es","potentialAction":[{"@type":"ReadAction","target":["https:\/\/feda.org\/feda2k16\/historial-campeonato-de-espana-absoluto-rapido-y-relampago\/"]}]},{"@type":"BreadcrumbList","@id":"https:\/\/feda.org\/feda2k16\/historial-campeonato-de-espana-absoluto-rapido-y-relampago\/#breadcrumb","itemListElement":[{"@type":"ListItem","position":1,"name":"Portada","item":"https:\/\/feda.org\/feda2k16\/"},{"@type":"ListItem","position":2,"name":"Historial Campeonato de Espa\u00f1a Absoluto R\u00e1pido y Rel\u00e1mpago"}]},{"@type":"WebSite","@id":"https:\/\/feda.org\/feda2k16\/#website","url":"https:\/\/feda.org\/feda2k16\/","name":"FEDA","description":"Federaci\u00f3n Espa\u00f1ola de Ajedrez","publisher":{"@id":"https:\/\/feda.org\/feda2k16\/#organization"},"alternateName":"Federaci\u00f3n Espa\u00f1ola de Ajedrez","potentialAction":[{"@type":"SearchAction","target":{"@type":"EntryPoint","urlTemplate":"https:\/\/feda.org\/feda2k16\/?s={search_term_string}"},"query-input":{"@type":"PropertyValueSpecification","valueRequired":true,"valueName":"search_term_string"}}],"inLanguage":"es"},{"@type":"Organization","@id":"https:\/\/feda.org\/feda2k16\/#organization","name":"FEDA","alternateName":"Federaci\u00f3n Espa\u00f1ola de Ajedrez","url":"https:\/\/feda.org\/feda2k16\/","logo":{"@type":"ImageObject","inLanguage":"es","@id":"https:\/\/feda.org\/feda2k16\/#\/schema\/logo\/image\/","url":"https:\/\/feda.org\/feda2k16\/wp-content\/uploads\/NuevoLogo_FEDA_2016.png","contentUrl":"https:\/\/feda.org\/feda2k16\/wp-content\/uploads\/NuevoLogo_FEDA_2016.png","width":600,"height":600,"caption":"FEDA"},"image":{"@id":"https:\/\/feda.org\/feda2k16\/#\/schema\/logo\/image\/"},"sameAs":["https:\/\/www.facebook.com\/federacionespanoladeajedrez\/","https:\/\/x.com\/AjedrezEspanola","https:\/\/www.instagram.com\/federacionespanolaajedrez\/?hl=es","https:\/\/www.youtube.com\/@FederacionEspanoladeAjedrezFED\/featured"]},{"@type":"Person","@id":"https:\/\/feda.org\/feda2k16\/#\/schema\/person\/80aa48a4dc5c6ea03ca1dbf21ce423da","name":"feda2k16","url":"https:\/\/feda.org\/feda2k16\/author\/feda2k16\/"}]}},"_links":{"self":[{"href":"https:\/\/feda.org\/feda2k16\/wp-json\/wp\/v2\/posts\/1380","targetHints":{"allow":["GET"]}}],"collection":[{"href":"https:\/\/feda.org\/feda2k16\/wp-json\/wp\/v2\/posts"}],"about":[{"href":"https:\/\/feda.org\/feda2k16\/wp-json\/wp\/v2\/types\/post"}],"author":[{"embeddable":true,"href":"https:\/\/feda.org\/feda2k16\/wp-json\/wp\/v2\/users\/1"}],"replies":[{"embeddable":true,"href":"https:\/\/feda.org\/feda2k16\/wp-json\/wp\/v2\/comments?post=1380"}],"version-history":[{"count":34,"href":"https:\/\/feda.org\/feda2k16\/wp-json\/wp\/v2\/posts\/1380\/revisions"}],"predecessor-version":[{"id":15786,"href":"https:\/\/feda.org\/feda2k16\/wp-json\/wp\/v2\/posts\/1380\/revisions\/15786"}],"wp:attachment":[{"href":"https:\/\/feda.org\/feda2k16\/wp-json\/wp\/v2\/media?parent=1380"}],"wp:term":[{"taxonomy":"category","embeddable":true,"href":"https:\/\/feda.org\/feda2k16\/wp-json\/wp\/v2\/categories?post=1380"},{"taxonomy":"post_tag","embeddable":true,"href":"https:\/\/feda.org\/feda2k16\/wp-json\/wp\/v2\/tags?post=1380"}],"curies":[{"name":"wp","href":"https:\/\/api.w.org\/{rel}","templated":true}]}}