{"id":14044,"date":"2018-07-23T09:04:38","date_gmt":"2018-07-23T09:04:38","guid":{"rendered":"http:\/\/feda.org\/feda2k16\/?p=14044"},"modified":"2018-07-23T09:32:29","modified_gmt":"2018-07-23T09:32:29","slug":"campeonato-de-espana-sub-14-rapido-5","status":"publish","type":"post","link":"https:\/\/feda.org\/feda2k16\/campeonato-de-espana-sub-14-rapido-5\/","title":{"rendered":"Campeonato de Espa\u00f1a Sub-14 R\u00e1pido"},"content":{"rendered":"<p><img fetchpriority=\"high\" decoding=\"async\" class=\"aligncenter wp-image-14046\" src=\"http:\/\/feda.org\/feda2k16\/wp-content\/uploads\/DSC_0257.jpg\" alt=\"\" width=\"700\" height=\"565\" srcset=\"https:\/\/feda.org\/feda2k16\/wp-content\/uploads\/DSC_0257.jpg 4642w, https:\/\/feda.org\/feda2k16\/wp-content\/uploads\/DSC_0257-768x620.jpg 768w\" sizes=\"(max-width: 700px) 100vw, 700px\" \/><\/p>\n<p style=\"text-align: justify;\">El Campeonato de Espa\u00f1a r\u00e1pido en su categor\u00eda sub-14 ha contado con 152 participantes. El aragon\u00e9s Pedro Antonio Gin\u00e9s Esteo se ha proclamado campe\u00f3n del torneo con 8 puntos de 9 posibles. Con 7,5 puntos el tambi\u00e9n aragon\u00e9s Jos\u00e9 Escart\u00edn Lacasa se ha hecho con el subcampeonato mientras que el jugador andaluz Salvador P\u00e9rez Beltr\u00e1n ha ocupado la tercera posici\u00f3n con los mismos puntos. En la clasificaci\u00f3n femenina, la valenciana Viviana Galv\u00e1n Cipriani se ha alzado con la victoria con 7 puntos, empatada con la segunda clasificada, la aragonesa Mar\u00eda Eizaguerri Floris. La andaluza Rosa Adela Lorente Serrano con 6,5 puntos ha finalizado en la tercera posici\u00f3n.<\/p>\n<p><a href=\"https:\/\/chess24.com\/es\/watch\/live-tournaments\/espana-sub14-rapidas-2018\/9\/1\/1\">Partidas en Chess24<\/a><a href=\"https:\/\/chess24.com\/es\/watch\/live-tournaments\/espana-sub14-rapidas-2018\/9\/1\/1\"><img decoding=\"async\" class=\"alignleft wp-image-13891\" src=\"http:\/\/feda.org\/feda2k16\/wp-content\/uploads\/cartel_salobre\u00f1a_2018definitivo.jpg\" alt=\"\" width=\"93\" height=\"200\" srcset=\"https:\/\/feda.org\/feda2k16\/wp-content\/uploads\/cartel_salobre\u00f1a_2018definitivo.jpg 3146w, https:\/\/feda.org\/feda2k16\/wp-content\/uploads\/cartel_salobre\u00f1a_2018definitivo-768x1655.jpg 768w\" sizes=\"(max-width: 93px) 100vw, 93px\" \/><\/a><\/p>\n<p><a href=\"https:\/\/info64.org\/sub14rapido\/standings\">Clasificaci\u00f3n en Info64<\/a><\/p>\n<p><a href=\"https:\/\/www.facebook.com\/pg\/federacionespanoladeajedrez\/photos\/?tab=album&amp;album_id=2011404189170610\">Galer\u00eda de Fotos<\/a><\/p>\n<p>&nbsp;<\/p>\n<p>&nbsp;<\/p>\n","protected":false},"excerpt":{"rendered":"<p>El Campeonato de Espa\u00f1a r\u00e1pido en su categor\u00eda sub-14 ha contado con 152 participantes. El aragon\u00e9s Pedro Antonio Gin\u00e9s Esteo se ha proclamado campe\u00f3n del torneo con 8 puntos de 9 posibles. Con 7,5 puntos el tambi\u00e9n aragon\u00e9s Jos\u00e9 Escart\u00edn Lacasa se ha hecho con el subcampeonato mientras que el jugador andaluz Salvador P\u00e9rez Beltr\u00e1n [&hellip;]<\/p>\n","protected":false},"author":2,"featured_media":0,"comment_status":"closed","ping_status":"closed","sticky":false,"template":"","format":"standard","meta":{"footnotes":""},"categories":[16],"tags":[],"class_list":["post-14044","post","type-post","status-publish","format-standard","hentry","category-noticias"],"yoast_head":"<!-- This site is optimized with the Yoast SEO plugin v27.5 - https:\/\/yoast.com\/product\/yoast-seo-wordpress\/ -->\n<title>Campeonato de Espa\u00f1a Sub-14 R\u00e1pido - FEDA<\/title>\n<meta name=\"description\" content=\"FEDA, Federaci\u00f3n Espa\u00f1ola de Ajedrez, ajedrez madrid, federarse ajedrez, campeonato de Espa\u00f1a de ajedrez, ajedrez\" \/>\n<meta name=\"robots\" content=\"index, follow, max-snippet:-1, max-image-preview:large, max-video-preview:-1\" \/>\n<link rel=\"canonical\" href=\"https:\/\/feda.org\/feda2k16\/campeonato-de-espana-sub-14-rapido-5\/\" \/>\n<meta property=\"og:locale\" content=\"es_ES\" \/>\n<meta property=\"og:type\" content=\"article\" \/>\n<meta property=\"og:title\" content=\"Campeonato de Espa\u00f1a Sub-14 R\u00e1pido - FEDA\" \/>\n<meta property=\"og:description\" content=\"FEDA, Federaci\u00f3n Espa\u00f1ola de Ajedrez, ajedrez madrid, federarse ajedrez, campeonato de Espa\u00f1a de ajedrez, ajedrez\" \/>\n<meta property=\"og:url\" content=\"https:\/\/feda.org\/feda2k16\/campeonato-de-espana-sub-14-rapido-5\/\" \/>\n<meta property=\"og:site_name\" content=\"FEDA\" \/>\n<meta property=\"article:publisher\" content=\"https:\/\/www.facebook.com\/federacionespanoladeajedrez\/\" \/>\n<meta property=\"article:published_time\" content=\"2018-07-23T09:04:38+00:00\" \/>\n<meta property=\"article:modified_time\" content=\"2018-07-23T09:32:29+00:00\" \/>\n<meta property=\"og:image\" content=\"http:\/\/feda.org\/feda2k16\/wp-content\/uploads\/DSC_0257.jpg\" \/>\n<meta name=\"author\" content=\"Nacho\" \/>\n<meta name=\"twitter:card\" content=\"summary_large_image\" \/>\n<meta name=\"twitter:creator\" content=\"@AjedrezEspanola\" \/>\n<meta name=\"twitter:site\" content=\"@AjedrezEspanola\" \/>\n<meta name=\"twitter:label1\" content=\"Escrito por\" \/>\n\t<meta name=\"twitter:data1\" content=\"Nacho\" \/>\n\t<meta name=\"twitter:label2\" content=\"Tiempo de lectura\" \/>\n\t<meta name=\"twitter:data2\" content=\"1 minuto\" \/>\n<script type=\"application\/ld+json\" class=\"yoast-schema-graph\">{\"@context\":\"https:\\\/\\\/schema.org\",\"@graph\":[{\"@type\":\"Article\",\"@id\":\"https:\\\/\\\/feda.org\\\/feda2k16\\\/campeonato-de-espana-sub-14-rapido-5\\\/#article\",\"isPartOf\":{\"@id\":\"https:\\\/\\\/feda.org\\\/feda2k16\\\/campeonato-de-espana-sub-14-rapido-5\\\/\"},\"author\":{\"name\":\"Nacho\",\"@id\":\"https:\\\/\\\/feda.org\\\/feda2k16\\\/#\\\/schema\\\/person\\\/6f81e48d83f6f1503890fdb658f2ff4e\"},\"headline\":\"Campeonato de Espa\u00f1a Sub-14 R\u00e1pido\",\"datePublished\":\"2018-07-23T09:04:38+00:00\",\"dateModified\":\"2018-07-23T09:32:29+00:00\",\"mainEntityOfPage\":{\"@id\":\"https:\\\/\\\/feda.org\\\/feda2k16\\\/campeonato-de-espana-sub-14-rapido-5\\\/\"},\"wordCount\":137,\"publisher\":{\"@id\":\"https:\\\/\\\/feda.org\\\/feda2k16\\\/#organization\"},\"image\":{\"@id\":\"https:\\\/\\\/feda.org\\\/feda2k16\\\/campeonato-de-espana-sub-14-rapido-5\\\/#primaryimage\"},\"thumbnailUrl\":\"http:\\\/\\\/feda.org\\\/feda2k16\\\/wp-content\\\/uploads\\\/DSC_0257.jpg\",\"articleSection\":[\"Noticias\"],\"inLanguage\":\"es\"},{\"@type\":\"WebPage\",\"@id\":\"https:\\\/\\\/feda.org\\\/feda2k16\\\/campeonato-de-espana-sub-14-rapido-5\\\/\",\"url\":\"https:\\\/\\\/feda.org\\\/feda2k16\\\/campeonato-de-espana-sub-14-rapido-5\\\/\",\"name\":\"Campeonato de Espa\u00f1a Sub-14 R\u00e1pido - FEDA\",\"isPartOf\":{\"@id\":\"https:\\\/\\\/feda.org\\\/feda2k16\\\/#website\"},\"primaryImageOfPage\":{\"@id\":\"https:\\\/\\\/feda.org\\\/feda2k16\\\/campeonato-de-espana-sub-14-rapido-5\\\/#primaryimage\"},\"image\":{\"@id\":\"https:\\\/\\\/feda.org\\\/feda2k16\\\/campeonato-de-espana-sub-14-rapido-5\\\/#primaryimage\"},\"thumbnailUrl\":\"http:\\\/\\\/feda.org\\\/feda2k16\\\/wp-content\\\/uploads\\\/DSC_0257.jpg\",\"datePublished\":\"2018-07-23T09:04:38+00:00\",\"dateModified\":\"2018-07-23T09:32:29+00:00\",\"description\":\"FEDA, Federaci\u00f3n Espa\u00f1ola de Ajedrez, ajedrez madrid, federarse ajedrez, campeonato de Espa\u00f1a de ajedrez, ajedrez\",\"breadcrumb\":{\"@id\":\"https:\\\/\\\/feda.org\\\/feda2k16\\\/campeonato-de-espana-sub-14-rapido-5\\\/#breadcrumb\"},\"inLanguage\":\"es\",\"potentialAction\":[{\"@type\":\"ReadAction\",\"target\":[\"https:\\\/\\\/feda.org\\\/feda2k16\\\/campeonato-de-espana-sub-14-rapido-5\\\/\"]}]},{\"@type\":\"ImageObject\",\"inLanguage\":\"es\",\"@id\":\"https:\\\/\\\/feda.org\\\/feda2k16\\\/campeonato-de-espana-sub-14-rapido-5\\\/#primaryimage\",\"url\":\"https:\\\/\\\/feda.org\\\/feda2k16\\\/wp-content\\\/uploads\\\/DSC_0257.jpg\",\"contentUrl\":\"https:\\\/\\\/feda.org\\\/feda2k16\\\/wp-content\\\/uploads\\\/DSC_0257.jpg\",\"width\":4642,\"height\":3750},{\"@type\":\"BreadcrumbList\",\"@id\":\"https:\\\/\\\/feda.org\\\/feda2k16\\\/campeonato-de-espana-sub-14-rapido-5\\\/#breadcrumb\",\"itemListElement\":[{\"@type\":\"ListItem\",\"position\":1,\"name\":\"Portada\",\"item\":\"https:\\\/\\\/feda.org\\\/feda2k16\\\/\"},{\"@type\":\"ListItem\",\"position\":2,\"name\":\"Campeonato de Espa\u00f1a Sub-14 R\u00e1pido\"}]},{\"@type\":\"WebSite\",\"@id\":\"https:\\\/\\\/feda.org\\\/feda2k16\\\/#website\",\"url\":\"https:\\\/\\\/feda.org\\\/feda2k16\\\/\",\"name\":\"FEDA\",\"description\":\"Federaci\u00f3n Espa\u00f1ola de Ajedrez\",\"publisher\":{\"@id\":\"https:\\\/\\\/feda.org\\\/feda2k16\\\/#organization\"},\"alternateName\":\"Federaci\u00f3n Espa\u00f1ola de Ajedrez\",\"potentialAction\":[{\"@type\":\"SearchAction\",\"target\":{\"@type\":\"EntryPoint\",\"urlTemplate\":\"https:\\\/\\\/feda.org\\\/feda2k16\\\/?s={search_term_string}\"},\"query-input\":{\"@type\":\"PropertyValueSpecification\",\"valueRequired\":true,\"valueName\":\"search_term_string\"}}],\"inLanguage\":\"es\"},{\"@type\":\"Organization\",\"@id\":\"https:\\\/\\\/feda.org\\\/feda2k16\\\/#organization\",\"name\":\"FEDA\",\"alternateName\":\"Federaci\u00f3n Espa\u00f1ola de Ajedrez\",\"url\":\"https:\\\/\\\/feda.org\\\/feda2k16\\\/\",\"logo\":{\"@type\":\"ImageObject\",\"inLanguage\":\"es\",\"@id\":\"https:\\\/\\\/feda.org\\\/feda2k16\\\/#\\\/schema\\\/logo\\\/image\\\/\",\"url\":\"https:\\\/\\\/feda.org\\\/feda2k16\\\/wp-content\\\/uploads\\\/NuevoLogo_FEDA_2016.png\",\"contentUrl\":\"https:\\\/\\\/feda.org\\\/feda2k16\\\/wp-content\\\/uploads\\\/NuevoLogo_FEDA_2016.png\",\"width\":600,\"height\":600,\"caption\":\"FEDA\"},\"image\":{\"@id\":\"https:\\\/\\\/feda.org\\\/feda2k16\\\/#\\\/schema\\\/logo\\\/image\\\/\"},\"sameAs\":[\"https:\\\/\\\/www.facebook.com\\\/federacionespanoladeajedrez\\\/\",\"https:\\\/\\\/x.com\\\/AjedrezEspanola\",\"https:\\\/\\\/www.instagram.com\\\/federacionespanolaajedrez\\\/?hl=es\",\"https:\\\/\\\/www.youtube.com\\\/@FederacionEspanoladeAjedrezFED\\\/featured\"]},{\"@type\":\"Person\",\"@id\":\"https:\\\/\\\/feda.org\\\/feda2k16\\\/#\\\/schema\\\/person\\\/6f81e48d83f6f1503890fdb658f2ff4e\",\"name\":\"Nacho\",\"url\":\"https:\\\/\\\/feda.org\\\/feda2k16\\\/author\\\/nacho\\\/\"}]}<\/script>\n<!-- \/ Yoast SEO plugin. -->","yoast_head_json":{"title":"Campeonato de Espa\u00f1a Sub-14 R\u00e1pido - FEDA","description":"FEDA, Federaci\u00f3n Espa\u00f1ola de Ajedrez, ajedrez madrid, federarse ajedrez, campeonato de Espa\u00f1a de ajedrez, ajedrez","robots":{"index":"index","follow":"follow","max-snippet":"max-snippet:-1","max-image-preview":"max-image-preview:large","max-video-preview":"max-video-preview:-1"},"canonical":"https:\/\/feda.org\/feda2k16\/campeonato-de-espana-sub-14-rapido-5\/","og_locale":"es_ES","og_type":"article","og_title":"Campeonato de Espa\u00f1a Sub-14 R\u00e1pido - FEDA","og_description":"FEDA, Federaci\u00f3n Espa\u00f1ola de Ajedrez, ajedrez madrid, federarse ajedrez, campeonato de Espa\u00f1a de ajedrez, ajedrez","og_url":"https:\/\/feda.org\/feda2k16\/campeonato-de-espana-sub-14-rapido-5\/","og_site_name":"FEDA","article_publisher":"https:\/\/www.facebook.com\/federacionespanoladeajedrez\/","article_published_time":"2018-07-23T09:04:38+00:00","article_modified_time":"2018-07-23T09:32:29+00:00","og_image":[{"url":"http:\/\/feda.org\/feda2k16\/wp-content\/uploads\/DSC_0257.jpg","type":"","width":"","height":""}],"author":"Nacho","twitter_card":"summary_large_image","twitter_creator":"@AjedrezEspanola","twitter_site":"@AjedrezEspanola","twitter_misc":{"Escrito por":"Nacho","Tiempo de lectura":"1 minuto"},"schema":{"@context":"https:\/\/schema.org","@graph":[{"@type":"Article","@id":"https:\/\/feda.org\/feda2k16\/campeonato-de-espana-sub-14-rapido-5\/#article","isPartOf":{"@id":"https:\/\/feda.org\/feda2k16\/campeonato-de-espana-sub-14-rapido-5\/"},"author":{"name":"Nacho","@id":"https:\/\/feda.org\/feda2k16\/#\/schema\/person\/6f81e48d83f6f1503890fdb658f2ff4e"},"headline":"Campeonato de Espa\u00f1a Sub-14 R\u00e1pido","datePublished":"2018-07-23T09:04:38+00:00","dateModified":"2018-07-23T09:32:29+00:00","mainEntityOfPage":{"@id":"https:\/\/feda.org\/feda2k16\/campeonato-de-espana-sub-14-rapido-5\/"},"wordCount":137,"publisher":{"@id":"https:\/\/feda.org\/feda2k16\/#organization"},"image":{"@id":"https:\/\/feda.org\/feda2k16\/campeonato-de-espana-sub-14-rapido-5\/#primaryimage"},"thumbnailUrl":"http:\/\/feda.org\/feda2k16\/wp-content\/uploads\/DSC_0257.jpg","articleSection":["Noticias"],"inLanguage":"es"},{"@type":"WebPage","@id":"https:\/\/feda.org\/feda2k16\/campeonato-de-espana-sub-14-rapido-5\/","url":"https:\/\/feda.org\/feda2k16\/campeonato-de-espana-sub-14-rapido-5\/","name":"Campeonato de Espa\u00f1a Sub-14 R\u00e1pido - FEDA","isPartOf":{"@id":"https:\/\/feda.org\/feda2k16\/#website"},"primaryImageOfPage":{"@id":"https:\/\/feda.org\/feda2k16\/campeonato-de-espana-sub-14-rapido-5\/#primaryimage"},"image":{"@id":"https:\/\/feda.org\/feda2k16\/campeonato-de-espana-sub-14-rapido-5\/#primaryimage"},"thumbnailUrl":"http:\/\/feda.org\/feda2k16\/wp-content\/uploads\/DSC_0257.jpg","datePublished":"2018-07-23T09:04:38+00:00","dateModified":"2018-07-23T09:32:29+00:00","description":"FEDA, Federaci\u00f3n Espa\u00f1ola de Ajedrez, ajedrez madrid, federarse ajedrez, campeonato de Espa\u00f1a de ajedrez, ajedrez","breadcrumb":{"@id":"https:\/\/feda.org\/feda2k16\/campeonato-de-espana-sub-14-rapido-5\/#breadcrumb"},"inLanguage":"es","potentialAction":[{"@type":"ReadAction","target":["https:\/\/feda.org\/feda2k16\/campeonato-de-espana-sub-14-rapido-5\/"]}]},{"@type":"ImageObject","inLanguage":"es","@id":"https:\/\/feda.org\/feda2k16\/campeonato-de-espana-sub-14-rapido-5\/#primaryimage","url":"https:\/\/feda.org\/feda2k16\/wp-content\/uploads\/DSC_0257.jpg","contentUrl":"https:\/\/feda.org\/feda2k16\/wp-content\/uploads\/DSC_0257.jpg","width":4642,"height":3750},{"@type":"BreadcrumbList","@id":"https:\/\/feda.org\/feda2k16\/campeonato-de-espana-sub-14-rapido-5\/#breadcrumb","itemListElement":[{"@type":"ListItem","position":1,"name":"Portada","item":"https:\/\/feda.org\/feda2k16\/"},{"@type":"ListItem","position":2,"name":"Campeonato de Espa\u00f1a Sub-14 R\u00e1pido"}]},{"@type":"WebSite","@id":"https:\/\/feda.org\/feda2k16\/#website","url":"https:\/\/feda.org\/feda2k16\/","name":"FEDA","description":"Federaci\u00f3n Espa\u00f1ola de Ajedrez","publisher":{"@id":"https:\/\/feda.org\/feda2k16\/#organization"},"alternateName":"Federaci\u00f3n Espa\u00f1ola de Ajedrez","potentialAction":[{"@type":"SearchAction","target":{"@type":"EntryPoint","urlTemplate":"https:\/\/feda.org\/feda2k16\/?s={search_term_string}"},"query-input":{"@type":"PropertyValueSpecification","valueRequired":true,"valueName":"search_term_string"}}],"inLanguage":"es"},{"@type":"Organization","@id":"https:\/\/feda.org\/feda2k16\/#organization","name":"FEDA","alternateName":"Federaci\u00f3n Espa\u00f1ola de Ajedrez","url":"https:\/\/feda.org\/feda2k16\/","logo":{"@type":"ImageObject","inLanguage":"es","@id":"https:\/\/feda.org\/feda2k16\/#\/schema\/logo\/image\/","url":"https:\/\/feda.org\/feda2k16\/wp-content\/uploads\/NuevoLogo_FEDA_2016.png","contentUrl":"https:\/\/feda.org\/feda2k16\/wp-content\/uploads\/NuevoLogo_FEDA_2016.png","width":600,"height":600,"caption":"FEDA"},"image":{"@id":"https:\/\/feda.org\/feda2k16\/#\/schema\/logo\/image\/"},"sameAs":["https:\/\/www.facebook.com\/federacionespanoladeajedrez\/","https:\/\/x.com\/AjedrezEspanola","https:\/\/www.instagram.com\/federacionespanolaajedrez\/?hl=es","https:\/\/www.youtube.com\/@FederacionEspanoladeAjedrezFED\/featured"]},{"@type":"Person","@id":"https:\/\/feda.org\/feda2k16\/#\/schema\/person\/6f81e48d83f6f1503890fdb658f2ff4e","name":"Nacho","url":"https:\/\/feda.org\/feda2k16\/author\/nacho\/"}]}},"_links":{"self":[{"href":"https:\/\/feda.org\/feda2k16\/wp-json\/wp\/v2\/posts\/14044","targetHints":{"allow":["GET"]}}],"collection":[{"href":"https:\/\/feda.org\/feda2k16\/wp-json\/wp\/v2\/posts"}],"about":[{"href":"https:\/\/feda.org\/feda2k16\/wp-json\/wp\/v2\/types\/post"}],"author":[{"embeddable":true,"href":"https:\/\/feda.org\/feda2k16\/wp-json\/wp\/v2\/users\/2"}],"replies":[{"embeddable":true,"href":"https:\/\/feda.org\/feda2k16\/wp-json\/wp\/v2\/comments?post=14044"}],"version-history":[{"count":5,"href":"https:\/\/feda.org\/feda2k16\/wp-json\/wp\/v2\/posts\/14044\/revisions"}],"predecessor-version":[{"id":14055,"href":"https:\/\/feda.org\/feda2k16\/wp-json\/wp\/v2\/posts\/14044\/revisions\/14055"}],"wp:attachment":[{"href":"https:\/\/feda.org\/feda2k16\/wp-json\/wp\/v2\/media?parent=14044"}],"wp:term":[{"taxonomy":"category","embeddable":true,"href":"https:\/\/feda.org\/feda2k16\/wp-json\/wp\/v2\/categories?post=14044"},{"taxonomy":"post_tag","embeddable":true,"href":"https:\/\/feda.org\/feda2k16\/wp-json\/wp\/v2\/tags?post=14044"}],"curies":[{"name":"wp","href":"https:\/\/api.w.org\/{rel}","templated":true}]}}