{"id":14336,"date":"2018-10-24T11:50:30","date_gmt":"2018-10-24T11:50:30","guid":{"rendered":"http:\/\/feda.org\/feda2k16\/?p=14336"},"modified":"2018-10-24T11:51:06","modified_gmt":"2018-10-24T11:51:06","slug":"campeonato-del-mundo-sub-14-a-sub-18-2","status":"publish","type":"post","link":"https:\/\/feda.org\/feda2k16\/campeonato-del-mundo-sub-14-a-sub-18-2\/","title":{"rendered":"Campeonato del Mundo Sub 14 a Sub 18"},"content":{"rendered":"<p><img fetchpriority=\"high\" decoding=\"async\" class=\"aligncenter wp-image-14337\" src=\"http:\/\/feda.org\/feda2k16\/wp-content\/uploads\/IMG-20181020-WA0028.jpg\" alt=\"\" width=\"700\" height=\"525\" srcset=\"https:\/\/feda.org\/feda2k16\/wp-content\/uploads\/IMG-20181020-WA0028.jpg 1600w, https:\/\/feda.org\/feda2k16\/wp-content\/uploads\/IMG-20181020-WA0028-768x576.jpg 768w\" sizes=\"(max-width: 700px) 100vw, 700px\" \/><\/p>\n<p style=\"text-align: justify;\">Entre los d\u00edas 20 y 30 de octubre se disputa el Campeonato del Mundo de las categor\u00edas Sub 14, Sub 16 y Sub 18 en Halkidiki, Grecia.<\/p>\n<p style=\"text-align: justify;\">Tras cinco rondas disputadas los mejores espa\u00f1oles clasificados por categor\u00eda son: Gerard Ayats Llobera (14\u00ba con 3,5 puntos en sub 18), Ana Redondo Benavente (16\u00aa con 3,5 puntos en sub 18 femenina), Marcos Lianes Garc\u00eda (27\u00ba con 3 puntos en sub 16), Joana Ros Alonso (25\u00aa con 3 puntos en sub 16 femenina), Pedro Antonio Gin\u00e9s Esteo (2\u00ba con 4,5 puntos en sub 14) y Mar\u00eda Eizaguerri Floris (21\u00aa con 3,5 puntos en sub 14 femenina).<\/p>\n<p style=\"text-align: justify;\">La expedici\u00f3n espa\u00f1ola la completan los jugadores: Adri\u00e1n Mart\u00ednez Fern\u00e1ndez (sub 18), Adri\u00e1n Galiana Fern\u00e1ndez (sub 18), Jaume Rovira Vila (sub 18), Francisco Jim\u00e9nez Ramallo (sub 18), Marta Garc\u00eda Mart\u00edn (sub 18 femenina), Mireya Represa P\u00e9rez (sub 18 femenina), Celia Gillis Onieva (sub 18 femenina), Valentina Martos Amiguet (sub 18 femenina), Salvador Guerra Rivera (sub 16), Luis Rodr\u00edguez Izquierdo (sub 16), Gumersindo Fern\u00e1ndez Garc\u00eda (sub 16), Gabriel P\u00e9rez P\u00e9rez (sub 16), Jenny Mar\u00eda Sanabria Taskila (sub 16 femenina), Carla Cristina Sosa Su\u00e1rez (sub 16 femenina), Pablo L\u00f3pez Varela (sub 14), Arnau Gonz\u00e1lez Cobos (sub 14), Miguel Ruiz Buend\u00eda (sub 14), Adhara Rodr\u00edguez Redondo (sub 14 femenina), Viviana Galv\u00e1n Cipriani (sub 14 femenina), Cecilia Guillo Longares (sub 14 femenina) y Luna Yue Hern\u00e1ndez Guerra (sub 14 femenina) y los entrenadores: Ernestos Fern\u00e1ndez, Jordi Magem, Carlos Mart\u00ednez, Carlos Matamoros y Renier V\u00e1zquez.<\/p>\n<p style=\"text-align: justify;\">Las partidas comienzan a las 14:30 y se pueden seguir a trav\u00e9s de chess24 mediante el siguiente <a href=\"https:\/\/chess24.com\/es\/watch\/live-tournaments\/fide-world-youth-championships-2018-o14\/6\/1\/2\">enlace<\/a>.<\/p>\n<p><img decoding=\"async\" class=\"alignleft wp-image-14333 size-full\" src=\"http:\/\/feda.org\/feda2k16\/wp-content\/uploads\/wycc-fb2.jpg\" alt=\"\" width=\"200\" height=\"200\" \/><\/p>\n<p><a href=\"http:\/\/worldyouth2018.com\/\">P\u00e1gina Oficial del Torneo<\/a><\/p>\n<p><a href=\"https:\/\/chess24.com\/es\/watch\/live-tournaments\/fide-world-youth-championships-2018-o18\/6\/1\/1\">Partidas en Chess24<\/a><\/p>\n<p><a href=\"http:\/\/chess-results.com\/tnr385901.aspx?lan=2&amp;art=25&amp;fedb=ESP&amp;turdet=YES&amp;flag=30\">Clasificaci\u00f3n<\/a><\/p>\n<p><a href=\"http:\/\/worldyouth2018.com\/photo\/\">Galer\u00eda de Fotos<\/a><\/p>\n<p>&nbsp;<\/p>\n","protected":false},"excerpt":{"rendered":"<p>Entre los d\u00edas 20 y 30 de octubre se disputa el Campeonato del Mundo de las categor\u00edas Sub 14, Sub 16 y Sub 18 en Halkidiki, Grecia. Tras cinco rondas disputadas los mejores espa\u00f1oles clasificados por categor\u00eda son: Gerard Ayats Llobera (14\u00ba con 3,5 puntos en sub 18), Ana Redondo Benavente (16\u00aa con 3,5 puntos [&hellip;]<\/p>\n","protected":false},"author":2,"featured_media":0,"comment_status":"closed","ping_status":"closed","sticky":false,"template":"","format":"standard","meta":{"footnotes":""},"categories":[16],"tags":[],"class_list":["post-14336","post","type-post","status-publish","format-standard","hentry","category-noticias"],"yoast_head":"<!-- This site is optimized with the Yoast SEO plugin v27.5 - https:\/\/yoast.com\/product\/yoast-seo-wordpress\/ -->\n<title>Campeonato del Mundo Sub 14 a Sub 18 - FEDA<\/title>\n<meta name=\"description\" content=\"FEDA, Federaci\u00f3n Espa\u00f1ola de Ajedrez, ajedrez madrid, federarse ajedrez, campeonato de Espa\u00f1a de ajedrez, ajedrez\" \/>\n<meta name=\"robots\" content=\"index, follow, max-snippet:-1, max-image-preview:large, max-video-preview:-1\" \/>\n<link rel=\"canonical\" href=\"https:\/\/feda.org\/feda2k16\/campeonato-del-mundo-sub-14-a-sub-18-2\/\" \/>\n<meta property=\"og:locale\" content=\"es_ES\" \/>\n<meta property=\"og:type\" content=\"article\" \/>\n<meta property=\"og:title\" content=\"Campeonato del Mundo Sub 14 a Sub 18 - FEDA\" \/>\n<meta property=\"og:description\" content=\"FEDA, Federaci\u00f3n Espa\u00f1ola de Ajedrez, ajedrez madrid, federarse ajedrez, campeonato de Espa\u00f1a de ajedrez, ajedrez\" \/>\n<meta property=\"og:url\" content=\"https:\/\/feda.org\/feda2k16\/campeonato-del-mundo-sub-14-a-sub-18-2\/\" \/>\n<meta property=\"og:site_name\" content=\"FEDA\" \/>\n<meta property=\"article:publisher\" content=\"https:\/\/www.facebook.com\/federacionespanoladeajedrez\/\" \/>\n<meta property=\"article:published_time\" content=\"2018-10-24T11:50:30+00:00\" \/>\n<meta property=\"article:modified_time\" content=\"2018-10-24T11:51:06+00:00\" \/>\n<meta property=\"og:image\" content=\"http:\/\/feda.org\/feda2k16\/wp-content\/uploads\/IMG-20181020-WA0028.jpg\" \/>\n<meta name=\"author\" content=\"Nacho\" \/>\n<meta name=\"twitter:card\" content=\"summary_large_image\" \/>\n<meta name=\"twitter:creator\" content=\"@AjedrezEspanola\" \/>\n<meta name=\"twitter:site\" content=\"@AjedrezEspanola\" \/>\n<meta name=\"twitter:label1\" content=\"Escrito por\" \/>\n\t<meta name=\"twitter:data1\" content=\"Nacho\" \/>\n\t<meta name=\"twitter:label2\" content=\"Tiempo de lectura\" \/>\n\t<meta name=\"twitter:data2\" content=\"1 minuto\" \/>\n<script type=\"application\/ld+json\" class=\"yoast-schema-graph\">{\"@context\":\"https:\\\/\\\/schema.org\",\"@graph\":[{\"@type\":\"Article\",\"@id\":\"https:\\\/\\\/feda.org\\\/feda2k16\\\/campeonato-del-mundo-sub-14-a-sub-18-2\\\/#article\",\"isPartOf\":{\"@id\":\"https:\\\/\\\/feda.org\\\/feda2k16\\\/campeonato-del-mundo-sub-14-a-sub-18-2\\\/\"},\"author\":{\"name\":\"Nacho\",\"@id\":\"https:\\\/\\\/feda.org\\\/feda2k16\\\/#\\\/schema\\\/person\\\/6f81e48d83f6f1503890fdb658f2ff4e\"},\"headline\":\"Campeonato del Mundo Sub 14 a Sub 18\",\"datePublished\":\"2018-10-24T11:50:30+00:00\",\"dateModified\":\"2018-10-24T11:51:06+00:00\",\"mainEntityOfPage\":{\"@id\":\"https:\\\/\\\/feda.org\\\/feda2k16\\\/campeonato-del-mundo-sub-14-a-sub-18-2\\\/\"},\"wordCount\":272,\"publisher\":{\"@id\":\"https:\\\/\\\/feda.org\\\/feda2k16\\\/#organization\"},\"image\":{\"@id\":\"https:\\\/\\\/feda.org\\\/feda2k16\\\/campeonato-del-mundo-sub-14-a-sub-18-2\\\/#primaryimage\"},\"thumbnailUrl\":\"http:\\\/\\\/feda.org\\\/feda2k16\\\/wp-content\\\/uploads\\\/IMG-20181020-WA0028.jpg\",\"articleSection\":[\"Noticias\"],\"inLanguage\":\"es\"},{\"@type\":\"WebPage\",\"@id\":\"https:\\\/\\\/feda.org\\\/feda2k16\\\/campeonato-del-mundo-sub-14-a-sub-18-2\\\/\",\"url\":\"https:\\\/\\\/feda.org\\\/feda2k16\\\/campeonato-del-mundo-sub-14-a-sub-18-2\\\/\",\"name\":\"Campeonato del Mundo Sub 14 a Sub 18 - FEDA\",\"isPartOf\":{\"@id\":\"https:\\\/\\\/feda.org\\\/feda2k16\\\/#website\"},\"primaryImageOfPage\":{\"@id\":\"https:\\\/\\\/feda.org\\\/feda2k16\\\/campeonato-del-mundo-sub-14-a-sub-18-2\\\/#primaryimage\"},\"image\":{\"@id\":\"https:\\\/\\\/feda.org\\\/feda2k16\\\/campeonato-del-mundo-sub-14-a-sub-18-2\\\/#primaryimage\"},\"thumbnailUrl\":\"http:\\\/\\\/feda.org\\\/feda2k16\\\/wp-content\\\/uploads\\\/IMG-20181020-WA0028.jpg\",\"datePublished\":\"2018-10-24T11:50:30+00:00\",\"dateModified\":\"2018-10-24T11:51:06+00:00\",\"description\":\"FEDA, Federaci\u00f3n Espa\u00f1ola de Ajedrez, ajedrez madrid, federarse ajedrez, campeonato de Espa\u00f1a de ajedrez, ajedrez\",\"breadcrumb\":{\"@id\":\"https:\\\/\\\/feda.org\\\/feda2k16\\\/campeonato-del-mundo-sub-14-a-sub-18-2\\\/#breadcrumb\"},\"inLanguage\":\"es\",\"potentialAction\":[{\"@type\":\"ReadAction\",\"target\":[\"https:\\\/\\\/feda.org\\\/feda2k16\\\/campeonato-del-mundo-sub-14-a-sub-18-2\\\/\"]}]},{\"@type\":\"ImageObject\",\"inLanguage\":\"es\",\"@id\":\"https:\\\/\\\/feda.org\\\/feda2k16\\\/campeonato-del-mundo-sub-14-a-sub-18-2\\\/#primaryimage\",\"url\":\"https:\\\/\\\/feda.org\\\/feda2k16\\\/wp-content\\\/uploads\\\/IMG-20181020-WA0028.jpg\",\"contentUrl\":\"https:\\\/\\\/feda.org\\\/feda2k16\\\/wp-content\\\/uploads\\\/IMG-20181020-WA0028.jpg\",\"width\":1600,\"height\":1200},{\"@type\":\"BreadcrumbList\",\"@id\":\"https:\\\/\\\/feda.org\\\/feda2k16\\\/campeonato-del-mundo-sub-14-a-sub-18-2\\\/#breadcrumb\",\"itemListElement\":[{\"@type\":\"ListItem\",\"position\":1,\"name\":\"Portada\",\"item\":\"https:\\\/\\\/feda.org\\\/feda2k16\\\/\"},{\"@type\":\"ListItem\",\"position\":2,\"name\":\"Campeonato del Mundo Sub 14 a Sub 18\"}]},{\"@type\":\"WebSite\",\"@id\":\"https:\\\/\\\/feda.org\\\/feda2k16\\\/#website\",\"url\":\"https:\\\/\\\/feda.org\\\/feda2k16\\\/\",\"name\":\"FEDA\",\"description\":\"Federaci\u00f3n Espa\u00f1ola de Ajedrez\",\"publisher\":{\"@id\":\"https:\\\/\\\/feda.org\\\/feda2k16\\\/#organization\"},\"alternateName\":\"Federaci\u00f3n Espa\u00f1ola de Ajedrez\",\"potentialAction\":[{\"@type\":\"SearchAction\",\"target\":{\"@type\":\"EntryPoint\",\"urlTemplate\":\"https:\\\/\\\/feda.org\\\/feda2k16\\\/?s={search_term_string}\"},\"query-input\":{\"@type\":\"PropertyValueSpecification\",\"valueRequired\":true,\"valueName\":\"search_term_string\"}}],\"inLanguage\":\"es\"},{\"@type\":\"Organization\",\"@id\":\"https:\\\/\\\/feda.org\\\/feda2k16\\\/#organization\",\"name\":\"FEDA\",\"alternateName\":\"Federaci\u00f3n Espa\u00f1ola de Ajedrez\",\"url\":\"https:\\\/\\\/feda.org\\\/feda2k16\\\/\",\"logo\":{\"@type\":\"ImageObject\",\"inLanguage\":\"es\",\"@id\":\"https:\\\/\\\/feda.org\\\/feda2k16\\\/#\\\/schema\\\/logo\\\/image\\\/\",\"url\":\"https:\\\/\\\/feda.org\\\/feda2k16\\\/wp-content\\\/uploads\\\/NuevoLogo_FEDA_2016.png\",\"contentUrl\":\"https:\\\/\\\/feda.org\\\/feda2k16\\\/wp-content\\\/uploads\\\/NuevoLogo_FEDA_2016.png\",\"width\":600,\"height\":600,\"caption\":\"FEDA\"},\"image\":{\"@id\":\"https:\\\/\\\/feda.org\\\/feda2k16\\\/#\\\/schema\\\/logo\\\/image\\\/\"},\"sameAs\":[\"https:\\\/\\\/www.facebook.com\\\/federacionespanoladeajedrez\\\/\",\"https:\\\/\\\/x.com\\\/AjedrezEspanola\",\"https:\\\/\\\/www.instagram.com\\\/federacionespanolaajedrez\\\/?hl=es\",\"https:\\\/\\\/www.youtube.com\\\/@FederacionEspanoladeAjedrezFED\\\/featured\"]},{\"@type\":\"Person\",\"@id\":\"https:\\\/\\\/feda.org\\\/feda2k16\\\/#\\\/schema\\\/person\\\/6f81e48d83f6f1503890fdb658f2ff4e\",\"name\":\"Nacho\",\"url\":\"https:\\\/\\\/feda.org\\\/feda2k16\\\/author\\\/nacho\\\/\"}]}<\/script>\n<!-- \/ Yoast SEO plugin. -->","yoast_head_json":{"title":"Campeonato del Mundo Sub 14 a Sub 18 - FEDA","description":"FEDA, Federaci\u00f3n Espa\u00f1ola de Ajedrez, ajedrez madrid, federarse ajedrez, campeonato de Espa\u00f1a de ajedrez, ajedrez","robots":{"index":"index","follow":"follow","max-snippet":"max-snippet:-1","max-image-preview":"max-image-preview:large","max-video-preview":"max-video-preview:-1"},"canonical":"https:\/\/feda.org\/feda2k16\/campeonato-del-mundo-sub-14-a-sub-18-2\/","og_locale":"es_ES","og_type":"article","og_title":"Campeonato del Mundo Sub 14 a Sub 18 - FEDA","og_description":"FEDA, Federaci\u00f3n Espa\u00f1ola de Ajedrez, ajedrez madrid, federarse ajedrez, campeonato de Espa\u00f1a de ajedrez, ajedrez","og_url":"https:\/\/feda.org\/feda2k16\/campeonato-del-mundo-sub-14-a-sub-18-2\/","og_site_name":"FEDA","article_publisher":"https:\/\/www.facebook.com\/federacionespanoladeajedrez\/","article_published_time":"2018-10-24T11:50:30+00:00","article_modified_time":"2018-10-24T11:51:06+00:00","og_image":[{"url":"http:\/\/feda.org\/feda2k16\/wp-content\/uploads\/IMG-20181020-WA0028.jpg","type":"","width":"","height":""}],"author":"Nacho","twitter_card":"summary_large_image","twitter_creator":"@AjedrezEspanola","twitter_site":"@AjedrezEspanola","twitter_misc":{"Escrito por":"Nacho","Tiempo de lectura":"1 minuto"},"schema":{"@context":"https:\/\/schema.org","@graph":[{"@type":"Article","@id":"https:\/\/feda.org\/feda2k16\/campeonato-del-mundo-sub-14-a-sub-18-2\/#article","isPartOf":{"@id":"https:\/\/feda.org\/feda2k16\/campeonato-del-mundo-sub-14-a-sub-18-2\/"},"author":{"name":"Nacho","@id":"https:\/\/feda.org\/feda2k16\/#\/schema\/person\/6f81e48d83f6f1503890fdb658f2ff4e"},"headline":"Campeonato del Mundo Sub 14 a Sub 18","datePublished":"2018-10-24T11:50:30+00:00","dateModified":"2018-10-24T11:51:06+00:00","mainEntityOfPage":{"@id":"https:\/\/feda.org\/feda2k16\/campeonato-del-mundo-sub-14-a-sub-18-2\/"},"wordCount":272,"publisher":{"@id":"https:\/\/feda.org\/feda2k16\/#organization"},"image":{"@id":"https:\/\/feda.org\/feda2k16\/campeonato-del-mundo-sub-14-a-sub-18-2\/#primaryimage"},"thumbnailUrl":"http:\/\/feda.org\/feda2k16\/wp-content\/uploads\/IMG-20181020-WA0028.jpg","articleSection":["Noticias"],"inLanguage":"es"},{"@type":"WebPage","@id":"https:\/\/feda.org\/feda2k16\/campeonato-del-mundo-sub-14-a-sub-18-2\/","url":"https:\/\/feda.org\/feda2k16\/campeonato-del-mundo-sub-14-a-sub-18-2\/","name":"Campeonato del Mundo Sub 14 a Sub 18 - FEDA","isPartOf":{"@id":"https:\/\/feda.org\/feda2k16\/#website"},"primaryImageOfPage":{"@id":"https:\/\/feda.org\/feda2k16\/campeonato-del-mundo-sub-14-a-sub-18-2\/#primaryimage"},"image":{"@id":"https:\/\/feda.org\/feda2k16\/campeonato-del-mundo-sub-14-a-sub-18-2\/#primaryimage"},"thumbnailUrl":"http:\/\/feda.org\/feda2k16\/wp-content\/uploads\/IMG-20181020-WA0028.jpg","datePublished":"2018-10-24T11:50:30+00:00","dateModified":"2018-10-24T11:51:06+00:00","description":"FEDA, Federaci\u00f3n Espa\u00f1ola de Ajedrez, ajedrez madrid, federarse ajedrez, campeonato de Espa\u00f1a de ajedrez, ajedrez","breadcrumb":{"@id":"https:\/\/feda.org\/feda2k16\/campeonato-del-mundo-sub-14-a-sub-18-2\/#breadcrumb"},"inLanguage":"es","potentialAction":[{"@type":"ReadAction","target":["https:\/\/feda.org\/feda2k16\/campeonato-del-mundo-sub-14-a-sub-18-2\/"]}]},{"@type":"ImageObject","inLanguage":"es","@id":"https:\/\/feda.org\/feda2k16\/campeonato-del-mundo-sub-14-a-sub-18-2\/#primaryimage","url":"https:\/\/feda.org\/feda2k16\/wp-content\/uploads\/IMG-20181020-WA0028.jpg","contentUrl":"https:\/\/feda.org\/feda2k16\/wp-content\/uploads\/IMG-20181020-WA0028.jpg","width":1600,"height":1200},{"@type":"BreadcrumbList","@id":"https:\/\/feda.org\/feda2k16\/campeonato-del-mundo-sub-14-a-sub-18-2\/#breadcrumb","itemListElement":[{"@type":"ListItem","position":1,"name":"Portada","item":"https:\/\/feda.org\/feda2k16\/"},{"@type":"ListItem","position":2,"name":"Campeonato del Mundo Sub 14 a Sub 18"}]},{"@type":"WebSite","@id":"https:\/\/feda.org\/feda2k16\/#website","url":"https:\/\/feda.org\/feda2k16\/","name":"FEDA","description":"Federaci\u00f3n Espa\u00f1ola de Ajedrez","publisher":{"@id":"https:\/\/feda.org\/feda2k16\/#organization"},"alternateName":"Federaci\u00f3n Espa\u00f1ola de Ajedrez","potentialAction":[{"@type":"SearchAction","target":{"@type":"EntryPoint","urlTemplate":"https:\/\/feda.org\/feda2k16\/?s={search_term_string}"},"query-input":{"@type":"PropertyValueSpecification","valueRequired":true,"valueName":"search_term_string"}}],"inLanguage":"es"},{"@type":"Organization","@id":"https:\/\/feda.org\/feda2k16\/#organization","name":"FEDA","alternateName":"Federaci\u00f3n Espa\u00f1ola de Ajedrez","url":"https:\/\/feda.org\/feda2k16\/","logo":{"@type":"ImageObject","inLanguage":"es","@id":"https:\/\/feda.org\/feda2k16\/#\/schema\/logo\/image\/","url":"https:\/\/feda.org\/feda2k16\/wp-content\/uploads\/NuevoLogo_FEDA_2016.png","contentUrl":"https:\/\/feda.org\/feda2k16\/wp-content\/uploads\/NuevoLogo_FEDA_2016.png","width":600,"height":600,"caption":"FEDA"},"image":{"@id":"https:\/\/feda.org\/feda2k16\/#\/schema\/logo\/image\/"},"sameAs":["https:\/\/www.facebook.com\/federacionespanoladeajedrez\/","https:\/\/x.com\/AjedrezEspanola","https:\/\/www.instagram.com\/federacionespanolaajedrez\/?hl=es","https:\/\/www.youtube.com\/@FederacionEspanoladeAjedrezFED\/featured"]},{"@type":"Person","@id":"https:\/\/feda.org\/feda2k16\/#\/schema\/person\/6f81e48d83f6f1503890fdb658f2ff4e","name":"Nacho","url":"https:\/\/feda.org\/feda2k16\/author\/nacho\/"}]}},"_links":{"self":[{"href":"https:\/\/feda.org\/feda2k16\/wp-json\/wp\/v2\/posts\/14336","targetHints":{"allow":["GET"]}}],"collection":[{"href":"https:\/\/feda.org\/feda2k16\/wp-json\/wp\/v2\/posts"}],"about":[{"href":"https:\/\/feda.org\/feda2k16\/wp-json\/wp\/v2\/types\/post"}],"author":[{"embeddable":true,"href":"https:\/\/feda.org\/feda2k16\/wp-json\/wp\/v2\/users\/2"}],"replies":[{"embeddable":true,"href":"https:\/\/feda.org\/feda2k16\/wp-json\/wp\/v2\/comments?post=14336"}],"version-history":[{"count":3,"href":"https:\/\/feda.org\/feda2k16\/wp-json\/wp\/v2\/posts\/14336\/revisions"}],"predecessor-version":[{"id":14340,"href":"https:\/\/feda.org\/feda2k16\/wp-json\/wp\/v2\/posts\/14336\/revisions\/14340"}],"wp:attachment":[{"href":"https:\/\/feda.org\/feda2k16\/wp-json\/wp\/v2\/media?parent=14336"}],"wp:term":[{"taxonomy":"category","embeddable":true,"href":"https:\/\/feda.org\/feda2k16\/wp-json\/wp\/v2\/categories?post=14336"},{"taxonomy":"post_tag","embeddable":true,"href":"https:\/\/feda.org\/feda2k16\/wp-json\/wp\/v2\/tags?post=14336"}],"curies":[{"name":"wp","href":"https:\/\/api.w.org\/{rel}","templated":true}]}}