{"id":14359,"date":"2018-11-03T06:04:16","date_gmt":"2018-11-03T06:04:16","guid":{"rendered":"http:\/\/feda.org\/feda2k16\/?p=14359"},"modified":"2018-11-03T06:04:16","modified_gmt":"2018-11-03T06:04:16","slug":"campeonato-del-mundo-sub-14-a-sub-18-3","status":"publish","type":"post","link":"https:\/\/feda.org\/feda2k16\/campeonato-del-mundo-sub-14-a-sub-18-3\/","title":{"rendered":"Campeonato del Mundo Sub 14 a Sub 18"},"content":{"rendered":"<p><img fetchpriority=\"high\" decoding=\"async\" class=\"aligncenter wp-image-14361\" src=\"http:\/\/feda.org\/feda2k16\/wp-content\/uploads\/45126488_10215545529783571_4361381092557586432_n.jpg\" alt=\"\" width=\"700\" height=\"468\" srcset=\"https:\/\/feda.org\/feda2k16\/wp-content\/uploads\/45126488_10215545529783571_4361381092557586432_n.jpg 960w, https:\/\/feda.org\/feda2k16\/wp-content\/uploads\/45126488_10215545529783571_4361381092557586432_n-768x514.jpg 768w\" sizes=\"(max-width: 700px) 100vw, 700px\" \/><\/p>\n<p style=\"text-align: justify;\">El Campeonato del Mundo Sub 14 a Sub 18 2018 se ha disputado en la ciudad de Halkidiki, Grecia, entre los d\u00edas 19 y 31 de octubre mediante sistema suizo a 11 rondas.<\/p>\n<p style=\"text-align: justify;\">La delegaci\u00f3n espa\u00f1ola ha finalizado en tercera posici\u00f3n empatada con la selecci\u00f3n de Armenia. Rusia y China se proclamaron campeona y subcampeona respectivamente por delegaciones.<\/p>\n<p style=\"text-align: justify;\">En la categor\u00eda sub-14 open, Pedro Antonio Gin\u00e9s Esteo ha conseguido la medalla de oro con 9 puntos. En la misma categor\u00eda han competido Pablo L\u00f3pez Varela (81\u00ba con 5 puntos), Miguel Ruiz Buend\u00eda (118\u00ba con 4 puntos) y Arnau Gonz\u00e1lez Cobos (127\u00ba con 3 puntos). En la categor\u00eda sub-14 femenina, Mar\u00eda Eizaguerri Floris ha ocupado la octava posici\u00f3n con 7,5 puntos. En esta categor\u00eda tambi\u00e9n han participado las jugadoras Adhara Rodr\u00edguez Redondo (20\u00aa con 7 puntos), Viviana Galv\u00e1n Cipriani (29\u00aa con 6,5 puntos), Cecilia Guillo Longares (42\u00aa con 6 puntos) y Luna Yue Hern\u00e1ndez Guerra (55\u00aa con 5,5 puntos).<\/p>\n<p style=\"text-align: justify;\">En la categor\u00eda sub-16 open, los jugadores espa\u00f1oles participantes han sido Salvador Guerra Rivera (50\u00ba con 6 puntos), Marcos Lianes Garc\u00eda (57\u00ba con 5,5 puntos), Gumersindo Fern\u00e1ndez Garc\u00eda (74\u00ba con 5,5 puntos), Luis Rodr\u00edguez Izquierdo (87\u00ba con 4,5 puntos) y Gabriel P\u00e9rez P\u00e9rez (104\u00ba con 4 puntos). Mientras que en la secci\u00f3n femenina han sido Joana Ros Alonso (36\u00aa con 6 puntos), Carla Cristina Sosa Su\u00e1rez (38\u00aa con 6 puntos) y Jenny Mar\u00eda Sanabria Taskila (43\u00aa con 5,5 puntos).<\/p>\n<p style=\"text-align: justify;\">En la categor\u00eda sub-18 open, han competidos los jugadores Gerard Ayats Llobera (25\u00ba con 6,6 puntos), Francisco J. Jim\u00e9nez Ramallo (56\u00ba con 5,5 puntos), Adri\u00e1n Galiana Fern\u00e1ndez (64\u00ba con 5 puntos), Adri\u00e1n Mart\u00ednez Fern\u00e1ndez (69\u00ba con 4,5 puntos) y Jaume Rovira VIla (78\u00ba con 4,5 puntos). En la categor\u00eda sub-18 femenina, Marta Garc\u00eda Mart\u00edn ha finalizado novena. El resto de jugadoras espa\u00f1olas han sido Ana Redondo Benavente (22\u00aa con 6,5 puntos), Mireya Represa P\u00e9rez (23\u00aa con 6,5 puntos), Celia Gillis Onieva (32\u00aa con 6 puntos) y Valentina Martos Amiguet (73\u00aa con 4 puntos).<\/p>\n<p><img decoding=\"async\" class=\"alignleft wp-image-14333 size-full\" src=\"http:\/\/feda.org\/feda2k16\/wp-content\/uploads\/wycc-fb2.jpg\" alt=\"\" width=\"200\" height=\"200\" \/><\/p>\n<p><a href=\"http:\/\/worldyouth2018.com\/\">P\u00e1gina Oficial del Torneo<\/a><\/p>\n<p><a href=\"https:\/\/chess24.com\/es\/watch\/live-tournaments\/fide-world-youth-championships-2018-o14\/11\/1\/2\">Partidas en Chess24<\/a><\/p>\n<p><a href=\"http:\/\/chess-results.com\/tnr385901.aspx?lan=2&amp;art=25&amp;fedb=ESP&amp;turdet=YES&amp;flag=30\">Clasificaci\u00f3n<\/a><\/p>\n<p><a href=\"https:\/\/www.facebook.com\/pg\/federacionespanoladeajedrez\/photos\/?tab=album&amp;album_id=2083804461930582\">Galer\u00eda de Fotos<\/a><\/p>\n","protected":false},"excerpt":{"rendered":"<p>El Campeonato del Mundo Sub 14 a Sub 18 2018 se ha disputado en la ciudad de Halkidiki, Grecia, entre los d\u00edas 19 y 31 de octubre mediante sistema suizo a 11 rondas. La delegaci\u00f3n espa\u00f1ola ha finalizado en tercera posici\u00f3n empatada con la selecci\u00f3n de Armenia. Rusia y China se proclamaron campeona y subcampeona [&hellip;]<\/p>\n","protected":false},"author":2,"featured_media":0,"comment_status":"closed","ping_status":"closed","sticky":false,"template":"","format":"standard","meta":{"footnotes":""},"categories":[16],"tags":[],"class_list":["post-14359","post","type-post","status-publish","format-standard","hentry","category-noticias"],"yoast_head":"<!-- This site is optimized with the Yoast SEO plugin v27.5 - https:\/\/yoast.com\/product\/yoast-seo-wordpress\/ -->\n<title>Campeonato del Mundo Sub 14 a Sub 18 - FEDA<\/title>\n<meta name=\"description\" content=\"FEDA, Federaci\u00f3n Espa\u00f1ola de Ajedrez, ajedrez madrid, federarse ajedrez, campeonato de Espa\u00f1a de ajedrez, ajedrez\" \/>\n<meta name=\"robots\" content=\"index, follow, max-snippet:-1, max-image-preview:large, max-video-preview:-1\" \/>\n<link rel=\"canonical\" href=\"https:\/\/feda.org\/feda2k16\/campeonato-del-mundo-sub-14-a-sub-18-3\/\" \/>\n<meta property=\"og:locale\" content=\"es_ES\" \/>\n<meta property=\"og:type\" content=\"article\" \/>\n<meta property=\"og:title\" content=\"Campeonato del Mundo Sub 14 a Sub 18 - FEDA\" \/>\n<meta property=\"og:description\" content=\"FEDA, Federaci\u00f3n Espa\u00f1ola de Ajedrez, ajedrez madrid, federarse ajedrez, campeonato de Espa\u00f1a de ajedrez, ajedrez\" \/>\n<meta property=\"og:url\" content=\"https:\/\/feda.org\/feda2k16\/campeonato-del-mundo-sub-14-a-sub-18-3\/\" \/>\n<meta property=\"og:site_name\" content=\"FEDA\" \/>\n<meta property=\"article:publisher\" content=\"https:\/\/www.facebook.com\/federacionespanoladeajedrez\/\" \/>\n<meta property=\"article:published_time\" content=\"2018-11-03T06:04:16+00:00\" \/>\n<meta property=\"og:image\" content=\"http:\/\/feda.org\/feda2k16\/wp-content\/uploads\/45126488_10215545529783571_4361381092557586432_n.jpg\" \/>\n<meta name=\"author\" content=\"Nacho\" \/>\n<meta name=\"twitter:card\" content=\"summary_large_image\" \/>\n<meta name=\"twitter:creator\" content=\"@AjedrezEspanola\" \/>\n<meta name=\"twitter:site\" content=\"@AjedrezEspanola\" \/>\n<meta name=\"twitter:label1\" content=\"Escrito por\" \/>\n\t<meta name=\"twitter:data1\" content=\"Nacho\" \/>\n\t<meta name=\"twitter:label2\" content=\"Tiempo de lectura\" \/>\n\t<meta name=\"twitter:data2\" content=\"2 minutos\" \/>\n<script type=\"application\/ld+json\" class=\"yoast-schema-graph\">{\"@context\":\"https:\\\/\\\/schema.org\",\"@graph\":[{\"@type\":\"Article\",\"@id\":\"https:\\\/\\\/feda.org\\\/feda2k16\\\/campeonato-del-mundo-sub-14-a-sub-18-3\\\/#article\",\"isPartOf\":{\"@id\":\"https:\\\/\\\/feda.org\\\/feda2k16\\\/campeonato-del-mundo-sub-14-a-sub-18-3\\\/\"},\"author\":{\"name\":\"Nacho\",\"@id\":\"https:\\\/\\\/feda.org\\\/feda2k16\\\/#\\\/schema\\\/person\\\/6f81e48d83f6f1503890fdb658f2ff4e\"},\"headline\":\"Campeonato del Mundo Sub 14 a Sub 18\",\"datePublished\":\"2018-11-03T06:04:16+00:00\",\"mainEntityOfPage\":{\"@id\":\"https:\\\/\\\/feda.org\\\/feda2k16\\\/campeonato-del-mundo-sub-14-a-sub-18-3\\\/\"},\"wordCount\":336,\"publisher\":{\"@id\":\"https:\\\/\\\/feda.org\\\/feda2k16\\\/#organization\"},\"image\":{\"@id\":\"https:\\\/\\\/feda.org\\\/feda2k16\\\/campeonato-del-mundo-sub-14-a-sub-18-3\\\/#primaryimage\"},\"thumbnailUrl\":\"http:\\\/\\\/feda.org\\\/feda2k16\\\/wp-content\\\/uploads\\\/45126488_10215545529783571_4361381092557586432_n.jpg\",\"articleSection\":[\"Noticias\"],\"inLanguage\":\"es\"},{\"@type\":\"WebPage\",\"@id\":\"https:\\\/\\\/feda.org\\\/feda2k16\\\/campeonato-del-mundo-sub-14-a-sub-18-3\\\/\",\"url\":\"https:\\\/\\\/feda.org\\\/feda2k16\\\/campeonato-del-mundo-sub-14-a-sub-18-3\\\/\",\"name\":\"Campeonato del Mundo Sub 14 a Sub 18 - FEDA\",\"isPartOf\":{\"@id\":\"https:\\\/\\\/feda.org\\\/feda2k16\\\/#website\"},\"primaryImageOfPage\":{\"@id\":\"https:\\\/\\\/feda.org\\\/feda2k16\\\/campeonato-del-mundo-sub-14-a-sub-18-3\\\/#primaryimage\"},\"image\":{\"@id\":\"https:\\\/\\\/feda.org\\\/feda2k16\\\/campeonato-del-mundo-sub-14-a-sub-18-3\\\/#primaryimage\"},\"thumbnailUrl\":\"http:\\\/\\\/feda.org\\\/feda2k16\\\/wp-content\\\/uploads\\\/45126488_10215545529783571_4361381092557586432_n.jpg\",\"datePublished\":\"2018-11-03T06:04:16+00:00\",\"description\":\"FEDA, Federaci\u00f3n Espa\u00f1ola de Ajedrez, ajedrez madrid, federarse ajedrez, campeonato de Espa\u00f1a de ajedrez, ajedrez\",\"breadcrumb\":{\"@id\":\"https:\\\/\\\/feda.org\\\/feda2k16\\\/campeonato-del-mundo-sub-14-a-sub-18-3\\\/#breadcrumb\"},\"inLanguage\":\"es\",\"potentialAction\":[{\"@type\":\"ReadAction\",\"target\":[\"https:\\\/\\\/feda.org\\\/feda2k16\\\/campeonato-del-mundo-sub-14-a-sub-18-3\\\/\"]}]},{\"@type\":\"ImageObject\",\"inLanguage\":\"es\",\"@id\":\"https:\\\/\\\/feda.org\\\/feda2k16\\\/campeonato-del-mundo-sub-14-a-sub-18-3\\\/#primaryimage\",\"url\":\"https:\\\/\\\/feda.org\\\/feda2k16\\\/wp-content\\\/uploads\\\/45126488_10215545529783571_4361381092557586432_n.jpg\",\"contentUrl\":\"https:\\\/\\\/feda.org\\\/feda2k16\\\/wp-content\\\/uploads\\\/45126488_10215545529783571_4361381092557586432_n.jpg\",\"width\":960,\"height\":642},{\"@type\":\"BreadcrumbList\",\"@id\":\"https:\\\/\\\/feda.org\\\/feda2k16\\\/campeonato-del-mundo-sub-14-a-sub-18-3\\\/#breadcrumb\",\"itemListElement\":[{\"@type\":\"ListItem\",\"position\":1,\"name\":\"Portada\",\"item\":\"https:\\\/\\\/feda.org\\\/feda2k16\\\/\"},{\"@type\":\"ListItem\",\"position\":2,\"name\":\"Campeonato del Mundo Sub 14 a Sub 18\"}]},{\"@type\":\"WebSite\",\"@id\":\"https:\\\/\\\/feda.org\\\/feda2k16\\\/#website\",\"url\":\"https:\\\/\\\/feda.org\\\/feda2k16\\\/\",\"name\":\"FEDA\",\"description\":\"Federaci\u00f3n Espa\u00f1ola de Ajedrez\",\"publisher\":{\"@id\":\"https:\\\/\\\/feda.org\\\/feda2k16\\\/#organization\"},\"alternateName\":\"Federaci\u00f3n Espa\u00f1ola de Ajedrez\",\"potentialAction\":[{\"@type\":\"SearchAction\",\"target\":{\"@type\":\"EntryPoint\",\"urlTemplate\":\"https:\\\/\\\/feda.org\\\/feda2k16\\\/?s={search_term_string}\"},\"query-input\":{\"@type\":\"PropertyValueSpecification\",\"valueRequired\":true,\"valueName\":\"search_term_string\"}}],\"inLanguage\":\"es\"},{\"@type\":\"Organization\",\"@id\":\"https:\\\/\\\/feda.org\\\/feda2k16\\\/#organization\",\"name\":\"FEDA\",\"alternateName\":\"Federaci\u00f3n Espa\u00f1ola de Ajedrez\",\"url\":\"https:\\\/\\\/feda.org\\\/feda2k16\\\/\",\"logo\":{\"@type\":\"ImageObject\",\"inLanguage\":\"es\",\"@id\":\"https:\\\/\\\/feda.org\\\/feda2k16\\\/#\\\/schema\\\/logo\\\/image\\\/\",\"url\":\"https:\\\/\\\/feda.org\\\/feda2k16\\\/wp-content\\\/uploads\\\/NuevoLogo_FEDA_2016.png\",\"contentUrl\":\"https:\\\/\\\/feda.org\\\/feda2k16\\\/wp-content\\\/uploads\\\/NuevoLogo_FEDA_2016.png\",\"width\":600,\"height\":600,\"caption\":\"FEDA\"},\"image\":{\"@id\":\"https:\\\/\\\/feda.org\\\/feda2k16\\\/#\\\/schema\\\/logo\\\/image\\\/\"},\"sameAs\":[\"https:\\\/\\\/www.facebook.com\\\/federacionespanoladeajedrez\\\/\",\"https:\\\/\\\/x.com\\\/AjedrezEspanola\",\"https:\\\/\\\/www.instagram.com\\\/federacionespanolaajedrez\\\/?hl=es\",\"https:\\\/\\\/www.youtube.com\\\/@FederacionEspanoladeAjedrezFED\\\/featured\"]},{\"@type\":\"Person\",\"@id\":\"https:\\\/\\\/feda.org\\\/feda2k16\\\/#\\\/schema\\\/person\\\/6f81e48d83f6f1503890fdb658f2ff4e\",\"name\":\"Nacho\",\"url\":\"https:\\\/\\\/feda.org\\\/feda2k16\\\/author\\\/nacho\\\/\"}]}<\/script>\n<!-- \/ Yoast SEO plugin. -->","yoast_head_json":{"title":"Campeonato del Mundo Sub 14 a Sub 18 - FEDA","description":"FEDA, Federaci\u00f3n Espa\u00f1ola de Ajedrez, ajedrez madrid, federarse ajedrez, campeonato de Espa\u00f1a de ajedrez, ajedrez","robots":{"index":"index","follow":"follow","max-snippet":"max-snippet:-1","max-image-preview":"max-image-preview:large","max-video-preview":"max-video-preview:-1"},"canonical":"https:\/\/feda.org\/feda2k16\/campeonato-del-mundo-sub-14-a-sub-18-3\/","og_locale":"es_ES","og_type":"article","og_title":"Campeonato del Mundo Sub 14 a Sub 18 - FEDA","og_description":"FEDA, Federaci\u00f3n Espa\u00f1ola de Ajedrez, ajedrez madrid, federarse ajedrez, campeonato de Espa\u00f1a de ajedrez, ajedrez","og_url":"https:\/\/feda.org\/feda2k16\/campeonato-del-mundo-sub-14-a-sub-18-3\/","og_site_name":"FEDA","article_publisher":"https:\/\/www.facebook.com\/federacionespanoladeajedrez\/","article_published_time":"2018-11-03T06:04:16+00:00","og_image":[{"url":"http:\/\/feda.org\/feda2k16\/wp-content\/uploads\/45126488_10215545529783571_4361381092557586432_n.jpg","type":"","width":"","height":""}],"author":"Nacho","twitter_card":"summary_large_image","twitter_creator":"@AjedrezEspanola","twitter_site":"@AjedrezEspanola","twitter_misc":{"Escrito por":"Nacho","Tiempo de lectura":"2 minutos"},"schema":{"@context":"https:\/\/schema.org","@graph":[{"@type":"Article","@id":"https:\/\/feda.org\/feda2k16\/campeonato-del-mundo-sub-14-a-sub-18-3\/#article","isPartOf":{"@id":"https:\/\/feda.org\/feda2k16\/campeonato-del-mundo-sub-14-a-sub-18-3\/"},"author":{"name":"Nacho","@id":"https:\/\/feda.org\/feda2k16\/#\/schema\/person\/6f81e48d83f6f1503890fdb658f2ff4e"},"headline":"Campeonato del Mundo Sub 14 a Sub 18","datePublished":"2018-11-03T06:04:16+00:00","mainEntityOfPage":{"@id":"https:\/\/feda.org\/feda2k16\/campeonato-del-mundo-sub-14-a-sub-18-3\/"},"wordCount":336,"publisher":{"@id":"https:\/\/feda.org\/feda2k16\/#organization"},"image":{"@id":"https:\/\/feda.org\/feda2k16\/campeonato-del-mundo-sub-14-a-sub-18-3\/#primaryimage"},"thumbnailUrl":"http:\/\/feda.org\/feda2k16\/wp-content\/uploads\/45126488_10215545529783571_4361381092557586432_n.jpg","articleSection":["Noticias"],"inLanguage":"es"},{"@type":"WebPage","@id":"https:\/\/feda.org\/feda2k16\/campeonato-del-mundo-sub-14-a-sub-18-3\/","url":"https:\/\/feda.org\/feda2k16\/campeonato-del-mundo-sub-14-a-sub-18-3\/","name":"Campeonato del Mundo Sub 14 a Sub 18 - FEDA","isPartOf":{"@id":"https:\/\/feda.org\/feda2k16\/#website"},"primaryImageOfPage":{"@id":"https:\/\/feda.org\/feda2k16\/campeonato-del-mundo-sub-14-a-sub-18-3\/#primaryimage"},"image":{"@id":"https:\/\/feda.org\/feda2k16\/campeonato-del-mundo-sub-14-a-sub-18-3\/#primaryimage"},"thumbnailUrl":"http:\/\/feda.org\/feda2k16\/wp-content\/uploads\/45126488_10215545529783571_4361381092557586432_n.jpg","datePublished":"2018-11-03T06:04:16+00:00","description":"FEDA, Federaci\u00f3n Espa\u00f1ola de Ajedrez, ajedrez madrid, federarse ajedrez, campeonato de Espa\u00f1a de ajedrez, ajedrez","breadcrumb":{"@id":"https:\/\/feda.org\/feda2k16\/campeonato-del-mundo-sub-14-a-sub-18-3\/#breadcrumb"},"inLanguage":"es","potentialAction":[{"@type":"ReadAction","target":["https:\/\/feda.org\/feda2k16\/campeonato-del-mundo-sub-14-a-sub-18-3\/"]}]},{"@type":"ImageObject","inLanguage":"es","@id":"https:\/\/feda.org\/feda2k16\/campeonato-del-mundo-sub-14-a-sub-18-3\/#primaryimage","url":"https:\/\/feda.org\/feda2k16\/wp-content\/uploads\/45126488_10215545529783571_4361381092557586432_n.jpg","contentUrl":"https:\/\/feda.org\/feda2k16\/wp-content\/uploads\/45126488_10215545529783571_4361381092557586432_n.jpg","width":960,"height":642},{"@type":"BreadcrumbList","@id":"https:\/\/feda.org\/feda2k16\/campeonato-del-mundo-sub-14-a-sub-18-3\/#breadcrumb","itemListElement":[{"@type":"ListItem","position":1,"name":"Portada","item":"https:\/\/feda.org\/feda2k16\/"},{"@type":"ListItem","position":2,"name":"Campeonato del Mundo Sub 14 a Sub 18"}]},{"@type":"WebSite","@id":"https:\/\/feda.org\/feda2k16\/#website","url":"https:\/\/feda.org\/feda2k16\/","name":"FEDA","description":"Federaci\u00f3n Espa\u00f1ola de Ajedrez","publisher":{"@id":"https:\/\/feda.org\/feda2k16\/#organization"},"alternateName":"Federaci\u00f3n Espa\u00f1ola de Ajedrez","potentialAction":[{"@type":"SearchAction","target":{"@type":"EntryPoint","urlTemplate":"https:\/\/feda.org\/feda2k16\/?s={search_term_string}"},"query-input":{"@type":"PropertyValueSpecification","valueRequired":true,"valueName":"search_term_string"}}],"inLanguage":"es"},{"@type":"Organization","@id":"https:\/\/feda.org\/feda2k16\/#organization","name":"FEDA","alternateName":"Federaci\u00f3n Espa\u00f1ola de Ajedrez","url":"https:\/\/feda.org\/feda2k16\/","logo":{"@type":"ImageObject","inLanguage":"es","@id":"https:\/\/feda.org\/feda2k16\/#\/schema\/logo\/image\/","url":"https:\/\/feda.org\/feda2k16\/wp-content\/uploads\/NuevoLogo_FEDA_2016.png","contentUrl":"https:\/\/feda.org\/feda2k16\/wp-content\/uploads\/NuevoLogo_FEDA_2016.png","width":600,"height":600,"caption":"FEDA"},"image":{"@id":"https:\/\/feda.org\/feda2k16\/#\/schema\/logo\/image\/"},"sameAs":["https:\/\/www.facebook.com\/federacionespanoladeajedrez\/","https:\/\/x.com\/AjedrezEspanola","https:\/\/www.instagram.com\/federacionespanolaajedrez\/?hl=es","https:\/\/www.youtube.com\/@FederacionEspanoladeAjedrezFED\/featured"]},{"@type":"Person","@id":"https:\/\/feda.org\/feda2k16\/#\/schema\/person\/6f81e48d83f6f1503890fdb658f2ff4e","name":"Nacho","url":"https:\/\/feda.org\/feda2k16\/author\/nacho\/"}]}},"_links":{"self":[{"href":"https:\/\/feda.org\/feda2k16\/wp-json\/wp\/v2\/posts\/14359","targetHints":{"allow":["GET"]}}],"collection":[{"href":"https:\/\/feda.org\/feda2k16\/wp-json\/wp\/v2\/posts"}],"about":[{"href":"https:\/\/feda.org\/feda2k16\/wp-json\/wp\/v2\/types\/post"}],"author":[{"embeddable":true,"href":"https:\/\/feda.org\/feda2k16\/wp-json\/wp\/v2\/users\/2"}],"replies":[{"embeddable":true,"href":"https:\/\/feda.org\/feda2k16\/wp-json\/wp\/v2\/comments?post=14359"}],"version-history":[{"count":1,"href":"https:\/\/feda.org\/feda2k16\/wp-json\/wp\/v2\/posts\/14359\/revisions"}],"predecessor-version":[{"id":14362,"href":"https:\/\/feda.org\/feda2k16\/wp-json\/wp\/v2\/posts\/14359\/revisions\/14362"}],"wp:attachment":[{"href":"https:\/\/feda.org\/feda2k16\/wp-json\/wp\/v2\/media?parent=14359"}],"wp:term":[{"taxonomy":"category","embeddable":true,"href":"https:\/\/feda.org\/feda2k16\/wp-json\/wp\/v2\/categories?post=14359"},{"taxonomy":"post_tag","embeddable":true,"href":"https:\/\/feda.org\/feda2k16\/wp-json\/wp\/v2\/tags?post=14359"}],"curies":[{"name":"wp","href":"https:\/\/api.w.org\/{rel}","templated":true}]}}