{"id":14863,"date":"2019-04-13T19:02:52","date_gmt":"2019-04-13T19:02:52","guid":{"rendered":"http:\/\/feda.org\/feda2k16\/?p=14863"},"modified":"2019-04-13T19:13:11","modified_gmt":"2019-04-13T19:13:11","slug":"circular-11-2019-convocatoria-de-los-campeonatos-de-espana-sub-8-a-sub-18-2019","status":"publish","type":"post","link":"https:\/\/feda.org\/feda2k16\/circular-11-2019-convocatoria-de-los-campeonatos-de-espana-sub-8-a-sub-18-2019\/","title":{"rendered":"Circular 11\/2019 &#8211; Convocatoria de los Campeonatos de Espa\u00f1a Sub 8 a Sub 18 2019"},"content":{"rendered":"\n<p style=\"text-align:center\"><strong>A TODAS LAS FEDERACIONES AUTON\u00d3MICAS<\/strong><\/p>\n\n\n\n<p style=\"text-align:center\"><strong>Convocatoria\nde los Campeonatos de Espa\u00f1a Sub 8 a sub 18 &#8211; 2019<\/strong><\/p>\n\n\n\n<div class=\"wp-block-file\"><a href=\"http:\/\/feda.org\/feda2k16\/wp-content\/uploads\/C11-Convocatoria_CE-Sub08_Sub18_-2019.pdf\">Descargar en PDF.<\/a><a href=\"http:\/\/feda.org\/feda2k16\/wp-content\/uploads\/C11-Convocatoria_CE-Sub08_Sub18_-2019.pdf\" class=\"wp-block-file__button\" download>Descargar<\/a><\/div>\n\n\n\n<div class=\"wp-block-file\"><a href=\"http:\/\/feda.org\/feda2k16\/wp-content\/uploads\/Gu\u00eda-Inscripciones-Ctos.-Individuales-FEDA-2019.pdf\">Anexo-Gu\u00eda Inscripciones Campeonatos Individuales FEDA 2019<\/a><a href=\"http:\/\/feda.org\/feda2k16\/wp-content\/uploads\/Gu\u00eda-Inscripciones-Ctos.-Individuales-FEDA-2019.pdf\" class=\"wp-block-file__button\" download>Descargar<\/a><\/div>\n\n\n\n<div class=\"wp-block-file\"><a href=\"http:\/\/feda.org\/feda2k16\/wp-content\/uploads\/C11_Form_Instrucc_Reserva_Hotel_2019.pdf\">Anexo-Instrucciones Reserva de Hotel<\/a><a href=\"http:\/\/feda.org\/feda2k16\/wp-content\/uploads\/C11_Form_Instrucc_Reserva_Hotel_2019.pdf\" class=\"wp-block-file__button\" download>Descargar<\/a><\/div>\n\n\n\n<div class=\"wp-block-file\"><a href=\"http:\/\/feda.org\/feda2k16\/wp-content\/uploads\/C11_TablaPreciosXPersona_2019.pdf\">Anexo-Tabla de Precios por Persona<\/a><a href=\"http:\/\/feda.org\/feda2k16\/wp-content\/uploads\/C11_TablaPreciosXPersona_2019.pdf\" class=\"wp-block-file__button\" download>Descargar<\/a><\/div>\n\n\n\n<div class=\"wp-block-file\"><a href=\"http:\/\/feda.org\/feda2k16\/wp-content\/uploads\/C11_Form_Reserva_Hotel.docx\">Anexo-Formulario Reserva de Hotel en Word<\/a><a href=\"http:\/\/feda.org\/feda2k16\/wp-content\/uploads\/C11_Form_Reserva_Hotel.docx\" class=\"wp-block-file__button\" download>Descargar<\/a><\/div>\n\n\n\n<div class=\"wp-block-file\"><a href=\"http:\/\/feda.org\/feda2k16\/wp-content\/uploads\/C11_Form_Reserva_Hotel.odt\">Anexo-Formulario Reserva de Hotel en Odt<\/a><a href=\"http:\/\/feda.org\/feda2k16\/wp-content\/uploads\/C11_Form_Reserva_Hotel.odt\" class=\"wp-block-file__button\" download>Descargar<\/a><\/div>\n\n\n\n<ol class=\"wp-block-list\"><li><strong>Organizaci\u00f3n:<\/strong><\/li><\/ol>\n\n\n\n<p>Correr\u00e1 a cargo del Hotel Salobre\u00f1a\nSuites con la colaboraci\u00f3n de las Federaciones Andaluza y Espa\u00f1ola de Ajedrez.&nbsp;&nbsp; <a href=\"http:\/\/www.hotelsalobrena.es\/\">Web del Hotel<\/a><\/p>\n\n\n\n<ul class=\"wp-block-list\"><li><strong><\/strong><\/li><\/ul>\n\n\n\n<table class=\"wp-block-table mtr-table mtr-tr-td\"><tbody><tr><td data-mtr-content=\"\n  \u00a0Campeonato\n  \" class=\"mtr-td-tag\"><div class=\"mtr-cell-content\">\n  <strong>\u00a0Campeonato<\/strong>\n  <\/div><\/td><td data-mtr-content=\"\n  sub- 8\n  \" class=\"mtr-td-tag\"><div class=\"mtr-cell-content\">\n  <strong>sub- 8<\/strong>\n  <\/div><\/td><td data-mtr-content=\"\n  Sub-10\n  \" class=\"mtr-td-tag\"><div class=\"mtr-cell-content\">\n  <strong>Sub-10<\/strong>\n  <\/div><\/td><td data-mtr-content=\"\n  Sub-12\n  \" class=\"mtr-td-tag\"><div class=\"mtr-cell-content\">\n  <strong>Sub-12<\/strong>\n  <\/div><\/td><td data-mtr-content=\"\n  Sub-14\n  \" class=\"mtr-td-tag\"><div class=\"mtr-cell-content\">\n  <strong>Sub-14<\/strong>\n  <\/div><\/td><td data-mtr-content=\"\n  Sub-16\n  \" class=\"mtr-td-tag\"><div class=\"mtr-cell-content\">\n  <strong>Sub-16<\/strong>\n  <\/div><\/td><td data-mtr-content=\"\n  Sub-18\n  \" class=\"mtr-td-tag\"><div class=\"mtr-cell-content\">\n  <strong>Sub-18<\/strong>\n  <\/div><\/td><\/tr><tr><td data-mtr-content=\"\n  \u00a0Campeonato\n  \" class=\"mtr-td-tag\"><div class=\"mtr-cell-content\">\n  <strong>Fecha de Llegada<\/strong>\n  <\/div><\/td><td data-mtr-content=\"\n  sub- 8\n  \" class=\"mtr-td-tag\"><div class=\"mtr-cell-content\">\n  19-06\n  <\/div><\/td><td data-mtr-content=\"\n  Sub-10\n  \" class=\"mtr-td-tag\"><div class=\"mtr-cell-content\">\n  23-06\n  <\/div><\/td><td data-mtr-content=\"\n  Sub-12\n  \" class=\"mtr-td-tag\"><div class=\"mtr-cell-content\">\n  30-06\n  <\/div><\/td><td data-mtr-content=\"\n  Sub-14\n  \" class=\"mtr-td-tag\"><div class=\"mtr-cell-content\">\n  07-07\n  <\/div><\/td><td data-mtr-content=\"\n  Sub-16\n  \" class=\"mtr-td-tag\"><div class=\"mtr-cell-content\">\n  14-07\n  <\/div><\/td><td data-mtr-content=\"\n  Sub-18\n  \" class=\"mtr-td-tag\"><div class=\"mtr-cell-content\">\n  21-07\n  <\/div><\/td><\/tr><tr><td data-mtr-content=\"\n  \u00a0Campeonato\n  \" class=\"mtr-td-tag\"><div class=\"mtr-cell-content\">\n  <strong>Primera ronda<\/strong>\n  <\/div><\/td><td data-mtr-content=\"\n  sub- 8\n  \" class=\"mtr-td-tag\"><div class=\"mtr-cell-content\">\n  20-06\n  <\/div><\/td><td data-mtr-content=\"\n  Sub-10\n  \" class=\"mtr-td-tag\"><div class=\"mtr-cell-content\">\n  24-06\n  <\/div><\/td><td data-mtr-content=\"\n  Sub-12\n  \" class=\"mtr-td-tag\"><div class=\"mtr-cell-content\">\n  01-07\n  <\/div><\/td><td data-mtr-content=\"\n  Sub-14\n  \" class=\"mtr-td-tag\"><div class=\"mtr-cell-content\">\n  08-07\n  <\/div><\/td><td data-mtr-content=\"\n  Sub-16\n  \" class=\"mtr-td-tag\"><div class=\"mtr-cell-content\">\n  15-07\n  <\/div><\/td><td data-mtr-content=\"\n  Sub-18\n  \" class=\"mtr-td-tag\"><div class=\"mtr-cell-content\">\n  22-07\n  <\/div><\/td><\/tr><tr><td data-mtr-content=\"\n  \u00a0Campeonato\n  \" class=\"mtr-td-tag\"><div class=\"mtr-cell-content\">\n  <strong>\u00daltima ronda<\/strong>\n  <\/div><\/td><td data-mtr-content=\"\n  sub- 8\n  \" class=\"mtr-td-tag\"><div class=\"mtr-cell-content\">\n  23-06\n  <\/div><\/td><td data-mtr-content=\"\n  Sub-10\n  \" class=\"mtr-td-tag\"><div class=\"mtr-cell-content\">\n  29-06\n  <\/div><\/td><td data-mtr-content=\"\n  Sub-12\n  \" class=\"mtr-td-tag\"><div class=\"mtr-cell-content\">\n  06-07\n  <\/div><\/td><td data-mtr-content=\"\n  Sub-14\n  \" class=\"mtr-td-tag\"><div class=\"mtr-cell-content\">\n  13-07\n  <\/div><\/td><td data-mtr-content=\"\n  Sub-16\n  \" class=\"mtr-td-tag\"><div class=\"mtr-cell-content\">\n  20-07\n  <\/div><\/td><td data-mtr-content=\"\n  Sub-18\n  \" class=\"mtr-td-tag\"><div class=\"mtr-cell-content\">\n  27-07\n  <\/div><\/td><\/tr><tr><td data-mtr-content=\"\n  \u00a0Campeonato\n  \" class=\"mtr-td-tag\"><div class=\"mtr-cell-content\">\n  <strong>Fecha de salida<\/strong>\n  <\/div><\/td><td data-mtr-content=\"\n  sub- 8\n  \" class=\"mtr-td-tag\"><div class=\"mtr-cell-content\">\n  23-06\n  <\/div><\/td><td data-mtr-content=\"\n  Sub-10\n  \" class=\"mtr-td-tag\"><div class=\"mtr-cell-content\">\n  29-06\n  <\/div><\/td><td data-mtr-content=\"\n  Sub-12\n  \" class=\"mtr-td-tag\"><div class=\"mtr-cell-content\">\n  06-07\n  <\/div><\/td><td data-mtr-content=\"\n  Sub-14\n  \" class=\"mtr-td-tag\"><div class=\"mtr-cell-content\">\n  13-07\n  <\/div><\/td><td data-mtr-content=\"\n  Sub-16\n  \" class=\"mtr-td-tag\"><div class=\"mtr-cell-content\">\n  20-07\n  <\/div><\/td><td data-mtr-content=\"\n  Sub-18\n  \" class=\"mtr-td-tag\"><div class=\"mtr-cell-content\">\n  27-07\n  <\/div><\/td><\/tr><tr><td data-mtr-content=\"\n  \u00a0Campeonato\n  \" class=\"mtr-td-tag\"><div class=\"mtr-cell-content\">\n  <a><strong>Fin plazo inscripci\u00f3n clasificados<\/strong><\/a>\n  <\/div><\/td><td data-mtr-content=\"\n  sub- 8\n  \" class=\"mtr-td-tag\"><div class=\"mtr-cell-content\">\n  <strong>17-05-2019<\/strong>\n  <\/div><\/td><td data-mtr-content=\"\n  Sub-10\n  \" class=\"mtr-td-tag\"><div class=\"mtr-cell-content\">\n  <strong>17-05-2019<\/strong>\n  <\/div><\/td><td data-mtr-content=\"\n  Sub-12\n  \" class=\"mtr-td-tag\"><div class=\"mtr-cell-content\">\n  <strong>24-05-2019<\/strong>\n  <\/div><\/td><td data-mtr-content=\"\n  Sub-14\n  \" class=\"mtr-td-tag\"><div class=\"mtr-cell-content\">\n  <strong>31-05-2019<\/strong>\n  <\/div><\/td><td data-mtr-content=\"\n  Sub-16\n  \" class=\"mtr-td-tag\"><div class=\"mtr-cell-content\">\n  <strong>07-06-2019<\/strong>\n  <\/div><\/td><td data-mtr-content=\"\n  Sub-18\n  \" class=\"mtr-td-tag\"><div class=\"mtr-cell-content\">\n  <strong>14-06-2019<\/strong>\n  <\/div><\/td><\/tr><tr><td data-mtr-content=\"\n  \u00a0Campeonato\n  \" class=\"mtr-td-tag\"><div class=\"mtr-cell-content\">\n  <strong>Fin plazo inscripci\u00f3n general<\/strong>\n  <\/div><\/td><td data-mtr-content=\"\n  sub- 8\n  \" class=\"mtr-td-tag\"><div class=\"mtr-cell-content\">\n  <strong>30-05-2019<\/strong>\n  <\/div><\/td><td data-mtr-content=\"\n  Sub-10\n  \" class=\"mtr-td-tag\"><div class=\"mtr-cell-content\">\n  <strong>31-05-2019<\/strong>\n  <\/div><\/td><td data-mtr-content=\"\n  Sub-12\n  \" class=\"mtr-td-tag\"><div class=\"mtr-cell-content\">\n  <strong>07-06-2019<\/strong>\n  <\/div><\/td><td data-mtr-content=\"\n  Sub-14\n  \" class=\"mtr-td-tag\"><div class=\"mtr-cell-content\">\n  <strong>14-06-2019<\/strong>\n  <\/div><\/td><td data-mtr-content=\"\n  Sub-16\n  \" class=\"mtr-td-tag\"><div class=\"mtr-cell-content\">\n  <strong>21-06-2019<\/strong>\n  <\/div><\/td><td data-mtr-content=\"\n  Sub-18\n  \" class=\"mtr-td-tag\"><div class=\"mtr-cell-content\">\n  <strong>28-06-2019<\/strong>\n  <\/div><\/td><\/tr><\/tbody><\/table>\n\n\n\n<ul class=\"wp-block-list\"><li><strong>Sistema de Juego:<\/strong><\/li><\/ul>\n\n\n\n<ul class=\"wp-block-list\"><li><strong>Campeonato Sub 8:<\/strong><\/li><\/ul>\n\n\n\n<p>Sistema Suizo\na 9 rondas<\/p>\n\n\n\n<p>Calendario:<\/p>\n\n\n\n<p>Acreditaciones: mi\u00e9rcoles 19-06-2019 de 18 h a 20\nh. <br>\n1\u00aa Ronda jueves 20:&nbsp;&nbsp;&nbsp;&nbsp;&nbsp;&nbsp; 09:45 h<\/p>\n\n\n\n<p>2\u00aa\nRonda jueves 20:&nbsp;&nbsp;&nbsp;&nbsp;&nbsp;&nbsp; 12:00 h<\/p>\n\n\n\n<p>3\u00aa\nRonda jueves 20:&nbsp;&nbsp;&nbsp;&nbsp;&nbsp;&nbsp; 17:00 h<\/p>\n\n\n\n<p>4\u00aa\nRonda viernes 21:&nbsp;&nbsp;&nbsp;&nbsp;&nbsp; 09:45 h<\/p>\n\n\n\n<p>5\u00aa\nRonda viernes 21:&nbsp;&nbsp;&nbsp;&nbsp;&nbsp; 12:00 h<\/p>\n\n\n\n<p>6\u00aa\nRonda S\u00e1bado 22:&nbsp;&nbsp;&nbsp;&nbsp;&nbsp; 09:45 h<\/p>\n\n\n\n<p>7\u00aa\nRonda S\u00e1bado 22:&nbsp;&nbsp;&nbsp;&nbsp;&nbsp; 12:00 h<\/p>\n\n\n\n<p>8\u00aa\nRonda Domingo 23:&nbsp; 09:45 h<\/p>\n\n\n\n<p>9\u00aa\nRonda Domingo 23:&nbsp; 12:00 h<\/p>\n\n\n\n<p>Entrega de premios y clausura: Domingo 23-06-2019\na las 14.00 h.<\/p>\n\n\n\n<p>Seg\u00fan el n\u00famero de inscritos podr\u00e1\nvariarse el n\u00famero de rondas, que en ning\u00fan caso ser\u00e1 superior a nueve.<br>\n<br>\n<br><\/p>\n\n\n\n<p>Velocidad de juego: <\/p>\n\n\n\n<p>45\nminutos por jugador y para toda la partida, con incremento de 15 segundos por\njugada desde el primer movimiento. (G-45\u2019 +15\u2019\u2019).<\/p>\n\n\n\n<p>La tolerancia para llegar con retraso a una partida se establece en 15\nminutos:<\/p>\n\n\n\n<p>Todo\/a jugador\/a que no se haya presentado en el tablero transcurridos\n15 minutos desde la hora prevista para su inicio, perder\u00e1 su partida (seg\u00fan\nart. 6.6.a de las Leyes del Ajedrez).<\/p>\n\n\n\n<ul class=\"wp-block-list\"><li><strong>Campeonatos Sub 10 a Sub 18:<\/strong><\/li><\/ul>\n\n\n\n<p>Sistema\nSuizo a 9 rondas, doblando rondas las jornadas 1\u00aa, 3\u00aa y 5\u00aa. (2, 1, 2, 1, 2, 1).<\/p>\n\n\n\n<p>Calendario:<\/p>\n\n\n\n<p>Acreditaciones: El d\u00eda establecido\npara la llegada, <strong>de 18 h a 20 h<\/strong>. <br>\n<br>\n<\/p>\n\n\n\n<p>Seg\u00fan\nel n\u00famero de inscritos podr\u00e1 variarse el n\u00famero de rondas, que en ning\u00fan caso\nser\u00e1 superior a nueve.<br>\n<br>\n<\/p>\n\n\n\n<p>Horario\nde juego: &nbsp;Ronda doble: 10:00 h y 17:00\nh, Ronda \u00fanica: 10:00 h excepto la \u00faltima ronda, que se iniciar\u00e1 a las 9:30h.<\/p>\n\n\n\n<p>Velocidad de juego:<br>\n90 minutos para toda la partida, con un incremento de 30 segundos por jugada\ndesde el primer movimiento. (G-90\u2019\n+ 30\u2019\u2019) <\/p>\n\n\n\n<p>La tolerancia para llegar con retraso a una partida se establece en 15\nminutos:<\/p>\n\n\n\n<p>Todo\/a jugador\/a que no se haya presentado en el tablero transcurridos\n15 minutos desde la hora prevista para su inicio, perder\u00e1 su partida (seg\u00fan\nart. 6.6.a de las Leyes del Ajedrez).<\/p>\n\n\n\n<ul class=\"wp-block-list\"><li><strong>Local de Juego<\/strong><\/li><\/ul>\n\n\n\n<p>Centro de Convenciones del Hotel\nSalobre\u00f1a Suites<strong>, <\/strong>Ctra. M\u00e1laga-Almer\u00eda Km 323. 18680 Salobre\u00f1a (Granada).<\/p>\n\n\n\n<ul class=\"wp-block-list\"><li><strong>Participaci\u00f3n Sub 8:<\/strong><\/li><\/ul>\n\n\n\n<p><a>Tendr\u00e1n derecho a participar todos los deportistas interesados, <\/a>debidamente inscritos, siempre\nque tengan licencia FEDA expedida por su Federaci\u00f3n Auton\u00f3mica en vigor,\nbandera ESP ante la FIDE y que no\nhubieran cumplido 8 a\u00f1os el 31-12-2018. (Nacidos el 2011 o posterior).<\/p>\n\n\n\n<p><br>\nSer\u00e1 obligatorio anotar correctamente las jugadas en todas las partidas, de\nforma reglamentaria y sin ayudas, salvo los casos\nespecialmente previstos en las Leyes del Ajedrez.<\/p>\n\n\n\n<p>Todos\nlos jugadores deber\u00e1n ir acompa\u00f1ados al menos por un adulto responsable, que se\nalojar\u00e1 en la misma habitaci\u00f3n (doble o triple). Si no es familiar que\ntenga patria potestad, se requerir\u00e1 autorizaci\u00f3n del padre, madre o tutor para\npoder viajar y participar en el campeonato bajo su responsabilidad.\nSi se alojan en el Hotel oficial, la plaza del jugador, alojamiento y\nmanutenci\u00f3n, ir\u00e1 con cargo a la organizaci\u00f3n siempre que se aloje en la misma\nhabitaci\u00f3n con el acompa\u00f1ante adulto.<\/p>\n\n\n\n<ul class=\"wp-block-list\"><li><strong>Participaci\u00f3n Sub 10 a Sub 18:<\/strong><\/li><\/ul>\n\n\n\n<p>Tendr\u00e1n\nderecho a participar todos los deportistas interesados, debidamente\ninscritos, siempre que tengan licencia FEDA expedida\npor su Federaci\u00f3n Auton\u00f3mica en vigor, bandera ESP ante la FIDE y que no\nhubieran cumplido respectivamente 10, 12, 14, 16 o 18 a\u00f1os el 31-12-2018, los\nsiguientes deportistas:<br>\n<br>\na) El campe\u00f3n de Espa\u00f1a 2018 de la misma categor\u00eda de edad. Si sobrepasara la\nedad, tendr\u00e1 derecho a participar en la categor\u00eda de edad superior. La FEDA se\nhar\u00e1 cargo de su alojamiento y manutenci\u00f3n.<\/p>\n\n\n\n<p>b)\nEl Campe\u00f3n de Espa\u00f1a de Ajedrez R\u00e1pido 2018 de la misma categor\u00eda de edad. Si\nsobrepasara la edad, tendr\u00e1 derecho a participar en la categor\u00eda de edad\nsuperior. La FEDA se har\u00e1 cargo de su alojamiento y manutenci\u00f3n.<\/p>\n\n\n\n<p>c)\nLos Campeones en los distintos Torneos Abiertos de su categor\u00eda de edad, 2018-2019,\nen los que la FEDA haya concedido plazas para estos Campeonatos, con\nalojamiento y manutenci\u00f3n con cargo a la FEDA.<\/p>\n\n\n\n<p>d)\nDeportistas en representaci\u00f3n de cada Federaci\u00f3n Auton\u00f3mica integrada en la FEDA,\nde acuerdo con el n\u00famero de plazas y en las condiciones establecidas en los\nConvenios existentes entre la FEDA y cada Federaci\u00f3n Auton\u00f3mica.<\/p>\n\n\n\n<p>e)\nPor otra parte, el Campeonato tendr\u00e1 car\u00e1cter abierto, pudiendo participar los\ndeportistas de ambos sexos, que cumplan los requisitos establecidos en los\nReglamentos y en la presente circular, con los gastos a su cargo.<\/p>\n\n\n\n<p>La\nparticipaci\u00f3n de todos los menores de edad que no vayan acompa\u00f1ados por\nfamiliar que tenga patria potestad requerir\u00e1 autorizaci\u00f3n del padre, madre o tutor\npara poder viajar y participar en el campeonato bajo su responsabilidad. <strong>En ning\u00fan caso se admitir\u00e1 la inscripci\u00f3n\nde deportistas desde Sub 8 a Sub 14 si no van acompa\u00f1ados por padre, madre,\ntutor o persona debidamente autorizada.<\/strong><\/p>\n\n\n\n<p>Para\ntodos los Campeonatos ser\u00e1 de aplicaci\u00f3n el Reglamento General de Competiciones\nde la FEDA vigente al inicio del Campeonato. <\/p>\n\n\n\n<ul class=\"wp-block-list\"><li><strong>Desempates en la Clasificaci\u00f3n Final: <\/strong><\/li><\/ul>\n\n\n\n<p>Ser\u00e1\nde aplicaci\u00f3n lo establecido en el Reglamento General de Competiciones de la\nFEDA.<\/p>\n\n\n\n<ul class=\"wp-block-list\"><li><strong>Inscripciones y Reservas Hotel:<\/strong><br>\n<br>\n<ul><li><strong>Inscripci\u00f3n:<\/strong><\/li><\/ul><\/li><\/ul>\n\n\n\n<p>Se\nestablece un canon de inscripci\u00f3n de <strong>33,- \u20ac<\/strong> para la categor\u00eda Sub 8 y de\n<strong>49,- \u20ac<\/strong> para el resto de categor\u00edas.<\/p>\n\n\n\n<p>Las\ninscripciones a los Campeonatos se realizar\u00e1n por la plataforma Web habilitada\nal efecto, y que se encuentra en la web de la FEDA <a href=\"http:\/\/www.feda.org\">www.feda.org<\/a> , INSCRIPCIONES A TORNEOS.<\/p>\n\n\n\n<p>Podr\u00e1n\nhacerse directamente, o a trav\u00e9s de la Federaci\u00f3n Auton\u00f3mica. En todo caso,\nser\u00e1 la Federaci\u00f3n Auton\u00f3mica quien deber\u00e1 validar la inscripci\u00f3n. (Ver <strong>Anexo II<\/strong>. Gu\u00eda para las inscripciones\nen Campeonatos de Espa\u00f1a individuales).<\/p>\n\n\n\n<p>El\nplazo de inscripci\u00f3n a los Campeonatos y de reservas de alojamiento\nqueda abierto con la publicaci\u00f3n de esta circular para todas las categor\u00edas y\nse cerrar\u00e1 seg\u00fan las fechas indicadas en la Tabla de Fechas.<\/p>\n\n\n\n<p>Para que una inscripci\u00f3n se considere\nfirme, deber\u00e1 haberse abonado el correspondiente canon de inscripci\u00f3n, por transferencia\na la siguiente cuenta de la FEDA: <\/p>\n\n\n\n<p>IBERCAJA.IBAN:<strong>ES50-2085-8024-9503-0002-5965.<\/strong><br>\n<br>\nEn el documento de transferencia deber\u00e1 indicarse, necesariamente, nombre y dos\napellidos del(los) inscrito(s), siglas de la Federaci\u00f3n Auton\u00f3mica a la que\npertenece(n) (AND, ARA, AST, BAL, CAN, CAT, CEU, CTL, CTM, CNT, EUS, EXT, GAL,\nMAD, MEL, MUR, NAV, RIO, VAL) y el texto \u201cS8\u201d,&nbsp;\n\u201cS10\u201d, \u00abS12\u00bb, \u201cS14\u201d, \u201cS16\u201d \u00f3 \u201cS18\u201d, seg\u00fan corresponda y el\nnombre del jugador\/a, para poder identificar correctamente el pago de la\ninscripci\u00f3n.<\/p>\n\n\n\n<ul class=\"wp-block-list\"><li><strong>RESERVAS EN EL HOTEL SALOBRE\u00d1A<\/strong><strong><\/strong><\/li><\/ul>\n\n\n\n<p><strong>No se\nadmitir\u00e1n reservas en el Hotel Salobre\u00f1a que no se cursen a trav\u00e9s de la\nFederaci\u00f3n Espa\u00f1ola de Ajedrez.<\/strong><\/p>\n\n\n\n<p>Para realizar y confirmar las reservas\nes obligatorio hacerlo mediante el <strong>formulario<\/strong> adjunto a la presente\ncircular. El plazo es el mismo que se establece para la inscripci\u00f3n en la Tabla\nde Fechas 2019.<\/p>\n\n\n\n<p>El procedimiento ser\u00e1 el siguiente:<\/p>\n\n\n\n<ol class=\"wp-block-list\"><li><strong>Se enviar\u00e1 el formulario\nde reserva a la FEDA<\/strong>.\n<strong>S\u00f3lo la Hoja 4.<\/strong> Por e-mail a <a href=\"mailto:administracion@feda.org\"><strong>administracion@feda.org<\/strong><\/a><strong>,<\/strong> (La FEDA comprobar\u00e1 que\nse ha realizado la inscripci\u00f3n en el Campeonato v\u00eda Web). <\/li><\/ol>\n\n\n\n<p>En el formulario, adjunto\na la presente circular, se pueden encontrar todas las instrucciones e\ninformaci\u00f3n detallada de precios y descuentos.<\/p>\n\n\n\n<ol class=\"wp-block-list\"><li>Si se trata de\nparticipantes con derecho a estancia y manutenci\u00f3n con cargo a los\npresupuestos de la FEDA, (becados bajo criterios comunicados por la FEDA: clasificados,\nrepresentantes de Federaciones Auton\u00f3micas, plazas por convenio o invitados\nFEDA por cualquier otro motivo. Este concepto no incluye participantes\ninvitados por otra entidad distinta de la FEDA), y sus acompa\u00f1antes, el\nplazo de reserva finaliza el d\u00eda indicado en la tabla de fechas como<strong> \u201cFin plazo inscripci\u00f3n clasificados\u201d.<\/strong> Los\ninscritos en plazo bajo este ep\u00edgrafe tendr\u00e1n su reserva garantizada.<\/li><\/ol>\n\n\n\n<ul class=\"wp-block-list\"><li>Los participantes Open y\nsus acompa\u00f1antes dispondr\u00e1n del plazo indicado en la tabla de fechas como <strong>\u201cFin plazo inscripci\u00f3n General\u201d<\/strong> y se\npriorizar\u00e1 por orden de llegada de reservas.<\/li><\/ul>\n\n\n\n<ul class=\"wp-block-list\"><li>Los participantes\nse\u00f1alados en el apartado <strong>a)<\/strong> que\nformalicen su reserva fuera de plazo pasar\u00e1n a ser considerados en el apartado <strong>b)<\/strong> a efectos de prioridad, si bien\nestar\u00e1n igualmente invitados si existe disponibilidad de plazas.<\/li><\/ul>\n\n\n\n<ul class=\"wp-block-list\"><li><strong>FEDERACIONES AUTON\u00d3MICAS:<\/strong><strong>\n<\/strong><\/li><\/ul>\n\n\n\n<p>El plazo para inscribir y\nreservar habitaci\u00f3n para los Delegados y Entrenadores oficiales finaliza el <strong>17 de mayo de 2019, <\/strong>para todos los\ncampeonatos.A partir de esta\nfecha las reservas se considerar\u00e1n como las mencionadas en el apartado <strong>b)<\/strong>.<\/p>\n\n\n\n<ul class=\"wp-block-list\"><li>Se procurar\u00e1 dispensar un\ntratamiento especial para las delegaciones completas que formalicen las reservas\ncomo grupo a trav\u00e9s de su Federaci\u00f3n Auton\u00f3mica.<\/li><\/ul>\n\n\n\n<ul class=\"wp-block-list\"><li>La\nFEDA, en un plazo no superior a tres d\u00edas h\u00e1biles, remitir\u00e1 al Hotel las\nreservas recibidas, seg\u00fan los criterios detallados en el apartado anterior.<\/li><\/ul>\n\n\n\n<ul class=\"wp-block-list\"><li>El\nHotel, ir\u00e1 confirmando las reservas recibidas mediante el env\u00edo de e-mail a los\ninteresados y factura proforma. Deber\u00e1n abonar al menos el 25% de la factura\npara que su reserva se considere confirmada definitivamente.<\/li><\/ul>\n\n\n\n<ul class=\"wp-block-list\"><li><strong>Condiciones de Alojamiento:<\/strong><\/li><\/ul>\n\n\n\n<p>El detalle\ncompleto de las condiciones de alojamiento, precios, etc. se encuentran en el\nFormulario de Instrucciones para la Reserva, &nbsp;Tabla de Precios Conveniados y Formulario de Reserva\nadjuntos a esta circular.<\/p>\n\n\n\n<p>Resaltamos los siguientes puntos:<\/p>\n\n\n\n<ul class=\"wp-block-list\"><li>Se\nestablecen tres tipos de habitaciones: Doble Superior y Club.<\/li><\/ul>\n\n\n\n<ul class=\"wp-block-list\"><li>Seg\u00fan el\nn\u00famero de personas a alojar de una misma reserva, se ha limitado el n\u00famero de\nhabitaciones.<\/li><\/ul>\n\n\n\n<p>Consultar el apartado de \u201cHABITACIONES\u201d en el Formulario\nde Reserva para tenerlo en cuenta.<\/p>\n\n\n\n<ul class=\"wp-block-list\"><li><strong>Deportistas y acompa\u00f1antes: <\/strong><\/li><\/ul>\n\n\n\n<p>El\nplazo para la reserva y para la inscripci\u00f3n es el mismo. <\/p>\n\n\n\n<p>Estos\nplazos est\u00e1n indicados en la tabla de fechas al principio y se reproducen a\ncontinuaci\u00f3n:<\/p>\n\n\n\n<table class=\"wp-block-table mtr-table mtr-tr-td\"><tbody><tr><td data-mtr-content=\"\n  \u00a0Campeonato\n  \" class=\"mtr-td-tag\"><div class=\"mtr-cell-content\">\n  <strong>\u00a0Campeonato<\/strong>\n  <\/div><\/td><td data-mtr-content=\"\n  sub- 8\n  \" class=\"mtr-td-tag\"><div class=\"mtr-cell-content\">\n  <strong>sub- 8<\/strong>\n  <\/div><\/td><td data-mtr-content=\"\n  Sub-10\n  \" class=\"mtr-td-tag\"><div class=\"mtr-cell-content\">\n  <strong>Sub-10<\/strong>\n  <\/div><\/td><td data-mtr-content=\"\n  Sub-12\n  \" class=\"mtr-td-tag\"><div class=\"mtr-cell-content\">\n  <strong>Sub-12<\/strong>\n  <\/div><\/td><td data-mtr-content=\"\n  Sub-14\n  \" class=\"mtr-td-tag\"><div class=\"mtr-cell-content\">\n  <strong>Sub-14<\/strong>\n  <\/div><\/td><td data-mtr-content=\"\n  Sub-16\n  \" class=\"mtr-td-tag\"><div class=\"mtr-cell-content\">\n  <strong>Sub-16<\/strong>\n  <\/div><\/td><td data-mtr-content=\"\n  Sub-18\n  \" class=\"mtr-td-tag\"><div class=\"mtr-cell-content\">\n  <strong>Sub-18<\/strong>\n  <\/div><\/td><\/tr><tr><td data-mtr-content=\"\n  \u00a0Campeonato\n  \" class=\"mtr-td-tag\"><div class=\"mtr-cell-content\">\n  <strong>Fin\n  plazo inscripci\u00f3n y reserva clasificados<\/strong>\n  <\/div><\/td><td data-mtr-content=\"\n  sub- 8\n  \" class=\"mtr-td-tag\"><div class=\"mtr-cell-content\">\n  <strong>17-05-2019<\/strong>\n  <\/div><\/td><td data-mtr-content=\"\n  Sub-10\n  \" class=\"mtr-td-tag\"><div class=\"mtr-cell-content\">\n  <strong>17-05-2019<\/strong>\n  <\/div><\/td><td data-mtr-content=\"\n  Sub-12\n  \" class=\"mtr-td-tag\"><div class=\"mtr-cell-content\">\n  <strong>24-05-2019<\/strong>\n  <\/div><\/td><td data-mtr-content=\"\n  Sub-14\n  \" class=\"mtr-td-tag\"><div class=\"mtr-cell-content\">\n  <strong>31-05-2019<\/strong>\n  <\/div><\/td><td data-mtr-content=\"\n  Sub-16\n  \" class=\"mtr-td-tag\"><div class=\"mtr-cell-content\">\n  <strong>07-06-2019<\/strong>\n  <\/div><\/td><td data-mtr-content=\"\n  Sub-18\n  \" class=\"mtr-td-tag\"><div class=\"mtr-cell-content\">\n  <strong>14-06-2019<\/strong>\n  <\/div><\/td><\/tr><tr><td data-mtr-content=\"\n  \u00a0Campeonato\n  \" class=\"mtr-td-tag\"><div class=\"mtr-cell-content\">\n  <strong>Fin plazo inscripci\u00f3n y reserva general<\/strong><strong><\/strong>\n  <\/div><\/td><td data-mtr-content=\"\n  sub- 8\n  \" class=\"mtr-td-tag\"><div class=\"mtr-cell-content\">\n  <strong>30-05-2019<\/strong>\n  <\/div><\/td><td data-mtr-content=\"\n  Sub-10\n  \" class=\"mtr-td-tag\"><div class=\"mtr-cell-content\">\n  <strong>31-05-2019<\/strong>\n  <\/div><\/td><td data-mtr-content=\"\n  Sub-12\n  \" class=\"mtr-td-tag\"><div class=\"mtr-cell-content\">\n  <strong>07-06-2019<\/strong>\n  <\/div><\/td><td data-mtr-content=\"\n  Sub-14\n  \" class=\"mtr-td-tag\"><div class=\"mtr-cell-content\">\n  <strong>14-06-2019<\/strong>\n  <\/div><\/td><td data-mtr-content=\"\n  Sub-16\n  \" class=\"mtr-td-tag\"><div class=\"mtr-cell-content\">\n  <strong>21-06-2019<\/strong>\n  <\/div><\/td><td data-mtr-content=\"\n  Sub-18\n  \" class=\"mtr-td-tag\"><div class=\"mtr-cell-content\">\n  <strong>28-06-2019<\/strong>\n  <\/div><\/td><\/tr><\/tbody><\/table>\n\n\n\n<ul class=\"wp-block-list\"><li><strong>Delegados:<\/strong><\/li><\/ul>\n\n\n\n<p>Los\nDelegados oficiales de cada Federaci\u00f3n Auton\u00f3mica (un Delegado por Federaci\u00f3n),\ntendr\u00e1n la estancia subvencionada en funci\u00f3n de lo que se establezca en los\nacuerdos existentes entre la FEDA y cada Federaci\u00f3n Auton\u00f3mica. Normalmente,\nestas condiciones son: Habitaci\u00f3n Standard con un 25% de descuento, siempre que\nel Delegado est\u00e9 todo el Campeonato. Si optan por otro tipo de habitaci\u00f3n,\ndeber\u00e1n abonar la diferencia.<\/p>\n\n\n\n<p>Para\nello, deber\u00e1n estar inscritos en la FEDA oficialmente por su Federaci\u00f3n, as\u00ed\ncomo presentar cumplimentado el formulario de reserva, <strong>por todo el 17 de mayo de 2019,<\/strong> para todos los Campeonatos.<\/p>\n\n\n\n<p>El Hotel\nSalobre\u00f1a Suites ofrece tambi\u00e9n la gratuidad de la noche adicional (s\u00e1bados) a\nlos Delegados que prolonguen su estancia un d\u00eda m\u00e1s por raz\u00f3n del Campeonato\nR\u00e1pido, siempre y cuando tengan a su cargo en el mismo a tres o m\u00e1s\nparticipantes de su Federaci\u00f3n.<\/p>\n\n\n\n<p>Los\nEntrenadores adicionales que presente oficialmente cada Federaci\u00f3n deber\u00e1n\ninscribirse y reservar en el mismo plazo, 17 de mayo de 2019.<\/p>\n\n\n\n<p>Si la\ninscripci\u00f3n y reserva se efect\u00faa fuera del plazo indicado, se mantendr\u00e1n las\ncondiciones expuestas, pero se quedar\u00e1 sujeto a disponibilidad de habitaciones.<\/p>\n\n\n\n<ul class=\"wp-block-list\"><li><strong>Invitados:<\/strong><\/li><\/ul>\n\n\n\n<p>Las personas cuyo coste de\nalojamiento y manutenci\u00f3n sea asumido por la FEDA se alojar\u00e1n en el Hotel\nSalobre\u00f1a Suites. No se compensar\u00e1n gastos por ning\u00fan concepto a los no\nalojados en el Hotel.<\/p>\n\n\n\n<ol class=\"wp-block-list\"><li><strong>Gesti\u00f3n\nde Transporte:<\/strong><\/li><\/ol>\n\n\n\n<p>La organizaci\u00f3n pone a disposici\u00f3n de\nlos participantes la gesti\u00f3n de un servicio de transporte (transfer) desde\nAeropuerto, estaci\u00f3n, etc. hasta el Hotel. Para grupos interesados, contactar\ncon el Hotel para consultar precios y disponibilidad.<\/p>\n\n\n\n<ol class=\"wp-block-list\"><li><strong>Premios:<\/strong><\/li><\/ol>\n\n\n\n<ul class=\"wp-block-list\"><li>Trofeos a los\/as tres primeros\/as\nclasificados\/as.<\/li><li>Trofeos a las tres primeras\nclasificadas femeninas.<\/li><li>Medallas a todos los participantes.<\/li><\/ul>\n\n\n\n<p>El\nCampe\u00f3n (o la Campeona) de Espa\u00f1a tendr\u00e1 derecho a participar invitado\/a en la\nedici\u00f3n del Campeonato de Espa\u00f1a 2020 en la categor\u00eda de edad que le\ncorresponda.<\/p>\n\n\n\n<ol class=\"wp-block-list\"><li><strong>Premios Especiales de la Organizaci\u00f3n\n(Hotel Salobre\u00f1a Suites):<\/strong><\/li><\/ol>\n\n\n\n<p><strong><br>\n<\/strong>Trofeos al primer y segundo clasificados\n(o clasificadas) sub 7, sub 9 y sub 11 en los campeonatos Sub 8, 10 y 12 respectivamente,\nm\u00e1s invitaci\u00f3n de estancia y manutenci\u00f3n para el Campeonato de Espa\u00f1a de\nJ\u00f3venes 2020 en la categor\u00eda de edad que les corresponda (*).<\/p>\n\n\n\n<p><strong>(*) <\/strong>La invitaci\u00f3n est\u00e1\ncondicionada a la renovaci\u00f3n del acuerdo entre la FEDA y el Hotel Salobre\u00f1a\nSuites para la organizaci\u00f3n de los Campeonatos en 2020.<\/p>\n\n\n\n<ol class=\"wp-block-list\"><li><strong>Actividades Complementarias. Test de Nivel:<\/strong><\/li><\/ol>\n\n\n\n<p>Para los participantes en los Campeonatos Sub 8 y\nSub 10 la FEDA realizar\u00e1 unos Test de Nivel, a los que se podr\u00e1n inscribir los\njugadores\/as de forma voluntaria.<\/p>\n\n\n\n<p>La inscripci\u00f3n podr\u00e1 hacerse durante las dos\nprimeras rondas de los Campeonatos respectivos.<\/p>\n\n\n\n<p>Se realizar\u00e1n en la misma Sala de Juego. Las fechas\ny horarios ser\u00e1n los siguientes:<\/p>\n\n\n\n<p><strong>SUB\n8<\/strong>: Viernes,\n21 de junio a las 16:30 h.&nbsp;&nbsp;&nbsp;&nbsp;&nbsp;&nbsp;&nbsp;&nbsp;&nbsp;&nbsp;&nbsp;&nbsp; <\/p>\n\n\n\n<p><strong>SUB\n10<\/strong>: Martes,\n25 de junio a las 16:30 h.<\/p>\n\n\n\n<ol class=\"wp-block-list\"><li><strong>Clasificaci\u00f3n y condiciones de\nParticipaci\u00f3n en Campeonatos Oficiales Internacionales:<\/strong><\/li><\/ol>\n\n\n\n<ol class=\"wp-block-list\"><li><strong>Campeonato de Europa Individual Sub 8 a Sub 18<\/strong><\/li><\/ol>\n\n\n\n<p>El\nCampe\u00f3n (o Campeona) y la primera clasificada femenina en los Campeonatos tendr\u00e1n\nderecho a participar en el Campeonato de Europa Individual por edades, Sub 8 a\nSub 18, en su categor\u00eda de edad y sexo correspondiente, con sus gastos a cargo\nde los presupuestos de la FEDA, (excepto el canon de inscripci\u00f3n), en Bratislava\n(Eslovaquia), del 1 al 12 de agosto de 2019.<\/p>\n\n\n\n<p>La\nFEDA publicar\u00e1 una circular espec\u00edfica con las condiciones de participaci\u00f3n en\neste Campeonato de Europa, tanto para clasificados\/as como para participar en\ncondici\u00f3n de Open.<\/p>\n\n\n\n<p>En\ntodo caso, para poder inscribirse a este Campeonato de Europa, se deber\u00e1 haber\nparticipado en el Campeonato de Espa\u00f1a 2019 correspondiente a su edad, de\nAjedrez tradicional.<\/p>\n\n\n\n<ol class=\"wp-block-list\"><li><strong>Campeonato del\nMundo de Ajedrez R\u00e1pido y Rel\u00e1mpago, categor\u00edas Sub 14 a Sub 18 &nbsp;&nbsp;&nbsp;&nbsp;&nbsp;&nbsp;&nbsp;&nbsp;&nbsp;&nbsp;&nbsp;&nbsp;&nbsp;&nbsp;&nbsp;&nbsp;&nbsp;&nbsp;&nbsp;&nbsp;&nbsp;&nbsp;&nbsp;&nbsp;&nbsp;&nbsp;&nbsp;&nbsp;&nbsp;&nbsp;&nbsp;&nbsp;&nbsp;&nbsp;&nbsp;&nbsp;&nbsp;&nbsp;&nbsp;&nbsp;&nbsp;&nbsp;&nbsp;&nbsp;&nbsp;&nbsp;&nbsp;&nbsp;&nbsp;Open\ny Femenina. Hotel Salobre\u00f1a Suites, del 10 al 14 de septiembre de 2019:<\/strong><\/li><\/ol>\n\n\n\n<p>La\nFEDA publicar\u00e1 una circular espec\u00edfica con las condiciones de participaci\u00f3n en\neste Campeonato del Mundo.<\/p>\n\n\n\n<p>Estar\u00e1n\nclasificados para participar en el Mundial los siguientes deportistas:<\/p>\n\n\n\n<p>El\ncampe\u00f3n (o Campeona) de los Campeonatos de Espa\u00f1a Sub 14, Sub 16 y Sub 18 de Ajedrez\nTradicional.<\/p>\n\n\n\n<p>La\nprimera clasificada femenina de los Campeonatos de Espa\u00f1a Sub14, Sub 16 y Sub\n18 de Ajedrez Tradicional.<\/p>\n\n\n\n<p>El\ncampe\u00f3n (o Campeona) de los Campeonatos de Espa\u00f1a Sub 14, Sub 16 y Sub 18 de\nAjedrez R\u00e1pido.<\/p>\n\n\n\n<p>La\nprimera clasificada femenina de los Campeonatos de Espa\u00f1a Sub14, Sub 16 y Sub\n18 de Ajedrez R\u00e1pido.<\/p>\n\n\n\n<p>Los\nderechos de clasificaci\u00f3n incluyen la estancia y manutenci\u00f3n en el hotel\nSalobre\u00f1a Suites del 10 al 14 de septiembre de 2019 con cargo a los\npresupuestos de la FEDA.<\/p>\n\n\n\n<p>No\nincluyen las cuotas de inscripci\u00f3n ni el desplazamiento a Salobre\u00f1a.<\/p>\n\n\n\n<p>En\ncaso de renuncia del Campe\u00f3n (o Campeona) el derecho pasar\u00e1 al siguiente\nclasificado\/a en la clasificaci\u00f3n general.<\/p>\n\n\n\n<p>En\ncaso de renuncia de la primera clasificada femenina el derecho pasar\u00e1 a la\nsiguiente clasificada femenina en la clasificaci\u00f3n general.<\/p>\n\n\n\n<p>En\ntodo caso, para poder inscribirse open a este Mundial, se deber\u00e1 haber\nparticipado en al menos un Campeonato de Espa\u00f1a 2019 correspondiente a su edad,\no superior, sea de Ajedrez tradicional o de Ajedrez R\u00e1pido.<\/p>\n\n\n\n<ol class=\"wp-block-list\"><li><strong>Inscripci\u00f3n en Otras Competiciones Oficiales\nInternacionales:<\/strong><\/li><\/ol>\n\n\n\n<p>No est\u00e1 autorizada la inscripci\u00f3n a\nCampeonatos Oficiales internacionales si no se realiza a trav\u00e9s de la FEDA.<\/p>\n\n\n\n<p>No se podr\u00e1 participar en Campeonatos\nOficiales Internacionales si la FEDA no establece Delegaci\u00f3n Oficial.<\/p>\n\n\n\n<ol class=\"wp-block-list\"><li><strong>Certificado de Actividades con Menores:<\/strong><\/li><\/ol>\n\n\n\n<p>Para todos los delegados, \u00e1rbitros, organizaci\u00f3n y\npersonas relacionadas que intervengan en los Campeonatos de Espa\u00f1a Sub 8 a sub\n18, ser\u00e1n exigibles los requisitos detallados en la Circular 15-2016, que est\u00e1\nplenamente vigente (<strong>Anexo I<\/strong>). Aunque se hubiera presentado el\nCertificado en 2018, debe presentarse de nuevo cada a\u00f1o.<\/p>\n\n\n\n<p>En\nMadrid, a 12 de abril de 2019<\/p>\n\n\n\n<p>Ram\u00f3n Padull\u00e9s Argerich <br>\nSecretario General<br><\/p>\n\n\n\n<p><strong>ANEXO I<\/strong><\/p>\n\n\n\n<p><strong>Circular 15\/2016, vigente para los Campeonatos de Espa\u00f1a 2019<\/strong><\/p>\n\n\n\n<p><strong>Nota: <\/strong>Es obligatorio presentar de nuevo el Certificado, aunque ya se\nhubiera aportado para los Campeonatos del a\u00f1o anterior. El plazo para aportarlo, ser\u00e1 el mismo que el plazo de\ninscripci\u00f3n.<\/p>\n\n\n\n<p><strong>Ref.: Requisitos exigibles a monitores, entrenadores, delegados y\notros colaboradores que realicen actividades que impliquen contacto habitual\ncon menores<\/strong><\/p>\n\n\n\n<ol class=\"wp-block-list\"><li>En el Art\u00edculo 13.5 de la Ley Org\u00e1nica\n1\/1996, de 15 de enero, de Protecci\u00f3n Jur\u00eddica del Menor, as\u00ed como en la Ley\n26\/2015, ratificando la misma redacci\u00f3n, se establece que:<\/li><\/ol>\n\n\n\n<p><strong><em>\u201c<\/em><\/strong><em>Ser\u00e1 requisito para el acceso y ejercicio a &nbsp;las profesiones, oficios y\nactividades que impliquen contacto habitual con menores, el no haber sido\ncondenado por sentencia firme por alg\u00fan delito contra la libertad e indemnidad sexual, que incluye la agresi\u00f3n y abuso\nsexual, acoso&nbsp; sexual,&nbsp; exhibicionismo y provocaci\u00f3n sexual,\nprostituci\u00f3n y explotaci\u00f3n sexual y corrupci\u00f3n de menores, as\u00ed como por trata\nde seres humanos. A tal efecto, quien pretenda el acceso a tales profesiones,\noficios o actividades deber\u00e1 acreditar esta circunstancia mediante la aportaci\u00f3n&nbsp;&nbsp; de&nbsp;&nbsp;\nuna&nbsp;&nbsp; certificaci\u00f3n&nbsp;&nbsp; negativa&nbsp;&nbsp;\ndel&nbsp;&nbsp; Registro&nbsp;&nbsp; Central&nbsp;&nbsp;\nde&nbsp; &nbsp;delincuentes sexuales\u201d<\/em><strong><em><\/em><\/strong><\/p>\n\n\n\n<ul class=\"wp-block-list\"><li>En relaci\u00f3n con ello, el Real Decreto\n1110\/2015, de 11 de diciembre, por el que se regula el Registro Central de\nDelincuentes Sexuales crea y regula la organizaci\u00f3n y funcionamiento del citado\nregistro. As\u00ed, dado que la publicaci\u00f3n tuvo lugar con fecha 30 de diciembre de\n2015 y su entrada en vigor se estableci\u00f3 a los dos meses, el Real Decreto est\u00e1\nvigente desde el d\u00eda 1 de marzo de 2016.<\/li><\/ul>\n\n\n\n<p>A la vista de la legislaci\u00f3n mencionada, se\nestablece lo siguiente:<\/p>\n\n\n\n<ol class=\"wp-block-list\"><li>Todos los entrenadores y monitores que\nrealicen actividades para la FEDA: entrenamiento por Internet, concentraciones,\ncursos, Campeonatos de Espa\u00f1a e Internacionales o cualquier otra actuaci\u00f3n que\nimplique contacto habitual con menores, deber\u00e1n aportar obligatoriamente, en el\nplazo de un mes, la certificaci\u00f3n negativa del Registro Central de Delincuentes\nSexuales.<\/li><\/ol>\n\n\n\n<ul class=\"wp-block-list\"><li>Todos los \u00e1rbitros, delegados y\nauxiliares FEDA que resulten designados o intervengan en Campeonatos de Espa\u00f1a\nde Edades, Colegios, Selecciones Auton\u00f3micas y Equipos de jugadores\/as menores\nde 18 a\u00f1os, deber\u00e1n aportar igualmente a la FEDA la mencionada certificaci\u00f3n\nnegativa, siendo condici\u00f3n indispensable para que su designaci\u00f3n sea considerada\ncomo definitiva.<\/li><\/ul>\n\n\n\n<ul class=\"wp-block-list\"><li>Todos los delegados y entrenadores\ndesignados por las Federaciones Auton\u00f3micas o los Clubs para los Campeonatos de\nEspa\u00f1a de menores de 18 a\u00f1os deber\u00e1n tambi\u00e9n aportar a la FEDA la<\/li><\/ul>\n\n\n\n<p>certificaci\u00f3n\nnegativa junto con la inscripci\u00f3n del equipo o su designaci\u00f3n por parte de una\nFederaci\u00f3n Auton\u00f3mica, dentro del plazo establecido para la inscripci\u00f3n de los\nparticipantes en cada Campeonato. De no hacerlo, la FEDA no los acreditar\u00e1, as\u00ed\ncomo tampoco ser\u00e1n reconocidos los derechos econ\u00f3micos o cualquier otra ventaja\nque se derive de su condici\u00f3n de delegado, entrenador, etc.<\/p>\n\n\n\n<p>El Certificado se puede obtener, de modo gratuito,\ndirectamente en el Ministerio de Justicia, siguiendo las instrucciones\nestablecidas en el siguiente enlace:<\/p>\n\n\n\n<figure class=\"wp-block-embed\"><div class=\"wp-block-embed__wrapper\">\nhttp:\/\/www.mjusticia.gob.es\/cs\/Satellite\/Portal\/es\/registro-central-delincuentes\n<\/div><\/figure>\n\n\n\n<p>Es importante tener en cuenta\nlo siguiente:<\/p>\n\n\n\n<p>En el caso de personas menores\nde edad que necesiten obtener el Certificado, deber\u00e1n estar representados\/as\npor uno de los progenitores o tutor legal.<\/p>\n\n\n\n<p>Si el interesado\/a no es\nespa\u00f1ol\/a, adem\u00e1s del certificado del Registro Central de Delincuentes Sexuales\ndebe pedir un certificado de su pa\u00eds de nacionalidad, normalmente por v\u00eda\nconsular. Si no existiera este certificado espec\u00edfico, ser\u00e1 necesario un\nCertificado de Antecedentes Penales.<\/p>\n\n\n\n<p>Por otra parte, por ser un\ntema directamente relacionado, se recuerda que la FEDA tiene aprobado y\npublicado desde el 13 de diciembre de 2014 el Protocolo para la Prevenci\u00f3n,\nDetecci\u00f3n y Actuaci\u00f3n frente al Acoso y Abuso Sexual, que es tambi\u00e9n de\nobligado cumplimiento. <\/p>\n\n\n\n<p>Se puede encontrar en la Web\nde la Federaci\u00f3n Espa\u00f1ola de Ajedrez, en el siguiente enlace:<\/p>\n\n\n\n<figure class=\"wp-block-embed\"><div class=\"wp-block-embed__wrapper\">\nhttp:\/\/feda.org\/feda2k16\/wp-content\/uploads\/files\/MujerYAjedrez\/Protocolo_PDAAS.pdf\n<\/div><\/figure>\n\n\n\n<p><a><strong>ANEXO II<\/strong><\/a><\/p>\n\n\n\n<p><strong>GUIA PARA LAS INSCRIPCIONES EN CAMPEONATOS DE ESPA\u00d1A\nINDIVIDUALES<\/strong><\/p>\n\n\n\n<p>Para realizar una inscripci\u00f3n en\nun Campeonato de Espa\u00f1a Individual, debe acceder al M\u00f3dulo de Inscripciones:<\/p>\n\n\n\n<p>En la p\u00e1gina principal de la Web\nFEDA <a href=\"http:\/\/www.feda.org\">www.feda.org<\/a> : Ir a&nbsp; INSCRIPCION A TORNEOS<\/p>\n\n\n\n<p>Una vez abierto el programa,\nrecomendamos ir primero a <\/p>\n\n\n\n<p><strong>&nbsp;&nbsp;&nbsp;&nbsp;&nbsp;&nbsp;&nbsp;&nbsp;&nbsp;&nbsp;&nbsp;&nbsp;&nbsp;&nbsp;&nbsp;&nbsp;&nbsp;&nbsp;&nbsp;&nbsp;&nbsp;&nbsp;&nbsp;&nbsp;&nbsp;&nbsp;&nbsp;&nbsp;&nbsp;&nbsp;&nbsp;&nbsp;&nbsp;&nbsp;&nbsp;&nbsp;&nbsp;&nbsp;&nbsp;&nbsp;&nbsp;&nbsp;&nbsp;&nbsp;&nbsp;&nbsp;&nbsp;&nbsp;&nbsp;&nbsp;&nbsp;&nbsp;&nbsp;&nbsp;&nbsp;&nbsp;&nbsp;&nbsp;&nbsp;&nbsp;&nbsp;&nbsp;&nbsp;&nbsp;&nbsp;&nbsp;\n\u201cConsultar Federados\u201d<\/strong><\/p>\n\n\n\n<p>para comprobar que el interesado\/a\nest\u00e1 federado y ver exactamente el formato de nombre y apellidos con el que se\nencuentra dado de alta.<\/p>\n\n\n\n<p>Luego, para inscribirse en un\nCampeonato, debe pulsar en<\/p>\n\n\n\n<p>&nbsp;&nbsp;&nbsp;&nbsp;&nbsp;&nbsp;&nbsp;&nbsp;&nbsp;&nbsp;&nbsp;&nbsp;&nbsp;&nbsp;&nbsp;&nbsp;&nbsp;&nbsp;&nbsp;&nbsp;&nbsp;&nbsp;&nbsp;&nbsp;&nbsp;&nbsp;&nbsp;&nbsp;&nbsp;&nbsp;&nbsp;&nbsp;&nbsp;&nbsp;&nbsp;&nbsp;&nbsp;&nbsp;&nbsp;&nbsp;&nbsp;&nbsp;&nbsp;&nbsp;&nbsp;&nbsp;&nbsp;&nbsp;&nbsp;&nbsp;&nbsp;&nbsp;&nbsp;&nbsp;&nbsp;&nbsp;&nbsp;&nbsp;&nbsp;&nbsp;&nbsp;&nbsp;&nbsp;&nbsp;&nbsp;&nbsp;&nbsp;&nbsp;\n\u201c<strong>Inscripci\u00f3n a Torneos\u201d<\/strong><\/p>\n\n\n\n<p>No hay que entrar con usuario y\ncontrase\u00f1a. Esta opci\u00f3n es solamente para Federaciones Auton\u00f3micas.<\/p>\n\n\n\n<p>Tiene que seleccionar el\nCampeonato marcando el signo <strong>+<\/strong>\ncorrespondiente a su Campeonato, que est\u00e1 en la columna <strong>\u201cInscribir\u201d<\/strong>. <\/p>\n\n\n\n<p>Entrar el nombre del jugador\/a y\nen cuanto aparezca pulsar en <strong>\u201cSeleccionar\u201d<\/strong>.<\/p>\n\n\n\n<p>Para poder efectuar la\ninscripci\u00f3n, el programa solicita dos datos obligatorios:<\/p>\n\n\n\n<p>Una vez introducidos estos datos\nse accede a la ficha de inscripci\u00f3n, con los siguientes campos a rellenar:<\/p>\n\n\n\n<p>En caso de inscripci\u00f3n de\njugadores menores de edad, hay que rellenar los datos del responsable. <\/p>\n\n\n\n<p><strong>En\neste caso es muy importante poner el mismo correo electr\u00f3nico en los\ndatos del responsable y en los datos del menor<\/strong><\/p>\n\n\n\n<p>A continuaci\u00f3n, los datos del\ndeportista que se va a inscribir.<\/p>\n\n\n\n<p><strong>Exento\nCuota: <\/strong>Indicar\nSI o NO seg\u00fan sea su caso<strong>. (1)<\/strong><\/p>\n\n\n\n<p><strong>Forma\nde Pago: <\/strong>Indicar\nsi ha sido por transferencia a la cuenta de la FEDA o indicar \u201cFederaci\u00f3n\nAuton\u00f3mica\u201d si se le ha pagado a \u00e9sta o la inscripci\u00f3n va a cargo de su\nFederaci\u00f3n.<\/p>\n\n\n\n<p><strong>Fecha\ndel Ingreso: <\/strong>Indicar\nla fecha en que se ha realizado el pago, en su caso.<\/p>\n\n\n\n<p><strong>Importe\nIngresado:<\/strong>\nIndicar el importe ingresado <strong>(2)<\/strong><\/p>\n\n\n\n<p><strong>Observaciones:\n<\/strong>Espacio\npara incluir un breve texto si se considera necesario <strong>(2)<\/strong>.<\/p>\n\n\n\n<p>En caso de\nCampeonatos de Menores, s\u00f3lo est\u00e1n exentos de cuota de inscripci\u00f3n los\nCampeones de Espa\u00f1a del a\u00f1o anterior.<\/p>\n\n\n\n<p>FINALMENTE, DEBER\u00c1 ACEPTAR EL <strong>TRATAMIENTO DE DATOS Y DE IMAGEN<\/strong> y\nquedar\u00e1 registrada su inscripci\u00f3n.<\/p>\n\n\n\n<p><strong>NOTA\nIMPORTANTE<\/strong><\/p>\n\n\n\n<p>Esta aplicaci\u00f3n es \u00fanicamente para\nla inscripci\u00f3n oficial. No para reservar los hoteles.<\/p>\n\n\n\n<p>La reserva de hotel debe hacerse\naparte cumplimentando, en su caso, el formulario de reserva de hotel y siguiendo\nlas instrucciones que se establezcan en cada Circular de Convocatoria.<\/p>\n\n\n\n<p>Para cualquier duda o problema que\nsurja, env\u00ede por favor un e-mail a <a href=\"mailto:administracion@feda.org\"><strong>administracion@feda.org<\/strong><\/a><strong> <\/strong><\/p>\n","protected":false},"excerpt":{"rendered":"<p>A TODAS LAS FEDERACIONES AUTON\u00d3MICAS Convocatoria de los Campeonatos de Espa\u00f1a Sub 8 a sub 18 &#8211; 2019 Organizaci\u00f3n: Correr\u00e1 a cargo del Hotel Salobre\u00f1a Suites con la colaboraci\u00f3n de las Federaciones Andaluza y Espa\u00f1ola de Ajedrez.&nbsp;&nbsp; Web del Hotel \u00a0Campeonato sub- 8 Sub-10 Sub-12 Sub-14 Sub-16 Sub-18 Fecha de Llegada 19-06 23-06 30-06 07-07 [&hellip;]<\/p>\n","protected":false},"author":2,"featured_media":0,"comment_status":"closed","ping_status":"closed","sticky":false,"template":"","format":"standard","meta":{"footnotes":""},"categories":[207],"tags":[],"class_list":["post-14863","post","type-post","status-publish","format-standard","hentry","category-207"],"yoast_head":"<!-- This site is optimized with the Yoast SEO plugin v27.5 - https:\/\/yoast.com\/product\/yoast-seo-wordpress\/ -->\n<title>Circular 11\/2019 - Convocatoria de los Campeonatos de Espa\u00f1a Sub 8 a Sub 18 2019 - FEDA<\/title>\n<meta name=\"description\" content=\"FEDA, Federaci\u00f3n Espa\u00f1ola de Ajedrez, ajedrez madrid, federarse ajedrez, campeonato de Espa\u00f1a de ajedrez, ajedrez\" \/>\n<meta name=\"robots\" content=\"index, follow, max-snippet:-1, max-image-preview:large, max-video-preview:-1\" \/>\n<link rel=\"canonical\" href=\"https:\/\/feda.org\/feda2k16\/circular-11-2019-convocatoria-de-los-campeonatos-de-espana-sub-8-a-sub-18-2019\/\" \/>\n<meta property=\"og:locale\" content=\"es_ES\" \/>\n<meta property=\"og:type\" content=\"article\" \/>\n<meta property=\"og:title\" content=\"Circular 11\/2019 - Convocatoria de los Campeonatos de Espa\u00f1a Sub 8 a Sub 18 2019 - FEDA\" \/>\n<meta property=\"og:description\" content=\"FEDA, Federaci\u00f3n Espa\u00f1ola de Ajedrez, ajedrez madrid, federarse ajedrez, campeonato de Espa\u00f1a de ajedrez, ajedrez\" \/>\n<meta property=\"og:url\" content=\"https:\/\/feda.org\/feda2k16\/circular-11-2019-convocatoria-de-los-campeonatos-de-espana-sub-8-a-sub-18-2019\/\" \/>\n<meta property=\"og:site_name\" content=\"FEDA\" \/>\n<meta property=\"article:publisher\" content=\"https:\/\/www.facebook.com\/federacionespanoladeajedrez\/\" \/>\n<meta property=\"article:published_time\" content=\"2019-04-13T19:02:52+00:00\" \/>\n<meta property=\"article:modified_time\" content=\"2019-04-13T19:13:11+00:00\" \/>\n<meta name=\"author\" content=\"Nacho\" \/>\n<meta name=\"twitter:card\" content=\"summary_large_image\" \/>\n<meta name=\"twitter:creator\" content=\"@AjedrezEspanola\" \/>\n<meta name=\"twitter:site\" content=\"@AjedrezEspanola\" \/>\n<meta name=\"twitter:label1\" content=\"Escrito por\" \/>\n\t<meta name=\"twitter:data1\" content=\"Nacho\" \/>\n\t<meta name=\"twitter:label2\" content=\"Tiempo de lectura\" \/>\n\t<meta name=\"twitter:data2\" content=\"21 minutos\" \/>\n<script type=\"application\/ld+json\" class=\"yoast-schema-graph\">{\"@context\":\"https:\\\/\\\/schema.org\",\"@graph\":[{\"@type\":\"Article\",\"@id\":\"https:\\\/\\\/feda.org\\\/feda2k16\\\/circular-11-2019-convocatoria-de-los-campeonatos-de-espana-sub-8-a-sub-18-2019\\\/#article\",\"isPartOf\":{\"@id\":\"https:\\\/\\\/feda.org\\\/feda2k16\\\/circular-11-2019-convocatoria-de-los-campeonatos-de-espana-sub-8-a-sub-18-2019\\\/\"},\"author\":{\"name\":\"Nacho\",\"@id\":\"https:\\\/\\\/feda.org\\\/feda2k16\\\/#\\\/schema\\\/person\\\/6f81e48d83f6f1503890fdb658f2ff4e\"},\"headline\":\"Circular 11\\\/2019 &#8211; Convocatoria de los Campeonatos de Espa\u00f1a Sub 8 a Sub 18 2019\",\"datePublished\":\"2019-04-13T19:02:52+00:00\",\"dateModified\":\"2019-04-13T19:13:11+00:00\",\"mainEntityOfPage\":{\"@id\":\"https:\\\/\\\/feda.org\\\/feda2k16\\\/circular-11-2019-convocatoria-de-los-campeonatos-de-espana-sub-8-a-sub-18-2019\\\/\"},\"wordCount\":4198,\"publisher\":{\"@id\":\"https:\\\/\\\/feda.org\\\/feda2k16\\\/#organization\"},\"articleSection\":[\"2019\"],\"inLanguage\":\"es\"},{\"@type\":\"WebPage\",\"@id\":\"https:\\\/\\\/feda.org\\\/feda2k16\\\/circular-11-2019-convocatoria-de-los-campeonatos-de-espana-sub-8-a-sub-18-2019\\\/\",\"url\":\"https:\\\/\\\/feda.org\\\/feda2k16\\\/circular-11-2019-convocatoria-de-los-campeonatos-de-espana-sub-8-a-sub-18-2019\\\/\",\"name\":\"Circular 11\\\/2019 - Convocatoria de los Campeonatos de Espa\u00f1a Sub 8 a Sub 18 2019 - FEDA\",\"isPartOf\":{\"@id\":\"https:\\\/\\\/feda.org\\\/feda2k16\\\/#website\"},\"datePublished\":\"2019-04-13T19:02:52+00:00\",\"dateModified\":\"2019-04-13T19:13:11+00:00\",\"description\":\"FEDA, Federaci\u00f3n Espa\u00f1ola de Ajedrez, ajedrez madrid, federarse ajedrez, campeonato de Espa\u00f1a de ajedrez, ajedrez\",\"breadcrumb\":{\"@id\":\"https:\\\/\\\/feda.org\\\/feda2k16\\\/circular-11-2019-convocatoria-de-los-campeonatos-de-espana-sub-8-a-sub-18-2019\\\/#breadcrumb\"},\"inLanguage\":\"es\",\"potentialAction\":[{\"@type\":\"ReadAction\",\"target\":[\"https:\\\/\\\/feda.org\\\/feda2k16\\\/circular-11-2019-convocatoria-de-los-campeonatos-de-espana-sub-8-a-sub-18-2019\\\/\"]}]},{\"@type\":\"BreadcrumbList\",\"@id\":\"https:\\\/\\\/feda.org\\\/feda2k16\\\/circular-11-2019-convocatoria-de-los-campeonatos-de-espana-sub-8-a-sub-18-2019\\\/#breadcrumb\",\"itemListElement\":[{\"@type\":\"ListItem\",\"position\":1,\"name\":\"Portada\",\"item\":\"https:\\\/\\\/feda.org\\\/feda2k16\\\/\"},{\"@type\":\"ListItem\",\"position\":2,\"name\":\"Circular 11\\\/2019 &#8211; Convocatoria de los Campeonatos de Espa\u00f1a Sub 8 a Sub 18 2019\"}]},{\"@type\":\"WebSite\",\"@id\":\"https:\\\/\\\/feda.org\\\/feda2k16\\\/#website\",\"url\":\"https:\\\/\\\/feda.org\\\/feda2k16\\\/\",\"name\":\"FEDA\",\"description\":\"Federaci\u00f3n Espa\u00f1ola de Ajedrez\",\"publisher\":{\"@id\":\"https:\\\/\\\/feda.org\\\/feda2k16\\\/#organization\"},\"alternateName\":\"Federaci\u00f3n Espa\u00f1ola de Ajedrez\",\"potentialAction\":[{\"@type\":\"SearchAction\",\"target\":{\"@type\":\"EntryPoint\",\"urlTemplate\":\"https:\\\/\\\/feda.org\\\/feda2k16\\\/?s={search_term_string}\"},\"query-input\":{\"@type\":\"PropertyValueSpecification\",\"valueRequired\":true,\"valueName\":\"search_term_string\"}}],\"inLanguage\":\"es\"},{\"@type\":\"Organization\",\"@id\":\"https:\\\/\\\/feda.org\\\/feda2k16\\\/#organization\",\"name\":\"FEDA\",\"alternateName\":\"Federaci\u00f3n Espa\u00f1ola de Ajedrez\",\"url\":\"https:\\\/\\\/feda.org\\\/feda2k16\\\/\",\"logo\":{\"@type\":\"ImageObject\",\"inLanguage\":\"es\",\"@id\":\"https:\\\/\\\/feda.org\\\/feda2k16\\\/#\\\/schema\\\/logo\\\/image\\\/\",\"url\":\"https:\\\/\\\/feda.org\\\/feda2k16\\\/wp-content\\\/uploads\\\/NuevoLogo_FEDA_2016.png\",\"contentUrl\":\"https:\\\/\\\/feda.org\\\/feda2k16\\\/wp-content\\\/uploads\\\/NuevoLogo_FEDA_2016.png\",\"width\":600,\"height\":600,\"caption\":\"FEDA\"},\"image\":{\"@id\":\"https:\\\/\\\/feda.org\\\/feda2k16\\\/#\\\/schema\\\/logo\\\/image\\\/\"},\"sameAs\":[\"https:\\\/\\\/www.facebook.com\\\/federacionespanoladeajedrez\\\/\",\"https:\\\/\\\/x.com\\\/AjedrezEspanola\",\"https:\\\/\\\/www.instagram.com\\\/federacionespanolaajedrez\\\/?hl=es\",\"https:\\\/\\\/www.youtube.com\\\/@FederacionEspanoladeAjedrezFED\\\/featured\"]},{\"@type\":\"Person\",\"@id\":\"https:\\\/\\\/feda.org\\\/feda2k16\\\/#\\\/schema\\\/person\\\/6f81e48d83f6f1503890fdb658f2ff4e\",\"name\":\"Nacho\",\"url\":\"https:\\\/\\\/feda.org\\\/feda2k16\\\/author\\\/nacho\\\/\"}]}<\/script>\n<!-- \/ Yoast SEO plugin. -->","yoast_head_json":{"title":"Circular 11\/2019 - Convocatoria de los Campeonatos de Espa\u00f1a Sub 8 a Sub 18 2019 - FEDA","description":"FEDA, Federaci\u00f3n Espa\u00f1ola de Ajedrez, ajedrez madrid, federarse ajedrez, campeonato de Espa\u00f1a de ajedrez, ajedrez","robots":{"index":"index","follow":"follow","max-snippet":"max-snippet:-1","max-image-preview":"max-image-preview:large","max-video-preview":"max-video-preview:-1"},"canonical":"https:\/\/feda.org\/feda2k16\/circular-11-2019-convocatoria-de-los-campeonatos-de-espana-sub-8-a-sub-18-2019\/","og_locale":"es_ES","og_type":"article","og_title":"Circular 11\/2019 - Convocatoria de los Campeonatos de Espa\u00f1a Sub 8 a Sub 18 2019 - FEDA","og_description":"FEDA, Federaci\u00f3n Espa\u00f1ola de Ajedrez, ajedrez madrid, federarse ajedrez, campeonato de Espa\u00f1a de ajedrez, ajedrez","og_url":"https:\/\/feda.org\/feda2k16\/circular-11-2019-convocatoria-de-los-campeonatos-de-espana-sub-8-a-sub-18-2019\/","og_site_name":"FEDA","article_publisher":"https:\/\/www.facebook.com\/federacionespanoladeajedrez\/","article_published_time":"2019-04-13T19:02:52+00:00","article_modified_time":"2019-04-13T19:13:11+00:00","author":"Nacho","twitter_card":"summary_large_image","twitter_creator":"@AjedrezEspanola","twitter_site":"@AjedrezEspanola","twitter_misc":{"Escrito por":"Nacho","Tiempo de lectura":"21 minutos"},"schema":{"@context":"https:\/\/schema.org","@graph":[{"@type":"Article","@id":"https:\/\/feda.org\/feda2k16\/circular-11-2019-convocatoria-de-los-campeonatos-de-espana-sub-8-a-sub-18-2019\/#article","isPartOf":{"@id":"https:\/\/feda.org\/feda2k16\/circular-11-2019-convocatoria-de-los-campeonatos-de-espana-sub-8-a-sub-18-2019\/"},"author":{"name":"Nacho","@id":"https:\/\/feda.org\/feda2k16\/#\/schema\/person\/6f81e48d83f6f1503890fdb658f2ff4e"},"headline":"Circular 11\/2019 &#8211; Convocatoria de los Campeonatos de Espa\u00f1a Sub 8 a Sub 18 2019","datePublished":"2019-04-13T19:02:52+00:00","dateModified":"2019-04-13T19:13:11+00:00","mainEntityOfPage":{"@id":"https:\/\/feda.org\/feda2k16\/circular-11-2019-convocatoria-de-los-campeonatos-de-espana-sub-8-a-sub-18-2019\/"},"wordCount":4198,"publisher":{"@id":"https:\/\/feda.org\/feda2k16\/#organization"},"articleSection":["2019"],"inLanguage":"es"},{"@type":"WebPage","@id":"https:\/\/feda.org\/feda2k16\/circular-11-2019-convocatoria-de-los-campeonatos-de-espana-sub-8-a-sub-18-2019\/","url":"https:\/\/feda.org\/feda2k16\/circular-11-2019-convocatoria-de-los-campeonatos-de-espana-sub-8-a-sub-18-2019\/","name":"Circular 11\/2019 - Convocatoria de los Campeonatos de Espa\u00f1a Sub 8 a Sub 18 2019 - FEDA","isPartOf":{"@id":"https:\/\/feda.org\/feda2k16\/#website"},"datePublished":"2019-04-13T19:02:52+00:00","dateModified":"2019-04-13T19:13:11+00:00","description":"FEDA, Federaci\u00f3n Espa\u00f1ola de Ajedrez, ajedrez madrid, federarse ajedrez, campeonato de Espa\u00f1a de ajedrez, ajedrez","breadcrumb":{"@id":"https:\/\/feda.org\/feda2k16\/circular-11-2019-convocatoria-de-los-campeonatos-de-espana-sub-8-a-sub-18-2019\/#breadcrumb"},"inLanguage":"es","potentialAction":[{"@type":"ReadAction","target":["https:\/\/feda.org\/feda2k16\/circular-11-2019-convocatoria-de-los-campeonatos-de-espana-sub-8-a-sub-18-2019\/"]}]},{"@type":"BreadcrumbList","@id":"https:\/\/feda.org\/feda2k16\/circular-11-2019-convocatoria-de-los-campeonatos-de-espana-sub-8-a-sub-18-2019\/#breadcrumb","itemListElement":[{"@type":"ListItem","position":1,"name":"Portada","item":"https:\/\/feda.org\/feda2k16\/"},{"@type":"ListItem","position":2,"name":"Circular 11\/2019 &#8211; Convocatoria de los Campeonatos de Espa\u00f1a Sub 8 a Sub 18 2019"}]},{"@type":"WebSite","@id":"https:\/\/feda.org\/feda2k16\/#website","url":"https:\/\/feda.org\/feda2k16\/","name":"FEDA","description":"Federaci\u00f3n Espa\u00f1ola de Ajedrez","publisher":{"@id":"https:\/\/feda.org\/feda2k16\/#organization"},"alternateName":"Federaci\u00f3n Espa\u00f1ola de Ajedrez","potentialAction":[{"@type":"SearchAction","target":{"@type":"EntryPoint","urlTemplate":"https:\/\/feda.org\/feda2k16\/?s={search_term_string}"},"query-input":{"@type":"PropertyValueSpecification","valueRequired":true,"valueName":"search_term_string"}}],"inLanguage":"es"},{"@type":"Organization","@id":"https:\/\/feda.org\/feda2k16\/#organization","name":"FEDA","alternateName":"Federaci\u00f3n Espa\u00f1ola de Ajedrez","url":"https:\/\/feda.org\/feda2k16\/","logo":{"@type":"ImageObject","inLanguage":"es","@id":"https:\/\/feda.org\/feda2k16\/#\/schema\/logo\/image\/","url":"https:\/\/feda.org\/feda2k16\/wp-content\/uploads\/NuevoLogo_FEDA_2016.png","contentUrl":"https:\/\/feda.org\/feda2k16\/wp-content\/uploads\/NuevoLogo_FEDA_2016.png","width":600,"height":600,"caption":"FEDA"},"image":{"@id":"https:\/\/feda.org\/feda2k16\/#\/schema\/logo\/image\/"},"sameAs":["https:\/\/www.facebook.com\/federacionespanoladeajedrez\/","https:\/\/x.com\/AjedrezEspanola","https:\/\/www.instagram.com\/federacionespanolaajedrez\/?hl=es","https:\/\/www.youtube.com\/@FederacionEspanoladeAjedrezFED\/featured"]},{"@type":"Person","@id":"https:\/\/feda.org\/feda2k16\/#\/schema\/person\/6f81e48d83f6f1503890fdb658f2ff4e","name":"Nacho","url":"https:\/\/feda.org\/feda2k16\/author\/nacho\/"}]}},"_links":{"self":[{"href":"https:\/\/feda.org\/feda2k16\/wp-json\/wp\/v2\/posts\/14863","targetHints":{"allow":["GET"]}}],"collection":[{"href":"https:\/\/feda.org\/feda2k16\/wp-json\/wp\/v2\/posts"}],"about":[{"href":"https:\/\/feda.org\/feda2k16\/wp-json\/wp\/v2\/types\/post"}],"author":[{"embeddable":true,"href":"https:\/\/feda.org\/feda2k16\/wp-json\/wp\/v2\/users\/2"}],"replies":[{"embeddable":true,"href":"https:\/\/feda.org\/feda2k16\/wp-json\/wp\/v2\/comments?post=14863"}],"version-history":[{"count":2,"href":"https:\/\/feda.org\/feda2k16\/wp-json\/wp\/v2\/posts\/14863\/revisions"}],"predecessor-version":[{"id":14884,"href":"https:\/\/feda.org\/feda2k16\/wp-json\/wp\/v2\/posts\/14863\/revisions\/14884"}],"wp:attachment":[{"href":"https:\/\/feda.org\/feda2k16\/wp-json\/wp\/v2\/media?parent=14863"}],"wp:term":[{"taxonomy":"category","embeddable":true,"href":"https:\/\/feda.org\/feda2k16\/wp-json\/wp\/v2\/categories?post=14863"},{"taxonomy":"post_tag","embeddable":true,"href":"https:\/\/feda.org\/feda2k16\/wp-json\/wp\/v2\/tags?post=14863"}],"curies":[{"name":"wp","href":"https:\/\/api.w.org\/{rel}","templated":true}]}}