{"id":15136,"date":"2019-06-23T15:01:36","date_gmt":"2019-06-23T15:01:36","guid":{"rendered":"https:\/\/feda.org\/feda2k16\/?p=15136"},"modified":"2019-06-28T08:01:34","modified_gmt":"2019-06-28T08:01:34","slug":"circular-15-2019-mundial-de-jovenes-sub-14-a-sub-18-ajedrez-rapido-y-relampago-salobrena-2019","status":"publish","type":"post","link":"https:\/\/feda.org\/feda2k16\/circular-15-2019-mundial-de-jovenes-sub-14-a-sub-18-ajedrez-rapido-y-relampago-salobrena-2019\/","title":{"rendered":"Circular 15\/2019 &#8211; Mundial de J\u00f3venes Sub 14 a Sub 18 Ajedrez R\u00e1pido y Rel\u00e1mpago. Salobre\u00f1a 2019"},"content":{"rendered":"\n<p style=\"text-align:center\"><strong>A TODAS LAS FEDERACIONES AUTON\u00d3MICAS<\/strong><\/p>\n\n\n\n<p style=\"text-align:center\"><strong>CAMPEONATO DEL MUNDO INDIVIDUAL DE AJEDREZ R\u00c1PIDO Y REL\u00c1MPAGO <\/strong><\/p>\n\n\n\n<p style=\"text-align:center\"><strong>CATEGOR\u00cdA SUB 14 A SUB 18 <\/strong><\/p>\n\n\n\n<p style=\"text-align:center\"><strong>Salobre\u00f1a, del 10 al 14 de septiembre de 2019<\/strong><\/p>\n\n\n\n<div class=\"wp-block-file\"><a href=\"https:\/\/feda.org\/feda2k16\/wp-content\/uploads\/C15-Mundial-de-J\u00f3venes-S14-a-S18.-Salobre\u00f1a-2019.pdf\">Descargar en PDF.<\/a><a href=\"https:\/\/feda.org\/feda2k16\/wp-content\/uploads\/C15-Mundial-de-J\u00f3venes-S14-a-S18.-Salobre\u00f1a-2019.pdf\" class=\"wp-block-file__button\" download>Descarga<\/a><\/div>\n\n\n\n<div class=\"wp-block-file\"><a href=\"https:\/\/feda.org\/feda2k16\/wp-content\/uploads\/C15-Anexo2_Formul_Reserva_WYRBCC2019.xlsx\">Anexo-Formulario de Inscripci\u00f3n<\/a><a href=\"https:\/\/feda.org\/feda2k16\/wp-content\/uploads\/C15-Anexo2_Formul_Reserva_WYRBCC2019.xlsx\" class=\"wp-block-file__button\" download>Descarga<\/a><\/div>\n\n\n\n<div class=\"wp-block-file\"><a href=\"https:\/\/feda.org\/feda2k16\/wp-content\/uploads\/Gu\u00eda-Inscripciones-Ctos.-Individuales-FEDA-2019-1.pdf\">Anexo-Gu\u00eda Inscripciones Campeonatos Individuales FEDA 2019<\/a><a href=\"https:\/\/feda.org\/feda2k16\/wp-content\/uploads\/Gu\u00eda-Inscripciones-Ctos.-Individuales-FEDA-2019-1.pdf\" class=\"wp-block-file__button\" download>Descarga<\/a><\/div>\n\n\n\n<p>La Federaci\u00f3n Espa\u00f1ola de Ajedrez formar\u00e1 Delegaci\u00f3n oficial para participar en el Campeonato de referencia. La participaci\u00f3n podr\u00e1 ser como clasificado\/a o bien Open.<\/p>\n<p>Los\/as deportistas y acompa\u00f1antes que deseen inscribirse deber\u00e1n cumplir las condiciones que establece la presente circular.<\/p>\n<p>En todo caso, los\/as jugadores\/as que se inscriban, tienen que haber participado en los Campeonatos de Espa\u00f1a por edades 2019, en Salobre\u00f1a, indistintamente en el de ajedrez tradicional o r\u00e1pido, salvo causa justificada a criterio de la Direcci\u00f3n T\u00e9cnica de la FEDA. De no hacerlo as\u00ed, su inscripci\u00f3n al mundial podr\u00e1 ser anulada.<\/p>\n<p>\u00a0<\/p>\n<p><strong><u>Participantes Clasificados:<\/u><\/strong><\/p>\n<p>La FEDA inscribir\u00e1 como invitados a los deportistas que cumplan los criterios que se detallan a continuaci\u00f3n.<\/p>\n<p>Las condiciones de participaci\u00f3n son:\u00a0<\/p>\n<p>Estancia y entrenador designado, con cargo a los presupuestos de la FEDA. Cuota de inscripci\u00f3n FIDE y Organizador, con cargo al deportista.<\/p>\n<p>2019. Los clasificados en primer lugar, en categor\u00eda absoluta y femenina Sub 14, Sub 16 y Sub 18, en los Campeonatos de Espa\u00f1a 2019.<\/p>\n<p>2019. Los clasificados en primer lugar, en categor\u00eda absoluta y femenina Sub 14, Sub 16 y Sub 18, en el Campeonato de Espa\u00f1a de Ajedrez R\u00e1pido correspondiente, Salobre\u00f1a 2019.<\/p>\n<p>Un m\u00e1ximo de 6 plazas que podr\u00e1 acordar la direcci\u00f3n T\u00e9cnica de la FEDA para jugadores\/as de elite FEDA.<\/p>\n<p>\u00a0<\/p>\n<p><strong><u>Participantes Open:<\/u><\/strong><\/p>\n<p>En este Campeonato se permitir\u00e1 la inscripci\u00f3n \u201copen\u201d a los\/as deportistas que cumplan las condiciones de edad y que hubieran participado en el Campeonato de Espa\u00f1a de Edades de Salobre\u00f1a 2019. No se establece puntuaci\u00f3n m\u00ednima.<\/p>\n<p>Cualquier excepci\u00f3n a esta normativa, deber\u00e1 ser aprobada por la Direcci\u00f3n T\u00e9cnica de la FEDA.<\/p>\n<p>\u00a0<\/p>\n<p><strong><u>Calendario:<\/u><\/strong><\/p>\n<p>\u00a0<\/p>\n<p>Martes, 10 de septiembre de 2019\u00a0\u00a0\u00a0\u00a0\u00a0\u00a0\u00a0\u00a0\u00a0\u00a0\u00a0\u00a0\u00a0\u00a0 D\u00eda de llegada y acreditaci\u00f3n<\/p>\n<p>\u00a0<\/p>\n<p>Mi\u00e9rcoles, 11 de septiembre de 2019\u00a0\u00a0\u00a0\u00a0\u00a0\u00a0\u00a0\u00a0\u00a0 11:00 Reuni\u00f3n t\u00e9cnica<\/p>\n<p>\u00a0<\/p>\n<p>Mi\u00e9rcoles, 11 de septiembre de 2019\u00a0\u00a0\u00a0\u00a0\u00a0\u00a0\u00a0\u00a0\u00a0 15:00 Ceremonia de apertura<\/p>\n<p>Mi\u00e9rcoles, 11 de septiembre de 2019\u00a0\u00a0\u00a0\u00a0\u00a0\u00a0\u00a0\u00a0\u00a0 15:30 Ronda 1 Rapid Championship<\/p>\n<p>Mi\u00e9rcoles, 11 de septiembre de 2019\u00a0\u00a0\u00a0\u00a0\u00a0\u00a0\u00a0\u00a0\u00a0 16:30 Ronda 2 Rapid Championship<\/p>\n<p>Mi\u00e9rcoles, 11 de septiembre de 2019\u00a0\u00a0\u00a0\u00a0\u00a0\u00a0\u00a0\u00a0\u00a0 17:30 Ronda 3 Rapid Championship<\/p>\n<p>Mi\u00e9rcoles, 11 de septiembre de 2019\u00a0\u00a0\u00a0\u00a0\u00a0\u00a0\u00a0\u00a0\u00a0 18:30 Ronda 4 Rapid Championship<\/p>\n<p>Mi\u00e9rcoles, 11 de septiembre de 2019\u00a0\u00a0\u00a0\u00a0\u00a0\u00a0\u00a0\u00a0\u00a0 19:30 Ronda 5 Rapid Championship<\/p>\n<p>\u00a0<\/p>\n<p>Jueves, 12 de septiembre de 2019\u00a0\u00a0\u00a0\u00a0\u00a0\u00a0\u00a0\u00a0\u00a0\u00a0\u00a0\u00a0\u00a0\u00a0\u00a0 15:00 Ronda 6 Rapid Championship<\/p>\n<p>Jueves, 12 de septiembre de 2019\u00a0\u00a0\u00a0\u00a0\u00a0\u00a0\u00a0\u00a0\u00a0\u00a0\u00a0\u00a0\u00a0\u00a0\u00a0 16:00 Ronda 7 Rapid Championship<\/p>\n<p>Jueves, 12 de septiembre de 2019\u00a0\u00a0\u00a0\u00a0\u00a0\u00a0\u00a0\u00a0\u00a0\u00a0\u00a0\u00a0\u00a0\u00a0\u00a0 17:00 Ronda 8 Rapid Championship<\/p>\n<p>Jueves, 12 de septiembre de 2019\u00a0\u00a0\u00a0\u00a0\u00a0\u00a0\u00a0\u00a0\u00a0\u00a0\u00a0\u00a0\u00a0\u00a0\u00a0 18:00 Ronda 9 Rapid Championship<\/p>\n<p>Jueves, 12 de septiembre de 2019\u00a0\u00a0\u00a0\u00a0\u00a0\u00a0\u00a0\u00a0\u00a0\u00a0\u00a0\u00a0\u00a0\u00a0\u00a0 19:00 Ronda 10 Rapid Championship<\/p>\n<p>Jueves, 12 de septiembre de 2019\u00a0\u00a0\u00a0\u00a0\u00a0\u00a0\u00a0\u00a0\u00a0\u00a0\u00a0\u00a0\u00a0\u00a0\u00a0 20:00 Ronda 11 Rapid Championship<\/p>\n<p>\u00a0<\/p>\n<p>Viernes, 13 de septiembre de 2019\u00a0\u00a0\u00a0\u00a0\u00a0\u00a0\u00a0\u00a0\u00a0\u00a0\u00a0\u00a0\u00a0 10:00 Ronda 1 Blitz Championship<\/p>\n<p>Viernes, 13 de septiembre de 2019\u00a0\u00a0\u00a0\u00a0\u00a0\u00a0\u00a0\u00a0\u00a0\u00a0\u00a0\u00a0\u00a0 10:30 Ronda 2 Blitz Championship<\/p>\n<p>Viernes, 13 de septiembre de 2019\u00a0\u00a0\u00a0\u00a0\u00a0\u00a0\u00a0\u00a0\u00a0\u00a0\u00a0\u00a0\u00a0 11:00 Ronda 3 Blitz Championship<\/p>\n<p>Viernes, 13 de septiembre de 2019\u00a0\u00a0\u00a0\u00a0\u00a0\u00a0\u00a0\u00a0\u00a0\u00a0\u00a0\u00a0\u00a0 11:30 Ronda 4 Blitz Championship<\/p>\n<p>Viernes, 13 de septiembre de 2019\u00a0\u00a0\u00a0\u00a0\u00a0\u00a0\u00a0\u00a0\u00a0\u00a0\u00a0\u00a0\u00a0 12:00 Ronda 5 Blitz Championship<\/p>\n<p>Viernes, 13 de septiembre de 2019\u00a0\u00a0\u00a0\u00a0\u00a0\u00a0\u00a0\u00a0\u00a0\u00a0\u00a0\u00a0\u00a0 12:30 Ronda 6 Blitz Championship<\/p>\n<p>\u00a0<\/p>\n<p>Viernes, 13 de septiembre de 2019\u00a0\u00a0\u00a0\u00a0\u00a0\u00a0\u00a0\u00a0\u00a0\u00a0\u00a0\u00a0\u00a0 16:00 Ronda 7 Blitz Championship<\/p>\n<p>Viernes, 13 de septiembre de 2019\u00a0\u00a0\u00a0\u00a0\u00a0\u00a0\u00a0\u00a0\u00a0\u00a0\u00a0\u00a0\u00a0 16:30 Ronda 8 Blitz Championship<\/p>\n<p>Viernes, 13 de septiembre de 2019\u00a0\u00a0\u00a0\u00a0\u00a0\u00a0\u00a0\u00a0\u00a0\u00a0\u00a0\u00a0\u00a0 17:00 Ronda 9 Blitz Championship<\/p>\n<p>Viernes, 13 de septiembre de 2019\u00a0\u00a0\u00a0\u00a0\u00a0\u00a0\u00a0\u00a0\u00a0\u00a0\u00a0\u00a0\u00a0 17:30 Ronda 10 Blitz Championship<\/p>\n<p>Viernes, 13 de septiembre de 2019\u00a0\u00a0\u00a0\u00a0\u00a0\u00a0\u00a0\u00a0\u00a0\u00a0\u00a0\u00a0\u00a0 18:00 Ronda11 Blitz Championship<\/p>\n<p>\u00a0<\/p>\n<p>Viernes, 13 de septiembre de 2019\u00a0\u00a0\u00a0\u00a0\u00a0\u00a0\u00a0\u00a0\u00a0\u00a0\u00a0\u00a0\u00a0 20:00 Ceremonia de clausura<\/p>\n<p>\u00a0<\/p>\n<p>S\u00e1bado, 14 de septiembre de 2019\u00a0\u00a0\u00a0\u00a0\u00a0\u00a0\u00a0\u00a0\u00a0\u00a0\u00a0\u00a0\u00a0\u00a0 D\u00eda de salida<\/p>\n<p>\u00a0<\/p>\n<p><strong><u>Lugar de Juego:<\/u><\/strong><\/p>\n<p>\u00a0<\/p>\n<p>Centro de Convenciones del <strong>Hotel Salobre\u00f1a Suites<\/strong>. Ctra. De M\u00e1laga a Almer\u00eda Km 323, 18680 Salobre\u00f1a (Granada). <a href=\"http:\/\/www.hotelsalobrena.es\/\">http:\/\/www.hotelsalobrena.es\/<\/a><\/p>\n<p>\u00a0<\/p>\n<p><strong><u>INSCRIPCIONES: <\/u><\/strong><\/p>\n<p><strong><u>Plazo de Inscripci\u00f3n:<\/u><\/strong><strong>\u00a0\u00a0\u00a0\u00a0 <\/strong><\/p>\n<p>\u00a0<\/p>\n<p>2019. Participantes en el Cto. de Espa\u00f1a de Salobre\u00f1a Sub 8 a 14: Hasta el d\u00eda <strong><u>17 de julio de 2019.<\/u><\/strong><\/p>\n<p>2019. Participantes en el Cto. de Espa\u00f1a de Salobre\u00f1a Sub 16: Hasta el d\u00eda <strong><u>24 de julio de 2019.<\/u><\/strong><\/p>\n<p>2019. Participantes en el Cto. de Espa\u00f1a de Salobre\u00f1a Sub 18: Hasta el d\u00eda <strong><u>31 de julio de 2019.<\/u><\/strong><\/p>\n<p>\u00a0<\/p>\n<p><strong><u>Cuota de Inscripci\u00f3n:<\/u><\/strong><\/p>\n<p><strong>Participantes Clasificados: <\/strong><\/p>\n<p>Exentos de cuota FIDE (con cargo a la FEDA), m\u00e1s 100,00 \u20ac organizaci\u00f3n:<strong> 100,00 \u20ac.<\/strong><\/p>\n<p><strong>\u00a0<\/strong><\/p>\n<p><strong>Participantes Open: <\/strong><\/p>\n<p>70,00 \u20ac FIDE (ambos Campeonatos), m\u00e1s 100,00 \u20ac organizaci\u00f3n:<strong> 170,00 \u20ac.<\/strong><\/p>\n<p><strong>\u00a0<\/strong><\/p>\n<p><strong>Acompa\u00f1antes: <\/strong><\/p>\n<p>Organizaci\u00f3n<strong> 100,00 \u20ac<\/strong>.<\/p>\n<p>\u00a0<\/p>\n<p>La cuota de organizaci\u00f3n incluye la entrega de acreditaci\u00f3n para los siguientes servicios:<\/p>\n<p>Transporte desde el Aeropuerto o estaci\u00f3n AVE de M\u00e1laga al Hotel. Ida d\u00eda 10, vuelta d\u00eda 14.<\/p>\n<p>Transporte diario en autob\u00fas del Hotel (en su caso) a la sala de juego y vuelta:<\/p>\n<p>\u00a0<\/p>\n<p><strong><u>VIAJE:<\/u><\/strong><\/p>\n<p>Los\/as jugadores\/as y sus acompa\u00f1antes deber\u00e1n comunicar, junto con la inscripci\u00f3n, el medio por el cual van a llegar a Salobre\u00f1a el d\u00eda 10 y el de salida el d\u00eda 14, a efectos de recogerles si es necesario y trasladarlos al hotel.<\/p>\n<p>\u00a0<\/p>\n<p><strong><u>HOTEL:<\/u><\/strong><\/p>\n<p>Toda la Delegaci\u00f3n espa\u00f1ola oficial, entrenadores y jugadores clasificados, estar\u00e1n en el Hotel Salobre\u00f1a Suites. Es obligatorio para los participantes y acompa\u00f1antes alojarse en este Hotel y hacer la reserva a trav\u00e9s de la FEDA.<\/p>\n<p>El coste del alojamiento incluye cuatro (4) noches, siendo parte de un paquete de inscripci\u00f3n que comienza con la llegada el d\u00eda 10 de septiembre y con la salida el 14 de septiembre. Si alguna persona llega despu\u00e9s del d\u00eda 10 o sale antes del d\u00eda 14, debe abonar al menos este precio como precio total. Si alguna persona llega antes del d\u00eda 10 o sale despu\u00e9s del d\u00eda 14, deber\u00e1 abonar la diferencia de noches seg\u00fan se encuentra a continuaci\u00f3n.<\/p>\n<p>Todos los jugadores open est\u00e1n obligados a alojarse en el Hotel Salobre\u00f1a Suites. Tambi\u00e9n los acompa\u00f1antes si desean estar acreditados. <u>La reserva deber\u00e1 hacerse a trav\u00e9s de la FEDA<\/u>.<\/p>\n<p>Si este Hotel agotara su capacidad, la organizaci\u00f3n facilitar\u00e1 hoteles alternativos en la zona de la Costa Tropical (Salobre\u00f1a, Almu\u00f1\u00e9car, Motril), as\u00ed como transporte gratuito.<\/p>\n<p>Los jugadores\/as andaluces (y sus acompa\u00f1antes) que acrediten a trav\u00e9s de la Federaci\u00f3n Andaluza que se encuentran federados en 2019 y lo estuvieron en 2018, estar\u00e1n exentos de la obligaci\u00f3n de alojarse en el hotel oficial, pero no de acreditarse.<\/p>\n<p>\u00a0<\/p>\n<p><strong>Precios del Hotel:<\/strong><\/p>\n<p>El r\u00e9gimen de los alojamientos es en Pensi\u00f3n completa (Desayuno, almuerzo, cena). Hotel Salobre\u00f1a Suites.<\/p>\n<p>Habitaci\u00f3n triple: 59 \u20ac\/ por d\u00eda por persona, 236 \u20ac total por persona (4 noches).<\/p>\n<p>Habitaci\u00f3n doble: 63 \u20ac\/ por d\u00eda por persona, 252 \u20ac total por persona (4 noches).<\/p>\n<p>Habitaci\u00f3n individual: 89 \u20ac\/ por d\u00eda por persona, 356 \u20ac total por persona (4 noches).<\/p>\n<p>\u00a0<\/p>\n<p><strong><u>Condiciones de Inscripci\u00f3n:<\/u><\/strong><\/p>\n<p>Todas las inscripciones deber\u00e1n formalizarse a trav\u00e9s de su Federaci\u00f3n Auton\u00f3mica, o con su autorizaci\u00f3n, a trav\u00e9s del portal de inscripciones de la web de la FEDA, (Ver <strong>ANEXO 1<\/strong>) <a href=\"http:\/\/www.feda.org\">www.feda.org<\/a>\u00a0<\/p>\n<p>Para la reserva del Hotel, una vez inscritos seg\u00fan el apartado anterior, deber\u00e1n remitir el \u00a0<strong><u>ANEXO 2<\/u><\/strong> en formato Excel por e-mail a <a href=\"mailto:administracion@feda.org\">administracion@feda.org<\/a> \u00a0junto con la copia del ingreso de la liquidaci\u00f3n provisional correspondiente.<\/p>\n<p>El ingreso deber\u00e1 realizarse en la cuenta de la Federaci\u00f3n Espa\u00f1ola de Ajedrez en el Banco Popular \u2013 Grupo Santander: <strong>IBAN <\/strong><strong>ES82 0075 0349 4106 0617 8264<\/strong><\/p>\n<p>La inscripci\u00f3n se considerar\u00e1 firme tras haber cumplimentado lo indicado en los dos apartados anteriores, en plazo.<\/p>\n<p>\u00a0<\/p>\n<p><strong><u>Notas adicionales importantes:<\/u><\/strong><\/p>\n<p>Los torneos se realizar\u00e1n utilizando un Sistema Suizo con 11 rondas. Si un jugador no tiene Elo FIDE de r\u00e1pidas o rel\u00e1mpago, entonces se utilizar\u00e1 cuando sea posible su Elo cl\u00e1sico.<\/p>\n<p>El ritmo de juego para el Campeonato R\u00e1pido ser\u00e1 de 15 minutos m\u00e1s 5 segundos por jugada desde el primer movimiento de las blancas. El ritmo de juego para el Campeonato Rel\u00e1mpago ser\u00e1 de 3 minutos m\u00e1s 2 segundos por jugada desde el primer movimiento de las blancas.<\/p>\n<p>Los criterios de desempate son:<\/p>\n<ul>\n<li>Resultado particular (solamente si todos los jugadores se han enfrentado entre ellos),<\/li>\n<li>Buchholz cut 1,<\/li>\n<li>Buchholz<\/li>\n<li>Mayor n\u00famero de partidas con negras (partidas no jugadas cuentan como jugadas con blancas),<\/li>\n<li>Mayor n\u00famero de victorias.<\/li>\n<\/ul>\n<p>El hecho de inscribirse y ser admitido supone formar parte de la Selecci\u00f3n Espa\u00f1ola, de acuerdo con lo previsto en el Reglamento General de Competiciones, T\u00edtulo VI, Art\u00edculos 140 y siguientes.<\/p>\n<p>En especial, tanto jugadores como entrenadores y acompa\u00f1antes deber\u00e1n respetar el r\u00e9gimen horario que establezca el\/la Delegado\/a FEDA.<\/p>\n<p>\u00a0<\/p>\n<p>En Madrid, a 22 de junio de 2019.<\/p>\n<p>\u00a0<\/p>\n<p>Ram\u00f3n Padull\u00e9s Argerich<br \/>Secretario General<\/p>\n<p>\u00a0<\/p>\n<p>\u00a0<\/p>\n","protected":false},"excerpt":{"rendered":"<p>A TODAS LAS FEDERACIONES AUTON\u00d3MICAS CAMPEONATO DEL MUNDO INDIVIDUAL DE AJEDREZ R\u00c1PIDO Y REL\u00c1MPAGO CATEGOR\u00cdA SUB 14 A SUB 18 Salobre\u00f1a, del 10 al 14 de septiembre de 2019 La Federaci\u00f3n Espa\u00f1ola de Ajedrez formar\u00e1 Delegaci\u00f3n oficial para participar en el Campeonato de referencia. La participaci\u00f3n podr\u00e1 ser como clasificado\/a o bien Open. Los\/as deportistas [&hellip;]<\/p>\n","protected":false},"author":2,"featured_media":0,"comment_status":"closed","ping_status":"closed","sticky":false,"template":"","format":"standard","meta":{"footnotes":""},"categories":[207],"tags":[],"class_list":["post-15136","post","type-post","status-publish","format-standard","hentry","category-207"],"yoast_head":"<!-- This site is optimized with the Yoast SEO plugin v27.5 - https:\/\/yoast.com\/product\/yoast-seo-wordpress\/ -->\n<title>Circular 15\/2019 - Mundial de J\u00f3venes Sub 14 a Sub 18 Ajedrez R\u00e1pido y Rel\u00e1mpago. Salobre\u00f1a 2019 - FEDA<\/title>\n<meta name=\"description\" content=\"FEDA, Federaci\u00f3n Espa\u00f1ola de Ajedrez, ajedrez madrid, federarse ajedrez, campeonato de Espa\u00f1a de ajedrez, ajedrez\" \/>\n<meta name=\"robots\" content=\"index, follow, max-snippet:-1, max-image-preview:large, max-video-preview:-1\" \/>\n<link rel=\"canonical\" href=\"https:\/\/feda.org\/feda2k16\/circular-15-2019-mundial-de-jovenes-sub-14-a-sub-18-ajedrez-rapido-y-relampago-salobrena-2019\/\" \/>\n<meta property=\"og:locale\" content=\"es_ES\" \/>\n<meta property=\"og:type\" content=\"article\" \/>\n<meta property=\"og:title\" content=\"Circular 15\/2019 - Mundial de J\u00f3venes Sub 14 a Sub 18 Ajedrez R\u00e1pido y Rel\u00e1mpago. Salobre\u00f1a 2019 - FEDA\" \/>\n<meta property=\"og:description\" content=\"FEDA, Federaci\u00f3n Espa\u00f1ola de Ajedrez, ajedrez madrid, federarse ajedrez, campeonato de Espa\u00f1a de ajedrez, ajedrez\" \/>\n<meta property=\"og:url\" content=\"https:\/\/feda.org\/feda2k16\/circular-15-2019-mundial-de-jovenes-sub-14-a-sub-18-ajedrez-rapido-y-relampago-salobrena-2019\/\" \/>\n<meta property=\"og:site_name\" content=\"FEDA\" \/>\n<meta property=\"article:publisher\" content=\"https:\/\/www.facebook.com\/federacionespanoladeajedrez\/\" \/>\n<meta property=\"article:published_time\" content=\"2019-06-23T15:01:36+00:00\" \/>\n<meta property=\"article:modified_time\" content=\"2019-06-28T08:01:34+00:00\" \/>\n<meta name=\"author\" content=\"Nacho\" \/>\n<meta name=\"twitter:card\" content=\"summary_large_image\" \/>\n<meta name=\"twitter:creator\" content=\"@AjedrezEspanola\" \/>\n<meta name=\"twitter:site\" content=\"@AjedrezEspanola\" \/>\n<meta name=\"twitter:label1\" content=\"Escrito por\" \/>\n\t<meta name=\"twitter:data1\" content=\"Nacho\" \/>\n\t<meta name=\"twitter:label2\" content=\"Tiempo de lectura\" \/>\n\t<meta name=\"twitter:data2\" content=\"7 minutos\" \/>\n<script type=\"application\/ld+json\" class=\"yoast-schema-graph\">{\"@context\":\"https:\\\/\\\/schema.org\",\"@graph\":[{\"@type\":\"Article\",\"@id\":\"https:\\\/\\\/feda.org\\\/feda2k16\\\/circular-15-2019-mundial-de-jovenes-sub-14-a-sub-18-ajedrez-rapido-y-relampago-salobrena-2019\\\/#article\",\"isPartOf\":{\"@id\":\"https:\\\/\\\/feda.org\\\/feda2k16\\\/circular-15-2019-mundial-de-jovenes-sub-14-a-sub-18-ajedrez-rapido-y-relampago-salobrena-2019\\\/\"},\"author\":{\"name\":\"Nacho\",\"@id\":\"https:\\\/\\\/feda.org\\\/feda2k16\\\/#\\\/schema\\\/person\\\/6f81e48d83f6f1503890fdb658f2ff4e\"},\"headline\":\"Circular 15\\\/2019 &#8211; Mundial de J\u00f3venes Sub 14 a Sub 18 Ajedrez R\u00e1pido y Rel\u00e1mpago. Salobre\u00f1a 2019\",\"datePublished\":\"2019-06-23T15:01:36+00:00\",\"dateModified\":\"2019-06-28T08:01:34+00:00\",\"mainEntityOfPage\":{\"@id\":\"https:\\\/\\\/feda.org\\\/feda2k16\\\/circular-15-2019-mundial-de-jovenes-sub-14-a-sub-18-ajedrez-rapido-y-relampago-salobrena-2019\\\/\"},\"wordCount\":1378,\"publisher\":{\"@id\":\"https:\\\/\\\/feda.org\\\/feda2k16\\\/#organization\"},\"articleSection\":[\"2019\"],\"inLanguage\":\"es\"},{\"@type\":\"WebPage\",\"@id\":\"https:\\\/\\\/feda.org\\\/feda2k16\\\/circular-15-2019-mundial-de-jovenes-sub-14-a-sub-18-ajedrez-rapido-y-relampago-salobrena-2019\\\/\",\"url\":\"https:\\\/\\\/feda.org\\\/feda2k16\\\/circular-15-2019-mundial-de-jovenes-sub-14-a-sub-18-ajedrez-rapido-y-relampago-salobrena-2019\\\/\",\"name\":\"Circular 15\\\/2019 - Mundial de J\u00f3venes Sub 14 a Sub 18 Ajedrez R\u00e1pido y Rel\u00e1mpago. Salobre\u00f1a 2019 - FEDA\",\"isPartOf\":{\"@id\":\"https:\\\/\\\/feda.org\\\/feda2k16\\\/#website\"},\"datePublished\":\"2019-06-23T15:01:36+00:00\",\"dateModified\":\"2019-06-28T08:01:34+00:00\",\"description\":\"FEDA, Federaci\u00f3n Espa\u00f1ola de Ajedrez, ajedrez madrid, federarse ajedrez, campeonato de Espa\u00f1a de ajedrez, ajedrez\",\"breadcrumb\":{\"@id\":\"https:\\\/\\\/feda.org\\\/feda2k16\\\/circular-15-2019-mundial-de-jovenes-sub-14-a-sub-18-ajedrez-rapido-y-relampago-salobrena-2019\\\/#breadcrumb\"},\"inLanguage\":\"es\",\"potentialAction\":[{\"@type\":\"ReadAction\",\"target\":[\"https:\\\/\\\/feda.org\\\/feda2k16\\\/circular-15-2019-mundial-de-jovenes-sub-14-a-sub-18-ajedrez-rapido-y-relampago-salobrena-2019\\\/\"]}]},{\"@type\":\"BreadcrumbList\",\"@id\":\"https:\\\/\\\/feda.org\\\/feda2k16\\\/circular-15-2019-mundial-de-jovenes-sub-14-a-sub-18-ajedrez-rapido-y-relampago-salobrena-2019\\\/#breadcrumb\",\"itemListElement\":[{\"@type\":\"ListItem\",\"position\":1,\"name\":\"Portada\",\"item\":\"https:\\\/\\\/feda.org\\\/feda2k16\\\/\"},{\"@type\":\"ListItem\",\"position\":2,\"name\":\"Circular 15\\\/2019 &#8211; Mundial de J\u00f3venes Sub 14 a Sub 18 Ajedrez R\u00e1pido y Rel\u00e1mpago. Salobre\u00f1a 2019\"}]},{\"@type\":\"WebSite\",\"@id\":\"https:\\\/\\\/feda.org\\\/feda2k16\\\/#website\",\"url\":\"https:\\\/\\\/feda.org\\\/feda2k16\\\/\",\"name\":\"FEDA\",\"description\":\"Federaci\u00f3n Espa\u00f1ola de Ajedrez\",\"publisher\":{\"@id\":\"https:\\\/\\\/feda.org\\\/feda2k16\\\/#organization\"},\"alternateName\":\"Federaci\u00f3n Espa\u00f1ola de Ajedrez\",\"potentialAction\":[{\"@type\":\"SearchAction\",\"target\":{\"@type\":\"EntryPoint\",\"urlTemplate\":\"https:\\\/\\\/feda.org\\\/feda2k16\\\/?s={search_term_string}\"},\"query-input\":{\"@type\":\"PropertyValueSpecification\",\"valueRequired\":true,\"valueName\":\"search_term_string\"}}],\"inLanguage\":\"es\"},{\"@type\":\"Organization\",\"@id\":\"https:\\\/\\\/feda.org\\\/feda2k16\\\/#organization\",\"name\":\"FEDA\",\"alternateName\":\"Federaci\u00f3n Espa\u00f1ola de Ajedrez\",\"url\":\"https:\\\/\\\/feda.org\\\/feda2k16\\\/\",\"logo\":{\"@type\":\"ImageObject\",\"inLanguage\":\"es\",\"@id\":\"https:\\\/\\\/feda.org\\\/feda2k16\\\/#\\\/schema\\\/logo\\\/image\\\/\",\"url\":\"https:\\\/\\\/feda.org\\\/feda2k16\\\/wp-content\\\/uploads\\\/NuevoLogo_FEDA_2016.png\",\"contentUrl\":\"https:\\\/\\\/feda.org\\\/feda2k16\\\/wp-content\\\/uploads\\\/NuevoLogo_FEDA_2016.png\",\"width\":600,\"height\":600,\"caption\":\"FEDA\"},\"image\":{\"@id\":\"https:\\\/\\\/feda.org\\\/feda2k16\\\/#\\\/schema\\\/logo\\\/image\\\/\"},\"sameAs\":[\"https:\\\/\\\/www.facebook.com\\\/federacionespanoladeajedrez\\\/\",\"https:\\\/\\\/x.com\\\/AjedrezEspanola\",\"https:\\\/\\\/www.instagram.com\\\/federacionespanolaajedrez\\\/?hl=es\",\"https:\\\/\\\/www.youtube.com\\\/@FederacionEspanoladeAjedrezFED\\\/featured\"]},{\"@type\":\"Person\",\"@id\":\"https:\\\/\\\/feda.org\\\/feda2k16\\\/#\\\/schema\\\/person\\\/6f81e48d83f6f1503890fdb658f2ff4e\",\"name\":\"Nacho\",\"url\":\"https:\\\/\\\/feda.org\\\/feda2k16\\\/author\\\/nacho\\\/\"}]}<\/script>\n<!-- \/ Yoast SEO plugin. -->","yoast_head_json":{"title":"Circular 15\/2019 - Mundial de J\u00f3venes Sub 14 a Sub 18 Ajedrez R\u00e1pido y Rel\u00e1mpago. Salobre\u00f1a 2019 - FEDA","description":"FEDA, Federaci\u00f3n Espa\u00f1ola de Ajedrez, ajedrez madrid, federarse ajedrez, campeonato de Espa\u00f1a de ajedrez, ajedrez","robots":{"index":"index","follow":"follow","max-snippet":"max-snippet:-1","max-image-preview":"max-image-preview:large","max-video-preview":"max-video-preview:-1"},"canonical":"https:\/\/feda.org\/feda2k16\/circular-15-2019-mundial-de-jovenes-sub-14-a-sub-18-ajedrez-rapido-y-relampago-salobrena-2019\/","og_locale":"es_ES","og_type":"article","og_title":"Circular 15\/2019 - Mundial de J\u00f3venes Sub 14 a Sub 18 Ajedrez R\u00e1pido y Rel\u00e1mpago. Salobre\u00f1a 2019 - FEDA","og_description":"FEDA, Federaci\u00f3n Espa\u00f1ola de Ajedrez, ajedrez madrid, federarse ajedrez, campeonato de Espa\u00f1a de ajedrez, ajedrez","og_url":"https:\/\/feda.org\/feda2k16\/circular-15-2019-mundial-de-jovenes-sub-14-a-sub-18-ajedrez-rapido-y-relampago-salobrena-2019\/","og_site_name":"FEDA","article_publisher":"https:\/\/www.facebook.com\/federacionespanoladeajedrez\/","article_published_time":"2019-06-23T15:01:36+00:00","article_modified_time":"2019-06-28T08:01:34+00:00","author":"Nacho","twitter_card":"summary_large_image","twitter_creator":"@AjedrezEspanola","twitter_site":"@AjedrezEspanola","twitter_misc":{"Escrito por":"Nacho","Tiempo de lectura":"7 minutos"},"schema":{"@context":"https:\/\/schema.org","@graph":[{"@type":"Article","@id":"https:\/\/feda.org\/feda2k16\/circular-15-2019-mundial-de-jovenes-sub-14-a-sub-18-ajedrez-rapido-y-relampago-salobrena-2019\/#article","isPartOf":{"@id":"https:\/\/feda.org\/feda2k16\/circular-15-2019-mundial-de-jovenes-sub-14-a-sub-18-ajedrez-rapido-y-relampago-salobrena-2019\/"},"author":{"name":"Nacho","@id":"https:\/\/feda.org\/feda2k16\/#\/schema\/person\/6f81e48d83f6f1503890fdb658f2ff4e"},"headline":"Circular 15\/2019 &#8211; Mundial de J\u00f3venes Sub 14 a Sub 18 Ajedrez R\u00e1pido y Rel\u00e1mpago. Salobre\u00f1a 2019","datePublished":"2019-06-23T15:01:36+00:00","dateModified":"2019-06-28T08:01:34+00:00","mainEntityOfPage":{"@id":"https:\/\/feda.org\/feda2k16\/circular-15-2019-mundial-de-jovenes-sub-14-a-sub-18-ajedrez-rapido-y-relampago-salobrena-2019\/"},"wordCount":1378,"publisher":{"@id":"https:\/\/feda.org\/feda2k16\/#organization"},"articleSection":["2019"],"inLanguage":"es"},{"@type":"WebPage","@id":"https:\/\/feda.org\/feda2k16\/circular-15-2019-mundial-de-jovenes-sub-14-a-sub-18-ajedrez-rapido-y-relampago-salobrena-2019\/","url":"https:\/\/feda.org\/feda2k16\/circular-15-2019-mundial-de-jovenes-sub-14-a-sub-18-ajedrez-rapido-y-relampago-salobrena-2019\/","name":"Circular 15\/2019 - Mundial de J\u00f3venes Sub 14 a Sub 18 Ajedrez R\u00e1pido y Rel\u00e1mpago. Salobre\u00f1a 2019 - FEDA","isPartOf":{"@id":"https:\/\/feda.org\/feda2k16\/#website"},"datePublished":"2019-06-23T15:01:36+00:00","dateModified":"2019-06-28T08:01:34+00:00","description":"FEDA, Federaci\u00f3n Espa\u00f1ola de Ajedrez, ajedrez madrid, federarse ajedrez, campeonato de Espa\u00f1a de ajedrez, ajedrez","breadcrumb":{"@id":"https:\/\/feda.org\/feda2k16\/circular-15-2019-mundial-de-jovenes-sub-14-a-sub-18-ajedrez-rapido-y-relampago-salobrena-2019\/#breadcrumb"},"inLanguage":"es","potentialAction":[{"@type":"ReadAction","target":["https:\/\/feda.org\/feda2k16\/circular-15-2019-mundial-de-jovenes-sub-14-a-sub-18-ajedrez-rapido-y-relampago-salobrena-2019\/"]}]},{"@type":"BreadcrumbList","@id":"https:\/\/feda.org\/feda2k16\/circular-15-2019-mundial-de-jovenes-sub-14-a-sub-18-ajedrez-rapido-y-relampago-salobrena-2019\/#breadcrumb","itemListElement":[{"@type":"ListItem","position":1,"name":"Portada","item":"https:\/\/feda.org\/feda2k16\/"},{"@type":"ListItem","position":2,"name":"Circular 15\/2019 &#8211; Mundial de J\u00f3venes Sub 14 a Sub 18 Ajedrez R\u00e1pido y Rel\u00e1mpago. Salobre\u00f1a 2019"}]},{"@type":"WebSite","@id":"https:\/\/feda.org\/feda2k16\/#website","url":"https:\/\/feda.org\/feda2k16\/","name":"FEDA","description":"Federaci\u00f3n Espa\u00f1ola de Ajedrez","publisher":{"@id":"https:\/\/feda.org\/feda2k16\/#organization"},"alternateName":"Federaci\u00f3n Espa\u00f1ola de Ajedrez","potentialAction":[{"@type":"SearchAction","target":{"@type":"EntryPoint","urlTemplate":"https:\/\/feda.org\/feda2k16\/?s={search_term_string}"},"query-input":{"@type":"PropertyValueSpecification","valueRequired":true,"valueName":"search_term_string"}}],"inLanguage":"es"},{"@type":"Organization","@id":"https:\/\/feda.org\/feda2k16\/#organization","name":"FEDA","alternateName":"Federaci\u00f3n Espa\u00f1ola de Ajedrez","url":"https:\/\/feda.org\/feda2k16\/","logo":{"@type":"ImageObject","inLanguage":"es","@id":"https:\/\/feda.org\/feda2k16\/#\/schema\/logo\/image\/","url":"https:\/\/feda.org\/feda2k16\/wp-content\/uploads\/NuevoLogo_FEDA_2016.png","contentUrl":"https:\/\/feda.org\/feda2k16\/wp-content\/uploads\/NuevoLogo_FEDA_2016.png","width":600,"height":600,"caption":"FEDA"},"image":{"@id":"https:\/\/feda.org\/feda2k16\/#\/schema\/logo\/image\/"},"sameAs":["https:\/\/www.facebook.com\/federacionespanoladeajedrez\/","https:\/\/x.com\/AjedrezEspanola","https:\/\/www.instagram.com\/federacionespanolaajedrez\/?hl=es","https:\/\/www.youtube.com\/@FederacionEspanoladeAjedrezFED\/featured"]},{"@type":"Person","@id":"https:\/\/feda.org\/feda2k16\/#\/schema\/person\/6f81e48d83f6f1503890fdb658f2ff4e","name":"Nacho","url":"https:\/\/feda.org\/feda2k16\/author\/nacho\/"}]}},"_links":{"self":[{"href":"https:\/\/feda.org\/feda2k16\/wp-json\/wp\/v2\/posts\/15136","targetHints":{"allow":["GET"]}}],"collection":[{"href":"https:\/\/feda.org\/feda2k16\/wp-json\/wp\/v2\/posts"}],"about":[{"href":"https:\/\/feda.org\/feda2k16\/wp-json\/wp\/v2\/types\/post"}],"author":[{"embeddable":true,"href":"https:\/\/feda.org\/feda2k16\/wp-json\/wp\/v2\/users\/2"}],"replies":[{"embeddable":true,"href":"https:\/\/feda.org\/feda2k16\/wp-json\/wp\/v2\/comments?post=15136"}],"version-history":[{"count":4,"href":"https:\/\/feda.org\/feda2k16\/wp-json\/wp\/v2\/posts\/15136\/revisions"}],"predecessor-version":[{"id":15206,"href":"https:\/\/feda.org\/feda2k16\/wp-json\/wp\/v2\/posts\/15136\/revisions\/15206"}],"wp:attachment":[{"href":"https:\/\/feda.org\/feda2k16\/wp-json\/wp\/v2\/media?parent=15136"}],"wp:term":[{"taxonomy":"category","embeddable":true,"href":"https:\/\/feda.org\/feda2k16\/wp-json\/wp\/v2\/categories?post=15136"},{"taxonomy":"post_tag","embeddable":true,"href":"https:\/\/feda.org\/feda2k16\/wp-json\/wp\/v2\/tags?post=15136"}],"curies":[{"name":"wp","href":"https:\/\/api.w.org\/{rel}","templated":true}]}}