{"id":1599,"date":"2015-05-29T07:37:22","date_gmt":"2015-05-29T07:37:22","guid":{"rendered":"http:\/\/localhost:8888\/feda2k16\/?p=1599"},"modified":"2016-10-14T17:21:28","modified_gmt":"2016-10-14T17:21:28","slug":"convocatoria-del-campeonato-de-espana-por-selecciones-autonomicas-sub-14","status":"publish","type":"post","link":"https:\/\/feda.org\/feda2k16\/convocatoria-del-campeonato-de-espana-por-selecciones-autonomicas-sub-14\/","title":{"rendered":"CONVOCATORIA DEL CAMPEONATO DE ESPA\u00d1A POR SELECCIONES AUTONOMICAS SUB 14"},"content":{"rendered":"<p> \t<img decoding=\"async\" class=\" alignleft size-full wp-image-1598\" alt=\"\" src=\"http:\/\/feda.org\/feda2k16\/wp-content\/uploads\/07-08\/CEI2015.png\" style=\"width: 61px; height: 66px; float: left; margin: 10px;\" width=\"61\" height=\"66\" \/>Con la Circular 18\/2015, se ha convocado el Campeonato de Espa\u00f1a de Ajedrez en Edad Escolar por Selecciones Auton\u00f3micas, Categor\u00eda Infantil.<\/p>\n<p> \tSe celebrar\u00e1 en la Federaci\u00f3n de Ajedrez de la Regi\u00f3n de Murcia, San Javier, del 21 al 25 de junio de 2015.<\/p>\n<p> \t&nbsp;<\/p>\n<p> \tPuedes encontrar la informaci\u00f3n en este&nbsp;<a href=\"http:\/\/feda.org\/feda2k16\/campeonato-de-espana-por-selecciones-autonomicas-sub-14-3\/\" title=\"Campeonato de Espa\u00f1a por Selecciones Auton\u00f3micas Sub 14\">enlace<\/a>.<\/p>\n","protected":false},"excerpt":{"rendered":"<p>Con la Circular 18\/2015, se ha convocado el Campeonato de Espa\u00f1a de Ajedrez en Edad Escolar por Selecciones Auton\u00f3micas, Categor\u00eda Infantil. Se celebrar\u00e1 en la Federaci\u00f3n de Ajedrez de la Regi\u00f3n de Murcia, San Javier, del 21 al 25 de junio de 2015. &nbsp; Puedes encontrar la informaci\u00f3n en este&nbsp;enlace.<\/p>\n","protected":false},"author":1,"featured_media":1598,"comment_status":"closed","ping_status":"closed","sticky":false,"template":"","format":"standard","meta":{"footnotes":""},"categories":[16],"tags":[],"class_list":["post-1599","post","type-post","status-publish","format-standard","has-post-thumbnail","hentry","category-noticias"],"yoast_head":"<!-- This site is optimized with the Yoast SEO plugin v27.5 - https:\/\/yoast.com\/product\/yoast-seo-wordpress\/ -->\n<title>CONVOCATORIA DEL CAMPEONATO DE ESPA\u00d1A POR SELECCIONES AUTONOMICAS SUB 14 - FEDA<\/title>\n<meta name=\"description\" content=\"FEDA, Federaci\u00f3n Espa\u00f1ola de Ajedrez, ajedrez madrid, federarse ajedrez, campeonato de Espa\u00f1a de ajedrez, ajedrez\" \/>\n<meta name=\"robots\" content=\"index, follow, max-snippet:-1, max-image-preview:large, max-video-preview:-1\" \/>\n<link rel=\"canonical\" href=\"https:\/\/feda.org\/feda2k16\/convocatoria-del-campeonato-de-espana-por-selecciones-autonomicas-sub-14\/\" \/>\n<meta property=\"og:locale\" content=\"es_ES\" \/>\n<meta property=\"og:type\" content=\"article\" \/>\n<meta property=\"og:title\" content=\"CONVOCATORIA DEL CAMPEONATO DE ESPA\u00d1A POR SELECCIONES AUTONOMICAS SUB 14 - FEDA\" \/>\n<meta property=\"og:description\" content=\"FEDA, Federaci\u00f3n Espa\u00f1ola de Ajedrez, ajedrez madrid, federarse ajedrez, campeonato de Espa\u00f1a de ajedrez, ajedrez\" \/>\n<meta property=\"og:url\" content=\"https:\/\/feda.org\/feda2k16\/convocatoria-del-campeonato-de-espana-por-selecciones-autonomicas-sub-14\/\" \/>\n<meta property=\"og:site_name\" content=\"FEDA\" \/>\n<meta property=\"article:publisher\" content=\"https:\/\/www.facebook.com\/federacionespanoladeajedrez\/\" \/>\n<meta property=\"article:published_time\" content=\"2015-05-29T07:37:22+00:00\" \/>\n<meta property=\"article:modified_time\" content=\"2016-10-14T17:21:28+00:00\" \/>\n<meta property=\"og:image\" content=\"https:\/\/feda.org\/feda2k16\/wp-content\/uploads\/07-08\/CEI2015.png\" \/>\n\t<meta property=\"og:image:width\" content=\"61\" \/>\n\t<meta property=\"og:image:height\" content=\"66\" \/>\n\t<meta property=\"og:image:type\" content=\"image\/png\" \/>\n<meta name=\"author\" content=\"feda2k16\" \/>\n<meta name=\"twitter:card\" content=\"summary_large_image\" \/>\n<meta name=\"twitter:creator\" content=\"@AjedrezEspanola\" \/>\n<meta name=\"twitter:site\" content=\"@AjedrezEspanola\" \/>\n<meta name=\"twitter:label1\" content=\"Escrito por\" \/>\n\t<meta name=\"twitter:data1\" content=\"feda2k16\" \/>\n<script type=\"application\/ld+json\" class=\"yoast-schema-graph\">{\"@context\":\"https:\\\/\\\/schema.org\",\"@graph\":[{\"@type\":\"Article\",\"@id\":\"https:\\\/\\\/feda.org\\\/feda2k16\\\/convocatoria-del-campeonato-de-espana-por-selecciones-autonomicas-sub-14\\\/#article\",\"isPartOf\":{\"@id\":\"https:\\\/\\\/feda.org\\\/feda2k16\\\/convocatoria-del-campeonato-de-espana-por-selecciones-autonomicas-sub-14\\\/\"},\"author\":{\"name\":\"feda2k16\",\"@id\":\"https:\\\/\\\/feda.org\\\/feda2k16\\\/#\\\/schema\\\/person\\\/80aa48a4dc5c6ea03ca1dbf21ce423da\"},\"headline\":\"CONVOCATORIA DEL CAMPEONATO DE ESPA\u00d1A POR SELECCIONES AUTONOMICAS SUB 14\",\"datePublished\":\"2015-05-29T07:37:22+00:00\",\"dateModified\":\"2016-10-14T17:21:28+00:00\",\"mainEntityOfPage\":{\"@id\":\"https:\\\/\\\/feda.org\\\/feda2k16\\\/convocatoria-del-campeonato-de-espana-por-selecciones-autonomicas-sub-14\\\/\"},\"wordCount\":64,\"publisher\":{\"@id\":\"https:\\\/\\\/feda.org\\\/feda2k16\\\/#organization\"},\"image\":{\"@id\":\"https:\\\/\\\/feda.org\\\/feda2k16\\\/convocatoria-del-campeonato-de-espana-por-selecciones-autonomicas-sub-14\\\/#primaryimage\"},\"thumbnailUrl\":\"https:\\\/\\\/feda.org\\\/feda2k16\\\/wp-content\\\/uploads\\\/07-08\\\/CEI2015.png\",\"articleSection\":[\"Noticias\"],\"inLanguage\":\"es\"},{\"@type\":\"WebPage\",\"@id\":\"https:\\\/\\\/feda.org\\\/feda2k16\\\/convocatoria-del-campeonato-de-espana-por-selecciones-autonomicas-sub-14\\\/\",\"url\":\"https:\\\/\\\/feda.org\\\/feda2k16\\\/convocatoria-del-campeonato-de-espana-por-selecciones-autonomicas-sub-14\\\/\",\"name\":\"CONVOCATORIA DEL CAMPEONATO DE ESPA\u00d1A POR SELECCIONES AUTONOMICAS SUB 14 - FEDA\",\"isPartOf\":{\"@id\":\"https:\\\/\\\/feda.org\\\/feda2k16\\\/#website\"},\"primaryImageOfPage\":{\"@id\":\"https:\\\/\\\/feda.org\\\/feda2k16\\\/convocatoria-del-campeonato-de-espana-por-selecciones-autonomicas-sub-14\\\/#primaryimage\"},\"image\":{\"@id\":\"https:\\\/\\\/feda.org\\\/feda2k16\\\/convocatoria-del-campeonato-de-espana-por-selecciones-autonomicas-sub-14\\\/#primaryimage\"},\"thumbnailUrl\":\"https:\\\/\\\/feda.org\\\/feda2k16\\\/wp-content\\\/uploads\\\/07-08\\\/CEI2015.png\",\"datePublished\":\"2015-05-29T07:37:22+00:00\",\"dateModified\":\"2016-10-14T17:21:28+00:00\",\"description\":\"FEDA, Federaci\u00f3n Espa\u00f1ola de Ajedrez, ajedrez madrid, federarse ajedrez, campeonato de Espa\u00f1a de ajedrez, ajedrez\",\"breadcrumb\":{\"@id\":\"https:\\\/\\\/feda.org\\\/feda2k16\\\/convocatoria-del-campeonato-de-espana-por-selecciones-autonomicas-sub-14\\\/#breadcrumb\"},\"inLanguage\":\"es\",\"potentialAction\":[{\"@type\":\"ReadAction\",\"target\":[\"https:\\\/\\\/feda.org\\\/feda2k16\\\/convocatoria-del-campeonato-de-espana-por-selecciones-autonomicas-sub-14\\\/\"]}]},{\"@type\":\"ImageObject\",\"inLanguage\":\"es\",\"@id\":\"https:\\\/\\\/feda.org\\\/feda2k16\\\/convocatoria-del-campeonato-de-espana-por-selecciones-autonomicas-sub-14\\\/#primaryimage\",\"url\":\"https:\\\/\\\/feda.org\\\/feda2k16\\\/wp-content\\\/uploads\\\/07-08\\\/CEI2015.png\",\"contentUrl\":\"https:\\\/\\\/feda.org\\\/feda2k16\\\/wp-content\\\/uploads\\\/07-08\\\/CEI2015.png\",\"width\":61,\"height\":66},{\"@type\":\"BreadcrumbList\",\"@id\":\"https:\\\/\\\/feda.org\\\/feda2k16\\\/convocatoria-del-campeonato-de-espana-por-selecciones-autonomicas-sub-14\\\/#breadcrumb\",\"itemListElement\":[{\"@type\":\"ListItem\",\"position\":1,\"name\":\"Portada\",\"item\":\"https:\\\/\\\/feda.org\\\/feda2k16\\\/\"},{\"@type\":\"ListItem\",\"position\":2,\"name\":\"CONVOCATORIA DEL CAMPEONATO DE ESPA\u00d1A POR SELECCIONES AUTONOMICAS SUB 14\"}]},{\"@type\":\"WebSite\",\"@id\":\"https:\\\/\\\/feda.org\\\/feda2k16\\\/#website\",\"url\":\"https:\\\/\\\/feda.org\\\/feda2k16\\\/\",\"name\":\"FEDA\",\"description\":\"Federaci\u00f3n Espa\u00f1ola de Ajedrez\",\"publisher\":{\"@id\":\"https:\\\/\\\/feda.org\\\/feda2k16\\\/#organization\"},\"alternateName\":\"Federaci\u00f3n Espa\u00f1ola de Ajedrez\",\"potentialAction\":[{\"@type\":\"SearchAction\",\"target\":{\"@type\":\"EntryPoint\",\"urlTemplate\":\"https:\\\/\\\/feda.org\\\/feda2k16\\\/?s={search_term_string}\"},\"query-input\":{\"@type\":\"PropertyValueSpecification\",\"valueRequired\":true,\"valueName\":\"search_term_string\"}}],\"inLanguage\":\"es\"},{\"@type\":\"Organization\",\"@id\":\"https:\\\/\\\/feda.org\\\/feda2k16\\\/#organization\",\"name\":\"FEDA\",\"alternateName\":\"Federaci\u00f3n Espa\u00f1ola de Ajedrez\",\"url\":\"https:\\\/\\\/feda.org\\\/feda2k16\\\/\",\"logo\":{\"@type\":\"ImageObject\",\"inLanguage\":\"es\",\"@id\":\"https:\\\/\\\/feda.org\\\/feda2k16\\\/#\\\/schema\\\/logo\\\/image\\\/\",\"url\":\"https:\\\/\\\/feda.org\\\/feda2k16\\\/wp-content\\\/uploads\\\/NuevoLogo_FEDA_2016.png\",\"contentUrl\":\"https:\\\/\\\/feda.org\\\/feda2k16\\\/wp-content\\\/uploads\\\/NuevoLogo_FEDA_2016.png\",\"width\":600,\"height\":600,\"caption\":\"FEDA\"},\"image\":{\"@id\":\"https:\\\/\\\/feda.org\\\/feda2k16\\\/#\\\/schema\\\/logo\\\/image\\\/\"},\"sameAs\":[\"https:\\\/\\\/www.facebook.com\\\/federacionespanoladeajedrez\\\/\",\"https:\\\/\\\/x.com\\\/AjedrezEspanola\",\"https:\\\/\\\/www.instagram.com\\\/federacionespanolaajedrez\\\/?hl=es\",\"https:\\\/\\\/www.youtube.com\\\/@FederacionEspanoladeAjedrezFED\\\/featured\"]},{\"@type\":\"Person\",\"@id\":\"https:\\\/\\\/feda.org\\\/feda2k16\\\/#\\\/schema\\\/person\\\/80aa48a4dc5c6ea03ca1dbf21ce423da\",\"name\":\"feda2k16\",\"url\":\"https:\\\/\\\/feda.org\\\/feda2k16\\\/author\\\/feda2k16\\\/\"}]}<\/script>\n<!-- \/ Yoast SEO plugin. -->","yoast_head_json":{"title":"CONVOCATORIA DEL CAMPEONATO DE ESPA\u00d1A POR SELECCIONES AUTONOMICAS SUB 14 - FEDA","description":"FEDA, Federaci\u00f3n Espa\u00f1ola de Ajedrez, ajedrez madrid, federarse ajedrez, campeonato de Espa\u00f1a de ajedrez, ajedrez","robots":{"index":"index","follow":"follow","max-snippet":"max-snippet:-1","max-image-preview":"max-image-preview:large","max-video-preview":"max-video-preview:-1"},"canonical":"https:\/\/feda.org\/feda2k16\/convocatoria-del-campeonato-de-espana-por-selecciones-autonomicas-sub-14\/","og_locale":"es_ES","og_type":"article","og_title":"CONVOCATORIA DEL CAMPEONATO DE ESPA\u00d1A POR SELECCIONES AUTONOMICAS SUB 14 - FEDA","og_description":"FEDA, Federaci\u00f3n Espa\u00f1ola de Ajedrez, ajedrez madrid, federarse ajedrez, campeonato de Espa\u00f1a de ajedrez, ajedrez","og_url":"https:\/\/feda.org\/feda2k16\/convocatoria-del-campeonato-de-espana-por-selecciones-autonomicas-sub-14\/","og_site_name":"FEDA","article_publisher":"https:\/\/www.facebook.com\/federacionespanoladeajedrez\/","article_published_time":"2015-05-29T07:37:22+00:00","article_modified_time":"2016-10-14T17:21:28+00:00","og_image":[{"width":61,"height":66,"url":"https:\/\/feda.org\/feda2k16\/wp-content\/uploads\/07-08\/CEI2015.png","type":"image\/png"}],"author":"feda2k16","twitter_card":"summary_large_image","twitter_creator":"@AjedrezEspanola","twitter_site":"@AjedrezEspanola","twitter_misc":{"Escrito por":"feda2k16"},"schema":{"@context":"https:\/\/schema.org","@graph":[{"@type":"Article","@id":"https:\/\/feda.org\/feda2k16\/convocatoria-del-campeonato-de-espana-por-selecciones-autonomicas-sub-14\/#article","isPartOf":{"@id":"https:\/\/feda.org\/feda2k16\/convocatoria-del-campeonato-de-espana-por-selecciones-autonomicas-sub-14\/"},"author":{"name":"feda2k16","@id":"https:\/\/feda.org\/feda2k16\/#\/schema\/person\/80aa48a4dc5c6ea03ca1dbf21ce423da"},"headline":"CONVOCATORIA DEL CAMPEONATO DE ESPA\u00d1A POR SELECCIONES AUTONOMICAS SUB 14","datePublished":"2015-05-29T07:37:22+00:00","dateModified":"2016-10-14T17:21:28+00:00","mainEntityOfPage":{"@id":"https:\/\/feda.org\/feda2k16\/convocatoria-del-campeonato-de-espana-por-selecciones-autonomicas-sub-14\/"},"wordCount":64,"publisher":{"@id":"https:\/\/feda.org\/feda2k16\/#organization"},"image":{"@id":"https:\/\/feda.org\/feda2k16\/convocatoria-del-campeonato-de-espana-por-selecciones-autonomicas-sub-14\/#primaryimage"},"thumbnailUrl":"https:\/\/feda.org\/feda2k16\/wp-content\/uploads\/07-08\/CEI2015.png","articleSection":["Noticias"],"inLanguage":"es"},{"@type":"WebPage","@id":"https:\/\/feda.org\/feda2k16\/convocatoria-del-campeonato-de-espana-por-selecciones-autonomicas-sub-14\/","url":"https:\/\/feda.org\/feda2k16\/convocatoria-del-campeonato-de-espana-por-selecciones-autonomicas-sub-14\/","name":"CONVOCATORIA DEL CAMPEONATO DE ESPA\u00d1A POR SELECCIONES AUTONOMICAS SUB 14 - FEDA","isPartOf":{"@id":"https:\/\/feda.org\/feda2k16\/#website"},"primaryImageOfPage":{"@id":"https:\/\/feda.org\/feda2k16\/convocatoria-del-campeonato-de-espana-por-selecciones-autonomicas-sub-14\/#primaryimage"},"image":{"@id":"https:\/\/feda.org\/feda2k16\/convocatoria-del-campeonato-de-espana-por-selecciones-autonomicas-sub-14\/#primaryimage"},"thumbnailUrl":"https:\/\/feda.org\/feda2k16\/wp-content\/uploads\/07-08\/CEI2015.png","datePublished":"2015-05-29T07:37:22+00:00","dateModified":"2016-10-14T17:21:28+00:00","description":"FEDA, Federaci\u00f3n Espa\u00f1ola de Ajedrez, ajedrez madrid, federarse ajedrez, campeonato de Espa\u00f1a de ajedrez, ajedrez","breadcrumb":{"@id":"https:\/\/feda.org\/feda2k16\/convocatoria-del-campeonato-de-espana-por-selecciones-autonomicas-sub-14\/#breadcrumb"},"inLanguage":"es","potentialAction":[{"@type":"ReadAction","target":["https:\/\/feda.org\/feda2k16\/convocatoria-del-campeonato-de-espana-por-selecciones-autonomicas-sub-14\/"]}]},{"@type":"ImageObject","inLanguage":"es","@id":"https:\/\/feda.org\/feda2k16\/convocatoria-del-campeonato-de-espana-por-selecciones-autonomicas-sub-14\/#primaryimage","url":"https:\/\/feda.org\/feda2k16\/wp-content\/uploads\/07-08\/CEI2015.png","contentUrl":"https:\/\/feda.org\/feda2k16\/wp-content\/uploads\/07-08\/CEI2015.png","width":61,"height":66},{"@type":"BreadcrumbList","@id":"https:\/\/feda.org\/feda2k16\/convocatoria-del-campeonato-de-espana-por-selecciones-autonomicas-sub-14\/#breadcrumb","itemListElement":[{"@type":"ListItem","position":1,"name":"Portada","item":"https:\/\/feda.org\/feda2k16\/"},{"@type":"ListItem","position":2,"name":"CONVOCATORIA DEL CAMPEONATO DE ESPA\u00d1A POR SELECCIONES AUTONOMICAS SUB 14"}]},{"@type":"WebSite","@id":"https:\/\/feda.org\/feda2k16\/#website","url":"https:\/\/feda.org\/feda2k16\/","name":"FEDA","description":"Federaci\u00f3n Espa\u00f1ola de Ajedrez","publisher":{"@id":"https:\/\/feda.org\/feda2k16\/#organization"},"alternateName":"Federaci\u00f3n Espa\u00f1ola de Ajedrez","potentialAction":[{"@type":"SearchAction","target":{"@type":"EntryPoint","urlTemplate":"https:\/\/feda.org\/feda2k16\/?s={search_term_string}"},"query-input":{"@type":"PropertyValueSpecification","valueRequired":true,"valueName":"search_term_string"}}],"inLanguage":"es"},{"@type":"Organization","@id":"https:\/\/feda.org\/feda2k16\/#organization","name":"FEDA","alternateName":"Federaci\u00f3n Espa\u00f1ola de Ajedrez","url":"https:\/\/feda.org\/feda2k16\/","logo":{"@type":"ImageObject","inLanguage":"es","@id":"https:\/\/feda.org\/feda2k16\/#\/schema\/logo\/image\/","url":"https:\/\/feda.org\/feda2k16\/wp-content\/uploads\/NuevoLogo_FEDA_2016.png","contentUrl":"https:\/\/feda.org\/feda2k16\/wp-content\/uploads\/NuevoLogo_FEDA_2016.png","width":600,"height":600,"caption":"FEDA"},"image":{"@id":"https:\/\/feda.org\/feda2k16\/#\/schema\/logo\/image\/"},"sameAs":["https:\/\/www.facebook.com\/federacionespanoladeajedrez\/","https:\/\/x.com\/AjedrezEspanola","https:\/\/www.instagram.com\/federacionespanolaajedrez\/?hl=es","https:\/\/www.youtube.com\/@FederacionEspanoladeAjedrezFED\/featured"]},{"@type":"Person","@id":"https:\/\/feda.org\/feda2k16\/#\/schema\/person\/80aa48a4dc5c6ea03ca1dbf21ce423da","name":"feda2k16","url":"https:\/\/feda.org\/feda2k16\/author\/feda2k16\/"}]}},"_links":{"self":[{"href":"https:\/\/feda.org\/feda2k16\/wp-json\/wp\/v2\/posts\/1599","targetHints":{"allow":["GET"]}}],"collection":[{"href":"https:\/\/feda.org\/feda2k16\/wp-json\/wp\/v2\/posts"}],"about":[{"href":"https:\/\/feda.org\/feda2k16\/wp-json\/wp\/v2\/types\/post"}],"author":[{"embeddable":true,"href":"https:\/\/feda.org\/feda2k16\/wp-json\/wp\/v2\/users\/1"}],"replies":[{"embeddable":true,"href":"https:\/\/feda.org\/feda2k16\/wp-json\/wp\/v2\/comments?post=1599"}],"version-history":[{"count":1,"href":"https:\/\/feda.org\/feda2k16\/wp-json\/wp\/v2\/posts\/1599\/revisions"}],"predecessor-version":[{"id":2813,"href":"https:\/\/feda.org\/feda2k16\/wp-json\/wp\/v2\/posts\/1599\/revisions\/2813"}],"wp:featuredmedia":[{"embeddable":true,"href":"https:\/\/feda.org\/feda2k16\/wp-json\/wp\/v2\/media\/1598"}],"wp:attachment":[{"href":"https:\/\/feda.org\/feda2k16\/wp-json\/wp\/v2\/media?parent=1599"}],"wp:term":[{"taxonomy":"category","embeddable":true,"href":"https:\/\/feda.org\/feda2k16\/wp-json\/wp\/v2\/categories?post=1599"},{"taxonomy":"post_tag","embeddable":true,"href":"https:\/\/feda.org\/feda2k16\/wp-json\/wp\/v2\/tags?post=1599"}],"curies":[{"name":"wp","href":"https:\/\/api.w.org\/{rel}","templated":true}]}}