{"id":16141,"date":"2020-02-12T11:35:50","date_gmt":"2020-02-12T11:35:50","guid":{"rendered":"https:\/\/feda.org\/feda2k16\/?p=16141"},"modified":"2020-02-12T11:44:27","modified_gmt":"2020-02-12T11:44:27","slug":"prague-international-chess-festival-2","status":"publish","type":"post","link":"https:\/\/feda.org\/feda2k16\/prague-international-chess-festival-2\/","title":{"rendered":"Prague International Chess Festival"},"content":{"rendered":"\n<div class=\"wp-block-image\"><figure class=\"aligncenter size-large is-resized\"><img fetchpriority=\"high\" decoding=\"async\" src=\"https:\/\/feda.org\/feda2k16\/wp-content\/uploads\/logo_picf_black.jpg\" alt=\"\" class=\"wp-image-16143\" width=\"300\" height=\"300\"\/><\/figure><\/div>\n\n\n\n<p style=\"text-align: justify;\">Entre los d\u00edas 12 y 22 de febrero se disputar\u00e1 en Praga, Rep\u00fablica Checa, la II edici\u00f3n del Prague International Chess Festival. David Ant\u00f3n participa en el grupo Masters, torneo con un elo medio de 2707 puntos.<\/p>\n\n\n\n<p style=\"text-align: justify;\">Las partidas se pueden seguir con comentarios en directo, a partir de las 15:00 horas, en <a href=\"https:\/\/chess24.com\/es\/watch\/live-tournaments\/prague-chess-festival-masters-2020\/1\/1\/3\">Chess24<\/a>.<\/p>\n\n\n\n<p><a href=\"https:\/\/praguechessfestival.com\/\">P\u00e1gina Oficial del Torneo<\/a><\/p>\n<p><a href=\"https:\/\/chess24.com\/es\/watch\/live-tournaments\/prague-chess-festival-masters-2020\/1\/1\/1\">Partidas en Chess24<\/a><\/p>\n<p><a href=\"https:\/\/praguechessfestival.com\/masters-standings-pairings\">Clasificaci\u00f3n<\/a><\/p>\n<p><a href=\"https:\/\/praguechessfestival.com\/media\">Galer\u00eda de Fotos<\/a><\/p>\n","protected":false},"excerpt":{"rendered":"<p>Entre los d\u00edas 12 y 22 de febrero se disputar\u00e1 en Praga, Rep\u00fablica Checa, la II edici\u00f3n del Prague International Chess Festival. David Ant\u00f3n participa en el grupo Masters, torneo con un elo medio de 2707 puntos. Las partidas se pueden seguir con comentarios en directo, a partir de las 15:00 horas, en Chess24. P\u00e1gina [&hellip;]<\/p>\n","protected":false},"author":2,"featured_media":0,"comment_status":"closed","ping_status":"closed","sticky":false,"template":"","format":"standard","meta":{"footnotes":""},"categories":[16],"tags":[],"class_list":["post-16141","post","type-post","status-publish","format-standard","hentry","category-noticias"],"yoast_head":"<!-- This site is optimized with the Yoast SEO plugin v27.5 - https:\/\/yoast.com\/product\/yoast-seo-wordpress\/ -->\n<title>Prague International Chess Festival - FEDA<\/title>\n<meta name=\"description\" content=\"FEDA, Federaci\u00f3n Espa\u00f1ola de Ajedrez, ajedrez madrid, federarse ajedrez, campeonato de Espa\u00f1a de ajedrez, ajedrez\" \/>\n<meta name=\"robots\" content=\"index, follow, max-snippet:-1, max-image-preview:large, max-video-preview:-1\" \/>\n<link rel=\"canonical\" href=\"https:\/\/feda.org\/feda2k16\/prague-international-chess-festival-2\/\" \/>\n<meta property=\"og:locale\" content=\"es_ES\" \/>\n<meta property=\"og:type\" content=\"article\" \/>\n<meta property=\"og:title\" content=\"Prague International Chess Festival - FEDA\" \/>\n<meta property=\"og:description\" content=\"FEDA, Federaci\u00f3n Espa\u00f1ola de Ajedrez, ajedrez madrid, federarse ajedrez, campeonato de Espa\u00f1a de ajedrez, ajedrez\" \/>\n<meta property=\"og:url\" content=\"https:\/\/feda.org\/feda2k16\/prague-international-chess-festival-2\/\" \/>\n<meta property=\"og:site_name\" content=\"FEDA\" \/>\n<meta property=\"article:publisher\" content=\"https:\/\/www.facebook.com\/federacionespanoladeajedrez\/\" \/>\n<meta property=\"article:published_time\" content=\"2020-02-12T11:35:50+00:00\" \/>\n<meta property=\"article:modified_time\" content=\"2020-02-12T11:44:27+00:00\" \/>\n<meta property=\"og:image\" content=\"https:\/\/feda.org\/feda2k16\/wp-content\/uploads\/logo_picf_black.jpg\" \/>\n<meta name=\"author\" content=\"Nacho\" \/>\n<meta name=\"twitter:card\" content=\"summary_large_image\" \/>\n<meta name=\"twitter:creator\" content=\"@AjedrezEspanola\" \/>\n<meta name=\"twitter:site\" content=\"@AjedrezEspanola\" \/>\n<meta name=\"twitter:label1\" content=\"Escrito por\" \/>\n\t<meta name=\"twitter:data1\" content=\"Nacho\" \/>\n<script type=\"application\/ld+json\" class=\"yoast-schema-graph\">{\"@context\":\"https:\\\/\\\/schema.org\",\"@graph\":[{\"@type\":\"Article\",\"@id\":\"https:\\\/\\\/feda.org\\\/feda2k16\\\/prague-international-chess-festival-2\\\/#article\",\"isPartOf\":{\"@id\":\"https:\\\/\\\/feda.org\\\/feda2k16\\\/prague-international-chess-festival-2\\\/\"},\"author\":{\"name\":\"Nacho\",\"@id\":\"https:\\\/\\\/feda.org\\\/feda2k16\\\/#\\\/schema\\\/person\\\/6f81e48d83f6f1503890fdb658f2ff4e\"},\"headline\":\"Prague International Chess Festival\",\"datePublished\":\"2020-02-12T11:35:50+00:00\",\"dateModified\":\"2020-02-12T11:44:27+00:00\",\"mainEntityOfPage\":{\"@id\":\"https:\\\/\\\/feda.org\\\/feda2k16\\\/prague-international-chess-festival-2\\\/\"},\"wordCount\":72,\"publisher\":{\"@id\":\"https:\\\/\\\/feda.org\\\/feda2k16\\\/#organization\"},\"image\":{\"@id\":\"https:\\\/\\\/feda.org\\\/feda2k16\\\/prague-international-chess-festival-2\\\/#primaryimage\"},\"thumbnailUrl\":\"https:\\\/\\\/feda.org\\\/feda2k16\\\/wp-content\\\/uploads\\\/logo_picf_black.jpg\",\"articleSection\":[\"Noticias\"],\"inLanguage\":\"es\"},{\"@type\":\"WebPage\",\"@id\":\"https:\\\/\\\/feda.org\\\/feda2k16\\\/prague-international-chess-festival-2\\\/\",\"url\":\"https:\\\/\\\/feda.org\\\/feda2k16\\\/prague-international-chess-festival-2\\\/\",\"name\":\"Prague International Chess Festival - FEDA\",\"isPartOf\":{\"@id\":\"https:\\\/\\\/feda.org\\\/feda2k16\\\/#website\"},\"primaryImageOfPage\":{\"@id\":\"https:\\\/\\\/feda.org\\\/feda2k16\\\/prague-international-chess-festival-2\\\/#primaryimage\"},\"image\":{\"@id\":\"https:\\\/\\\/feda.org\\\/feda2k16\\\/prague-international-chess-festival-2\\\/#primaryimage\"},\"thumbnailUrl\":\"https:\\\/\\\/feda.org\\\/feda2k16\\\/wp-content\\\/uploads\\\/logo_picf_black.jpg\",\"datePublished\":\"2020-02-12T11:35:50+00:00\",\"dateModified\":\"2020-02-12T11:44:27+00:00\",\"description\":\"FEDA, Federaci\u00f3n Espa\u00f1ola de Ajedrez, ajedrez madrid, federarse ajedrez, campeonato de Espa\u00f1a de ajedrez, ajedrez\",\"breadcrumb\":{\"@id\":\"https:\\\/\\\/feda.org\\\/feda2k16\\\/prague-international-chess-festival-2\\\/#breadcrumb\"},\"inLanguage\":\"es\",\"potentialAction\":[{\"@type\":\"ReadAction\",\"target\":[\"https:\\\/\\\/feda.org\\\/feda2k16\\\/prague-international-chess-festival-2\\\/\"]}]},{\"@type\":\"ImageObject\",\"inLanguage\":\"es\",\"@id\":\"https:\\\/\\\/feda.org\\\/feda2k16\\\/prague-international-chess-festival-2\\\/#primaryimage\",\"url\":\"https:\\\/\\\/feda.org\\\/feda2k16\\\/wp-content\\\/uploads\\\/logo_picf_black.jpg\",\"contentUrl\":\"https:\\\/\\\/feda.org\\\/feda2k16\\\/wp-content\\\/uploads\\\/logo_picf_black.jpg\",\"width\":600,\"height\":600},{\"@type\":\"BreadcrumbList\",\"@id\":\"https:\\\/\\\/feda.org\\\/feda2k16\\\/prague-international-chess-festival-2\\\/#breadcrumb\",\"itemListElement\":[{\"@type\":\"ListItem\",\"position\":1,\"name\":\"Portada\",\"item\":\"https:\\\/\\\/feda.org\\\/feda2k16\\\/\"},{\"@type\":\"ListItem\",\"position\":2,\"name\":\"Prague International Chess Festival\"}]},{\"@type\":\"WebSite\",\"@id\":\"https:\\\/\\\/feda.org\\\/feda2k16\\\/#website\",\"url\":\"https:\\\/\\\/feda.org\\\/feda2k16\\\/\",\"name\":\"FEDA\",\"description\":\"Federaci\u00f3n Espa\u00f1ola de Ajedrez\",\"publisher\":{\"@id\":\"https:\\\/\\\/feda.org\\\/feda2k16\\\/#organization\"},\"alternateName\":\"Federaci\u00f3n Espa\u00f1ola de Ajedrez\",\"potentialAction\":[{\"@type\":\"SearchAction\",\"target\":{\"@type\":\"EntryPoint\",\"urlTemplate\":\"https:\\\/\\\/feda.org\\\/feda2k16\\\/?s={search_term_string}\"},\"query-input\":{\"@type\":\"PropertyValueSpecification\",\"valueRequired\":true,\"valueName\":\"search_term_string\"}}],\"inLanguage\":\"es\"},{\"@type\":\"Organization\",\"@id\":\"https:\\\/\\\/feda.org\\\/feda2k16\\\/#organization\",\"name\":\"FEDA\",\"alternateName\":\"Federaci\u00f3n Espa\u00f1ola de Ajedrez\",\"url\":\"https:\\\/\\\/feda.org\\\/feda2k16\\\/\",\"logo\":{\"@type\":\"ImageObject\",\"inLanguage\":\"es\",\"@id\":\"https:\\\/\\\/feda.org\\\/feda2k16\\\/#\\\/schema\\\/logo\\\/image\\\/\",\"url\":\"https:\\\/\\\/feda.org\\\/feda2k16\\\/wp-content\\\/uploads\\\/NuevoLogo_FEDA_2016.png\",\"contentUrl\":\"https:\\\/\\\/feda.org\\\/feda2k16\\\/wp-content\\\/uploads\\\/NuevoLogo_FEDA_2016.png\",\"width\":600,\"height\":600,\"caption\":\"FEDA\"},\"image\":{\"@id\":\"https:\\\/\\\/feda.org\\\/feda2k16\\\/#\\\/schema\\\/logo\\\/image\\\/\"},\"sameAs\":[\"https:\\\/\\\/www.facebook.com\\\/federacionespanoladeajedrez\\\/\",\"https:\\\/\\\/x.com\\\/AjedrezEspanola\",\"https:\\\/\\\/www.instagram.com\\\/federacionespanolaajedrez\\\/?hl=es\",\"https:\\\/\\\/www.youtube.com\\\/@FederacionEspanoladeAjedrezFED\\\/featured\"]},{\"@type\":\"Person\",\"@id\":\"https:\\\/\\\/feda.org\\\/feda2k16\\\/#\\\/schema\\\/person\\\/6f81e48d83f6f1503890fdb658f2ff4e\",\"name\":\"Nacho\",\"url\":\"https:\\\/\\\/feda.org\\\/feda2k16\\\/author\\\/nacho\\\/\"}]}<\/script>\n<!-- \/ Yoast SEO plugin. -->","yoast_head_json":{"title":"Prague International Chess Festival - FEDA","description":"FEDA, Federaci\u00f3n Espa\u00f1ola de Ajedrez, ajedrez madrid, federarse ajedrez, campeonato de Espa\u00f1a de ajedrez, ajedrez","robots":{"index":"index","follow":"follow","max-snippet":"max-snippet:-1","max-image-preview":"max-image-preview:large","max-video-preview":"max-video-preview:-1"},"canonical":"https:\/\/feda.org\/feda2k16\/prague-international-chess-festival-2\/","og_locale":"es_ES","og_type":"article","og_title":"Prague International Chess Festival - FEDA","og_description":"FEDA, Federaci\u00f3n Espa\u00f1ola de Ajedrez, ajedrez madrid, federarse ajedrez, campeonato de Espa\u00f1a de ajedrez, ajedrez","og_url":"https:\/\/feda.org\/feda2k16\/prague-international-chess-festival-2\/","og_site_name":"FEDA","article_publisher":"https:\/\/www.facebook.com\/federacionespanoladeajedrez\/","article_published_time":"2020-02-12T11:35:50+00:00","article_modified_time":"2020-02-12T11:44:27+00:00","og_image":[{"url":"https:\/\/feda.org\/feda2k16\/wp-content\/uploads\/logo_picf_black.jpg","type":"","width":"","height":""}],"author":"Nacho","twitter_card":"summary_large_image","twitter_creator":"@AjedrezEspanola","twitter_site":"@AjedrezEspanola","twitter_misc":{"Escrito por":"Nacho"},"schema":{"@context":"https:\/\/schema.org","@graph":[{"@type":"Article","@id":"https:\/\/feda.org\/feda2k16\/prague-international-chess-festival-2\/#article","isPartOf":{"@id":"https:\/\/feda.org\/feda2k16\/prague-international-chess-festival-2\/"},"author":{"name":"Nacho","@id":"https:\/\/feda.org\/feda2k16\/#\/schema\/person\/6f81e48d83f6f1503890fdb658f2ff4e"},"headline":"Prague International Chess Festival","datePublished":"2020-02-12T11:35:50+00:00","dateModified":"2020-02-12T11:44:27+00:00","mainEntityOfPage":{"@id":"https:\/\/feda.org\/feda2k16\/prague-international-chess-festival-2\/"},"wordCount":72,"publisher":{"@id":"https:\/\/feda.org\/feda2k16\/#organization"},"image":{"@id":"https:\/\/feda.org\/feda2k16\/prague-international-chess-festival-2\/#primaryimage"},"thumbnailUrl":"https:\/\/feda.org\/feda2k16\/wp-content\/uploads\/logo_picf_black.jpg","articleSection":["Noticias"],"inLanguage":"es"},{"@type":"WebPage","@id":"https:\/\/feda.org\/feda2k16\/prague-international-chess-festival-2\/","url":"https:\/\/feda.org\/feda2k16\/prague-international-chess-festival-2\/","name":"Prague International Chess Festival - FEDA","isPartOf":{"@id":"https:\/\/feda.org\/feda2k16\/#website"},"primaryImageOfPage":{"@id":"https:\/\/feda.org\/feda2k16\/prague-international-chess-festival-2\/#primaryimage"},"image":{"@id":"https:\/\/feda.org\/feda2k16\/prague-international-chess-festival-2\/#primaryimage"},"thumbnailUrl":"https:\/\/feda.org\/feda2k16\/wp-content\/uploads\/logo_picf_black.jpg","datePublished":"2020-02-12T11:35:50+00:00","dateModified":"2020-02-12T11:44:27+00:00","description":"FEDA, Federaci\u00f3n Espa\u00f1ola de Ajedrez, ajedrez madrid, federarse ajedrez, campeonato de Espa\u00f1a de ajedrez, ajedrez","breadcrumb":{"@id":"https:\/\/feda.org\/feda2k16\/prague-international-chess-festival-2\/#breadcrumb"},"inLanguage":"es","potentialAction":[{"@type":"ReadAction","target":["https:\/\/feda.org\/feda2k16\/prague-international-chess-festival-2\/"]}]},{"@type":"ImageObject","inLanguage":"es","@id":"https:\/\/feda.org\/feda2k16\/prague-international-chess-festival-2\/#primaryimage","url":"https:\/\/feda.org\/feda2k16\/wp-content\/uploads\/logo_picf_black.jpg","contentUrl":"https:\/\/feda.org\/feda2k16\/wp-content\/uploads\/logo_picf_black.jpg","width":600,"height":600},{"@type":"BreadcrumbList","@id":"https:\/\/feda.org\/feda2k16\/prague-international-chess-festival-2\/#breadcrumb","itemListElement":[{"@type":"ListItem","position":1,"name":"Portada","item":"https:\/\/feda.org\/feda2k16\/"},{"@type":"ListItem","position":2,"name":"Prague International Chess Festival"}]},{"@type":"WebSite","@id":"https:\/\/feda.org\/feda2k16\/#website","url":"https:\/\/feda.org\/feda2k16\/","name":"FEDA","description":"Federaci\u00f3n Espa\u00f1ola de Ajedrez","publisher":{"@id":"https:\/\/feda.org\/feda2k16\/#organization"},"alternateName":"Federaci\u00f3n Espa\u00f1ola de Ajedrez","potentialAction":[{"@type":"SearchAction","target":{"@type":"EntryPoint","urlTemplate":"https:\/\/feda.org\/feda2k16\/?s={search_term_string}"},"query-input":{"@type":"PropertyValueSpecification","valueRequired":true,"valueName":"search_term_string"}}],"inLanguage":"es"},{"@type":"Organization","@id":"https:\/\/feda.org\/feda2k16\/#organization","name":"FEDA","alternateName":"Federaci\u00f3n Espa\u00f1ola de Ajedrez","url":"https:\/\/feda.org\/feda2k16\/","logo":{"@type":"ImageObject","inLanguage":"es","@id":"https:\/\/feda.org\/feda2k16\/#\/schema\/logo\/image\/","url":"https:\/\/feda.org\/feda2k16\/wp-content\/uploads\/NuevoLogo_FEDA_2016.png","contentUrl":"https:\/\/feda.org\/feda2k16\/wp-content\/uploads\/NuevoLogo_FEDA_2016.png","width":600,"height":600,"caption":"FEDA"},"image":{"@id":"https:\/\/feda.org\/feda2k16\/#\/schema\/logo\/image\/"},"sameAs":["https:\/\/www.facebook.com\/federacionespanoladeajedrez\/","https:\/\/x.com\/AjedrezEspanola","https:\/\/www.instagram.com\/federacionespanolaajedrez\/?hl=es","https:\/\/www.youtube.com\/@FederacionEspanoladeAjedrezFED\/featured"]},{"@type":"Person","@id":"https:\/\/feda.org\/feda2k16\/#\/schema\/person\/6f81e48d83f6f1503890fdb658f2ff4e","name":"Nacho","url":"https:\/\/feda.org\/feda2k16\/author\/nacho\/"}]}},"_links":{"self":[{"href":"https:\/\/feda.org\/feda2k16\/wp-json\/wp\/v2\/posts\/16141","targetHints":{"allow":["GET"]}}],"collection":[{"href":"https:\/\/feda.org\/feda2k16\/wp-json\/wp\/v2\/posts"}],"about":[{"href":"https:\/\/feda.org\/feda2k16\/wp-json\/wp\/v2\/types\/post"}],"author":[{"embeddable":true,"href":"https:\/\/feda.org\/feda2k16\/wp-json\/wp\/v2\/users\/2"}],"replies":[{"embeddable":true,"href":"https:\/\/feda.org\/feda2k16\/wp-json\/wp\/v2\/comments?post=16141"}],"version-history":[{"count":2,"href":"https:\/\/feda.org\/feda2k16\/wp-json\/wp\/v2\/posts\/16141\/revisions"}],"predecessor-version":[{"id":16146,"href":"https:\/\/feda.org\/feda2k16\/wp-json\/wp\/v2\/posts\/16141\/revisions\/16146"}],"wp:attachment":[{"href":"https:\/\/feda.org\/feda2k16\/wp-json\/wp\/v2\/media?parent=16141"}],"wp:term":[{"taxonomy":"category","embeddable":true,"href":"https:\/\/feda.org\/feda2k16\/wp-json\/wp\/v2\/categories?post=16141"},{"taxonomy":"post_tag","embeddable":true,"href":"https:\/\/feda.org\/feda2k16\/wp-json\/wp\/v2\/tags?post=16141"}],"curies":[{"name":"wp","href":"https:\/\/api.w.org\/{rel}","templated":true}]}}