{"id":162,"date":"2013-03-03T11:01:58","date_gmt":"2013-03-03T11:01:58","guid":{"rendered":"http:\/\/localhost:8888\/feda2k16\/?p=162"},"modified":"2016-08-06T08:33:37","modified_gmt":"2016-08-06T08:33:37","slug":"circular-13-2012-convocatoria-ceclub-division-de-honor-2012","status":"publish","type":"post","link":"https:\/\/feda.org\/feda2k16\/circular-13-2012-convocatoria-ceclub-division-de-honor-2012\/","title":{"rendered":"Circular 13\/2012 &#8211; Convocatoria CECLUB Divisi\u00f3n de Honor 2012"},"content":{"rendered":"<table valign=\"top\" border=\"0\">\n<tbody>\n<tr>\n<td colspan=\"2\">\n<div align=\"right\"><a href=\"..\/pdf\/13_2012.pdf\" target=\"_blank\"> <img decoding=\"async\" src=\"..\/imagenes\/pdf.jpg\" border=\"0\" \/> descargar pdf<\/a><\/div>\n<\/td>\n<\/tr>\n<tr>\n<td colspan=\"2\" bgcolor=\"#CCCCCC\" height=\"5\"><\/td>\n<\/tr>\n<tr>\n<td colspan=\"2\">\n<p align=\"center\">&nbsp;<span color=\"#000000\"><span face=\"Calibri, serif\"><span size=\"4\">A TODAS LAS FEDERACIONES AUTONOMICAS <\/span><\/span><\/span><\/p>\n<p align=\"center\"><span color=\"#000000\"><span face=\"Calibri, serif\"><span size=\"4\">Y CLUBS DE DIVISION DE HONOR<\/span><\/span><\/span><\/p>\n<p align=\"center\"><span color=\"#000000\"><span face=\"Calibri, serif\"><span size=\"4\">Ref.: Convocatoria del Campeonato de Espa\u00f1a por Equipos de Club 2012.<\/span><\/span><\/span><span color=\"#000000\"><span face=\"Calibri, serif\"><span size=\"4\"><br \/><\/span><\/span><\/span><span color=\"#000000\"><span face=\"Calibri, serif\"><span size=\"4\">DIVISION DE HONOR<br \/><\/span><\/span><\/span><\/p>\n<p align=\"justify\"><span color=\"#000000\"><span face=\"Calibri, serif\"><br \/><\/span><\/span><span color=\"#000000\"><span face=\"Calibri, serif\"><span lang=\"es-ES\">ORGANIZACI\u00d3N<\/span><\/span><\/span><\/p>\n<p align=\"justify\" lang=\"es-ES\">&nbsp;<\/p>\n<p align=\"justify\"><span face=\"Calibri, serif\">La organizaci\u00f3n correr\u00e1 a cargo del Organizador Internacional D. Marcelino Si\u00f3n Castro, con la colaboraci\u00f3n de la Federaci\u00f3n Espa\u00f1ola<\/span><span face=\"Calibri, serif\">.<\/span><\/p>\n<p align=\"justify\">&nbsp;<\/p>\n<p align=\"justify\"><span face=\"Calibri, serif\">PATROCINA<\/span><\/p>\n<p align=\"justify\">&nbsp;<\/p>\n<p align=\"justify\"><span face=\"Calibri, serif\">HOTEL CONDE LUNA de Le\u00f3n <\/span><a href=\"http:\/\/www.hotelcondeluna.es\/\"><span face=\"Calibri, serif\"><\/span><\/a><span face=\"Calibri, serif\"><a href=\"http:\/\/www.hotelcondeluna.es\/\">http:\/\/www.hotelcondeluna.es\/<\/a><\/span><\/p>\n<p align=\"justify\">&nbsp;<\/p>\n<p align=\"justify\"><span color=\"#000000\">&nbsp;<\/span><span color=\"#000000\"><span face=\"Calibri, serif\"><span size=\"2\">SISTEMA Y CALENDARIO DE JUEGO:<\/span><\/span><\/span><\/p>\n<p align=\"justify\"><span face=\"Calibri, serif\"><span size=\"2\">Se jugar\u00e1 por el sistema establecido en el Reglamento General de Competiciones de la FEDA, que se resume a continuaci\u00f3n:<\/span><\/span><\/p>\n<p align=\"justify\"><span face=\"Calibri, serif\"><span size=\"2\">Sistema Round Robin.<\/span><\/span><\/p>\n<p align=\"justify\"><span face=\"Calibri, serif\"><span size=\"2\">Descender\u00e1n a Primera Divisi\u00f3n los dos \u00faltimos clasificados.<\/span><\/span><\/p>\n<p align=\"justify\"><span color=\"#000000\"><span face=\"Calibri, serif\"><span size=\"2\">La puntuaci\u00f3n ser\u00e1 por encuentros (2 puntos ganado, 1 punto empatado y 0 perdido).<\/span><\/span><\/span><\/p>\n<p align=\"justify\"><span color=\"#000000\"><span face=\"Calibri, serif\"><span size=\"2\">La velocidad de juego ser\u00e1 de 90 minutos para las primeras 40 jugadas, m\u00e1s 30 minutos para el resto de la partida, con incremento de 30 segundos por jugada desde el movimiento 1.<\/span><\/span><\/span><\/p>\n<p align=\"justify\"><span face=\"Calibri, serif\"><span size=\"2\">El retraso m\u00e1ximo admitido para presentarse a una partida ser\u00e1 de 15 minutos.<\/span><\/span><\/p>\n<p align=\"justify\" lang=\"es-ES\">&nbsp;<\/p>\n<p align=\"justify\"><span face=\"Calibri, serif\"><span lang=\"es-ES\">La Divisi\u00f3n de Honor 2013 estar\u00e1 formada por 8 equipos:<\/span><\/span><\/p>\n<p align=\"justify\" lang=\"es-ES\">&nbsp;<\/p>\n<p align=\"justify\"><span face=\"Calibri, serif\"><span lang=\"es-ES\">Seis equipos que mantienen la Categor\u00eda en 2012. (Descienden a Primera Divisi\u00f3n 2013 los dos \u00faltimos clasificados)<\/span><\/span><\/p>\n<p align=\"justify\"><span face=\"Calibri, serif\"><span lang=\"es-ES\">Dos ascendidos de Primera Divisi\u00f3n 2012.<\/span><\/span><\/p>\n<p><span color=\"#000000\"><span face=\"Calibri, serif\"><span size=\"2\">Los equipos participantes en Divisi\u00f3n de Honor 2012 son los siguientes:<\/span><\/span><\/span><\/p>\n<p> <center> <\/p>\n<table border=\"2\" cellpadding=\"7\" cellspacing=\"0\">\n<colgroup>\n<col width=\"80\" \/>\n<col width=\"134\" \/><\/colgroup>\n<tbody>\n<tr>\n<td width=\"80\">\n<p align=\"center\"><span color=\"#000000\"><span face=\"Calibri, serif\"><span size=\"2\">F.A<\/span><\/span><\/span><\/p>\n<\/td>\n<td bgcolor=\"#ffffff\" width=\"134\">\n<p align=\"center\"><span color=\"#000000\"><span face=\"Calibri, serif\"><span size=\"2\">EQUIPO<\/span><\/span><\/span><\/p>\n<\/td>\n<\/tr>\n<tr>\n<td width=\"80\">\n<p align=\"center\"><span color=\"#000000\"><span face=\"Calibri, serif\"><span size=\"2\">VAS<\/span><\/span><\/span><\/p>\n<\/td>\n<td width=\"134\">\n<p align=\"justify\"><span color=\"#000000\"><span face=\"Calibri, serif\"><span size=\"2\">GROS XAKE TALDEA<\/span><\/span><\/span><\/p>\n<\/td>\n<\/tr>\n<tr>\n<td width=\"80\">\n<p align=\"center\"><span color=\"#000000\"><span face=\"Calibri, serif\"><span size=\"2\">VAS<\/span><\/span><\/span><\/p>\n<\/td>\n<td width=\"134\">\n<p align=\"justify\"><span color=\"#000000\"><span face=\"Calibri, serif\"><span size=\"2\">C. A. SESTAO NATURGAS<\/span><\/span><\/span><\/p>\n<\/td>\n<\/tr>\n<tr>\n<td width=\"80\">\n<p align=\"center\"><span color=\"#000000\"><span face=\"Calibri, serif\"><span size=\"2\">GAL<\/span><\/span><\/span><\/p>\n<\/td>\n<td width=\"134\">\n<p align=\"justify\"><span color=\"#000000\"><span face=\"Calibri, serif\"><span size=\"2\">C. A. COLEGIO MARCOTE<\/span><\/span><\/span><\/p>\n<\/td>\n<\/tr>\n<tr>\n<td width=\"80\">\n<p align=\"center\"><span color=\"#000000\"><span face=\"Calibri, serif\"><span size=\"2\">AND<\/span><\/span><\/span><\/p>\n<\/td>\n<td width=\"134\">\n<p align=\"justify\"><span color=\"#000000\"><span face=\"Calibri, serif\"><span size=\"2\">C. A. REVERTE ALBOX<\/span><\/span><\/span><\/p>\n<\/td>\n<\/tr>\n<tr>\n<td width=\"80\">\n<p align=\"center\"><span color=\"#000000\"><span face=\"Calibri, serif\"><span size=\"2\">EXT<\/span><\/span><\/span><\/p>\n<\/td>\n<td width=\"134\">\n<p align=\"justify\"><span color=\"#000000\"><span face=\"Calibri, serif\"><span size=\"2\">C. A. LINEX MAGIC<\/span><\/span><\/span><\/p>\n<\/td>\n<\/tr>\n<tr>\n<td width=\"80\">\n<p align=\"center\"><span color=\"#000000\"><span face=\"Calibri, serif\"><span size=\"2\">CNT<\/span><\/span><\/span><\/p>\n<\/td>\n<td width=\"134\">\n<p align=\"justify\"><span color=\"#000000\"><span face=\"Calibri, serif\"><span size=\"2\">C. A. SOLVAY<\/span><\/span><\/span><\/p>\n<\/td>\n<\/tr>\n<tr>\n<td width=\"80\">\n<p align=\"center\"><span color=\"#000000\"><span face=\"Calibri, serif\"><span size=\"2\">CAT<\/span><\/span><\/span><\/p>\n<\/td>\n<td width=\"134\">\n<p align=\"justify\"><span color=\"#000000\"><span face=\"Calibri, serif\"><span size=\"2\">C. E. FOMENT MARTINENC<\/span><\/span><\/span><\/p>\n<\/td>\n<\/tr>\n<tr>\n<td width=\"80\">\n<p align=\"center\"><span color=\"#000000\"><span face=\"Calibri, serif\"><span size=\"2\">CAT<\/span><\/span><\/span><\/p>\n<\/td>\n<td width=\"134\">\n<p align=\"justify\"><span color=\"#000000\"><span face=\"Calibri, serif\"><span size=\"2\">C. E. BARCELONA &#8211; U.G.A.<\/span><\/span><\/span><\/p>\n<\/td>\n<\/tr>\n<\/tbody>\n<\/table>\n<p> <\/center> <\/p>\n<p align=\"justify\"><span face=\"Calibri, serif\"><span lang=\"es-ES\">El Sorteo de n\u00fameros se celebrar\u00e1 en el acto de presentaci\u00f3n del Campeonato o, en su defecto, en la sede de la FEDA al menos quince d\u00edas antes de su inicio.<\/span><\/span><\/p>\n<p align=\"justify\" lang=\"es-ES\">&nbsp;<\/p>\n<p align=\"justify\"><span color=\"#000000\"><span face=\"Calibri, serif\"><span lang=\"es-ES\">El <\/span><\/span><\/span><span face=\"Calibri, serif\">Campeonato se jugar\u00e1 en los salones del <\/span><span face=\"Calibri, serif\">Hotel Conde Luna de Le\u00f3n.<\/span><\/p>\n<p align=\"justify\">&nbsp;<\/p>\n<p align=\"justify\"><span face=\"Calibri, serif\">CALENDARIO<\/span><\/p>\n<p><span color=\"#000000\"><span face=\"Calibri, serif\"><span size=\"2\">05 de noviembre Acreditaciones hasta las 14 h<\/span><\/span><\/span><\/p>\n<p><span color=\"#000000\"><span face=\"Calibri, serif\"><span size=\"2\">05 de noviembre 14:30 h Reuni\u00f3n de Delegados<\/span><\/span><\/span><\/p>\n<p><span face=\"Calibri, serif\">05 de noviembre 17:00 h Primera Ronda<\/span><\/p>\n<p><span face=\"Calibri, serif\">06 de noviembre 17:00 h Segunda Ronda<\/span><\/p>\n<p><span face=\"Calibri, serif\">07 de noviembre 10:00 h Tercera Ronda<\/span><\/p>\n<p><span face=\"Calibri, serif\">08 de noviembre 17:00 h Cuarta Ronda<\/span><\/p>\n<p><span face=\"Calibri, serif\">09 de noviembre 17:00 h Quinta Ronda<\/span><\/p>\n<p><span face=\"Calibri, serif\">10 de noviembre 17:00 h Sexta Ronda.<\/span><\/p>\n<p><span face=\"Calibri, serif\">11 de noviembre 09:30 h S\u00e9ptima Ronda.<\/span><\/p>\n<p><span face=\"Calibri, serif\">11 de noviembre 14:00 h Clausura y Entrega de Trofeos.<\/span><\/p>\n<p><span color=\"#000000\"><span face=\"Calibri, serif\"><span size=\"2\">PARTICIPACION<\/span><\/span><\/span><span color=\"#000000\"><span face=\"Calibri, serif\"><span size=\"2\">:<\/span><\/span><\/span><\/p>\n<p><span color=\"#000000\"><span face=\"Calibri, serif\"><span size=\"2\">Licencias de los jugadores:<\/span><\/span><\/span><\/p>\n<ol type=\"a\">\n<li>\n<p align=\"justify\"><span color=\"#000000\"><span face=\"Calibri, serif\">Los integrantes de los equipos deber\u00e1n estar en posesi\u00f3n de licencia FEDA en vigor, tramitada a trav\u00e9s de su Federaci\u00f3n Auton\u00f3mica hasta del d\u00eda 31 de marzo de 2012.<\/span><\/span><\/p>\n<\/li>\n<\/ol>\n<p align=\"justify\">&nbsp;<\/p>\n<ol start=\"2\" type=\"a\">\n<li>\n<p align=\"justify\"><span color=\"#000000\"><span face=\"Calibri, serif\">Se permitir\u00e1 la incorporaci\u00f3n de dos jugadores adicionales por equipo, con licencia tramitada hasta el d\u00eda <\/span><\/span><span color=\"#000000\"><span face=\"Calibri, serif\">05 de octubre de 2012<\/span><\/span><span color=\"#000000\"><span face=\"Calibri, serif\">, respetando la limitaci\u00f3n de 12 jugadores en total.<\/span><\/span><\/p>\n<\/li>\n<\/ol>\n<p>&nbsp;<\/p>\n<p align=\"justify\"><span face=\"Calibri, serif\"><span size=\"2\">FIANZAS Y CONFIRMACION DE PARTICIPACION. <\/span><\/span><span color=\"#000000\"><span face=\"Calibri, serif\"><span size=\"2\">INSCRIPCIONES Y PLAZOS.<\/span><\/span><\/span><\/p>\n<p align=\"justify\"><span color=\"#000000\"><span face=\"Calibri, serif\"><span size=\"2\">Los Equipos deber\u00e1n formalizar su inscripci\u00f3n mediante el dep\u00f3sito de una fianza de 600 euros, como garant\u00eda de su participaci\u00f3n, por todo el d\u00eda <\/span><\/span><\/span><span color=\"#000000\"><span face=\"Calibri, serif\"><span size=\"2\">30 de junio de 2012<\/span><\/span><\/span><span color=\"#000000\"><span face=\"Calibri, serif\"><span size=\"2\"> en la cuenta de la Federaci\u00f3n Espa\u00f1ola de Ajedrez. <\/span><\/span><\/span><span face=\"Calibri, serif\"><span size=\"2\">Ibercaja: <\/span><\/span><span color=\"#000000\"><span face=\"Calibri, serif\"><span size=\"2\">2085-8024-95-0300025965<\/span><\/span><\/span><\/p>\n<p align=\"justify\"><span color=\"#000000\"><span face=\"Calibri, serif\"><span size=\"2\">Los derechos de inscripci\u00f3n se fijan en 250 euros. <\/span><\/span><\/span><\/p>\n<p align=\"justify\"><span color=\"#000000\"><span face=\"Calibri, serif\"><span size=\"2\">El importe de la fianza, descontando la inscripci\u00f3n, es decir, 350 euros, ser\u00e1 devuelto una vez verificada la acreditaci\u00f3n del Equipo en el Campeonato, cumpliendo todos los requisitos, especialmente el de acreditar como m\u00ednimo a dos de sus cuatro mejores jugadores (Art. 69.5 RGC).<\/span><\/span><\/span><\/p>\n<p align=\"justify\"><span color=\"#000000\"><span face=\"Calibri, serif\"><span size=\"2\">El plazo de presentaci\u00f3n del Orden de Fuerzas ser\u00e1 hasta el d\u00eda <\/span><\/span><\/span><span color=\"#000000\"><span face=\"Calibri, serif\"><span size=\"2\">05 de octubre de 2012<\/span><\/span><\/span><span color=\"#000000\"><span face=\"Calibri, serif\"><span size=\"2\">.<\/span><\/span><\/span><\/p>\n<p align=\"justify\"><span color=\"#000000\"><span face=\"Calibri, serif\"><span size=\"2\">En este plazo, deber\u00e1 presentarse, a trav\u00e9s de su Federaci\u00f3n Auton\u00f3mica, la siguiente documentaci\u00f3n:<\/span><\/span><\/span><\/p>\n<p align=\"justify\"><span color=\"#000000\"><span face=\"Calibri, serif\"><span size=\"2\">&#8211; Nombre, direcci\u00f3n, n\u00famero de tel\u00e9fono y n\u00famero de fax del Club, Delegado y\/o Capit\u00e1n responsable del equipo y Federaci\u00f3n Auton\u00f3mica a la que pertenece.<\/span><\/span><\/span><\/p>\n<p align=\"justify\"><span color=\"#000000\"><span face=\"Calibri, serif\"><span size=\"2\">&#8211; Orden de Fuerza compuesto por un m\u00e1ximo de doce participantes por orden de ELO, indicando nombre, nacionalidad, fecha de nacimiento, t\u00edtulos, ELO FIDE y ELO FEDA. En la citada relaci\u00f3n no podr\u00e1n figurar personas que hayan jugado una partida con otro club espa\u00f1ol en la misma temporada. <\/span><\/span><\/span><\/p>\n<p align=\"justify\"><span color=\"#000000\"><span face=\"Calibri, serif\"><span size=\"2\">ORDEN DE FUERZA DEFINITIVO<\/span><\/span><\/span><\/p>\n<p align=\"justify\"><span color=\"#000000\"><span face=\"Calibri, serif\"><span size=\"2\">Se podr\u00e1 presentar un Orden de Fuerza definitivo, que podr\u00e1 contener un m\u00e1ximo de dos cambios con respecto al presentado al formalizar la inscripci\u00f3n.<\/span><\/span><\/span><\/p>\n<p align=\"justify\"><span color=\"#000000\"><span face=\"Calibri, serif\"><span size=\"2\">Para que sea v\u00e1lido, deber\u00e1 tener entrada en la FEDA hasta el d\u00eda <\/span><\/span><\/span><span color=\"#000000\"><span face=\"Calibri, serif\"><span size=\"2\">02 de noviembre de 2012 a las 18.00 h.<\/span><\/span><\/span><\/p>\n<p align=\"justify\"><span color=\"#000000\"><span face=\"Calibri, serif\"><span size=\"2\">AYUDAS A EQUIPOS PARTICIPANTES<\/span><\/span><\/span><\/p>\n<p align=\"justify\"><span face=\"Calibri, serif\"><span size=\"2\">Un m\u00e1ximo de 1.200,00 \u20ac por equipo, a justificar con gastos de desplazamiento, estancias y manutenci\u00f3n.<\/span><\/span><\/p>\n<p align=\"justify\"><span face=\"Calibri, serif\"><span size=\"2\">El derecho a percibir esta ayuda queda condicionado al alojamiento del equipo en el Hotel Oficial.<\/span><\/span><\/p>\n<p align=\"justify\"><span face=\"Calibri, serif\"><span size=\"2\"><br \/>El plazo de env\u00edo a la FEDA de los justificantes para tener derecho a las ayudas mencionadas ser\u00e1 hasta el d\u00eda 29 de noviembre de 2012.<\/span><\/span><\/p>\n<p><span color=\"#000000\"><span face=\"Calibri, serif\"><span size=\"2\">ALOJAMIENTO:<\/span><\/span><\/span><\/p>\n<p><span color=\"#000000\"><span face=\"Calibri, serif\"><span size=\"2\">La reserva deber\u00e1 realizarse directamente al Hotel<\/span><\/span><\/span><\/p>\n<p><span face=\"Calibri, serif\">HOTEL CONDE LUNA \u2013 LEON **** <\/span><\/p>\n<p>&nbsp;<\/p>\n<p><span face=\"Calibri, serif\"><a href=\"http:\/\/www.hotelcondeluna.es\/\">www.hotelcondeluna.es<\/a> <\/span><\/p>\n<p>&nbsp;<\/p>\n<p><span face=\"Calibri, serif\">Av. Independencia, 7, LEON<\/span><\/p>\n<p><span face=\"Calibri, serif\">Tel. 987206600<\/span><\/p>\n<p><span face=\"Calibri, serif\">E-mail <a href=\"mailto:reservas@hotelcondeluna.es\"><\/a><a href=\"mailto:reservas@hotelcondeluna.es\">reservas@hotelcondeluna.es<\/a><\/span><\/p>\n<p>&nbsp;<\/p>\n<p align=\"justify\"><span face=\"Calibri, serif\"><span size=\"3\">Pensi\u00f3n completa en habitaci\u00f3n doble para uso individual 91,00 EU<\/span><\/span><\/p>\n<p align=\"justify\"><span face=\"Calibri, serif\"><span size=\"3\">Pensi\u00f3n completa por persona en habitaci\u00f3n doble 70,00 EU<\/span><\/span><\/p>\n<p align=\"justify\"><span face=\"Calibri, serif\"><span size=\"3\">Media pensi\u00f3n en habitaci\u00f3n doble para uso individual 78,00 EU<\/span><\/span><\/p>\n<p align=\"justify\"><span face=\"Calibri, serif\"><span size=\"3\">Media pensi\u00f3n por persona en habitaci\u00f3n doble 57,00 EU<\/span><\/span><\/p>\n<p align=\"justify\"><span face=\"Calibri, serif\"><span size=\"3\">Habitaci\u00f3n y desayuno habitaci\u00f3n doble para uso individual 64,00 EU<\/span><\/span><\/p>\n<p align=\"justify\"><span face=\"Calibri, serif\"><span size=\"3\">Habitaci\u00f3n y desayuno por persona en habitaci\u00f3n doble 43,00 EU<\/span><\/span><\/p>\n<p align=\"justify\"><span face=\"Calibri, serif\"><span size=\"3\">PRECIOS POR PERSONA Y DIA.<\/span><\/span><\/p>\n<p align=\"justify\"><span face=\"Calibri, serif\"><span size=\"3\">TODAS LAS TARIFAS INCLUYEN EL IVA.<\/span><\/span><\/p>\n<p align=\"justify\"><span face=\"Calibri, serif\"><span size=\"3\">TODAS LAS COMIDAS SE SERVIR\u00c1N EN LA MODALIDAD DE BUFFET<\/span><\/span><\/p>\n<p>&nbsp;<\/p>\n<p>&nbsp;<\/p>\n<p><span color=\"#000000\"><span face=\"Calibri, serif\">En Madrid, a 11 de junio de 2012.<\/span><\/span><\/p>\n<p>&nbsp;<\/p>\n<p><span color=\"#000000\"><span face=\"Calibri, serif\"><span size=\"2\">Ram\u00f3n Padull\u00e9s Argerich<br \/>Secretario General <\/span><\/span><\/span><\/p>\n<\/td>\n<\/tr>\n<\/tbody>\n<\/table>\n","protected":false},"excerpt":{"rendered":"<p>descargar pdf &nbsp;A TODAS LAS FEDERACIONES AUTONOMICAS Y CLUBS DE DIVISION DE HONOR Ref.: Convocatoria del Campeonato de Espa\u00f1a por Equipos de Club 2012.DIVISION DE HONOR ORGANIZACI\u00d3N &nbsp; La organizaci\u00f3n correr\u00e1 a cargo del Organizador Internacional D. Marcelino Si\u00f3n Castro, con la colaboraci\u00f3n de la Federaci\u00f3n Espa\u00f1ola. &nbsp; PATROCINA &nbsp; HOTEL CONDE LUNA de Le\u00f3n [&hellip;]<\/p>\n","protected":false},"author":1,"featured_media":0,"comment_status":"closed","ping_status":"closed","sticky":false,"template":"","format":"standard","meta":{"footnotes":""},"categories":[20],"tags":[],"class_list":["post-162","post","type-post","status-publish","format-standard","hentry","category-20"],"yoast_head":"<!-- This site is optimized with the Yoast SEO plugin v27.5 - https:\/\/yoast.com\/product\/yoast-seo-wordpress\/ -->\n<title>Circular 13\/2012 - Convocatoria CECLUB Divisi\u00f3n de Honor 2012 - FEDA<\/title>\n<meta name=\"description\" content=\"FEDA, Federaci\u00f3n Espa\u00f1ola de Ajedrez, ajedrez madrid, federarse ajedrez, campeonato de Espa\u00f1a de ajedrez, ajedrez\" \/>\n<meta name=\"robots\" content=\"index, follow, max-snippet:-1, max-image-preview:large, max-video-preview:-1\" \/>\n<link rel=\"canonical\" href=\"https:\/\/feda.org\/feda2k16\/circular-13-2012-convocatoria-ceclub-division-de-honor-2012\/\" \/>\n<meta property=\"og:locale\" content=\"es_ES\" \/>\n<meta property=\"og:type\" content=\"article\" \/>\n<meta property=\"og:title\" content=\"Circular 13\/2012 - Convocatoria CECLUB Divisi\u00f3n de Honor 2012 - FEDA\" \/>\n<meta property=\"og:description\" content=\"FEDA, Federaci\u00f3n Espa\u00f1ola de Ajedrez, ajedrez madrid, federarse ajedrez, campeonato de Espa\u00f1a de ajedrez, ajedrez\" \/>\n<meta property=\"og:url\" content=\"https:\/\/feda.org\/feda2k16\/circular-13-2012-convocatoria-ceclub-division-de-honor-2012\/\" \/>\n<meta property=\"og:site_name\" content=\"FEDA\" \/>\n<meta property=\"article:publisher\" content=\"https:\/\/www.facebook.com\/federacionespanoladeajedrez\/\" \/>\n<meta property=\"article:published_time\" content=\"2013-03-03T11:01:58+00:00\" \/>\n<meta property=\"article:modified_time\" content=\"2016-08-06T08:33:37+00:00\" \/>\n<meta name=\"author\" content=\"feda2k16\" \/>\n<meta name=\"twitter:card\" content=\"summary_large_image\" \/>\n<meta name=\"twitter:creator\" content=\"@AjedrezEspanola\" \/>\n<meta name=\"twitter:site\" content=\"@AjedrezEspanola\" \/>\n<meta name=\"twitter:label1\" content=\"Escrito por\" \/>\n\t<meta name=\"twitter:data1\" content=\"feda2k16\" \/>\n\t<meta name=\"twitter:label2\" content=\"Tiempo de lectura\" \/>\n\t<meta name=\"twitter:data2\" content=\"4 minutos\" \/>\n<script type=\"application\/ld+json\" class=\"yoast-schema-graph\">{\"@context\":\"https:\\\/\\\/schema.org\",\"@graph\":[{\"@type\":\"Article\",\"@id\":\"https:\\\/\\\/feda.org\\\/feda2k16\\\/circular-13-2012-convocatoria-ceclub-division-de-honor-2012\\\/#article\",\"isPartOf\":{\"@id\":\"https:\\\/\\\/feda.org\\\/feda2k16\\\/circular-13-2012-convocatoria-ceclub-division-de-honor-2012\\\/\"},\"author\":{\"name\":\"feda2k16\",\"@id\":\"https:\\\/\\\/feda.org\\\/feda2k16\\\/#\\\/schema\\\/person\\\/80aa48a4dc5c6ea03ca1dbf21ce423da\"},\"headline\":\"Circular 13\\\/2012 &#8211; Convocatoria CECLUB Divisi\u00f3n de Honor 2012\",\"datePublished\":\"2013-03-03T11:01:58+00:00\",\"dateModified\":\"2016-08-06T08:33:37+00:00\",\"mainEntityOfPage\":{\"@id\":\"https:\\\/\\\/feda.org\\\/feda2k16\\\/circular-13-2012-convocatoria-ceclub-division-de-honor-2012\\\/\"},\"wordCount\":907,\"publisher\":{\"@id\":\"https:\\\/\\\/feda.org\\\/feda2k16\\\/#organization\"},\"articleSection\":[\"2012\"],\"inLanguage\":\"es\"},{\"@type\":\"WebPage\",\"@id\":\"https:\\\/\\\/feda.org\\\/feda2k16\\\/circular-13-2012-convocatoria-ceclub-division-de-honor-2012\\\/\",\"url\":\"https:\\\/\\\/feda.org\\\/feda2k16\\\/circular-13-2012-convocatoria-ceclub-division-de-honor-2012\\\/\",\"name\":\"Circular 13\\\/2012 - Convocatoria CECLUB Divisi\u00f3n de Honor 2012 - FEDA\",\"isPartOf\":{\"@id\":\"https:\\\/\\\/feda.org\\\/feda2k16\\\/#website\"},\"datePublished\":\"2013-03-03T11:01:58+00:00\",\"dateModified\":\"2016-08-06T08:33:37+00:00\",\"description\":\"FEDA, Federaci\u00f3n Espa\u00f1ola de Ajedrez, ajedrez madrid, federarse ajedrez, campeonato de Espa\u00f1a de ajedrez, ajedrez\",\"breadcrumb\":{\"@id\":\"https:\\\/\\\/feda.org\\\/feda2k16\\\/circular-13-2012-convocatoria-ceclub-division-de-honor-2012\\\/#breadcrumb\"},\"inLanguage\":\"es\",\"potentialAction\":[{\"@type\":\"ReadAction\",\"target\":[\"https:\\\/\\\/feda.org\\\/feda2k16\\\/circular-13-2012-convocatoria-ceclub-division-de-honor-2012\\\/\"]}]},{\"@type\":\"BreadcrumbList\",\"@id\":\"https:\\\/\\\/feda.org\\\/feda2k16\\\/circular-13-2012-convocatoria-ceclub-division-de-honor-2012\\\/#breadcrumb\",\"itemListElement\":[{\"@type\":\"ListItem\",\"position\":1,\"name\":\"Portada\",\"item\":\"https:\\\/\\\/feda.org\\\/feda2k16\\\/\"},{\"@type\":\"ListItem\",\"position\":2,\"name\":\"Circular 13\\\/2012 &#8211; Convocatoria CECLUB Divisi\u00f3n de Honor 2012\"}]},{\"@type\":\"WebSite\",\"@id\":\"https:\\\/\\\/feda.org\\\/feda2k16\\\/#website\",\"url\":\"https:\\\/\\\/feda.org\\\/feda2k16\\\/\",\"name\":\"FEDA\",\"description\":\"Federaci\u00f3n Espa\u00f1ola de Ajedrez\",\"publisher\":{\"@id\":\"https:\\\/\\\/feda.org\\\/feda2k16\\\/#organization\"},\"alternateName\":\"Federaci\u00f3n Espa\u00f1ola de Ajedrez\",\"potentialAction\":[{\"@type\":\"SearchAction\",\"target\":{\"@type\":\"EntryPoint\",\"urlTemplate\":\"https:\\\/\\\/feda.org\\\/feda2k16\\\/?s={search_term_string}\"},\"query-input\":{\"@type\":\"PropertyValueSpecification\",\"valueRequired\":true,\"valueName\":\"search_term_string\"}}],\"inLanguage\":\"es\"},{\"@type\":\"Organization\",\"@id\":\"https:\\\/\\\/feda.org\\\/feda2k16\\\/#organization\",\"name\":\"FEDA\",\"alternateName\":\"Federaci\u00f3n Espa\u00f1ola de Ajedrez\",\"url\":\"https:\\\/\\\/feda.org\\\/feda2k16\\\/\",\"logo\":{\"@type\":\"ImageObject\",\"inLanguage\":\"es\",\"@id\":\"https:\\\/\\\/feda.org\\\/feda2k16\\\/#\\\/schema\\\/logo\\\/image\\\/\",\"url\":\"https:\\\/\\\/feda.org\\\/feda2k16\\\/wp-content\\\/uploads\\\/NuevoLogo_FEDA_2016.png\",\"contentUrl\":\"https:\\\/\\\/feda.org\\\/feda2k16\\\/wp-content\\\/uploads\\\/NuevoLogo_FEDA_2016.png\",\"width\":600,\"height\":600,\"caption\":\"FEDA\"},\"image\":{\"@id\":\"https:\\\/\\\/feda.org\\\/feda2k16\\\/#\\\/schema\\\/logo\\\/image\\\/\"},\"sameAs\":[\"https:\\\/\\\/www.facebook.com\\\/federacionespanoladeajedrez\\\/\",\"https:\\\/\\\/x.com\\\/AjedrezEspanola\",\"https:\\\/\\\/www.instagram.com\\\/federacionespanolaajedrez\\\/?hl=es\",\"https:\\\/\\\/www.youtube.com\\\/@FederacionEspanoladeAjedrezFED\\\/featured\"]},{\"@type\":\"Person\",\"@id\":\"https:\\\/\\\/feda.org\\\/feda2k16\\\/#\\\/schema\\\/person\\\/80aa48a4dc5c6ea03ca1dbf21ce423da\",\"name\":\"feda2k16\",\"url\":\"https:\\\/\\\/feda.org\\\/feda2k16\\\/author\\\/feda2k16\\\/\"}]}<\/script>\n<!-- \/ Yoast SEO plugin. -->","yoast_head_json":{"title":"Circular 13\/2012 - Convocatoria CECLUB Divisi\u00f3n de Honor 2012 - FEDA","description":"FEDA, Federaci\u00f3n Espa\u00f1ola de Ajedrez, ajedrez madrid, federarse ajedrez, campeonato de Espa\u00f1a de ajedrez, ajedrez","robots":{"index":"index","follow":"follow","max-snippet":"max-snippet:-1","max-image-preview":"max-image-preview:large","max-video-preview":"max-video-preview:-1"},"canonical":"https:\/\/feda.org\/feda2k16\/circular-13-2012-convocatoria-ceclub-division-de-honor-2012\/","og_locale":"es_ES","og_type":"article","og_title":"Circular 13\/2012 - Convocatoria CECLUB Divisi\u00f3n de Honor 2012 - FEDA","og_description":"FEDA, Federaci\u00f3n Espa\u00f1ola de Ajedrez, ajedrez madrid, federarse ajedrez, campeonato de Espa\u00f1a de ajedrez, ajedrez","og_url":"https:\/\/feda.org\/feda2k16\/circular-13-2012-convocatoria-ceclub-division-de-honor-2012\/","og_site_name":"FEDA","article_publisher":"https:\/\/www.facebook.com\/federacionespanoladeajedrez\/","article_published_time":"2013-03-03T11:01:58+00:00","article_modified_time":"2016-08-06T08:33:37+00:00","author":"feda2k16","twitter_card":"summary_large_image","twitter_creator":"@AjedrezEspanola","twitter_site":"@AjedrezEspanola","twitter_misc":{"Escrito por":"feda2k16","Tiempo de lectura":"4 minutos"},"schema":{"@context":"https:\/\/schema.org","@graph":[{"@type":"Article","@id":"https:\/\/feda.org\/feda2k16\/circular-13-2012-convocatoria-ceclub-division-de-honor-2012\/#article","isPartOf":{"@id":"https:\/\/feda.org\/feda2k16\/circular-13-2012-convocatoria-ceclub-division-de-honor-2012\/"},"author":{"name":"feda2k16","@id":"https:\/\/feda.org\/feda2k16\/#\/schema\/person\/80aa48a4dc5c6ea03ca1dbf21ce423da"},"headline":"Circular 13\/2012 &#8211; Convocatoria CECLUB Divisi\u00f3n de Honor 2012","datePublished":"2013-03-03T11:01:58+00:00","dateModified":"2016-08-06T08:33:37+00:00","mainEntityOfPage":{"@id":"https:\/\/feda.org\/feda2k16\/circular-13-2012-convocatoria-ceclub-division-de-honor-2012\/"},"wordCount":907,"publisher":{"@id":"https:\/\/feda.org\/feda2k16\/#organization"},"articleSection":["2012"],"inLanguage":"es"},{"@type":"WebPage","@id":"https:\/\/feda.org\/feda2k16\/circular-13-2012-convocatoria-ceclub-division-de-honor-2012\/","url":"https:\/\/feda.org\/feda2k16\/circular-13-2012-convocatoria-ceclub-division-de-honor-2012\/","name":"Circular 13\/2012 - Convocatoria CECLUB Divisi\u00f3n de Honor 2012 - FEDA","isPartOf":{"@id":"https:\/\/feda.org\/feda2k16\/#website"},"datePublished":"2013-03-03T11:01:58+00:00","dateModified":"2016-08-06T08:33:37+00:00","description":"FEDA, Federaci\u00f3n Espa\u00f1ola de Ajedrez, ajedrez madrid, federarse ajedrez, campeonato de Espa\u00f1a de ajedrez, ajedrez","breadcrumb":{"@id":"https:\/\/feda.org\/feda2k16\/circular-13-2012-convocatoria-ceclub-division-de-honor-2012\/#breadcrumb"},"inLanguage":"es","potentialAction":[{"@type":"ReadAction","target":["https:\/\/feda.org\/feda2k16\/circular-13-2012-convocatoria-ceclub-division-de-honor-2012\/"]}]},{"@type":"BreadcrumbList","@id":"https:\/\/feda.org\/feda2k16\/circular-13-2012-convocatoria-ceclub-division-de-honor-2012\/#breadcrumb","itemListElement":[{"@type":"ListItem","position":1,"name":"Portada","item":"https:\/\/feda.org\/feda2k16\/"},{"@type":"ListItem","position":2,"name":"Circular 13\/2012 &#8211; Convocatoria CECLUB Divisi\u00f3n de Honor 2012"}]},{"@type":"WebSite","@id":"https:\/\/feda.org\/feda2k16\/#website","url":"https:\/\/feda.org\/feda2k16\/","name":"FEDA","description":"Federaci\u00f3n Espa\u00f1ola de Ajedrez","publisher":{"@id":"https:\/\/feda.org\/feda2k16\/#organization"},"alternateName":"Federaci\u00f3n Espa\u00f1ola de Ajedrez","potentialAction":[{"@type":"SearchAction","target":{"@type":"EntryPoint","urlTemplate":"https:\/\/feda.org\/feda2k16\/?s={search_term_string}"},"query-input":{"@type":"PropertyValueSpecification","valueRequired":true,"valueName":"search_term_string"}}],"inLanguage":"es"},{"@type":"Organization","@id":"https:\/\/feda.org\/feda2k16\/#organization","name":"FEDA","alternateName":"Federaci\u00f3n Espa\u00f1ola de Ajedrez","url":"https:\/\/feda.org\/feda2k16\/","logo":{"@type":"ImageObject","inLanguage":"es","@id":"https:\/\/feda.org\/feda2k16\/#\/schema\/logo\/image\/","url":"https:\/\/feda.org\/feda2k16\/wp-content\/uploads\/NuevoLogo_FEDA_2016.png","contentUrl":"https:\/\/feda.org\/feda2k16\/wp-content\/uploads\/NuevoLogo_FEDA_2016.png","width":600,"height":600,"caption":"FEDA"},"image":{"@id":"https:\/\/feda.org\/feda2k16\/#\/schema\/logo\/image\/"},"sameAs":["https:\/\/www.facebook.com\/federacionespanoladeajedrez\/","https:\/\/x.com\/AjedrezEspanola","https:\/\/www.instagram.com\/federacionespanolaajedrez\/?hl=es","https:\/\/www.youtube.com\/@FederacionEspanoladeAjedrezFED\/featured"]},{"@type":"Person","@id":"https:\/\/feda.org\/feda2k16\/#\/schema\/person\/80aa48a4dc5c6ea03ca1dbf21ce423da","name":"feda2k16","url":"https:\/\/feda.org\/feda2k16\/author\/feda2k16\/"}]}},"_links":{"self":[{"href":"https:\/\/feda.org\/feda2k16\/wp-json\/wp\/v2\/posts\/162","targetHints":{"allow":["GET"]}}],"collection":[{"href":"https:\/\/feda.org\/feda2k16\/wp-json\/wp\/v2\/posts"}],"about":[{"href":"https:\/\/feda.org\/feda2k16\/wp-json\/wp\/v2\/types\/post"}],"author":[{"embeddable":true,"href":"https:\/\/feda.org\/feda2k16\/wp-json\/wp\/v2\/users\/1"}],"replies":[{"embeddable":true,"href":"https:\/\/feda.org\/feda2k16\/wp-json\/wp\/v2\/comments?post=162"}],"version-history":[{"count":1,"href":"https:\/\/feda.org\/feda2k16\/wp-json\/wp\/v2\/posts\/162\/revisions"}],"predecessor-version":[{"id":3559,"href":"https:\/\/feda.org\/feda2k16\/wp-json\/wp\/v2\/posts\/162\/revisions\/3559"}],"wp:attachment":[{"href":"https:\/\/feda.org\/feda2k16\/wp-json\/wp\/v2\/media?parent=162"}],"wp:term":[{"taxonomy":"category","embeddable":true,"href":"https:\/\/feda.org\/feda2k16\/wp-json\/wp\/v2\/categories?post=162"},{"taxonomy":"post_tag","embeddable":true,"href":"https:\/\/feda.org\/feda2k16\/wp-json\/wp\/v2\/tags?post=162"}],"curies":[{"name":"wp","href":"https:\/\/api.w.org\/{rel}","templated":true}]}}