{"id":1727,"date":"2015-07-15T08:52:26","date_gmt":"2015-07-15T08:52:26","guid":{"rendered":"http:\/\/localhost:8888\/feda2k16\/?p=1727"},"modified":"2016-08-06T08:34:01","modified_gmt":"2016-08-06T08:34:01","slug":"circular-21-2015-convocatoria-del-campeonato-de-espana-por-equipos-de-club-2015","status":"publish","type":"post","link":"https:\/\/feda.org\/feda2k16\/circular-21-2015-convocatoria-del-campeonato-de-espana-por-equipos-de-club-2015\/","title":{"rendered":"Circular 21\/2015 &#8211; Convocatoria del Campeonato de Espa\u00f1a por Equipos de Club 2015 &#8211; PRIMERA DIVISION"},"content":{"rendered":"<p align=\"center\"> \t<strong>A TODAS LAS FEDERACIONES AUTONOMICAS<\/strong><\/p>\n<p align=\"center\"> \t&nbsp;<\/p>\n<p align=\"center\"> \t<strong>Ref.: Convocatoria del Campeonato de Espa\u00f1a por Equipos de Club 2015<\/strong><\/p>\n<p align=\"center\"> \t<strong>PRIMERA DIVISION<\/strong><\/p>\n<p> \t<a href=\"http:\/\/feda.org\/feda2k16\/wp-content\/uploads\/files\/Circulares\/C21-ConvocatoriaCECLUB__PRIMERADIV_2015.pdf\">Descargar en PDF<\/a>.<\/p>\n<p> \tAnexo1: <a href=\"http:\/\/feda.org\/feda2k16\/wp-content\/uploads\/files\/Circulares\/C21-Anexo1_Formulario_Inscripcin_1_DIV.xlsx\">Formulario de inscripci\u00f3n<\/a>.<\/p>\n<p> \t&nbsp;<\/p>\n<p> \t<strong>ORGANIZACI\u00d3N<\/strong><\/p>\n<p> \tOrganiza la Federaci\u00f3n Espa\u00f1ola de Ajedrez, con la colaboraci\u00f3n de la Diputaci\u00f3n de Ja\u00e9n, Ayuntamiento de Linares y la Federaci\u00f3n Andaluza de Ajedrez.<\/p>\n<p> \tEl Director del Campeonato ser\u00e1 D. Francisco Fern\u00e1ndez Albalate<\/p>\n<p> \t&nbsp;<\/p>\n<p> \t<strong>PATROCINAN<\/strong><\/p>\n<p> \t<strong>Ayuntamiento de Linares<\/strong>. <a href=\"http:\/\/www.ciudaddelinares.es\">www.ciudaddelinares.es<\/a><\/p>\n<p> \t<strong>Diputaci\u00f3n de Ja\u00e9n<\/strong>. <a href=\"http:\/\/www.dipujaen.es\">www.dipujaen.es<\/a><\/p>\n<p> \t&nbsp;<\/p>\n<p> \t<strong>COLABORAN<\/strong><\/p>\n<p> \t<strong>Hotel RL An\u00edbal de Linares<\/strong><\/p>\n<p> \tHotel Victoria de Linares<\/p>\n<p> \tHotel Cervantes de Linares<\/p>\n<p> \tHotel Baviera de Linares<\/p>\n<p> \tHotel Santiago de Linares<\/p>\n<p> \tAsociaci\u00f3n de Comerciantes e Industriales de Linares \u2013 ACIL<\/p>\n<p> \t&nbsp;<\/p>\n<p style=\"margin-left:36.0pt;\"> \t<strong>1.&nbsp;&nbsp;&nbsp;&nbsp; <\/strong><strong>SISTEMA Y CALENDARIO DE JUEGO<\/strong><\/p>\n<p> \tSe jugar\u00e1 por el sistema establecido en el Reglamento General de Competiciones de la FEDA, que se resume a continuaci\u00f3n:<\/p>\n<p> \tSistema Round Robin. A 4 tableros.<\/p>\n<p> \tLa puntuaci\u00f3n ser\u00e1 por encuentros (2 puntos ganado, 1 punto empatado y 0 perdido).<\/p>\n<p> \tAscender\u00e1n a Divisi\u00f3n de Honor los dos primeros clasificados.<\/p>\n<p> \tDescender\u00e1n a Segunda Divisi\u00f3n los dos \u00faltimos clasificados.<\/p>\n<p> \tLa velocidad de juego ser\u00e1 de 90 minutos para toda la partida, con incremento de 30 segundos por jugada desde el movimiento 1.<\/p>\n<p> \tEl retraso m\u00e1ximo admitido para presentarse a una partida ser\u00e1 de 15 minutos.<\/p>\n<p> \tLa Primera Divisi\u00f3n <strong>2016<\/strong> estar\u00e1 formada por <strong><u>8 equipos<\/u><\/strong>:<\/p>\n<p style=\"margin-left:36.0pt;\"> \t&#8211;&nbsp;&nbsp;&nbsp;&nbsp;&nbsp;&nbsp;&nbsp; Cuatro equipos que mantienen la Categor\u00eda en 2015.<\/p>\n<p style=\"margin-left:36.0pt;\"> \t&#8211;&nbsp;&nbsp;&nbsp;&nbsp;&nbsp;&nbsp;&nbsp; Dos ascendidos de Segunda Divisi\u00f3n 2015.<\/p>\n<p style=\"margin-left:36.0pt;\"> \t&#8211;&nbsp;&nbsp;&nbsp;&nbsp;&nbsp;&nbsp;&nbsp; Dos descendidos de Divisi\u00f3n de Honor 2015.<\/p>\n<p> \tEl Sorteo de n\u00fameros se celebrar\u00e1 en Salobre\u00f1a, el d\u00eda 30 de julio de 2015.<\/p>\n<p> \tLos \u00e1rbitros y T\u00e9cnicos FEDA estar\u00e1n alojados en el hotel Oficial.<\/p>\n<p> \tLa entrega de alineaciones y cualquier documentaci\u00f3n relacionada con el Campeonato ser\u00e1 obligatorio realizarla en el Hotel Oficial, con el horario que se establezca en la reuni\u00f3n de Delegados.<\/p>\n<p> \tEl Campeonato se jugar\u00e1 en el <strong>Auditorio El P\u00f3sito Linares, <\/strong>c\/. Iglesia, 8 LINARES (Ja\u00e9n)<\/p>\n<p> \t<strong>Calendario :<\/strong><\/p>\n<table align=\"center\" border=\"1\" cellpadding=\"0\" cellspacing=\"0\" class=\"mtr-table mtr-tr-td\">\n<tbody>\n<tr>\n<td style=\"width:90px;\" data-mtr-content=\"\n \t\t\t\t\t08-08-2015\n\" class=\"mtr-td-tag\"><div class=\"mtr-cell-content\">\n<p> \t\t\t\t\t08-08-2015<\/p>\n<\/div><\/td>\n<td style=\"width:59px;\" data-mtr-content=\"\n \t\t\t\t\t\u00a0\n\" class=\"mtr-td-tag\"><div class=\"mtr-cell-content\">\n<p> \t\t\t\t\t\u00a0<\/p>\n<\/div><\/td>\n<td style=\"width:312px;\" data-mtr-content=\"\n \t\t\t\t\tAcreditaciones hasta las 15:00 h. Hotel An\u00edbal\n\" class=\"mtr-td-tag\"><div class=\"mtr-cell-content\">\n<p> \t\t\t\t\tAcreditaciones hasta las 15:00 h. Hotel An\u00edbal<\/p>\n<\/div><\/td>\n<\/tr>\n<tr>\n<td style=\"width:90px;\" data-mtr-content=\"\n \t\t\t\t\t08-08-2015\n\" class=\"mtr-td-tag\"><div class=\"mtr-cell-content\">\n<p> \t\t\t\t\t08-08-2015<\/p>\n<\/div><\/td>\n<td style=\"width:59px;\" data-mtr-content=\"\n \t\t\t\t\t\u00a0\n\" class=\"mtr-td-tag\"><div class=\"mtr-cell-content\">\n<p> \t\t\t\t\t15:00<\/p>\n<\/div><\/td>\n<td style=\"width:312px;\" data-mtr-content=\"\n \t\t\t\t\tAcreditaciones hasta las 15:00 h. Hotel An\u00edbal\n\" class=\"mtr-td-tag\"><div class=\"mtr-cell-content\">\n<p> \t\t\t\t\tReuni\u00f3n de Delegados. Hotel An\u00edbal<\/p>\n<\/div><\/td>\n<\/tr>\n<tr>\n<td style=\"width:90px;\" data-mtr-content=\"\n \t\t\t\t\t08-08-2015\n\" class=\"mtr-td-tag\"><div class=\"mtr-cell-content\">\n<p> \t\t\t\t\t08-08-2015<\/p>\n<\/div><\/td>\n<td style=\"width:59px;\" data-mtr-content=\"\n \t\t\t\t\t\u00a0\n\" class=\"mtr-td-tag\"><div class=\"mtr-cell-content\">\n<p> \t\t\t\t\t17:00<\/p>\n<\/div><\/td>\n<td style=\"width:312px;\" data-mtr-content=\"\n \t\t\t\t\tAcreditaciones hasta las 15:00 h. Hotel An\u00edbal\n\" class=\"mtr-td-tag\"><div class=\"mtr-cell-content\">\n<p> \t\t\t\t\tPrimera Ronda<\/p>\n<\/div><\/td>\n<\/tr>\n<tr>\n<td style=\"width:90px;\" data-mtr-content=\"\n \t\t\t\t\t08-08-2015\n\" class=\"mtr-td-tag\"><div class=\"mtr-cell-content\">\n<p> \t\t\t\t\t09-08-2015<\/p>\n<\/div><\/td>\n<td style=\"width:59px;\" data-mtr-content=\"\n \t\t\t\t\t\u00a0\n\" class=\"mtr-td-tag\"><div class=\"mtr-cell-content\">\n<p> \t\t\t\t\t17:00<\/p>\n<\/div><\/td>\n<td style=\"width:312px;\" data-mtr-content=\"\n \t\t\t\t\tAcreditaciones hasta las 15:00 h. Hotel An\u00edbal\n\" class=\"mtr-td-tag\"><div class=\"mtr-cell-content\">\n<p> \t\t\t\t\tSegunda\u00a0 Ronda<\/p>\n<\/div><\/td>\n<\/tr>\n<tr>\n<td style=\"width:90px;\" data-mtr-content=\"\n \t\t\t\t\t08-08-2015\n\" class=\"mtr-td-tag\"><div class=\"mtr-cell-content\">\n<p> \t\t\t\t\t10-08-2015<\/p>\n<\/div><\/td>\n<td style=\"width:59px;\" data-mtr-content=\"\n \t\t\t\t\t\u00a0\n\" class=\"mtr-td-tag\"><div class=\"mtr-cell-content\">\n<p> \t\t\t\t\t17:00<\/p>\n<\/div><\/td>\n<td style=\"width:312px;\" data-mtr-content=\"\n \t\t\t\t\tAcreditaciones hasta las 15:00 h. Hotel An\u00edbal\n\" class=\"mtr-td-tag\"><div class=\"mtr-cell-content\">\n<p> \t\t\t\t\tTercera Ronda<\/p>\n<\/div><\/td>\n<\/tr>\n<tr>\n<td style=\"width:90px;\" data-mtr-content=\"\n \t\t\t\t\t08-08-2015\n\" class=\"mtr-td-tag\"><div class=\"mtr-cell-content\">\n<p> \t\t\t\t\t11-08-2015<\/p>\n<\/div><\/td>\n<td style=\"width:59px;\" data-mtr-content=\"\n \t\t\t\t\t\u00a0\n\" class=\"mtr-td-tag\"><div class=\"mtr-cell-content\">\n<p> \t\t\t\t\t17:00<\/p>\n<\/div><\/td>\n<td style=\"width:312px;\" data-mtr-content=\"\n \t\t\t\t\tAcreditaciones hasta las 15:00 h. Hotel An\u00edbal\n\" class=\"mtr-td-tag\"><div class=\"mtr-cell-content\">\n<p> \t\t\t\t\tCuarta Ronda<\/p>\n<\/div><\/td>\n<\/tr>\n<tr>\n<td style=\"width:90px;\" data-mtr-content=\"\n \t\t\t\t\t08-08-2015\n\" class=\"mtr-td-tag\"><div class=\"mtr-cell-content\">\n<p> \t\t\t\t\t12-08-2015<\/p>\n<\/div><\/td>\n<td style=\"width:59px;\" data-mtr-content=\"\n \t\t\t\t\t\u00a0\n\" class=\"mtr-td-tag\"><div class=\"mtr-cell-content\">\n<p> \t\t\t\t\t17:00<\/p>\n<\/div><\/td>\n<td style=\"width:312px;\" data-mtr-content=\"\n \t\t\t\t\tAcreditaciones hasta las 15:00 h. Hotel An\u00edbal\n\" class=\"mtr-td-tag\"><div class=\"mtr-cell-content\">\n<p> \t\t\t\t\tQuinta Ronda<\/p>\n<\/div><\/td>\n<\/tr>\n<tr>\n<td style=\"width:90px;\" data-mtr-content=\"\n \t\t\t\t\t08-08-2015\n\" class=\"mtr-td-tag\"><div class=\"mtr-cell-content\">\n<p> \t\t\t\t\t13-08-2015<\/p>\n<\/div><\/td>\n<td style=\"width:59px;\" data-mtr-content=\"\n \t\t\t\t\t\u00a0\n\" class=\"mtr-td-tag\"><div class=\"mtr-cell-content\">\n<p> \t\t\t\t\t17:00<\/p>\n<\/div><\/td>\n<td style=\"width:312px;\" data-mtr-content=\"\n \t\t\t\t\tAcreditaciones hasta las 15:00 h. Hotel An\u00edbal\n\" class=\"mtr-td-tag\"><div class=\"mtr-cell-content\">\n<p> \t\t\t\t\tSexta Ronda<\/p>\n<\/div><\/td>\n<\/tr>\n<tr>\n<td style=\"width:90px;\" data-mtr-content=\"\n \t\t\t\t\t08-08-2015\n\" class=\"mtr-td-tag\"><div class=\"mtr-cell-content\">\n<p> \t\t\t\t\t14-08-2015<\/p>\n<\/div><\/td>\n<td style=\"width:59px;\" data-mtr-content=\"\n \t\t\t\t\t\u00a0\n\" class=\"mtr-td-tag\"><div class=\"mtr-cell-content\">\n<p> \t\t\t\t\t10:00<\/p>\n<\/div><\/td>\n<td style=\"width:312px;\" data-mtr-content=\"\n \t\t\t\t\tAcreditaciones hasta las 15:00 h. Hotel An\u00edbal\n\" class=\"mtr-td-tag\"><div class=\"mtr-cell-content\">\n<p> \t\t\t\t\tS\u00e9ptima Ronda<\/p>\n<\/div><\/td>\n<\/tr>\n<tr>\n<td style=\"width:90px;\" data-mtr-content=\"\n \t\t\t\t\t08-08-2015\n\" class=\"mtr-td-tag\"><div class=\"mtr-cell-content\">\n<p> \t\t\t\t\t14-08-2015<\/p>\n<\/div><\/td>\n<td style=\"width:59px;\" data-mtr-content=\"\n \t\t\t\t\t\u00a0\n\" class=\"mtr-td-tag\"><div class=\"mtr-cell-content\">\n<p> \t\t\t\t\t14:00<\/p>\n<\/div><\/td>\n<td style=\"width:312px;\" data-mtr-content=\"\n \t\t\t\t\tAcreditaciones hasta las 15:00 h. Hotel An\u00edbal\n\" class=\"mtr-td-tag\"><div class=\"mtr-cell-content\">\n<p> \t\t\t\t\tClausura y Entrega de Premios<\/p>\n<\/div><\/td>\n<\/tr>\n<\/tbody>\n<\/table>\n<div style=\"clear:both;\"> \t&nbsp;<\/div>\n<p> \t&nbsp;<\/p>\n<p style=\"margin-left:36.0pt;\"> \t<strong>2.&nbsp;&nbsp;&nbsp;&nbsp; <\/strong><strong>PARTICIPACION<\/strong><\/p>\n<p> \tLos equipos participantes en Primera Divisi\u00f3n 2015 son los siguientes:<\/p>\n<table align=\"center\" border=\"1\" cellpadding=\"0\" cellspacing=\"0\" class=\"mtr-table mtr-tr-td\">\n<tbody>\n<tr>\n<td style=\"width:61px;\" data-mtr-content=\"\n \t\t\t\t\tORDEN\n\" class=\"mtr-td-tag\"><div class=\"mtr-cell-content\">\n<p align=\"center\"> \t\t\t\t\t<strong>ORDEN<\/strong><\/p>\n<\/div><\/td>\n<td style=\"width:309px;\" data-mtr-content=\"\n \t\t\t\t\tEQUIPO\n\" class=\"mtr-td-tag\"><div class=\"mtr-cell-content\">\n<p align=\"center\"> \t\t\t\t\t<strong>EQUIPO<\/strong><\/p>\n<\/div><\/td>\n<\/tr>\n<tr>\n<td style=\"width:61px;\" data-mtr-content=\"\n \t\t\t\t\tORDEN\n\" class=\"mtr-td-tag\"><div class=\"mtr-cell-content\">\n<p align=\"center\"> \t\t\t\t\t1<\/p>\n<\/div><\/td>\n<td style=\"width:309px;\" data-mtr-content=\"\n \t\t\t\t\tEQUIPO\n\" class=\"mtr-td-tag\"><div class=\"mtr-cell-content\">\n<p> \t\t\t\t\tEQUIGOMA \u2013 CASA SOCIAL CATOLICA<\/p>\n<\/div><\/td>\n<\/tr>\n<tr>\n<td style=\"width:61px;\" data-mtr-content=\"\n \t\t\t\t\tORDEN\n\" class=\"mtr-td-tag\"><div class=\"mtr-cell-content\">\n<p align=\"center\"> \t\t\t\t\t2<\/p>\n<\/div><\/td>\n<td style=\"width:309px;\" data-mtr-content=\"\n \t\t\t\t\tEQUIPO\n\" class=\"mtr-td-tag\"><div class=\"mtr-cell-content\">\n<p> \t\t\t\t\tC. E. BARBER\u00c0<\/p>\n<\/div><\/td>\n<\/tr>\n<tr>\n<td style=\"width:61px;\" data-mtr-content=\"\n \t\t\t\t\tORDEN\n\" class=\"mtr-td-tag\"><div class=\"mtr-cell-content\">\n<p align=\"center\"> \t\t\t\t\t3<\/p>\n<\/div><\/td>\n<td style=\"width:309px;\" data-mtr-content=\"\n \t\t\t\t\tEQUIPO\n\" class=\"mtr-td-tag\"><div class=\"mtr-cell-content\">\n<p> \t\t\t\t\tC. A. SILLA \u2013 LOPEZ INSTALACIONES<\/p>\n<\/div><\/td>\n<\/tr>\n<tr>\n<td style=\"width:61px;\" data-mtr-content=\"\n \t\t\t\t\tORDEN\n\" class=\"mtr-td-tag\"><div class=\"mtr-cell-content\">\n<p align=\"center\"> \t\t\t\t\t4<\/p>\n<\/div><\/td>\n<td style=\"width:309px;\" data-mtr-content=\"\n \t\t\t\t\tEQUIPO\n\" class=\"mtr-td-tag\"><div class=\"mtr-cell-content\">\n<p> \t\t\t\t\tC.A. STADIUM CASABLANCA<\/p>\n<\/div><\/td>\n<\/tr>\n<tr>\n<td style=\"width:61px;\" data-mtr-content=\"\n \t\t\t\t\tORDEN\n\" class=\"mtr-td-tag\"><div class=\"mtr-cell-content\">\n<p align=\"center\"> \t\t\t\t\t5<\/p>\n<\/div><\/td>\n<td style=\"width:309px;\" data-mtr-content=\"\n \t\t\t\t\tEQUIPO\n\" class=\"mtr-td-tag\"><div class=\"mtr-cell-content\">\n<p> \t\t\t\t\tC.A. UNIVERSIDAD DE VIGO<\/p>\n<\/div><\/td>\n<\/tr>\n<tr>\n<td style=\"width:61px;\" data-mtr-content=\"\n \t\t\t\t\tORDEN\n\" class=\"mtr-td-tag\"><div class=\"mtr-cell-content\">\n<p align=\"center\"> \t\t\t\t\t6<\/p>\n<\/div><\/td>\n<td style=\"width:309px;\" data-mtr-content=\"\n \t\t\t\t\tEQUIPO\n\" class=\"mtr-td-tag\"><div class=\"mtr-cell-content\">\n<p> \t\t\t\t\tC.A. EVA \u2013 MANISES<\/p>\n<\/div><\/td>\n<\/tr>\n<tr>\n<td style=\"width:61px;\" data-mtr-content=\"\n \t\t\t\t\tORDEN\n\" class=\"mtr-td-tag\"><div class=\"mtr-cell-content\">\n<p align=\"center\"> \t\t\t\t\t7<\/p>\n<\/div><\/td>\n<td style=\"width:309px;\" data-mtr-content=\"\n \t\t\t\t\tEQUIPO\n\" class=\"mtr-td-tag\"><div class=\"mtr-cell-content\">\n<p> \t\t\t\t\tC. A. JAIME CASAS<\/p>\n<\/div><\/td>\n<\/tr>\n<tr>\n<td style=\"width:61px;\" data-mtr-content=\"\n \t\t\t\t\tORDEN\n\" class=\"mtr-td-tag\"><div class=\"mtr-cell-content\">\n<p align=\"center\"> \t\t\t\t\t8<\/p>\n<\/div><\/td>\n<td style=\"width:309px;\" data-mtr-content=\"\n \t\t\t\t\tEQUIPO\n\" class=\"mtr-td-tag\"><div class=\"mtr-cell-content\">\n<p> \t\t\t\t\tC.A. ALEKHINE-ESPARTINAS<\/p>\n<\/div><\/td>\n<\/tr>\n<\/tbody>\n<\/table>\n<div style=\"clear:both;\"> \t&nbsp;<\/div>\n<p style=\"margin-left:36.0pt;\"> \t<strong>&#8211;&nbsp;&nbsp;&nbsp;&nbsp;&nbsp;&nbsp;&nbsp; <\/strong><strong>Licencias de los jugadores:<\/strong><\/p>\n<p style=\"margin-left:36.0pt;\"> \ta)&nbsp;&nbsp;&nbsp;&nbsp; Los integrantes de los equipos deber\u00e1n estar en posesi\u00f3n de licencia FEDA en vigor, tramitada a trav\u00e9s de su Federaci\u00f3n Auton\u00f3mica hasta del d\u00eda 31 de marzo de 2015.<\/p>\n<p style=\"margin-left:36.0pt;\"> \tb)&nbsp;&nbsp;&nbsp;&nbsp; Se permitir\u00e1 la incorporaci\u00f3n de un jugador adicional por equipo, con licencia tramitada hasta el d\u00eda <u>27 de julio de 2015<\/u>, respetando la limitaci\u00f3n de 10 jugadores en total.<\/p>\n<p style=\"margin-left:36.0pt;\"> \t<strong>&#8211;&nbsp;&nbsp;&nbsp;&nbsp;&nbsp;&nbsp;&nbsp; <\/strong><strong>Alineaci\u00f3n de jugadores:<\/strong><\/p>\n<p> \tSer\u00e1 obligatoria la alineaci\u00f3n en cada encuentro de dos jugadores seleccionables por la FEDA.<\/p>\n<p> \t&nbsp;<\/p>\n<p> \t&nbsp;<\/p>\n<p style=\"margin-left:36.0pt;\"> \t<strong>3.&nbsp;&nbsp;&nbsp;&nbsp; <\/strong><strong>INSCRIPCIONES Y PLAZOS.<\/strong><\/p>\n<p> \tHasta el d\u00eda <strong><u>27 de julio de 2015<\/u><\/strong>.<\/p>\n<p> \tEn&nbsp; este plazo, deber\u00e1 presentarse, a trav\u00e9s de su Federaci\u00f3n Auton\u00f3mica, la siguiente documentaci\u00f3n cumplimentando el <a href=\"http:\/\/feda.org\/feda2k16\/wp-content\/uploads\/files\/Circulares\/C21-Anexo1_Formulario_Inscripcin_1_DIV.xlsx\"><strong>Anexo 1<\/strong><\/a>:<\/p>\n<p> \t&#8211; Nombre, direcci\u00f3n, n\u00famero de tel\u00e9fono y n\u00famero de fax del Club, Delegado y\/o Capit\u00e1n responsable del equipo y Federaci\u00f3n Auton\u00f3mica a la que pertenece.<\/p>\n<p> \t&#8211; Orden de Fuerza compuesto por un m\u00e1ximo de diez participantes por orden de ELO, indicando nombre, nacionalidad, fecha de nacimiento, t\u00edtulos, ELO FIDE y ELO FEDA. En la citada relaci\u00f3n no podr\u00e1n figurar personas que hayan jugado una partida con otro club espa\u00f1ol en la misma temporada.<\/p>\n<p> \tLa cuota de inscripci\u00f3n es de <strong>200<\/strong> euros,que deber\u00e1 ser ingresada en la siguiente cuenta de Ibercaja, antes del d\u00eda 24 de julio de 2015. Ibercaja. IBAN: <strong>ES50<\/strong> <strong>2085 8024 9503 0002 5965<\/strong><\/p>\n<p> \tEl plazo de presentaci\u00f3n del Orden de Fuerzas ser\u00e1 hasta el d\u00eda <u>27 de julio de 2015<\/u>.<\/p>\n<p> \t&nbsp;<\/p>\n<p style=\"margin-left:36.0pt;\"> \t<strong>4.&nbsp;&nbsp;&nbsp;&nbsp; <\/strong><strong>ORDEN DE FUERZA DEFINITIVO<\/strong><\/p>\n<p> \tSe podr\u00e1 presentar un Orden de Fuerza definitivo, que podr\u00e1 contener un m\u00e1ximo de dos cambios con respecto al presentado al formalizar la inscripci\u00f3n.<\/p>\n<p> \tPara que sea v\u00e1lido, deber\u00e1 tener entrada en la FEDA hasta el d\u00eda <u>06 de agosto de 2015 a las 12.00 h.<\/u><\/p>\n<p> \t&nbsp;<\/p>\n<p style=\"margin-left:36.0pt;\"> \t<strong>5.&nbsp;&nbsp;&nbsp;&nbsp; <\/strong><strong>AYUDAS A EQUIPOS PARTICIPANTES<\/strong><\/p>\n<p> \tUn m\u00e1ximo de 850,00 \u20ac por equipo, a justificar con gastos de desplazamiento, estancias y manutenci\u00f3n en alguno de los hoteles que se mencionan en esta circular.<\/p>\n<p> \tEl plazo de env\u00edo a la FEDA de los justificantes para tener derecho a las ayudas mencionadas ser\u00e1 hasta el d\u00eda 15 de septiembre de 2015.<\/p>\n<p> \tLas personas cuyo coste de alojamiento y manutenci\u00f3n sea asumido por la FEDA se alojar\u00e1n en el Hotel Oficial. No se compensar\u00e1n gastos por ning\u00fan concepto a las no alojadas en este Hotel.<\/p>\n<p> \tLas reservas de los equipos participantes, deber\u00e1n efectuarlas directamente al Hotel.<\/p>\n<p> \t&nbsp;<\/p>\n<ol>\n<li> \t\t<strong>ACUERDO CON ACIL. Asociaci\u00f3n de Comerciantes e Industriales de Linares<\/strong><\/li>\n<\/ol>\n<p> \t&nbsp;<\/p>\n<p> \tLa Organizaci\u00f3n ha acordado con ACIL la emisi\u00f3n de vales para comidas y otras compras, que ser\u00e1n aceptados en m\u00e1s de 60 establecimientos de Linares, en especial restaurantes y bares.<\/p>\n<p> \t&nbsp;Estos vales se podr\u00e1n adquirir directamente a la Organizaci\u00f3n, que proporcionar\u00e1 adem\u00e1s un listado y un mapa de los establecimientos colaboradores.<\/p>\n<p> \t&nbsp;Para las personas que acudan a los campeonatos con estancia y manutenci\u00f3n con cargo a la FEDA, se les contratar\u00e1 el Hotel Oficial con media pensi\u00f3n y se les facilitar\u00e1n vales por importe equivalente a una comida por d\u00eda, que podr\u00e1n canjear en cualquiera de los restaurantes y bares colaboradores.<\/p>\n<p> \t&nbsp;<\/p>\n<p style=\"margin-left:36.0pt;\"> \t<strong>7.&nbsp;&nbsp;&nbsp;&nbsp; <\/strong><strong>HOTEL OFICIAL:<\/strong><\/p>\n<p> \t&nbsp;<\/p>\n<p> \tEl Hotel oficial del Campeonato ser\u00e1 el <strong>Hotel RL An\u00edbal de Linares****<\/strong>. &nbsp;<a href=\"http:\/\/www.hotelanibal.com\">www.hotelanibal.com<\/a><\/p>\n<p> \tc\/. Cid Campeador, 11<\/p>\n<p> \t23700 LINARES<\/p>\n<p> \tTel&nbsp; 953 65 04 00&nbsp; Fax 953 65 22 04&nbsp; <a href=\"mailto:reservas@hotelanibal.com\">reservas@hotelanibal.com<\/a><\/p>\n<p> \t&nbsp;<\/p>\n<p> \t<strong>PRECIOS: <\/strong>Precios por persona y d\u00eda, IVA incluido:<\/p>\n<p style=\"margin-left:36.0pt;\"> \t&nbsp;&nbsp;&nbsp;&nbsp;&nbsp;&nbsp;&nbsp;&nbsp;&nbsp;&nbsp;&nbsp;&nbsp;&nbsp;&nbsp;&nbsp;&nbsp;&nbsp;&nbsp;<\/p>\n<table align=\"center\" border=\"1\" cellpadding=\"0\" cellspacing=\"0\" style=\"width:560px;\" width=\"420\" class=\"mtr-table mtr-tr-td\">\n<tbody>\n<tr>\n<td style=\"width:242px;\" data-mtr-content=\"\n \t\t\t\t\tTipo de alojamiento\n\" class=\"mtr-td-tag\"><div class=\"mtr-cell-content\">\n<p align=\"center\" style=\"margin-left:18.6pt;\"> \t\t\t\t\t<strong>Tipo de alojamiento<\/strong><\/p>\n<\/div><\/td>\n<td style=\"width:104px;\" data-mtr-content=\"\n \t\t\t\t\tAloj. y Desay.\n\" class=\"mtr-td-tag\"><div class=\"mtr-cell-content\">\n<p align=\"center\" style=\"margin-left:18.6pt;\"> \t\t\t\t\t<strong>Aloj. y Desay.<\/strong><\/p>\n<\/div><\/td>\n<td style=\"width:97px;\" data-mtr-content=\"\n \t\t\t\t\tMedia Pens.\n\" class=\"mtr-td-tag\"><div class=\"mtr-cell-content\">\n<p align=\"center\" style=\"margin-left:18.6pt;\"> \t\t\t\t\t<strong>Media Pens.<\/strong><\/p>\n<\/div><\/td>\n<td style=\"width:117px;\" data-mtr-content=\"\n \t\t\t\t\tPens. Completa\n\" class=\"mtr-td-tag\"><div class=\"mtr-cell-content\">\n<p align=\"center\" style=\"margin-left:18.6pt;\"> \t\t\t\t\t<strong>Pens. Completa<\/strong><\/p>\n<\/div><\/td>\n<\/tr>\n<tr>\n<td style=\"width:242px;\" data-mtr-content=\"\n \t\t\t\t\tTipo de alojamiento\n\" class=\"mtr-td-tag\"><div class=\"mtr-cell-content\">\n<p style=\"margin-left:18.6pt;\"> \t\t\t\t\t<strong>\u00a0 Habitaci\u00f3n Doble de uso\u00a0 individual<\/strong><\/p>\n<\/div><\/td>\n<td style=\"width:104px;\" data-mtr-content=\"\n \t\t\t\t\tAloj. y Desay.\n\" class=\"mtr-td-tag\"><div class=\"mtr-cell-content\">\n<p align=\"center\" style=\"margin-left:18.6pt;\"> \t\t\t\t\t38,50 \u20ac<\/p>\n<\/div><\/td>\n<td style=\"width:97px;\" data-mtr-content=\"\n \t\t\t\t\tMedia Pens.\n\" class=\"mtr-td-tag\"><div class=\"mtr-cell-content\">\n<p align=\"center\" style=\"margin-left:18.6pt;\"> \t\t\t\t\t44,00 \u20ac<\/p>\n<\/div><\/td>\n<td style=\"width:117px;\" data-mtr-content=\"\n \t\t\t\t\tPens. Completa\n\" class=\"mtr-td-tag\"><div class=\"mtr-cell-content\">\n<p align=\"center\" style=\"margin-left:18.6pt;\"> \t\t\t\t\t51,00 \u20ac<\/p>\n<\/div><\/td>\n<\/tr>\n<tr>\n<td style=\"width:242px;\" data-mtr-content=\"\n \t\t\t\t\tTipo de alojamiento\n\" class=\"mtr-td-tag\"><div class=\"mtr-cell-content\">\n<p style=\"margin-left:18.6pt;\"> \t\t\t\t\t<strong>\u00a0 Habitaci\u00f3n Doble<\/strong><\/p>\n<\/div><\/td>\n<td style=\"width:104px;\" data-mtr-content=\"\n \t\t\t\t\tAloj. y Desay.\n\" class=\"mtr-td-tag\"><div class=\"mtr-cell-content\">\n<p align=\"center\" style=\"margin-left:18.6pt;\"> \t\t\t\t\t27,50 \u20ac<\/p>\n<\/div><\/td>\n<td style=\"width:97px;\" data-mtr-content=\"\n \t\t\t\t\tMedia Pens.\n\" class=\"mtr-td-tag\"><div class=\"mtr-cell-content\">\n<p align=\"center\" style=\"margin-left:18.6pt;\"> \t\t\t\t\t33,00 \u20ac<\/p>\n<\/div><\/td>\n<td style=\"width:117px;\" data-mtr-content=\"\n \t\t\t\t\tPens. Completa\n\" class=\"mtr-td-tag\"><div class=\"mtr-cell-content\">\n<p align=\"center\" style=\"margin-left:18.6pt;\"> \t\t\t\t\t42,00 \u20ac<\/p>\n<\/div><\/td>\n<\/tr>\n<tr>\n<td style=\"width:242px;\" data-mtr-content=\"\n \t\t\t\t\tTipo de alojamiento\n\" class=\"mtr-td-tag\"><div class=\"mtr-cell-content\">\n<p style=\"margin-left:18.6pt;\"> \t\t\t\t\t<strong>\u00a0 Habitaci\u00f3n Triple<\/strong><\/p>\n<\/div><\/td>\n<td style=\"width:104px;\" data-mtr-content=\"\n \t\t\t\t\tAloj. y Desay.\n\" class=\"mtr-td-tag\"><div class=\"mtr-cell-content\">\n<p align=\"center\" style=\"margin-left:18.6pt;\"> \t\t\t\t\t26,50 \u20ac<\/p>\n<\/div><\/td>\n<td style=\"width:97px;\" data-mtr-content=\"\n \t\t\t\t\tMedia Pens.\n\" class=\"mtr-td-tag\"><div class=\"mtr-cell-content\">\n<p align=\"center\" style=\"margin-left:18.6pt;\"> \t\t\t\t\t32,00 \u20ac<\/p>\n<\/div><\/td>\n<td style=\"width:117px;\" data-mtr-content=\"\n \t\t\t\t\tPens. Completa\n\" class=\"mtr-td-tag\"><div class=\"mtr-cell-content\">\n<p align=\"center\" style=\"margin-left:18.6pt;\"> \t\t\t\t\t37,00 \u20ac<\/p>\n<\/div><\/td>\n<\/tr>\n<\/tbody>\n<\/table>\n<div style=\"clear:both;\"> \t&nbsp;<\/div>\n<p> \t&nbsp;<\/p>\n<p style=\"margin-left:36.0pt;\"> \t<strong>8.&nbsp;&nbsp;&nbsp;&nbsp; <\/strong><strong>HOTELES ALTERNATIVOS:<\/strong><\/p>\n<p> \t&nbsp;<\/p>\n<p> \t<strong>Hotel Victoria de Linares***<\/strong>.&nbsp; <a href=\"http:\/\/www.hotelvictoria.org\">www.hotelvictoria.org<\/a><\/p>\n<p> \tc\/. Cervantes, 7 y 9<\/p>\n<p> \t23700 LINARES<\/p>\n<p> \tTel&nbsp; 953 69 25 00 <a href=\"mailto:victoriahotel@terra.es\">victoriahotel@terra.es<\/a><\/p>\n<p> \t&nbsp;<\/p>\n<p> \t<strong>PRECIOS: <\/strong>Precios por persona y d\u00eda, IVA incluido:<\/p>\n<p style=\"margin-left:36.0pt;\"> \t&nbsp;&nbsp;&nbsp;&nbsp;&nbsp;&nbsp;&nbsp;&nbsp;&nbsp;&nbsp;&nbsp;&nbsp;&nbsp;&nbsp;&nbsp;&nbsp;&nbsp;&nbsp;<\/p>\n<table align=\"center\" border=\"1\" cellpadding=\"0\" cellspacing=\"0\" style=\"width:560px;\" width=\"420\" class=\"mtr-table mtr-tr-td\">\n<tbody>\n<tr>\n<td style=\"width:242px;\" data-mtr-content=\"\n \t\t\t\t\tTipo de alojamiento\n\" class=\"mtr-td-tag\"><div class=\"mtr-cell-content\">\n<p align=\"center\" style=\"margin-left:18.6pt;\"> \t\t\t\t\t<strong>Tipo de alojamiento<\/strong><\/p>\n<\/div><\/td>\n<td style=\"width:104px;\" data-mtr-content=\"\n \t\t\t\t\tAloj. y Desay.\n\" class=\"mtr-td-tag\"><div class=\"mtr-cell-content\">\n<p align=\"center\" style=\"margin-left:18.6pt;\"> \t\t\t\t\t<strong>Aloj. y Desay.<\/strong><\/p>\n<\/div><\/td>\n<td style=\"width:97px;\" data-mtr-content=\"\n \t\t\t\t\tMedia Pens.\n\" class=\"mtr-td-tag\"><div class=\"mtr-cell-content\">\n<p align=\"center\" style=\"margin-left:18.6pt;\"> \t\t\t\t\t<strong>Media Pens.<\/strong><\/p>\n<\/div><\/td>\n<td style=\"width:117px;\" data-mtr-content=\"\n \t\t\t\t\tPens. Completa\n\" class=\"mtr-td-tag\"><div class=\"mtr-cell-content\">\n<p align=\"center\" style=\"margin-left:18.6pt;\"> \t\t\t\t\t<strong>Pens. Completa<\/strong><\/p>\n<\/div><\/td>\n<\/tr>\n<tr>\n<td style=\"width:242px;\" data-mtr-content=\"\n \t\t\t\t\tTipo de alojamiento\n\" class=\"mtr-td-tag\"><div class=\"mtr-cell-content\">\n<p style=\"margin-left:18.6pt;\"> \t\t\t\t\t<strong>\u00a0 Habitaci\u00f3n Doble de uso\u00a0 individual<\/strong><\/p>\n<\/div><\/td>\n<td style=\"width:104px;\" data-mtr-content=\"\n \t\t\t\t\tAloj. y Desay.\n\" class=\"mtr-td-tag\"><div class=\"mtr-cell-content\">\n<p align=\"center\" style=\"margin-left:18.6pt;\"> \t\t\t\t\t30,00 \u20ac<\/p>\n<\/div><\/td>\n<td style=\"width:97px;\" data-mtr-content=\"\n \t\t\t\t\tMedia Pens.\n\" class=\"mtr-td-tag\"><div class=\"mtr-cell-content\">\n<p align=\"center\" style=\"margin-left:18.6pt;\"> \t\t\t\t\t38,00 \u20ac<\/p>\n<\/div><\/td>\n<td style=\"width:117px;\" data-mtr-content=\"\n \t\t\t\t\tPens. Completa\n\" class=\"mtr-td-tag\"><div class=\"mtr-cell-content\">\n<p align=\"center\" style=\"margin-left:18.6pt;\"> \t\t\t\t\t48,00 \u20ac<\/p>\n<\/div><\/td>\n<\/tr>\n<tr>\n<td style=\"width:242px;\" data-mtr-content=\"\n \t\t\t\t\tTipo de alojamiento\n\" class=\"mtr-td-tag\"><div class=\"mtr-cell-content\">\n<p style=\"margin-left:18.6pt;\"> \t\t\t\t\t<strong>\u00a0 Habitaci\u00f3n Doble<\/strong><\/p>\n<\/div><\/td>\n<td style=\"width:104px;\" data-mtr-content=\"\n \t\t\t\t\tAloj. y Desay.\n\" class=\"mtr-td-tag\"><div class=\"mtr-cell-content\">\n<p align=\"center\" style=\"margin-left:18.6pt;\"> \t\t\t\t\t22,00 \u20ac<\/p>\n<\/div><\/td>\n<td style=\"width:97px;\" data-mtr-content=\"\n \t\t\t\t\tMedia Pens.\n\" class=\"mtr-td-tag\"><div class=\"mtr-cell-content\">\n<p align=\"center\" style=\"margin-left:18.6pt;\"> \t\t\t\t\t31,50 \u20ac<\/p>\n<\/div><\/td>\n<td style=\"width:117px;\" data-mtr-content=\"\n \t\t\t\t\tPens. Completa\n\" class=\"mtr-td-tag\"><div class=\"mtr-cell-content\">\n<p align=\"center\" style=\"margin-left:18.6pt;\"> \t\t\t\t\t40,50 \u20ac<\/p>\n<\/div><\/td>\n<\/tr>\n<tr>\n<td style=\"width:242px;\" data-mtr-content=\"\n \t\t\t\t\tTipo de alojamiento\n\" class=\"mtr-td-tag\"><div class=\"mtr-cell-content\">\n<p style=\"margin-left:18.6pt;\"> \t\t\t\t\t<strong>\u00a0 Habitaci\u00f3n Triple<\/strong><\/p>\n<\/div><\/td>\n<td style=\"width:104px;\" data-mtr-content=\"\n \t\t\t\t\tAloj. y Desay.\n\" class=\"mtr-td-tag\"><div class=\"mtr-cell-content\">\n<p align=\"center\" style=\"margin-left:18.6pt;\"> \t\t\t\t\t20,80 \u20ac<\/p>\n<\/div><\/td>\n<td style=\"width:97px;\" data-mtr-content=\"\n \t\t\t\t\tMedia Pens.\n\" class=\"mtr-td-tag\"><div class=\"mtr-cell-content\">\n<p align=\"center\" style=\"margin-left:18.6pt;\"> \t\t\t\t\t29,80 \u20ac<\/p>\n<\/div><\/td>\n<td style=\"width:117px;\" data-mtr-content=\"\n \t\t\t\t\tPens. Completa\n\" class=\"mtr-td-tag\"><div class=\"mtr-cell-content\">\n<p align=\"center\" style=\"margin-left:18.6pt;\"> \t\t\t\t\t38,80 \u20ac<\/p>\n<\/div><\/td>\n<\/tr>\n<\/tbody>\n<\/table>\n<div style=\"clear:both;\"> \t&nbsp;<\/div>\n<p> \t&nbsp;<\/p>\n<p> \t<strong>Hotel Cervantes de Linares***<\/strong>.&nbsp; <a href=\"http:\/\/www.hotelcervantes.info\">http:\/\/www.hotelcervantes.info<\/a><\/p>\n<p> \tc\/. Cervantes, 23<\/p>\n<p> \t23700 LINARES<\/p>\n<p> \tTel&nbsp; 953 690 500<\/p>\n<p> \t&nbsp;<\/p>\n<p> \t<strong>PRECIOS: <\/strong>Precios por persona y d\u00eda, IVA incluido:<\/p>\n<p style=\"margin-left:36.0pt;\"> \t&nbsp;&nbsp;&nbsp;&nbsp;&nbsp;&nbsp;&nbsp;&nbsp;&nbsp;&nbsp;&nbsp;&nbsp;&nbsp;&nbsp;&nbsp;&nbsp;&nbsp;&nbsp;<\/p>\n<table align=\"center\" border=\"1\" cellpadding=\"0\" cellspacing=\"0\" style=\"width:560px;\" width=\"420\" class=\"mtr-table mtr-tr-td\">\n<tbody>\n<tr>\n<td style=\"width:242px;\" data-mtr-content=\"\n \t\t\t\t\tTipo de alojamiento\n\" class=\"mtr-td-tag\"><div class=\"mtr-cell-content\">\n<p align=\"center\" style=\"margin-left:18.6pt;\"> \t\t\t\t\t<strong>Tipo de alojamiento<\/strong><\/p>\n<\/div><\/td>\n<td style=\"width:104px;\" data-mtr-content=\"\n \t\t\t\t\tAloj. y Desay.\n\" class=\"mtr-td-tag\"><div class=\"mtr-cell-content\">\n<p align=\"center\" style=\"margin-left:18.6pt;\"> \t\t\t\t\t<strong>Aloj. y Desay.<\/strong><\/p>\n<\/div><\/td>\n<td style=\"width:97px;\" data-mtr-content=\"\n \t\t\t\t\tMedia Pens.\n\" class=\"mtr-td-tag\"><div class=\"mtr-cell-content\">\n<p align=\"center\" style=\"margin-left:18.6pt;\"> \t\t\t\t\t<strong>Media Pens.<\/strong><\/p>\n<\/div><\/td>\n<td style=\"width:117px;\" data-mtr-content=\"\n \t\t\t\t\tPens. Completa\n\" class=\"mtr-td-tag\"><div class=\"mtr-cell-content\">\n<p align=\"center\" style=\"margin-left:18.6pt;\"> \t\t\t\t\t<strong>Pens. Completa<\/strong><\/p>\n<\/div><\/td>\n<\/tr>\n<tr>\n<td style=\"width:242px;\" data-mtr-content=\"\n \t\t\t\t\tTipo de alojamiento\n\" class=\"mtr-td-tag\"><div class=\"mtr-cell-content\">\n<p style=\"margin-left:18.6pt;\"> \t\t\t\t\t<strong>\u00a0 Habitaci\u00f3n Doble de uso\u00a0 individual<\/strong><\/p>\n<\/div><\/td>\n<td style=\"width:104px;\" data-mtr-content=\"\n \t\t\t\t\tAloj. y Desay.\n\" class=\"mtr-td-tag\"><div class=\"mtr-cell-content\">\n<p align=\"center\" style=\"margin-left:18.6pt;\"> \t\t\t\t\t33,00 \u20ac<\/p>\n<\/div><\/td>\n<td style=\"width:97px;\" data-mtr-content=\"\n \t\t\t\t\tMedia Pens.\n\" class=\"mtr-td-tag\"><div class=\"mtr-cell-content\">\n<p align=\"center\" style=\"margin-left:18.6pt;\"> \t\t\t\t\t44,00 \u20ac<\/p>\n<\/div><\/td>\n<td style=\"width:117px;\" data-mtr-content=\"\n \t\t\t\t\tPens. Completa\n\" class=\"mtr-td-tag\"><div class=\"mtr-cell-content\">\n<p align=\"center\" style=\"margin-left:18.6pt;\"> \t\t\t\t\t55,00 \u20ac<\/p>\n<\/div><\/td>\n<\/tr>\n<tr>\n<td style=\"width:242px;\" data-mtr-content=\"\n \t\t\t\t\tTipo de alojamiento\n\" class=\"mtr-td-tag\"><div class=\"mtr-cell-content\">\n<p style=\"margin-left:18.6pt;\"> \t\t\t\t\t<strong>\u00a0 Habitaci\u00f3n Doble<\/strong><\/p>\n<\/div><\/td>\n<td style=\"width:104px;\" data-mtr-content=\"\n \t\t\t\t\tAloj. y Desay.\n\" class=\"mtr-td-tag\"><div class=\"mtr-cell-content\">\n<p align=\"center\" style=\"margin-left:18.6pt;\"> \t\t\t\t\t22,00 \u20ac<\/p>\n<\/div><\/td>\n<td style=\"width:97px;\" data-mtr-content=\"\n \t\t\t\t\tMedia Pens.\n\" class=\"mtr-td-tag\"><div class=\"mtr-cell-content\">\n<p align=\"center\" style=\"margin-left:18.6pt;\"> \t\t\t\t\t33,00 \u20ac<\/p>\n<\/div><\/td>\n<td style=\"width:117px;\" data-mtr-content=\"\n \t\t\t\t\tPens. Completa\n\" class=\"mtr-td-tag\"><div class=\"mtr-cell-content\">\n<p align=\"center\" style=\"margin-left:18.6pt;\"> \t\t\t\t\t44,00 \u20ac<\/p>\n<\/div><\/td>\n<\/tr>\n<tr>\n<td style=\"width:242px;\" data-mtr-content=\"\n \t\t\t\t\tTipo de alojamiento\n\" class=\"mtr-td-tag\"><div class=\"mtr-cell-content\">\n<p style=\"margin-left:18.6pt;\"> \t\t\t\t\t<strong>\u00a0 Habitaci\u00f3n Triple<\/strong><\/p>\n<\/div><\/td>\n<td style=\"width:104px;\" data-mtr-content=\"\n \t\t\t\t\tAloj. y Desay.\n\" class=\"mtr-td-tag\"><div class=\"mtr-cell-content\">\n<p align=\"center\" style=\"margin-left:18.6pt;\"> \t\t\t\t\t20,15 \u20ac<\/p>\n<\/div><\/td>\n<td style=\"width:97px;\" data-mtr-content=\"\n \t\t\t\t\tMedia Pens.\n\" class=\"mtr-td-tag\"><div class=\"mtr-cell-content\">\n<p align=\"center\" style=\"margin-left:18.6pt;\"> \t\t\t\t\t31,15 \u20ac<\/p>\n<\/div><\/td>\n<td style=\"width:117px;\" data-mtr-content=\"\n \t\t\t\t\tPens. Completa\n\" class=\"mtr-td-tag\"><div class=\"mtr-cell-content\">\n<p align=\"center\" style=\"margin-left:18.6pt;\"> \t\t\t\t\t42,16 \u20ac<\/p>\n<\/div><\/td>\n<\/tr>\n<\/tbody>\n<\/table>\n<div style=\"clear:both;\"> \t&nbsp;<\/div>\n<div style=\"clear:both;\"> \t&nbsp;<\/div>\n<p> \t<strong>Hotel Baviera de Linares*<\/strong>. <a href=\"http:\/\/www.hotelbavieraandalucia.es\">http:\/\/www.hotelbavieraandalucia.es<\/a><\/p>\n<p> \t&nbsp;<\/p>\n<p> \tc\/. La Virgen, 25<\/p>\n<p> \t23700 LINARES<\/p>\n<p> \tTel&nbsp; 953 652 413 <a href=\"mailto:hotelbavieralinares@gmail.com\">hotelbavieralinares@gmail.com<\/a><\/p>\n<p> \t&nbsp;<\/p>\n<p> \t<strong>PRECIOS: <\/strong>Precios por persona y d\u00eda, IVA incluido:<\/p>\n<p style=\"margin-left:36.0pt;\"> \t&nbsp;&nbsp;&nbsp;&nbsp;&nbsp;&nbsp;&nbsp;&nbsp;&nbsp;&nbsp;&nbsp;&nbsp;&nbsp;&nbsp;&nbsp;&nbsp;&nbsp;&nbsp;<\/p>\n<table align=\"center\" border=\"1\" cellpadding=\"0\" cellspacing=\"0\" style=\"width:443px;\" width=\"332\" class=\"mtr-table mtr-tr-td\">\n<tbody>\n<tr>\n<td style=\"width:242px;\" data-mtr-content=\"\n \t\t\t\t\tTipo de alojamiento\n\" class=\"mtr-td-tag\"><div class=\"mtr-cell-content\">\n<p align=\"center\" style=\"margin-left:18.6pt;\"> \t\t\t\t\t<strong>Tipo de alojamiento<\/strong><\/p>\n<\/div><\/td>\n<td style=\"width:104px;\" data-mtr-content=\"\n \t\t\t\t\tAlojamiento\n\" class=\"mtr-td-tag\"><div class=\"mtr-cell-content\">\n<p align=\"center\" style=\"margin-left:18.6pt;\"> \t\t\t\t\t<strong>Alojamiento<\/strong><\/p>\n<\/div><\/td>\n<td style=\"width:97px;\" data-mtr-content=\"\n \t\t\t\t\tDesayuno\n\" class=\"mtr-td-tag\"><div class=\"mtr-cell-content\">\n<p align=\"center\" style=\"margin-left:18.6pt;\"> \t\t\t\t\t<strong>Desayuno<\/strong><\/p>\n<\/div><\/td>\n<\/tr>\n<tr>\n<td style=\"width:242px;\" data-mtr-content=\"\n \t\t\t\t\tTipo de alojamiento\n\" class=\"mtr-td-tag\"><div class=\"mtr-cell-content\">\n<p style=\"margin-left:18.6pt;\"> \t\t\t\t\t<strong>\u00a0 Habitaci\u00f3n individual*<\/strong><\/p>\n<\/div><\/td>\n<td style=\"width:104px;\" data-mtr-content=\"\n \t\t\t\t\tAlojamiento\n\" class=\"mtr-td-tag\"><div class=\"mtr-cell-content\">\n<p align=\"center\" style=\"margin-left:18.6pt;\"> \t\t\t\t\t28,00 \u20ac<\/p>\n<\/div><\/td>\n<td style=\"width:97px;\" data-mtr-content=\"\n \t\t\t\t\tDesayuno\n\" class=\"mtr-td-tag\"><div class=\"mtr-cell-content\">\n<p align=\"center\" style=\"margin-left:18.6pt;\"> \t\t\t\t\t2,50 \u20ac<\/p>\n<\/div><\/td>\n<\/tr>\n<tr>\n<td style=\"width:242px;\" data-mtr-content=\"\n \t\t\t\t\tTipo de alojamiento\n\" class=\"mtr-td-tag\"><div class=\"mtr-cell-content\">\n<p style=\"margin-left:18.6pt;\"> \t\t\t\t\t<strong>\u00a0 Habitaci\u00f3n Doble*<\/strong><\/p>\n<\/div><\/td>\n<td style=\"width:104px;\" data-mtr-content=\"\n \t\t\t\t\tAlojamiento\n\" class=\"mtr-td-tag\"><div class=\"mtr-cell-content\">\n<p align=\"center\" style=\"margin-left:18.6pt;\"> \t\t\t\t\t19,00 \u20ac<\/p>\n<\/div><\/td>\n<td style=\"width:97px;\" data-mtr-content=\"\n \t\t\t\t\tDesayuno\n\" class=\"mtr-td-tag\"><div class=\"mtr-cell-content\">\n<p align=\"center\" style=\"margin-left:18.6pt;\"> \t\t\t\t\t2,50 \u20ac<\/p>\n<\/div><\/td>\n<\/tr>\n<tr>\n<td style=\"width:242px;\" data-mtr-content=\"\n \t\t\t\t\tTipo de alojamiento\n\" class=\"mtr-td-tag\"><div class=\"mtr-cell-content\">\n<p style=\"margin-left:18.6pt;\"> \t\t\t\t\t<strong>\u00a0 Habitaci\u00f3n Triple*<\/strong><\/p>\n<\/div><\/td>\n<td style=\"width:104px;\" data-mtr-content=\"\n \t\t\t\t\tAlojamiento\n\" class=\"mtr-td-tag\"><div class=\"mtr-cell-content\">\n<p align=\"center\" style=\"margin-left:18.6pt;\"> \t\t\t\t\t16,00 \u20ac<\/p>\n<\/div><\/td>\n<td style=\"width:97px;\" data-mtr-content=\"\n \t\t\t\t\tDesayuno\n\" class=\"mtr-td-tag\"><div class=\"mtr-cell-content\">\n<p align=\"center\" style=\"margin-left:18.6pt;\"> \t\t\t\t\t2,50 \u20ac<\/p>\n<\/div><\/td>\n<\/tr>\n<\/tbody>\n<\/table>\n<div style=\"clear:both;\"> \t&nbsp;<\/div>\n<p> \t&nbsp;&nbsp;&nbsp;&nbsp;&nbsp;&nbsp;&nbsp;&nbsp;&nbsp;&nbsp;&nbsp;&nbsp;&nbsp;&nbsp;&nbsp;&nbsp;&nbsp;&nbsp;&nbsp;&nbsp;&nbsp;&nbsp;&nbsp;&nbsp;&nbsp;&nbsp;&nbsp;&nbsp;&nbsp;&nbsp;&nbsp;&nbsp;&nbsp;&nbsp;&nbsp;&nbsp;&nbsp;&nbsp;&nbsp;&nbsp;&nbsp;&nbsp;&nbsp;&nbsp;&nbsp;&nbsp;&nbsp;&nbsp;&nbsp;&nbsp;&nbsp;&nbsp; (*Consultar disponibilidad)<\/p>\n<p> \t&nbsp;<\/p>\n<p> \t<strong>Hotel Santiago de Linares****<\/strong>. <a href=\"http:\/\/www.hotel-santiago.es\">www.hotel-santiago.es<\/a><\/p>\n<p> \tc\/. Santiago, 3<\/p>\n<p> \t23700 LINARES<\/p>\n<p> \tTel&nbsp; 953 69 30 40 <a href=\"mailto:hotel@hotel-santiago.es\">hotel@hotel-santiago.es<\/a><\/p>\n<p> \t&nbsp;<\/p>\n<p> \t<strong>PRECIOS: <\/strong>Consultar al hotel.<\/p>\n<p style=\"margin-left:36.0pt;\"> \t&nbsp;<\/p>\n<p> \tEn Madrid, a 14 de julio de 2015.<\/p>\n<p> \tRam\u00f3n Padull\u00e9s Argerich<br \/> \tSecretario General<\/p>\n<p> \t&nbsp;<\/p>\n","protected":false},"excerpt":{"rendered":"<p>A TODAS LAS FEDERACIONES AUTONOMICAS &nbsp; Ref.: Convocatoria del Campeonato de Espa\u00f1a por Equipos de Club 2015 PRIMERA DIVISION Descargar en PDF. Anexo1: Formulario de inscripci\u00f3n. &nbsp; ORGANIZACI\u00d3N Organiza la Federaci\u00f3n Espa\u00f1ola de Ajedrez, con la colaboraci\u00f3n de la Diputaci\u00f3n de Ja\u00e9n, Ayuntamiento de Linares y la Federaci\u00f3n Andaluza de Ajedrez. El Director del Campeonato [&hellip;]<\/p>\n","protected":false},"author":1,"featured_media":0,"comment_status":"closed","ping_status":"closed","sticky":false,"template":"","format":"standard","meta":{"footnotes":""},"categories":[41],"tags":[],"class_list":["post-1727","post","type-post","status-publish","format-standard","hentry","category-41"],"yoast_head":"<!-- This site is optimized with the Yoast SEO plugin v27.5 - https:\/\/yoast.com\/product\/yoast-seo-wordpress\/ -->\n<title>Circular 21\/2015 - Convocatoria del Campeonato de Espa\u00f1a por Equipos de Club 2015 - PRIMERA DIVISION - FEDA<\/title>\n<meta name=\"description\" content=\"FEDA, Federaci\u00f3n Espa\u00f1ola de Ajedrez, ajedrez madrid, federarse ajedrez, campeonato de Espa\u00f1a de ajedrez, ajedrez\" \/>\n<meta name=\"robots\" content=\"index, follow, max-snippet:-1, max-image-preview:large, max-video-preview:-1\" \/>\n<link rel=\"canonical\" href=\"https:\/\/feda.org\/feda2k16\/circular-21-2015-convocatoria-del-campeonato-de-espana-por-equipos-de-club-2015\/\" \/>\n<meta property=\"og:locale\" content=\"es_ES\" \/>\n<meta property=\"og:type\" content=\"article\" \/>\n<meta property=\"og:title\" content=\"Circular 21\/2015 - Convocatoria del Campeonato de Espa\u00f1a por Equipos de Club 2015 - PRIMERA DIVISION - FEDA\" \/>\n<meta property=\"og:description\" content=\"FEDA, Federaci\u00f3n Espa\u00f1ola de Ajedrez, ajedrez madrid, federarse ajedrez, campeonato de Espa\u00f1a de ajedrez, ajedrez\" \/>\n<meta property=\"og:url\" content=\"https:\/\/feda.org\/feda2k16\/circular-21-2015-convocatoria-del-campeonato-de-espana-por-equipos-de-club-2015\/\" \/>\n<meta property=\"og:site_name\" content=\"FEDA\" \/>\n<meta property=\"article:publisher\" content=\"https:\/\/www.facebook.com\/federacionespanoladeajedrez\/\" \/>\n<meta property=\"article:published_time\" content=\"2015-07-15T08:52:26+00:00\" \/>\n<meta property=\"article:modified_time\" content=\"2016-08-06T08:34:01+00:00\" \/>\n<meta name=\"author\" content=\"feda2k16\" \/>\n<meta name=\"twitter:card\" content=\"summary_large_image\" \/>\n<meta name=\"twitter:creator\" content=\"@AjedrezEspanola\" \/>\n<meta name=\"twitter:site\" content=\"@AjedrezEspanola\" \/>\n<meta name=\"twitter:label1\" content=\"Escrito por\" \/>\n\t<meta name=\"twitter:data1\" content=\"feda2k16\" \/>\n\t<meta name=\"twitter:label2\" content=\"Tiempo de lectura\" \/>\n\t<meta name=\"twitter:data2\" content=\"7 minutos\" \/>\n<script type=\"application\/ld+json\" class=\"yoast-schema-graph\">{\"@context\":\"https:\\\/\\\/schema.org\",\"@graph\":[{\"@type\":\"Article\",\"@id\":\"https:\\\/\\\/feda.org\\\/feda2k16\\\/circular-21-2015-convocatoria-del-campeonato-de-espana-por-equipos-de-club-2015\\\/#article\",\"isPartOf\":{\"@id\":\"https:\\\/\\\/feda.org\\\/feda2k16\\\/circular-21-2015-convocatoria-del-campeonato-de-espana-por-equipos-de-club-2015\\\/\"},\"author\":{\"name\":\"feda2k16\",\"@id\":\"https:\\\/\\\/feda.org\\\/feda2k16\\\/#\\\/schema\\\/person\\\/80aa48a4dc5c6ea03ca1dbf21ce423da\"},\"headline\":\"Circular 21\\\/2015 &#8211; Convocatoria del Campeonato de Espa\u00f1a por Equipos de Club 2015 &#8211; PRIMERA DIVISION\",\"datePublished\":\"2015-07-15T08:52:26+00:00\",\"dateModified\":\"2016-08-06T08:34:01+00:00\",\"mainEntityOfPage\":{\"@id\":\"https:\\\/\\\/feda.org\\\/feda2k16\\\/circular-21-2015-convocatoria-del-campeonato-de-espana-por-equipos-de-club-2015\\\/\"},\"wordCount\":1445,\"publisher\":{\"@id\":\"https:\\\/\\\/feda.org\\\/feda2k16\\\/#organization\"},\"articleSection\":[\"2015\"],\"inLanguage\":\"es\"},{\"@type\":\"WebPage\",\"@id\":\"https:\\\/\\\/feda.org\\\/feda2k16\\\/circular-21-2015-convocatoria-del-campeonato-de-espana-por-equipos-de-club-2015\\\/\",\"url\":\"https:\\\/\\\/feda.org\\\/feda2k16\\\/circular-21-2015-convocatoria-del-campeonato-de-espana-por-equipos-de-club-2015\\\/\",\"name\":\"Circular 21\\\/2015 - Convocatoria del Campeonato de Espa\u00f1a por Equipos de Club 2015 - PRIMERA DIVISION - FEDA\",\"isPartOf\":{\"@id\":\"https:\\\/\\\/feda.org\\\/feda2k16\\\/#website\"},\"datePublished\":\"2015-07-15T08:52:26+00:00\",\"dateModified\":\"2016-08-06T08:34:01+00:00\",\"description\":\"FEDA, Federaci\u00f3n Espa\u00f1ola de Ajedrez, ajedrez madrid, federarse ajedrez, campeonato de Espa\u00f1a de ajedrez, ajedrez\",\"breadcrumb\":{\"@id\":\"https:\\\/\\\/feda.org\\\/feda2k16\\\/circular-21-2015-convocatoria-del-campeonato-de-espana-por-equipos-de-club-2015\\\/#breadcrumb\"},\"inLanguage\":\"es\",\"potentialAction\":[{\"@type\":\"ReadAction\",\"target\":[\"https:\\\/\\\/feda.org\\\/feda2k16\\\/circular-21-2015-convocatoria-del-campeonato-de-espana-por-equipos-de-club-2015\\\/\"]}]},{\"@type\":\"BreadcrumbList\",\"@id\":\"https:\\\/\\\/feda.org\\\/feda2k16\\\/circular-21-2015-convocatoria-del-campeonato-de-espana-por-equipos-de-club-2015\\\/#breadcrumb\",\"itemListElement\":[{\"@type\":\"ListItem\",\"position\":1,\"name\":\"Portada\",\"item\":\"https:\\\/\\\/feda.org\\\/feda2k16\\\/\"},{\"@type\":\"ListItem\",\"position\":2,\"name\":\"Circular 21\\\/2015 &#8211; Convocatoria del Campeonato de Espa\u00f1a por Equipos de Club 2015 &#8211; PRIMERA DIVISION\"}]},{\"@type\":\"WebSite\",\"@id\":\"https:\\\/\\\/feda.org\\\/feda2k16\\\/#website\",\"url\":\"https:\\\/\\\/feda.org\\\/feda2k16\\\/\",\"name\":\"FEDA\",\"description\":\"Federaci\u00f3n Espa\u00f1ola de Ajedrez\",\"publisher\":{\"@id\":\"https:\\\/\\\/feda.org\\\/feda2k16\\\/#organization\"},\"alternateName\":\"Federaci\u00f3n Espa\u00f1ola de Ajedrez\",\"potentialAction\":[{\"@type\":\"SearchAction\",\"target\":{\"@type\":\"EntryPoint\",\"urlTemplate\":\"https:\\\/\\\/feda.org\\\/feda2k16\\\/?s={search_term_string}\"},\"query-input\":{\"@type\":\"PropertyValueSpecification\",\"valueRequired\":true,\"valueName\":\"search_term_string\"}}],\"inLanguage\":\"es\"},{\"@type\":\"Organization\",\"@id\":\"https:\\\/\\\/feda.org\\\/feda2k16\\\/#organization\",\"name\":\"FEDA\",\"alternateName\":\"Federaci\u00f3n Espa\u00f1ola de Ajedrez\",\"url\":\"https:\\\/\\\/feda.org\\\/feda2k16\\\/\",\"logo\":{\"@type\":\"ImageObject\",\"inLanguage\":\"es\",\"@id\":\"https:\\\/\\\/feda.org\\\/feda2k16\\\/#\\\/schema\\\/logo\\\/image\\\/\",\"url\":\"https:\\\/\\\/feda.org\\\/feda2k16\\\/wp-content\\\/uploads\\\/NuevoLogo_FEDA_2016.png\",\"contentUrl\":\"https:\\\/\\\/feda.org\\\/feda2k16\\\/wp-content\\\/uploads\\\/NuevoLogo_FEDA_2016.png\",\"width\":600,\"height\":600,\"caption\":\"FEDA\"},\"image\":{\"@id\":\"https:\\\/\\\/feda.org\\\/feda2k16\\\/#\\\/schema\\\/logo\\\/image\\\/\"},\"sameAs\":[\"https:\\\/\\\/www.facebook.com\\\/federacionespanoladeajedrez\\\/\",\"https:\\\/\\\/x.com\\\/AjedrezEspanola\",\"https:\\\/\\\/www.instagram.com\\\/federacionespanolaajedrez\\\/?hl=es\",\"https:\\\/\\\/www.youtube.com\\\/@FederacionEspanoladeAjedrezFED\\\/featured\"]},{\"@type\":\"Person\",\"@id\":\"https:\\\/\\\/feda.org\\\/feda2k16\\\/#\\\/schema\\\/person\\\/80aa48a4dc5c6ea03ca1dbf21ce423da\",\"name\":\"feda2k16\",\"url\":\"https:\\\/\\\/feda.org\\\/feda2k16\\\/author\\\/feda2k16\\\/\"}]}<\/script>\n<!-- \/ Yoast SEO plugin. -->","yoast_head_json":{"title":"Circular 21\/2015 - Convocatoria del Campeonato de Espa\u00f1a por Equipos de Club 2015 - PRIMERA DIVISION - FEDA","description":"FEDA, Federaci\u00f3n Espa\u00f1ola de Ajedrez, ajedrez madrid, federarse ajedrez, campeonato de Espa\u00f1a de ajedrez, ajedrez","robots":{"index":"index","follow":"follow","max-snippet":"max-snippet:-1","max-image-preview":"max-image-preview:large","max-video-preview":"max-video-preview:-1"},"canonical":"https:\/\/feda.org\/feda2k16\/circular-21-2015-convocatoria-del-campeonato-de-espana-por-equipos-de-club-2015\/","og_locale":"es_ES","og_type":"article","og_title":"Circular 21\/2015 - Convocatoria del Campeonato de Espa\u00f1a por Equipos de Club 2015 - PRIMERA DIVISION - FEDA","og_description":"FEDA, Federaci\u00f3n Espa\u00f1ola de Ajedrez, ajedrez madrid, federarse ajedrez, campeonato de Espa\u00f1a de ajedrez, ajedrez","og_url":"https:\/\/feda.org\/feda2k16\/circular-21-2015-convocatoria-del-campeonato-de-espana-por-equipos-de-club-2015\/","og_site_name":"FEDA","article_publisher":"https:\/\/www.facebook.com\/federacionespanoladeajedrez\/","article_published_time":"2015-07-15T08:52:26+00:00","article_modified_time":"2016-08-06T08:34:01+00:00","author":"feda2k16","twitter_card":"summary_large_image","twitter_creator":"@AjedrezEspanola","twitter_site":"@AjedrezEspanola","twitter_misc":{"Escrito por":"feda2k16","Tiempo de lectura":"7 minutos"},"schema":{"@context":"https:\/\/schema.org","@graph":[{"@type":"Article","@id":"https:\/\/feda.org\/feda2k16\/circular-21-2015-convocatoria-del-campeonato-de-espana-por-equipos-de-club-2015\/#article","isPartOf":{"@id":"https:\/\/feda.org\/feda2k16\/circular-21-2015-convocatoria-del-campeonato-de-espana-por-equipos-de-club-2015\/"},"author":{"name":"feda2k16","@id":"https:\/\/feda.org\/feda2k16\/#\/schema\/person\/80aa48a4dc5c6ea03ca1dbf21ce423da"},"headline":"Circular 21\/2015 &#8211; Convocatoria del Campeonato de Espa\u00f1a por Equipos de Club 2015 &#8211; PRIMERA DIVISION","datePublished":"2015-07-15T08:52:26+00:00","dateModified":"2016-08-06T08:34:01+00:00","mainEntityOfPage":{"@id":"https:\/\/feda.org\/feda2k16\/circular-21-2015-convocatoria-del-campeonato-de-espana-por-equipos-de-club-2015\/"},"wordCount":1445,"publisher":{"@id":"https:\/\/feda.org\/feda2k16\/#organization"},"articleSection":["2015"],"inLanguage":"es"},{"@type":"WebPage","@id":"https:\/\/feda.org\/feda2k16\/circular-21-2015-convocatoria-del-campeonato-de-espana-por-equipos-de-club-2015\/","url":"https:\/\/feda.org\/feda2k16\/circular-21-2015-convocatoria-del-campeonato-de-espana-por-equipos-de-club-2015\/","name":"Circular 21\/2015 - Convocatoria del Campeonato de Espa\u00f1a por Equipos de Club 2015 - PRIMERA DIVISION - FEDA","isPartOf":{"@id":"https:\/\/feda.org\/feda2k16\/#website"},"datePublished":"2015-07-15T08:52:26+00:00","dateModified":"2016-08-06T08:34:01+00:00","description":"FEDA, Federaci\u00f3n Espa\u00f1ola de Ajedrez, ajedrez madrid, federarse ajedrez, campeonato de Espa\u00f1a de ajedrez, ajedrez","breadcrumb":{"@id":"https:\/\/feda.org\/feda2k16\/circular-21-2015-convocatoria-del-campeonato-de-espana-por-equipos-de-club-2015\/#breadcrumb"},"inLanguage":"es","potentialAction":[{"@type":"ReadAction","target":["https:\/\/feda.org\/feda2k16\/circular-21-2015-convocatoria-del-campeonato-de-espana-por-equipos-de-club-2015\/"]}]},{"@type":"BreadcrumbList","@id":"https:\/\/feda.org\/feda2k16\/circular-21-2015-convocatoria-del-campeonato-de-espana-por-equipos-de-club-2015\/#breadcrumb","itemListElement":[{"@type":"ListItem","position":1,"name":"Portada","item":"https:\/\/feda.org\/feda2k16\/"},{"@type":"ListItem","position":2,"name":"Circular 21\/2015 &#8211; Convocatoria del Campeonato de Espa\u00f1a por Equipos de Club 2015 &#8211; PRIMERA DIVISION"}]},{"@type":"WebSite","@id":"https:\/\/feda.org\/feda2k16\/#website","url":"https:\/\/feda.org\/feda2k16\/","name":"FEDA","description":"Federaci\u00f3n Espa\u00f1ola de Ajedrez","publisher":{"@id":"https:\/\/feda.org\/feda2k16\/#organization"},"alternateName":"Federaci\u00f3n Espa\u00f1ola de Ajedrez","potentialAction":[{"@type":"SearchAction","target":{"@type":"EntryPoint","urlTemplate":"https:\/\/feda.org\/feda2k16\/?s={search_term_string}"},"query-input":{"@type":"PropertyValueSpecification","valueRequired":true,"valueName":"search_term_string"}}],"inLanguage":"es"},{"@type":"Organization","@id":"https:\/\/feda.org\/feda2k16\/#organization","name":"FEDA","alternateName":"Federaci\u00f3n Espa\u00f1ola de Ajedrez","url":"https:\/\/feda.org\/feda2k16\/","logo":{"@type":"ImageObject","inLanguage":"es","@id":"https:\/\/feda.org\/feda2k16\/#\/schema\/logo\/image\/","url":"https:\/\/feda.org\/feda2k16\/wp-content\/uploads\/NuevoLogo_FEDA_2016.png","contentUrl":"https:\/\/feda.org\/feda2k16\/wp-content\/uploads\/NuevoLogo_FEDA_2016.png","width":600,"height":600,"caption":"FEDA"},"image":{"@id":"https:\/\/feda.org\/feda2k16\/#\/schema\/logo\/image\/"},"sameAs":["https:\/\/www.facebook.com\/federacionespanoladeajedrez\/","https:\/\/x.com\/AjedrezEspanola","https:\/\/www.instagram.com\/federacionespanolaajedrez\/?hl=es","https:\/\/www.youtube.com\/@FederacionEspanoladeAjedrezFED\/featured"]},{"@type":"Person","@id":"https:\/\/feda.org\/feda2k16\/#\/schema\/person\/80aa48a4dc5c6ea03ca1dbf21ce423da","name":"feda2k16","url":"https:\/\/feda.org\/feda2k16\/author\/feda2k16\/"}]}},"_links":{"self":[{"href":"https:\/\/feda.org\/feda2k16\/wp-json\/wp\/v2\/posts\/1727","targetHints":{"allow":["GET"]}}],"collection":[{"href":"https:\/\/feda.org\/feda2k16\/wp-json\/wp\/v2\/posts"}],"about":[{"href":"https:\/\/feda.org\/feda2k16\/wp-json\/wp\/v2\/types\/post"}],"author":[{"embeddable":true,"href":"https:\/\/feda.org\/feda2k16\/wp-json\/wp\/v2\/users\/1"}],"replies":[{"embeddable":true,"href":"https:\/\/feda.org\/feda2k16\/wp-json\/wp\/v2\/comments?post=1727"}],"version-history":[{"count":1,"href":"https:\/\/feda.org\/feda2k16\/wp-json\/wp\/v2\/posts\/1727\/revisions"}],"predecessor-version":[{"id":2770,"href":"https:\/\/feda.org\/feda2k16\/wp-json\/wp\/v2\/posts\/1727\/revisions\/2770"}],"wp:attachment":[{"href":"https:\/\/feda.org\/feda2k16\/wp-json\/wp\/v2\/media?parent=1727"}],"wp:term":[{"taxonomy":"category","embeddable":true,"href":"https:\/\/feda.org\/feda2k16\/wp-json\/wp\/v2\/categories?post=1727"},{"taxonomy":"post_tag","embeddable":true,"href":"https:\/\/feda.org\/feda2k16\/wp-json\/wp\/v2\/tags?post=1727"}],"curies":[{"name":"wp","href":"https:\/\/api.w.org\/{rel}","templated":true}]}}