{"id":17276,"date":"2020-09-05T07:14:20","date_gmt":"2020-09-05T07:14:20","guid":{"rendered":"https:\/\/feda.org\/feda2k16\/?p=17276"},"modified":"2020-09-05T07:14:22","modified_gmt":"2020-09-05T07:14:22","slug":"comunicado-sobre-el-campeonato-de-espana-individual-absoluto-y-femenino-linares-2020-2","status":"publish","type":"post","link":"https:\/\/feda.org\/feda2k16\/comunicado-sobre-el-campeonato-de-espana-individual-absoluto-y-femenino-linares-2020-2\/","title":{"rendered":"Comunicado sobre el Campeonato de Espa\u00f1a Individual Absoluto y Femenino Linares 2020 (2)"},"content":{"rendered":"\n<p><\/p>\n\n\n\n<div class=\"wp-block-file\"><a href=\"https:\/\/feda.org\/feda2k16\/wp-content\/uploads\/Comunicado_2_COVID-Linares-02_09_2020.pdf\">Descargar en PDF<\/a><a href=\"https:\/\/feda.org\/feda2k16\/wp-content\/uploads\/Comunicado_2_COVID-Linares-02_09_2020.pdf\" class=\"wp-block-file__button\" download>Descarga<\/a><\/div>\n\n\n\n<p style=\"text-align: justify;\">Tal como se inform\u00f3, el pasado d\u00eda 3 se realizaron las pruebas PCR a los 12 participantes en el Campeonato que permanec\u00edan confinados en Linares.<\/p>\n<p style=\"text-align: justify;\">Los resultados se conocieron durante la ronda 5 del Campeonato, con el resultado de 1 persona contagiada y 11 negativos.<\/p>\n<p style=\"text-align: justify;\">La Direcci\u00f3n M\u00e9dica orden\u00f3 una segunda prueba PCR a una persona que ya estaba confinada desde antes del inicio del Campeonato, dando tambi\u00e9n positivo.<\/p>\n<p style=\"text-align: justify;\">Tras la aplicaci\u00f3n del protocolo, se determinaron cuatro \u201ccontactos estrechos\u201d con los positivos, que fueron aislados en las habitaciones de su hotel, todos sin s\u00edntomas. Comunicando todo ello al \u00c1rea de Sanidad, que ordenar\u00e1 las pruebas PCR a estos cuatro nuevos confinados.<\/p>\n<p style=\"text-align: justify;\">Por otra parte, siete de las personas que permanec\u00edan aisladas abandonaron el hotel, con permiso m\u00e9dico, para pasar el resto de la cuarentena en sus domicilios, todos ellos sin s\u00edntomas, al igual que el resto de confinados.<\/p>\n<p style=\"text-align: justify;\">Finalizado el rastreo, supervisado en todo momento por el Director M\u00e9dico del Campeonato, la situaci\u00f3n es la siguiente:<\/p>\n<p style=\"text-align: justify;\">Dos casos positivos que ya no empezaron el Campeonato, que posteriormente han sido tres.<\/p>\n<p style=\"text-align: justify;\">Un caso positivo derivado del rastreo de los positivos detectados antes del inicio.<\/p>\n<p style=\"text-align: justify;\">Cuatro confinados que ya no empezaron el Campeonato, con resultado PCR negativo y sin s\u00edntomas.<\/p>\n<p style=\"text-align: justify;\">Once confinados con PCR negativo y sin s\u00edntomas, derivados del rastreo inicial.<\/p>\n<p style=\"text-align: justify;\">Cuatro confinados, sin s\u00edntomas, pendientes de prueba PCR, derivados del rastreo del \u00faltimo positivo.<\/p>\n<p style=\"text-align: justify;\">Total: 4 positivos y 19 casos de \u201ccontacto estrecho\u201d, confinados y sin s\u00edntomas, 15 de ellos con PCR negativo y cuatro pendientes de la prueba PCR.<\/p>\n<p style=\"text-align: justify;\">Se ha confirmado la continuidad del Campeonato, en contacto permanente con el servicio de epidemiolog\u00eda del \u00c1rea Sanitaria, para seguir en todo caso sus instrucciones y garantizar la seguridad de todos los participantes.<\/p>\n<p style=\"text-align: justify;\">Una vez se conozcan los resultados de la prueba PCR a los cuatro nuevos contactos y siempre siguiendo las instrucciones del epidemi\u00f3logo, si se presentara alg\u00fan positivo, se aplicar\u00eda el protocolo de rastreo y se valorar\u00e1 de nuevo la continuidad del Campeonato.<\/p>\n<p style=\"text-align: justify;\">Desde la Federaci\u00f3n queremos transmitir una vez m\u00e1s un mensaje de tranquilidad, pues en cualquier escenario posible se est\u00e1n aplicando estrictamente y con el mayor rigor los protocolos establecidos, todos ellos bajo supervisi\u00f3n m\u00e9dica.<\/p>\n<p style=\"text-align: justify;\">Apelamos de nuevo a la conducta responsable de los participantes, cumpliendo en todo momento las normas sanitarias b\u00e1sicas que ayudar\u00e1n a minimizar las posibilidades de nuevos casos de contagio.<\/p>\n<p style=\"text-align: justify;\">Seguiremos informando en cuanto se conozcan los resultados de las pruebas en curso.<\/p>\n<p style=\"text-align: justify;\">Lamentamos que se hayan producido estos contagios y deseamos a los afectados una pronta recuperaci\u00f3n.<\/p>\n","protected":false},"excerpt":{"rendered":"<p>Tal como se inform\u00f3, el pasado d\u00eda 3 se realizaron las pruebas PCR a los 12 participantes en el Campeonato que permanec\u00edan confinados en Linares. Los resultados se conocieron durante la ronda 5 del Campeonato, con el resultado de 1 persona contagiada y 11 negativos. La Direcci\u00f3n M\u00e9dica orden\u00f3 una segunda prueba PCR a una [&hellip;]<\/p>\n","protected":false},"author":2,"featured_media":0,"comment_status":"closed","ping_status":"closed","sticky":false,"template":"","format":"standard","meta":{"footnotes":""},"categories":[16],"tags":[],"class_list":["post-17276","post","type-post","status-publish","format-standard","hentry","category-noticias"],"yoast_head":"<!-- This site is optimized with the Yoast SEO plugin v27.5 - https:\/\/yoast.com\/product\/yoast-seo-wordpress\/ -->\n<title>Comunicado sobre el Campeonato de Espa\u00f1a Individual Absoluto y Femenino Linares 2020 (2) - FEDA<\/title>\n<meta name=\"description\" content=\"FEDA, Federaci\u00f3n Espa\u00f1ola de Ajedrez, ajedrez madrid, federarse ajedrez, campeonato de Espa\u00f1a de ajedrez, ajedrez\" \/>\n<meta name=\"robots\" content=\"index, follow, max-snippet:-1, max-image-preview:large, max-video-preview:-1\" \/>\n<link rel=\"canonical\" href=\"https:\/\/feda.org\/feda2k16\/comunicado-sobre-el-campeonato-de-espana-individual-absoluto-y-femenino-linares-2020-2\/\" \/>\n<meta property=\"og:locale\" content=\"es_ES\" \/>\n<meta property=\"og:type\" content=\"article\" \/>\n<meta property=\"og:title\" content=\"Comunicado sobre el Campeonato de Espa\u00f1a Individual Absoluto y Femenino Linares 2020 (2) - FEDA\" \/>\n<meta property=\"og:description\" content=\"FEDA, Federaci\u00f3n Espa\u00f1ola de Ajedrez, ajedrez madrid, federarse ajedrez, campeonato de Espa\u00f1a de ajedrez, ajedrez\" \/>\n<meta property=\"og:url\" content=\"https:\/\/feda.org\/feda2k16\/comunicado-sobre-el-campeonato-de-espana-individual-absoluto-y-femenino-linares-2020-2\/\" \/>\n<meta property=\"og:site_name\" content=\"FEDA\" \/>\n<meta property=\"article:publisher\" content=\"https:\/\/www.facebook.com\/federacionespanoladeajedrez\/\" \/>\n<meta property=\"article:published_time\" content=\"2020-09-05T07:14:20+00:00\" \/>\n<meta property=\"article:modified_time\" content=\"2020-09-05T07:14:22+00:00\" \/>\n<meta name=\"author\" content=\"Nacho\" \/>\n<meta name=\"twitter:card\" content=\"summary_large_image\" \/>\n<meta name=\"twitter:creator\" content=\"@AjedrezEspanola\" \/>\n<meta name=\"twitter:site\" content=\"@AjedrezEspanola\" \/>\n<meta name=\"twitter:label1\" content=\"Escrito por\" \/>\n\t<meta name=\"twitter:data1\" content=\"Nacho\" \/>\n\t<meta name=\"twitter:label2\" content=\"Tiempo de lectura\" \/>\n\t<meta name=\"twitter:data2\" content=\"2 minutos\" \/>\n<script type=\"application\/ld+json\" class=\"yoast-schema-graph\">{\"@context\":\"https:\\\/\\\/schema.org\",\"@graph\":[{\"@type\":\"Article\",\"@id\":\"https:\\\/\\\/feda.org\\\/feda2k16\\\/comunicado-sobre-el-campeonato-de-espana-individual-absoluto-y-femenino-linares-2020-2\\\/#article\",\"isPartOf\":{\"@id\":\"https:\\\/\\\/feda.org\\\/feda2k16\\\/comunicado-sobre-el-campeonato-de-espana-individual-absoluto-y-femenino-linares-2020-2\\\/\"},\"author\":{\"name\":\"Nacho\",\"@id\":\"https:\\\/\\\/feda.org\\\/feda2k16\\\/#\\\/schema\\\/person\\\/6f81e48d83f6f1503890fdb658f2ff4e\"},\"headline\":\"Comunicado sobre el Campeonato de Espa\u00f1a Individual Absoluto y Femenino Linares 2020 (2)\",\"datePublished\":\"2020-09-05T07:14:20+00:00\",\"dateModified\":\"2020-09-05T07:14:22+00:00\",\"mainEntityOfPage\":{\"@id\":\"https:\\\/\\\/feda.org\\\/feda2k16\\\/comunicado-sobre-el-campeonato-de-espana-individual-absoluto-y-femenino-linares-2020-2\\\/\"},\"wordCount\":462,\"publisher\":{\"@id\":\"https:\\\/\\\/feda.org\\\/feda2k16\\\/#organization\"},\"articleSection\":[\"Noticias\"],\"inLanguage\":\"es\"},{\"@type\":\"WebPage\",\"@id\":\"https:\\\/\\\/feda.org\\\/feda2k16\\\/comunicado-sobre-el-campeonato-de-espana-individual-absoluto-y-femenino-linares-2020-2\\\/\",\"url\":\"https:\\\/\\\/feda.org\\\/feda2k16\\\/comunicado-sobre-el-campeonato-de-espana-individual-absoluto-y-femenino-linares-2020-2\\\/\",\"name\":\"Comunicado sobre el Campeonato de Espa\u00f1a Individual Absoluto y Femenino Linares 2020 (2) - FEDA\",\"isPartOf\":{\"@id\":\"https:\\\/\\\/feda.org\\\/feda2k16\\\/#website\"},\"datePublished\":\"2020-09-05T07:14:20+00:00\",\"dateModified\":\"2020-09-05T07:14:22+00:00\",\"description\":\"FEDA, Federaci\u00f3n Espa\u00f1ola de Ajedrez, ajedrez madrid, federarse ajedrez, campeonato de Espa\u00f1a de ajedrez, ajedrez\",\"breadcrumb\":{\"@id\":\"https:\\\/\\\/feda.org\\\/feda2k16\\\/comunicado-sobre-el-campeonato-de-espana-individual-absoluto-y-femenino-linares-2020-2\\\/#breadcrumb\"},\"inLanguage\":\"es\",\"potentialAction\":[{\"@type\":\"ReadAction\",\"target\":[\"https:\\\/\\\/feda.org\\\/feda2k16\\\/comunicado-sobre-el-campeonato-de-espana-individual-absoluto-y-femenino-linares-2020-2\\\/\"]}]},{\"@type\":\"BreadcrumbList\",\"@id\":\"https:\\\/\\\/feda.org\\\/feda2k16\\\/comunicado-sobre-el-campeonato-de-espana-individual-absoluto-y-femenino-linares-2020-2\\\/#breadcrumb\",\"itemListElement\":[{\"@type\":\"ListItem\",\"position\":1,\"name\":\"Portada\",\"item\":\"https:\\\/\\\/feda.org\\\/feda2k16\\\/\"},{\"@type\":\"ListItem\",\"position\":2,\"name\":\"Comunicado sobre el Campeonato de Espa\u00f1a Individual Absoluto y Femenino Linares 2020 (2)\"}]},{\"@type\":\"WebSite\",\"@id\":\"https:\\\/\\\/feda.org\\\/feda2k16\\\/#website\",\"url\":\"https:\\\/\\\/feda.org\\\/feda2k16\\\/\",\"name\":\"FEDA\",\"description\":\"Federaci\u00f3n Espa\u00f1ola de Ajedrez\",\"publisher\":{\"@id\":\"https:\\\/\\\/feda.org\\\/feda2k16\\\/#organization\"},\"alternateName\":\"Federaci\u00f3n Espa\u00f1ola de Ajedrez\",\"potentialAction\":[{\"@type\":\"SearchAction\",\"target\":{\"@type\":\"EntryPoint\",\"urlTemplate\":\"https:\\\/\\\/feda.org\\\/feda2k16\\\/?s={search_term_string}\"},\"query-input\":{\"@type\":\"PropertyValueSpecification\",\"valueRequired\":true,\"valueName\":\"search_term_string\"}}],\"inLanguage\":\"es\"},{\"@type\":\"Organization\",\"@id\":\"https:\\\/\\\/feda.org\\\/feda2k16\\\/#organization\",\"name\":\"FEDA\",\"alternateName\":\"Federaci\u00f3n Espa\u00f1ola de Ajedrez\",\"url\":\"https:\\\/\\\/feda.org\\\/feda2k16\\\/\",\"logo\":{\"@type\":\"ImageObject\",\"inLanguage\":\"es\",\"@id\":\"https:\\\/\\\/feda.org\\\/feda2k16\\\/#\\\/schema\\\/logo\\\/image\\\/\",\"url\":\"https:\\\/\\\/feda.org\\\/feda2k16\\\/wp-content\\\/uploads\\\/NuevoLogo_FEDA_2016.png\",\"contentUrl\":\"https:\\\/\\\/feda.org\\\/feda2k16\\\/wp-content\\\/uploads\\\/NuevoLogo_FEDA_2016.png\",\"width\":600,\"height\":600,\"caption\":\"FEDA\"},\"image\":{\"@id\":\"https:\\\/\\\/feda.org\\\/feda2k16\\\/#\\\/schema\\\/logo\\\/image\\\/\"},\"sameAs\":[\"https:\\\/\\\/www.facebook.com\\\/federacionespanoladeajedrez\\\/\",\"https:\\\/\\\/x.com\\\/AjedrezEspanola\",\"https:\\\/\\\/www.instagram.com\\\/federacionespanolaajedrez\\\/?hl=es\",\"https:\\\/\\\/www.youtube.com\\\/@FederacionEspanoladeAjedrezFED\\\/featured\"]},{\"@type\":\"Person\",\"@id\":\"https:\\\/\\\/feda.org\\\/feda2k16\\\/#\\\/schema\\\/person\\\/6f81e48d83f6f1503890fdb658f2ff4e\",\"name\":\"Nacho\",\"url\":\"https:\\\/\\\/feda.org\\\/feda2k16\\\/author\\\/nacho\\\/\"}]}<\/script>\n<!-- \/ Yoast SEO plugin. -->","yoast_head_json":{"title":"Comunicado sobre el Campeonato de Espa\u00f1a Individual Absoluto y Femenino Linares 2020 (2) - FEDA","description":"FEDA, Federaci\u00f3n Espa\u00f1ola de Ajedrez, ajedrez madrid, federarse ajedrez, campeonato de Espa\u00f1a de ajedrez, ajedrez","robots":{"index":"index","follow":"follow","max-snippet":"max-snippet:-1","max-image-preview":"max-image-preview:large","max-video-preview":"max-video-preview:-1"},"canonical":"https:\/\/feda.org\/feda2k16\/comunicado-sobre-el-campeonato-de-espana-individual-absoluto-y-femenino-linares-2020-2\/","og_locale":"es_ES","og_type":"article","og_title":"Comunicado sobre el Campeonato de Espa\u00f1a Individual Absoluto y Femenino Linares 2020 (2) - FEDA","og_description":"FEDA, Federaci\u00f3n Espa\u00f1ola de Ajedrez, ajedrez madrid, federarse ajedrez, campeonato de Espa\u00f1a de ajedrez, ajedrez","og_url":"https:\/\/feda.org\/feda2k16\/comunicado-sobre-el-campeonato-de-espana-individual-absoluto-y-femenino-linares-2020-2\/","og_site_name":"FEDA","article_publisher":"https:\/\/www.facebook.com\/federacionespanoladeajedrez\/","article_published_time":"2020-09-05T07:14:20+00:00","article_modified_time":"2020-09-05T07:14:22+00:00","author":"Nacho","twitter_card":"summary_large_image","twitter_creator":"@AjedrezEspanola","twitter_site":"@AjedrezEspanola","twitter_misc":{"Escrito por":"Nacho","Tiempo de lectura":"2 minutos"},"schema":{"@context":"https:\/\/schema.org","@graph":[{"@type":"Article","@id":"https:\/\/feda.org\/feda2k16\/comunicado-sobre-el-campeonato-de-espana-individual-absoluto-y-femenino-linares-2020-2\/#article","isPartOf":{"@id":"https:\/\/feda.org\/feda2k16\/comunicado-sobre-el-campeonato-de-espana-individual-absoluto-y-femenino-linares-2020-2\/"},"author":{"name":"Nacho","@id":"https:\/\/feda.org\/feda2k16\/#\/schema\/person\/6f81e48d83f6f1503890fdb658f2ff4e"},"headline":"Comunicado sobre el Campeonato de Espa\u00f1a Individual Absoluto y Femenino Linares 2020 (2)","datePublished":"2020-09-05T07:14:20+00:00","dateModified":"2020-09-05T07:14:22+00:00","mainEntityOfPage":{"@id":"https:\/\/feda.org\/feda2k16\/comunicado-sobre-el-campeonato-de-espana-individual-absoluto-y-femenino-linares-2020-2\/"},"wordCount":462,"publisher":{"@id":"https:\/\/feda.org\/feda2k16\/#organization"},"articleSection":["Noticias"],"inLanguage":"es"},{"@type":"WebPage","@id":"https:\/\/feda.org\/feda2k16\/comunicado-sobre-el-campeonato-de-espana-individual-absoluto-y-femenino-linares-2020-2\/","url":"https:\/\/feda.org\/feda2k16\/comunicado-sobre-el-campeonato-de-espana-individual-absoluto-y-femenino-linares-2020-2\/","name":"Comunicado sobre el Campeonato de Espa\u00f1a Individual Absoluto y Femenino Linares 2020 (2) - FEDA","isPartOf":{"@id":"https:\/\/feda.org\/feda2k16\/#website"},"datePublished":"2020-09-05T07:14:20+00:00","dateModified":"2020-09-05T07:14:22+00:00","description":"FEDA, Federaci\u00f3n Espa\u00f1ola de Ajedrez, ajedrez madrid, federarse ajedrez, campeonato de Espa\u00f1a de ajedrez, ajedrez","breadcrumb":{"@id":"https:\/\/feda.org\/feda2k16\/comunicado-sobre-el-campeonato-de-espana-individual-absoluto-y-femenino-linares-2020-2\/#breadcrumb"},"inLanguage":"es","potentialAction":[{"@type":"ReadAction","target":["https:\/\/feda.org\/feda2k16\/comunicado-sobre-el-campeonato-de-espana-individual-absoluto-y-femenino-linares-2020-2\/"]}]},{"@type":"BreadcrumbList","@id":"https:\/\/feda.org\/feda2k16\/comunicado-sobre-el-campeonato-de-espana-individual-absoluto-y-femenino-linares-2020-2\/#breadcrumb","itemListElement":[{"@type":"ListItem","position":1,"name":"Portada","item":"https:\/\/feda.org\/feda2k16\/"},{"@type":"ListItem","position":2,"name":"Comunicado sobre el Campeonato de Espa\u00f1a Individual Absoluto y Femenino Linares 2020 (2)"}]},{"@type":"WebSite","@id":"https:\/\/feda.org\/feda2k16\/#website","url":"https:\/\/feda.org\/feda2k16\/","name":"FEDA","description":"Federaci\u00f3n Espa\u00f1ola de Ajedrez","publisher":{"@id":"https:\/\/feda.org\/feda2k16\/#organization"},"alternateName":"Federaci\u00f3n Espa\u00f1ola de Ajedrez","potentialAction":[{"@type":"SearchAction","target":{"@type":"EntryPoint","urlTemplate":"https:\/\/feda.org\/feda2k16\/?s={search_term_string}"},"query-input":{"@type":"PropertyValueSpecification","valueRequired":true,"valueName":"search_term_string"}}],"inLanguage":"es"},{"@type":"Organization","@id":"https:\/\/feda.org\/feda2k16\/#organization","name":"FEDA","alternateName":"Federaci\u00f3n Espa\u00f1ola de Ajedrez","url":"https:\/\/feda.org\/feda2k16\/","logo":{"@type":"ImageObject","inLanguage":"es","@id":"https:\/\/feda.org\/feda2k16\/#\/schema\/logo\/image\/","url":"https:\/\/feda.org\/feda2k16\/wp-content\/uploads\/NuevoLogo_FEDA_2016.png","contentUrl":"https:\/\/feda.org\/feda2k16\/wp-content\/uploads\/NuevoLogo_FEDA_2016.png","width":600,"height":600,"caption":"FEDA"},"image":{"@id":"https:\/\/feda.org\/feda2k16\/#\/schema\/logo\/image\/"},"sameAs":["https:\/\/www.facebook.com\/federacionespanoladeajedrez\/","https:\/\/x.com\/AjedrezEspanola","https:\/\/www.instagram.com\/federacionespanolaajedrez\/?hl=es","https:\/\/www.youtube.com\/@FederacionEspanoladeAjedrezFED\/featured"]},{"@type":"Person","@id":"https:\/\/feda.org\/feda2k16\/#\/schema\/person\/6f81e48d83f6f1503890fdb658f2ff4e","name":"Nacho","url":"https:\/\/feda.org\/feda2k16\/author\/nacho\/"}]}},"_links":{"self":[{"href":"https:\/\/feda.org\/feda2k16\/wp-json\/wp\/v2\/posts\/17276","targetHints":{"allow":["GET"]}}],"collection":[{"href":"https:\/\/feda.org\/feda2k16\/wp-json\/wp\/v2\/posts"}],"about":[{"href":"https:\/\/feda.org\/feda2k16\/wp-json\/wp\/v2\/types\/post"}],"author":[{"embeddable":true,"href":"https:\/\/feda.org\/feda2k16\/wp-json\/wp\/v2\/users\/2"}],"replies":[{"embeddable":true,"href":"https:\/\/feda.org\/feda2k16\/wp-json\/wp\/v2\/comments?post=17276"}],"version-history":[{"count":2,"href":"https:\/\/feda.org\/feda2k16\/wp-json\/wp\/v2\/posts\/17276\/revisions"}],"predecessor-version":[{"id":17280,"href":"https:\/\/feda.org\/feda2k16\/wp-json\/wp\/v2\/posts\/17276\/revisions\/17280"}],"wp:attachment":[{"href":"https:\/\/feda.org\/feda2k16\/wp-json\/wp\/v2\/media?parent=17276"}],"wp:term":[{"taxonomy":"category","embeddable":true,"href":"https:\/\/feda.org\/feda2k16\/wp-json\/wp\/v2\/categories?post=17276"},{"taxonomy":"post_tag","embeddable":true,"href":"https:\/\/feda.org\/feda2k16\/wp-json\/wp\/v2\/tags?post=17276"}],"curies":[{"name":"wp","href":"https:\/\/api.w.org\/{rel}","templated":true}]}}