{"id":1751,"date":"2015-07-23T21:42:00","date_gmt":"2015-07-23T21:42:00","guid":{"rendered":"http:\/\/localhost:8888\/feda2k16\/?p=1751"},"modified":"2016-08-06T08:34:01","modified_gmt":"2016-08-06T08:34:01","slug":"circular-23-2015-convocatoria-del-campeonato-de-espana-individual-femenino-2015","status":"publish","type":"post","link":"https:\/\/feda.org\/feda2k16\/circular-23-2015-convocatoria-del-campeonato-de-espana-individual-femenino-2015\/","title":{"rendered":"Circular 23\/2015 &#8211; Convocatoria del Campeonato de Espa\u00f1a Individual Femenino 2015"},"content":{"rendered":"<p align=\"center\"> \t<strong>A TODAS LAS FEDERACIONES AUTONOMICAS<\/strong><\/p>\n<p align=\"center\"> \t<strong>Ref.: Convocatoria del Campeonato de Espa\u00f1a Individual Femenino 2015.<\/strong><\/p>\n<p> \t<a href=\"http:\/\/feda.org\/feda2k16\/wp-content\/uploads\/files\/Circulares\/C23-Convoc_Cto_Espaa_Femenino_2015.pdf\">Descargar en PDF<\/a>.<\/p>\n<p> \t<strong>ORGANIZACI\u00d3N<\/strong><\/p>\n<p> \tOrganiza la Federaci\u00f3n Espa\u00f1ola de Ajedrez, con la colaboraci\u00f3n del Ayuntamiento de Linares y la Federaci\u00f3n Andaluza de Ajedrez.<\/p>\n<p> \tEl Director del Campeonato ser\u00e1 D. Francisco Fern\u00e1ndez Albalate<\/p>\n<p> \t&nbsp;<\/p>\n<p> \t<strong>PATROCINAN<\/strong><\/p>\n<p> \t<strong>Diputaci\u00f3n de Ja\u00e9n<\/strong>. <a href=\"http:\/\/www.dipujaen.es\">www.dipujaen.es<\/a><\/p>\n<p> \t<strong>Ayuntamiento de Linares<\/strong>. <a href=\"http:\/\/www.ciudaddelinares.es\">www.ciudaddelinares.es<\/a><\/p>\n<p> \t&nbsp;<\/p>\n<p> \t<strong>COLABORAN<\/strong><\/p>\n<p> \t<strong>Hotel RL An\u00edbal de Linares<\/strong><\/p>\n<p> \tHotel Victoria de Linares<\/p>\n<p> \tHotel Cervantes de Linares<\/p>\n<p> \tHotel Baviera de Linares<\/p>\n<p> \tHotel Santiago de Linares<\/p>\n<p> \tAsociaci\u00f3n de Comerciantes e Industriales de Linares \u2013 ACIL<\/p>\n<p> \t&nbsp;<\/p>\n<p> \t<strong>SISTEMA Y CALENDARIO DE JUEG<\/strong><\/p>\n<p> \tSistema Suizo a&nbsp; 9 rondas.<\/p>\n<p> \tEl Campeonato ser\u00e1 valedero para Elo FIDE, FEDA y para la consecuci\u00f3n de Normas.<\/p>\n<p> \tLa velocidad de juego ser\u00e1 la siguiente: 90 minutos de tiempo total m\u00e1s treinta segundos de incremento por jugada efectuada, por jugadora y para toda la partida.<\/p>\n<p> \tToda jugadora que no est\u00e9 presente en el tablero transcurridos <u>15 minutos<\/u> de la hora prevista para el inicio, perder\u00e1 su partida.<\/p>\n<p> \tEl Campeonato se jugar\u00e1 en el <strong>Auditorio El P\u00f3sito Linares, <\/strong>c\/. Iglesia, 8 LINARES (Ja\u00e9n), junto con el CECLUB de Divisi\u00f3n de Honor.<\/p>\n<p> \t&nbsp;<\/p>\n<p> \t<strong>Calendario<\/strong><\/p>\n<table border=\"1\" cellpadding=\"0\" cellspacing=\"0\" class=\"mtr-table mtr-tr-td\">\n<tbody>\n<tr>\n<td style=\"width:111px;\" data-mtr-content=\"\n \t\t\t\t\t14\/15-08-2015\n\" class=\"mtr-td-tag\"><div class=\"mtr-cell-content\">\n<p> \t\t\t\t\t14\/15-08-2015<\/p>\n<\/div><\/td>\n<td style=\"width:59px;\" data-mtr-content=\"\n \t\t\t\t\t\u00a0\n\" class=\"mtr-td-tag\"><div class=\"mtr-cell-content\">\n<p> \t\t\t\t\t\u00a0<\/p>\n<\/div><\/td>\n<td style=\"width:312px;\" data-mtr-content=\"\n \t\t\t\t\tLlegada de participantes y acreditaci\u00f3n\n\" class=\"mtr-td-tag\"><div class=\"mtr-cell-content\">\n<p> \t\t\t\t\tLlegada de participantes y acreditaci\u00f3n<\/p>\n<\/div><\/td>\n<\/tr>\n<tr>\n<td style=\"width:111px;\" data-mtr-content=\"\n \t\t\t\t\t14\/15-08-2015\n\" class=\"mtr-td-tag\"><div class=\"mtr-cell-content\">\n<p> \t\t\t\t\t15-08-2015<\/p>\n<\/div><\/td>\n<td style=\"width:59px;\" data-mtr-content=\"\n \t\t\t\t\t\u00a0\n\" class=\"mtr-td-tag\"><div class=\"mtr-cell-content\">\n<p> \t\t\t\t\t17:00<\/p>\n<\/div><\/td>\n<td style=\"width:312px;\" data-mtr-content=\"\n \t\t\t\t\tLlegada de participantes y acreditaci\u00f3n\n\" class=\"mtr-td-tag\"><div class=\"mtr-cell-content\">\n<p> \t\t\t\t\tPrimera Ronda<\/p>\n<\/div><\/td>\n<\/tr>\n<tr>\n<td style=\"width:111px;\" data-mtr-content=\"\n \t\t\t\t\t14\/15-08-2015\n\" class=\"mtr-td-tag\"><div class=\"mtr-cell-content\">\n<p> \t\t\t\t\t16-08-2015<\/p>\n<\/div><\/td>\n<td style=\"width:59px;\" data-mtr-content=\"\n \t\t\t\t\t\u00a0\n\" class=\"mtr-td-tag\"><div class=\"mtr-cell-content\">\n<p> \t\t\t\t\t10:00<\/p>\n<\/div><\/td>\n<td style=\"width:312px;\" data-mtr-content=\"\n \t\t\t\t\tLlegada de participantes y acreditaci\u00f3n\n\" class=\"mtr-td-tag\"><div class=\"mtr-cell-content\">\n<p> \t\t\t\t\tSegunda Ronda<\/p>\n<\/div><\/td>\n<\/tr>\n<tr>\n<td style=\"width:111px;\" data-mtr-content=\"\n \t\t\t\t\t14\/15-08-2015\n\" class=\"mtr-td-tag\"><div class=\"mtr-cell-content\">\n<p> \t\t\t\t\t16-08-2015<\/p>\n<\/div><\/td>\n<td style=\"width:59px;\" data-mtr-content=\"\n \t\t\t\t\t\u00a0\n\" class=\"mtr-td-tag\"><div class=\"mtr-cell-content\">\n<p> \t\t\t\t\t17:00<\/p>\n<\/div><\/td>\n<td style=\"width:312px;\" data-mtr-content=\"\n \t\t\t\t\tLlegada de participantes y acreditaci\u00f3n\n\" class=\"mtr-td-tag\"><div class=\"mtr-cell-content\">\n<p> \t\t\t\t\tTercera\u00a0 Ronda<\/p>\n<\/div><\/td>\n<\/tr>\n<tr>\n<td style=\"width:111px;\" data-mtr-content=\"\n \t\t\t\t\t14\/15-08-2015\n\" class=\"mtr-td-tag\"><div class=\"mtr-cell-content\">\n<p> \t\t\t\t\t17-08-2015<\/p>\n<\/div><\/td>\n<td style=\"width:59px;\" data-mtr-content=\"\n \t\t\t\t\t\u00a0\n\" class=\"mtr-td-tag\"><div class=\"mtr-cell-content\">\n<p> \t\t\t\t\t17:00<\/p>\n<\/div><\/td>\n<td style=\"width:312px;\" data-mtr-content=\"\n \t\t\t\t\tLlegada de participantes y acreditaci\u00f3n\n\" class=\"mtr-td-tag\"><div class=\"mtr-cell-content\">\n<p> \t\t\t\t\tCuarta Ronda<\/p>\n<\/div><\/td>\n<\/tr>\n<tr>\n<td style=\"width:111px;\" data-mtr-content=\"\n \t\t\t\t\t14\/15-08-2015\n\" class=\"mtr-td-tag\"><div class=\"mtr-cell-content\">\n<p> \t\t\t\t\t18-08-2015<\/p>\n<\/div><\/td>\n<td style=\"width:59px;\" data-mtr-content=\"\n \t\t\t\t\t\u00a0\n\" class=\"mtr-td-tag\"><div class=\"mtr-cell-content\">\n<p> \t\t\t\t\t10:00<\/p>\n<\/div><\/td>\n<td style=\"width:312px;\" data-mtr-content=\"\n \t\t\t\t\tLlegada de participantes y acreditaci\u00f3n\n\" class=\"mtr-td-tag\"><div class=\"mtr-cell-content\">\n<p> \t\t\t\t\tQuinta Ronda<\/p>\n<\/div><\/td>\n<\/tr>\n<tr>\n<td style=\"width:111px;\" data-mtr-content=\"\n \t\t\t\t\t14\/15-08-2015\n\" class=\"mtr-td-tag\"><div class=\"mtr-cell-content\">\n<p> \t\t\t\t\t18-08-2015<\/p>\n<\/div><\/td>\n<td style=\"width:59px;\" data-mtr-content=\"\n \t\t\t\t\t\u00a0\n\" class=\"mtr-td-tag\"><div class=\"mtr-cell-content\">\n<p> \t\t\t\t\t17:00<\/p>\n<\/div><\/td>\n<td style=\"width:312px;\" data-mtr-content=\"\n \t\t\t\t\tLlegada de participantes y acreditaci\u00f3n\n\" class=\"mtr-td-tag\"><div class=\"mtr-cell-content\">\n<p> \t\t\t\t\tSexta Ronda<\/p>\n<\/div><\/td>\n<\/tr>\n<tr>\n<td style=\"width:111px;\" data-mtr-content=\"\n \t\t\t\t\t14\/15-08-2015\n\" class=\"mtr-td-tag\"><div class=\"mtr-cell-content\">\n<p> \t\t\t\t\t19-08-2015<\/p>\n<\/div><\/td>\n<td style=\"width:59px;\" data-mtr-content=\"\n \t\t\t\t\t\u00a0\n\" class=\"mtr-td-tag\"><div class=\"mtr-cell-content\">\n<p> \t\t\t\t\t17:00<\/p>\n<\/div><\/td>\n<td style=\"width:312px;\" data-mtr-content=\"\n \t\t\t\t\tLlegada de participantes y acreditaci\u00f3n\n\" class=\"mtr-td-tag\"><div class=\"mtr-cell-content\">\n<p> \t\t\t\t\tS\u00e9ptima Ronda<\/p>\n<\/div><\/td>\n<\/tr>\n<tr>\n<td style=\"width:111px;\" data-mtr-content=\"\n \t\t\t\t\t14\/15-08-2015\n\" class=\"mtr-td-tag\"><div class=\"mtr-cell-content\">\n<p> \t\t\t\t\t20-08-2015<\/p>\n<\/div><\/td>\n<td style=\"width:59px;\" data-mtr-content=\"\n \t\t\t\t\t\u00a0\n\" class=\"mtr-td-tag\"><div class=\"mtr-cell-content\">\n<p> \t\t\t\t\t17:00<\/p>\n<\/div><\/td>\n<td style=\"width:312px;\" data-mtr-content=\"\n \t\t\t\t\tLlegada de participantes y acreditaci\u00f3n\n\" class=\"mtr-td-tag\"><div class=\"mtr-cell-content\">\n<p> \t\t\t\t\tOctava Ronda<\/p>\n<\/div><\/td>\n<\/tr>\n<tr>\n<td style=\"width:111px;\" data-mtr-content=\"\n \t\t\t\t\t14\/15-08-2015\n\" class=\"mtr-td-tag\"><div class=\"mtr-cell-content\">\n<p> \t\t\t\t\t21-08-2015<\/p>\n<\/div><\/td>\n<td style=\"width:59px;\" data-mtr-content=\"\n \t\t\t\t\t\u00a0\n\" class=\"mtr-td-tag\"><div class=\"mtr-cell-content\">\n<p> \t\t\t\t\t09:30<\/p>\n<\/div><\/td>\n<td style=\"width:312px;\" data-mtr-content=\"\n \t\t\t\t\tLlegada de participantes y acreditaci\u00f3n\n\" class=\"mtr-td-tag\"><div class=\"mtr-cell-content\">\n<p> \t\t\t\t\tNovena Ronda<\/p>\n<\/div><\/td>\n<\/tr>\n<tr>\n<td style=\"width:111px;\" data-mtr-content=\"\n \t\t\t\t\t14\/15-08-2015\n\" class=\"mtr-td-tag\"><div class=\"mtr-cell-content\">\n<p> \t\t\t\t\t21-08-2015<\/p>\n<\/div><\/td>\n<td style=\"width:59px;\" data-mtr-content=\"\n \t\t\t\t\t\u00a0\n\" class=\"mtr-td-tag\"><div class=\"mtr-cell-content\">\n<p> \t\t\t\t\t14:00<\/p>\n<\/div><\/td>\n<td style=\"width:312px;\" data-mtr-content=\"\n \t\t\t\t\tLlegada de participantes y acreditaci\u00f3n\n\" class=\"mtr-td-tag\"><div class=\"mtr-cell-content\">\n<p> \t\t\t\t\tEntrega de premios y salida de participantes<\/p>\n<\/div><\/td>\n<\/tr>\n<\/tbody>\n<\/table>\n<p> \tSer\u00e1 de aplicaci\u00f3n el Reglamento General de Competiciones de la FEDA.<\/p>\n<p> \t&nbsp;<\/p>\n<p> \t<strong>PARTICIPACI\u00d3N<\/strong><\/p>\n<p style=\"margin-left:36.0pt;\"> \ta)&nbsp;&nbsp;&nbsp;&nbsp; Una representante designada por cada Federaci\u00f3n Auton\u00f3mica.<\/p>\n<p style=\"margin-left:36.0pt;\"> \tb)&nbsp;&nbsp;&nbsp; La Campeona de Espa\u00f1a Femenina 2014.<\/p>\n<p style=\"margin-left:36.0pt;\"> \tc)&nbsp;&nbsp;&nbsp;&nbsp; Las participantes que tengan plaza seg\u00fan los acuerdos con las Federaciones Auton\u00f3micas.<\/p>\n<p style=\"margin-left:36.0pt;\"> \td)&nbsp;&nbsp;&nbsp; Las mejores jugadoras espa\u00f1olas, con Elo FIDE superior a 2225, seg\u00fan lo establecido reglamentariamente.<\/p>\n<p> \tLos costes de estancia de las participantes mencionadas ir\u00e1n con cargo a los presupuestos de la FEDA, en habitaci\u00f3n doble y pensi\u00f3n completa desde la noche del d\u00eda 14 de agosto, con cena, a la comida del d\u00eda 21 de agosto.<\/p>\n<p> \t&nbsp;<\/p>\n<p> \t<strong>Otras participantes:<\/strong><\/p>\n<p> \tEl Campeonato estar\u00e1 abierto tambi\u00e9n a las jugadoras que deseen participar, con licencia FEDA y bandera ESP en la FIDE.<\/p>\n<p> \t<strong><strong>INSCRIPCIONES Y PLAZOS<\/strong><\/strong><\/p>\n<p> \tEl canon de inscripci\u00f3n se fija en <strong>40,00 \u20ac.<\/strong><\/p>\n<p> \tEl plazo ordinario de inscripci\u00f3n ser\u00e1 hasta el d\u00eda <strong><u>6 de agosto de 2015.<\/u><\/strong><\/p>\n<p> \tTodas las inscripciones deber\u00e1n formalizarse en la FEDA a trav\u00e9s de su Federaci\u00f3n Auton\u00f3mica, en los plazos establecidos. Para que una inscripci\u00f3n sea considerada firme, deber\u00e1 haberse abonado el canon a la siguiente cuenta de la FEDA:<\/p>\n<p> \t<strong>IBERCAJA, <\/strong>IBAN: <strong>ES50<\/strong> <strong>2085 8024 9503 0002 5965<\/strong><\/p>\n<p> \t&nbsp;<\/p>\n<p> \tEn el documento de transferencia deber\u00e1 indicarse, necesariamente, nombre y dos apellidos de la inscrita y siglas de la Federaci\u00f3n Auton\u00f3mica a la que pertenece.<\/p>\n<p> \tLas jugadoras con el t\u00edtulo de Gran Maestra \u00f3 Maestra Internacional con licencia en vigor expedida por la FEDA, estar\u00e1n exentas del pago del canon de inscripci\u00f3n dentro del plazo ordinario.<\/p>\n<p> \tLa Junta Directiva podr\u00e1 admitir inscripciones fuera del plazo ordinario, a las que corresponder\u00e1 el abono de un canon de 60,00\u20ac.<\/p>\n<p> \t<strong>Adem\u00e1s de la inscripci\u00f3n, que en todo caso debe hacerse a la FEDA, las participantes Open deber\u00e1n efectuar sus reservas de habitaci\u00f3n directamente al hotel.<\/strong><\/p>\n<p> \t&nbsp;<\/p>\n<p> \t<strong>PREMIOS <\/strong><\/p>\n<table align=\"center\" border=\"0\" cellpadding=\"0\" cellspacing=\"0\" style=\"width:251px;\" width=\"188\">\n<tbody>\n<tr>\n<td colspan=\"2\" nowrap=\"nowrap\" style=\"width:251px;height:20px;\">\n<p align=\"center\"> \t\t\t\t\t<strong><u>Clasificaci\u00f3n General<\/u><\/strong><\/p>\n<\/td>\n<\/tr>\n<tr>\n<td nowrap=\"nowrap\" style=\"width:156px;height:20px;\">\n<p> \t\t\t\t\t<strong>1\u00aa Clasificada <\/strong><\/p>\n<\/td>\n<td nowrap=\"nowrap\" style=\"width:95px;height:20px;\">\n<p align=\"right\"> \t\t\t\t\t&nbsp;&nbsp;&nbsp; 1.000,00 \u20ac<\/p>\n<\/td>\n<\/tr>\n<tr>\n<td nowrap=\"nowrap\" style=\"width:156px;height:20px;\">\n<p> \t\t\t\t\t<strong>2\u00aa Clasificada<\/strong><\/p>\n<\/td>\n<td nowrap=\"nowrap\" style=\"width:95px;height:20px;\">\n<p align=\"right\"> \t\t\t\t\t&nbsp;&nbsp;&nbsp;&nbsp;&nbsp;&nbsp; 750,00 \u20ac<\/p>\n<\/td>\n<\/tr>\n<tr>\n<td nowrap=\"nowrap\" style=\"width:156px;height:20px;\">\n<p> \t\t\t\t\t<strong>3\u00ba Clasificada<\/strong><\/p>\n<\/td>\n<td nowrap=\"nowrap\" style=\"width:95px;height:20px;\">\n<p align=\"right\"> \t\t\t\t\t&nbsp;&nbsp;&nbsp;&nbsp;&nbsp;&nbsp; 500,00 \u20ac<\/p>\n<\/td>\n<\/tr>\n<tr>\n<td nowrap=\"nowrap\" style=\"width:156px;height:20px;\">\n<p> \t\t\t\t\t<strong>4\u00aa Clasificada<\/strong><\/p>\n<\/td>\n<td nowrap=\"nowrap\" style=\"width:95px;height:20px;\">\n<p align=\"right\"> \t\t\t\t\t300,00 \u20ac<\/p>\n<\/td>\n<\/tr>\n<tr>\n<td nowrap=\"nowrap\" style=\"width:156px;height:20px;\">\n<p> \t\t\t\t\t<strong>5\u00aa Clasificada<\/strong><\/p>\n<\/td>\n<td nowrap=\"nowrap\" style=\"width:95px;height:20px;\">\n<p align=\"right\"> \t\t\t\t\t200,00 \u20ac<\/p>\n<\/td>\n<\/tr>\n<\/tbody>\n<\/table>\n<div style=\"clear:both;\"> \t&nbsp;<\/div>\n<p> \t&nbsp;<\/p>\n<p align=\"center\"> \t<strong>A todos los premios se les aplicar\u00e1 la retenci\u00f3n que corresponda<\/strong><\/p>\n<p> \t&nbsp;<\/p>\n<p> \t&nbsp;<\/p>\n<p> \tLa primera clasificada obtendr\u00e1 el t\u00edtulo de Campeona de Espa\u00f1a Femenina y plaza directa para la Selecci\u00f3n Espa\u00f1ola Femenina que participar\u00e1 en la Olimpiada de Selecciones, Bak\u00fa, Azerbaiy\u00e1n, del 17 al 30 de septiembre de 2016. Esta plaza no tendr\u00e1 posibilidad de sustituci\u00f3n para las siguientes clasificadas.<\/p>\n<p> \t&nbsp;<\/p>\n<p> \t<strong>ALOJAMIENTO<\/strong><\/p>\n<p> \t&nbsp;<\/p>\n<p> \tLas personas cuyo coste de alojamiento y manutenci\u00f3n sea asumido por la FEDA se alojar\u00e1n en el Hotel Oficial. No se compensar\u00e1n gastos por ning\u00fan concepto a las no alojadas en este Hotel.<\/p>\n<p> \tLas reservas de jugadoras invitadas deber\u00e1n efectuarse <u>a trav\u00e9s de la FEDA<\/u><\/p>\n<p> \t&nbsp;<\/p>\n<p> \t&nbsp;<\/p>\n<p> \t<strong>ACUERDO CON ACIL. Asociaci\u00f3n de Comerciantes e Industriales de Linares<\/strong><\/p>\n<p> \t&nbsp;<\/p>\n<p> \tLa Organizaci\u00f3n ha acordado con ACIL la emisi\u00f3n de vales para comidas y otras compras, que ser\u00e1n aceptados en m\u00e1s de 60 establecimientos de Linares, en especial restaurantes y bares.<\/p>\n<p> \t&nbsp;Estos vales se podr\u00e1n adquirir directamente a la Organizaci\u00f3n, que proporcionar\u00e1 adem\u00e1s un listado y un mapa de los establecimientos colaboradores.<\/p>\n<p> \t&nbsp;<\/p>\n<p> \t&nbsp;<\/p>\n<p> \t&nbsp;Para las personas que acudan a los campeonatos con estancia y manutenci\u00f3n con cargo a la FEDA, se les contratar\u00e1 el Hotel Oficial con media pensi\u00f3n y se les facilitar\u00e1n vales por importe equivalente a una comida por d\u00eda, que podr\u00e1n canjear en cualquiera de los restaurantes y bares colaboradores.<\/p>\n<p> \t&nbsp;<\/p>\n<p> \t<strong>HOTEL OFICIAL:<\/strong><\/p>\n<p> \t&nbsp;<\/p>\n<p> \tEl Hotel oficial del Campeonato ser\u00e1 el <strong>Hotel RL An\u00edbal de Linares****<\/strong>.&nbsp; <a href=\"http:\/\/www.hotelanibal.com\">www.hotelanibal.com<\/a><\/p>\n<p> \tc\/. Cid Campeador, 11<\/p>\n<p> \t23700 LINARES<\/p>\n<p> \tTel&nbsp; 953 65 04 00&nbsp; Fax 953 65 22 04&nbsp; <a href=\"mailto:reservas@hotelanibal.com\">reservas@hotelanibal.com<\/a><\/p>\n<p> \t&nbsp;<\/p>\n<p> \t<strong>PRECIOS: <\/strong>Precios por persona y d\u00eda, IVA incluido:<\/p>\n<p style=\"margin-left:36.0pt;\"> \t&nbsp;&nbsp;&nbsp;&nbsp;&nbsp;&nbsp;&nbsp;&nbsp;&nbsp;&nbsp;&nbsp;&nbsp;&nbsp;&nbsp;&nbsp;&nbsp;&nbsp;&nbsp;<\/p>\n<table align=\"center\" border=\"1\" cellpadding=\"0\" cellspacing=\"0\" style=\"width:560px;\" width=\"420\" class=\"mtr-table mtr-tr-td\">\n<tbody>\n<tr>\n<td style=\"width:242px;\" data-mtr-content=\"\n \t\t\t\t\tTipo de alojamiento\n\" class=\"mtr-td-tag\"><div class=\"mtr-cell-content\">\n<p align=\"center\" style=\"margin-left:18.6pt;\"> \t\t\t\t\t<strong>Tipo de alojamiento<\/strong><\/p>\n<\/div><\/td>\n<td style=\"width:104px;\" data-mtr-content=\"\n \t\t\t\t\tAloj. y Desay.\n\" class=\"mtr-td-tag\"><div class=\"mtr-cell-content\">\n<p align=\"center\" style=\"margin-left:18.6pt;\"> \t\t\t\t\t<strong>Aloj. y Desay.<\/strong><\/p>\n<\/div><\/td>\n<td style=\"width:97px;\" data-mtr-content=\"\n \t\t\t\t\tMedia Pens.\n\" class=\"mtr-td-tag\"><div class=\"mtr-cell-content\">\n<p align=\"center\" style=\"margin-left:18.6pt;\"> \t\t\t\t\t<strong>Media Pens.<\/strong><\/p>\n<\/div><\/td>\n<td style=\"width:117px;\" data-mtr-content=\"\n \t\t\t\t\tPens. Completa\n\" class=\"mtr-td-tag\"><div class=\"mtr-cell-content\">\n<p align=\"center\" style=\"margin-left:18.6pt;\"> \t\t\t\t\t<strong>Pens. Completa<\/strong><\/p>\n<\/div><\/td>\n<\/tr>\n<tr>\n<td style=\"width:242px;\" data-mtr-content=\"\n \t\t\t\t\tTipo de alojamiento\n\" class=\"mtr-td-tag\"><div class=\"mtr-cell-content\">\n<p style=\"margin-left:18.6pt;\"> \t\t\t\t\t<strong>\u00a0 Habitaci\u00f3n Doble de uso\u00a0 individual<\/strong><\/p>\n<\/div><\/td>\n<td style=\"width:104px;\" data-mtr-content=\"\n \t\t\t\t\tAloj. y Desay.\n\" class=\"mtr-td-tag\"><div class=\"mtr-cell-content\">\n<p align=\"center\" style=\"margin-left:18.6pt;\"> \t\t\t\t\t38,50 \u20ac<\/p>\n<\/div><\/td>\n<td style=\"width:97px;\" data-mtr-content=\"\n \t\t\t\t\tMedia Pens.\n\" class=\"mtr-td-tag\"><div class=\"mtr-cell-content\">\n<p align=\"center\" style=\"margin-left:18.6pt;\"> \t\t\t\t\t44,00 \u20ac<\/p>\n<\/div><\/td>\n<td style=\"width:117px;\" data-mtr-content=\"\n \t\t\t\t\tPens. Completa\n\" class=\"mtr-td-tag\"><div class=\"mtr-cell-content\">\n<p align=\"center\" style=\"margin-left:18.6pt;\"> \t\t\t\t\t51,00 \u20ac<\/p>\n<\/div><\/td>\n<\/tr>\n<tr>\n<td style=\"width:242px;\" data-mtr-content=\"\n \t\t\t\t\tTipo de alojamiento\n\" class=\"mtr-td-tag\"><div class=\"mtr-cell-content\">\n<p style=\"margin-left:18.6pt;\"> \t\t\t\t\t<strong>\u00a0 Habitaci\u00f3n Doble<\/strong><\/p>\n<\/div><\/td>\n<td style=\"width:104px;\" data-mtr-content=\"\n \t\t\t\t\tAloj. y Desay.\n\" class=\"mtr-td-tag\"><div class=\"mtr-cell-content\">\n<p align=\"center\" style=\"margin-left:18.6pt;\"> \t\t\t\t\t27,50 \u20ac<\/p>\n<\/div><\/td>\n<td style=\"width:97px;\" data-mtr-content=\"\n \t\t\t\t\tMedia Pens.\n\" class=\"mtr-td-tag\"><div class=\"mtr-cell-content\">\n<p align=\"center\" style=\"margin-left:18.6pt;\"> \t\t\t\t\t33,00 \u20ac<\/p>\n<\/div><\/td>\n<td style=\"width:117px;\" data-mtr-content=\"\n \t\t\t\t\tPens. Completa\n\" class=\"mtr-td-tag\"><div class=\"mtr-cell-content\">\n<p align=\"center\" style=\"margin-left:18.6pt;\"> \t\t\t\t\t42,00 \u20ac<\/p>\n<\/div><\/td>\n<\/tr>\n<tr>\n<td style=\"width:242px;\" data-mtr-content=\"\n \t\t\t\t\tTipo de alojamiento\n\" class=\"mtr-td-tag\"><div class=\"mtr-cell-content\">\n<p style=\"margin-left:18.6pt;\"> \t\t\t\t\t<strong>\u00a0 Habitaci\u00f3n Triple<\/strong><\/p>\n<\/div><\/td>\n<td style=\"width:104px;\" data-mtr-content=\"\n \t\t\t\t\tAloj. y Desay.\n\" class=\"mtr-td-tag\"><div class=\"mtr-cell-content\">\n<p align=\"center\" style=\"margin-left:18.6pt;\"> \t\t\t\t\t26,50 \u20ac<\/p>\n<\/div><\/td>\n<td style=\"width:97px;\" data-mtr-content=\"\n \t\t\t\t\tMedia Pens.\n\" class=\"mtr-td-tag\"><div class=\"mtr-cell-content\">\n<p align=\"center\" style=\"margin-left:18.6pt;\"> \t\t\t\t\t32,00 \u20ac<\/p>\n<\/div><\/td>\n<td style=\"width:117px;\" data-mtr-content=\"\n \t\t\t\t\tPens. Completa\n\" class=\"mtr-td-tag\"><div class=\"mtr-cell-content\">\n<p align=\"center\" style=\"margin-left:18.6pt;\"> \t\t\t\t\t37,00 \u20ac<\/p>\n<\/div><\/td>\n<\/tr>\n<\/tbody>\n<\/table>\n<div style=\"clear:both;\"> \t&nbsp;<\/div>\n<p> \t&nbsp;<\/p>\n<p> \t&nbsp;<\/p>\n<p> \t<strong>HOTELES ALTERNATIVOS:<\/strong><\/p>\n<p> \t&nbsp;<\/p>\n<p> \t<strong>Hotel Victoria de Linares***<\/strong>.&nbsp; <a href=\"http:\/\/www.hotelvictoria.org\">www.hotelvictoria.org<\/a><\/p>\n<p> \tc\/. Cervantes, 7 y 9<\/p>\n<p> \t23700 LINARES<\/p>\n<p> \tTel&nbsp; 953 69 25 00 <a href=\"mailto:victoriahotel@terra.es\">victoriahotel@terra.es<\/a><\/p>\n<p> \t&nbsp;<\/p>\n<p> \t<strong>PRECIOS: <\/strong>Precios por persona y d\u00eda, IVA incluido:<\/p>\n<p style=\"margin-left:36.0pt;\"> \t&nbsp;&nbsp;&nbsp;&nbsp;&nbsp;&nbsp;&nbsp;&nbsp;&nbsp;&nbsp;&nbsp;&nbsp;&nbsp;&nbsp;&nbsp;&nbsp;&nbsp;&nbsp;<\/p>\n<table align=\"center\" border=\"1\" cellpadding=\"0\" cellspacing=\"0\" style=\"width:560px;\" width=\"420\" class=\"mtr-table mtr-tr-td\">\n<tbody>\n<tr>\n<td style=\"width:242px;\" data-mtr-content=\"\n \t\t\t\t\tTipo de alojamiento\n\" class=\"mtr-td-tag\"><div class=\"mtr-cell-content\">\n<p align=\"center\" style=\"margin-left:18.6pt;\"> \t\t\t\t\t<strong>Tipo de alojamiento<\/strong><\/p>\n<\/div><\/td>\n<td style=\"width:104px;\" data-mtr-content=\"\n \t\t\t\t\tAloj. y Desay.\n\" class=\"mtr-td-tag\"><div class=\"mtr-cell-content\">\n<p align=\"center\" style=\"margin-left:18.6pt;\"> \t\t\t\t\t<strong>Aloj. y Desay.<\/strong><\/p>\n<\/div><\/td>\n<td style=\"width:97px;\" data-mtr-content=\"\n \t\t\t\t\tMedia Pens.\n\" class=\"mtr-td-tag\"><div class=\"mtr-cell-content\">\n<p align=\"center\" style=\"margin-left:18.6pt;\"> \t\t\t\t\t<strong>Media Pens.<\/strong><\/p>\n<\/div><\/td>\n<td style=\"width:117px;\" data-mtr-content=\"\n \t\t\t\t\tPens. Completa\n\" class=\"mtr-td-tag\"><div class=\"mtr-cell-content\">\n<p align=\"center\" style=\"margin-left:18.6pt;\"> \t\t\t\t\t<strong>Pens. Completa<\/strong><\/p>\n<\/div><\/td>\n<\/tr>\n<tr>\n<td style=\"width:242px;\" data-mtr-content=\"\n \t\t\t\t\tTipo de alojamiento\n\" class=\"mtr-td-tag\"><div class=\"mtr-cell-content\">\n<p style=\"margin-left:18.6pt;\"> \t\t\t\t\t<strong>\u00a0 Habitaci\u00f3n Doble de uso\u00a0 individual<\/strong><\/p>\n<\/div><\/td>\n<td style=\"width:104px;\" data-mtr-content=\"\n \t\t\t\t\tAloj. y Desay.\n\" class=\"mtr-td-tag\"><div class=\"mtr-cell-content\">\n<p align=\"center\" style=\"margin-left:18.6pt;\"> \t\t\t\t\t30,00 \u20ac<\/p>\n<\/div><\/td>\n<td style=\"width:97px;\" data-mtr-content=\"\n \t\t\t\t\tMedia Pens.\n\" class=\"mtr-td-tag\"><div class=\"mtr-cell-content\">\n<p align=\"center\" style=\"margin-left:18.6pt;\"> \t\t\t\t\t38,00 \u20ac<\/p>\n<\/div><\/td>\n<td style=\"width:117px;\" data-mtr-content=\"\n \t\t\t\t\tPens. Completa\n\" class=\"mtr-td-tag\"><div class=\"mtr-cell-content\">\n<p align=\"center\" style=\"margin-left:18.6pt;\"> \t\t\t\t\t48,00 \u20ac<\/p>\n<\/div><\/td>\n<\/tr>\n<tr>\n<td style=\"width:242px;\" data-mtr-content=\"\n \t\t\t\t\tTipo de alojamiento\n\" class=\"mtr-td-tag\"><div class=\"mtr-cell-content\">\n<p style=\"margin-left:18.6pt;\"> \t\t\t\t\t<strong>\u00a0 Habitaci\u00f3n Doble<\/strong><\/p>\n<\/div><\/td>\n<td style=\"width:104px;\" data-mtr-content=\"\n \t\t\t\t\tAloj. y Desay.\n\" class=\"mtr-td-tag\"><div class=\"mtr-cell-content\">\n<p align=\"center\" style=\"margin-left:18.6pt;\"> \t\t\t\t\t22,00 \u20ac<\/p>\n<\/div><\/td>\n<td style=\"width:97px;\" data-mtr-content=\"\n \t\t\t\t\tMedia Pens.\n\" class=\"mtr-td-tag\"><div class=\"mtr-cell-content\">\n<p align=\"center\" style=\"margin-left:18.6pt;\"> \t\t\t\t\t31,50 \u20ac<\/p>\n<\/div><\/td>\n<td style=\"width:117px;\" data-mtr-content=\"\n \t\t\t\t\tPens. Completa\n\" class=\"mtr-td-tag\"><div class=\"mtr-cell-content\">\n<p align=\"center\" style=\"margin-left:18.6pt;\"> \t\t\t\t\t40,50 \u20ac<\/p>\n<\/div><\/td>\n<\/tr>\n<tr>\n<td style=\"width:242px;\" data-mtr-content=\"\n \t\t\t\t\tTipo de alojamiento\n\" class=\"mtr-td-tag\"><div class=\"mtr-cell-content\">\n<p style=\"margin-left:18.6pt;\"> \t\t\t\t\t<strong>\u00a0 Habitaci\u00f3n Triple<\/strong><\/p>\n<\/div><\/td>\n<td style=\"width:104px;\" data-mtr-content=\"\n \t\t\t\t\tAloj. y Desay.\n\" class=\"mtr-td-tag\"><div class=\"mtr-cell-content\">\n<p align=\"center\" style=\"margin-left:18.6pt;\"> \t\t\t\t\t20,80 \u20ac<\/p>\n<\/div><\/td>\n<td style=\"width:97px;\" data-mtr-content=\"\n \t\t\t\t\tMedia Pens.\n\" class=\"mtr-td-tag\"><div class=\"mtr-cell-content\">\n<p align=\"center\" style=\"margin-left:18.6pt;\"> \t\t\t\t\t29,80 \u20ac<\/p>\n<\/div><\/td>\n<td style=\"width:117px;\" data-mtr-content=\"\n \t\t\t\t\tPens. Completa\n\" class=\"mtr-td-tag\"><div class=\"mtr-cell-content\">\n<p align=\"center\" style=\"margin-left:18.6pt;\"> \t\t\t\t\t38,80 \u20ac<\/p>\n<\/div><\/td>\n<\/tr>\n<\/tbody>\n<\/table>\n<div style=\"clear:both;\"> \t&nbsp;<\/div>\n<div style=\"clear:both;\"> \t&nbsp;<\/div>\n<p> \t<strong>Hotel Cervantes de Linares***<\/strong>.&nbsp; <a href=\"http:\/\/www.hotelcervantes.info\">http:\/\/www.hotelcervantes.info<\/a><\/p>\n<p> \tc\/. Cervantes, 23<\/p>\n<p> \t23700 LINARES<\/p>\n<p> \tTel&nbsp; 953 690 500<\/p>\n<p> \t&nbsp;<\/p>\n<p> \t<strong>PRECIOS: <\/strong>Precios por persona y d\u00eda, IVA incluido:<\/p>\n<p style=\"margin-left:36.0pt;\"> \t&nbsp;&nbsp;&nbsp;&nbsp;&nbsp;&nbsp;&nbsp;&nbsp;&nbsp;&nbsp;&nbsp;&nbsp;&nbsp;&nbsp;&nbsp;&nbsp;&nbsp;&nbsp;<\/p>\n<table align=\"center\" border=\"1\" cellpadding=\"0\" cellspacing=\"0\" style=\"width:560px;\" width=\"420\" class=\"mtr-table mtr-tr-td\">\n<tbody>\n<tr>\n<td style=\"width:242px;\" data-mtr-content=\"\n \t\t\t\t\tTipo de alojamiento\n\" class=\"mtr-td-tag\"><div class=\"mtr-cell-content\">\n<p align=\"center\" style=\"margin-left:18.6pt;\"> \t\t\t\t\t<strong>Tipo de alojamiento<\/strong><\/p>\n<\/div><\/td>\n<td style=\"width:104px;\" data-mtr-content=\"\n \t\t\t\t\tAloj. y Desay.\n\" class=\"mtr-td-tag\"><div class=\"mtr-cell-content\">\n<p align=\"center\" style=\"margin-left:18.6pt;\"> \t\t\t\t\t<strong>Aloj. y Desay.<\/strong><\/p>\n<\/div><\/td>\n<td style=\"width:97px;\" data-mtr-content=\"\n \t\t\t\t\tMedia Pens.\n\" class=\"mtr-td-tag\"><div class=\"mtr-cell-content\">\n<p align=\"center\" style=\"margin-left:18.6pt;\"> \t\t\t\t\t<strong>Media Pens.<\/strong><\/p>\n<\/div><\/td>\n<td style=\"width:117px;\" data-mtr-content=\"\n \t\t\t\t\tPens. Completa\n\" class=\"mtr-td-tag\"><div class=\"mtr-cell-content\">\n<p align=\"center\" style=\"margin-left:18.6pt;\"> \t\t\t\t\t<strong>Pens. Completa<\/strong><\/p>\n<\/div><\/td>\n<\/tr>\n<tr>\n<td style=\"width:242px;\" data-mtr-content=\"\n \t\t\t\t\tTipo de alojamiento\n\" class=\"mtr-td-tag\"><div class=\"mtr-cell-content\">\n<p style=\"margin-left:18.6pt;\"> \t\t\t\t\t<strong>\u00a0 Habitaci\u00f3n individual<\/strong><\/p>\n<\/div><\/td>\n<td style=\"width:104px;\" data-mtr-content=\"\n \t\t\t\t\tAloj. y Desay.\n\" class=\"mtr-td-tag\"><div class=\"mtr-cell-content\">\n<p align=\"center\" style=\"margin-left:18.6pt;\"> \t\t\t\t\t30,00 \u20ac<\/p>\n<\/div><\/td>\n<td style=\"width:97px;\" data-mtr-content=\"\n \t\t\t\t\tMedia Pens.\n\" class=\"mtr-td-tag\"><div class=\"mtr-cell-content\">\n<p align=\"center\" style=\"margin-left:18.6pt;\"> \t\t\t\t\t40,00 \u20ac<\/p>\n<\/div><\/td>\n<td style=\"width:117px;\" data-mtr-content=\"\n \t\t\t\t\tPens. Completa\n\" class=\"mtr-td-tag\"><div class=\"mtr-cell-content\">\n<p align=\"center\" style=\"margin-left:18.6pt;\"> \t\t\t\t\t50,00 \u20ac<\/p>\n<\/div><\/td>\n<\/tr>\n<tr>\n<td style=\"width:242px;\" data-mtr-content=\"\n \t\t\t\t\tTipo de alojamiento\n\" class=\"mtr-td-tag\"><div class=\"mtr-cell-content\">\n<p style=\"margin-left:18.6pt;\"> \t\t\t\t\t<strong>\u00a0 Habitaci\u00f3n Doble<\/strong><\/p>\n<\/div><\/td>\n<td style=\"width:104px;\" data-mtr-content=\"\n \t\t\t\t\tAloj. y Desay.\n\" class=\"mtr-td-tag\"><div class=\"mtr-cell-content\">\n<p align=\"center\" style=\"margin-left:18.6pt;\"> \t\t\t\t\t20,00 \u20ac<\/p>\n<\/div><\/td>\n<td style=\"width:97px;\" data-mtr-content=\"\n \t\t\t\t\tMedia Pens.\n\" class=\"mtr-td-tag\"><div class=\"mtr-cell-content\">\n<p align=\"center\" style=\"margin-left:18.6pt;\"> \t\t\t\t\t30,00 \u20ac<\/p>\n<\/div><\/td>\n<td style=\"width:117px;\" data-mtr-content=\"\n \t\t\t\t\tPens. Completa\n\" class=\"mtr-td-tag\"><div class=\"mtr-cell-content\">\n<p align=\"center\" style=\"margin-left:18.6pt;\"> \t\t\t\t\t40,00 \u20ac<\/p>\n<\/div><\/td>\n<\/tr>\n<tr>\n<td style=\"width:242px;\" data-mtr-content=\"\n \t\t\t\t\tTipo de alojamiento\n\" class=\"mtr-td-tag\"><div class=\"mtr-cell-content\">\n<p style=\"margin-left:18.6pt;\"> \t\t\t\t\t<strong>\u00a0 Habitaci\u00f3n Triple*<\/strong><\/p>\n<\/div><\/td>\n<td style=\"width:104px;\" data-mtr-content=\"\n \t\t\t\t\tAloj. y Desay.\n\" class=\"mtr-td-tag\"><div class=\"mtr-cell-content\">\n<p align=\"center\" style=\"margin-left:18.6pt;\"> \t\t\t\t\t\u00a0<\/p>\n<\/div><\/td>\n<td style=\"width:97px;\" data-mtr-content=\"\n \t\t\t\t\tMedia Pens.\n\" class=\"mtr-td-tag\"><div class=\"mtr-cell-content\">\n<p align=\"center\" style=\"margin-left:18.6pt;\"> \t\t\t\t\t\u00a0<\/p>\n<\/div><\/td>\n<td style=\"width:117px;\" data-mtr-content=\"\n \t\t\t\t\tPens. Completa\n\" class=\"mtr-td-tag\"><div class=\"mtr-cell-content\">\n<p align=\"center\" style=\"margin-left:18.6pt;\"> \t\t\t\t\t\u00a0<\/p>\n<\/div><\/td>\n<\/tr>\n<\/tbody>\n<\/table>\n<div style=\"clear:both;\"> \t&nbsp;<\/div>\n<p align=\"center\"> \t(*Consultar disponibilidad)<\/p>\n<p> \t&nbsp;<\/p>\n<p> \t<strong>Hotel Baviera de Linares*<\/strong>. <a href=\"http:\/\/www.hotelbavieraandalucia.es\">http:\/\/www.hotelbavieraandalucia.es<\/a><\/p>\n<p> \t&nbsp;<\/p>\n<p> \tc\/. La Virgen, 25<\/p>\n<p> \t23700 LINARES<\/p>\n<p> \tTel&nbsp; 953 652 413 <a href=\"mailto:hotelbavieralinares@gmail.com\">hotelbavieralinares@gmail.com<\/a><\/p>\n<p> \t&nbsp;<\/p>\n<p> \t<strong>PRECIOS: <\/strong>Precios por persona y d\u00eda, IVA incluido:<\/p>\n<p style=\"margin-left:36.0pt;\"> \t&nbsp;&nbsp;&nbsp;&nbsp;&nbsp;&nbsp;&nbsp;&nbsp;&nbsp;&nbsp;&nbsp;&nbsp;&nbsp;&nbsp;&nbsp;&nbsp;&nbsp;&nbsp;<\/p>\n<table align=\"center\" border=\"1\" cellpadding=\"0\" cellspacing=\"0\" style=\"width:443px;\" width=\"332\" class=\"mtr-table mtr-tr-td\">\n<tbody>\n<tr>\n<td style=\"width:242px;\" data-mtr-content=\"\n \t\t\t\t\tTipo de alojamiento\n\" class=\"mtr-td-tag\"><div class=\"mtr-cell-content\">\n<p align=\"center\" style=\"margin-left:18.6pt;\"> \t\t\t\t\t<strong>Tipo de alojamiento<\/strong><\/p>\n<\/div><\/td>\n<td style=\"width:104px;\" data-mtr-content=\"\n \t\t\t\t\tAlojamiento\n\" class=\"mtr-td-tag\"><div class=\"mtr-cell-content\">\n<p align=\"center\" style=\"margin-left:18.6pt;\"> \t\t\t\t\t<strong>Alojamiento<\/strong><\/p>\n<\/div><\/td>\n<td style=\"width:97px;\" data-mtr-content=\"\n \t\t\t\t\tDesayuno\n\" class=\"mtr-td-tag\"><div class=\"mtr-cell-content\">\n<p align=\"center\" style=\"margin-left:18.6pt;\"> \t\t\t\t\t<strong>Desayuno<\/strong><\/p>\n<\/div><\/td>\n<\/tr>\n<tr>\n<td style=\"width:242px;\" data-mtr-content=\"\n \t\t\t\t\tTipo de alojamiento\n\" class=\"mtr-td-tag\"><div class=\"mtr-cell-content\">\n<p style=\"margin-left:18.6pt;\"> \t\t\t\t\t<strong>\u00a0 Habitaci\u00f3n individual*<\/strong><\/p>\n<\/div><\/td>\n<td style=\"width:104px;\" data-mtr-content=\"\n \t\t\t\t\tAlojamiento\n\" class=\"mtr-td-tag\"><div class=\"mtr-cell-content\">\n<p align=\"center\" style=\"margin-left:18.6pt;\"> \t\t\t\t\t28,00 \u20ac<\/p>\n<\/div><\/td>\n<td style=\"width:97px;\" data-mtr-content=\"\n \t\t\t\t\tDesayuno\n\" class=\"mtr-td-tag\"><div class=\"mtr-cell-content\">\n<p align=\"center\" style=\"margin-left:18.6pt;\"> \t\t\t\t\t2,50 \u20ac<\/p>\n<\/div><\/td>\n<\/tr>\n<tr>\n<td style=\"width:242px;\" data-mtr-content=\"\n \t\t\t\t\tTipo de alojamiento\n\" class=\"mtr-td-tag\"><div class=\"mtr-cell-content\">\n<p style=\"margin-left:18.6pt;\"> \t\t\t\t\t<strong>\u00a0 Habitaci\u00f3n Doble*<\/strong><\/p>\n<\/div><\/td>\n<td style=\"width:104px;\" data-mtr-content=\"\n \t\t\t\t\tAlojamiento\n\" class=\"mtr-td-tag\"><div class=\"mtr-cell-content\">\n<p align=\"center\" style=\"margin-left:18.6pt;\"> \t\t\t\t\t19,00 \u20ac<\/p>\n<\/div><\/td>\n<td style=\"width:97px;\" data-mtr-content=\"\n \t\t\t\t\tDesayuno\n\" class=\"mtr-td-tag\"><div class=\"mtr-cell-content\">\n<p align=\"center\" style=\"margin-left:18.6pt;\"> \t\t\t\t\t2,50 \u20ac<\/p>\n<\/div><\/td>\n<\/tr>\n<tr>\n<td style=\"width:242px;\" data-mtr-content=\"\n \t\t\t\t\tTipo de alojamiento\n\" class=\"mtr-td-tag\"><div class=\"mtr-cell-content\">\n<p style=\"margin-left:18.6pt;\"> \t\t\t\t\t<strong>\u00a0 Habitaci\u00f3n Triple*<\/strong><\/p>\n<\/div><\/td>\n<td style=\"width:104px;\" data-mtr-content=\"\n \t\t\t\t\tAlojamiento\n\" class=\"mtr-td-tag\"><div class=\"mtr-cell-content\">\n<p align=\"center\" style=\"margin-left:18.6pt;\"> \t\t\t\t\t16,00 \u20ac<\/p>\n<\/div><\/td>\n<td style=\"width:97px;\" data-mtr-content=\"\n \t\t\t\t\tDesayuno\n\" class=\"mtr-td-tag\"><div class=\"mtr-cell-content\">\n<p align=\"center\" style=\"margin-left:18.6pt;\"> \t\t\t\t\t2,50 \u20ac<\/p>\n<\/div><\/td>\n<\/tr>\n<\/tbody>\n<\/table>\n<div style=\"clear:both;\"> \t&nbsp;<\/div>\n<p> \t&nbsp;&nbsp;&nbsp;&nbsp;&nbsp;&nbsp;&nbsp;&nbsp;&nbsp;&nbsp;&nbsp;&nbsp;&nbsp;&nbsp;&nbsp;&nbsp;&nbsp;&nbsp;&nbsp;&nbsp;&nbsp;&nbsp;&nbsp;&nbsp;&nbsp;&nbsp;&nbsp;&nbsp;&nbsp;&nbsp;&nbsp;&nbsp;&nbsp;&nbsp;&nbsp;&nbsp;&nbsp;&nbsp;&nbsp;&nbsp;&nbsp;&nbsp;&nbsp;&nbsp;&nbsp;&nbsp;&nbsp;&nbsp;&nbsp;&nbsp;&nbsp;&nbsp; (*Consultar disponibilidad)<\/p>\n<p> \t&nbsp;<\/p>\n<p> \t&nbsp;<\/p>\n<p> \t<strong>Hotel Santiago de Linares****<\/strong>. <a href=\"http:\/\/www.hotel-santiago.es\">www.hotel-santiago.es<\/a><\/p>\n<p> \tc\/. Santiago, 3<\/p>\n<p> \t23700 LINARES<\/p>\n<p> \tTel&nbsp; 953 69 30 40 <a href=\"mailto:hotel@hotel-santiago.es\">hotel@hotel-santiago.es<\/a><\/p>\n<p> \t&nbsp;<\/p>\n<p> \t<strong>PRECIOS: <\/strong>Consultar al hotel.<\/p>\n<p> \t&nbsp;<\/p>\n<p> \tEn Madrid, a 22 de julio de 2015.<\/p>\n<p> \t&nbsp;<\/p>\n<p> \tRam\u00f3n Padull\u00e9s Argerich<br \/> \tSecretario General<\/p>\n","protected":false},"excerpt":{"rendered":"<p>A TODAS LAS FEDERACIONES AUTONOMICAS Ref.: Convocatoria del Campeonato de Espa\u00f1a Individual Femenino 2015. Descargar en PDF. ORGANIZACI\u00d3N Organiza la Federaci\u00f3n Espa\u00f1ola de Ajedrez, con la colaboraci\u00f3n del Ayuntamiento de Linares y la Federaci\u00f3n Andaluza de Ajedrez. El Director del Campeonato ser\u00e1 D. Francisco Fern\u00e1ndez Albalate &nbsp; PATROCINAN Diputaci\u00f3n de Ja\u00e9n. www.dipujaen.es Ayuntamiento de Linares. [&hellip;]<\/p>\n","protected":false},"author":1,"featured_media":0,"comment_status":"closed","ping_status":"closed","sticky":false,"template":"","format":"standard","meta":{"footnotes":""},"categories":[41],"tags":[],"class_list":["post-1751","post","type-post","status-publish","format-standard","hentry","category-41"],"yoast_head":"<!-- This site is optimized with the Yoast SEO plugin v27.5 - https:\/\/yoast.com\/product\/yoast-seo-wordpress\/ -->\n<title>Circular 23\/2015 - Convocatoria del Campeonato de Espa\u00f1a Individual Femenino 2015 - FEDA<\/title>\n<meta name=\"description\" content=\"FEDA, Federaci\u00f3n Espa\u00f1ola de Ajedrez, ajedrez madrid, federarse ajedrez, campeonato de Espa\u00f1a de ajedrez, ajedrez\" \/>\n<meta name=\"robots\" content=\"index, follow, max-snippet:-1, max-image-preview:large, max-video-preview:-1\" \/>\n<link rel=\"canonical\" href=\"https:\/\/feda.org\/feda2k16\/circular-23-2015-convocatoria-del-campeonato-de-espana-individual-femenino-2015\/\" \/>\n<meta property=\"og:locale\" content=\"es_ES\" \/>\n<meta property=\"og:type\" content=\"article\" \/>\n<meta property=\"og:title\" content=\"Circular 23\/2015 - Convocatoria del Campeonato de Espa\u00f1a Individual Femenino 2015 - FEDA\" \/>\n<meta property=\"og:description\" content=\"FEDA, Federaci\u00f3n Espa\u00f1ola de Ajedrez, ajedrez madrid, federarse ajedrez, campeonato de Espa\u00f1a de ajedrez, ajedrez\" \/>\n<meta property=\"og:url\" content=\"https:\/\/feda.org\/feda2k16\/circular-23-2015-convocatoria-del-campeonato-de-espana-individual-femenino-2015\/\" \/>\n<meta property=\"og:site_name\" content=\"FEDA\" \/>\n<meta property=\"article:publisher\" content=\"https:\/\/www.facebook.com\/federacionespanoladeajedrez\/\" \/>\n<meta property=\"article:published_time\" content=\"2015-07-23T21:42:00+00:00\" \/>\n<meta property=\"article:modified_time\" content=\"2016-08-06T08:34:01+00:00\" \/>\n<meta name=\"author\" content=\"feda2k16\" \/>\n<meta name=\"twitter:card\" content=\"summary_large_image\" \/>\n<meta name=\"twitter:creator\" content=\"@AjedrezEspanola\" \/>\n<meta name=\"twitter:site\" content=\"@AjedrezEspanola\" \/>\n<meta name=\"twitter:label1\" content=\"Escrito por\" \/>\n\t<meta name=\"twitter:data1\" content=\"feda2k16\" \/>\n\t<meta name=\"twitter:label2\" content=\"Tiempo de lectura\" \/>\n\t<meta name=\"twitter:data2\" content=\"6 minutos\" \/>\n<script type=\"application\/ld+json\" class=\"yoast-schema-graph\">{\"@context\":\"https:\\\/\\\/schema.org\",\"@graph\":[{\"@type\":\"Article\",\"@id\":\"https:\\\/\\\/feda.org\\\/feda2k16\\\/circular-23-2015-convocatoria-del-campeonato-de-espana-individual-femenino-2015\\\/#article\",\"isPartOf\":{\"@id\":\"https:\\\/\\\/feda.org\\\/feda2k16\\\/circular-23-2015-convocatoria-del-campeonato-de-espana-individual-femenino-2015\\\/\"},\"author\":{\"name\":\"feda2k16\",\"@id\":\"https:\\\/\\\/feda.org\\\/feda2k16\\\/#\\\/schema\\\/person\\\/80aa48a4dc5c6ea03ca1dbf21ce423da\"},\"headline\":\"Circular 23\\\/2015 &#8211; Convocatoria del Campeonato de Espa\u00f1a Individual Femenino 2015\",\"datePublished\":\"2015-07-23T21:42:00+00:00\",\"dateModified\":\"2016-08-06T08:34:01+00:00\",\"mainEntityOfPage\":{\"@id\":\"https:\\\/\\\/feda.org\\\/feda2k16\\\/circular-23-2015-convocatoria-del-campeonato-de-espana-individual-femenino-2015\\\/\"},\"wordCount\":1260,\"publisher\":{\"@id\":\"https:\\\/\\\/feda.org\\\/feda2k16\\\/#organization\"},\"articleSection\":[\"2015\"],\"inLanguage\":\"es\"},{\"@type\":\"WebPage\",\"@id\":\"https:\\\/\\\/feda.org\\\/feda2k16\\\/circular-23-2015-convocatoria-del-campeonato-de-espana-individual-femenino-2015\\\/\",\"url\":\"https:\\\/\\\/feda.org\\\/feda2k16\\\/circular-23-2015-convocatoria-del-campeonato-de-espana-individual-femenino-2015\\\/\",\"name\":\"Circular 23\\\/2015 - Convocatoria del Campeonato de Espa\u00f1a Individual Femenino 2015 - FEDA\",\"isPartOf\":{\"@id\":\"https:\\\/\\\/feda.org\\\/feda2k16\\\/#website\"},\"datePublished\":\"2015-07-23T21:42:00+00:00\",\"dateModified\":\"2016-08-06T08:34:01+00:00\",\"description\":\"FEDA, Federaci\u00f3n Espa\u00f1ola de Ajedrez, ajedrez madrid, federarse ajedrez, campeonato de Espa\u00f1a de ajedrez, ajedrez\",\"breadcrumb\":{\"@id\":\"https:\\\/\\\/feda.org\\\/feda2k16\\\/circular-23-2015-convocatoria-del-campeonato-de-espana-individual-femenino-2015\\\/#breadcrumb\"},\"inLanguage\":\"es\",\"potentialAction\":[{\"@type\":\"ReadAction\",\"target\":[\"https:\\\/\\\/feda.org\\\/feda2k16\\\/circular-23-2015-convocatoria-del-campeonato-de-espana-individual-femenino-2015\\\/\"]}]},{\"@type\":\"BreadcrumbList\",\"@id\":\"https:\\\/\\\/feda.org\\\/feda2k16\\\/circular-23-2015-convocatoria-del-campeonato-de-espana-individual-femenino-2015\\\/#breadcrumb\",\"itemListElement\":[{\"@type\":\"ListItem\",\"position\":1,\"name\":\"Portada\",\"item\":\"https:\\\/\\\/feda.org\\\/feda2k16\\\/\"},{\"@type\":\"ListItem\",\"position\":2,\"name\":\"Circular 23\\\/2015 &#8211; Convocatoria del Campeonato de Espa\u00f1a Individual Femenino 2015\"}]},{\"@type\":\"WebSite\",\"@id\":\"https:\\\/\\\/feda.org\\\/feda2k16\\\/#website\",\"url\":\"https:\\\/\\\/feda.org\\\/feda2k16\\\/\",\"name\":\"FEDA\",\"description\":\"Federaci\u00f3n Espa\u00f1ola de Ajedrez\",\"publisher\":{\"@id\":\"https:\\\/\\\/feda.org\\\/feda2k16\\\/#organization\"},\"alternateName\":\"Federaci\u00f3n Espa\u00f1ola de Ajedrez\",\"potentialAction\":[{\"@type\":\"SearchAction\",\"target\":{\"@type\":\"EntryPoint\",\"urlTemplate\":\"https:\\\/\\\/feda.org\\\/feda2k16\\\/?s={search_term_string}\"},\"query-input\":{\"@type\":\"PropertyValueSpecification\",\"valueRequired\":true,\"valueName\":\"search_term_string\"}}],\"inLanguage\":\"es\"},{\"@type\":\"Organization\",\"@id\":\"https:\\\/\\\/feda.org\\\/feda2k16\\\/#organization\",\"name\":\"FEDA\",\"alternateName\":\"Federaci\u00f3n Espa\u00f1ola de Ajedrez\",\"url\":\"https:\\\/\\\/feda.org\\\/feda2k16\\\/\",\"logo\":{\"@type\":\"ImageObject\",\"inLanguage\":\"es\",\"@id\":\"https:\\\/\\\/feda.org\\\/feda2k16\\\/#\\\/schema\\\/logo\\\/image\\\/\",\"url\":\"https:\\\/\\\/feda.org\\\/feda2k16\\\/wp-content\\\/uploads\\\/NuevoLogo_FEDA_2016.png\",\"contentUrl\":\"https:\\\/\\\/feda.org\\\/feda2k16\\\/wp-content\\\/uploads\\\/NuevoLogo_FEDA_2016.png\",\"width\":600,\"height\":600,\"caption\":\"FEDA\"},\"image\":{\"@id\":\"https:\\\/\\\/feda.org\\\/feda2k16\\\/#\\\/schema\\\/logo\\\/image\\\/\"},\"sameAs\":[\"https:\\\/\\\/www.facebook.com\\\/federacionespanoladeajedrez\\\/\",\"https:\\\/\\\/x.com\\\/AjedrezEspanola\",\"https:\\\/\\\/www.instagram.com\\\/federacionespanolaajedrez\\\/?hl=es\",\"https:\\\/\\\/www.youtube.com\\\/@FederacionEspanoladeAjedrezFED\\\/featured\"]},{\"@type\":\"Person\",\"@id\":\"https:\\\/\\\/feda.org\\\/feda2k16\\\/#\\\/schema\\\/person\\\/80aa48a4dc5c6ea03ca1dbf21ce423da\",\"name\":\"feda2k16\",\"url\":\"https:\\\/\\\/feda.org\\\/feda2k16\\\/author\\\/feda2k16\\\/\"}]}<\/script>\n<!-- \/ Yoast SEO plugin. -->","yoast_head_json":{"title":"Circular 23\/2015 - Convocatoria del Campeonato de Espa\u00f1a Individual Femenino 2015 - FEDA","description":"FEDA, Federaci\u00f3n Espa\u00f1ola de Ajedrez, ajedrez madrid, federarse ajedrez, campeonato de Espa\u00f1a de ajedrez, ajedrez","robots":{"index":"index","follow":"follow","max-snippet":"max-snippet:-1","max-image-preview":"max-image-preview:large","max-video-preview":"max-video-preview:-1"},"canonical":"https:\/\/feda.org\/feda2k16\/circular-23-2015-convocatoria-del-campeonato-de-espana-individual-femenino-2015\/","og_locale":"es_ES","og_type":"article","og_title":"Circular 23\/2015 - Convocatoria del Campeonato de Espa\u00f1a Individual Femenino 2015 - FEDA","og_description":"FEDA, Federaci\u00f3n Espa\u00f1ola de Ajedrez, ajedrez madrid, federarse ajedrez, campeonato de Espa\u00f1a de ajedrez, ajedrez","og_url":"https:\/\/feda.org\/feda2k16\/circular-23-2015-convocatoria-del-campeonato-de-espana-individual-femenino-2015\/","og_site_name":"FEDA","article_publisher":"https:\/\/www.facebook.com\/federacionespanoladeajedrez\/","article_published_time":"2015-07-23T21:42:00+00:00","article_modified_time":"2016-08-06T08:34:01+00:00","author":"feda2k16","twitter_card":"summary_large_image","twitter_creator":"@AjedrezEspanola","twitter_site":"@AjedrezEspanola","twitter_misc":{"Escrito por":"feda2k16","Tiempo de lectura":"6 minutos"},"schema":{"@context":"https:\/\/schema.org","@graph":[{"@type":"Article","@id":"https:\/\/feda.org\/feda2k16\/circular-23-2015-convocatoria-del-campeonato-de-espana-individual-femenino-2015\/#article","isPartOf":{"@id":"https:\/\/feda.org\/feda2k16\/circular-23-2015-convocatoria-del-campeonato-de-espana-individual-femenino-2015\/"},"author":{"name":"feda2k16","@id":"https:\/\/feda.org\/feda2k16\/#\/schema\/person\/80aa48a4dc5c6ea03ca1dbf21ce423da"},"headline":"Circular 23\/2015 &#8211; Convocatoria del Campeonato de Espa\u00f1a Individual Femenino 2015","datePublished":"2015-07-23T21:42:00+00:00","dateModified":"2016-08-06T08:34:01+00:00","mainEntityOfPage":{"@id":"https:\/\/feda.org\/feda2k16\/circular-23-2015-convocatoria-del-campeonato-de-espana-individual-femenino-2015\/"},"wordCount":1260,"publisher":{"@id":"https:\/\/feda.org\/feda2k16\/#organization"},"articleSection":["2015"],"inLanguage":"es"},{"@type":"WebPage","@id":"https:\/\/feda.org\/feda2k16\/circular-23-2015-convocatoria-del-campeonato-de-espana-individual-femenino-2015\/","url":"https:\/\/feda.org\/feda2k16\/circular-23-2015-convocatoria-del-campeonato-de-espana-individual-femenino-2015\/","name":"Circular 23\/2015 - Convocatoria del Campeonato de Espa\u00f1a Individual Femenino 2015 - FEDA","isPartOf":{"@id":"https:\/\/feda.org\/feda2k16\/#website"},"datePublished":"2015-07-23T21:42:00+00:00","dateModified":"2016-08-06T08:34:01+00:00","description":"FEDA, Federaci\u00f3n Espa\u00f1ola de Ajedrez, ajedrez madrid, federarse ajedrez, campeonato de Espa\u00f1a de ajedrez, ajedrez","breadcrumb":{"@id":"https:\/\/feda.org\/feda2k16\/circular-23-2015-convocatoria-del-campeonato-de-espana-individual-femenino-2015\/#breadcrumb"},"inLanguage":"es","potentialAction":[{"@type":"ReadAction","target":["https:\/\/feda.org\/feda2k16\/circular-23-2015-convocatoria-del-campeonato-de-espana-individual-femenino-2015\/"]}]},{"@type":"BreadcrumbList","@id":"https:\/\/feda.org\/feda2k16\/circular-23-2015-convocatoria-del-campeonato-de-espana-individual-femenino-2015\/#breadcrumb","itemListElement":[{"@type":"ListItem","position":1,"name":"Portada","item":"https:\/\/feda.org\/feda2k16\/"},{"@type":"ListItem","position":2,"name":"Circular 23\/2015 &#8211; Convocatoria del Campeonato de Espa\u00f1a Individual Femenino 2015"}]},{"@type":"WebSite","@id":"https:\/\/feda.org\/feda2k16\/#website","url":"https:\/\/feda.org\/feda2k16\/","name":"FEDA","description":"Federaci\u00f3n Espa\u00f1ola de Ajedrez","publisher":{"@id":"https:\/\/feda.org\/feda2k16\/#organization"},"alternateName":"Federaci\u00f3n Espa\u00f1ola de Ajedrez","potentialAction":[{"@type":"SearchAction","target":{"@type":"EntryPoint","urlTemplate":"https:\/\/feda.org\/feda2k16\/?s={search_term_string}"},"query-input":{"@type":"PropertyValueSpecification","valueRequired":true,"valueName":"search_term_string"}}],"inLanguage":"es"},{"@type":"Organization","@id":"https:\/\/feda.org\/feda2k16\/#organization","name":"FEDA","alternateName":"Federaci\u00f3n Espa\u00f1ola de Ajedrez","url":"https:\/\/feda.org\/feda2k16\/","logo":{"@type":"ImageObject","inLanguage":"es","@id":"https:\/\/feda.org\/feda2k16\/#\/schema\/logo\/image\/","url":"https:\/\/feda.org\/feda2k16\/wp-content\/uploads\/NuevoLogo_FEDA_2016.png","contentUrl":"https:\/\/feda.org\/feda2k16\/wp-content\/uploads\/NuevoLogo_FEDA_2016.png","width":600,"height":600,"caption":"FEDA"},"image":{"@id":"https:\/\/feda.org\/feda2k16\/#\/schema\/logo\/image\/"},"sameAs":["https:\/\/www.facebook.com\/federacionespanoladeajedrez\/","https:\/\/x.com\/AjedrezEspanola","https:\/\/www.instagram.com\/federacionespanolaajedrez\/?hl=es","https:\/\/www.youtube.com\/@FederacionEspanoladeAjedrezFED\/featured"]},{"@type":"Person","@id":"https:\/\/feda.org\/feda2k16\/#\/schema\/person\/80aa48a4dc5c6ea03ca1dbf21ce423da","name":"feda2k16","url":"https:\/\/feda.org\/feda2k16\/author\/feda2k16\/"}]}},"_links":{"self":[{"href":"https:\/\/feda.org\/feda2k16\/wp-json\/wp\/v2\/posts\/1751","targetHints":{"allow":["GET"]}}],"collection":[{"href":"https:\/\/feda.org\/feda2k16\/wp-json\/wp\/v2\/posts"}],"about":[{"href":"https:\/\/feda.org\/feda2k16\/wp-json\/wp\/v2\/types\/post"}],"author":[{"embeddable":true,"href":"https:\/\/feda.org\/feda2k16\/wp-json\/wp\/v2\/users\/1"}],"replies":[{"embeddable":true,"href":"https:\/\/feda.org\/feda2k16\/wp-json\/wp\/v2\/comments?post=1751"}],"version-history":[{"count":1,"href":"https:\/\/feda.org\/feda2k16\/wp-json\/wp\/v2\/posts\/1751\/revisions"}],"predecessor-version":[{"id":2758,"href":"https:\/\/feda.org\/feda2k16\/wp-json\/wp\/v2\/posts\/1751\/revisions\/2758"}],"wp:attachment":[{"href":"https:\/\/feda.org\/feda2k16\/wp-json\/wp\/v2\/media?parent=1751"}],"wp:term":[{"taxonomy":"category","embeddable":true,"href":"https:\/\/feda.org\/feda2k16\/wp-json\/wp\/v2\/categories?post=1751"},{"taxonomy":"post_tag","embeddable":true,"href":"https:\/\/feda.org\/feda2k16\/wp-json\/wp\/v2\/tags?post=1751"}],"curies":[{"name":"wp","href":"https:\/\/api.w.org\/{rel}","templated":true}]}}