{"id":17797,"date":"2021-02-01T16:11:55","date_gmt":"2021-02-01T16:11:55","guid":{"rendered":"https:\/\/feda.org\/feda2k16\/?p=17797"},"modified":"2021-02-09T09:19:43","modified_gmt":"2021-02-09T09:19:43","slug":"cristobal-ramo-frontinan","status":"publish","type":"post","link":"https:\/\/feda.org\/feda2k16\/cristobal-ramo-frontinan\/","title":{"rendered":"D. Crist\u00f3bal Ramo Fronti\u00f1\u00e1n"},"content":{"rendered":"\n<figure class=\"wp-block-table aligncenter is-style-regular\"><table><tbody><tr><td class=\"has-text-align-center\" data-align=\"center\"><img decoding=\"async\" src=\"https:\/\/feda.org\/feda2k16\/wp-content\/uploads\/D.-Cristobal-Ramo-Frontinan.png\" alt=\"La imagen tiene un atributo ALT vac\u00edo; su nombre de archivo es D.-Cristobal-Ramo-Frontinan.png\" style=\"width: 200px;\"><\/td><\/tr><tr><td class=\"has-text-align-center\" data-align=\"center\"><strong>CRIST\u00d3BAL RAMO FRONTI\u00d1\u00c1N<\/strong><\/td><\/tr><tr><td class=\"has-text-align-center\" data-align=\"center\">Zaragoza, 1965<\/td><\/tr><\/tbody><\/table><\/figure>\n\n\n\n<p><span style=\"text-decoration: underline;\"><strong>Formaci\u00f3n Acad\u00e9mica<\/strong><\/span><\/p>\n<ul>\n<li>Licenciado en Derecho por la Universidad de Zaragoza, a\u00f1o 1988.<\/li>\n<li>Diplomado en la Escuela de Pr\u00e1ctica Jur\u00eddica de la Universidad de Zaragoza, a\u00f1o 1989.<\/li>\n<li>Curso Superior de Gerencia de Empresas de Econom\u00eda Social. 1991-92. Ministerio de Trabajo y Seguridad Social. Instituto Nacional para el Fomento de la Econom\u00eda Social.<\/li>\n<li>Abogado colegiado en el Real e Ilustre Colegio de Abogados de Zaragoza (1989 \u2013 actualidad).<\/li>\n<\/ul>\n<p><strong><span style=\"text-decoration: underline;\">Experiencia Profesional<\/span><\/strong><\/p>\n<ul>\n<li>Profesor de la Escuela de Pr\u00e1ctica Jur\u00eddica del Centro de Formaci\u00f3n del Real e Ilustre Colegio de Abogados de Zaragoza desde 1997 a 2014.<\/li>\n<li>Abogado con despacho propio desde 1989.<\/li>\n<li>Director Adjunto del despacho PAJARES &amp; ASOCIADOS, ABOGADOS en 2015 y 2016.<\/li>\n<li>Secretario T\u00e9cnico-Gerente del Real e Ilustre Colegio de Abogados de Zaragoza desde octubre de 2017 a la actualidad.<\/li>\n<li>Secretario General de la Federaci\u00f3n de Industrias y Empresas de la Construcci\u00f3n entre 2010 y 2013.<\/li>\n<li>Diputado 8\u00ba de la Junta de Gobierno del Real e Ilustre Colegio de Abogados de Zaragoza (2007-2008).<\/li>\n<li>Vicedecano del Real e Ilustre Colegio de Abogados de Zaragoza desde 2011 a 2014.<\/li>\n<li>Cruz de San Ivo concedida por el Real e Ilustre Colegio de Abogados de Zaragoza en mayo de 2017.<\/li>\n<li>\u00c1rbitro de la Corte Aragonesa de Arbitraje y Mediaci\u00f3n.<\/li>\n<li>Asesor Jur\u00eddico de la Federaci\u00f3n Espa\u00f1ola de Ajedrez desde 1997 hasta 2017.<\/li>\n<li>Coordinador del Primer M\u00e1ster Universitario en Abogac\u00eda por la Universidad de Zaragoza nombrado por el Rector Magn\u00edfico a propuesta del Real e Ilustre Colegio de Abogados de Zaragoza.<\/li>\n<li>Miembro de la Comisi\u00f3n de Honorarios del Real e Ilustre Colegio de Abogados de Zaragoza desde 1995 a 2017. Presidente de la misma desde 2007 a 2008.<\/li>\n<li>Miembro de la Comisi\u00f3n de Deontolog\u00eda del Real e Ilustre Colegio de Abogados de Zaragoza desde 2011 a 2017. Presidente de la misma desde 2011 a 2014.<\/li>\n<li>Miembro de la Comisi\u00f3n de Formaci\u00f3n del Real e Ilustre Colegio de Abogados de Zaragoza (2011-2017).<\/li>\n<li>Miembro de la Comisi\u00f3n de Defensa de la Defensa del Real e Ilustre Colegio de Abogados de Zaragoza desde 2011 a 2014.<\/li>\n<li>Miembro de la Comisi\u00f3n de Nuevas Tecnolog\u00edas del Real e Ilustre Colegio de Abogados de Zaragoza desde 2007 a 2008.<\/li>\n<li>Miembro de la Comisi\u00f3n Negociadora, en representaci\u00f3n de la parte empresarial, en los Convenios Colectivos de la provincia de Zaragoza de los Sectores de la Construcci\u00f3n, Forjados y Hormigones, as\u00ed como de Terrazos y Piedra Artificial desde 2010 a 2013.<\/li>\n<li>Miembro de la Comisi\u00f3n Negociadora, en representaci\u00f3n de la parte empresarial, en el V Convenio Colectivo General del Sector de Derivados del Cemento.<\/li>\n<li>Miembro del Consejo Aragon\u00e9s del Cooperativismo a propuesta de la Federaci\u00f3n Aragonesa de Cooperativas de Trabajo Asociado (FACTA) desde 2008 a 2009.<\/li>\n<\/ul>\n<p><span style=\"text-decoration: underline;\"><strong>E<\/strong><strong>xperiencia en Gesti\u00f3n y Direcci\u00f3n <span style=\"text-decoration-line: underline;\">Deportiva<\/span><\/strong><\/span><\/p>\n<ul>\n<li>Vicepresidente de la Federaci\u00f3n Espa\u00f1ola de Ajedrez desde 2004 a la actualidad.<\/li>\n<li>Presidente de la Federaci\u00f3n Aragonesa de Ajedrez entre 1990 y 1992.<\/li>\n<\/ul>\n<p><span style=\"text-decoration: underline;\"><strong>Experiencia como T\u00e9cnico Deportivo, Deportista y T\u00edtulos<\/strong><\/span><\/p>\n<ul>\n<li>Maestro de la Federaci\u00f3n Internacional de Ajedrez.<\/li>\n<\/ul>\n","protected":false},"excerpt":{"rendered":"<p>CRIST\u00d3BAL RAMO FRONTI\u00d1\u00c1N Zaragoza, 1965 Formaci\u00f3n Acad\u00e9mica Licenciado en Derecho por la Universidad de Zaragoza, a\u00f1o 1988. Diplomado en la Escuela de Pr\u00e1ctica Jur\u00eddica de la Universidad de Zaragoza, a\u00f1o 1989. Curso Superior de Gerencia de Empresas de Econom\u00eda Social. 1991-92. Ministerio de Trabajo y Seguridad Social. Instituto Nacional para el Fomento de la Econom\u00eda [&hellip;]<\/p>\n","protected":false},"author":2,"featured_media":0,"comment_status":"closed","ping_status":"closed","sticky":false,"template":"","format":"standard","meta":{"footnotes":""},"categories":[2],"tags":[],"class_list":["post-17797","post","type-post","status-publish","format-standard","hentry","category-uncategorised"],"yoast_head":"<!-- This site is optimized with the Yoast SEO plugin v27.4 - https:\/\/yoast.com\/product\/yoast-seo-wordpress\/ -->\n<title>D. Crist\u00f3bal Ramo Fronti\u00f1\u00e1n - FEDA<\/title>\n<meta name=\"description\" content=\"FEDA, Federaci\u00f3n Espa\u00f1ola de Ajedrez, ajedrez madrid, federarse ajedrez, campeonato de Espa\u00f1a de ajedrez, ajedrez\" \/>\n<meta name=\"robots\" content=\"index, follow, max-snippet:-1, max-image-preview:large, max-video-preview:-1\" \/>\n<link rel=\"canonical\" href=\"https:\/\/feda.org\/feda2k16\/cristobal-ramo-frontinan\/\" \/>\n<meta property=\"og:locale\" content=\"es_ES\" \/>\n<meta property=\"og:type\" content=\"article\" \/>\n<meta property=\"og:title\" content=\"D. Crist\u00f3bal Ramo Fronti\u00f1\u00e1n - FEDA\" \/>\n<meta property=\"og:description\" content=\"FEDA, Federaci\u00f3n Espa\u00f1ola de Ajedrez, ajedrez madrid, federarse ajedrez, campeonato de Espa\u00f1a de ajedrez, ajedrez\" \/>\n<meta property=\"og:url\" content=\"https:\/\/feda.org\/feda2k16\/cristobal-ramo-frontinan\/\" \/>\n<meta property=\"og:site_name\" content=\"FEDA\" \/>\n<meta property=\"article:publisher\" content=\"https:\/\/www.facebook.com\/federacionespanoladeajedrez\/\" \/>\n<meta property=\"article:published_time\" content=\"2021-02-01T16:11:55+00:00\" \/>\n<meta property=\"article:modified_time\" content=\"2021-02-09T09:19:43+00:00\" \/>\n<meta property=\"og:image\" content=\"https:\/\/feda.org\/feda2k16\/wp-content\/uploads\/D.-Cristobal-Ramo-Frontinan.png\" \/>\n<meta name=\"author\" content=\"Nacho\" \/>\n<meta name=\"twitter:card\" content=\"summary_large_image\" \/>\n<meta name=\"twitter:creator\" content=\"@AjedrezEspanola\" \/>\n<meta name=\"twitter:site\" content=\"@AjedrezEspanola\" \/>\n<meta name=\"twitter:label1\" content=\"Escrito por\" \/>\n\t<meta name=\"twitter:data1\" content=\"Nacho\" \/>\n\t<meta name=\"twitter:label2\" content=\"Tiempo de lectura\" \/>\n\t<meta name=\"twitter:data2\" content=\"2 minutos\" \/>\n<script type=\"application\/ld+json\" class=\"yoast-schema-graph\">{\"@context\":\"https:\\\/\\\/schema.org\",\"@graph\":[{\"@type\":\"Article\",\"@id\":\"https:\\\/\\\/feda.org\\\/feda2k16\\\/cristobal-ramo-frontinan\\\/#article\",\"isPartOf\":{\"@id\":\"https:\\\/\\\/feda.org\\\/feda2k16\\\/cristobal-ramo-frontinan\\\/\"},\"author\":{\"name\":\"Nacho\",\"@id\":\"https:\\\/\\\/feda.org\\\/feda2k16\\\/#\\\/schema\\\/person\\\/6f81e48d83f6f1503890fdb658f2ff4e\"},\"headline\":\"D. Crist\u00f3bal Ramo Fronti\u00f1\u00e1n\",\"datePublished\":\"2021-02-01T16:11:55+00:00\",\"dateModified\":\"2021-02-09T09:19:43+00:00\",\"mainEntityOfPage\":{\"@id\":\"https:\\\/\\\/feda.org\\\/feda2k16\\\/cristobal-ramo-frontinan\\\/\"},\"wordCount\":503,\"publisher\":{\"@id\":\"https:\\\/\\\/feda.org\\\/feda2k16\\\/#organization\"},\"image\":{\"@id\":\"https:\\\/\\\/feda.org\\\/feda2k16\\\/cristobal-ramo-frontinan\\\/#primaryimage\"},\"thumbnailUrl\":\"https:\\\/\\\/feda.org\\\/feda2k16\\\/wp-content\\\/uploads\\\/D.-Cristobal-Ramo-Frontinan.png\",\"articleSection\":[\"Uncategorised\"],\"inLanguage\":\"es\"},{\"@type\":\"WebPage\",\"@id\":\"https:\\\/\\\/feda.org\\\/feda2k16\\\/cristobal-ramo-frontinan\\\/\",\"url\":\"https:\\\/\\\/feda.org\\\/feda2k16\\\/cristobal-ramo-frontinan\\\/\",\"name\":\"D. Crist\u00f3bal Ramo Fronti\u00f1\u00e1n - FEDA\",\"isPartOf\":{\"@id\":\"https:\\\/\\\/feda.org\\\/feda2k16\\\/#website\"},\"primaryImageOfPage\":{\"@id\":\"https:\\\/\\\/feda.org\\\/feda2k16\\\/cristobal-ramo-frontinan\\\/#primaryimage\"},\"image\":{\"@id\":\"https:\\\/\\\/feda.org\\\/feda2k16\\\/cristobal-ramo-frontinan\\\/#primaryimage\"},\"thumbnailUrl\":\"https:\\\/\\\/feda.org\\\/feda2k16\\\/wp-content\\\/uploads\\\/D.-Cristobal-Ramo-Frontinan.png\",\"datePublished\":\"2021-02-01T16:11:55+00:00\",\"dateModified\":\"2021-02-09T09:19:43+00:00\",\"description\":\"FEDA, Federaci\u00f3n Espa\u00f1ola de Ajedrez, ajedrez madrid, federarse ajedrez, campeonato de Espa\u00f1a de ajedrez, ajedrez\",\"breadcrumb\":{\"@id\":\"https:\\\/\\\/feda.org\\\/feda2k16\\\/cristobal-ramo-frontinan\\\/#breadcrumb\"},\"inLanguage\":\"es\",\"potentialAction\":[{\"@type\":\"ReadAction\",\"target\":[\"https:\\\/\\\/feda.org\\\/feda2k16\\\/cristobal-ramo-frontinan\\\/\"]}]},{\"@type\":\"ImageObject\",\"inLanguage\":\"es\",\"@id\":\"https:\\\/\\\/feda.org\\\/feda2k16\\\/cristobal-ramo-frontinan\\\/#primaryimage\",\"url\":\"https:\\\/\\\/feda.org\\\/feda2k16\\\/wp-content\\\/uploads\\\/D.-Cristobal-Ramo-Frontinan.png\",\"contentUrl\":\"https:\\\/\\\/feda.org\\\/feda2k16\\\/wp-content\\\/uploads\\\/D.-Cristobal-Ramo-Frontinan.png\",\"width\":159,\"height\":159},{\"@type\":\"BreadcrumbList\",\"@id\":\"https:\\\/\\\/feda.org\\\/feda2k16\\\/cristobal-ramo-frontinan\\\/#breadcrumb\",\"itemListElement\":[{\"@type\":\"ListItem\",\"position\":1,\"name\":\"Portada\",\"item\":\"https:\\\/\\\/feda.org\\\/feda2k16\\\/\"},{\"@type\":\"ListItem\",\"position\":2,\"name\":\"D. Crist\u00f3bal Ramo Fronti\u00f1\u00e1n\"}]},{\"@type\":\"WebSite\",\"@id\":\"https:\\\/\\\/feda.org\\\/feda2k16\\\/#website\",\"url\":\"https:\\\/\\\/feda.org\\\/feda2k16\\\/\",\"name\":\"FEDA\",\"description\":\"Federaci\u00f3n Espa\u00f1ola de Ajedrez\",\"publisher\":{\"@id\":\"https:\\\/\\\/feda.org\\\/feda2k16\\\/#organization\"},\"alternateName\":\"Federaci\u00f3n Espa\u00f1ola de Ajedrez\",\"potentialAction\":[{\"@type\":\"SearchAction\",\"target\":{\"@type\":\"EntryPoint\",\"urlTemplate\":\"https:\\\/\\\/feda.org\\\/feda2k16\\\/?s={search_term_string}\"},\"query-input\":{\"@type\":\"PropertyValueSpecification\",\"valueRequired\":true,\"valueName\":\"search_term_string\"}}],\"inLanguage\":\"es\"},{\"@type\":\"Organization\",\"@id\":\"https:\\\/\\\/feda.org\\\/feda2k16\\\/#organization\",\"name\":\"FEDA\",\"alternateName\":\"Federaci\u00f3n Espa\u00f1ola de Ajedrez\",\"url\":\"https:\\\/\\\/feda.org\\\/feda2k16\\\/\",\"logo\":{\"@type\":\"ImageObject\",\"inLanguage\":\"es\",\"@id\":\"https:\\\/\\\/feda.org\\\/feda2k16\\\/#\\\/schema\\\/logo\\\/image\\\/\",\"url\":\"https:\\\/\\\/feda.org\\\/feda2k16\\\/wp-content\\\/uploads\\\/NuevoLogo_FEDA_2016.png\",\"contentUrl\":\"https:\\\/\\\/feda.org\\\/feda2k16\\\/wp-content\\\/uploads\\\/NuevoLogo_FEDA_2016.png\",\"width\":600,\"height\":600,\"caption\":\"FEDA\"},\"image\":{\"@id\":\"https:\\\/\\\/feda.org\\\/feda2k16\\\/#\\\/schema\\\/logo\\\/image\\\/\"},\"sameAs\":[\"https:\\\/\\\/www.facebook.com\\\/federacionespanoladeajedrez\\\/\",\"https:\\\/\\\/x.com\\\/AjedrezEspanola\",\"https:\\\/\\\/www.instagram.com\\\/federacionespanolaajedrez\\\/?hl=es\",\"https:\\\/\\\/www.youtube.com\\\/@FederacionEspanoladeAjedrezFED\\\/featured\"]},{\"@type\":\"Person\",\"@id\":\"https:\\\/\\\/feda.org\\\/feda2k16\\\/#\\\/schema\\\/person\\\/6f81e48d83f6f1503890fdb658f2ff4e\",\"name\":\"Nacho\",\"url\":\"https:\\\/\\\/feda.org\\\/feda2k16\\\/author\\\/nacho\\\/\"}]}<\/script>\n<!-- \/ Yoast SEO plugin. -->","yoast_head_json":{"title":"D. Crist\u00f3bal Ramo Fronti\u00f1\u00e1n - FEDA","description":"FEDA, Federaci\u00f3n Espa\u00f1ola de Ajedrez, ajedrez madrid, federarse ajedrez, campeonato de Espa\u00f1a de ajedrez, ajedrez","robots":{"index":"index","follow":"follow","max-snippet":"max-snippet:-1","max-image-preview":"max-image-preview:large","max-video-preview":"max-video-preview:-1"},"canonical":"https:\/\/feda.org\/feda2k16\/cristobal-ramo-frontinan\/","og_locale":"es_ES","og_type":"article","og_title":"D. Crist\u00f3bal Ramo Fronti\u00f1\u00e1n - FEDA","og_description":"FEDA, Federaci\u00f3n Espa\u00f1ola de Ajedrez, ajedrez madrid, federarse ajedrez, campeonato de Espa\u00f1a de ajedrez, ajedrez","og_url":"https:\/\/feda.org\/feda2k16\/cristobal-ramo-frontinan\/","og_site_name":"FEDA","article_publisher":"https:\/\/www.facebook.com\/federacionespanoladeajedrez\/","article_published_time":"2021-02-01T16:11:55+00:00","article_modified_time":"2021-02-09T09:19:43+00:00","og_image":[{"url":"https:\/\/feda.org\/feda2k16\/wp-content\/uploads\/D.-Cristobal-Ramo-Frontinan.png","type":"","width":"","height":""}],"author":"Nacho","twitter_card":"summary_large_image","twitter_creator":"@AjedrezEspanola","twitter_site":"@AjedrezEspanola","twitter_misc":{"Escrito por":"Nacho","Tiempo de lectura":"2 minutos"},"schema":{"@context":"https:\/\/schema.org","@graph":[{"@type":"Article","@id":"https:\/\/feda.org\/feda2k16\/cristobal-ramo-frontinan\/#article","isPartOf":{"@id":"https:\/\/feda.org\/feda2k16\/cristobal-ramo-frontinan\/"},"author":{"name":"Nacho","@id":"https:\/\/feda.org\/feda2k16\/#\/schema\/person\/6f81e48d83f6f1503890fdb658f2ff4e"},"headline":"D. Crist\u00f3bal Ramo Fronti\u00f1\u00e1n","datePublished":"2021-02-01T16:11:55+00:00","dateModified":"2021-02-09T09:19:43+00:00","mainEntityOfPage":{"@id":"https:\/\/feda.org\/feda2k16\/cristobal-ramo-frontinan\/"},"wordCount":503,"publisher":{"@id":"https:\/\/feda.org\/feda2k16\/#organization"},"image":{"@id":"https:\/\/feda.org\/feda2k16\/cristobal-ramo-frontinan\/#primaryimage"},"thumbnailUrl":"https:\/\/feda.org\/feda2k16\/wp-content\/uploads\/D.-Cristobal-Ramo-Frontinan.png","articleSection":["Uncategorised"],"inLanguage":"es"},{"@type":"WebPage","@id":"https:\/\/feda.org\/feda2k16\/cristobal-ramo-frontinan\/","url":"https:\/\/feda.org\/feda2k16\/cristobal-ramo-frontinan\/","name":"D. Crist\u00f3bal Ramo Fronti\u00f1\u00e1n - FEDA","isPartOf":{"@id":"https:\/\/feda.org\/feda2k16\/#website"},"primaryImageOfPage":{"@id":"https:\/\/feda.org\/feda2k16\/cristobal-ramo-frontinan\/#primaryimage"},"image":{"@id":"https:\/\/feda.org\/feda2k16\/cristobal-ramo-frontinan\/#primaryimage"},"thumbnailUrl":"https:\/\/feda.org\/feda2k16\/wp-content\/uploads\/D.-Cristobal-Ramo-Frontinan.png","datePublished":"2021-02-01T16:11:55+00:00","dateModified":"2021-02-09T09:19:43+00:00","description":"FEDA, Federaci\u00f3n Espa\u00f1ola de Ajedrez, ajedrez madrid, federarse ajedrez, campeonato de Espa\u00f1a de ajedrez, ajedrez","breadcrumb":{"@id":"https:\/\/feda.org\/feda2k16\/cristobal-ramo-frontinan\/#breadcrumb"},"inLanguage":"es","potentialAction":[{"@type":"ReadAction","target":["https:\/\/feda.org\/feda2k16\/cristobal-ramo-frontinan\/"]}]},{"@type":"ImageObject","inLanguage":"es","@id":"https:\/\/feda.org\/feda2k16\/cristobal-ramo-frontinan\/#primaryimage","url":"https:\/\/feda.org\/feda2k16\/wp-content\/uploads\/D.-Cristobal-Ramo-Frontinan.png","contentUrl":"https:\/\/feda.org\/feda2k16\/wp-content\/uploads\/D.-Cristobal-Ramo-Frontinan.png","width":159,"height":159},{"@type":"BreadcrumbList","@id":"https:\/\/feda.org\/feda2k16\/cristobal-ramo-frontinan\/#breadcrumb","itemListElement":[{"@type":"ListItem","position":1,"name":"Portada","item":"https:\/\/feda.org\/feda2k16\/"},{"@type":"ListItem","position":2,"name":"D. Crist\u00f3bal Ramo Fronti\u00f1\u00e1n"}]},{"@type":"WebSite","@id":"https:\/\/feda.org\/feda2k16\/#website","url":"https:\/\/feda.org\/feda2k16\/","name":"FEDA","description":"Federaci\u00f3n Espa\u00f1ola de Ajedrez","publisher":{"@id":"https:\/\/feda.org\/feda2k16\/#organization"},"alternateName":"Federaci\u00f3n Espa\u00f1ola de Ajedrez","potentialAction":[{"@type":"SearchAction","target":{"@type":"EntryPoint","urlTemplate":"https:\/\/feda.org\/feda2k16\/?s={search_term_string}"},"query-input":{"@type":"PropertyValueSpecification","valueRequired":true,"valueName":"search_term_string"}}],"inLanguage":"es"},{"@type":"Organization","@id":"https:\/\/feda.org\/feda2k16\/#organization","name":"FEDA","alternateName":"Federaci\u00f3n Espa\u00f1ola de Ajedrez","url":"https:\/\/feda.org\/feda2k16\/","logo":{"@type":"ImageObject","inLanguage":"es","@id":"https:\/\/feda.org\/feda2k16\/#\/schema\/logo\/image\/","url":"https:\/\/feda.org\/feda2k16\/wp-content\/uploads\/NuevoLogo_FEDA_2016.png","contentUrl":"https:\/\/feda.org\/feda2k16\/wp-content\/uploads\/NuevoLogo_FEDA_2016.png","width":600,"height":600,"caption":"FEDA"},"image":{"@id":"https:\/\/feda.org\/feda2k16\/#\/schema\/logo\/image\/"},"sameAs":["https:\/\/www.facebook.com\/federacionespanoladeajedrez\/","https:\/\/x.com\/AjedrezEspanola","https:\/\/www.instagram.com\/federacionespanolaajedrez\/?hl=es","https:\/\/www.youtube.com\/@FederacionEspanoladeAjedrezFED\/featured"]},{"@type":"Person","@id":"https:\/\/feda.org\/feda2k16\/#\/schema\/person\/6f81e48d83f6f1503890fdb658f2ff4e","name":"Nacho","url":"https:\/\/feda.org\/feda2k16\/author\/nacho\/"}]}},"_links":{"self":[{"href":"https:\/\/feda.org\/feda2k16\/wp-json\/wp\/v2\/posts\/17797","targetHints":{"allow":["GET"]}}],"collection":[{"href":"https:\/\/feda.org\/feda2k16\/wp-json\/wp\/v2\/posts"}],"about":[{"href":"https:\/\/feda.org\/feda2k16\/wp-json\/wp\/v2\/types\/post"}],"author":[{"embeddable":true,"href":"https:\/\/feda.org\/feda2k16\/wp-json\/wp\/v2\/users\/2"}],"replies":[{"embeddable":true,"href":"https:\/\/feda.org\/feda2k16\/wp-json\/wp\/v2\/comments?post=17797"}],"version-history":[{"count":3,"href":"https:\/\/feda.org\/feda2k16\/wp-json\/wp\/v2\/posts\/17797\/revisions"}],"predecessor-version":[{"id":17947,"href":"https:\/\/feda.org\/feda2k16\/wp-json\/wp\/v2\/posts\/17797\/revisions\/17947"}],"wp:attachment":[{"href":"https:\/\/feda.org\/feda2k16\/wp-json\/wp\/v2\/media?parent=17797"}],"wp:term":[{"taxonomy":"category","embeddable":true,"href":"https:\/\/feda.org\/feda2k16\/wp-json\/wp\/v2\/categories?post=17797"},{"taxonomy":"post_tag","embeddable":true,"href":"https:\/\/feda.org\/feda2k16\/wp-json\/wp\/v2\/tags?post=17797"}],"curies":[{"name":"wp","href":"https:\/\/api.w.org\/{rel}","templated":true}]}}