{"id":17910,"date":"2021-02-05T13:20:57","date_gmt":"2021-02-05T13:20:57","guid":{"rendered":"https:\/\/feda.org\/feda2k16\/?p=17910"},"modified":"2021-02-09T09:20:50","modified_gmt":"2021-02-09T09:20:50","slug":"agustin-garcia-horcajo","status":"publish","type":"post","link":"https:\/\/feda.org\/feda2k16\/agustin-garcia-horcajo\/","title":{"rendered":"D. Agust\u00edn Garc\u00eda Horcajo"},"content":{"rendered":"\n<figure class=\"wp-block-table aligncenter is-style-regular\"><table><tbody><tr><td class=\"has-text-align-center\" data-align=\"center\"><img decoding=\"async\" src=\"https:\/\/feda.org\/feda2k16\/wp-content\/uploads\/D.-Agustin-Garcia-Horcajo.png\" alt=\"La imagen tiene un atributo ALT vac\u00edo; su nombre de archivo es D.-Agustin-Garcia-Horcajo.png\" style=\"width: 200px;\"><\/td><\/tr><tr><td class=\"has-text-align-center\" data-align=\"center\"><strong>AGUST\u00cdN GARC\u00cdA HORCAJO<\/strong><\/td><\/tr><tr><td class=\"has-text-align-center\" data-align=\"center\">Madrid, 1967<\/td><\/tr><\/tbody><\/table><\/figure>\n\n\n\n<p><span style=\"text-decoration: underline;\"><strong>Formaci\u00f3n Acad\u00e9mica<\/strong><\/span><\/p>\n<ul>\n<li>Licenciado en Derecho, Universidad Complutense de Madrid.<\/li>\n<li>Estudios Avanzados en Derecho Matrimonial, Universidad Complutense de Madrid.<\/li>\n<li>Estudios en Ciencias Pol\u00edticas, Universidad Nacional de Educaci\u00f3n a Distancia.<\/li>\n<li>M\u00e1ster en Gesti\u00f3n y Legislaci\u00f3n Deportiva, Universidad Complutense de Madrid.<\/li>\n<\/ul>\n<p><strong><span style=\"text-decoration: underline;\">Experiencia Profesional<\/span><\/strong><\/p>\n<ul>\n<li>Abogado y gestor en diferentes despachos profesionales de Madrid.<\/li>\n<\/ul>\n<p><span style=\"text-decoration: underline;\"><strong>E<\/strong><strong>xperiencia en Gesti\u00f3n y Direcci\u00f3n <span style=\"text-decoration-line: underline;\">Deportiva<\/span><\/strong><\/span><\/p>\n<ul>\n<li>Fundador y expresidente de Club de Ajedrez New Chess Madrid.<\/li>\n<li>Fundador y expresidente de Club de Ajedrez Liberty Chess Madrid.<\/li>\n<li>Vocal de Competiciones de la Federaci\u00f3n Madrile\u00f1a de Ajedrez.<\/li>\n<li>Vocal de Relaciones con los Clubes de la Federaci\u00f3n Madrile\u00f1a de Ajedrez.<\/li>\n<li>Vocal del Comit\u00e9 de Competici\u00f3n y Disciplina Deportiva de la Federaci\u00f3n Madrile\u00f1a de Ajedrez.<\/li>\n<li>Miembro de la Comisi\u00f3n Delegada de la Federaci\u00f3n Madrile\u00f1a de Ajedrez.<\/li>\n<li>Vicepresidente de la Federaci\u00f3n Madrile\u00f1a de Ajedrez.<\/li>\n<li>Presidente de la Federaci\u00f3n Madrile\u00f1a de Ajedrez.<\/li>\n<li>Asamble\u00edsta de la Federaci\u00f3n Espa\u00f1ola de Ajedrez.<\/li>\n<li>Miembro de la Junta Directiva de la Federaci\u00f3n Espa\u00f1ola de Ajedrez.<\/li>\n<\/ul>\n<p><span style=\"text-decoration: underline;\"><strong>Experiencia como T\u00e9cnico Deportivo, Deportista y T\u00edtulos<\/strong><\/span><\/p>\n<ul>\n<li>Monitor FEDA.<\/li>\n<li>Deportista federado desde 1986.<\/li>\n<\/ul>\n","protected":false},"excerpt":{"rendered":"<p>AGUST\u00cdN GARC\u00cdA HORCAJO Madrid, 1967 Formaci\u00f3n Acad\u00e9mica Licenciado en Derecho, Universidad Complutense de Madrid. Estudios Avanzados en Derecho Matrimonial, Universidad Complutense de Madrid. Estudios en Ciencias Pol\u00edticas, Universidad Nacional de Educaci\u00f3n a Distancia. M\u00e1ster en Gesti\u00f3n y Legislaci\u00f3n Deportiva, Universidad Complutense de Madrid. Experiencia Profesional Abogado y gestor en diferentes despachos profesionales de Madrid. Experiencia [&hellip;]<\/p>\n","protected":false},"author":2,"featured_media":0,"comment_status":"closed","ping_status":"closed","sticky":false,"template":"","format":"standard","meta":{"footnotes":""},"categories":[2],"tags":[],"class_list":["post-17910","post","type-post","status-publish","format-standard","hentry","category-uncategorised"],"yoast_head":"<!-- This site is optimized with the Yoast SEO plugin v27.4 - https:\/\/yoast.com\/product\/yoast-seo-wordpress\/ -->\n<title>D. Agust\u00edn Garc\u00eda Horcajo - FEDA<\/title>\n<meta name=\"description\" content=\"FEDA, Federaci\u00f3n Espa\u00f1ola de Ajedrez, ajedrez madrid, federarse ajedrez, campeonato de Espa\u00f1a de ajedrez, ajedrez\" \/>\n<meta name=\"robots\" content=\"index, follow, max-snippet:-1, max-image-preview:large, max-video-preview:-1\" \/>\n<link rel=\"canonical\" href=\"https:\/\/feda.org\/feda2k16\/agustin-garcia-horcajo\/\" \/>\n<meta property=\"og:locale\" content=\"es_ES\" \/>\n<meta property=\"og:type\" content=\"article\" \/>\n<meta property=\"og:title\" content=\"D. Agust\u00edn Garc\u00eda Horcajo - FEDA\" \/>\n<meta property=\"og:description\" content=\"FEDA, Federaci\u00f3n Espa\u00f1ola de Ajedrez, ajedrez madrid, federarse ajedrez, campeonato de Espa\u00f1a de ajedrez, ajedrez\" \/>\n<meta property=\"og:url\" content=\"https:\/\/feda.org\/feda2k16\/agustin-garcia-horcajo\/\" \/>\n<meta property=\"og:site_name\" content=\"FEDA\" \/>\n<meta property=\"article:publisher\" content=\"https:\/\/www.facebook.com\/federacionespanoladeajedrez\/\" \/>\n<meta property=\"article:published_time\" content=\"2021-02-05T13:20:57+00:00\" \/>\n<meta property=\"article:modified_time\" content=\"2021-02-09T09:20:50+00:00\" \/>\n<meta property=\"og:image\" content=\"https:\/\/feda.org\/feda2k16\/wp-content\/uploads\/D.-Agustin-Garcia-Horcajo.png\" \/>\n<meta name=\"author\" content=\"Nacho\" \/>\n<meta name=\"twitter:card\" content=\"summary_large_image\" \/>\n<meta name=\"twitter:creator\" content=\"@AjedrezEspanola\" \/>\n<meta name=\"twitter:site\" content=\"@AjedrezEspanola\" \/>\n<meta name=\"twitter:label1\" content=\"Escrito por\" \/>\n\t<meta name=\"twitter:data1\" content=\"Nacho\" \/>\n\t<meta name=\"twitter:label2\" content=\"Tiempo de lectura\" \/>\n\t<meta name=\"twitter:data2\" content=\"1 minuto\" \/>\n<script type=\"application\/ld+json\" class=\"yoast-schema-graph\">{\"@context\":\"https:\\\/\\\/schema.org\",\"@graph\":[{\"@type\":\"Article\",\"@id\":\"https:\\\/\\\/feda.org\\\/feda2k16\\\/agustin-garcia-horcajo\\\/#article\",\"isPartOf\":{\"@id\":\"https:\\\/\\\/feda.org\\\/feda2k16\\\/agustin-garcia-horcajo\\\/\"},\"author\":{\"name\":\"Nacho\",\"@id\":\"https:\\\/\\\/feda.org\\\/feda2k16\\\/#\\\/schema\\\/person\\\/6f81e48d83f6f1503890fdb658f2ff4e\"},\"headline\":\"D. Agust\u00edn Garc\u00eda Horcajo\",\"datePublished\":\"2021-02-05T13:20:57+00:00\",\"dateModified\":\"2021-02-09T09:20:50+00:00\",\"mainEntityOfPage\":{\"@id\":\"https:\\\/\\\/feda.org\\\/feda2k16\\\/agustin-garcia-horcajo\\\/\"},\"wordCount\":208,\"publisher\":{\"@id\":\"https:\\\/\\\/feda.org\\\/feda2k16\\\/#organization\"},\"image\":{\"@id\":\"https:\\\/\\\/feda.org\\\/feda2k16\\\/agustin-garcia-horcajo\\\/#primaryimage\"},\"thumbnailUrl\":\"https:\\\/\\\/feda.org\\\/feda2k16\\\/wp-content\\\/uploads\\\/D.-Agustin-Garcia-Horcajo.png\",\"articleSection\":[\"Uncategorised\"],\"inLanguage\":\"es\"},{\"@type\":\"WebPage\",\"@id\":\"https:\\\/\\\/feda.org\\\/feda2k16\\\/agustin-garcia-horcajo\\\/\",\"url\":\"https:\\\/\\\/feda.org\\\/feda2k16\\\/agustin-garcia-horcajo\\\/\",\"name\":\"D. Agust\u00edn Garc\u00eda Horcajo - FEDA\",\"isPartOf\":{\"@id\":\"https:\\\/\\\/feda.org\\\/feda2k16\\\/#website\"},\"primaryImageOfPage\":{\"@id\":\"https:\\\/\\\/feda.org\\\/feda2k16\\\/agustin-garcia-horcajo\\\/#primaryimage\"},\"image\":{\"@id\":\"https:\\\/\\\/feda.org\\\/feda2k16\\\/agustin-garcia-horcajo\\\/#primaryimage\"},\"thumbnailUrl\":\"https:\\\/\\\/feda.org\\\/feda2k16\\\/wp-content\\\/uploads\\\/D.-Agustin-Garcia-Horcajo.png\",\"datePublished\":\"2021-02-05T13:20:57+00:00\",\"dateModified\":\"2021-02-09T09:20:50+00:00\",\"description\":\"FEDA, Federaci\u00f3n Espa\u00f1ola de Ajedrez, ajedrez madrid, federarse ajedrez, campeonato de Espa\u00f1a de ajedrez, ajedrez\",\"breadcrumb\":{\"@id\":\"https:\\\/\\\/feda.org\\\/feda2k16\\\/agustin-garcia-horcajo\\\/#breadcrumb\"},\"inLanguage\":\"es\",\"potentialAction\":[{\"@type\":\"ReadAction\",\"target\":[\"https:\\\/\\\/feda.org\\\/feda2k16\\\/agustin-garcia-horcajo\\\/\"]}]},{\"@type\":\"ImageObject\",\"inLanguage\":\"es\",\"@id\":\"https:\\\/\\\/feda.org\\\/feda2k16\\\/agustin-garcia-horcajo\\\/#primaryimage\",\"url\":\"https:\\\/\\\/feda.org\\\/feda2k16\\\/wp-content\\\/uploads\\\/D.-Agustin-Garcia-Horcajo.png\",\"contentUrl\":\"https:\\\/\\\/feda.org\\\/feda2k16\\\/wp-content\\\/uploads\\\/D.-Agustin-Garcia-Horcajo.png\",\"width\":200,\"height\":213},{\"@type\":\"BreadcrumbList\",\"@id\":\"https:\\\/\\\/feda.org\\\/feda2k16\\\/agustin-garcia-horcajo\\\/#breadcrumb\",\"itemListElement\":[{\"@type\":\"ListItem\",\"position\":1,\"name\":\"Portada\",\"item\":\"https:\\\/\\\/feda.org\\\/feda2k16\\\/\"},{\"@type\":\"ListItem\",\"position\":2,\"name\":\"D. Agust\u00edn Garc\u00eda Horcajo\"}]},{\"@type\":\"WebSite\",\"@id\":\"https:\\\/\\\/feda.org\\\/feda2k16\\\/#website\",\"url\":\"https:\\\/\\\/feda.org\\\/feda2k16\\\/\",\"name\":\"FEDA\",\"description\":\"Federaci\u00f3n Espa\u00f1ola de Ajedrez\",\"publisher\":{\"@id\":\"https:\\\/\\\/feda.org\\\/feda2k16\\\/#organization\"},\"alternateName\":\"Federaci\u00f3n Espa\u00f1ola de Ajedrez\",\"potentialAction\":[{\"@type\":\"SearchAction\",\"target\":{\"@type\":\"EntryPoint\",\"urlTemplate\":\"https:\\\/\\\/feda.org\\\/feda2k16\\\/?s={search_term_string}\"},\"query-input\":{\"@type\":\"PropertyValueSpecification\",\"valueRequired\":true,\"valueName\":\"search_term_string\"}}],\"inLanguage\":\"es\"},{\"@type\":\"Organization\",\"@id\":\"https:\\\/\\\/feda.org\\\/feda2k16\\\/#organization\",\"name\":\"FEDA\",\"alternateName\":\"Federaci\u00f3n Espa\u00f1ola de Ajedrez\",\"url\":\"https:\\\/\\\/feda.org\\\/feda2k16\\\/\",\"logo\":{\"@type\":\"ImageObject\",\"inLanguage\":\"es\",\"@id\":\"https:\\\/\\\/feda.org\\\/feda2k16\\\/#\\\/schema\\\/logo\\\/image\\\/\",\"url\":\"https:\\\/\\\/feda.org\\\/feda2k16\\\/wp-content\\\/uploads\\\/NuevoLogo_FEDA_2016.png\",\"contentUrl\":\"https:\\\/\\\/feda.org\\\/feda2k16\\\/wp-content\\\/uploads\\\/NuevoLogo_FEDA_2016.png\",\"width\":600,\"height\":600,\"caption\":\"FEDA\"},\"image\":{\"@id\":\"https:\\\/\\\/feda.org\\\/feda2k16\\\/#\\\/schema\\\/logo\\\/image\\\/\"},\"sameAs\":[\"https:\\\/\\\/www.facebook.com\\\/federacionespanoladeajedrez\\\/\",\"https:\\\/\\\/x.com\\\/AjedrezEspanola\",\"https:\\\/\\\/www.instagram.com\\\/federacionespanolaajedrez\\\/?hl=es\",\"https:\\\/\\\/www.youtube.com\\\/@FederacionEspanoladeAjedrezFED\\\/featured\"]},{\"@type\":\"Person\",\"@id\":\"https:\\\/\\\/feda.org\\\/feda2k16\\\/#\\\/schema\\\/person\\\/6f81e48d83f6f1503890fdb658f2ff4e\",\"name\":\"Nacho\",\"url\":\"https:\\\/\\\/feda.org\\\/feda2k16\\\/author\\\/nacho\\\/\"}]}<\/script>\n<!-- \/ Yoast SEO plugin. -->","yoast_head_json":{"title":"D. Agust\u00edn Garc\u00eda Horcajo - FEDA","description":"FEDA, Federaci\u00f3n Espa\u00f1ola de Ajedrez, ajedrez madrid, federarse ajedrez, campeonato de Espa\u00f1a de ajedrez, ajedrez","robots":{"index":"index","follow":"follow","max-snippet":"max-snippet:-1","max-image-preview":"max-image-preview:large","max-video-preview":"max-video-preview:-1"},"canonical":"https:\/\/feda.org\/feda2k16\/agustin-garcia-horcajo\/","og_locale":"es_ES","og_type":"article","og_title":"D. Agust\u00edn Garc\u00eda Horcajo - FEDA","og_description":"FEDA, Federaci\u00f3n Espa\u00f1ola de Ajedrez, ajedrez madrid, federarse ajedrez, campeonato de Espa\u00f1a de ajedrez, ajedrez","og_url":"https:\/\/feda.org\/feda2k16\/agustin-garcia-horcajo\/","og_site_name":"FEDA","article_publisher":"https:\/\/www.facebook.com\/federacionespanoladeajedrez\/","article_published_time":"2021-02-05T13:20:57+00:00","article_modified_time":"2021-02-09T09:20:50+00:00","og_image":[{"url":"https:\/\/feda.org\/feda2k16\/wp-content\/uploads\/D.-Agustin-Garcia-Horcajo.png","type":"","width":"","height":""}],"author":"Nacho","twitter_card":"summary_large_image","twitter_creator":"@AjedrezEspanola","twitter_site":"@AjedrezEspanola","twitter_misc":{"Escrito por":"Nacho","Tiempo de lectura":"1 minuto"},"schema":{"@context":"https:\/\/schema.org","@graph":[{"@type":"Article","@id":"https:\/\/feda.org\/feda2k16\/agustin-garcia-horcajo\/#article","isPartOf":{"@id":"https:\/\/feda.org\/feda2k16\/agustin-garcia-horcajo\/"},"author":{"name":"Nacho","@id":"https:\/\/feda.org\/feda2k16\/#\/schema\/person\/6f81e48d83f6f1503890fdb658f2ff4e"},"headline":"D. Agust\u00edn Garc\u00eda Horcajo","datePublished":"2021-02-05T13:20:57+00:00","dateModified":"2021-02-09T09:20:50+00:00","mainEntityOfPage":{"@id":"https:\/\/feda.org\/feda2k16\/agustin-garcia-horcajo\/"},"wordCount":208,"publisher":{"@id":"https:\/\/feda.org\/feda2k16\/#organization"},"image":{"@id":"https:\/\/feda.org\/feda2k16\/agustin-garcia-horcajo\/#primaryimage"},"thumbnailUrl":"https:\/\/feda.org\/feda2k16\/wp-content\/uploads\/D.-Agustin-Garcia-Horcajo.png","articleSection":["Uncategorised"],"inLanguage":"es"},{"@type":"WebPage","@id":"https:\/\/feda.org\/feda2k16\/agustin-garcia-horcajo\/","url":"https:\/\/feda.org\/feda2k16\/agustin-garcia-horcajo\/","name":"D. Agust\u00edn Garc\u00eda Horcajo - FEDA","isPartOf":{"@id":"https:\/\/feda.org\/feda2k16\/#website"},"primaryImageOfPage":{"@id":"https:\/\/feda.org\/feda2k16\/agustin-garcia-horcajo\/#primaryimage"},"image":{"@id":"https:\/\/feda.org\/feda2k16\/agustin-garcia-horcajo\/#primaryimage"},"thumbnailUrl":"https:\/\/feda.org\/feda2k16\/wp-content\/uploads\/D.-Agustin-Garcia-Horcajo.png","datePublished":"2021-02-05T13:20:57+00:00","dateModified":"2021-02-09T09:20:50+00:00","description":"FEDA, Federaci\u00f3n Espa\u00f1ola de Ajedrez, ajedrez madrid, federarse ajedrez, campeonato de Espa\u00f1a de ajedrez, ajedrez","breadcrumb":{"@id":"https:\/\/feda.org\/feda2k16\/agustin-garcia-horcajo\/#breadcrumb"},"inLanguage":"es","potentialAction":[{"@type":"ReadAction","target":["https:\/\/feda.org\/feda2k16\/agustin-garcia-horcajo\/"]}]},{"@type":"ImageObject","inLanguage":"es","@id":"https:\/\/feda.org\/feda2k16\/agustin-garcia-horcajo\/#primaryimage","url":"https:\/\/feda.org\/feda2k16\/wp-content\/uploads\/D.-Agustin-Garcia-Horcajo.png","contentUrl":"https:\/\/feda.org\/feda2k16\/wp-content\/uploads\/D.-Agustin-Garcia-Horcajo.png","width":200,"height":213},{"@type":"BreadcrumbList","@id":"https:\/\/feda.org\/feda2k16\/agustin-garcia-horcajo\/#breadcrumb","itemListElement":[{"@type":"ListItem","position":1,"name":"Portada","item":"https:\/\/feda.org\/feda2k16\/"},{"@type":"ListItem","position":2,"name":"D. Agust\u00edn Garc\u00eda Horcajo"}]},{"@type":"WebSite","@id":"https:\/\/feda.org\/feda2k16\/#website","url":"https:\/\/feda.org\/feda2k16\/","name":"FEDA","description":"Federaci\u00f3n Espa\u00f1ola de Ajedrez","publisher":{"@id":"https:\/\/feda.org\/feda2k16\/#organization"},"alternateName":"Federaci\u00f3n Espa\u00f1ola de Ajedrez","potentialAction":[{"@type":"SearchAction","target":{"@type":"EntryPoint","urlTemplate":"https:\/\/feda.org\/feda2k16\/?s={search_term_string}"},"query-input":{"@type":"PropertyValueSpecification","valueRequired":true,"valueName":"search_term_string"}}],"inLanguage":"es"},{"@type":"Organization","@id":"https:\/\/feda.org\/feda2k16\/#organization","name":"FEDA","alternateName":"Federaci\u00f3n Espa\u00f1ola de Ajedrez","url":"https:\/\/feda.org\/feda2k16\/","logo":{"@type":"ImageObject","inLanguage":"es","@id":"https:\/\/feda.org\/feda2k16\/#\/schema\/logo\/image\/","url":"https:\/\/feda.org\/feda2k16\/wp-content\/uploads\/NuevoLogo_FEDA_2016.png","contentUrl":"https:\/\/feda.org\/feda2k16\/wp-content\/uploads\/NuevoLogo_FEDA_2016.png","width":600,"height":600,"caption":"FEDA"},"image":{"@id":"https:\/\/feda.org\/feda2k16\/#\/schema\/logo\/image\/"},"sameAs":["https:\/\/www.facebook.com\/federacionespanoladeajedrez\/","https:\/\/x.com\/AjedrezEspanola","https:\/\/www.instagram.com\/federacionespanolaajedrez\/?hl=es","https:\/\/www.youtube.com\/@FederacionEspanoladeAjedrezFED\/featured"]},{"@type":"Person","@id":"https:\/\/feda.org\/feda2k16\/#\/schema\/person\/6f81e48d83f6f1503890fdb658f2ff4e","name":"Nacho","url":"https:\/\/feda.org\/feda2k16\/author\/nacho\/"}]}},"_links":{"self":[{"href":"https:\/\/feda.org\/feda2k16\/wp-json\/wp\/v2\/posts\/17910","targetHints":{"allow":["GET"]}}],"collection":[{"href":"https:\/\/feda.org\/feda2k16\/wp-json\/wp\/v2\/posts"}],"about":[{"href":"https:\/\/feda.org\/feda2k16\/wp-json\/wp\/v2\/types\/post"}],"author":[{"embeddable":true,"href":"https:\/\/feda.org\/feda2k16\/wp-json\/wp\/v2\/users\/2"}],"replies":[{"embeddable":true,"href":"https:\/\/feda.org\/feda2k16\/wp-json\/wp\/v2\/comments?post=17910"}],"version-history":[{"count":3,"href":"https:\/\/feda.org\/feda2k16\/wp-json\/wp\/v2\/posts\/17910\/revisions"}],"predecessor-version":[{"id":17949,"href":"https:\/\/feda.org\/feda2k16\/wp-json\/wp\/v2\/posts\/17910\/revisions\/17949"}],"wp:attachment":[{"href":"https:\/\/feda.org\/feda2k16\/wp-json\/wp\/v2\/media?parent=17910"}],"wp:term":[{"taxonomy":"category","embeddable":true,"href":"https:\/\/feda.org\/feda2k16\/wp-json\/wp\/v2\/categories?post=17910"},{"taxonomy":"post_tag","embeddable":true,"href":"https:\/\/feda.org\/feda2k16\/wp-json\/wp\/v2\/tags?post=17910"}],"curies":[{"name":"wp","href":"https:\/\/api.w.org\/{rel}","templated":true}]}}