{"id":20901,"date":"2022-09-15T07:40:51","date_gmt":"2022-09-15T07:40:51","guid":{"rendered":"https:\/\/feda.org\/feda2k16\/?p=20901"},"modified":"2022-09-16T20:27:50","modified_gmt":"2022-09-16T20:27:50","slug":"campeonato-del-mundo-de-jovenes-sub-08-a-sub-12-batumi-2022","status":"publish","type":"post","link":"https:\/\/feda.org\/feda2k16\/campeonato-del-mundo-de-jovenes-sub-08-a-sub-12-batumi-2022\/","title":{"rendered":"CAMPEONATO DEL MUNDO DE J\u00d3VENES SUB 08 A SUB 12. BATUMI 2022."},"content":{"rendered":"\n\n\n<figure class=\"wp-block-image size-full\"><img fetchpriority=\"high\" decoding=\"async\" width=\"1297\" height=\"797\" src=\"https:\/\/feda.org\/feda2k16\/wp-content\/uploads\/307131982_421604766728665_312496172353916062_n.jpg\" alt=\"\" class=\"wp-image-20921\" srcset=\"https:\/\/feda.org\/feda2k16\/wp-content\/uploads\/307131982_421604766728665_312496172353916062_n.jpg 1297w, https:\/\/feda.org\/feda2k16\/wp-content\/uploads\/307131982_421604766728665_312496172353916062_n-768x472.jpg 768w\" sizes=\"(max-width: 1297px) 100vw, 1297px\" \/><\/figure>\n\n\n\n<p class=\"has-text-align-center\">Web oficial del Mundial:<a href=\"https:\/\/worldyouth2022.com\" data-type=\"URL\" data-id=\"https:\/\/worldyouth2022.com\">&nbsp;https:\/\/worldyouth2022.com<\/a><br>Chess-results:&nbsp;<a href=\"http:\/\/chess-results.com\/tnr670148.aspx?lan=2\">http:\/\/chess-results.com\/tnr670148.aspx?lan=2<\/a><br>Representaci\u00f3n Espa\u00f1ola:&nbsp; <\/p>\n\n\n<div class=\"wp-block-image\">\n<figure class=\"aligncenter size-full\"><img decoding=\"async\" width=\"284\" height=\"144\" src=\"https:\/\/feda.org\/feda2k16\/wp-content\/uploads\/e1f049ff-489a-49ea-8c0a-0a76af4fc7d7-1.jpg\" alt=\"\" class=\"wp-image-20908\"\/><\/figure>\n<\/div>","protected":false},"excerpt":{"rendered":"<p>Web oficial del Mundial:&nbsp;https:\/\/worldyouth2022.comChess-results:&nbsp;http:\/\/chess-results.com\/tnr670148.aspx?lan=2Representaci\u00f3n Espa\u00f1ola:&nbsp;<\/p>\n","protected":false},"author":5,"featured_media":0,"comment_status":"closed","ping_status":"closed","sticky":false,"template":"","format":"standard","meta":{"footnotes":""},"categories":[16],"tags":[],"class_list":["post-20901","post","type-post","status-publish","format-standard","hentry","category-noticias"],"yoast_head":"<!-- This site is optimized with the Yoast SEO plugin v27.4 - https:\/\/yoast.com\/product\/yoast-seo-wordpress\/ -->\n<title>CAMPEONATO DEL MUNDO DE J\u00d3VENES SUB 08 A SUB 12. BATUMI 2022. - FEDA<\/title>\n<meta name=\"description\" content=\"FEDA, Federaci\u00f3n Espa\u00f1ola de Ajedrez, ajedrez madrid, federarse ajedrez, campeonato de Espa\u00f1a de ajedrez, ajedrez\" \/>\n<meta name=\"robots\" content=\"index, follow, max-snippet:-1, max-image-preview:large, max-video-preview:-1\" \/>\n<link rel=\"canonical\" href=\"https:\/\/feda.org\/feda2k16\/campeonato-del-mundo-de-jovenes-sub-08-a-sub-12-batumi-2022\/\" \/>\n<meta property=\"og:locale\" content=\"es_ES\" \/>\n<meta property=\"og:type\" content=\"article\" \/>\n<meta property=\"og:title\" content=\"CAMPEONATO DEL MUNDO DE J\u00d3VENES SUB 08 A SUB 12. BATUMI 2022. - FEDA\" \/>\n<meta property=\"og:description\" content=\"FEDA, Federaci\u00f3n Espa\u00f1ola de Ajedrez, ajedrez madrid, federarse ajedrez, campeonato de Espa\u00f1a de ajedrez, ajedrez\" \/>\n<meta property=\"og:url\" content=\"https:\/\/feda.org\/feda2k16\/campeonato-del-mundo-de-jovenes-sub-08-a-sub-12-batumi-2022\/\" \/>\n<meta property=\"og:site_name\" content=\"FEDA\" \/>\n<meta property=\"article:publisher\" content=\"https:\/\/www.facebook.com\/federacionespanoladeajedrez\/\" \/>\n<meta property=\"article:published_time\" content=\"2022-09-15T07:40:51+00:00\" \/>\n<meta property=\"article:modified_time\" content=\"2022-09-16T20:27:50+00:00\" \/>\n<meta property=\"og:image\" content=\"https:\/\/feda.org\/feda2k16\/wp-content\/uploads\/307131982_421604766728665_312496172353916062_n.jpg\" \/>\n<meta name=\"author\" content=\"elefante66\" \/>\n<meta name=\"twitter:card\" content=\"summary_large_image\" \/>\n<meta name=\"twitter:creator\" content=\"@AjedrezEspanola\" \/>\n<meta name=\"twitter:site\" content=\"@AjedrezEspanola\" \/>\n<meta name=\"twitter:label1\" content=\"Escrito por\" \/>\n\t<meta name=\"twitter:data1\" content=\"elefante66\" \/>\n<script type=\"application\/ld+json\" class=\"yoast-schema-graph\">{\"@context\":\"https:\\\/\\\/schema.org\",\"@graph\":[{\"@type\":\"Article\",\"@id\":\"https:\\\/\\\/feda.org\\\/feda2k16\\\/campeonato-del-mundo-de-jovenes-sub-08-a-sub-12-batumi-2022\\\/#article\",\"isPartOf\":{\"@id\":\"https:\\\/\\\/feda.org\\\/feda2k16\\\/campeonato-del-mundo-de-jovenes-sub-08-a-sub-12-batumi-2022\\\/\"},\"author\":{\"name\":\"elefante66\",\"@id\":\"https:\\\/\\\/feda.org\\\/feda2k16\\\/#\\\/schema\\\/person\\\/b39486343e189c77e58d02641385fe29\"},\"headline\":\"CAMPEONATO DEL MUNDO DE J\u00d3VENES SUB 08 A SUB 12. BATUMI 2022.\",\"datePublished\":\"2022-09-15T07:40:51+00:00\",\"dateModified\":\"2022-09-16T20:27:50+00:00\",\"mainEntityOfPage\":{\"@id\":\"https:\\\/\\\/feda.org\\\/feda2k16\\\/campeonato-del-mundo-de-jovenes-sub-08-a-sub-12-batumi-2022\\\/\"},\"wordCount\":31,\"publisher\":{\"@id\":\"https:\\\/\\\/feda.org\\\/feda2k16\\\/#organization\"},\"image\":{\"@id\":\"https:\\\/\\\/feda.org\\\/feda2k16\\\/campeonato-del-mundo-de-jovenes-sub-08-a-sub-12-batumi-2022\\\/#primaryimage\"},\"thumbnailUrl\":\"https:\\\/\\\/feda.org\\\/feda2k16\\\/wp-content\\\/uploads\\\/307131982_421604766728665_312496172353916062_n.jpg\",\"articleSection\":[\"Noticias\"],\"inLanguage\":\"es\"},{\"@type\":\"WebPage\",\"@id\":\"https:\\\/\\\/feda.org\\\/feda2k16\\\/campeonato-del-mundo-de-jovenes-sub-08-a-sub-12-batumi-2022\\\/\",\"url\":\"https:\\\/\\\/feda.org\\\/feda2k16\\\/campeonato-del-mundo-de-jovenes-sub-08-a-sub-12-batumi-2022\\\/\",\"name\":\"CAMPEONATO DEL MUNDO DE J\u00d3VENES SUB 08 A SUB 12. BATUMI 2022. - FEDA\",\"isPartOf\":{\"@id\":\"https:\\\/\\\/feda.org\\\/feda2k16\\\/#website\"},\"primaryImageOfPage\":{\"@id\":\"https:\\\/\\\/feda.org\\\/feda2k16\\\/campeonato-del-mundo-de-jovenes-sub-08-a-sub-12-batumi-2022\\\/#primaryimage\"},\"image\":{\"@id\":\"https:\\\/\\\/feda.org\\\/feda2k16\\\/campeonato-del-mundo-de-jovenes-sub-08-a-sub-12-batumi-2022\\\/#primaryimage\"},\"thumbnailUrl\":\"https:\\\/\\\/feda.org\\\/feda2k16\\\/wp-content\\\/uploads\\\/307131982_421604766728665_312496172353916062_n.jpg\",\"datePublished\":\"2022-09-15T07:40:51+00:00\",\"dateModified\":\"2022-09-16T20:27:50+00:00\",\"description\":\"FEDA, Federaci\u00f3n Espa\u00f1ola de Ajedrez, ajedrez madrid, federarse ajedrez, campeonato de Espa\u00f1a de ajedrez, ajedrez\",\"breadcrumb\":{\"@id\":\"https:\\\/\\\/feda.org\\\/feda2k16\\\/campeonato-del-mundo-de-jovenes-sub-08-a-sub-12-batumi-2022\\\/#breadcrumb\"},\"inLanguage\":\"es\",\"potentialAction\":[{\"@type\":\"ReadAction\",\"target\":[\"https:\\\/\\\/feda.org\\\/feda2k16\\\/campeonato-del-mundo-de-jovenes-sub-08-a-sub-12-batumi-2022\\\/\"]}]},{\"@type\":\"ImageObject\",\"inLanguage\":\"es\",\"@id\":\"https:\\\/\\\/feda.org\\\/feda2k16\\\/campeonato-del-mundo-de-jovenes-sub-08-a-sub-12-batumi-2022\\\/#primaryimage\",\"url\":\"https:\\\/\\\/feda.org\\\/feda2k16\\\/wp-content\\\/uploads\\\/307131982_421604766728665_312496172353916062_n.jpg\",\"contentUrl\":\"https:\\\/\\\/feda.org\\\/feda2k16\\\/wp-content\\\/uploads\\\/307131982_421604766728665_312496172353916062_n.jpg\",\"width\":1297,\"height\":797},{\"@type\":\"BreadcrumbList\",\"@id\":\"https:\\\/\\\/feda.org\\\/feda2k16\\\/campeonato-del-mundo-de-jovenes-sub-08-a-sub-12-batumi-2022\\\/#breadcrumb\",\"itemListElement\":[{\"@type\":\"ListItem\",\"position\":1,\"name\":\"Portada\",\"item\":\"https:\\\/\\\/feda.org\\\/feda2k16\\\/\"},{\"@type\":\"ListItem\",\"position\":2,\"name\":\"CAMPEONATO DEL MUNDO DE J\u00d3VENES SUB 08 A SUB 12. BATUMI 2022.\"}]},{\"@type\":\"WebSite\",\"@id\":\"https:\\\/\\\/feda.org\\\/feda2k16\\\/#website\",\"url\":\"https:\\\/\\\/feda.org\\\/feda2k16\\\/\",\"name\":\"FEDA\",\"description\":\"Federaci\u00f3n Espa\u00f1ola de Ajedrez\",\"publisher\":{\"@id\":\"https:\\\/\\\/feda.org\\\/feda2k16\\\/#organization\"},\"alternateName\":\"Federaci\u00f3n Espa\u00f1ola de Ajedrez\",\"potentialAction\":[{\"@type\":\"SearchAction\",\"target\":{\"@type\":\"EntryPoint\",\"urlTemplate\":\"https:\\\/\\\/feda.org\\\/feda2k16\\\/?s={search_term_string}\"},\"query-input\":{\"@type\":\"PropertyValueSpecification\",\"valueRequired\":true,\"valueName\":\"search_term_string\"}}],\"inLanguage\":\"es\"},{\"@type\":\"Organization\",\"@id\":\"https:\\\/\\\/feda.org\\\/feda2k16\\\/#organization\",\"name\":\"FEDA\",\"alternateName\":\"Federaci\u00f3n Espa\u00f1ola de Ajedrez\",\"url\":\"https:\\\/\\\/feda.org\\\/feda2k16\\\/\",\"logo\":{\"@type\":\"ImageObject\",\"inLanguage\":\"es\",\"@id\":\"https:\\\/\\\/feda.org\\\/feda2k16\\\/#\\\/schema\\\/logo\\\/image\\\/\",\"url\":\"https:\\\/\\\/feda.org\\\/feda2k16\\\/wp-content\\\/uploads\\\/NuevoLogo_FEDA_2016.png\",\"contentUrl\":\"https:\\\/\\\/feda.org\\\/feda2k16\\\/wp-content\\\/uploads\\\/NuevoLogo_FEDA_2016.png\",\"width\":600,\"height\":600,\"caption\":\"FEDA\"},\"image\":{\"@id\":\"https:\\\/\\\/feda.org\\\/feda2k16\\\/#\\\/schema\\\/logo\\\/image\\\/\"},\"sameAs\":[\"https:\\\/\\\/www.facebook.com\\\/federacionespanoladeajedrez\\\/\",\"https:\\\/\\\/x.com\\\/AjedrezEspanola\",\"https:\\\/\\\/www.instagram.com\\\/federacionespanolaajedrez\\\/?hl=es\",\"https:\\\/\\\/www.youtube.com\\\/@FederacionEspanoladeAjedrezFED\\\/featured\"]},{\"@type\":\"Person\",\"@id\":\"https:\\\/\\\/feda.org\\\/feda2k16\\\/#\\\/schema\\\/person\\\/b39486343e189c77e58d02641385fe29\",\"name\":\"elefante66\",\"url\":\"https:\\\/\\\/feda.org\\\/feda2k16\\\/author\\\/elefante66\\\/\"}]}<\/script>\n<!-- \/ Yoast SEO plugin. -->","yoast_head_json":{"title":"CAMPEONATO DEL MUNDO DE J\u00d3VENES SUB 08 A SUB 12. BATUMI 2022. - FEDA","description":"FEDA, Federaci\u00f3n Espa\u00f1ola de Ajedrez, ajedrez madrid, federarse ajedrez, campeonato de Espa\u00f1a de ajedrez, ajedrez","robots":{"index":"index","follow":"follow","max-snippet":"max-snippet:-1","max-image-preview":"max-image-preview:large","max-video-preview":"max-video-preview:-1"},"canonical":"https:\/\/feda.org\/feda2k16\/campeonato-del-mundo-de-jovenes-sub-08-a-sub-12-batumi-2022\/","og_locale":"es_ES","og_type":"article","og_title":"CAMPEONATO DEL MUNDO DE J\u00d3VENES SUB 08 A SUB 12. BATUMI 2022. - FEDA","og_description":"FEDA, Federaci\u00f3n Espa\u00f1ola de Ajedrez, ajedrez madrid, federarse ajedrez, campeonato de Espa\u00f1a de ajedrez, ajedrez","og_url":"https:\/\/feda.org\/feda2k16\/campeonato-del-mundo-de-jovenes-sub-08-a-sub-12-batumi-2022\/","og_site_name":"FEDA","article_publisher":"https:\/\/www.facebook.com\/federacionespanoladeajedrez\/","article_published_time":"2022-09-15T07:40:51+00:00","article_modified_time":"2022-09-16T20:27:50+00:00","og_image":[{"url":"https:\/\/feda.org\/feda2k16\/wp-content\/uploads\/307131982_421604766728665_312496172353916062_n.jpg","type":"","width":"","height":""}],"author":"elefante66","twitter_card":"summary_large_image","twitter_creator":"@AjedrezEspanola","twitter_site":"@AjedrezEspanola","twitter_misc":{"Escrito por":"elefante66"},"schema":{"@context":"https:\/\/schema.org","@graph":[{"@type":"Article","@id":"https:\/\/feda.org\/feda2k16\/campeonato-del-mundo-de-jovenes-sub-08-a-sub-12-batumi-2022\/#article","isPartOf":{"@id":"https:\/\/feda.org\/feda2k16\/campeonato-del-mundo-de-jovenes-sub-08-a-sub-12-batumi-2022\/"},"author":{"name":"elefante66","@id":"https:\/\/feda.org\/feda2k16\/#\/schema\/person\/b39486343e189c77e58d02641385fe29"},"headline":"CAMPEONATO DEL MUNDO DE J\u00d3VENES SUB 08 A SUB 12. BATUMI 2022.","datePublished":"2022-09-15T07:40:51+00:00","dateModified":"2022-09-16T20:27:50+00:00","mainEntityOfPage":{"@id":"https:\/\/feda.org\/feda2k16\/campeonato-del-mundo-de-jovenes-sub-08-a-sub-12-batumi-2022\/"},"wordCount":31,"publisher":{"@id":"https:\/\/feda.org\/feda2k16\/#organization"},"image":{"@id":"https:\/\/feda.org\/feda2k16\/campeonato-del-mundo-de-jovenes-sub-08-a-sub-12-batumi-2022\/#primaryimage"},"thumbnailUrl":"https:\/\/feda.org\/feda2k16\/wp-content\/uploads\/307131982_421604766728665_312496172353916062_n.jpg","articleSection":["Noticias"],"inLanguage":"es"},{"@type":"WebPage","@id":"https:\/\/feda.org\/feda2k16\/campeonato-del-mundo-de-jovenes-sub-08-a-sub-12-batumi-2022\/","url":"https:\/\/feda.org\/feda2k16\/campeonato-del-mundo-de-jovenes-sub-08-a-sub-12-batumi-2022\/","name":"CAMPEONATO DEL MUNDO DE J\u00d3VENES SUB 08 A SUB 12. BATUMI 2022. - FEDA","isPartOf":{"@id":"https:\/\/feda.org\/feda2k16\/#website"},"primaryImageOfPage":{"@id":"https:\/\/feda.org\/feda2k16\/campeonato-del-mundo-de-jovenes-sub-08-a-sub-12-batumi-2022\/#primaryimage"},"image":{"@id":"https:\/\/feda.org\/feda2k16\/campeonato-del-mundo-de-jovenes-sub-08-a-sub-12-batumi-2022\/#primaryimage"},"thumbnailUrl":"https:\/\/feda.org\/feda2k16\/wp-content\/uploads\/307131982_421604766728665_312496172353916062_n.jpg","datePublished":"2022-09-15T07:40:51+00:00","dateModified":"2022-09-16T20:27:50+00:00","description":"FEDA, Federaci\u00f3n Espa\u00f1ola de Ajedrez, ajedrez madrid, federarse ajedrez, campeonato de Espa\u00f1a de ajedrez, ajedrez","breadcrumb":{"@id":"https:\/\/feda.org\/feda2k16\/campeonato-del-mundo-de-jovenes-sub-08-a-sub-12-batumi-2022\/#breadcrumb"},"inLanguage":"es","potentialAction":[{"@type":"ReadAction","target":["https:\/\/feda.org\/feda2k16\/campeonato-del-mundo-de-jovenes-sub-08-a-sub-12-batumi-2022\/"]}]},{"@type":"ImageObject","inLanguage":"es","@id":"https:\/\/feda.org\/feda2k16\/campeonato-del-mundo-de-jovenes-sub-08-a-sub-12-batumi-2022\/#primaryimage","url":"https:\/\/feda.org\/feda2k16\/wp-content\/uploads\/307131982_421604766728665_312496172353916062_n.jpg","contentUrl":"https:\/\/feda.org\/feda2k16\/wp-content\/uploads\/307131982_421604766728665_312496172353916062_n.jpg","width":1297,"height":797},{"@type":"BreadcrumbList","@id":"https:\/\/feda.org\/feda2k16\/campeonato-del-mundo-de-jovenes-sub-08-a-sub-12-batumi-2022\/#breadcrumb","itemListElement":[{"@type":"ListItem","position":1,"name":"Portada","item":"https:\/\/feda.org\/feda2k16\/"},{"@type":"ListItem","position":2,"name":"CAMPEONATO DEL MUNDO DE J\u00d3VENES SUB 08 A SUB 12. BATUMI 2022."}]},{"@type":"WebSite","@id":"https:\/\/feda.org\/feda2k16\/#website","url":"https:\/\/feda.org\/feda2k16\/","name":"FEDA","description":"Federaci\u00f3n Espa\u00f1ola de Ajedrez","publisher":{"@id":"https:\/\/feda.org\/feda2k16\/#organization"},"alternateName":"Federaci\u00f3n Espa\u00f1ola de Ajedrez","potentialAction":[{"@type":"SearchAction","target":{"@type":"EntryPoint","urlTemplate":"https:\/\/feda.org\/feda2k16\/?s={search_term_string}"},"query-input":{"@type":"PropertyValueSpecification","valueRequired":true,"valueName":"search_term_string"}}],"inLanguage":"es"},{"@type":"Organization","@id":"https:\/\/feda.org\/feda2k16\/#organization","name":"FEDA","alternateName":"Federaci\u00f3n Espa\u00f1ola de Ajedrez","url":"https:\/\/feda.org\/feda2k16\/","logo":{"@type":"ImageObject","inLanguage":"es","@id":"https:\/\/feda.org\/feda2k16\/#\/schema\/logo\/image\/","url":"https:\/\/feda.org\/feda2k16\/wp-content\/uploads\/NuevoLogo_FEDA_2016.png","contentUrl":"https:\/\/feda.org\/feda2k16\/wp-content\/uploads\/NuevoLogo_FEDA_2016.png","width":600,"height":600,"caption":"FEDA"},"image":{"@id":"https:\/\/feda.org\/feda2k16\/#\/schema\/logo\/image\/"},"sameAs":["https:\/\/www.facebook.com\/federacionespanoladeajedrez\/","https:\/\/x.com\/AjedrezEspanola","https:\/\/www.instagram.com\/federacionespanolaajedrez\/?hl=es","https:\/\/www.youtube.com\/@FederacionEspanoladeAjedrezFED\/featured"]},{"@type":"Person","@id":"https:\/\/feda.org\/feda2k16\/#\/schema\/person\/b39486343e189c77e58d02641385fe29","name":"elefante66","url":"https:\/\/feda.org\/feda2k16\/author\/elefante66\/"}]}},"_links":{"self":[{"href":"https:\/\/feda.org\/feda2k16\/wp-json\/wp\/v2\/posts\/20901","targetHints":{"allow":["GET"]}}],"collection":[{"href":"https:\/\/feda.org\/feda2k16\/wp-json\/wp\/v2\/posts"}],"about":[{"href":"https:\/\/feda.org\/feda2k16\/wp-json\/wp\/v2\/types\/post"}],"author":[{"embeddable":true,"href":"https:\/\/feda.org\/feda2k16\/wp-json\/wp\/v2\/users\/5"}],"replies":[{"embeddable":true,"href":"https:\/\/feda.org\/feda2k16\/wp-json\/wp\/v2\/comments?post=20901"}],"version-history":[{"count":9,"href":"https:\/\/feda.org\/feda2k16\/wp-json\/wp\/v2\/posts\/20901\/revisions"}],"predecessor-version":[{"id":20922,"href":"https:\/\/feda.org\/feda2k16\/wp-json\/wp\/v2\/posts\/20901\/revisions\/20922"}],"wp:attachment":[{"href":"https:\/\/feda.org\/feda2k16\/wp-json\/wp\/v2\/media?parent=20901"}],"wp:term":[{"taxonomy":"category","embeddable":true,"href":"https:\/\/feda.org\/feda2k16\/wp-json\/wp\/v2\/categories?post=20901"},{"taxonomy":"post_tag","embeddable":true,"href":"https:\/\/feda.org\/feda2k16\/wp-json\/wp\/v2\/tags?post=20901"}],"curies":[{"name":"wp","href":"https:\/\/api.w.org\/{rel}","templated":true}]}}