{"id":20934,"date":"2022-09-27T00:09:29","date_gmt":"2022-09-27T00:09:29","guid":{"rendered":"https:\/\/feda.org\/feda2k16\/?p=20934"},"modified":"2022-09-29T20:10:39","modified_gmt":"2022-09-29T20:10:39","slug":"simultaneas-de-ajedrez-en-ubeda","status":"publish","type":"post","link":"https:\/\/feda.org\/feda2k16\/simultaneas-de-ajedrez-en-ubeda\/","title":{"rendered":"SIMULT\u00c1NEAS de Ajedrez en \u00daBEDA."},"content":{"rendered":"\n<p><\/p>\n\n\n\n<figure class=\"wp-block-image size-full\"><img fetchpriority=\"high\" decoding=\"async\" width=\"2560\" height=\"1615\" src=\"https:\/\/feda.org\/feda2k16\/wp-content\/uploads\/2-5-scaled.jpg\" alt=\"\" class=\"wp-image-20935\" srcset=\"https:\/\/feda.org\/feda2k16\/wp-content\/uploads\/2-5-scaled.jpg 2560w, https:\/\/feda.org\/feda2k16\/wp-content\/uploads\/2-5-768x484.jpg 768w, https:\/\/feda.org\/feda2k16\/wp-content\/uploads\/2-5-1536x969.jpg 1536w, https:\/\/feda.org\/feda2k16\/wp-content\/uploads\/2-5-2048x1292.jpg 2048w\" sizes=\"(max-width: 2560px) 100vw, 2560px\" \/><\/figure>\n\n\n\n<p>SIMULT\u00c1NEAS de Ajedrez en \u00daBEDA. Evento realizado este lunes 26 de septiembre en las instalaciones La Central, espacio multiservicio de \u00dabeda. IM Sabrina Vega Guti\u00e9rrez, IM Marta Garc\u00eda Mart\u00edn, WFM Adhara Rodr\u00edguez Redondo y WFM Rebeca Jim\u00e9nez Fern\u00e1ndez han impartido una exhibici\u00f3n con m\u00e1s de 50 ni\u00f1os y profesores de colegios de \u00dabeda.<\/p>\n<p>Agradecimiento a El Ayuntamiento de \u00daBEDA, Diputaci\u00f3n de Ja\u00e9n, Mujer y Deporte. Iniciativa \u00a0de la Comisi\u00f3n de Mujer y Ajedrez de la FEDA.<\/p>\n","protected":false},"excerpt":{"rendered":"<p>SIMULT\u00c1NEAS de Ajedrez en \u00daBEDA. Evento realizado este lunes 26 de septiembre en las instalaciones La Central, espacio multiservicio de \u00dabeda. IM Sabrina Vega Guti\u00e9rrez, IM Marta Garc\u00eda Mart\u00edn, WFM Adhara Rodr\u00edguez Redondo y WFM Rebeca Jim\u00e9nez Fern\u00e1ndez han impartido una exhibici\u00f3n con m\u00e1s de 50 ni\u00f1os y profesores de colegios de \u00dabeda. Agradecimiento a [&hellip;]<\/p>\n","protected":false},"author":5,"featured_media":0,"comment_status":"closed","ping_status":"closed","sticky":false,"template":"","format":"standard","meta":{"footnotes":""},"categories":[16],"tags":[],"class_list":["post-20934","post","type-post","status-publish","format-standard","hentry","category-noticias"],"yoast_head":"<!-- This site is optimized with the Yoast SEO plugin v27.4 - https:\/\/yoast.com\/product\/yoast-seo-wordpress\/ -->\n<title>SIMULT\u00c1NEAS de Ajedrez en \u00daBEDA. - FEDA<\/title>\n<meta name=\"description\" content=\"FEDA, Federaci\u00f3n Espa\u00f1ola de Ajedrez, ajedrez madrid, federarse ajedrez, campeonato de Espa\u00f1a de ajedrez, ajedrez\" \/>\n<meta name=\"robots\" content=\"index, follow, max-snippet:-1, max-image-preview:large, max-video-preview:-1\" \/>\n<link rel=\"canonical\" href=\"https:\/\/feda.org\/feda2k16\/simultaneas-de-ajedrez-en-ubeda\/\" \/>\n<meta property=\"og:locale\" content=\"es_ES\" \/>\n<meta property=\"og:type\" content=\"article\" \/>\n<meta property=\"og:title\" content=\"SIMULT\u00c1NEAS de Ajedrez en \u00daBEDA. - FEDA\" \/>\n<meta property=\"og:description\" content=\"FEDA, Federaci\u00f3n Espa\u00f1ola de Ajedrez, ajedrez madrid, federarse ajedrez, campeonato de Espa\u00f1a de ajedrez, ajedrez\" \/>\n<meta property=\"og:url\" content=\"https:\/\/feda.org\/feda2k16\/simultaneas-de-ajedrez-en-ubeda\/\" \/>\n<meta property=\"og:site_name\" content=\"FEDA\" \/>\n<meta property=\"article:publisher\" content=\"https:\/\/www.facebook.com\/federacionespanoladeajedrez\/\" \/>\n<meta property=\"article:published_time\" content=\"2022-09-27T00:09:29+00:00\" \/>\n<meta property=\"article:modified_time\" content=\"2022-09-29T20:10:39+00:00\" \/>\n<meta property=\"og:image\" content=\"https:\/\/feda.org\/feda2k16\/wp-content\/uploads\/2-5-scaled.jpg\" \/>\n<meta name=\"author\" content=\"elefante66\" \/>\n<meta name=\"twitter:card\" content=\"summary_large_image\" \/>\n<meta name=\"twitter:creator\" content=\"@AjedrezEspanola\" \/>\n<meta name=\"twitter:site\" content=\"@AjedrezEspanola\" \/>\n<meta name=\"twitter:label1\" content=\"Escrito por\" \/>\n\t<meta name=\"twitter:data1\" content=\"elefante66\" \/>\n<script type=\"application\/ld+json\" class=\"yoast-schema-graph\">{\"@context\":\"https:\\\/\\\/schema.org\",\"@graph\":[{\"@type\":\"Article\",\"@id\":\"https:\\\/\\\/feda.org\\\/feda2k16\\\/simultaneas-de-ajedrez-en-ubeda\\\/#article\",\"isPartOf\":{\"@id\":\"https:\\\/\\\/feda.org\\\/feda2k16\\\/simultaneas-de-ajedrez-en-ubeda\\\/\"},\"author\":{\"name\":\"elefante66\",\"@id\":\"https:\\\/\\\/feda.org\\\/feda2k16\\\/#\\\/schema\\\/person\\\/b39486343e189c77e58d02641385fe29\"},\"headline\":\"SIMULT\u00c1NEAS de Ajedrez en \u00daBEDA.\",\"datePublished\":\"2022-09-27T00:09:29+00:00\",\"dateModified\":\"2022-09-29T20:10:39+00:00\",\"mainEntityOfPage\":{\"@id\":\"https:\\\/\\\/feda.org\\\/feda2k16\\\/simultaneas-de-ajedrez-en-ubeda\\\/\"},\"wordCount\":93,\"publisher\":{\"@id\":\"https:\\\/\\\/feda.org\\\/feda2k16\\\/#organization\"},\"image\":{\"@id\":\"https:\\\/\\\/feda.org\\\/feda2k16\\\/simultaneas-de-ajedrez-en-ubeda\\\/#primaryimage\"},\"thumbnailUrl\":\"https:\\\/\\\/feda.org\\\/feda2k16\\\/wp-content\\\/uploads\\\/2-5-scaled.jpg\",\"articleSection\":[\"Noticias\"],\"inLanguage\":\"es\"},{\"@type\":\"WebPage\",\"@id\":\"https:\\\/\\\/feda.org\\\/feda2k16\\\/simultaneas-de-ajedrez-en-ubeda\\\/\",\"url\":\"https:\\\/\\\/feda.org\\\/feda2k16\\\/simultaneas-de-ajedrez-en-ubeda\\\/\",\"name\":\"SIMULT\u00c1NEAS de Ajedrez en \u00daBEDA. - FEDA\",\"isPartOf\":{\"@id\":\"https:\\\/\\\/feda.org\\\/feda2k16\\\/#website\"},\"primaryImageOfPage\":{\"@id\":\"https:\\\/\\\/feda.org\\\/feda2k16\\\/simultaneas-de-ajedrez-en-ubeda\\\/#primaryimage\"},\"image\":{\"@id\":\"https:\\\/\\\/feda.org\\\/feda2k16\\\/simultaneas-de-ajedrez-en-ubeda\\\/#primaryimage\"},\"thumbnailUrl\":\"https:\\\/\\\/feda.org\\\/feda2k16\\\/wp-content\\\/uploads\\\/2-5-scaled.jpg\",\"datePublished\":\"2022-09-27T00:09:29+00:00\",\"dateModified\":\"2022-09-29T20:10:39+00:00\",\"description\":\"FEDA, Federaci\u00f3n Espa\u00f1ola de Ajedrez, ajedrez madrid, federarse ajedrez, campeonato de Espa\u00f1a de ajedrez, ajedrez\",\"breadcrumb\":{\"@id\":\"https:\\\/\\\/feda.org\\\/feda2k16\\\/simultaneas-de-ajedrez-en-ubeda\\\/#breadcrumb\"},\"inLanguage\":\"es\",\"potentialAction\":[{\"@type\":\"ReadAction\",\"target\":[\"https:\\\/\\\/feda.org\\\/feda2k16\\\/simultaneas-de-ajedrez-en-ubeda\\\/\"]}]},{\"@type\":\"ImageObject\",\"inLanguage\":\"es\",\"@id\":\"https:\\\/\\\/feda.org\\\/feda2k16\\\/simultaneas-de-ajedrez-en-ubeda\\\/#primaryimage\",\"url\":\"https:\\\/\\\/feda.org\\\/feda2k16\\\/wp-content\\\/uploads\\\/2-5-scaled.jpg\",\"contentUrl\":\"https:\\\/\\\/feda.org\\\/feda2k16\\\/wp-content\\\/uploads\\\/2-5-scaled.jpg\",\"width\":2560,\"height\":1615},{\"@type\":\"BreadcrumbList\",\"@id\":\"https:\\\/\\\/feda.org\\\/feda2k16\\\/simultaneas-de-ajedrez-en-ubeda\\\/#breadcrumb\",\"itemListElement\":[{\"@type\":\"ListItem\",\"position\":1,\"name\":\"Portada\",\"item\":\"https:\\\/\\\/feda.org\\\/feda2k16\\\/\"},{\"@type\":\"ListItem\",\"position\":2,\"name\":\"SIMULT\u00c1NEAS de Ajedrez en \u00daBEDA.\"}]},{\"@type\":\"WebSite\",\"@id\":\"https:\\\/\\\/feda.org\\\/feda2k16\\\/#website\",\"url\":\"https:\\\/\\\/feda.org\\\/feda2k16\\\/\",\"name\":\"FEDA\",\"description\":\"Federaci\u00f3n Espa\u00f1ola de Ajedrez\",\"publisher\":{\"@id\":\"https:\\\/\\\/feda.org\\\/feda2k16\\\/#organization\"},\"alternateName\":\"Federaci\u00f3n Espa\u00f1ola de Ajedrez\",\"potentialAction\":[{\"@type\":\"SearchAction\",\"target\":{\"@type\":\"EntryPoint\",\"urlTemplate\":\"https:\\\/\\\/feda.org\\\/feda2k16\\\/?s={search_term_string}\"},\"query-input\":{\"@type\":\"PropertyValueSpecification\",\"valueRequired\":true,\"valueName\":\"search_term_string\"}}],\"inLanguage\":\"es\"},{\"@type\":\"Organization\",\"@id\":\"https:\\\/\\\/feda.org\\\/feda2k16\\\/#organization\",\"name\":\"FEDA\",\"alternateName\":\"Federaci\u00f3n Espa\u00f1ola de Ajedrez\",\"url\":\"https:\\\/\\\/feda.org\\\/feda2k16\\\/\",\"logo\":{\"@type\":\"ImageObject\",\"inLanguage\":\"es\",\"@id\":\"https:\\\/\\\/feda.org\\\/feda2k16\\\/#\\\/schema\\\/logo\\\/image\\\/\",\"url\":\"https:\\\/\\\/feda.org\\\/feda2k16\\\/wp-content\\\/uploads\\\/NuevoLogo_FEDA_2016.png\",\"contentUrl\":\"https:\\\/\\\/feda.org\\\/feda2k16\\\/wp-content\\\/uploads\\\/NuevoLogo_FEDA_2016.png\",\"width\":600,\"height\":600,\"caption\":\"FEDA\"},\"image\":{\"@id\":\"https:\\\/\\\/feda.org\\\/feda2k16\\\/#\\\/schema\\\/logo\\\/image\\\/\"},\"sameAs\":[\"https:\\\/\\\/www.facebook.com\\\/federacionespanoladeajedrez\\\/\",\"https:\\\/\\\/x.com\\\/AjedrezEspanola\",\"https:\\\/\\\/www.instagram.com\\\/federacionespanolaajedrez\\\/?hl=es\",\"https:\\\/\\\/www.youtube.com\\\/@FederacionEspanoladeAjedrezFED\\\/featured\"]},{\"@type\":\"Person\",\"@id\":\"https:\\\/\\\/feda.org\\\/feda2k16\\\/#\\\/schema\\\/person\\\/b39486343e189c77e58d02641385fe29\",\"name\":\"elefante66\",\"url\":\"https:\\\/\\\/feda.org\\\/feda2k16\\\/author\\\/elefante66\\\/\"}]}<\/script>\n<!-- \/ Yoast SEO plugin. -->","yoast_head_json":{"title":"SIMULT\u00c1NEAS de Ajedrez en \u00daBEDA. - FEDA","description":"FEDA, Federaci\u00f3n Espa\u00f1ola de Ajedrez, ajedrez madrid, federarse ajedrez, campeonato de Espa\u00f1a de ajedrez, ajedrez","robots":{"index":"index","follow":"follow","max-snippet":"max-snippet:-1","max-image-preview":"max-image-preview:large","max-video-preview":"max-video-preview:-1"},"canonical":"https:\/\/feda.org\/feda2k16\/simultaneas-de-ajedrez-en-ubeda\/","og_locale":"es_ES","og_type":"article","og_title":"SIMULT\u00c1NEAS de Ajedrez en \u00daBEDA. - FEDA","og_description":"FEDA, Federaci\u00f3n Espa\u00f1ola de Ajedrez, ajedrez madrid, federarse ajedrez, campeonato de Espa\u00f1a de ajedrez, ajedrez","og_url":"https:\/\/feda.org\/feda2k16\/simultaneas-de-ajedrez-en-ubeda\/","og_site_name":"FEDA","article_publisher":"https:\/\/www.facebook.com\/federacionespanoladeajedrez\/","article_published_time":"2022-09-27T00:09:29+00:00","article_modified_time":"2022-09-29T20:10:39+00:00","og_image":[{"url":"https:\/\/feda.org\/feda2k16\/wp-content\/uploads\/2-5-scaled.jpg","type":"","width":"","height":""}],"author":"elefante66","twitter_card":"summary_large_image","twitter_creator":"@AjedrezEspanola","twitter_site":"@AjedrezEspanola","twitter_misc":{"Escrito por":"elefante66"},"schema":{"@context":"https:\/\/schema.org","@graph":[{"@type":"Article","@id":"https:\/\/feda.org\/feda2k16\/simultaneas-de-ajedrez-en-ubeda\/#article","isPartOf":{"@id":"https:\/\/feda.org\/feda2k16\/simultaneas-de-ajedrez-en-ubeda\/"},"author":{"name":"elefante66","@id":"https:\/\/feda.org\/feda2k16\/#\/schema\/person\/b39486343e189c77e58d02641385fe29"},"headline":"SIMULT\u00c1NEAS de Ajedrez en \u00daBEDA.","datePublished":"2022-09-27T00:09:29+00:00","dateModified":"2022-09-29T20:10:39+00:00","mainEntityOfPage":{"@id":"https:\/\/feda.org\/feda2k16\/simultaneas-de-ajedrez-en-ubeda\/"},"wordCount":93,"publisher":{"@id":"https:\/\/feda.org\/feda2k16\/#organization"},"image":{"@id":"https:\/\/feda.org\/feda2k16\/simultaneas-de-ajedrez-en-ubeda\/#primaryimage"},"thumbnailUrl":"https:\/\/feda.org\/feda2k16\/wp-content\/uploads\/2-5-scaled.jpg","articleSection":["Noticias"],"inLanguage":"es"},{"@type":"WebPage","@id":"https:\/\/feda.org\/feda2k16\/simultaneas-de-ajedrez-en-ubeda\/","url":"https:\/\/feda.org\/feda2k16\/simultaneas-de-ajedrez-en-ubeda\/","name":"SIMULT\u00c1NEAS de Ajedrez en \u00daBEDA. - FEDA","isPartOf":{"@id":"https:\/\/feda.org\/feda2k16\/#website"},"primaryImageOfPage":{"@id":"https:\/\/feda.org\/feda2k16\/simultaneas-de-ajedrez-en-ubeda\/#primaryimage"},"image":{"@id":"https:\/\/feda.org\/feda2k16\/simultaneas-de-ajedrez-en-ubeda\/#primaryimage"},"thumbnailUrl":"https:\/\/feda.org\/feda2k16\/wp-content\/uploads\/2-5-scaled.jpg","datePublished":"2022-09-27T00:09:29+00:00","dateModified":"2022-09-29T20:10:39+00:00","description":"FEDA, Federaci\u00f3n Espa\u00f1ola de Ajedrez, ajedrez madrid, federarse ajedrez, campeonato de Espa\u00f1a de ajedrez, ajedrez","breadcrumb":{"@id":"https:\/\/feda.org\/feda2k16\/simultaneas-de-ajedrez-en-ubeda\/#breadcrumb"},"inLanguage":"es","potentialAction":[{"@type":"ReadAction","target":["https:\/\/feda.org\/feda2k16\/simultaneas-de-ajedrez-en-ubeda\/"]}]},{"@type":"ImageObject","inLanguage":"es","@id":"https:\/\/feda.org\/feda2k16\/simultaneas-de-ajedrez-en-ubeda\/#primaryimage","url":"https:\/\/feda.org\/feda2k16\/wp-content\/uploads\/2-5-scaled.jpg","contentUrl":"https:\/\/feda.org\/feda2k16\/wp-content\/uploads\/2-5-scaled.jpg","width":2560,"height":1615},{"@type":"BreadcrumbList","@id":"https:\/\/feda.org\/feda2k16\/simultaneas-de-ajedrez-en-ubeda\/#breadcrumb","itemListElement":[{"@type":"ListItem","position":1,"name":"Portada","item":"https:\/\/feda.org\/feda2k16\/"},{"@type":"ListItem","position":2,"name":"SIMULT\u00c1NEAS de Ajedrez en \u00daBEDA."}]},{"@type":"WebSite","@id":"https:\/\/feda.org\/feda2k16\/#website","url":"https:\/\/feda.org\/feda2k16\/","name":"FEDA","description":"Federaci\u00f3n Espa\u00f1ola de Ajedrez","publisher":{"@id":"https:\/\/feda.org\/feda2k16\/#organization"},"alternateName":"Federaci\u00f3n Espa\u00f1ola de Ajedrez","potentialAction":[{"@type":"SearchAction","target":{"@type":"EntryPoint","urlTemplate":"https:\/\/feda.org\/feda2k16\/?s={search_term_string}"},"query-input":{"@type":"PropertyValueSpecification","valueRequired":true,"valueName":"search_term_string"}}],"inLanguage":"es"},{"@type":"Organization","@id":"https:\/\/feda.org\/feda2k16\/#organization","name":"FEDA","alternateName":"Federaci\u00f3n Espa\u00f1ola de Ajedrez","url":"https:\/\/feda.org\/feda2k16\/","logo":{"@type":"ImageObject","inLanguage":"es","@id":"https:\/\/feda.org\/feda2k16\/#\/schema\/logo\/image\/","url":"https:\/\/feda.org\/feda2k16\/wp-content\/uploads\/NuevoLogo_FEDA_2016.png","contentUrl":"https:\/\/feda.org\/feda2k16\/wp-content\/uploads\/NuevoLogo_FEDA_2016.png","width":600,"height":600,"caption":"FEDA"},"image":{"@id":"https:\/\/feda.org\/feda2k16\/#\/schema\/logo\/image\/"},"sameAs":["https:\/\/www.facebook.com\/federacionespanoladeajedrez\/","https:\/\/x.com\/AjedrezEspanola","https:\/\/www.instagram.com\/federacionespanolaajedrez\/?hl=es","https:\/\/www.youtube.com\/@FederacionEspanoladeAjedrezFED\/featured"]},{"@type":"Person","@id":"https:\/\/feda.org\/feda2k16\/#\/schema\/person\/b39486343e189c77e58d02641385fe29","name":"elefante66","url":"https:\/\/feda.org\/feda2k16\/author\/elefante66\/"}]}},"_links":{"self":[{"href":"https:\/\/feda.org\/feda2k16\/wp-json\/wp\/v2\/posts\/20934","targetHints":{"allow":["GET"]}}],"collection":[{"href":"https:\/\/feda.org\/feda2k16\/wp-json\/wp\/v2\/posts"}],"about":[{"href":"https:\/\/feda.org\/feda2k16\/wp-json\/wp\/v2\/types\/post"}],"author":[{"embeddable":true,"href":"https:\/\/feda.org\/feda2k16\/wp-json\/wp\/v2\/users\/5"}],"replies":[{"embeddable":true,"href":"https:\/\/feda.org\/feda2k16\/wp-json\/wp\/v2\/comments?post=20934"}],"version-history":[{"count":2,"href":"https:\/\/feda.org\/feda2k16\/wp-json\/wp\/v2\/posts\/20934\/revisions"}],"predecessor-version":[{"id":20937,"href":"https:\/\/feda.org\/feda2k16\/wp-json\/wp\/v2\/posts\/20934\/revisions\/20937"}],"wp:attachment":[{"href":"https:\/\/feda.org\/feda2k16\/wp-json\/wp\/v2\/media?parent=20934"}],"wp:term":[{"taxonomy":"category","embeddable":true,"href":"https:\/\/feda.org\/feda2k16\/wp-json\/wp\/v2\/categories?post=20934"},{"taxonomy":"post_tag","embeddable":true,"href":"https:\/\/feda.org\/feda2k16\/wp-json\/wp\/v2\/tags?post=20934"}],"curies":[{"name":"wp","href":"https:\/\/api.w.org\/{rel}","templated":true}]}}