{"id":20986,"date":"2022-11-04T08:25:00","date_gmt":"2022-11-04T08:25:00","guid":{"rendered":"https:\/\/feda.org\/feda2k16\/?p=20986"},"modified":"2022-11-03T19:25:55","modified_gmt":"2022-11-03T19:25:55","slug":"campeonato-de-europa-individual-sub-8-a-sub-18-3","status":"publish","type":"post","link":"https:\/\/feda.org\/feda2k16\/campeonato-de-europa-individual-sub-8-a-sub-18-3\/","title":{"rendered":"CAMPEONATO DE EUROPA INDIVIDUAL SUB 8 A SUB 18."},"content":{"rendered":"\n<figure class=\"wp-block-image size-full\"><img fetchpriority=\"high\" decoding=\"async\" width=\"1600\" height=\"959\" src=\"https:\/\/feda.org\/feda2k16\/wp-content\/uploads\/EYCC2022.jpeg\" alt=\"\" class=\"wp-image-20987\" srcset=\"https:\/\/feda.org\/feda2k16\/wp-content\/uploads\/EYCC2022.jpeg 1600w, https:\/\/feda.org\/feda2k16\/wp-content\/uploads\/EYCC2022-768x460.jpeg 768w, https:\/\/feda.org\/feda2k16\/wp-content\/uploads\/EYCC2022-1536x921.jpeg 1536w\" sizes=\"(max-width: 1600px) 100vw, 1600px\" \/><\/figure>\n\n\n\n<p>El Campeonato de Europa de J\u00f3venes tendr\u00e1 lugar en Antalya (Turqu\u00eda) del 6 al 14 de noviembre. Espa\u00f1a estar\u00e1 representada por la siguiente delegaci\u00f3n:<\/p>\n<table style=\"border-collapse: collapse; width: 100%;\">\n<tbody>\n<tr>\n<td style=\"width: 48.6904%; text-align: center;\"><span style=\"text-decoration: underline;\">CATEGOR\u00cdA OPEN<\/span><\/td>\n<td style=\"width: 3.09524%;\">&nbsp;<\/td>\n<td style=\"width: 48.2143%; text-align: center;\"><span style=\"text-decoration: underline;\">CATEGOR\u00cdA FEMENINA<\/span><\/td>\n<\/tr>\n<\/tbody>\n<\/table>\n<table style=\"border-collapse: collapse; width: 100%; height: 345px;\" class=\"mtr-table mtr-tr-td\">\n<tbody>\n<tr style=\"height: 23px;\">\n<td style=\"width: 32.5%; height: 23px;\" data-mtr-content=\"MI Gin\u00e9s Esteo, Pedro Antonio\" class=\"mtr-td-tag\"><div class=\"mtr-cell-content\">MI Gin\u00e9s Esteo, Pedro Antonio<\/div><\/td>\n<td style=\"width: 7.97624%; height: 23px;\" data-mtr-content=\"2492\" class=\"mtr-td-tag\"><div class=\"mtr-cell-content\">2492<\/div><\/td>\n<td style=\"width: 8.33332%; height: 23px;\" data-mtr-content=\"S \u2013 18\" class=\"mtr-td-tag\"><div class=\"mtr-cell-content\">S \u2013 18<\/div><\/td>\n<td style=\"width: 2.97618%; height: 23px;\" data-mtr-content=\"\u00a0\" class=\"mtr-td-tag\"><div class=\"mtr-cell-content\">\u00a0<\/div><\/td>\n<td style=\"width: 35.1189%; height: 23px;\" data-mtr-content=\"WFM Rodr\u00edguez Redondo, Adhara\" class=\"mtr-td-tag\"><div class=\"mtr-cell-content\">WFM Rodr\u00edguez Redondo, Adhara<\/div><\/td>\n<td style=\"width: 5.5952%; height: 23px;\" data-mtr-content=\"2088\" class=\"mtr-td-tag\"><div class=\"mtr-cell-content\">2088<\/div><\/td>\n<td style=\"width: 7.49999%; height: 23px;\" data-mtr-content=\"S \u2013 18\" class=\"mtr-td-tag\"><div class=\"mtr-cell-content\">S \u2013 18<\/div><\/td>\n<\/tr>\n<tr style=\"height: 23px;\">\n<td style=\"width: 32.5%; height: 23px;\" data-mtr-content=\"MI Gin\u00e9s Esteo, Pedro Antonio\" class=\"mtr-td-tag\"><div class=\"mtr-cell-content\">MI Garrido Out\u00f3n, Alex<\/div><\/td>\n<td style=\"width: 7.97624%; height: 23px;\" data-mtr-content=\"2492\" class=\"mtr-td-tag\"><div class=\"mtr-cell-content\">2387<\/div><\/td>\n<td style=\"width: 8.33332%; height: 23px;\" data-mtr-content=\"S \u2013 18\" class=\"mtr-td-tag\"><div class=\"mtr-cell-content\">S \u2013 18<\/div><\/td>\n<td style=\"width: 2.97618%; height: 23px;\" data-mtr-content=\"\u00a0\" class=\"mtr-td-tag\"><div class=\"mtr-cell-content\">\u00a0<\/div><\/td>\n<td style=\"width: 35.1189%; height: 23px;\" data-mtr-content=\"WFM Rodr\u00edguez Redondo, Adhara\" class=\"mtr-td-tag\"><div class=\"mtr-cell-content\">WFM Zhou, Lul\u00fa<\/div><\/td>\n<td style=\"width: 5.5952%; height: 23px;\" data-mtr-content=\"2088\" class=\"mtr-td-tag\"><div class=\"mtr-cell-content\">2045<\/div><\/td>\n<td style=\"width: 7.49999%; height: 23px;\" data-mtr-content=\"S \u2013 18\" class=\"mtr-td-tag\"><div class=\"mtr-cell-content\">S \u2013 18<\/div><\/td>\n<\/tr>\n<tr style=\"height: 23px;\">\n<td style=\"width: 32.5%; height: 23px;\" data-mtr-content=\"MI Gin\u00e9s Esteo, Pedro Antonio\" class=\"mtr-td-tag\"><div class=\"mtr-cell-content\">FM Mac\u00edas Pino, Diego<\/div><\/td>\n<td style=\"width: 7.97624%; height: 23px;\" data-mtr-content=\"2492\" class=\"mtr-td-tag\"><div class=\"mtr-cell-content\">2381<\/div><\/td>\n<td style=\"width: 8.33332%; height: 23px;\" data-mtr-content=\"S \u2013 18\" class=\"mtr-td-tag\"><div class=\"mtr-cell-content\">S \u2013 16<\/div><\/td>\n<td style=\"width: 2.97618%; height: 23px;\" data-mtr-content=\"\u00a0\" class=\"mtr-td-tag\"><div class=\"mtr-cell-content\">\u00a0<\/div><\/td>\n<td style=\"width: 35.1189%; height: 23px;\" data-mtr-content=\"WFM Rodr\u00edguez Redondo, Adhara\" class=\"mtr-td-tag\"><div class=\"mtr-cell-content\">WFM Galv\u00e1n Cipriani, Viviana<\/div><\/td>\n<td style=\"width: 5.5952%; height: 23px;\" data-mtr-content=\"2088\" class=\"mtr-td-tag\"><div class=\"mtr-cell-content\">2024<\/div><\/td>\n<td style=\"width: 7.49999%; height: 23px;\" data-mtr-content=\"S \u2013 18\" class=\"mtr-td-tag\"><div class=\"mtr-cell-content\">S \u2013 18<\/div><\/td>\n<\/tr>\n<tr style=\"height: 23px;\">\n<td style=\"width: 32.5%; height: 23px;\" data-mtr-content=\"MI Gin\u00e9s Esteo, Pedro Antonio\" class=\"mtr-td-tag\"><div class=\"mtr-cell-content\">Tabuenca Medataurigoitia, Daniel<\/div><\/td>\n<td style=\"width: 7.97624%; height: 23px;\" data-mtr-content=\"2492\" class=\"mtr-td-tag\"><div class=\"mtr-cell-content\">2185<\/div><\/td>\n<td style=\"width: 8.33332%; height: 23px;\" data-mtr-content=\"S \u2013 18\" class=\"mtr-td-tag\"><div class=\"mtr-cell-content\">S \u2013 14<\/div><\/td>\n<td style=\"width: 2.97618%; height: 23px;\" data-mtr-content=\"\u00a0\" class=\"mtr-td-tag\"><div class=\"mtr-cell-content\">\u00a0<\/div><\/td>\n<td style=\"width: 35.1189%; height: 23px;\" data-mtr-content=\"WFM Rodr\u00edguez Redondo, Adhara\" class=\"mtr-td-tag\"><div class=\"mtr-cell-content\">Lobo Pereira, Arami<\/div><\/td>\n<td style=\"width: 5.5952%; height: 23px;\" data-mtr-content=\"2088\" class=\"mtr-td-tag\"><div class=\"mtr-cell-content\">1719<\/div><\/td>\n<td style=\"width: 7.49999%; height: 23px;\" data-mtr-content=\"S \u2013 18\" class=\"mtr-td-tag\"><div class=\"mtr-cell-content\">S \u2013 16<\/div><\/td>\n<\/tr>\n<tr style=\"height: 23px;\">\n<td style=\"width: 32.5%; height: 23px;\" data-mtr-content=\"MI Gin\u00e9s Esteo, Pedro Antonio\" class=\"mtr-td-tag\"><div class=\"mtr-cell-content\">Villa Tornero, Alex<\/div><\/td>\n<td style=\"width: 7.97624%; height: 23px;\" data-mtr-content=\"2492\" class=\"mtr-td-tag\"><div class=\"mtr-cell-content\">2050<\/div><\/td>\n<td style=\"width: 8.33332%; height: 23px;\" data-mtr-content=\"S \u2013 18\" class=\"mtr-td-tag\"><div class=\"mtr-cell-content\">S \u2013 12<\/div><\/td>\n<td style=\"width: 2.97618%; height: 23px;\" data-mtr-content=\"\u00a0\" class=\"mtr-td-tag\"><div class=\"mtr-cell-content\">\u00a0<\/div><\/td>\n<td style=\"width: 35.1189%; height: 23px;\" data-mtr-content=\"WFM Rodr\u00edguez Redondo, Adhara\" class=\"mtr-td-tag\"><div class=\"mtr-cell-content\">Pinyol i Llora, J\u00falia<\/div><\/td>\n<td style=\"width: 5.5952%; height: 23px;\" data-mtr-content=\"2088\" class=\"mtr-td-tag\"><div class=\"mtr-cell-content\">1760<\/div><\/td>\n<td style=\"width: 7.49999%; height: 23px;\" data-mtr-content=\"S \u2013 18\" class=\"mtr-td-tag\"><div class=\"mtr-cell-content\">S \u2013 14<\/div><\/td>\n<\/tr>\n<tr style=\"height: 23px;\">\n<td style=\"width: 32.5%; height: 23px;\" data-mtr-content=\"MI Gin\u00e9s Esteo, Pedro Antonio\" class=\"mtr-td-tag\"><div class=\"mtr-cell-content\">Mompel Ferruz, Xavier<\/div><\/td>\n<td style=\"width: 7.97624%; height: 23px;\" data-mtr-content=\"2492\" class=\"mtr-td-tag\"><div class=\"mtr-cell-content\">1964<\/div><\/td>\n<td style=\"width: 8.33332%; height: 23px;\" data-mtr-content=\"S \u2013 18\" class=\"mtr-td-tag\"><div class=\"mtr-cell-content\">S \u2013 12<\/div><\/td>\n<td style=\"width: 2.97618%; height: 23px;\" data-mtr-content=\"\u00a0\" class=\"mtr-td-tag\"><div class=\"mtr-cell-content\">\u00a0<\/div><\/td>\n<td style=\"width: 35.1189%; height: 23px;\" data-mtr-content=\"WFM Rodr\u00edguez Redondo, Adhara\" class=\"mtr-td-tag\"><div class=\"mtr-cell-content\">Sureda Gonz\u00e1lez, Cristina<\/div><\/td>\n<td style=\"width: 5.5952%; height: 23px;\" data-mtr-content=\"2088\" class=\"mtr-td-tag\"><div class=\"mtr-cell-content\">1660<\/div><\/td>\n<td style=\"width: 7.49999%; height: 23px;\" data-mtr-content=\"S \u2013 18\" class=\"mtr-td-tag\"><div class=\"mtr-cell-content\">S \u2013 14<\/div><\/td>\n<\/tr>\n<tr style=\"height: 23px;\">\n<td style=\"width: 32.5%; height: 23px;\" data-mtr-content=\"MI Gin\u00e9s Esteo, Pedro Antonio\" class=\"mtr-td-tag\"><div class=\"mtr-cell-content\">Najar Arrieta, Oriol<\/div><\/td>\n<td style=\"width: 7.97624%; height: 23px;\" data-mtr-content=\"2492\" class=\"mtr-td-tag\"><div class=\"mtr-cell-content\">1763<\/div><\/td>\n<td style=\"width: 8.33332%; height: 23px;\" data-mtr-content=\"S \u2013 18\" class=\"mtr-td-tag\"><div class=\"mtr-cell-content\">S \u2013 12<\/div><\/td>\n<td style=\"width: 2.97618%; height: 23px;\" data-mtr-content=\"\u00a0\" class=\"mtr-td-tag\"><div class=\"mtr-cell-content\">\u00a0<\/div><\/td>\n<td style=\"width: 35.1189%; height: 23px;\" data-mtr-content=\"WFM Rodr\u00edguez Redondo, Adhara\" class=\"mtr-td-tag\"><div class=\"mtr-cell-content\">Petergova, Stella<\/div><\/td>\n<td style=\"width: 5.5952%; height: 23px;\" data-mtr-content=\"2088\" class=\"mtr-td-tag\"><div class=\"mtr-cell-content\">1259<\/div><\/td>\n<td style=\"width: 7.49999%; height: 23px;\" data-mtr-content=\"S \u2013 18\" class=\"mtr-td-tag\"><div class=\"mtr-cell-content\">S \u2013 12<\/div><\/td>\n<\/tr>\n<tr style=\"height: 23px;\">\n<td style=\"width: 32.5%; height: 23px;\" data-mtr-content=\"MI Gin\u00e9s Esteo, Pedro Antonio\" class=\"mtr-td-tag\"><div class=\"mtr-cell-content\">Torres Rebolledo, \u00c1lvaro<\/div><\/td>\n<td style=\"width: 7.97624%; height: 23px;\" data-mtr-content=\"2492\" class=\"mtr-td-tag\"><div class=\"mtr-cell-content\">1794<\/div><\/td>\n<td style=\"width: 8.33332%; height: 23px;\" data-mtr-content=\"S \u2013 18\" class=\"mtr-td-tag\"><div class=\"mtr-cell-content\">S \u2013 10<\/div><\/td>\n<td style=\"width: 2.97618%; height: 23px;\" data-mtr-content=\"\u00a0\" class=\"mtr-td-tag\"><div class=\"mtr-cell-content\">\u00a0<\/div><\/td>\n<td style=\"width: 35.1189%; height: 23px;\" data-mtr-content=\"WFM Rodr\u00edguez Redondo, Adhara\" class=\"mtr-td-tag\"><div class=\"mtr-cell-content\">Pab\u00f3n Hermann, Anna<\/div><\/td>\n<td style=\"width: 5.5952%; height: 23px;\" data-mtr-content=\"2088\" class=\"mtr-td-tag\"><div class=\"mtr-cell-content\">1173<\/div><\/td>\n<td style=\"width: 7.49999%; height: 23px;\" data-mtr-content=\"S \u2013 18\" class=\"mtr-td-tag\"><div class=\"mtr-cell-content\">S \u2013 8<\/div><\/td>\n<\/tr>\n<tr style=\"height: 23px;\">\n<td style=\"width: 32.5%; height: 23px;\" data-mtr-content=\"MI Gin\u00e9s Esteo, Pedro Antonio\" class=\"mtr-td-tag\"><div class=\"mtr-cell-content\">Gonz\u00e1lez Argando\u00f1a, Manuel<\/div><\/td>\n<td style=\"width: 7.97624%; height: 23px;\" data-mtr-content=\"2492\" class=\"mtr-td-tag\"><div class=\"mtr-cell-content\">1601<\/div><\/td>\n<td style=\"width: 8.33332%; height: 23px;\" data-mtr-content=\"S \u2013 18\" class=\"mtr-td-tag\"><div class=\"mtr-cell-content\">S \u2013 10<\/div><\/td>\n<td style=\"width: 2.97618%; height: 23px;\" data-mtr-content=\"\u00a0\" class=\"mtr-td-tag\"><div class=\"mtr-cell-content\">\u00a0<\/div><\/td>\n<td style=\"width: 35.1189%; height: 23px;\" data-mtr-content=\"WFM Rodr\u00edguez Redondo, Adhara\" class=\"mtr-td-tag\"><div class=\"mtr-cell-content\">\u00a0<\/div><\/td>\n<td style=\"width: 5.5952%; height: 23px;\" data-mtr-content=\"2088\" class=\"mtr-td-tag\"><div class=\"mtr-cell-content\">\u00a0<\/div><\/td>\n<td style=\"width: 7.49999%; height: 23px;\" data-mtr-content=\"S \u2013 18\" class=\"mtr-td-tag\"><div class=\"mtr-cell-content\">\u00a0<\/div><\/td>\n<\/tr>\n<tr style=\"height: 23px;\">\n<td style=\"width: 32.5%; height: 23px;\" data-mtr-content=\"MI Gin\u00e9s Esteo, Pedro Antonio\" class=\"mtr-td-tag\"><div class=\"mtr-cell-content\">P\u00e9rez Solanas, Hugo<\/div><\/td>\n<td style=\"width: 7.97624%; height: 23px;\" data-mtr-content=\"2492\" class=\"mtr-td-tag\"><div class=\"mtr-cell-content\">1424<\/div><\/td>\n<td style=\"width: 8.33332%; height: 23px;\" data-mtr-content=\"S \u2013 18\" class=\"mtr-td-tag\"><div class=\"mtr-cell-content\">S \u2013 8<\/div><\/td>\n<td style=\"width: 2.97618%; height: 23px;\" data-mtr-content=\"\u00a0\" class=\"mtr-td-tag\"><div class=\"mtr-cell-content\">\u00a0<\/div><\/td>\n<td style=\"width: 35.1189%; height: 23px;\" data-mtr-content=\"WFM Rodr\u00edguez Redondo, Adhara\" class=\"mtr-td-tag\"><div class=\"mtr-cell-content\">\u00a0<\/div><\/td>\n<td style=\"width: 5.5952%; height: 23px;\" data-mtr-content=\"2088\" class=\"mtr-td-tag\"><div class=\"mtr-cell-content\">\u00a0<\/div><\/td>\n<td style=\"width: 7.49999%; height: 23px;\" data-mtr-content=\"S \u2013 18\" class=\"mtr-td-tag\"><div class=\"mtr-cell-content\">\u00a0<\/div><\/td>\n<\/tr>\n<tr style=\"height: 23px;\">\n<td style=\"width: 32.5%; height: 23px;\" data-mtr-content=\"MI Gin\u00e9s Esteo, Pedro Antonio\" class=\"mtr-td-tag\"><div class=\"mtr-cell-content\">Guirado Lara, Pablo<\/div><\/td>\n<td style=\"width: 7.97624%; height: 23px;\" data-mtr-content=\"2492\" class=\"mtr-td-tag\"><div class=\"mtr-cell-content\">1346<\/div><\/td>\n<td style=\"width: 8.33332%; height: 23px;\" data-mtr-content=\"S \u2013 18\" class=\"mtr-td-tag\"><div class=\"mtr-cell-content\">S \u2013 8<\/div><\/td>\n<td style=\"width: 2.97618%; height: 23px;\" data-mtr-content=\"\u00a0\" class=\"mtr-td-tag\"><div class=\"mtr-cell-content\">\u00a0<\/div><\/td>\n<td style=\"width: 35.1189%; height: 23px;\" data-mtr-content=\"WFM Rodr\u00edguez Redondo, Adhara\" class=\"mtr-td-tag\"><div class=\"mtr-cell-content\">\u00a0<\/div><\/td>\n<td style=\"width: 5.5952%; height: 23px;\" data-mtr-content=\"2088\" class=\"mtr-td-tag\"><div class=\"mtr-cell-content\">\u00a0<\/div><\/td>\n<td style=\"width: 7.49999%; height: 23px;\" data-mtr-content=\"S \u2013 18\" class=\"mtr-td-tag\"><div class=\"mtr-cell-content\">\u00a0<\/div><\/td>\n<\/tr>\n<tr style=\"height: 23px;\">\n<td style=\"width: 32.5%; height: 23px;\" data-mtr-content=\"MI Gin\u00e9s Esteo, Pedro Antonio\" class=\"mtr-td-tag\"><div class=\"mtr-cell-content\">Mu\u00f1oz Xu, Lain<\/div><\/td>\n<td style=\"width: 7.97624%; height: 23px;\" data-mtr-content=\"2492\" class=\"mtr-td-tag\"><div class=\"mtr-cell-content\">\u00a0<\/div><\/td>\n<td style=\"width: 8.33332%; height: 23px;\" data-mtr-content=\"S \u2013 18\" class=\"mtr-td-tag\"><div class=\"mtr-cell-content\">S \u2013 8<\/div><\/td>\n<td style=\"width: 2.97618%; height: 23px;\" data-mtr-content=\"\u00a0\" class=\"mtr-td-tag\"><div class=\"mtr-cell-content\">\u00a0<\/div><\/td>\n<td style=\"width: 35.1189%; height: 23px;\" data-mtr-content=\"WFM Rodr\u00edguez Redondo, Adhara\" class=\"mtr-td-tag\"><div class=\"mtr-cell-content\">\u00a0<\/div><\/td>\n<td style=\"width: 5.5952%; height: 23px;\" data-mtr-content=\"2088\" class=\"mtr-td-tag\"><div class=\"mtr-cell-content\">\u00a0<\/div><\/td>\n<td style=\"width: 7.49999%; height: 23px;\" data-mtr-content=\"S \u2013 18\" class=\"mtr-td-tag\"><div class=\"mtr-cell-content\">\u00a0<\/div><\/td>\n<\/tr>\n<\/tbody>\n<\/table>\n<p>Entrenadores:<\/p>\n<p>GM Manuel P\u00e9rez Candelario, GM \u00c0lvar Alonso Rosell, GM Josep Oms Palliss\u00e9,<\/p>\n<p>FM Jim\u00e9nez Mart\u00ednez, Jos\u00e9 Vicente<\/p>\n<p>Delegada:<\/p>\n<p>WFM Mar\u00eda Rodrigo Yanguas<\/p>\n<p style=\"text-align: center;\">&nbsp; &nbsp; &nbsp; &nbsp; &nbsp; &nbsp; &nbsp; &nbsp; &nbsp; &nbsp; &nbsp; &nbsp; &nbsp;Web oficial: <a href=\"http:\/\/eycc2022.tsf.org.tr\/\">http:\/\/eycc2022.tsf.org.tr\/<\/a>&nbsp; &nbsp; &nbsp; &nbsp; &nbsp; &nbsp; &nbsp; &nbsp; &nbsp;&nbsp;<\/p>\n<p style=\"text-align: center;\"><a href=\"http:\/\/chess-results.com\/tnr678934.aspx?lan=2&amp;art=25&amp;fedb=ESP&amp;turdet=YES&amp;flag=30\">Enlace a Chess-Results<\/a><\/p>\n","protected":false},"excerpt":{"rendered":"<p>El Campeonato de Europa de J\u00f3venes tendr\u00e1 lugar en Antalya (Turqu\u00eda) del 6 al 14 de noviembre. Espa\u00f1a estar\u00e1 representada por la siguiente delegaci\u00f3n: CATEGOR\u00cdA OPEN &nbsp; CATEGOR\u00cdA FEMENINA MI Gin\u00e9s Esteo, Pedro Antonio 2492 S \u2013 18 \u00a0 WFM Rodr\u00edguez Redondo, Adhara 2088 S \u2013 18 MI Garrido Out\u00f3n, Alex 2387 S \u2013 18 [&hellip;]<\/p>\n","protected":false},"author":5,"featured_media":0,"comment_status":"closed","ping_status":"closed","sticky":false,"template":"","format":"standard","meta":{"footnotes":""},"categories":[16],"tags":[],"class_list":["post-20986","post","type-post","status-publish","format-standard","hentry","category-noticias"],"yoast_head":"<!-- This site is optimized with the Yoast SEO plugin v27.5 - https:\/\/yoast.com\/product\/yoast-seo-wordpress\/ -->\n<title>CAMPEONATO DE EUROPA INDIVIDUAL SUB 8 A SUB 18. - FEDA<\/title>\n<meta name=\"description\" content=\"FEDA, Federaci\u00f3n Espa\u00f1ola de Ajedrez, ajedrez madrid, federarse ajedrez, campeonato de Espa\u00f1a de ajedrez, ajedrez\" \/>\n<meta name=\"robots\" content=\"index, follow, max-snippet:-1, max-image-preview:large, max-video-preview:-1\" \/>\n<link rel=\"canonical\" href=\"https:\/\/feda.org\/feda2k16\/campeonato-de-europa-individual-sub-8-a-sub-18-3\/\" \/>\n<meta property=\"og:locale\" content=\"es_ES\" \/>\n<meta property=\"og:type\" content=\"article\" \/>\n<meta property=\"og:title\" content=\"CAMPEONATO DE EUROPA INDIVIDUAL SUB 8 A SUB 18. - FEDA\" \/>\n<meta property=\"og:description\" content=\"FEDA, Federaci\u00f3n Espa\u00f1ola de Ajedrez, ajedrez madrid, federarse ajedrez, campeonato de Espa\u00f1a de ajedrez, ajedrez\" \/>\n<meta property=\"og:url\" content=\"https:\/\/feda.org\/feda2k16\/campeonato-de-europa-individual-sub-8-a-sub-18-3\/\" \/>\n<meta property=\"og:site_name\" content=\"FEDA\" \/>\n<meta property=\"article:publisher\" content=\"https:\/\/www.facebook.com\/federacionespanoladeajedrez\/\" \/>\n<meta property=\"article:published_time\" content=\"2022-11-04T08:25:00+00:00\" \/>\n<meta property=\"og:image\" content=\"https:\/\/feda.org\/feda2k16\/wp-content\/uploads\/EYCC2022.jpeg\" \/>\n<meta name=\"author\" content=\"elefante66\" \/>\n<meta name=\"twitter:card\" content=\"summary_large_image\" \/>\n<meta name=\"twitter:creator\" content=\"@AjedrezEspanola\" \/>\n<meta name=\"twitter:site\" content=\"@AjedrezEspanola\" \/>\n<meta name=\"twitter:label1\" content=\"Escrito por\" \/>\n\t<meta name=\"twitter:data1\" content=\"elefante66\" \/>\n\t<meta name=\"twitter:label2\" content=\"Tiempo de lectura\" \/>\n\t<meta name=\"twitter:data2\" content=\"1 minuto\" \/>\n<script type=\"application\/ld+json\" class=\"yoast-schema-graph\">{\"@context\":\"https:\\\/\\\/schema.org\",\"@graph\":[{\"@type\":\"Article\",\"@id\":\"https:\\\/\\\/feda.org\\\/feda2k16\\\/campeonato-de-europa-individual-sub-8-a-sub-18-3\\\/#article\",\"isPartOf\":{\"@id\":\"https:\\\/\\\/feda.org\\\/feda2k16\\\/campeonato-de-europa-individual-sub-8-a-sub-18-3\\\/\"},\"author\":{\"name\":\"elefante66\",\"@id\":\"https:\\\/\\\/feda.org\\\/feda2k16\\\/#\\\/schema\\\/person\\\/b39486343e189c77e58d02641385fe29\"},\"headline\":\"CAMPEONATO DE EUROPA INDIVIDUAL SUB 8 A SUB 18.\",\"datePublished\":\"2022-11-04T08:25:00+00:00\",\"mainEntityOfPage\":{\"@id\":\"https:\\\/\\\/feda.org\\\/feda2k16\\\/campeonato-de-europa-individual-sub-8-a-sub-18-3\\\/\"},\"wordCount\":243,\"publisher\":{\"@id\":\"https:\\\/\\\/feda.org\\\/feda2k16\\\/#organization\"},\"image\":{\"@id\":\"https:\\\/\\\/feda.org\\\/feda2k16\\\/campeonato-de-europa-individual-sub-8-a-sub-18-3\\\/#primaryimage\"},\"thumbnailUrl\":\"https:\\\/\\\/feda.org\\\/feda2k16\\\/wp-content\\\/uploads\\\/EYCC2022.jpeg\",\"articleSection\":[\"Noticias\"],\"inLanguage\":\"es\"},{\"@type\":\"WebPage\",\"@id\":\"https:\\\/\\\/feda.org\\\/feda2k16\\\/campeonato-de-europa-individual-sub-8-a-sub-18-3\\\/\",\"url\":\"https:\\\/\\\/feda.org\\\/feda2k16\\\/campeonato-de-europa-individual-sub-8-a-sub-18-3\\\/\",\"name\":\"CAMPEONATO DE EUROPA INDIVIDUAL SUB 8 A SUB 18. - FEDA\",\"isPartOf\":{\"@id\":\"https:\\\/\\\/feda.org\\\/feda2k16\\\/#website\"},\"primaryImageOfPage\":{\"@id\":\"https:\\\/\\\/feda.org\\\/feda2k16\\\/campeonato-de-europa-individual-sub-8-a-sub-18-3\\\/#primaryimage\"},\"image\":{\"@id\":\"https:\\\/\\\/feda.org\\\/feda2k16\\\/campeonato-de-europa-individual-sub-8-a-sub-18-3\\\/#primaryimage\"},\"thumbnailUrl\":\"https:\\\/\\\/feda.org\\\/feda2k16\\\/wp-content\\\/uploads\\\/EYCC2022.jpeg\",\"datePublished\":\"2022-11-04T08:25:00+00:00\",\"description\":\"FEDA, Federaci\u00f3n Espa\u00f1ola de Ajedrez, ajedrez madrid, federarse ajedrez, campeonato de Espa\u00f1a de ajedrez, ajedrez\",\"breadcrumb\":{\"@id\":\"https:\\\/\\\/feda.org\\\/feda2k16\\\/campeonato-de-europa-individual-sub-8-a-sub-18-3\\\/#breadcrumb\"},\"inLanguage\":\"es\",\"potentialAction\":[{\"@type\":\"ReadAction\",\"target\":[\"https:\\\/\\\/feda.org\\\/feda2k16\\\/campeonato-de-europa-individual-sub-8-a-sub-18-3\\\/\"]}]},{\"@type\":\"ImageObject\",\"inLanguage\":\"es\",\"@id\":\"https:\\\/\\\/feda.org\\\/feda2k16\\\/campeonato-de-europa-individual-sub-8-a-sub-18-3\\\/#primaryimage\",\"url\":\"https:\\\/\\\/feda.org\\\/feda2k16\\\/wp-content\\\/uploads\\\/EYCC2022.jpeg\",\"contentUrl\":\"https:\\\/\\\/feda.org\\\/feda2k16\\\/wp-content\\\/uploads\\\/EYCC2022.jpeg\",\"width\":1600,\"height\":959},{\"@type\":\"BreadcrumbList\",\"@id\":\"https:\\\/\\\/feda.org\\\/feda2k16\\\/campeonato-de-europa-individual-sub-8-a-sub-18-3\\\/#breadcrumb\",\"itemListElement\":[{\"@type\":\"ListItem\",\"position\":1,\"name\":\"Portada\",\"item\":\"https:\\\/\\\/feda.org\\\/feda2k16\\\/\"},{\"@type\":\"ListItem\",\"position\":2,\"name\":\"CAMPEONATO DE EUROPA INDIVIDUAL SUB 8 A SUB 18.\"}]},{\"@type\":\"WebSite\",\"@id\":\"https:\\\/\\\/feda.org\\\/feda2k16\\\/#website\",\"url\":\"https:\\\/\\\/feda.org\\\/feda2k16\\\/\",\"name\":\"FEDA\",\"description\":\"Federaci\u00f3n Espa\u00f1ola de Ajedrez\",\"publisher\":{\"@id\":\"https:\\\/\\\/feda.org\\\/feda2k16\\\/#organization\"},\"alternateName\":\"Federaci\u00f3n Espa\u00f1ola de Ajedrez\",\"potentialAction\":[{\"@type\":\"SearchAction\",\"target\":{\"@type\":\"EntryPoint\",\"urlTemplate\":\"https:\\\/\\\/feda.org\\\/feda2k16\\\/?s={search_term_string}\"},\"query-input\":{\"@type\":\"PropertyValueSpecification\",\"valueRequired\":true,\"valueName\":\"search_term_string\"}}],\"inLanguage\":\"es\"},{\"@type\":\"Organization\",\"@id\":\"https:\\\/\\\/feda.org\\\/feda2k16\\\/#organization\",\"name\":\"FEDA\",\"alternateName\":\"Federaci\u00f3n Espa\u00f1ola de Ajedrez\",\"url\":\"https:\\\/\\\/feda.org\\\/feda2k16\\\/\",\"logo\":{\"@type\":\"ImageObject\",\"inLanguage\":\"es\",\"@id\":\"https:\\\/\\\/feda.org\\\/feda2k16\\\/#\\\/schema\\\/logo\\\/image\\\/\",\"url\":\"https:\\\/\\\/feda.org\\\/feda2k16\\\/wp-content\\\/uploads\\\/NuevoLogo_FEDA_2016.png\",\"contentUrl\":\"https:\\\/\\\/feda.org\\\/feda2k16\\\/wp-content\\\/uploads\\\/NuevoLogo_FEDA_2016.png\",\"width\":600,\"height\":600,\"caption\":\"FEDA\"},\"image\":{\"@id\":\"https:\\\/\\\/feda.org\\\/feda2k16\\\/#\\\/schema\\\/logo\\\/image\\\/\"},\"sameAs\":[\"https:\\\/\\\/www.facebook.com\\\/federacionespanoladeajedrez\\\/\",\"https:\\\/\\\/x.com\\\/AjedrezEspanola\",\"https:\\\/\\\/www.instagram.com\\\/federacionespanolaajedrez\\\/?hl=es\",\"https:\\\/\\\/www.youtube.com\\\/@FederacionEspanoladeAjedrezFED\\\/featured\"]},{\"@type\":\"Person\",\"@id\":\"https:\\\/\\\/feda.org\\\/feda2k16\\\/#\\\/schema\\\/person\\\/b39486343e189c77e58d02641385fe29\",\"name\":\"elefante66\",\"url\":\"https:\\\/\\\/feda.org\\\/feda2k16\\\/author\\\/elefante66\\\/\"}]}<\/script>\n<!-- \/ Yoast SEO plugin. -->","yoast_head_json":{"title":"CAMPEONATO DE EUROPA INDIVIDUAL SUB 8 A SUB 18. - FEDA","description":"FEDA, Federaci\u00f3n Espa\u00f1ola de Ajedrez, ajedrez madrid, federarse ajedrez, campeonato de Espa\u00f1a de ajedrez, ajedrez","robots":{"index":"index","follow":"follow","max-snippet":"max-snippet:-1","max-image-preview":"max-image-preview:large","max-video-preview":"max-video-preview:-1"},"canonical":"https:\/\/feda.org\/feda2k16\/campeonato-de-europa-individual-sub-8-a-sub-18-3\/","og_locale":"es_ES","og_type":"article","og_title":"CAMPEONATO DE EUROPA INDIVIDUAL SUB 8 A SUB 18. - FEDA","og_description":"FEDA, Federaci\u00f3n Espa\u00f1ola de Ajedrez, ajedrez madrid, federarse ajedrez, campeonato de Espa\u00f1a de ajedrez, ajedrez","og_url":"https:\/\/feda.org\/feda2k16\/campeonato-de-europa-individual-sub-8-a-sub-18-3\/","og_site_name":"FEDA","article_publisher":"https:\/\/www.facebook.com\/federacionespanoladeajedrez\/","article_published_time":"2022-11-04T08:25:00+00:00","og_image":[{"url":"https:\/\/feda.org\/feda2k16\/wp-content\/uploads\/EYCC2022.jpeg","type":"","width":"","height":""}],"author":"elefante66","twitter_card":"summary_large_image","twitter_creator":"@AjedrezEspanola","twitter_site":"@AjedrezEspanola","twitter_misc":{"Escrito por":"elefante66","Tiempo de lectura":"1 minuto"},"schema":{"@context":"https:\/\/schema.org","@graph":[{"@type":"Article","@id":"https:\/\/feda.org\/feda2k16\/campeonato-de-europa-individual-sub-8-a-sub-18-3\/#article","isPartOf":{"@id":"https:\/\/feda.org\/feda2k16\/campeonato-de-europa-individual-sub-8-a-sub-18-3\/"},"author":{"name":"elefante66","@id":"https:\/\/feda.org\/feda2k16\/#\/schema\/person\/b39486343e189c77e58d02641385fe29"},"headline":"CAMPEONATO DE EUROPA INDIVIDUAL SUB 8 A SUB 18.","datePublished":"2022-11-04T08:25:00+00:00","mainEntityOfPage":{"@id":"https:\/\/feda.org\/feda2k16\/campeonato-de-europa-individual-sub-8-a-sub-18-3\/"},"wordCount":243,"publisher":{"@id":"https:\/\/feda.org\/feda2k16\/#organization"},"image":{"@id":"https:\/\/feda.org\/feda2k16\/campeonato-de-europa-individual-sub-8-a-sub-18-3\/#primaryimage"},"thumbnailUrl":"https:\/\/feda.org\/feda2k16\/wp-content\/uploads\/EYCC2022.jpeg","articleSection":["Noticias"],"inLanguage":"es"},{"@type":"WebPage","@id":"https:\/\/feda.org\/feda2k16\/campeonato-de-europa-individual-sub-8-a-sub-18-3\/","url":"https:\/\/feda.org\/feda2k16\/campeonato-de-europa-individual-sub-8-a-sub-18-3\/","name":"CAMPEONATO DE EUROPA INDIVIDUAL SUB 8 A SUB 18. - FEDA","isPartOf":{"@id":"https:\/\/feda.org\/feda2k16\/#website"},"primaryImageOfPage":{"@id":"https:\/\/feda.org\/feda2k16\/campeonato-de-europa-individual-sub-8-a-sub-18-3\/#primaryimage"},"image":{"@id":"https:\/\/feda.org\/feda2k16\/campeonato-de-europa-individual-sub-8-a-sub-18-3\/#primaryimage"},"thumbnailUrl":"https:\/\/feda.org\/feda2k16\/wp-content\/uploads\/EYCC2022.jpeg","datePublished":"2022-11-04T08:25:00+00:00","description":"FEDA, Federaci\u00f3n Espa\u00f1ola de Ajedrez, ajedrez madrid, federarse ajedrez, campeonato de Espa\u00f1a de ajedrez, ajedrez","breadcrumb":{"@id":"https:\/\/feda.org\/feda2k16\/campeonato-de-europa-individual-sub-8-a-sub-18-3\/#breadcrumb"},"inLanguage":"es","potentialAction":[{"@type":"ReadAction","target":["https:\/\/feda.org\/feda2k16\/campeonato-de-europa-individual-sub-8-a-sub-18-3\/"]}]},{"@type":"ImageObject","inLanguage":"es","@id":"https:\/\/feda.org\/feda2k16\/campeonato-de-europa-individual-sub-8-a-sub-18-3\/#primaryimage","url":"https:\/\/feda.org\/feda2k16\/wp-content\/uploads\/EYCC2022.jpeg","contentUrl":"https:\/\/feda.org\/feda2k16\/wp-content\/uploads\/EYCC2022.jpeg","width":1600,"height":959},{"@type":"BreadcrumbList","@id":"https:\/\/feda.org\/feda2k16\/campeonato-de-europa-individual-sub-8-a-sub-18-3\/#breadcrumb","itemListElement":[{"@type":"ListItem","position":1,"name":"Portada","item":"https:\/\/feda.org\/feda2k16\/"},{"@type":"ListItem","position":2,"name":"CAMPEONATO DE EUROPA INDIVIDUAL SUB 8 A SUB 18."}]},{"@type":"WebSite","@id":"https:\/\/feda.org\/feda2k16\/#website","url":"https:\/\/feda.org\/feda2k16\/","name":"FEDA","description":"Federaci\u00f3n Espa\u00f1ola de Ajedrez","publisher":{"@id":"https:\/\/feda.org\/feda2k16\/#organization"},"alternateName":"Federaci\u00f3n Espa\u00f1ola de Ajedrez","potentialAction":[{"@type":"SearchAction","target":{"@type":"EntryPoint","urlTemplate":"https:\/\/feda.org\/feda2k16\/?s={search_term_string}"},"query-input":{"@type":"PropertyValueSpecification","valueRequired":true,"valueName":"search_term_string"}}],"inLanguage":"es"},{"@type":"Organization","@id":"https:\/\/feda.org\/feda2k16\/#organization","name":"FEDA","alternateName":"Federaci\u00f3n Espa\u00f1ola de Ajedrez","url":"https:\/\/feda.org\/feda2k16\/","logo":{"@type":"ImageObject","inLanguage":"es","@id":"https:\/\/feda.org\/feda2k16\/#\/schema\/logo\/image\/","url":"https:\/\/feda.org\/feda2k16\/wp-content\/uploads\/NuevoLogo_FEDA_2016.png","contentUrl":"https:\/\/feda.org\/feda2k16\/wp-content\/uploads\/NuevoLogo_FEDA_2016.png","width":600,"height":600,"caption":"FEDA"},"image":{"@id":"https:\/\/feda.org\/feda2k16\/#\/schema\/logo\/image\/"},"sameAs":["https:\/\/www.facebook.com\/federacionespanoladeajedrez\/","https:\/\/x.com\/AjedrezEspanola","https:\/\/www.instagram.com\/federacionespanolaajedrez\/?hl=es","https:\/\/www.youtube.com\/@FederacionEspanoladeAjedrezFED\/featured"]},{"@type":"Person","@id":"https:\/\/feda.org\/feda2k16\/#\/schema\/person\/b39486343e189c77e58d02641385fe29","name":"elefante66","url":"https:\/\/feda.org\/feda2k16\/author\/elefante66\/"}]}},"_links":{"self":[{"href":"https:\/\/feda.org\/feda2k16\/wp-json\/wp\/v2\/posts\/20986","targetHints":{"allow":["GET"]}}],"collection":[{"href":"https:\/\/feda.org\/feda2k16\/wp-json\/wp\/v2\/posts"}],"about":[{"href":"https:\/\/feda.org\/feda2k16\/wp-json\/wp\/v2\/types\/post"}],"author":[{"embeddable":true,"href":"https:\/\/feda.org\/feda2k16\/wp-json\/wp\/v2\/users\/5"}],"replies":[{"embeddable":true,"href":"https:\/\/feda.org\/feda2k16\/wp-json\/wp\/v2\/comments?post=20986"}],"version-history":[{"count":6,"href":"https:\/\/feda.org\/feda2k16\/wp-json\/wp\/v2\/posts\/20986\/revisions"}],"predecessor-version":[{"id":20995,"href":"https:\/\/feda.org\/feda2k16\/wp-json\/wp\/v2\/posts\/20986\/revisions\/20995"}],"wp:attachment":[{"href":"https:\/\/feda.org\/feda2k16\/wp-json\/wp\/v2\/media?parent=20986"}],"wp:term":[{"taxonomy":"category","embeddable":true,"href":"https:\/\/feda.org\/feda2k16\/wp-json\/wp\/v2\/categories?post=20986"},{"taxonomy":"post_tag","embeddable":true,"href":"https:\/\/feda.org\/feda2k16\/wp-json\/wp\/v2\/tags?post=20986"}],"curies":[{"name":"wp","href":"https:\/\/api.w.org\/{rel}","templated":true}]}}