{"id":22451,"date":"2023-07-11T07:17:00","date_gmt":"2023-07-11T07:17:00","guid":{"rendered":"https:\/\/feda.org\/feda2k16\/?p=22451"},"modified":"2023-07-11T07:18:14","modified_gmt":"2023-07-11T07:18:14","slug":"gm-jaime-santos-latasa-gano-el-magistral-de-leon","status":"publish","type":"post","link":"https:\/\/feda.org\/feda2k16\/gm-jaime-santos-latasa-gano-el-magistral-de-leon\/","title":{"rendered":"GM Jaime Santos Latasa gan\u00f3 el Magistral de Le\u00f3n."},"content":{"rendered":"<div class=\"wp-block-image\">\n<figure class=\"aligncenter size-full is-resized\"><img fetchpriority=\"high\" decoding=\"async\" src=\"https:\/\/feda.org\/feda2k16\/wp-content\/uploads\/PAT_7614-scaled.jpg\" alt=\"\" class=\"wp-image-22452\" width=\"589\" height=\"813\" srcset=\"https:\/\/feda.org\/feda2k16\/wp-content\/uploads\/PAT_7614-scaled.jpg 1853w, https:\/\/feda.org\/feda2k16\/wp-content\/uploads\/PAT_7614-768x1061.jpg 768w, https:\/\/feda.org\/feda2k16\/wp-content\/uploads\/PAT_7614-1112x1536.jpg 1112w, https:\/\/feda.org\/feda2k16\/wp-content\/uploads\/PAT_7614-1483x2048.jpg 1483w\" sizes=\"(max-width: 589px) 100vw, 589px\" \/><\/figure>\n<\/div>\n\n\n\n\n<div class=\"css-1dbjc4n r-1awozwy r-onrtq4 r-18kxxzh r-1b7u577\">\n<div class=\"css-1dbjc4n\" data-testid=\"Tweet-User-Avatar\">\n<div class=\"css-1dbjc4n r-18kxxzh r-1wbh5a2 r-13qz1uu\">\n<div class=\"css-1dbjc4n r-1wbh5a2 r-dnmrzs\">\n<div class=\"css-1dbjc4n r-1adg3ll r-eu3ka r-bztko3\" data-testid=\"UserAvatar-Container-echaguen\">\n<div class=\"r-1p0dtai r-1pi2tsx r-1d2f490 r-u8s1d r-ipm5af r-13qz1uu\">\n<div class=\"css-1dbjc4n r-1adg3ll r-1pi2tsx r-1wyvozj r-bztko3 r-u8s1d r-1v2oles r-desppf r-13qz1uu\">\n<div class=\"r-1adg3ll r-13qz1uu\">&nbsp;<\/div>\n<div class=\"r-1p0dtai r-1pi2tsx r-1d2f490 r-u8s1d r-ipm5af r-13qz1uu\">\n<div class=\"css-1dbjc4n r-sdzlij r-ggadg3 r-1udh08x r-u8s1d r-8jfcpp\">\n<div class=\"css-1dbjc4n r-sdzlij r-1wyvozj r-1udh08x r-633pao r-u8s1d r-1v2oles r-desppf\">\n<div class=\"css-1dbjc4n r-1niwhzg r-1pi2tsx r-13qz1uu\">El Gran Maestro Jaime Santos, actual campe\u00f3n de Europa de ajedrez r\u00e1pido, ha hecho historia al derrotar (2,5-1,5) al israel\u00ed Boris Gelfand y proclamarse vencedor de la XXXVI edici\u00f3n del Torneo Magistral de Ajedrez <em>\u00abCiudad de Le\u00f3n\u00bb<\/em>, ciudad que le vio nacer. \u00a1Enhorabuena a Jaime por este importante \u00e9xito!<\/div>\n<div style=\"text-align: center;\">M\u00e1s informaci\u00f3n en la Web del Magistral: <a href=\"https:\/\/www.advancedchessleon.com\/index.html\">LEON<\/a><\/div>\n<\/div>\n<\/div>\n<\/div>\n<\/div>\n<\/div>\n<\/div>\n<\/div>\n<\/div>\n<\/div>\n<\/div>\n","protected":false},"excerpt":{"rendered":"<p>&nbsp; El Gran Maestro Jaime Santos, actual campe\u00f3n de Europa de ajedrez r\u00e1pido, ha hecho historia al derrotar (2,5-1,5) al israel\u00ed Boris Gelfand y proclamarse vencedor de la XXXVI edici\u00f3n del Torneo Magistral de Ajedrez \u00abCiudad de Le\u00f3n\u00bb, ciudad que le vio nacer. \u00a1Enhorabuena a Jaime por este importante \u00e9xito! M\u00e1s informaci\u00f3n en la Web [&hellip;]<\/p>\n","protected":false},"author":5,"featured_media":0,"comment_status":"closed","ping_status":"closed","sticky":false,"template":"","format":"standard","meta":{"footnotes":""},"categories":[16],"tags":[],"class_list":["post-22451","post","type-post","status-publish","format-standard","hentry","category-noticias"],"yoast_head":"<!-- This site is optimized with the Yoast SEO plugin v27.5 - https:\/\/yoast.com\/product\/yoast-seo-wordpress\/ -->\n<title>GM Jaime Santos Latasa gan\u00f3 el Magistral de Le\u00f3n. - FEDA<\/title>\n<meta name=\"description\" content=\"FEDA, Federaci\u00f3n Espa\u00f1ola de Ajedrez, ajedrez madrid, federarse ajedrez, campeonato de Espa\u00f1a de ajedrez, ajedrez\" \/>\n<meta name=\"robots\" content=\"index, follow, max-snippet:-1, max-image-preview:large, max-video-preview:-1\" \/>\n<link rel=\"canonical\" href=\"https:\/\/feda.org\/feda2k16\/gm-jaime-santos-latasa-gano-el-magistral-de-leon\/\" \/>\n<meta property=\"og:locale\" content=\"es_ES\" \/>\n<meta property=\"og:type\" content=\"article\" \/>\n<meta property=\"og:title\" content=\"GM Jaime Santos Latasa gan\u00f3 el Magistral de Le\u00f3n. - FEDA\" \/>\n<meta property=\"og:description\" content=\"FEDA, Federaci\u00f3n Espa\u00f1ola de Ajedrez, ajedrez madrid, federarse ajedrez, campeonato de Espa\u00f1a de ajedrez, ajedrez\" \/>\n<meta property=\"og:url\" content=\"https:\/\/feda.org\/feda2k16\/gm-jaime-santos-latasa-gano-el-magistral-de-leon\/\" \/>\n<meta property=\"og:site_name\" content=\"FEDA\" \/>\n<meta property=\"article:publisher\" content=\"https:\/\/www.facebook.com\/federacionespanoladeajedrez\/\" \/>\n<meta property=\"article:published_time\" content=\"2023-07-11T07:17:00+00:00\" \/>\n<meta property=\"article:modified_time\" content=\"2023-07-11T07:18:14+00:00\" \/>\n<meta property=\"og:image\" content=\"https:\/\/feda.org\/feda2k16\/wp-content\/uploads\/PAT_7614-scaled.jpg\" \/>\n<meta name=\"author\" content=\"elefante66\" \/>\n<meta name=\"twitter:card\" content=\"summary_large_image\" \/>\n<meta name=\"twitter:creator\" content=\"@AjedrezEspanola\" \/>\n<meta name=\"twitter:site\" content=\"@AjedrezEspanola\" \/>\n<meta name=\"twitter:label1\" content=\"Escrito por\" \/>\n\t<meta name=\"twitter:data1\" content=\"elefante66\" \/>\n<script type=\"application\/ld+json\" class=\"yoast-schema-graph\">{\"@context\":\"https:\\\/\\\/schema.org\",\"@graph\":[{\"@type\":\"Article\",\"@id\":\"https:\\\/\\\/feda.org\\\/feda2k16\\\/gm-jaime-santos-latasa-gano-el-magistral-de-leon\\\/#article\",\"isPartOf\":{\"@id\":\"https:\\\/\\\/feda.org\\\/feda2k16\\\/gm-jaime-santos-latasa-gano-el-magistral-de-leon\\\/\"},\"author\":{\"name\":\"elefante66\",\"@id\":\"https:\\\/\\\/feda.org\\\/feda2k16\\\/#\\\/schema\\\/person\\\/b39486343e189c77e58d02641385fe29\"},\"headline\":\"GM Jaime Santos Latasa gan\u00f3 el Magistral de Le\u00f3n.\",\"datePublished\":\"2023-07-11T07:17:00+00:00\",\"dateModified\":\"2023-07-11T07:18:14+00:00\",\"mainEntityOfPage\":{\"@id\":\"https:\\\/\\\/feda.org\\\/feda2k16\\\/gm-jaime-santos-latasa-gano-el-magistral-de-leon\\\/\"},\"wordCount\":74,\"publisher\":{\"@id\":\"https:\\\/\\\/feda.org\\\/feda2k16\\\/#organization\"},\"image\":{\"@id\":\"https:\\\/\\\/feda.org\\\/feda2k16\\\/gm-jaime-santos-latasa-gano-el-magistral-de-leon\\\/#primaryimage\"},\"thumbnailUrl\":\"https:\\\/\\\/feda.org\\\/feda2k16\\\/wp-content\\\/uploads\\\/PAT_7614-scaled.jpg\",\"articleSection\":[\"Noticias\"],\"inLanguage\":\"es\"},{\"@type\":\"WebPage\",\"@id\":\"https:\\\/\\\/feda.org\\\/feda2k16\\\/gm-jaime-santos-latasa-gano-el-magistral-de-leon\\\/\",\"url\":\"https:\\\/\\\/feda.org\\\/feda2k16\\\/gm-jaime-santos-latasa-gano-el-magistral-de-leon\\\/\",\"name\":\"GM Jaime Santos Latasa gan\u00f3 el Magistral de Le\u00f3n. - FEDA\",\"isPartOf\":{\"@id\":\"https:\\\/\\\/feda.org\\\/feda2k16\\\/#website\"},\"primaryImageOfPage\":{\"@id\":\"https:\\\/\\\/feda.org\\\/feda2k16\\\/gm-jaime-santos-latasa-gano-el-magistral-de-leon\\\/#primaryimage\"},\"image\":{\"@id\":\"https:\\\/\\\/feda.org\\\/feda2k16\\\/gm-jaime-santos-latasa-gano-el-magistral-de-leon\\\/#primaryimage\"},\"thumbnailUrl\":\"https:\\\/\\\/feda.org\\\/feda2k16\\\/wp-content\\\/uploads\\\/PAT_7614-scaled.jpg\",\"datePublished\":\"2023-07-11T07:17:00+00:00\",\"dateModified\":\"2023-07-11T07:18:14+00:00\",\"description\":\"FEDA, Federaci\u00f3n Espa\u00f1ola de Ajedrez, ajedrez madrid, federarse ajedrez, campeonato de Espa\u00f1a de ajedrez, ajedrez\",\"breadcrumb\":{\"@id\":\"https:\\\/\\\/feda.org\\\/feda2k16\\\/gm-jaime-santos-latasa-gano-el-magistral-de-leon\\\/#breadcrumb\"},\"inLanguage\":\"es\",\"potentialAction\":[{\"@type\":\"ReadAction\",\"target\":[\"https:\\\/\\\/feda.org\\\/feda2k16\\\/gm-jaime-santos-latasa-gano-el-magistral-de-leon\\\/\"]}]},{\"@type\":\"ImageObject\",\"inLanguage\":\"es\",\"@id\":\"https:\\\/\\\/feda.org\\\/feda2k16\\\/gm-jaime-santos-latasa-gano-el-magistral-de-leon\\\/#primaryimage\",\"url\":\"https:\\\/\\\/feda.org\\\/feda2k16\\\/wp-content\\\/uploads\\\/PAT_7614-scaled.jpg\",\"contentUrl\":\"https:\\\/\\\/feda.org\\\/feda2k16\\\/wp-content\\\/uploads\\\/PAT_7614-scaled.jpg\",\"width\":1853,\"height\":2560},{\"@type\":\"BreadcrumbList\",\"@id\":\"https:\\\/\\\/feda.org\\\/feda2k16\\\/gm-jaime-santos-latasa-gano-el-magistral-de-leon\\\/#breadcrumb\",\"itemListElement\":[{\"@type\":\"ListItem\",\"position\":1,\"name\":\"Portada\",\"item\":\"https:\\\/\\\/feda.org\\\/feda2k16\\\/\"},{\"@type\":\"ListItem\",\"position\":2,\"name\":\"GM Jaime Santos Latasa gan\u00f3 el Magistral de Le\u00f3n.\"}]},{\"@type\":\"WebSite\",\"@id\":\"https:\\\/\\\/feda.org\\\/feda2k16\\\/#website\",\"url\":\"https:\\\/\\\/feda.org\\\/feda2k16\\\/\",\"name\":\"FEDA\",\"description\":\"Federaci\u00f3n Espa\u00f1ola de Ajedrez\",\"publisher\":{\"@id\":\"https:\\\/\\\/feda.org\\\/feda2k16\\\/#organization\"},\"alternateName\":\"Federaci\u00f3n Espa\u00f1ola de Ajedrez\",\"potentialAction\":[{\"@type\":\"SearchAction\",\"target\":{\"@type\":\"EntryPoint\",\"urlTemplate\":\"https:\\\/\\\/feda.org\\\/feda2k16\\\/?s={search_term_string}\"},\"query-input\":{\"@type\":\"PropertyValueSpecification\",\"valueRequired\":true,\"valueName\":\"search_term_string\"}}],\"inLanguage\":\"es\"},{\"@type\":\"Organization\",\"@id\":\"https:\\\/\\\/feda.org\\\/feda2k16\\\/#organization\",\"name\":\"FEDA\",\"alternateName\":\"Federaci\u00f3n Espa\u00f1ola de Ajedrez\",\"url\":\"https:\\\/\\\/feda.org\\\/feda2k16\\\/\",\"logo\":{\"@type\":\"ImageObject\",\"inLanguage\":\"es\",\"@id\":\"https:\\\/\\\/feda.org\\\/feda2k16\\\/#\\\/schema\\\/logo\\\/image\\\/\",\"url\":\"https:\\\/\\\/feda.org\\\/feda2k16\\\/wp-content\\\/uploads\\\/NuevoLogo_FEDA_2016.png\",\"contentUrl\":\"https:\\\/\\\/feda.org\\\/feda2k16\\\/wp-content\\\/uploads\\\/NuevoLogo_FEDA_2016.png\",\"width\":600,\"height\":600,\"caption\":\"FEDA\"},\"image\":{\"@id\":\"https:\\\/\\\/feda.org\\\/feda2k16\\\/#\\\/schema\\\/logo\\\/image\\\/\"},\"sameAs\":[\"https:\\\/\\\/www.facebook.com\\\/federacionespanoladeajedrez\\\/\",\"https:\\\/\\\/x.com\\\/AjedrezEspanola\",\"https:\\\/\\\/www.instagram.com\\\/federacionespanolaajedrez\\\/?hl=es\",\"https:\\\/\\\/www.youtube.com\\\/@FederacionEspanoladeAjedrezFED\\\/featured\"]},{\"@type\":\"Person\",\"@id\":\"https:\\\/\\\/feda.org\\\/feda2k16\\\/#\\\/schema\\\/person\\\/b39486343e189c77e58d02641385fe29\",\"name\":\"elefante66\",\"url\":\"https:\\\/\\\/feda.org\\\/feda2k16\\\/author\\\/elefante66\\\/\"}]}<\/script>\n<!-- \/ Yoast SEO plugin. -->","yoast_head_json":{"title":"GM Jaime Santos Latasa gan\u00f3 el Magistral de Le\u00f3n. - FEDA","description":"FEDA, Federaci\u00f3n Espa\u00f1ola de Ajedrez, ajedrez madrid, federarse ajedrez, campeonato de Espa\u00f1a de ajedrez, ajedrez","robots":{"index":"index","follow":"follow","max-snippet":"max-snippet:-1","max-image-preview":"max-image-preview:large","max-video-preview":"max-video-preview:-1"},"canonical":"https:\/\/feda.org\/feda2k16\/gm-jaime-santos-latasa-gano-el-magistral-de-leon\/","og_locale":"es_ES","og_type":"article","og_title":"GM Jaime Santos Latasa gan\u00f3 el Magistral de Le\u00f3n. - FEDA","og_description":"FEDA, Federaci\u00f3n Espa\u00f1ola de Ajedrez, ajedrez madrid, federarse ajedrez, campeonato de Espa\u00f1a de ajedrez, ajedrez","og_url":"https:\/\/feda.org\/feda2k16\/gm-jaime-santos-latasa-gano-el-magistral-de-leon\/","og_site_name":"FEDA","article_publisher":"https:\/\/www.facebook.com\/federacionespanoladeajedrez\/","article_published_time":"2023-07-11T07:17:00+00:00","article_modified_time":"2023-07-11T07:18:14+00:00","og_image":[{"url":"https:\/\/feda.org\/feda2k16\/wp-content\/uploads\/PAT_7614-scaled.jpg","type":"","width":"","height":""}],"author":"elefante66","twitter_card":"summary_large_image","twitter_creator":"@AjedrezEspanola","twitter_site":"@AjedrezEspanola","twitter_misc":{"Escrito por":"elefante66"},"schema":{"@context":"https:\/\/schema.org","@graph":[{"@type":"Article","@id":"https:\/\/feda.org\/feda2k16\/gm-jaime-santos-latasa-gano-el-magistral-de-leon\/#article","isPartOf":{"@id":"https:\/\/feda.org\/feda2k16\/gm-jaime-santos-latasa-gano-el-magistral-de-leon\/"},"author":{"name":"elefante66","@id":"https:\/\/feda.org\/feda2k16\/#\/schema\/person\/b39486343e189c77e58d02641385fe29"},"headline":"GM Jaime Santos Latasa gan\u00f3 el Magistral de Le\u00f3n.","datePublished":"2023-07-11T07:17:00+00:00","dateModified":"2023-07-11T07:18:14+00:00","mainEntityOfPage":{"@id":"https:\/\/feda.org\/feda2k16\/gm-jaime-santos-latasa-gano-el-magistral-de-leon\/"},"wordCount":74,"publisher":{"@id":"https:\/\/feda.org\/feda2k16\/#organization"},"image":{"@id":"https:\/\/feda.org\/feda2k16\/gm-jaime-santos-latasa-gano-el-magistral-de-leon\/#primaryimage"},"thumbnailUrl":"https:\/\/feda.org\/feda2k16\/wp-content\/uploads\/PAT_7614-scaled.jpg","articleSection":["Noticias"],"inLanguage":"es"},{"@type":"WebPage","@id":"https:\/\/feda.org\/feda2k16\/gm-jaime-santos-latasa-gano-el-magistral-de-leon\/","url":"https:\/\/feda.org\/feda2k16\/gm-jaime-santos-latasa-gano-el-magistral-de-leon\/","name":"GM Jaime Santos Latasa gan\u00f3 el Magistral de Le\u00f3n. - FEDA","isPartOf":{"@id":"https:\/\/feda.org\/feda2k16\/#website"},"primaryImageOfPage":{"@id":"https:\/\/feda.org\/feda2k16\/gm-jaime-santos-latasa-gano-el-magistral-de-leon\/#primaryimage"},"image":{"@id":"https:\/\/feda.org\/feda2k16\/gm-jaime-santos-latasa-gano-el-magistral-de-leon\/#primaryimage"},"thumbnailUrl":"https:\/\/feda.org\/feda2k16\/wp-content\/uploads\/PAT_7614-scaled.jpg","datePublished":"2023-07-11T07:17:00+00:00","dateModified":"2023-07-11T07:18:14+00:00","description":"FEDA, Federaci\u00f3n Espa\u00f1ola de Ajedrez, ajedrez madrid, federarse ajedrez, campeonato de Espa\u00f1a de ajedrez, ajedrez","breadcrumb":{"@id":"https:\/\/feda.org\/feda2k16\/gm-jaime-santos-latasa-gano-el-magistral-de-leon\/#breadcrumb"},"inLanguage":"es","potentialAction":[{"@type":"ReadAction","target":["https:\/\/feda.org\/feda2k16\/gm-jaime-santos-latasa-gano-el-magistral-de-leon\/"]}]},{"@type":"ImageObject","inLanguage":"es","@id":"https:\/\/feda.org\/feda2k16\/gm-jaime-santos-latasa-gano-el-magistral-de-leon\/#primaryimage","url":"https:\/\/feda.org\/feda2k16\/wp-content\/uploads\/PAT_7614-scaled.jpg","contentUrl":"https:\/\/feda.org\/feda2k16\/wp-content\/uploads\/PAT_7614-scaled.jpg","width":1853,"height":2560},{"@type":"BreadcrumbList","@id":"https:\/\/feda.org\/feda2k16\/gm-jaime-santos-latasa-gano-el-magistral-de-leon\/#breadcrumb","itemListElement":[{"@type":"ListItem","position":1,"name":"Portada","item":"https:\/\/feda.org\/feda2k16\/"},{"@type":"ListItem","position":2,"name":"GM Jaime Santos Latasa gan\u00f3 el Magistral de Le\u00f3n."}]},{"@type":"WebSite","@id":"https:\/\/feda.org\/feda2k16\/#website","url":"https:\/\/feda.org\/feda2k16\/","name":"FEDA","description":"Federaci\u00f3n Espa\u00f1ola de Ajedrez","publisher":{"@id":"https:\/\/feda.org\/feda2k16\/#organization"},"alternateName":"Federaci\u00f3n Espa\u00f1ola de Ajedrez","potentialAction":[{"@type":"SearchAction","target":{"@type":"EntryPoint","urlTemplate":"https:\/\/feda.org\/feda2k16\/?s={search_term_string}"},"query-input":{"@type":"PropertyValueSpecification","valueRequired":true,"valueName":"search_term_string"}}],"inLanguage":"es"},{"@type":"Organization","@id":"https:\/\/feda.org\/feda2k16\/#organization","name":"FEDA","alternateName":"Federaci\u00f3n Espa\u00f1ola de Ajedrez","url":"https:\/\/feda.org\/feda2k16\/","logo":{"@type":"ImageObject","inLanguage":"es","@id":"https:\/\/feda.org\/feda2k16\/#\/schema\/logo\/image\/","url":"https:\/\/feda.org\/feda2k16\/wp-content\/uploads\/NuevoLogo_FEDA_2016.png","contentUrl":"https:\/\/feda.org\/feda2k16\/wp-content\/uploads\/NuevoLogo_FEDA_2016.png","width":600,"height":600,"caption":"FEDA"},"image":{"@id":"https:\/\/feda.org\/feda2k16\/#\/schema\/logo\/image\/"},"sameAs":["https:\/\/www.facebook.com\/federacionespanoladeajedrez\/","https:\/\/x.com\/AjedrezEspanola","https:\/\/www.instagram.com\/federacionespanolaajedrez\/?hl=es","https:\/\/www.youtube.com\/@FederacionEspanoladeAjedrezFED\/featured"]},{"@type":"Person","@id":"https:\/\/feda.org\/feda2k16\/#\/schema\/person\/b39486343e189c77e58d02641385fe29","name":"elefante66","url":"https:\/\/feda.org\/feda2k16\/author\/elefante66\/"}]}},"_links":{"self":[{"href":"https:\/\/feda.org\/feda2k16\/wp-json\/wp\/v2\/posts\/22451","targetHints":{"allow":["GET"]}}],"collection":[{"href":"https:\/\/feda.org\/feda2k16\/wp-json\/wp\/v2\/posts"}],"about":[{"href":"https:\/\/feda.org\/feda2k16\/wp-json\/wp\/v2\/types\/post"}],"author":[{"embeddable":true,"href":"https:\/\/feda.org\/feda2k16\/wp-json\/wp\/v2\/users\/5"}],"replies":[{"embeddable":true,"href":"https:\/\/feda.org\/feda2k16\/wp-json\/wp\/v2\/comments?post=22451"}],"version-history":[{"count":2,"href":"https:\/\/feda.org\/feda2k16\/wp-json\/wp\/v2\/posts\/22451\/revisions"}],"predecessor-version":[{"id":22454,"href":"https:\/\/feda.org\/feda2k16\/wp-json\/wp\/v2\/posts\/22451\/revisions\/22454"}],"wp:attachment":[{"href":"https:\/\/feda.org\/feda2k16\/wp-json\/wp\/v2\/media?parent=22451"}],"wp:term":[{"taxonomy":"category","embeddable":true,"href":"https:\/\/feda.org\/feda2k16\/wp-json\/wp\/v2\/categories?post=22451"},{"taxonomy":"post_tag","embeddable":true,"href":"https:\/\/feda.org\/feda2k16\/wp-json\/wp\/v2\/tags?post=22451"}],"curies":[{"name":"wp","href":"https:\/\/api.w.org\/{rel}","templated":true}]}}