{"id":22901,"date":"2023-10-08T20:01:00","date_gmt":"2023-10-08T20:01:00","guid":{"rendered":"https:\/\/feda.org\/feda2k16\/?p=22901"},"modified":"2023-10-10T12:49:15","modified_gmt":"2023-10-10T12:49:15","slug":"campeones-de-espana-de-veteranos-2023","status":"publish","type":"post","link":"https:\/\/feda.org\/feda2k16\/campeones-de-espana-de-veteranos-2023\/","title":{"rendered":"Campeones de Espa\u00f1a de Veteranos 2023."},"content":{"rendered":"<div class=\"wp-block-image\">\n<figure class=\"aligncenter size-full is-resized\"><img fetchpriority=\"high\" decoding=\"async\" src=\"https:\/\/feda.org\/feda2k16\/wp-content\/uploads\/veteranos.jpg\" alt=\"\" class=\"wp-image-22900\" width=\"627\" height=\"352\" srcset=\"https:\/\/feda.org\/feda2k16\/wp-content\/uploads\/veteranos.jpg 1280w, https:\/\/feda.org\/feda2k16\/wp-content\/uploads\/veteranos-768x432.jpg 768w\" sizes=\"(max-width: 627px) 100vw, 627px\" \/><\/figure>\n<\/div>\n\n\n<p>Hoy ha finalizado el Campeonato de Espa\u00f1a de Ajedrez Veteranos para Jugadores +50 a\u00f1os y +65 a\u00f1os. El Campeonato se ha realizado en las instalaciones del Hotel Evenia Zoraida Resort (Roquetas de mar, Almer\u00eda) entre los d\u00edas 30 de septiembre al 08 octubre. El IM Jos\u00e9 Antonio Lacasa D\u00edaz se ha proclamado Campe\u00f3n en la\u00a0 Categor\u00eda +50 a\u00f1os. Acompa\u00f1an al podio a Jos\u00e9 Antonio, IM Luis Mar\u00eda Campos Gambuti en segunda posici\u00f3n y El IM Jos\u00e9 Candela P\u00e9rez en tercera posici\u00f3n.<\/p>\n<p>Tatiana Grazubova ha sido la primera femenina en +50 a\u00f1os quedo en la 4ta posici\u00f3n.<\/p>\n<p>En la categor\u00eda +65 a\u00f1os, El GM Jos\u00e9 Luis Fern\u00e1ndez Garc\u00eda se ha proclamado Campe\u00f3n de Espa\u00f1a. Acompa\u00f1an al Maestro Jos\u00e9 Luis, \u00a0El FM Daniel Elguezabal Varela en segunda posici\u00f3n y EL FM Jos\u00e9 Luis Ram\u00f3n P\u00e9rez en tercera posici\u00f3n.\u00a0<\/p>\n<p>Enhorabuena a todos los participantes.<\/p>\n<p style=\"text-align: center;\">Clasificaci\u00f3n: INFO64\u00a0 <a href=\"https:\/\/info64.org\/ce-individual-veteranos-m50-2023\/standings\">+50<\/a> y <a href=\"https:\/\/info64.org\/ce-individual-veteranos-m65-2023\/standings\">+65<\/a><\/p>\n<p style=\"text-align: center;\">Galer\u00eda de Fotos:<a href=\"https:\/\/www.facebook.com\/media\/set\/?set=a.650409260514880&amp;type=3\"> Facebook FEDA<\/a><\/p>\n<p>\u00a0<\/p>\n<p>\u00a0<\/p>\n","protected":false},"excerpt":{"rendered":"<p>Hoy ha finalizado el Campeonato de Espa\u00f1a de Ajedrez Veteranos para Jugadores +50 a\u00f1os y +65 a\u00f1os. El Campeonato se ha realizado en las instalaciones del Hotel Evenia Zoraida Resort (Roquetas de mar, Almer\u00eda) entre los d\u00edas 30 de septiembre al 08 octubre. El IM Jos\u00e9 Antonio Lacasa D\u00edaz se ha proclamado Campe\u00f3n en la\u00a0 [&hellip;]<\/p>\n","protected":false},"author":5,"featured_media":0,"comment_status":"closed","ping_status":"closed","sticky":false,"template":"","format":"standard","meta":{"footnotes":""},"categories":[16],"tags":[],"class_list":["post-22901","post","type-post","status-publish","format-standard","hentry","category-noticias"],"yoast_head":"<!-- This site is optimized with the Yoast SEO plugin v27.5 - https:\/\/yoast.com\/product\/yoast-seo-wordpress\/ -->\n<title>Campeones de Espa\u00f1a de Veteranos 2023. - FEDA<\/title>\n<meta name=\"description\" content=\"FEDA, Federaci\u00f3n Espa\u00f1ola de Ajedrez, ajedrez madrid, federarse ajedrez, campeonato de Espa\u00f1a de ajedrez, ajedrez\" \/>\n<meta name=\"robots\" content=\"index, follow, max-snippet:-1, max-image-preview:large, max-video-preview:-1\" \/>\n<link rel=\"canonical\" href=\"https:\/\/feda.org\/feda2k16\/campeones-de-espana-de-veteranos-2023\/\" \/>\n<meta property=\"og:locale\" content=\"es_ES\" \/>\n<meta property=\"og:type\" content=\"article\" \/>\n<meta property=\"og:title\" content=\"Campeones de Espa\u00f1a de Veteranos 2023. - FEDA\" \/>\n<meta property=\"og:description\" content=\"FEDA, Federaci\u00f3n Espa\u00f1ola de Ajedrez, ajedrez madrid, federarse ajedrez, campeonato de Espa\u00f1a de ajedrez, ajedrez\" \/>\n<meta property=\"og:url\" content=\"https:\/\/feda.org\/feda2k16\/campeones-de-espana-de-veteranos-2023\/\" \/>\n<meta property=\"og:site_name\" content=\"FEDA\" \/>\n<meta property=\"article:publisher\" content=\"https:\/\/www.facebook.com\/federacionespanoladeajedrez\/\" \/>\n<meta property=\"article:published_time\" content=\"2023-10-08T20:01:00+00:00\" \/>\n<meta property=\"article:modified_time\" content=\"2023-10-10T12:49:15+00:00\" \/>\n<meta property=\"og:image\" content=\"https:\/\/feda.org\/feda2k16\/wp-content\/uploads\/veteranos.jpg\" \/>\n<meta name=\"author\" content=\"elefante66\" \/>\n<meta name=\"twitter:card\" content=\"summary_large_image\" \/>\n<meta name=\"twitter:creator\" content=\"@AjedrezEspanola\" \/>\n<meta name=\"twitter:site\" content=\"@AjedrezEspanola\" \/>\n<meta name=\"twitter:label1\" content=\"Escrito por\" \/>\n\t<meta name=\"twitter:data1\" content=\"elefante66\" \/>\n\t<meta name=\"twitter:label2\" content=\"Tiempo de lectura\" \/>\n\t<meta name=\"twitter:data2\" content=\"1 minuto\" \/>\n<script type=\"application\/ld+json\" class=\"yoast-schema-graph\">{\"@context\":\"https:\\\/\\\/schema.org\",\"@graph\":[{\"@type\":\"Article\",\"@id\":\"https:\\\/\\\/feda.org\\\/feda2k16\\\/campeones-de-espana-de-veteranos-2023\\\/#article\",\"isPartOf\":{\"@id\":\"https:\\\/\\\/feda.org\\\/feda2k16\\\/campeones-de-espana-de-veteranos-2023\\\/\"},\"author\":{\"name\":\"elefante66\",\"@id\":\"https:\\\/\\\/feda.org\\\/feda2k16\\\/#\\\/schema\\\/person\\\/b39486343e189c77e58d02641385fe29\"},\"headline\":\"Campeones de Espa\u00f1a de Veteranos 2023.\",\"datePublished\":\"2023-10-08T20:01:00+00:00\",\"dateModified\":\"2023-10-10T12:49:15+00:00\",\"mainEntityOfPage\":{\"@id\":\"https:\\\/\\\/feda.org\\\/feda2k16\\\/campeones-de-espana-de-veteranos-2023\\\/\"},\"wordCount\":177,\"publisher\":{\"@id\":\"https:\\\/\\\/feda.org\\\/feda2k16\\\/#organization\"},\"image\":{\"@id\":\"https:\\\/\\\/feda.org\\\/feda2k16\\\/campeones-de-espana-de-veteranos-2023\\\/#primaryimage\"},\"thumbnailUrl\":\"https:\\\/\\\/feda.org\\\/feda2k16\\\/wp-content\\\/uploads\\\/veteranos.jpg\",\"articleSection\":[\"Noticias\"],\"inLanguage\":\"es\"},{\"@type\":\"WebPage\",\"@id\":\"https:\\\/\\\/feda.org\\\/feda2k16\\\/campeones-de-espana-de-veteranos-2023\\\/\",\"url\":\"https:\\\/\\\/feda.org\\\/feda2k16\\\/campeones-de-espana-de-veteranos-2023\\\/\",\"name\":\"Campeones de Espa\u00f1a de Veteranos 2023. - FEDA\",\"isPartOf\":{\"@id\":\"https:\\\/\\\/feda.org\\\/feda2k16\\\/#website\"},\"primaryImageOfPage\":{\"@id\":\"https:\\\/\\\/feda.org\\\/feda2k16\\\/campeones-de-espana-de-veteranos-2023\\\/#primaryimage\"},\"image\":{\"@id\":\"https:\\\/\\\/feda.org\\\/feda2k16\\\/campeones-de-espana-de-veteranos-2023\\\/#primaryimage\"},\"thumbnailUrl\":\"https:\\\/\\\/feda.org\\\/feda2k16\\\/wp-content\\\/uploads\\\/veteranos.jpg\",\"datePublished\":\"2023-10-08T20:01:00+00:00\",\"dateModified\":\"2023-10-10T12:49:15+00:00\",\"description\":\"FEDA, Federaci\u00f3n Espa\u00f1ola de Ajedrez, ajedrez madrid, federarse ajedrez, campeonato de Espa\u00f1a de ajedrez, ajedrez\",\"breadcrumb\":{\"@id\":\"https:\\\/\\\/feda.org\\\/feda2k16\\\/campeones-de-espana-de-veteranos-2023\\\/#breadcrumb\"},\"inLanguage\":\"es\",\"potentialAction\":[{\"@type\":\"ReadAction\",\"target\":[\"https:\\\/\\\/feda.org\\\/feda2k16\\\/campeones-de-espana-de-veteranos-2023\\\/\"]}]},{\"@type\":\"ImageObject\",\"inLanguage\":\"es\",\"@id\":\"https:\\\/\\\/feda.org\\\/feda2k16\\\/campeones-de-espana-de-veteranos-2023\\\/#primaryimage\",\"url\":\"https:\\\/\\\/feda.org\\\/feda2k16\\\/wp-content\\\/uploads\\\/veteranos.jpg\",\"contentUrl\":\"https:\\\/\\\/feda.org\\\/feda2k16\\\/wp-content\\\/uploads\\\/veteranos.jpg\",\"width\":1280,\"height\":720},{\"@type\":\"BreadcrumbList\",\"@id\":\"https:\\\/\\\/feda.org\\\/feda2k16\\\/campeones-de-espana-de-veteranos-2023\\\/#breadcrumb\",\"itemListElement\":[{\"@type\":\"ListItem\",\"position\":1,\"name\":\"Portada\",\"item\":\"https:\\\/\\\/feda.org\\\/feda2k16\\\/\"},{\"@type\":\"ListItem\",\"position\":2,\"name\":\"Campeones de Espa\u00f1a de Veteranos 2023.\"}]},{\"@type\":\"WebSite\",\"@id\":\"https:\\\/\\\/feda.org\\\/feda2k16\\\/#website\",\"url\":\"https:\\\/\\\/feda.org\\\/feda2k16\\\/\",\"name\":\"FEDA\",\"description\":\"Federaci\u00f3n Espa\u00f1ola de Ajedrez\",\"publisher\":{\"@id\":\"https:\\\/\\\/feda.org\\\/feda2k16\\\/#organization\"},\"alternateName\":\"Federaci\u00f3n Espa\u00f1ola de Ajedrez\",\"potentialAction\":[{\"@type\":\"SearchAction\",\"target\":{\"@type\":\"EntryPoint\",\"urlTemplate\":\"https:\\\/\\\/feda.org\\\/feda2k16\\\/?s={search_term_string}\"},\"query-input\":{\"@type\":\"PropertyValueSpecification\",\"valueRequired\":true,\"valueName\":\"search_term_string\"}}],\"inLanguage\":\"es\"},{\"@type\":\"Organization\",\"@id\":\"https:\\\/\\\/feda.org\\\/feda2k16\\\/#organization\",\"name\":\"FEDA\",\"alternateName\":\"Federaci\u00f3n Espa\u00f1ola de Ajedrez\",\"url\":\"https:\\\/\\\/feda.org\\\/feda2k16\\\/\",\"logo\":{\"@type\":\"ImageObject\",\"inLanguage\":\"es\",\"@id\":\"https:\\\/\\\/feda.org\\\/feda2k16\\\/#\\\/schema\\\/logo\\\/image\\\/\",\"url\":\"https:\\\/\\\/feda.org\\\/feda2k16\\\/wp-content\\\/uploads\\\/NuevoLogo_FEDA_2016.png\",\"contentUrl\":\"https:\\\/\\\/feda.org\\\/feda2k16\\\/wp-content\\\/uploads\\\/NuevoLogo_FEDA_2016.png\",\"width\":600,\"height\":600,\"caption\":\"FEDA\"},\"image\":{\"@id\":\"https:\\\/\\\/feda.org\\\/feda2k16\\\/#\\\/schema\\\/logo\\\/image\\\/\"},\"sameAs\":[\"https:\\\/\\\/www.facebook.com\\\/federacionespanoladeajedrez\\\/\",\"https:\\\/\\\/x.com\\\/AjedrezEspanola\",\"https:\\\/\\\/www.instagram.com\\\/federacionespanolaajedrez\\\/?hl=es\",\"https:\\\/\\\/www.youtube.com\\\/@FederacionEspanoladeAjedrezFED\\\/featured\"]},{\"@type\":\"Person\",\"@id\":\"https:\\\/\\\/feda.org\\\/feda2k16\\\/#\\\/schema\\\/person\\\/b39486343e189c77e58d02641385fe29\",\"name\":\"elefante66\",\"url\":\"https:\\\/\\\/feda.org\\\/feda2k16\\\/author\\\/elefante66\\\/\"}]}<\/script>\n<!-- \/ Yoast SEO plugin. -->","yoast_head_json":{"title":"Campeones de Espa\u00f1a de Veteranos 2023. - FEDA","description":"FEDA, Federaci\u00f3n Espa\u00f1ola de Ajedrez, ajedrez madrid, federarse ajedrez, campeonato de Espa\u00f1a de ajedrez, ajedrez","robots":{"index":"index","follow":"follow","max-snippet":"max-snippet:-1","max-image-preview":"max-image-preview:large","max-video-preview":"max-video-preview:-1"},"canonical":"https:\/\/feda.org\/feda2k16\/campeones-de-espana-de-veteranos-2023\/","og_locale":"es_ES","og_type":"article","og_title":"Campeones de Espa\u00f1a de Veteranos 2023. - FEDA","og_description":"FEDA, Federaci\u00f3n Espa\u00f1ola de Ajedrez, ajedrez madrid, federarse ajedrez, campeonato de Espa\u00f1a de ajedrez, ajedrez","og_url":"https:\/\/feda.org\/feda2k16\/campeones-de-espana-de-veteranos-2023\/","og_site_name":"FEDA","article_publisher":"https:\/\/www.facebook.com\/federacionespanoladeajedrez\/","article_published_time":"2023-10-08T20:01:00+00:00","article_modified_time":"2023-10-10T12:49:15+00:00","og_image":[{"url":"https:\/\/feda.org\/feda2k16\/wp-content\/uploads\/veteranos.jpg","type":"","width":"","height":""}],"author":"elefante66","twitter_card":"summary_large_image","twitter_creator":"@AjedrezEspanola","twitter_site":"@AjedrezEspanola","twitter_misc":{"Escrito por":"elefante66","Tiempo de lectura":"1 minuto"},"schema":{"@context":"https:\/\/schema.org","@graph":[{"@type":"Article","@id":"https:\/\/feda.org\/feda2k16\/campeones-de-espana-de-veteranos-2023\/#article","isPartOf":{"@id":"https:\/\/feda.org\/feda2k16\/campeones-de-espana-de-veteranos-2023\/"},"author":{"name":"elefante66","@id":"https:\/\/feda.org\/feda2k16\/#\/schema\/person\/b39486343e189c77e58d02641385fe29"},"headline":"Campeones de Espa\u00f1a de Veteranos 2023.","datePublished":"2023-10-08T20:01:00+00:00","dateModified":"2023-10-10T12:49:15+00:00","mainEntityOfPage":{"@id":"https:\/\/feda.org\/feda2k16\/campeones-de-espana-de-veteranos-2023\/"},"wordCount":177,"publisher":{"@id":"https:\/\/feda.org\/feda2k16\/#organization"},"image":{"@id":"https:\/\/feda.org\/feda2k16\/campeones-de-espana-de-veteranos-2023\/#primaryimage"},"thumbnailUrl":"https:\/\/feda.org\/feda2k16\/wp-content\/uploads\/veteranos.jpg","articleSection":["Noticias"],"inLanguage":"es"},{"@type":"WebPage","@id":"https:\/\/feda.org\/feda2k16\/campeones-de-espana-de-veteranos-2023\/","url":"https:\/\/feda.org\/feda2k16\/campeones-de-espana-de-veteranos-2023\/","name":"Campeones de Espa\u00f1a de Veteranos 2023. - FEDA","isPartOf":{"@id":"https:\/\/feda.org\/feda2k16\/#website"},"primaryImageOfPage":{"@id":"https:\/\/feda.org\/feda2k16\/campeones-de-espana-de-veteranos-2023\/#primaryimage"},"image":{"@id":"https:\/\/feda.org\/feda2k16\/campeones-de-espana-de-veteranos-2023\/#primaryimage"},"thumbnailUrl":"https:\/\/feda.org\/feda2k16\/wp-content\/uploads\/veteranos.jpg","datePublished":"2023-10-08T20:01:00+00:00","dateModified":"2023-10-10T12:49:15+00:00","description":"FEDA, Federaci\u00f3n Espa\u00f1ola de Ajedrez, ajedrez madrid, federarse ajedrez, campeonato de Espa\u00f1a de ajedrez, ajedrez","breadcrumb":{"@id":"https:\/\/feda.org\/feda2k16\/campeones-de-espana-de-veteranos-2023\/#breadcrumb"},"inLanguage":"es","potentialAction":[{"@type":"ReadAction","target":["https:\/\/feda.org\/feda2k16\/campeones-de-espana-de-veteranos-2023\/"]}]},{"@type":"ImageObject","inLanguage":"es","@id":"https:\/\/feda.org\/feda2k16\/campeones-de-espana-de-veteranos-2023\/#primaryimage","url":"https:\/\/feda.org\/feda2k16\/wp-content\/uploads\/veteranos.jpg","contentUrl":"https:\/\/feda.org\/feda2k16\/wp-content\/uploads\/veteranos.jpg","width":1280,"height":720},{"@type":"BreadcrumbList","@id":"https:\/\/feda.org\/feda2k16\/campeones-de-espana-de-veteranos-2023\/#breadcrumb","itemListElement":[{"@type":"ListItem","position":1,"name":"Portada","item":"https:\/\/feda.org\/feda2k16\/"},{"@type":"ListItem","position":2,"name":"Campeones de Espa\u00f1a de Veteranos 2023."}]},{"@type":"WebSite","@id":"https:\/\/feda.org\/feda2k16\/#website","url":"https:\/\/feda.org\/feda2k16\/","name":"FEDA","description":"Federaci\u00f3n Espa\u00f1ola de Ajedrez","publisher":{"@id":"https:\/\/feda.org\/feda2k16\/#organization"},"alternateName":"Federaci\u00f3n Espa\u00f1ola de Ajedrez","potentialAction":[{"@type":"SearchAction","target":{"@type":"EntryPoint","urlTemplate":"https:\/\/feda.org\/feda2k16\/?s={search_term_string}"},"query-input":{"@type":"PropertyValueSpecification","valueRequired":true,"valueName":"search_term_string"}}],"inLanguage":"es"},{"@type":"Organization","@id":"https:\/\/feda.org\/feda2k16\/#organization","name":"FEDA","alternateName":"Federaci\u00f3n Espa\u00f1ola de Ajedrez","url":"https:\/\/feda.org\/feda2k16\/","logo":{"@type":"ImageObject","inLanguage":"es","@id":"https:\/\/feda.org\/feda2k16\/#\/schema\/logo\/image\/","url":"https:\/\/feda.org\/feda2k16\/wp-content\/uploads\/NuevoLogo_FEDA_2016.png","contentUrl":"https:\/\/feda.org\/feda2k16\/wp-content\/uploads\/NuevoLogo_FEDA_2016.png","width":600,"height":600,"caption":"FEDA"},"image":{"@id":"https:\/\/feda.org\/feda2k16\/#\/schema\/logo\/image\/"},"sameAs":["https:\/\/www.facebook.com\/federacionespanoladeajedrez\/","https:\/\/x.com\/AjedrezEspanola","https:\/\/www.instagram.com\/federacionespanolaajedrez\/?hl=es","https:\/\/www.youtube.com\/@FederacionEspanoladeAjedrezFED\/featured"]},{"@type":"Person","@id":"https:\/\/feda.org\/feda2k16\/#\/schema\/person\/b39486343e189c77e58d02641385fe29","name":"elefante66","url":"https:\/\/feda.org\/feda2k16\/author\/elefante66\/"}]}},"_links":{"self":[{"href":"https:\/\/feda.org\/feda2k16\/wp-json\/wp\/v2\/posts\/22901","targetHints":{"allow":["GET"]}}],"collection":[{"href":"https:\/\/feda.org\/feda2k16\/wp-json\/wp\/v2\/posts"}],"about":[{"href":"https:\/\/feda.org\/feda2k16\/wp-json\/wp\/v2\/types\/post"}],"author":[{"embeddable":true,"href":"https:\/\/feda.org\/feda2k16\/wp-json\/wp\/v2\/users\/5"}],"replies":[{"embeddable":true,"href":"https:\/\/feda.org\/feda2k16\/wp-json\/wp\/v2\/comments?post=22901"}],"version-history":[{"count":6,"href":"https:\/\/feda.org\/feda2k16\/wp-json\/wp\/v2\/posts\/22901\/revisions"}],"predecessor-version":[{"id":22908,"href":"https:\/\/feda.org\/feda2k16\/wp-json\/wp\/v2\/posts\/22901\/revisions\/22908"}],"wp:attachment":[{"href":"https:\/\/feda.org\/feda2k16\/wp-json\/wp\/v2\/media?parent=22901"}],"wp:term":[{"taxonomy":"category","embeddable":true,"href":"https:\/\/feda.org\/feda2k16\/wp-json\/wp\/v2\/categories?post=22901"},{"taxonomy":"post_tag","embeddable":true,"href":"https:\/\/feda.org\/feda2k16\/wp-json\/wp\/v2\/tags?post=22901"}],"curies":[{"name":"wp","href":"https:\/\/api.w.org\/{rel}","templated":true}]}}