{"id":22982,"date":"2023-10-29T10:09:18","date_gmt":"2023-10-29T10:09:18","guid":{"rendered":"https:\/\/feda.org\/feda2k16\/?p=22982"},"modified":"2023-10-29T10:09:19","modified_gmt":"2023-10-29T10:09:19","slug":"pau-marin-undecimo-sub12-del-mundo","status":"publish","type":"post","link":"https:\/\/feda.org\/feda2k16\/pau-marin-undecimo-sub12-del-mundo\/","title":{"rendered":"Pau Mar\u00edn, und\u00e9cimo sub12 del mundo"},"content":{"rendered":"<div class=\"wp-block-image\">\n<figure class=\"aligncenter size-full is-resized\"><img fetchpriority=\"high\" decoding=\"async\" src=\"https:\/\/feda.org\/feda2k16\/wp-content\/uploads\/404ab622-7a4b-4a6f-b881-9e04e29df177.jpeg\" alt=\"\" class=\"wp-image-22981\" width=\"627\" height=\"644\" srcset=\"https:\/\/feda.org\/feda2k16\/wp-content\/uploads\/404ab622-7a4b-4a6f-b881-9e04e29df177.jpeg 848w, https:\/\/feda.org\/feda2k16\/wp-content\/uploads\/404ab622-7a4b-4a6f-b881-9e04e29df177-768x790.jpeg 768w\" sizes=\"(max-width: 627px) 100vw, 627px\" \/><\/figure>\n<\/div>\n\n\n<p>Por IM Michael Rahal (Sharm El Sheikh, Egipto)\u00a0<\/p>\n<p><br \/>Desde la primera ronda luchando entre los primeros tableros, el mallorqu\u00edn Pau Mar\u00edn finaliz\u00f3<br \/>und\u00e9cimo en la clasificaci\u00f3n final del Campeonato Mundial Sub12 open, disputado en Sharm El<br \/>Sheikh (Egipto) del 13 al 27 de octubre. No pudo alcanzar el podio debido a una derrota<br \/>inesperada en la pen\u00faltima ronda, pero complet\u00f3 un excelente a\u00f1o en su primer mundial, a<br \/>sumar a su campeonato de Espa\u00f1a en la misma categor\u00eda. Cr\u00f3nica completa en este enlace:\u00a0\u00a0<a href=\"https:\/\/feda.org\/feda2k16\/wp-content\/uploads\/Mundial-Cronica-Final.pdf\">Aqu\u00ed<\/a><\/p>\n","protected":false},"excerpt":{"rendered":"<p>Por IM Michael Rahal (Sharm El Sheikh, Egipto)\u00a0 Desde la primera ronda luchando entre los primeros tableros, el mallorqu\u00edn Pau Mar\u00edn finaliz\u00f3und\u00e9cimo en la clasificaci\u00f3n final del Campeonato Mundial Sub12 open, disputado en Sharm ElSheikh (Egipto) del 13 al 27 de octubre. No pudo alcanzar el podio debido a una derrotainesperada en la pen\u00faltima ronda, [&hellip;]<\/p>\n","protected":false},"author":5,"featured_media":0,"comment_status":"closed","ping_status":"closed","sticky":false,"template":"","format":"standard","meta":{"footnotes":""},"categories":[16],"tags":[],"class_list":["post-22982","post","type-post","status-publish","format-standard","hentry","category-noticias"],"yoast_head":"<!-- This site is optimized with the Yoast SEO plugin v27.5 - https:\/\/yoast.com\/product\/yoast-seo-wordpress\/ -->\n<title>Pau Mar\u00edn, und\u00e9cimo sub12 del mundo - FEDA<\/title>\n<meta name=\"description\" content=\"FEDA, Federaci\u00f3n Espa\u00f1ola de Ajedrez, ajedrez madrid, federarse ajedrez, campeonato de Espa\u00f1a de ajedrez, ajedrez\" \/>\n<meta name=\"robots\" content=\"index, follow, max-snippet:-1, max-image-preview:large, max-video-preview:-1\" \/>\n<link rel=\"canonical\" href=\"https:\/\/feda.org\/feda2k16\/pau-marin-undecimo-sub12-del-mundo\/\" \/>\n<meta property=\"og:locale\" content=\"es_ES\" \/>\n<meta property=\"og:type\" content=\"article\" \/>\n<meta property=\"og:title\" content=\"Pau Mar\u00edn, und\u00e9cimo sub12 del mundo - FEDA\" \/>\n<meta property=\"og:description\" content=\"FEDA, Federaci\u00f3n Espa\u00f1ola de Ajedrez, ajedrez madrid, federarse ajedrez, campeonato de Espa\u00f1a de ajedrez, ajedrez\" \/>\n<meta property=\"og:url\" content=\"https:\/\/feda.org\/feda2k16\/pau-marin-undecimo-sub12-del-mundo\/\" \/>\n<meta property=\"og:site_name\" content=\"FEDA\" \/>\n<meta property=\"article:publisher\" content=\"https:\/\/www.facebook.com\/federacionespanoladeajedrez\/\" \/>\n<meta property=\"article:published_time\" content=\"2023-10-29T10:09:18+00:00\" \/>\n<meta property=\"article:modified_time\" content=\"2023-10-29T10:09:19+00:00\" \/>\n<meta property=\"og:image\" content=\"https:\/\/feda.org\/feda2k16\/wp-content\/uploads\/404ab622-7a4b-4a6f-b881-9e04e29df177.jpeg\" \/>\n<meta name=\"author\" content=\"elefante66\" \/>\n<meta name=\"twitter:card\" content=\"summary_large_image\" \/>\n<meta name=\"twitter:creator\" content=\"@AjedrezEspanola\" \/>\n<meta name=\"twitter:site\" content=\"@AjedrezEspanola\" \/>\n<meta name=\"twitter:label1\" content=\"Escrito por\" \/>\n\t<meta name=\"twitter:data1\" content=\"elefante66\" \/>\n<script type=\"application\/ld+json\" class=\"yoast-schema-graph\">{\"@context\":\"https:\\\/\\\/schema.org\",\"@graph\":[{\"@type\":\"Article\",\"@id\":\"https:\\\/\\\/feda.org\\\/feda2k16\\\/pau-marin-undecimo-sub12-del-mundo\\\/#article\",\"isPartOf\":{\"@id\":\"https:\\\/\\\/feda.org\\\/feda2k16\\\/pau-marin-undecimo-sub12-del-mundo\\\/\"},\"author\":{\"name\":\"elefante66\",\"@id\":\"https:\\\/\\\/feda.org\\\/feda2k16\\\/#\\\/schema\\\/person\\\/b39486343e189c77e58d02641385fe29\"},\"headline\":\"Pau Mar\u00edn, und\u00e9cimo sub12 del mundo\",\"datePublished\":\"2023-10-29T10:09:18+00:00\",\"dateModified\":\"2023-10-29T10:09:19+00:00\",\"mainEntityOfPage\":{\"@id\":\"https:\\\/\\\/feda.org\\\/feda2k16\\\/pau-marin-undecimo-sub12-del-mundo\\\/\"},\"wordCount\":96,\"publisher\":{\"@id\":\"https:\\\/\\\/feda.org\\\/feda2k16\\\/#organization\"},\"image\":{\"@id\":\"https:\\\/\\\/feda.org\\\/feda2k16\\\/pau-marin-undecimo-sub12-del-mundo\\\/#primaryimage\"},\"thumbnailUrl\":\"https:\\\/\\\/feda.org\\\/feda2k16\\\/wp-content\\\/uploads\\\/404ab622-7a4b-4a6f-b881-9e04e29df177.jpeg\",\"articleSection\":[\"Noticias\"],\"inLanguage\":\"es\"},{\"@type\":\"WebPage\",\"@id\":\"https:\\\/\\\/feda.org\\\/feda2k16\\\/pau-marin-undecimo-sub12-del-mundo\\\/\",\"url\":\"https:\\\/\\\/feda.org\\\/feda2k16\\\/pau-marin-undecimo-sub12-del-mundo\\\/\",\"name\":\"Pau Mar\u00edn, und\u00e9cimo sub12 del mundo - FEDA\",\"isPartOf\":{\"@id\":\"https:\\\/\\\/feda.org\\\/feda2k16\\\/#website\"},\"primaryImageOfPage\":{\"@id\":\"https:\\\/\\\/feda.org\\\/feda2k16\\\/pau-marin-undecimo-sub12-del-mundo\\\/#primaryimage\"},\"image\":{\"@id\":\"https:\\\/\\\/feda.org\\\/feda2k16\\\/pau-marin-undecimo-sub12-del-mundo\\\/#primaryimage\"},\"thumbnailUrl\":\"https:\\\/\\\/feda.org\\\/feda2k16\\\/wp-content\\\/uploads\\\/404ab622-7a4b-4a6f-b881-9e04e29df177.jpeg\",\"datePublished\":\"2023-10-29T10:09:18+00:00\",\"dateModified\":\"2023-10-29T10:09:19+00:00\",\"description\":\"FEDA, Federaci\u00f3n Espa\u00f1ola de Ajedrez, ajedrez madrid, federarse ajedrez, campeonato de Espa\u00f1a de ajedrez, ajedrez\",\"breadcrumb\":{\"@id\":\"https:\\\/\\\/feda.org\\\/feda2k16\\\/pau-marin-undecimo-sub12-del-mundo\\\/#breadcrumb\"},\"inLanguage\":\"es\",\"potentialAction\":[{\"@type\":\"ReadAction\",\"target\":[\"https:\\\/\\\/feda.org\\\/feda2k16\\\/pau-marin-undecimo-sub12-del-mundo\\\/\"]}]},{\"@type\":\"ImageObject\",\"inLanguage\":\"es\",\"@id\":\"https:\\\/\\\/feda.org\\\/feda2k16\\\/pau-marin-undecimo-sub12-del-mundo\\\/#primaryimage\",\"url\":\"https:\\\/\\\/feda.org\\\/feda2k16\\\/wp-content\\\/uploads\\\/404ab622-7a4b-4a6f-b881-9e04e29df177.jpeg\",\"contentUrl\":\"https:\\\/\\\/feda.org\\\/feda2k16\\\/wp-content\\\/uploads\\\/404ab622-7a4b-4a6f-b881-9e04e29df177.jpeg\",\"width\":848,\"height\":872},{\"@type\":\"BreadcrumbList\",\"@id\":\"https:\\\/\\\/feda.org\\\/feda2k16\\\/pau-marin-undecimo-sub12-del-mundo\\\/#breadcrumb\",\"itemListElement\":[{\"@type\":\"ListItem\",\"position\":1,\"name\":\"Portada\",\"item\":\"https:\\\/\\\/feda.org\\\/feda2k16\\\/\"},{\"@type\":\"ListItem\",\"position\":2,\"name\":\"Pau Mar\u00edn, und\u00e9cimo sub12 del mundo\"}]},{\"@type\":\"WebSite\",\"@id\":\"https:\\\/\\\/feda.org\\\/feda2k16\\\/#website\",\"url\":\"https:\\\/\\\/feda.org\\\/feda2k16\\\/\",\"name\":\"FEDA\",\"description\":\"Federaci\u00f3n Espa\u00f1ola de Ajedrez\",\"publisher\":{\"@id\":\"https:\\\/\\\/feda.org\\\/feda2k16\\\/#organization\"},\"alternateName\":\"Federaci\u00f3n Espa\u00f1ola de Ajedrez\",\"potentialAction\":[{\"@type\":\"SearchAction\",\"target\":{\"@type\":\"EntryPoint\",\"urlTemplate\":\"https:\\\/\\\/feda.org\\\/feda2k16\\\/?s={search_term_string}\"},\"query-input\":{\"@type\":\"PropertyValueSpecification\",\"valueRequired\":true,\"valueName\":\"search_term_string\"}}],\"inLanguage\":\"es\"},{\"@type\":\"Organization\",\"@id\":\"https:\\\/\\\/feda.org\\\/feda2k16\\\/#organization\",\"name\":\"FEDA\",\"alternateName\":\"Federaci\u00f3n Espa\u00f1ola de Ajedrez\",\"url\":\"https:\\\/\\\/feda.org\\\/feda2k16\\\/\",\"logo\":{\"@type\":\"ImageObject\",\"inLanguage\":\"es\",\"@id\":\"https:\\\/\\\/feda.org\\\/feda2k16\\\/#\\\/schema\\\/logo\\\/image\\\/\",\"url\":\"https:\\\/\\\/feda.org\\\/feda2k16\\\/wp-content\\\/uploads\\\/NuevoLogo_FEDA_2016.png\",\"contentUrl\":\"https:\\\/\\\/feda.org\\\/feda2k16\\\/wp-content\\\/uploads\\\/NuevoLogo_FEDA_2016.png\",\"width\":600,\"height\":600,\"caption\":\"FEDA\"},\"image\":{\"@id\":\"https:\\\/\\\/feda.org\\\/feda2k16\\\/#\\\/schema\\\/logo\\\/image\\\/\"},\"sameAs\":[\"https:\\\/\\\/www.facebook.com\\\/federacionespanoladeajedrez\\\/\",\"https:\\\/\\\/x.com\\\/AjedrezEspanola\",\"https:\\\/\\\/www.instagram.com\\\/federacionespanolaajedrez\\\/?hl=es\",\"https:\\\/\\\/www.youtube.com\\\/@FederacionEspanoladeAjedrezFED\\\/featured\"]},{\"@type\":\"Person\",\"@id\":\"https:\\\/\\\/feda.org\\\/feda2k16\\\/#\\\/schema\\\/person\\\/b39486343e189c77e58d02641385fe29\",\"name\":\"elefante66\",\"url\":\"https:\\\/\\\/feda.org\\\/feda2k16\\\/author\\\/elefante66\\\/\"}]}<\/script>\n<!-- \/ Yoast SEO plugin. -->","yoast_head_json":{"title":"Pau Mar\u00edn, und\u00e9cimo sub12 del mundo - FEDA","description":"FEDA, Federaci\u00f3n Espa\u00f1ola de Ajedrez, ajedrez madrid, federarse ajedrez, campeonato de Espa\u00f1a de ajedrez, ajedrez","robots":{"index":"index","follow":"follow","max-snippet":"max-snippet:-1","max-image-preview":"max-image-preview:large","max-video-preview":"max-video-preview:-1"},"canonical":"https:\/\/feda.org\/feda2k16\/pau-marin-undecimo-sub12-del-mundo\/","og_locale":"es_ES","og_type":"article","og_title":"Pau Mar\u00edn, und\u00e9cimo sub12 del mundo - FEDA","og_description":"FEDA, Federaci\u00f3n Espa\u00f1ola de Ajedrez, ajedrez madrid, federarse ajedrez, campeonato de Espa\u00f1a de ajedrez, ajedrez","og_url":"https:\/\/feda.org\/feda2k16\/pau-marin-undecimo-sub12-del-mundo\/","og_site_name":"FEDA","article_publisher":"https:\/\/www.facebook.com\/federacionespanoladeajedrez\/","article_published_time":"2023-10-29T10:09:18+00:00","article_modified_time":"2023-10-29T10:09:19+00:00","og_image":[{"url":"https:\/\/feda.org\/feda2k16\/wp-content\/uploads\/404ab622-7a4b-4a6f-b881-9e04e29df177.jpeg","type":"","width":"","height":""}],"author":"elefante66","twitter_card":"summary_large_image","twitter_creator":"@AjedrezEspanola","twitter_site":"@AjedrezEspanola","twitter_misc":{"Escrito por":"elefante66"},"schema":{"@context":"https:\/\/schema.org","@graph":[{"@type":"Article","@id":"https:\/\/feda.org\/feda2k16\/pau-marin-undecimo-sub12-del-mundo\/#article","isPartOf":{"@id":"https:\/\/feda.org\/feda2k16\/pau-marin-undecimo-sub12-del-mundo\/"},"author":{"name":"elefante66","@id":"https:\/\/feda.org\/feda2k16\/#\/schema\/person\/b39486343e189c77e58d02641385fe29"},"headline":"Pau Mar\u00edn, und\u00e9cimo sub12 del mundo","datePublished":"2023-10-29T10:09:18+00:00","dateModified":"2023-10-29T10:09:19+00:00","mainEntityOfPage":{"@id":"https:\/\/feda.org\/feda2k16\/pau-marin-undecimo-sub12-del-mundo\/"},"wordCount":96,"publisher":{"@id":"https:\/\/feda.org\/feda2k16\/#organization"},"image":{"@id":"https:\/\/feda.org\/feda2k16\/pau-marin-undecimo-sub12-del-mundo\/#primaryimage"},"thumbnailUrl":"https:\/\/feda.org\/feda2k16\/wp-content\/uploads\/404ab622-7a4b-4a6f-b881-9e04e29df177.jpeg","articleSection":["Noticias"],"inLanguage":"es"},{"@type":"WebPage","@id":"https:\/\/feda.org\/feda2k16\/pau-marin-undecimo-sub12-del-mundo\/","url":"https:\/\/feda.org\/feda2k16\/pau-marin-undecimo-sub12-del-mundo\/","name":"Pau Mar\u00edn, und\u00e9cimo sub12 del mundo - FEDA","isPartOf":{"@id":"https:\/\/feda.org\/feda2k16\/#website"},"primaryImageOfPage":{"@id":"https:\/\/feda.org\/feda2k16\/pau-marin-undecimo-sub12-del-mundo\/#primaryimage"},"image":{"@id":"https:\/\/feda.org\/feda2k16\/pau-marin-undecimo-sub12-del-mundo\/#primaryimage"},"thumbnailUrl":"https:\/\/feda.org\/feda2k16\/wp-content\/uploads\/404ab622-7a4b-4a6f-b881-9e04e29df177.jpeg","datePublished":"2023-10-29T10:09:18+00:00","dateModified":"2023-10-29T10:09:19+00:00","description":"FEDA, Federaci\u00f3n Espa\u00f1ola de Ajedrez, ajedrez madrid, federarse ajedrez, campeonato de Espa\u00f1a de ajedrez, ajedrez","breadcrumb":{"@id":"https:\/\/feda.org\/feda2k16\/pau-marin-undecimo-sub12-del-mundo\/#breadcrumb"},"inLanguage":"es","potentialAction":[{"@type":"ReadAction","target":["https:\/\/feda.org\/feda2k16\/pau-marin-undecimo-sub12-del-mundo\/"]}]},{"@type":"ImageObject","inLanguage":"es","@id":"https:\/\/feda.org\/feda2k16\/pau-marin-undecimo-sub12-del-mundo\/#primaryimage","url":"https:\/\/feda.org\/feda2k16\/wp-content\/uploads\/404ab622-7a4b-4a6f-b881-9e04e29df177.jpeg","contentUrl":"https:\/\/feda.org\/feda2k16\/wp-content\/uploads\/404ab622-7a4b-4a6f-b881-9e04e29df177.jpeg","width":848,"height":872},{"@type":"BreadcrumbList","@id":"https:\/\/feda.org\/feda2k16\/pau-marin-undecimo-sub12-del-mundo\/#breadcrumb","itemListElement":[{"@type":"ListItem","position":1,"name":"Portada","item":"https:\/\/feda.org\/feda2k16\/"},{"@type":"ListItem","position":2,"name":"Pau Mar\u00edn, und\u00e9cimo sub12 del mundo"}]},{"@type":"WebSite","@id":"https:\/\/feda.org\/feda2k16\/#website","url":"https:\/\/feda.org\/feda2k16\/","name":"FEDA","description":"Federaci\u00f3n Espa\u00f1ola de Ajedrez","publisher":{"@id":"https:\/\/feda.org\/feda2k16\/#organization"},"alternateName":"Federaci\u00f3n Espa\u00f1ola de Ajedrez","potentialAction":[{"@type":"SearchAction","target":{"@type":"EntryPoint","urlTemplate":"https:\/\/feda.org\/feda2k16\/?s={search_term_string}"},"query-input":{"@type":"PropertyValueSpecification","valueRequired":true,"valueName":"search_term_string"}}],"inLanguage":"es"},{"@type":"Organization","@id":"https:\/\/feda.org\/feda2k16\/#organization","name":"FEDA","alternateName":"Federaci\u00f3n Espa\u00f1ola de Ajedrez","url":"https:\/\/feda.org\/feda2k16\/","logo":{"@type":"ImageObject","inLanguage":"es","@id":"https:\/\/feda.org\/feda2k16\/#\/schema\/logo\/image\/","url":"https:\/\/feda.org\/feda2k16\/wp-content\/uploads\/NuevoLogo_FEDA_2016.png","contentUrl":"https:\/\/feda.org\/feda2k16\/wp-content\/uploads\/NuevoLogo_FEDA_2016.png","width":600,"height":600,"caption":"FEDA"},"image":{"@id":"https:\/\/feda.org\/feda2k16\/#\/schema\/logo\/image\/"},"sameAs":["https:\/\/www.facebook.com\/federacionespanoladeajedrez\/","https:\/\/x.com\/AjedrezEspanola","https:\/\/www.instagram.com\/federacionespanolaajedrez\/?hl=es","https:\/\/www.youtube.com\/@FederacionEspanoladeAjedrezFED\/featured"]},{"@type":"Person","@id":"https:\/\/feda.org\/feda2k16\/#\/schema\/person\/b39486343e189c77e58d02641385fe29","name":"elefante66","url":"https:\/\/feda.org\/feda2k16\/author\/elefante66\/"}]}},"_links":{"self":[{"href":"https:\/\/feda.org\/feda2k16\/wp-json\/wp\/v2\/posts\/22982","targetHints":{"allow":["GET"]}}],"collection":[{"href":"https:\/\/feda.org\/feda2k16\/wp-json\/wp\/v2\/posts"}],"about":[{"href":"https:\/\/feda.org\/feda2k16\/wp-json\/wp\/v2\/types\/post"}],"author":[{"embeddable":true,"href":"https:\/\/feda.org\/feda2k16\/wp-json\/wp\/v2\/users\/5"}],"replies":[{"embeddable":true,"href":"https:\/\/feda.org\/feda2k16\/wp-json\/wp\/v2\/comments?post=22982"}],"version-history":[{"count":1,"href":"https:\/\/feda.org\/feda2k16\/wp-json\/wp\/v2\/posts\/22982\/revisions"}],"predecessor-version":[{"id":22983,"href":"https:\/\/feda.org\/feda2k16\/wp-json\/wp\/v2\/posts\/22982\/revisions\/22983"}],"wp:attachment":[{"href":"https:\/\/feda.org\/feda2k16\/wp-json\/wp\/v2\/media?parent=22982"}],"wp:term":[{"taxonomy":"category","embeddable":true,"href":"https:\/\/feda.org\/feda2k16\/wp-json\/wp\/v2\/categories?post=22982"},{"taxonomy":"post_tag","embeddable":true,"href":"https:\/\/feda.org\/feda2k16\/wp-json\/wp\/v2\/tags?post=22982"}],"curies":[{"name":"wp","href":"https:\/\/api.w.org\/{rel}","templated":true}]}}