{"id":2314,"date":"2016-07-10T19:49:59","date_gmt":"2016-07-10T19:49:59","guid":{"rendered":"http:\/\/localhost:8888\/feda2k16\/?p=2314"},"modified":"2017-02-22T12:59:28","modified_gmt":"2017-02-22T12:59:28","slug":"campeonato-de-espana-sub-12-2","status":"publish","type":"post","link":"https:\/\/feda.org\/feda2k16\/campeonato-de-espana-sub-12-2\/","title":{"rendered":"Campeonato de Espa\u00f1a Sub12"},"content":{"rendered":"<p style=\"text-align: center;\"><img fetchpriority=\"high\" decoding=\"async\" class=\" size-full wp-image-2313\" style=\"width: 600px; height: 400px;\" src=\"http:\/\/feda.org\/feda2k16\/wp-content\/uploads\/05-08\/13640986_1626622057648827_197935156631233743_o.jpg\" alt=\"\" width=\"2048\" height=\"1365\" srcset=\"https:\/\/feda.org\/feda2k16\/wp-content\/uploads\/05-08\/13640986_1626622057648827_197935156631233743_o.jpg 2048w, https:\/\/feda.org\/feda2k16\/wp-content\/uploads\/05-08\/13640986_1626622057648827_197935156631233743_o-768x512.jpg 768w\" sizes=\"(max-width: 2048px) 100vw, 2048px\" \/><\/p>\n<p style=\"text-align: justify;\">El pasado 9 de julio finaliz\u00f3 el Campeonato de Espa\u00f1a en su categor\u00eda Sub-12 celebrado en el hotel Best Western de Salobre\u00f1a. El torneo ha contado con 166 participantes. El valenciano Marc Carbonell Sancho se ha proclamado campe\u00f3n del torneo con 7,5 puntos de 9 posibles. Le acompa\u00f1aron en el podio, con los mismos puntos pero peor desempate, el aragon\u00e9s Pedro Antonio Gin\u00e9s Esteo como subcampe\u00f3n y el canario Ra\u00fal P\u00e9rez Guerra como tercer clasificado. En la clasificaci\u00f3n femenina, la madrile\u00f1a Cecilia Guillo Longares se hizo con la victoria con 6,5 puntos. La valenciana Viviana Galv\u00e1n Cipriani finaliz\u00f3 subcampeona con 6 puntos. El podio lo cerr\u00f3 con los mismos puntos la navarra Leyre Abrisqueta Zudaire.<\/p>\n<p><a href=\"https:\/\/info64.org\/cto-espana-sub12-st-2016\/standings\">Enlace a Info64<\/a>.<\/p>\n<p>&nbsp;<\/p>\n<div id=\"ckimgrsz\" style=\"left: 47.5px; top: 12px;\">\n<div class=\"preview\">\u00a0<\/div>\n<\/div>\n","protected":false},"excerpt":{"rendered":"<p>El pasado 9 de julio finaliz\u00f3 el Campeonato de Espa\u00f1a en su categor\u00eda Sub-12 celebrado en el hotel Best Western de Salobre\u00f1a. El torneo ha contado con 166 participantes. El valenciano Marc Carbonell Sancho se ha proclamado campe\u00f3n del torneo con 7,5 puntos de 9 posibles. Le acompa\u00f1aron en el podio, con los mismos puntos [&hellip;]<\/p>\n","protected":false},"author":1,"featured_media":0,"comment_status":"open","ping_status":"closed","sticky":false,"template":"","format":"standard","meta":{"footnotes":""},"categories":[16],"tags":[],"class_list":["post-2314","post","type-post","status-publish","format-standard","hentry","category-noticias"],"yoast_head":"<!-- This site is optimized with the Yoast SEO plugin v27.4 - https:\/\/yoast.com\/product\/yoast-seo-wordpress\/ -->\n<title>Campeonato de Espa\u00f1a Sub12 - FEDA<\/title>\n<meta name=\"description\" content=\"FEDA, Federaci\u00f3n Espa\u00f1ola de Ajedrez, ajedrez madrid, federarse ajedrez, campeonato de Espa\u00f1a de ajedrez, ajedrez\" \/>\n<meta name=\"robots\" content=\"index, follow, max-snippet:-1, max-image-preview:large, max-video-preview:-1\" \/>\n<link rel=\"canonical\" href=\"https:\/\/feda.org\/feda2k16\/campeonato-de-espana-sub-12-2\/\" \/>\n<meta property=\"og:locale\" content=\"es_ES\" \/>\n<meta property=\"og:type\" content=\"article\" \/>\n<meta property=\"og:title\" content=\"Campeonato de Espa\u00f1a Sub12 - FEDA\" \/>\n<meta property=\"og:description\" content=\"FEDA, Federaci\u00f3n Espa\u00f1ola de Ajedrez, ajedrez madrid, federarse ajedrez, campeonato de Espa\u00f1a de ajedrez, ajedrez\" \/>\n<meta property=\"og:url\" content=\"https:\/\/feda.org\/feda2k16\/campeonato-de-espana-sub-12-2\/\" \/>\n<meta property=\"og:site_name\" content=\"FEDA\" \/>\n<meta property=\"article:publisher\" content=\"https:\/\/www.facebook.com\/federacionespanoladeajedrez\/\" \/>\n<meta property=\"article:published_time\" content=\"2016-07-10T19:49:59+00:00\" \/>\n<meta property=\"article:modified_time\" content=\"2017-02-22T12:59:28+00:00\" \/>\n<meta property=\"og:image\" content=\"http:\/\/feda.org\/feda2k16\/wp-content\/uploads\/05-08\/13640986_1626622057648827_197935156631233743_o.jpg\" \/>\n<meta name=\"author\" content=\"feda2k16\" \/>\n<meta name=\"twitter:card\" content=\"summary_large_image\" \/>\n<meta name=\"twitter:creator\" content=\"@AjedrezEspanola\" \/>\n<meta name=\"twitter:site\" content=\"@AjedrezEspanola\" \/>\n<meta name=\"twitter:label1\" content=\"Escrito por\" \/>\n\t<meta name=\"twitter:data1\" content=\"feda2k16\" \/>\n\t<meta name=\"twitter:label2\" content=\"Tiempo de lectura\" \/>\n\t<meta name=\"twitter:data2\" content=\"1 minuto\" \/>\n<script type=\"application\/ld+json\" class=\"yoast-schema-graph\">{\"@context\":\"https:\\\/\\\/schema.org\",\"@graph\":[{\"@type\":\"Article\",\"@id\":\"https:\\\/\\\/feda.org\\\/feda2k16\\\/campeonato-de-espana-sub-12-2\\\/#article\",\"isPartOf\":{\"@id\":\"https:\\\/\\\/feda.org\\\/feda2k16\\\/campeonato-de-espana-sub-12-2\\\/\"},\"author\":{\"name\":\"feda2k16\",\"@id\":\"https:\\\/\\\/feda.org\\\/feda2k16\\\/#\\\/schema\\\/person\\\/80aa48a4dc5c6ea03ca1dbf21ce423da\"},\"headline\":\"Campeonato de Espa\u00f1a Sub12\",\"datePublished\":\"2016-07-10T19:49:59+00:00\",\"dateModified\":\"2017-02-22T12:59:28+00:00\",\"mainEntityOfPage\":{\"@id\":\"https:\\\/\\\/feda.org\\\/feda2k16\\\/campeonato-de-espana-sub-12-2\\\/\"},\"wordCount\":131,\"commentCount\":0,\"publisher\":{\"@id\":\"https:\\\/\\\/feda.org\\\/feda2k16\\\/#organization\"},\"image\":{\"@id\":\"https:\\\/\\\/feda.org\\\/feda2k16\\\/campeonato-de-espana-sub-12-2\\\/#primaryimage\"},\"thumbnailUrl\":\"http:\\\/\\\/feda.org\\\/feda2k16\\\/wp-content\\\/uploads\\\/05-08\\\/13640986_1626622057648827_197935156631233743_o.jpg\",\"articleSection\":[\"Noticias\"],\"inLanguage\":\"es\",\"potentialAction\":[{\"@type\":\"CommentAction\",\"name\":\"Comment\",\"target\":[\"https:\\\/\\\/feda.org\\\/feda2k16\\\/campeonato-de-espana-sub-12-2\\\/#respond\"]}]},{\"@type\":\"WebPage\",\"@id\":\"https:\\\/\\\/feda.org\\\/feda2k16\\\/campeonato-de-espana-sub-12-2\\\/\",\"url\":\"https:\\\/\\\/feda.org\\\/feda2k16\\\/campeonato-de-espana-sub-12-2\\\/\",\"name\":\"Campeonato de Espa\u00f1a Sub12 - FEDA\",\"isPartOf\":{\"@id\":\"https:\\\/\\\/feda.org\\\/feda2k16\\\/#website\"},\"primaryImageOfPage\":{\"@id\":\"https:\\\/\\\/feda.org\\\/feda2k16\\\/campeonato-de-espana-sub-12-2\\\/#primaryimage\"},\"image\":{\"@id\":\"https:\\\/\\\/feda.org\\\/feda2k16\\\/campeonato-de-espana-sub-12-2\\\/#primaryimage\"},\"thumbnailUrl\":\"http:\\\/\\\/feda.org\\\/feda2k16\\\/wp-content\\\/uploads\\\/05-08\\\/13640986_1626622057648827_197935156631233743_o.jpg\",\"datePublished\":\"2016-07-10T19:49:59+00:00\",\"dateModified\":\"2017-02-22T12:59:28+00:00\",\"description\":\"FEDA, Federaci\u00f3n Espa\u00f1ola de Ajedrez, ajedrez madrid, federarse ajedrez, campeonato de Espa\u00f1a de ajedrez, ajedrez\",\"breadcrumb\":{\"@id\":\"https:\\\/\\\/feda.org\\\/feda2k16\\\/campeonato-de-espana-sub-12-2\\\/#breadcrumb\"},\"inLanguage\":\"es\",\"potentialAction\":[{\"@type\":\"ReadAction\",\"target\":[\"https:\\\/\\\/feda.org\\\/feda2k16\\\/campeonato-de-espana-sub-12-2\\\/\"]}]},{\"@type\":\"ImageObject\",\"inLanguage\":\"es\",\"@id\":\"https:\\\/\\\/feda.org\\\/feda2k16\\\/campeonato-de-espana-sub-12-2\\\/#primaryimage\",\"url\":\"https:\\\/\\\/feda.org\\\/feda2k16\\\/wp-content\\\/uploads\\\/05-08\\\/13640986_1626622057648827_197935156631233743_o.jpg\",\"contentUrl\":\"https:\\\/\\\/feda.org\\\/feda2k16\\\/wp-content\\\/uploads\\\/05-08\\\/13640986_1626622057648827_197935156631233743_o.jpg\",\"width\":2048,\"height\":1365},{\"@type\":\"BreadcrumbList\",\"@id\":\"https:\\\/\\\/feda.org\\\/feda2k16\\\/campeonato-de-espana-sub-12-2\\\/#breadcrumb\",\"itemListElement\":[{\"@type\":\"ListItem\",\"position\":1,\"name\":\"Portada\",\"item\":\"https:\\\/\\\/feda.org\\\/feda2k16\\\/\"},{\"@type\":\"ListItem\",\"position\":2,\"name\":\"Campeonato de Espa\u00f1a Sub12\"}]},{\"@type\":\"WebSite\",\"@id\":\"https:\\\/\\\/feda.org\\\/feda2k16\\\/#website\",\"url\":\"https:\\\/\\\/feda.org\\\/feda2k16\\\/\",\"name\":\"FEDA\",\"description\":\"Federaci\u00f3n Espa\u00f1ola de Ajedrez\",\"publisher\":{\"@id\":\"https:\\\/\\\/feda.org\\\/feda2k16\\\/#organization\"},\"alternateName\":\"Federaci\u00f3n Espa\u00f1ola de Ajedrez\",\"potentialAction\":[{\"@type\":\"SearchAction\",\"target\":{\"@type\":\"EntryPoint\",\"urlTemplate\":\"https:\\\/\\\/feda.org\\\/feda2k16\\\/?s={search_term_string}\"},\"query-input\":{\"@type\":\"PropertyValueSpecification\",\"valueRequired\":true,\"valueName\":\"search_term_string\"}}],\"inLanguage\":\"es\"},{\"@type\":\"Organization\",\"@id\":\"https:\\\/\\\/feda.org\\\/feda2k16\\\/#organization\",\"name\":\"FEDA\",\"alternateName\":\"Federaci\u00f3n Espa\u00f1ola de Ajedrez\",\"url\":\"https:\\\/\\\/feda.org\\\/feda2k16\\\/\",\"logo\":{\"@type\":\"ImageObject\",\"inLanguage\":\"es\",\"@id\":\"https:\\\/\\\/feda.org\\\/feda2k16\\\/#\\\/schema\\\/logo\\\/image\\\/\",\"url\":\"https:\\\/\\\/feda.org\\\/feda2k16\\\/wp-content\\\/uploads\\\/NuevoLogo_FEDA_2016.png\",\"contentUrl\":\"https:\\\/\\\/feda.org\\\/feda2k16\\\/wp-content\\\/uploads\\\/NuevoLogo_FEDA_2016.png\",\"width\":600,\"height\":600,\"caption\":\"FEDA\"},\"image\":{\"@id\":\"https:\\\/\\\/feda.org\\\/feda2k16\\\/#\\\/schema\\\/logo\\\/image\\\/\"},\"sameAs\":[\"https:\\\/\\\/www.facebook.com\\\/federacionespanoladeajedrez\\\/\",\"https:\\\/\\\/x.com\\\/AjedrezEspanola\",\"https:\\\/\\\/www.instagram.com\\\/federacionespanolaajedrez\\\/?hl=es\",\"https:\\\/\\\/www.youtube.com\\\/@FederacionEspanoladeAjedrezFED\\\/featured\"]},{\"@type\":\"Person\",\"@id\":\"https:\\\/\\\/feda.org\\\/feda2k16\\\/#\\\/schema\\\/person\\\/80aa48a4dc5c6ea03ca1dbf21ce423da\",\"name\":\"feda2k16\",\"url\":\"https:\\\/\\\/feda.org\\\/feda2k16\\\/author\\\/feda2k16\\\/\"}]}<\/script>\n<!-- \/ Yoast SEO plugin. -->","yoast_head_json":{"title":"Campeonato de Espa\u00f1a Sub12 - FEDA","description":"FEDA, Federaci\u00f3n Espa\u00f1ola de Ajedrez, ajedrez madrid, federarse ajedrez, campeonato de Espa\u00f1a de ajedrez, ajedrez","robots":{"index":"index","follow":"follow","max-snippet":"max-snippet:-1","max-image-preview":"max-image-preview:large","max-video-preview":"max-video-preview:-1"},"canonical":"https:\/\/feda.org\/feda2k16\/campeonato-de-espana-sub-12-2\/","og_locale":"es_ES","og_type":"article","og_title":"Campeonato de Espa\u00f1a Sub12 - FEDA","og_description":"FEDA, Federaci\u00f3n Espa\u00f1ola de Ajedrez, ajedrez madrid, federarse ajedrez, campeonato de Espa\u00f1a de ajedrez, ajedrez","og_url":"https:\/\/feda.org\/feda2k16\/campeonato-de-espana-sub-12-2\/","og_site_name":"FEDA","article_publisher":"https:\/\/www.facebook.com\/federacionespanoladeajedrez\/","article_published_time":"2016-07-10T19:49:59+00:00","article_modified_time":"2017-02-22T12:59:28+00:00","og_image":[{"url":"http:\/\/feda.org\/feda2k16\/wp-content\/uploads\/05-08\/13640986_1626622057648827_197935156631233743_o.jpg","type":"","width":"","height":""}],"author":"feda2k16","twitter_card":"summary_large_image","twitter_creator":"@AjedrezEspanola","twitter_site":"@AjedrezEspanola","twitter_misc":{"Escrito por":"feda2k16","Tiempo de lectura":"1 minuto"},"schema":{"@context":"https:\/\/schema.org","@graph":[{"@type":"Article","@id":"https:\/\/feda.org\/feda2k16\/campeonato-de-espana-sub-12-2\/#article","isPartOf":{"@id":"https:\/\/feda.org\/feda2k16\/campeonato-de-espana-sub-12-2\/"},"author":{"name":"feda2k16","@id":"https:\/\/feda.org\/feda2k16\/#\/schema\/person\/80aa48a4dc5c6ea03ca1dbf21ce423da"},"headline":"Campeonato de Espa\u00f1a Sub12","datePublished":"2016-07-10T19:49:59+00:00","dateModified":"2017-02-22T12:59:28+00:00","mainEntityOfPage":{"@id":"https:\/\/feda.org\/feda2k16\/campeonato-de-espana-sub-12-2\/"},"wordCount":131,"commentCount":0,"publisher":{"@id":"https:\/\/feda.org\/feda2k16\/#organization"},"image":{"@id":"https:\/\/feda.org\/feda2k16\/campeonato-de-espana-sub-12-2\/#primaryimage"},"thumbnailUrl":"http:\/\/feda.org\/feda2k16\/wp-content\/uploads\/05-08\/13640986_1626622057648827_197935156631233743_o.jpg","articleSection":["Noticias"],"inLanguage":"es","potentialAction":[{"@type":"CommentAction","name":"Comment","target":["https:\/\/feda.org\/feda2k16\/campeonato-de-espana-sub-12-2\/#respond"]}]},{"@type":"WebPage","@id":"https:\/\/feda.org\/feda2k16\/campeonato-de-espana-sub-12-2\/","url":"https:\/\/feda.org\/feda2k16\/campeonato-de-espana-sub-12-2\/","name":"Campeonato de Espa\u00f1a Sub12 - FEDA","isPartOf":{"@id":"https:\/\/feda.org\/feda2k16\/#website"},"primaryImageOfPage":{"@id":"https:\/\/feda.org\/feda2k16\/campeonato-de-espana-sub-12-2\/#primaryimage"},"image":{"@id":"https:\/\/feda.org\/feda2k16\/campeonato-de-espana-sub-12-2\/#primaryimage"},"thumbnailUrl":"http:\/\/feda.org\/feda2k16\/wp-content\/uploads\/05-08\/13640986_1626622057648827_197935156631233743_o.jpg","datePublished":"2016-07-10T19:49:59+00:00","dateModified":"2017-02-22T12:59:28+00:00","description":"FEDA, Federaci\u00f3n Espa\u00f1ola de Ajedrez, ajedrez madrid, federarse ajedrez, campeonato de Espa\u00f1a de ajedrez, ajedrez","breadcrumb":{"@id":"https:\/\/feda.org\/feda2k16\/campeonato-de-espana-sub-12-2\/#breadcrumb"},"inLanguage":"es","potentialAction":[{"@type":"ReadAction","target":["https:\/\/feda.org\/feda2k16\/campeonato-de-espana-sub-12-2\/"]}]},{"@type":"ImageObject","inLanguage":"es","@id":"https:\/\/feda.org\/feda2k16\/campeonato-de-espana-sub-12-2\/#primaryimage","url":"https:\/\/feda.org\/feda2k16\/wp-content\/uploads\/05-08\/13640986_1626622057648827_197935156631233743_o.jpg","contentUrl":"https:\/\/feda.org\/feda2k16\/wp-content\/uploads\/05-08\/13640986_1626622057648827_197935156631233743_o.jpg","width":2048,"height":1365},{"@type":"BreadcrumbList","@id":"https:\/\/feda.org\/feda2k16\/campeonato-de-espana-sub-12-2\/#breadcrumb","itemListElement":[{"@type":"ListItem","position":1,"name":"Portada","item":"https:\/\/feda.org\/feda2k16\/"},{"@type":"ListItem","position":2,"name":"Campeonato de Espa\u00f1a Sub12"}]},{"@type":"WebSite","@id":"https:\/\/feda.org\/feda2k16\/#website","url":"https:\/\/feda.org\/feda2k16\/","name":"FEDA","description":"Federaci\u00f3n Espa\u00f1ola de Ajedrez","publisher":{"@id":"https:\/\/feda.org\/feda2k16\/#organization"},"alternateName":"Federaci\u00f3n Espa\u00f1ola de Ajedrez","potentialAction":[{"@type":"SearchAction","target":{"@type":"EntryPoint","urlTemplate":"https:\/\/feda.org\/feda2k16\/?s={search_term_string}"},"query-input":{"@type":"PropertyValueSpecification","valueRequired":true,"valueName":"search_term_string"}}],"inLanguage":"es"},{"@type":"Organization","@id":"https:\/\/feda.org\/feda2k16\/#organization","name":"FEDA","alternateName":"Federaci\u00f3n Espa\u00f1ola de Ajedrez","url":"https:\/\/feda.org\/feda2k16\/","logo":{"@type":"ImageObject","inLanguage":"es","@id":"https:\/\/feda.org\/feda2k16\/#\/schema\/logo\/image\/","url":"https:\/\/feda.org\/feda2k16\/wp-content\/uploads\/NuevoLogo_FEDA_2016.png","contentUrl":"https:\/\/feda.org\/feda2k16\/wp-content\/uploads\/NuevoLogo_FEDA_2016.png","width":600,"height":600,"caption":"FEDA"},"image":{"@id":"https:\/\/feda.org\/feda2k16\/#\/schema\/logo\/image\/"},"sameAs":["https:\/\/www.facebook.com\/federacionespanoladeajedrez\/","https:\/\/x.com\/AjedrezEspanola","https:\/\/www.instagram.com\/federacionespanolaajedrez\/?hl=es","https:\/\/www.youtube.com\/@FederacionEspanoladeAjedrezFED\/featured"]},{"@type":"Person","@id":"https:\/\/feda.org\/feda2k16\/#\/schema\/person\/80aa48a4dc5c6ea03ca1dbf21ce423da","name":"feda2k16","url":"https:\/\/feda.org\/feda2k16\/author\/feda2k16\/"}]}},"_links":{"self":[{"href":"https:\/\/feda.org\/feda2k16\/wp-json\/wp\/v2\/posts\/2314","targetHints":{"allow":["GET"]}}],"collection":[{"href":"https:\/\/feda.org\/feda2k16\/wp-json\/wp\/v2\/posts"}],"about":[{"href":"https:\/\/feda.org\/feda2k16\/wp-json\/wp\/v2\/types\/post"}],"author":[{"embeddable":true,"href":"https:\/\/feda.org\/feda2k16\/wp-json\/wp\/v2\/users\/1"}],"replies":[{"embeddable":true,"href":"https:\/\/feda.org\/feda2k16\/wp-json\/wp\/v2\/comments?post=2314"}],"version-history":[{"count":2,"href":"https:\/\/feda.org\/feda2k16\/wp-json\/wp\/v2\/posts\/2314\/revisions"}],"predecessor-version":[{"id":12018,"href":"https:\/\/feda.org\/feda2k16\/wp-json\/wp\/v2\/posts\/2314\/revisions\/12018"}],"wp:attachment":[{"href":"https:\/\/feda.org\/feda2k16\/wp-json\/wp\/v2\/media?parent=2314"}],"wp:term":[{"taxonomy":"category","embeddable":true,"href":"https:\/\/feda.org\/feda2k16\/wp-json\/wp\/v2\/categories?post=2314"},{"taxonomy":"post_tag","embeddable":true,"href":"https:\/\/feda.org\/feda2k16\/wp-json\/wp\/v2\/tags?post=2314"}],"curies":[{"name":"wp","href":"https:\/\/api.w.org\/{rel}","templated":true}]}}