{"id":23387,"date":"2024-02-22T19:02:38","date_gmt":"2024-02-22T19:02:38","guid":{"rendered":"https:\/\/feda.org\/feda2k16\/?p=23387"},"modified":"2024-12-15T12:23:47","modified_gmt":"2024-12-15T12:23:47","slug":"proceso-electoral-2024","status":"publish","type":"post","link":"https:\/\/feda.org\/feda2k16\/proceso-electoral-2024\/","title":{"rendered":"Elecciones 2024"},"content":{"rendered":"\n<p><a href=\"https:\/\/feda.org\/feda2k16\/wp-content\/uploads\/RESOLUCION-EXP556.2024-TAD1.pdf\">Resoluci\u00f3n 556\/2024 &#8211; TAD (publicado el 15-12-2024)<\/a><\/p>\n\n\n\n<p><a href=\"https:\/\/feda.org\/feda2k16\/wp-content\/uploads\/RESOLUCION-EXP550.2024-TAD1.pdf\">Resoluci\u00f3n 550\/2024 &#8211; TAD (publicado el 15-12-2024)<\/a><\/p>\n\n\n\n<p><a href=\"https:\/\/feda.org\/feda2k16\/wp-content\/uploads\/RESOLUCION-EXP549.2024-TAD1.pdf\">Resoluci\u00f3n 549\/2024 &#8211; TAD (publicado el 15-12-2024)<\/a><\/p>\n\n\n\n<p><a href=\"https:\/\/feda.org\/feda2k16\/wp-content\/uploads\/RESOLUCION_547.2024_TAD1.pdf\"> Resoluci\u00f3n 547\/2024 &#8211; TAD (publicado el 29-11-2024)<\/a><\/p>\n\n\n\n<p><a href=\"https:\/\/feda.org\/feda2k16\/wp-content\/uploads\/RESOLUCION_544.2024_TAD1.pdf\">Resoluci\u00f3n 544\/2024 &#8211; TAD (publicado el 29-11-2024)<\/a><\/p>\n\n\n\n<p><a href=\"https:\/\/feda.org\/feda2k16\/wp-content\/uploads\/ACTA-No-18-JE-1.pdf\">Acta N\u00ba 18_JE_Subsanaci\u00f3n (publicado el 28-11-2024)<\/a><\/p>\n\n\n\n\n\n<p><a href=\"https:\/\/feda.org\/feda2k16\/wp-content\/uploads\/Anulacion_Convocatoria_Asamblea_Extraordinaria_Elecciones1.pdf\">Anulaci\u00f3n Convocatoria de la Asamblea Extraordinaria del d\u00eda 1 de diciembre (publicado el 24-11-2024)<\/a><\/p>\n\n\n\n<p><a href=\"https:\/\/feda.org\/feda2k16\/wp-content\/uploads\/ACTA_No_17.Proclam_Definitiva_PresidenteyCD1.pdf\">Acta N\u00ba 17_JE_Proclamaci\u00f3n Definitiva Presidente y Comisi\u00f3n Delegada (publicado el 24-11-2024<\/a><\/p>\n\n\n\n<p><a href=\"https:\/\/feda.org\/feda2k16\/wp-content\/uploads\/RESOLUCION-EXP524.2024-TAD1.pdf\">Resoluci\u00f3n 524\/2024 &#8211; TAD (publicado el 22-11-2024)<\/a><\/p>\n\n\n\n<p><a href=\"https:\/\/feda.org\/feda2k16\/wp-content\/uploads\/RESOLUCION-520.2024-TAD1.pdf\">Resoluci\u00f3n 520\/2024 &#8211; TAD (publicado el 22-11-2024)<\/a><\/p>\n\n\n\n<p><a href=\"https:\/\/feda.org\/feda2k16\/wp-content\/uploads\/RESOLUCION-EXP375.2024-TAD1.pdf\">Resoluci\u00f3n 375\/2024 &#8211; TAD (publicado el 22-11-2024)<\/a><\/p>\n\n\n\n<p><a href=\"https:\/\/feda.org\/feda2k16\/wp-content\/uploads\/ACTA-No-16.-Proclamacion-Provisional-candidaturas-Presid-y-CD1.pdf\">Acta N\u00ba 16_JE_Proclamaci\u00f3n Provisional Candidaturas Presidencia y Comisi\u00f3n Delegada (publicado el 20-11-2024)<\/a><\/p>\n\n\n\n<p><a href=\"https:\/\/feda.org\/feda2k16\/wp-content\/uploads\/Acuerdo-JE_Reclamacion_LHC1.pdf\">Acuerdo JE sobre reclamaci\u00f3n LHC (publicado el 18-11-2024)<\/a><\/p>\n\n\n\n\n\n<p><a href=\"https:\/\/feda.org\/feda2k16\/wp-content\/uploads\/CONVOCATORIA-SESION-EXTRAORDINARIA-ASAMBLEA.pdf\">Convocatoria Asamblea General Extraordinaria Elecciones (publicado el 15-11-2024)<\/a><\/p>\n\n\n\n<p><a href=\"https:\/\/feda.org\/feda2k16\/wp-content\/uploads\/ACTA-No-15-bis.Subsanacion-Actas-11-y-15.pdf\">Acta JE N\u00ba 15bis_Subsanaci\u00f3n Actas 11 y 15. (publicado el 14-11-2024)<\/a><\/p>\n\n\n\n<p><a href=\"https:\/\/feda.org\/feda2k16\/wp-content\/uploads\/Aval-Presidencia-2024.-Personas-Fisicas.-Deportistas-Tecnicos-y-Arbitros-1.docx\">Aval Presidencia. Federaciones y Clubes (publicado el 13-11-2024)<\/a><\/p>\n<p><a href=\"https:\/\/feda.org\/feda2k16\/wp-content\/uploads\/Aval-Presidencia-2024.-Personas-Fisicas.-Deportistas-Tecnicos-y-Arbitros-3.docx\">Aval Presidencia. Personas f\u00edsicas, Deportistas, T\u00e9cnicos y \u00c1rbitros (publicado el 13-11-2024)<\/a><\/p>\n\n\n\n<p><a href=\"https:\/\/feda.org\/feda2k16\/wp-content\/uploads\/Presentacion-candidatura-presidencia.docx\">Presentaci\u00f3n candidatura presidencia (publicado el 13-11-2024)<\/a><\/p>\n\n\n\n<p><a href=\"https:\/\/feda.org\/feda2k16\/wp-content\/uploads\/Presentacion-candidatura-Comision-Delegada-Personas-Juridicas-Clubes-y-Federaciones.docx\">Presentaci\u00f3n candidatura Comisi\u00f3n Delegada Personas Jur\u00eddicas Clubes y Federaciones. (publicado 13-11-2024).<\/a><\/p>\n\n\n\n<p><a href=\"https:\/\/feda.org\/feda2k16\/wp-content\/uploads\/Presentacion-candidatura-Comision-Delegada-Personas-Fisicas-Deportistas-Tecnicos-y-Arbitros-1.docx\">Presentaci\u00f3n candidatura Comisi\u00f3n Delegada Personas F\u00edsicas Deportistas T\u00e9cnicos y \u00c1rbitros (publicado el 13-11-2024).<\/a><\/p>\n\n\n\n<p><a href=\"https:\/\/feda.org\/feda2k16\/wp-content\/uploads\/ACTA-No-15_Proclamacion_Miembros_Asamblea.pdf\">Acta N\u00ba 15_JE_Proclamaci\u00f3n _miembros _Electos_Asamblea_General (publicado el 13-11-2024).<\/a><\/p>\n\n\n\n<p><a href=\"https:\/\/feda.org\/feda2k16\/wp-content\/uploads\/ACTA-No-14_JE_Proclamacion_Provisional_Result-Votaciones-BAL-VAL.pdf\">Acta N\u00ba 14_JE_Proclamaci\u00f3n Provisional Resultados Votaciones BAL y VAL (publicado el 10-11-2024)<\/a><\/p>\n\n\n\n\n\n<p><a href=\"https:\/\/feda.org\/feda2k16\/wp-content\/uploads\/Designacion-Presidente-Com-Gestora-FEDA.pdf\">Designaci\u00f3n Presidente de la Comisi\u00f3n Gestora FEDA (publicado el 5-11-2024)<\/a><\/p>\n\n\n\n<p><a href=\"https:\/\/feda.org\/feda2k16\/wp-content\/uploads\/Renuncia-a-la-Presidencia-de-la-Comision-Gestora.pdf\">Renuncia a la Presidencia de la comisi\u00f3n Gestora (publicado 04-11-2024)<\/a><\/p>\n\n\n\n<p><a href=\"https:\/\/feda.org\/feda2k16\/wp-content\/uploads\/ACTA-No-13_JE_Renuncia_Candidato_VAL_Sorteo-Club_AST.pdf\">Acta N\u00ba 13_JE_Renuncia Candidato VAL. Sorteo Club_AST (publicado 03-11-2024)<\/a><\/p>\n\n\n\n<p><a href=\"https:\/\/feda.org\/feda2k16\/wp-content\/uploads\/ACTA-No-12_JE_Proclamacion_Provisional_Result-Votaciones.pdf\">Acta N 12_JE. Resultados provisionales votaciones (publicado el 2-11-2024).<\/a><\/p>\n\n\n\n<p><a href=\"https:\/\/feda.org\/feda2k16\/wp-content\/uploads\/ACTA-No-11_Aplazamiento-Voto-en-Baleares_Modif_Calendario.pdf\">Acta N\u00ba11 JE. Aplazamiento votaci\u00f3n en Baleares. Nuevo horario. Modificaci\u00f3n Calendario (publicado el 1-11-2024)<\/a><\/p>\n\n\n\n<p><a href=\"https:\/\/feda.org\/feda2k16\/wp-content\/uploads\/Acta-de-Recogida-Precinto-y-Traslado-del-Voto-por-Correo.pdf\">Acta de recogida, precinto y traslado voto correo (publicado el 31-10-2024)<\/a><\/p>\n\n\n\n<p><a href=\"https:\/\/feda.org\/feda2k16\/wp-content\/uploads\/ACTA-No-10_JE_Aplazamiento_Votacion_Valencia-1.pdf\">Acta N\u00ba 10 JE_Aplazamiento Votaciones en Valencia (publicado el 31-10-2024)<\/a><\/p>\n\n\n\n<p><a href=\"https:\/\/feda.org\/feda2k16\/wp-content\/uploads\/ACTA-No-9_JE_Procedimiento_Retirada_Votos_Correos-1.pdf\">Acta N\u00ba 9 JE. Procedimiento Retirada Votos Correos. (publicado el 30-10-2024)<\/a><\/p>\n\n\n\n<p><a href=\"https:\/\/feda.org\/feda2k16\/wp-content\/uploads\/C29_Votaciones_Asamblea_General_2024_S.pdf\">Votaciones Asamblea General 2 de noviembre de 2024. (publicado el 29-10-2024). Subsanada 30-10-2024<\/a><\/p>\n\n\n\n<p><a href=\"https:\/\/feda.org\/feda2k16\/wp-content\/uploads\/MODELO-DE-AUTORIZACION-DE-VOTO-CLUBES.docx\">Modelo de Autorizaci\u00f3n de voto para clubes (publicado el 28-10-2024)<\/a><\/p>\n\n\n\n\n\n\n\n<p><a href=\"https:\/\/feda.org\/feda2k16\/wp-content\/uploads\/ACTA-No-8_Retirada-Club-Ebano.pdf\">Acta N\u00ba 8 Junta Electoral (publicado el 28-10-2024)<\/a><\/p>\n\n\n\n\n\n<p><a href=\"https:\/\/feda.org\/feda2k16\/wp-content\/uploads\/RESOLUCION-EXP-406.2024-TAD.pdf\">Resoluci\u00f3n 406\/2024 &#8211; TAD (publicado el 25-10-2024)<\/a><\/p>\n<p><a href=\"https:\/\/feda.org\/feda2k16\/wp-content\/uploads\/RESOLUCION-EXP443.2024-TAD.pdf\">Resoluci\u00f3n 443\/2024 &#8211; TAD (Publicado el 21-10-2024)<\/a><\/p>\n<p><a href=\"https:\/\/feda.org\/feda2k16\/wp-content\/uploads\/RESOLUCION-376.2024-TAD.pdf\">Resoluci\u00f3n 376\/2024 &#8211; TAD. (Publicado el 21-10-2024)<\/a><\/p>\n<p><a href=\"https:\/\/feda.org\/feda2k16\/wp-content\/uploads\/RESOLUCION-EXP411.2024-TAD-1.pdf\">Resoluci\u00f3n 411\/2024 &#8211; TAD (publicado el 20-10-2024)<\/a><\/p>\n\n\n\n<p><a href=\"https:\/\/feda.org\/feda2k16\/wp-content\/uploads\/ACTA-No-7.pdf\">Acta 7 Junta Electoral. Proclamaci\u00f3n candidaturas Asamblea (publicado 10-10-2024)<\/a><\/p>\n\n\n\n<p><a href=\"https:\/\/feda.org\/feda2k16\/wp-content\/uploads\/resolucion-309_3.pdf\">Resoluci\u00f3n 309_3 de la Junta electoral (publicado el 01-10-2024)<\/a><\/p>\n\n\n\n<p><a href=\"https:\/\/feda.org\/feda2k16\/wp-content\/uploads\/resolucion-309_2.pdf\">Resoluci\u00f3n 309_2 de la Junta electoral (publicado el 01-10-2024)<\/a><\/p>\n\n\n\n<p><a href=\"https:\/\/feda.org\/feda2k16\/wp-content\/uploads\/resolucion-309_1-.pdf\">Resoluci\u00f3n 309_1 de la Junta electoral (publicado el 01-10-2024)<\/a><\/p>\n\n\n\n<p><a href=\"https:\/\/feda.org\/feda2k16\/wp-content\/uploads\/Acuerdo-JE-3092024-denuncia-PteSG-FEDA.pdf\">Acuerdo Junta Electoral Denuncia vs Presid y Secr Gral (publicado el 30-09-2024)<\/a><\/p>\n\n\n\n\n\n<p><a href=\"https:\/\/feda.org\/feda2k16\/wp-content\/uploads\/Resolucion-JE-FEDA-3092024-denuncia-LHC-tras-resTAD.pdf\"> Resoluci\u00f3n Junta Electoral tras resol TAD (publicado el 30-09-2024)<\/a><\/p>\n\n\n\n<p><a href=\"https:\/\/feda.org\/feda2k16\/wp-content\/uploads\/ACTA-No6_JE_Public_lista_Provis_Candidaturas.pdf\">Acta n\u00ba6 JE. Lista provisional candidatos a la Asamblea (publicado el 18-09-2024)<\/a><\/p>\n\n\n\n<p><a href=\"https:\/\/feda.org\/feda2k16\/wp-content\/uploads\/RESOLUCION-EXP331.2024TAD.pdf\">Resoluci\u00f3n Expediente 331-2024. TAD (publicado el 16-09-2024)<\/a><\/p>\n\n\n\n\n\n\n\n<p><a href=\"https:\/\/feda.org\/feda2k16\/wp-content\/uploads\/RESOLUCION_TAD_RECURSO_LHC_315_2024.pdf\">Resoluci\u00f3n TAD recurso LHC 315\/2024 (publicado el 02-09-2024)<\/a><\/p>\n<p style=\"font-weight: 400;\"><a href=\"https:\/\/feda.org\/feda2k16\/wp-content\/uploads\/PRESENTACION-CANDIDATURAS-A-AG-PERSONAS-JURIDICAS.docx\">Modelo Presentaci\u00f3n Candidatura a la Asamblea General. Personas Jur\u00eddicas. (publicado el 02-09-02024).<\/a><\/p>\n<p><a href=\"https:\/\/feda.org\/feda2k16\/wp-content\/uploads\/PRESENTACION-CANDIDATURA-A-AG-PERSONAS-FISICAS.docx\">Modelo Presentaci\u00f3n Candidatura a la Asamblea General. Personas F\u00edsicas (publicado el 02-09-02024).<\/a><\/p>\n\n\n\n\n\n<p><a href=\"https:\/\/feda.org\/feda2k16\/wp-content\/uploads\/ACTA-No-5.pdf\">Acta n\u00ba 5. Junta Electoral. Presentaci\u00f3n Candidaturas AG (publicado el 02-09-2024)<\/a><\/p>\n\n\n\n<p><a href=\"https:\/\/feda.org\/feda2k16\/wp-content\/uploads\/resolucion-JE-a-rec-LHC-28824.pdf\">Acuerdo Junta Electoral reclamaciones LHC (publicado el 28\/08\/2024)<\/a><\/p>\n\n\n\n\n\n\n\n<p><a href=\"https:\/\/feda.org\/feda2k16\/wp-content\/uploads\/resolucion-recurso-LHC-27-agosto-2024.pdf\">Resoluci\u00f3n Junta Electoral recurso LHC (publicado el 28\/08\/2024 )<\/a><\/p>\n<p style=\"font-weight: 400;\"><a href=\"https:\/\/feda.org\/feda2k16\/wp-content\/uploads\/RESOLUCION-EXP306.2024TAD.pdf\">Resoluci\u00f3n TAD_Recuso_ANC_306_2024 (publicado el 28\/08\/2024)<\/a><\/p>\n\n\n\n<p><a href=\"https:\/\/feda.org\/feda2k16\/wp-content\/uploads\/ACTA-No-4.pdf\">Acta n\u00ba 4 de la Junta electoral (publicado el 22-08-2024)<\/a><\/p>\n\n\n\n<p><a href=\"https:\/\/feda.org\/feda2k16\/wp-content\/uploads\/rersolucion-LHC-19-8-2024.pdf\">Resoluci\u00f3n LHC (publicado 19-08-2024)<\/a><\/p>\n\n\n\n<p><a href=\"https:\/\/feda.org\/feda2k16\/censo\/\">Censo electoral definitivo (publicado 19-08-2024)<\/a><\/p>\n<p><a href=\"https:\/\/feda.org\/feda2k16\/wp-content\/uploads\/ACTA-No-3.pdf\">ACTA N\u00ba 3. Junta Electoral. Censo Definitivo.<\/a><\/p>\n<p><a href=\"https:\/\/feda.org\/feda2k16\/wp-content\/uploads\/ACTA-No-2-1.pdf\">ACTA N\u00ba 2 de la Junta Electoral de la FEDA (publicado 01-08-2024)<\/a><\/p>\n\n\n\n<p><a href=\"https:\/\/feda.org\/feda2k16\/wp-content\/uploads\/resolucion-26-7-24-JE-FEDA-LHC.pdf\">Resoluci\u00f3n Junta Electoral LHC (publicado el 26-07-2024)<\/a><\/p>\n\n\n\n<p><a href=\"https:\/\/feda.org\/feda2k16\/wp-content\/uploads\/Anuncios-AS-y-Marca_PUBL.pdf\">Anuncios Convocatoria electoral publicados en AS y MARCA (publicado 24-07-2024)<\/a><\/p>\n\n\n\n<p><a href=\"https:\/\/feda.org\/feda2k16\/wp-content\/uploads\/DISTRIBUCION-ESTAMENTOS-ASAMBLEA-POR-CIRCUNSCRIPCION-2024Subsanacion-1.pdf\">DISTRIBUCION ESTAMENTOS ASAMBLEA POR CIRCUNSCRIPCI\u00d3N 2024Subsanacion<\/a><\/p>\n\n\n\n<p><a href=\"https:\/\/feda.org\/feda2k16\/wp-content\/uploads\/PERSONAS-JURIDICAS-Solicitud-interesando-la-inclusion-en-el-Censo-Especial-de-Voto-NO-Presencial.pdf\">Modelo solicitud interesando el voto no presencial. Personas Jur\u00eddicas (publicado 23-07-2024)<\/a> <a href=\"https:\/\/feda.org\/feda2k16\/wp-content\/uploads\/PERSONAS-JURIDICAS-Solicitud-interesando-la-inclusion-en-el-Censo-Especial-de-Voto-NO-Presencial.docx\">WORD<\/a><\/p>\n\n\n\n<p><a href=\"https:\/\/feda.org\/feda2k16\/wp-content\/uploads\/PERSONAS-FISICAS-Solicitud-interesando-la-inclusion-en-el-Censo-Especial-de-Voto-NO-Presencial.pdf\">Modelo solicitud interesado el voto no presencial. Personas F\u00edsicas (publicado 23-07-2024)<\/a> <a href=\"https:\/\/feda.org\/feda2k16\/wp-content\/uploads\/PERSONAS-FISICAS-Solicitud-interesando-la-inclusion-en-el-Censo-Especial-de-Voto-NO-Presencial.docx\">WORD<\/a><\/p>\n\n\n\n<p><a href=\"https:\/\/feda.org\/feda2k16\/wp-content\/uploads\/MODELO-OPCION-ESTAMENTO-EN-EL-CENSO-DEFINITIVO.pdf\">Modelo opci\u00f3n Estamento en el Censo Definitivo (publicado 23-07-2024).<\/a> <a href=\"https:\/\/feda.org\/feda2k16\/wp-content\/uploads\/MODELO-OPCION-ESTAMENTO-EN-EL-CENSO-DEFINITIVO.docx\">WORD<\/a><\/p>\n<p><a href=\"https:\/\/feda.org\/feda2k16\/wp-content\/uploads\/ACTA-No-1-Junta-Electoral.pdf\">ACTA N\u00ba 1 Junta Electoral (publicado el 22\/07\/2024)<\/a><\/p>\n<p><a href=\"https:\/\/feda.org\/feda2k16\/wp-content\/uploads\/COMUNICACION-AL-CSD-Y-AL-TAD-CONVOCATORIA-FEDA-2024.pdf\">COMUNICACION AL CSD Y AL TAD CONVOCATORIA FEDA 2024 (publicado el 22\/07\/2024)<\/a><\/p>\n<p><a href=\"https:\/\/feda.org\/feda2k16\/wp-content\/uploads\/Acta-Constitucion-Com-Gestora-FEDA.pdf\">Acta Constituci\u00f3n Com Gestora FEDA (publicado el 22\/07\/2024)<\/a><\/p>\n<p><a href=\"https:\/\/feda.org\/feda2k16\/wp-content\/uploads\/Certificacion-Secretaria-General-Convocatoria-Elecciones-FEDA.pdf\">Certificaci\u00f3n Secretar\u00eda General Convocatoria Elecciones FEDA (publicado el 22\/07\/2024)<\/a><\/p>\n<p><a href=\"https:\/\/feda.org\/feda2k16\/wp-content\/uploads\/MIEMBROS-DE-LA-JUNTA-ELECTORAL-DE-LA-FEDA.pdf\">MIEMBROS DE LA JUNTA ELECTORAL DE LA FEDA (publicado el 22\/07\/2024)<\/a><\/p>\n<p><a href=\"https:\/\/feda.org\/feda2k16\/wp-content\/uploads\/EJERCICIO-DEL-VOTO-POR-CORREO.pdf\">EJERCICIO DEL VOTO POR CORREO (publicado el 22\/07\/2024)<\/a><\/p>\n<p><a href=\"https:\/\/feda.org\/feda2k16\/wp-content\/uploads\/Modelo-SOBRE-PARA-REMISION-VOTO-POR-CORREO.pdf\">Modelo SOBRE PARA REMISI\u00d3N VOTO POR CORREO (publicado el 22\/07\/2024)<\/a><\/p>\n<p><a href=\"https:\/\/feda.org\/feda2k16\/wp-content\/uploads\/Modelo-SOBRE-DE-VOTACION.pdf\">Modelo SOBRE DE VOTACI\u00d3N (publicado el 22\/07\/2024)<\/a><\/p>\n<p><a href=\"https:\/\/feda.org\/feda2k16\/wp-content\/uploads\/Modelo-PAPELETA-DE-VOTO.pdf\">Modelo PAPELETA DE VOTO (publicado el 22\/07\/2024)<\/a><\/p>\n<p><a href=\"https:\/\/feda.org\/feda2k16\/wp-content\/uploads\/DISTRIBUCION-ESTAMENTOS-ASAMBLEA-POR-CIRCUNSCRIPCION-2024-1.pdf\">DISTRIBUCION ESTAMENTOS ASAMBLEA POR CIRCUNSCRIPCI\u00d3N 2024 (publicado el 22\/07\/2024)<\/a><\/p>\n<p><a href=\"https:\/\/feda.org\/feda2k16\/wp-content\/uploads\/CENSO-ELECTORAL-PROVISIONAL-FEDA-2024.pdf\">CENSO ELECTORAL PROVISIONAL FEDA 2024 (publicado el 22\/07\/2024)<\/a><\/p>\n<p><a href=\"https:\/\/feda.org\/feda2k16\/wp-content\/uploads\/Calendario-Electoral-FEDA-2024-1.pdf\">Calendario Electoral FEDA 2024&nbsp;(publicado el 22-07-2024)<\/a><\/p>\n<p><a href=\"https:\/\/feda.org\/feda2k16\/wp-content\/uploads\/Convocatoria-Elecciones-FEDA-2024.pdf\">Convocatoria Elecciones FEDA 2024 (publicado el 22\/07\/2024)<\/a><\/p>\n<p><a href=\"https:\/\/feda.org\/feda2k16\/censo\/\">Censo Electoral Provisional FEDA 2024 (publicado el 22\/07\/2024)<\/a><\/p>\n<p><a href=\"https:\/\/feda.org\/feda2k16\/wp-content\/uploads\/REGLAMENTO-ELECTORAL-2024_Aprob_CSD.pdf\">Reglamento electoral de la FEDA 2024. Aprobado por la Comisi\u00f3n Directiva del CSD\u00bb (publicado el 17\/06\/2024)<\/a><\/p>\n<p><a href=\"https:\/\/feda.org\/feda2k16\/wp-content\/uploads\/Diligencia_Aprob_Rgto_Electoral-2024.pdf\">Diligencia de Aprobaci\u00f3n y Registro del Reglamento Electoral FEDA 2024 (publicado el 17\/06\/2024)<\/a><\/p>\n<p><a href=\"https:\/\/feda.org\/feda2k16\/wp-content\/uploads\/0.PROYECTO-REGLAMENTO-ELECTORAL-FEDA-y-CALENDARIO-2024.pdf\">Proyecto de Reglamento Electoral y Propuesta de Calendario (publicado el 22\/02\/2024)<\/a><\/p>\n<p><a href=\"https:\/\/feda.org\/feda2k16\/wp-content\/uploads\/Notificacion-Reglamento-Electoral-FEDA-2024.pdf\">Notificaci\u00f3n env\u00edo Proyecto de Reglamento Electoral y Propuesta de Calendario (publicado el 22\/02\/2024)<\/a><\/p>\n<p><a href=\"https:\/\/feda.org\/feda2k16\/wp-content\/uploads\/Orden-de-Procesos-Electorales-2024-BOE.pdf\">Orden procesos electorales Federaciones espa\u00f1olas<\/a><\/p>\n<p>&nbsp;<\/p>\n\n\n\n<p>&nbsp;<\/p>\n<p>&nbsp;<\/p>\n\n\n\n\n\n<p>&nbsp;<\/p>\n<p>&nbsp;<\/p>\n\n\n\n\n\n\n\n\n\n\n\n\n\n\n\n\n\n\n","protected":false},"excerpt":{"rendered":"<p>Resoluci\u00f3n 556\/2024 &#8211; TAD (publicado el 15-12-2024) Resoluci\u00f3n 550\/2024 &#8211; TAD (publicado el 15-12-2024) Resoluci\u00f3n 549\/2024 &#8211; TAD (publicado el 15-12-2024) Resoluci\u00f3n 547\/2024 &#8211; TAD (publicado el 29-11-2024) Resoluci\u00f3n 544\/2024 &#8211; TAD (publicado el 29-11-2024) Acta N\u00ba 18_JE_Subsanaci\u00f3n (publicado el 28-11-2024) Anulaci\u00f3n Convocatoria de la Asamblea Extraordinaria del d\u00eda 1 de diciembre (publicado el 24-11-2024) [&hellip;]<\/p>\n","protected":false},"author":1,"featured_media":0,"comment_status":"closed","ping_status":"closed","sticky":false,"template":"","format":"standard","meta":{"footnotes":""},"categories":[16],"tags":[],"class_list":["post-23387","post","type-post","status-publish","format-standard","hentry","category-noticias"],"yoast_head":"<!-- This site is optimized with the Yoast SEO plugin v27.4 - https:\/\/yoast.com\/product\/yoast-seo-wordpress\/ -->\n<title>Elecciones 2024 - FEDA<\/title>\n<meta name=\"description\" content=\"FEDA, Federaci\u00f3n Espa\u00f1ola de Ajedrez, ajedrez madrid, federarse ajedrez, campeonato de Espa\u00f1a de ajedrez, ajedrez\" \/>\n<meta name=\"robots\" content=\"index, follow, max-snippet:-1, max-image-preview:large, max-video-preview:-1\" \/>\n<link rel=\"canonical\" href=\"https:\/\/feda.org\/feda2k16\/proceso-electoral-2024\/\" \/>\n<meta property=\"og:locale\" content=\"es_ES\" \/>\n<meta property=\"og:type\" content=\"article\" \/>\n<meta property=\"og:title\" content=\"Elecciones 2024 - FEDA\" \/>\n<meta property=\"og:description\" content=\"FEDA, Federaci\u00f3n Espa\u00f1ola de Ajedrez, ajedrez madrid, federarse ajedrez, campeonato de Espa\u00f1a de ajedrez, ajedrez\" \/>\n<meta property=\"og:url\" content=\"https:\/\/feda.org\/feda2k16\/proceso-electoral-2024\/\" \/>\n<meta property=\"og:site_name\" content=\"FEDA\" \/>\n<meta property=\"article:publisher\" content=\"https:\/\/www.facebook.com\/federacionespanoladeajedrez\/\" \/>\n<meta property=\"article:published_time\" content=\"2024-02-22T19:02:38+00:00\" \/>\n<meta property=\"article:modified_time\" content=\"2024-12-15T12:23:47+00:00\" \/>\n<meta name=\"author\" content=\"feda2k16\" \/>\n<meta name=\"twitter:card\" content=\"summary_large_image\" \/>\n<meta name=\"twitter:creator\" content=\"@AjedrezEspanola\" \/>\n<meta name=\"twitter:site\" content=\"@AjedrezEspanola\" \/>\n<meta name=\"twitter:label1\" content=\"Escrito por\" \/>\n\t<meta name=\"twitter:data1\" content=\"feda2k16\" \/>\n\t<meta name=\"twitter:label2\" content=\"Tiempo de lectura\" \/>\n\t<meta name=\"twitter:data2\" content=\"4 minutos\" \/>\n<script type=\"application\/ld+json\" class=\"yoast-schema-graph\">{\"@context\":\"https:\\\/\\\/schema.org\",\"@graph\":[{\"@type\":\"Article\",\"@id\":\"https:\\\/\\\/feda.org\\\/feda2k16\\\/proceso-electoral-2024\\\/#article\",\"isPartOf\":{\"@id\":\"https:\\\/\\\/feda.org\\\/feda2k16\\\/proceso-electoral-2024\\\/\"},\"author\":{\"name\":\"feda2k16\",\"@id\":\"https:\\\/\\\/feda.org\\\/feda2k16\\\/#\\\/schema\\\/person\\\/80aa48a4dc5c6ea03ca1dbf21ce423da\"},\"headline\":\"Elecciones 2024\",\"datePublished\":\"2024-02-22T19:02:38+00:00\",\"dateModified\":\"2024-12-15T12:23:47+00:00\",\"mainEntityOfPage\":{\"@id\":\"https:\\\/\\\/feda.org\\\/feda2k16\\\/proceso-electoral-2024\\\/\"},\"wordCount\":842,\"publisher\":{\"@id\":\"https:\\\/\\\/feda.org\\\/feda2k16\\\/#organization\"},\"articleSection\":[\"Noticias\"],\"inLanguage\":\"es\"},{\"@type\":\"WebPage\",\"@id\":\"https:\\\/\\\/feda.org\\\/feda2k16\\\/proceso-electoral-2024\\\/\",\"url\":\"https:\\\/\\\/feda.org\\\/feda2k16\\\/proceso-electoral-2024\\\/\",\"name\":\"Elecciones 2024 - FEDA\",\"isPartOf\":{\"@id\":\"https:\\\/\\\/feda.org\\\/feda2k16\\\/#website\"},\"datePublished\":\"2024-02-22T19:02:38+00:00\",\"dateModified\":\"2024-12-15T12:23:47+00:00\",\"description\":\"FEDA, Federaci\u00f3n Espa\u00f1ola de Ajedrez, ajedrez madrid, federarse ajedrez, campeonato de Espa\u00f1a de ajedrez, ajedrez\",\"breadcrumb\":{\"@id\":\"https:\\\/\\\/feda.org\\\/feda2k16\\\/proceso-electoral-2024\\\/#breadcrumb\"},\"inLanguage\":\"es\",\"potentialAction\":[{\"@type\":\"ReadAction\",\"target\":[\"https:\\\/\\\/feda.org\\\/feda2k16\\\/proceso-electoral-2024\\\/\"]}]},{\"@type\":\"BreadcrumbList\",\"@id\":\"https:\\\/\\\/feda.org\\\/feda2k16\\\/proceso-electoral-2024\\\/#breadcrumb\",\"itemListElement\":[{\"@type\":\"ListItem\",\"position\":1,\"name\":\"Portada\",\"item\":\"https:\\\/\\\/feda.org\\\/feda2k16\\\/\"},{\"@type\":\"ListItem\",\"position\":2,\"name\":\"Elecciones 2024\"}]},{\"@type\":\"WebSite\",\"@id\":\"https:\\\/\\\/feda.org\\\/feda2k16\\\/#website\",\"url\":\"https:\\\/\\\/feda.org\\\/feda2k16\\\/\",\"name\":\"FEDA\",\"description\":\"Federaci\u00f3n Espa\u00f1ola de Ajedrez\",\"publisher\":{\"@id\":\"https:\\\/\\\/feda.org\\\/feda2k16\\\/#organization\"},\"alternateName\":\"Federaci\u00f3n Espa\u00f1ola de Ajedrez\",\"potentialAction\":[{\"@type\":\"SearchAction\",\"target\":{\"@type\":\"EntryPoint\",\"urlTemplate\":\"https:\\\/\\\/feda.org\\\/feda2k16\\\/?s={search_term_string}\"},\"query-input\":{\"@type\":\"PropertyValueSpecification\",\"valueRequired\":true,\"valueName\":\"search_term_string\"}}],\"inLanguage\":\"es\"},{\"@type\":\"Organization\",\"@id\":\"https:\\\/\\\/feda.org\\\/feda2k16\\\/#organization\",\"name\":\"FEDA\",\"alternateName\":\"Federaci\u00f3n Espa\u00f1ola de Ajedrez\",\"url\":\"https:\\\/\\\/feda.org\\\/feda2k16\\\/\",\"logo\":{\"@type\":\"ImageObject\",\"inLanguage\":\"es\",\"@id\":\"https:\\\/\\\/feda.org\\\/feda2k16\\\/#\\\/schema\\\/logo\\\/image\\\/\",\"url\":\"https:\\\/\\\/feda.org\\\/feda2k16\\\/wp-content\\\/uploads\\\/NuevoLogo_FEDA_2016.png\",\"contentUrl\":\"https:\\\/\\\/feda.org\\\/feda2k16\\\/wp-content\\\/uploads\\\/NuevoLogo_FEDA_2016.png\",\"width\":600,\"height\":600,\"caption\":\"FEDA\"},\"image\":{\"@id\":\"https:\\\/\\\/feda.org\\\/feda2k16\\\/#\\\/schema\\\/logo\\\/image\\\/\"},\"sameAs\":[\"https:\\\/\\\/www.facebook.com\\\/federacionespanoladeajedrez\\\/\",\"https:\\\/\\\/x.com\\\/AjedrezEspanola\",\"https:\\\/\\\/www.instagram.com\\\/federacionespanolaajedrez\\\/?hl=es\",\"https:\\\/\\\/www.youtube.com\\\/@FederacionEspanoladeAjedrezFED\\\/featured\"]},{\"@type\":\"Person\",\"@id\":\"https:\\\/\\\/feda.org\\\/feda2k16\\\/#\\\/schema\\\/person\\\/80aa48a4dc5c6ea03ca1dbf21ce423da\",\"name\":\"feda2k16\",\"url\":\"https:\\\/\\\/feda.org\\\/feda2k16\\\/author\\\/feda2k16\\\/\"}]}<\/script>\n<!-- \/ Yoast SEO plugin. -->","yoast_head_json":{"title":"Elecciones 2024 - FEDA","description":"FEDA, Federaci\u00f3n Espa\u00f1ola de Ajedrez, ajedrez madrid, federarse ajedrez, campeonato de Espa\u00f1a de ajedrez, ajedrez","robots":{"index":"index","follow":"follow","max-snippet":"max-snippet:-1","max-image-preview":"max-image-preview:large","max-video-preview":"max-video-preview:-1"},"canonical":"https:\/\/feda.org\/feda2k16\/proceso-electoral-2024\/","og_locale":"es_ES","og_type":"article","og_title":"Elecciones 2024 - FEDA","og_description":"FEDA, Federaci\u00f3n Espa\u00f1ola de Ajedrez, ajedrez madrid, federarse ajedrez, campeonato de Espa\u00f1a de ajedrez, ajedrez","og_url":"https:\/\/feda.org\/feda2k16\/proceso-electoral-2024\/","og_site_name":"FEDA","article_publisher":"https:\/\/www.facebook.com\/federacionespanoladeajedrez\/","article_published_time":"2024-02-22T19:02:38+00:00","article_modified_time":"2024-12-15T12:23:47+00:00","author":"feda2k16","twitter_card":"summary_large_image","twitter_creator":"@AjedrezEspanola","twitter_site":"@AjedrezEspanola","twitter_misc":{"Escrito por":"feda2k16","Tiempo de lectura":"4 minutos"},"schema":{"@context":"https:\/\/schema.org","@graph":[{"@type":"Article","@id":"https:\/\/feda.org\/feda2k16\/proceso-electoral-2024\/#article","isPartOf":{"@id":"https:\/\/feda.org\/feda2k16\/proceso-electoral-2024\/"},"author":{"name":"feda2k16","@id":"https:\/\/feda.org\/feda2k16\/#\/schema\/person\/80aa48a4dc5c6ea03ca1dbf21ce423da"},"headline":"Elecciones 2024","datePublished":"2024-02-22T19:02:38+00:00","dateModified":"2024-12-15T12:23:47+00:00","mainEntityOfPage":{"@id":"https:\/\/feda.org\/feda2k16\/proceso-electoral-2024\/"},"wordCount":842,"publisher":{"@id":"https:\/\/feda.org\/feda2k16\/#organization"},"articleSection":["Noticias"],"inLanguage":"es"},{"@type":"WebPage","@id":"https:\/\/feda.org\/feda2k16\/proceso-electoral-2024\/","url":"https:\/\/feda.org\/feda2k16\/proceso-electoral-2024\/","name":"Elecciones 2024 - FEDA","isPartOf":{"@id":"https:\/\/feda.org\/feda2k16\/#website"},"datePublished":"2024-02-22T19:02:38+00:00","dateModified":"2024-12-15T12:23:47+00:00","description":"FEDA, Federaci\u00f3n Espa\u00f1ola de Ajedrez, ajedrez madrid, federarse ajedrez, campeonato de Espa\u00f1a de ajedrez, ajedrez","breadcrumb":{"@id":"https:\/\/feda.org\/feda2k16\/proceso-electoral-2024\/#breadcrumb"},"inLanguage":"es","potentialAction":[{"@type":"ReadAction","target":["https:\/\/feda.org\/feda2k16\/proceso-electoral-2024\/"]}]},{"@type":"BreadcrumbList","@id":"https:\/\/feda.org\/feda2k16\/proceso-electoral-2024\/#breadcrumb","itemListElement":[{"@type":"ListItem","position":1,"name":"Portada","item":"https:\/\/feda.org\/feda2k16\/"},{"@type":"ListItem","position":2,"name":"Elecciones 2024"}]},{"@type":"WebSite","@id":"https:\/\/feda.org\/feda2k16\/#website","url":"https:\/\/feda.org\/feda2k16\/","name":"FEDA","description":"Federaci\u00f3n Espa\u00f1ola de Ajedrez","publisher":{"@id":"https:\/\/feda.org\/feda2k16\/#organization"},"alternateName":"Federaci\u00f3n Espa\u00f1ola de Ajedrez","potentialAction":[{"@type":"SearchAction","target":{"@type":"EntryPoint","urlTemplate":"https:\/\/feda.org\/feda2k16\/?s={search_term_string}"},"query-input":{"@type":"PropertyValueSpecification","valueRequired":true,"valueName":"search_term_string"}}],"inLanguage":"es"},{"@type":"Organization","@id":"https:\/\/feda.org\/feda2k16\/#organization","name":"FEDA","alternateName":"Federaci\u00f3n Espa\u00f1ola de Ajedrez","url":"https:\/\/feda.org\/feda2k16\/","logo":{"@type":"ImageObject","inLanguage":"es","@id":"https:\/\/feda.org\/feda2k16\/#\/schema\/logo\/image\/","url":"https:\/\/feda.org\/feda2k16\/wp-content\/uploads\/NuevoLogo_FEDA_2016.png","contentUrl":"https:\/\/feda.org\/feda2k16\/wp-content\/uploads\/NuevoLogo_FEDA_2016.png","width":600,"height":600,"caption":"FEDA"},"image":{"@id":"https:\/\/feda.org\/feda2k16\/#\/schema\/logo\/image\/"},"sameAs":["https:\/\/www.facebook.com\/federacionespanoladeajedrez\/","https:\/\/x.com\/AjedrezEspanola","https:\/\/www.instagram.com\/federacionespanolaajedrez\/?hl=es","https:\/\/www.youtube.com\/@FederacionEspanoladeAjedrezFED\/featured"]},{"@type":"Person","@id":"https:\/\/feda.org\/feda2k16\/#\/schema\/person\/80aa48a4dc5c6ea03ca1dbf21ce423da","name":"feda2k16","url":"https:\/\/feda.org\/feda2k16\/author\/feda2k16\/"}]}},"_links":{"self":[{"href":"https:\/\/feda.org\/feda2k16\/wp-json\/wp\/v2\/posts\/23387","targetHints":{"allow":["GET"]}}],"collection":[{"href":"https:\/\/feda.org\/feda2k16\/wp-json\/wp\/v2\/posts"}],"about":[{"href":"https:\/\/feda.org\/feda2k16\/wp-json\/wp\/v2\/types\/post"}],"author":[{"embeddable":true,"href":"https:\/\/feda.org\/feda2k16\/wp-json\/wp\/v2\/users\/1"}],"replies":[{"embeddable":true,"href":"https:\/\/feda.org\/feda2k16\/wp-json\/wp\/v2\/comments?post=23387"}],"version-history":[{"count":115,"href":"https:\/\/feda.org\/feda2k16\/wp-json\/wp\/v2\/posts\/23387\/revisions"}],"predecessor-version":[{"id":25303,"href":"https:\/\/feda.org\/feda2k16\/wp-json\/wp\/v2\/posts\/23387\/revisions\/25303"}],"wp:attachment":[{"href":"https:\/\/feda.org\/feda2k16\/wp-json\/wp\/v2\/media?parent=23387"}],"wp:term":[{"taxonomy":"category","embeddable":true,"href":"https:\/\/feda.org\/feda2k16\/wp-json\/wp\/v2\/categories?post=23387"},{"taxonomy":"post_tag","embeddable":true,"href":"https:\/\/feda.org\/feda2k16\/wp-json\/wp\/v2\/tags?post=23387"}],"curies":[{"name":"wp","href":"https:\/\/api.w.org\/{rel}","templated":true}]}}