{"id":24658,"date":"2024-08-31T19:21:57","date_gmt":"2024-08-31T19:21:57","guid":{"rendered":"https:\/\/feda.org\/feda2k16\/?p=24658"},"modified":"2024-09-01T16:38:40","modified_gmt":"2024-09-01T16:38:40","slug":"timofei-demchenko-sub-campeon-de-europa-categoria-sub-08","status":"publish","type":"post","link":"https:\/\/feda.org\/feda2k16\/timofei-demchenko-sub-campeon-de-europa-categoria-sub-08\/","title":{"rendered":"Timofei Demchenko, Subcampe\u00f3n de Europa categor\u00eda Sub 08."},"content":{"rendered":"<div class=\"wp-block-image\">\n<figure class=\"aligncenter size-full is-resized\"><img fetchpriority=\"high\" decoding=\"async\" width=\"1911\" height=\"1339\" src=\"https:\/\/feda.org\/feda2k16\/wp-content\/uploads\/4cbf5270-3d43-4c09-b2f7-73a0936f46ff.jpg\" alt=\"\" class=\"wp-image-24657\" style=\"width:861px;height:auto\" srcset=\"https:\/\/feda.org\/feda2k16\/wp-content\/uploads\/4cbf5270-3d43-4c09-b2f7-73a0936f46ff.jpg 1911w, https:\/\/feda.org\/feda2k16\/wp-content\/uploads\/4cbf5270-3d43-4c09-b2f7-73a0936f46ff-768x538.jpg 768w, https:\/\/feda.org\/feda2k16\/wp-content\/uploads\/4cbf5270-3d43-4c09-b2f7-73a0936f46ff-1536x1076.jpg 1536w\" sizes=\"(max-width: 1911px) 100vw, 1911px\" \/><\/figure>\n<\/div>\n\n\n<p>Timofei Demchenko es medalla de plata Sub 08 en el Campeonato Europeo celebrado en Praga del 22 al 31 de Agosto del 2024. Muy buena actuaci\u00f3n de la Delegaci\u00f3n Espa\u00f1ola en general donde tambi\u00e9n brillaron Javier Habans (4\u00ba categor\u00eda Sub 16), Lorenzo Perea Fuet ( 7\u00ba categor\u00eda Sub 16) y Diego Mac\u00edas Pino (6\u00ba categor\u00eda Sub 18). Enhorabuena a todos por su gran participaci\u00f3n.<\/p>\n<p>\u00a0<\/p>\n<p>\u00a0<\/p>\n\n\n\n<p><img decoding=\"async\" class=\"alignnone size-full wp-image-24660\" src=\"https:\/\/feda.org\/feda2k16\/wp-content\/uploads\/457328740_838519021703902_8436120857934727629_n.jpg\" alt=\"\" width=\"2039\" height=\"1109\" srcset=\"https:\/\/feda.org\/feda2k16\/wp-content\/uploads\/457328740_838519021703902_8436120857934727629_n.jpg 2039w, https:\/\/feda.org\/feda2k16\/wp-content\/uploads\/457328740_838519021703902_8436120857934727629_n-768x418.jpg 768w, https:\/\/feda.org\/feda2k16\/wp-content\/uploads\/457328740_838519021703902_8436120857934727629_n-1536x835.jpg 1536w\" sizes=\"(max-width: 2039px) 100vw, 2039px\" \/><\/p>\n","protected":false},"excerpt":{"rendered":"<p>Timofei Demchenko es medalla de plata Sub 08 en el Campeonato Europeo celebrado en Praga del 22 al 31 de Agosto del 2024. Muy buena actuaci\u00f3n de la Delegaci\u00f3n Espa\u00f1ola en general donde tambi\u00e9n brillaron Javier Habans (4\u00ba categor\u00eda Sub 16), Lorenzo Perea Fuet ( 7\u00ba categor\u00eda Sub 16) y Diego Mac\u00edas Pino (6\u00ba categor\u00eda [&hellip;]<\/p>\n","protected":false},"author":5,"featured_media":0,"comment_status":"closed","ping_status":"closed","sticky":false,"template":"","format":"standard","meta":{"footnotes":""},"categories":[16],"tags":[],"class_list":["post-24658","post","type-post","status-publish","format-standard","hentry","category-noticias"],"yoast_head":"<!-- This site is optimized with the Yoast SEO plugin v27.4 - https:\/\/yoast.com\/product\/yoast-seo-wordpress\/ -->\n<title>Timofei Demchenko, Subcampe\u00f3n de Europa categor\u00eda Sub 08. - FEDA<\/title>\n<meta name=\"description\" content=\"FEDA, Federaci\u00f3n Espa\u00f1ola de Ajedrez, ajedrez madrid, federarse ajedrez, campeonato de Espa\u00f1a de ajedrez, ajedrez\" \/>\n<meta name=\"robots\" content=\"index, follow, max-snippet:-1, max-image-preview:large, max-video-preview:-1\" \/>\n<link rel=\"canonical\" href=\"https:\/\/feda.org\/feda2k16\/timofei-demchenko-sub-campeon-de-europa-categoria-sub-08\/\" \/>\n<meta property=\"og:locale\" content=\"es_ES\" \/>\n<meta property=\"og:type\" content=\"article\" \/>\n<meta property=\"og:title\" content=\"Timofei Demchenko, Subcampe\u00f3n de Europa categor\u00eda Sub 08. - FEDA\" \/>\n<meta property=\"og:description\" content=\"FEDA, Federaci\u00f3n Espa\u00f1ola de Ajedrez, ajedrez madrid, federarse ajedrez, campeonato de Espa\u00f1a de ajedrez, ajedrez\" \/>\n<meta property=\"og:url\" content=\"https:\/\/feda.org\/feda2k16\/timofei-demchenko-sub-campeon-de-europa-categoria-sub-08\/\" \/>\n<meta property=\"og:site_name\" content=\"FEDA\" \/>\n<meta property=\"article:publisher\" content=\"https:\/\/www.facebook.com\/federacionespanoladeajedrez\/\" \/>\n<meta property=\"article:published_time\" content=\"2024-08-31T19:21:57+00:00\" \/>\n<meta property=\"article:modified_time\" content=\"2024-09-01T16:38:40+00:00\" \/>\n<meta property=\"og:image\" content=\"https:\/\/feda.org\/feda2k16\/wp-content\/uploads\/4cbf5270-3d43-4c09-b2f7-73a0936f46ff.jpg\" \/>\n<meta name=\"author\" content=\"elefante66\" \/>\n<meta name=\"twitter:card\" content=\"summary_large_image\" \/>\n<meta name=\"twitter:creator\" content=\"@AjedrezEspanola\" \/>\n<meta name=\"twitter:site\" content=\"@AjedrezEspanola\" \/>\n<meta name=\"twitter:label1\" content=\"Escrito por\" \/>\n\t<meta name=\"twitter:data1\" content=\"elefante66\" \/>\n\t<meta name=\"twitter:label2\" content=\"Tiempo de lectura\" \/>\n\t<meta name=\"twitter:data2\" content=\"1 minuto\" \/>\n<script type=\"application\/ld+json\" class=\"yoast-schema-graph\">{\"@context\":\"https:\\\/\\\/schema.org\",\"@graph\":[{\"@type\":\"Article\",\"@id\":\"https:\\\/\\\/feda.org\\\/feda2k16\\\/timofei-demchenko-sub-campeon-de-europa-categoria-sub-08\\\/#article\",\"isPartOf\":{\"@id\":\"https:\\\/\\\/feda.org\\\/feda2k16\\\/timofei-demchenko-sub-campeon-de-europa-categoria-sub-08\\\/\"},\"author\":{\"name\":\"elefante66\",\"@id\":\"https:\\\/\\\/feda.org\\\/feda2k16\\\/#\\\/schema\\\/person\\\/b39486343e189c77e58d02641385fe29\"},\"headline\":\"Timofei Demchenko, Subcampe\u00f3n de Europa categor\u00eda Sub 08.\",\"datePublished\":\"2024-08-31T19:21:57+00:00\",\"dateModified\":\"2024-09-01T16:38:40+00:00\",\"mainEntityOfPage\":{\"@id\":\"https:\\\/\\\/feda.org\\\/feda2k16\\\/timofei-demchenko-sub-campeon-de-europa-categoria-sub-08\\\/\"},\"wordCount\":71,\"publisher\":{\"@id\":\"https:\\\/\\\/feda.org\\\/feda2k16\\\/#organization\"},\"image\":{\"@id\":\"https:\\\/\\\/feda.org\\\/feda2k16\\\/timofei-demchenko-sub-campeon-de-europa-categoria-sub-08\\\/#primaryimage\"},\"thumbnailUrl\":\"https:\\\/\\\/feda.org\\\/feda2k16\\\/wp-content\\\/uploads\\\/4cbf5270-3d43-4c09-b2f7-73a0936f46ff.jpg\",\"articleSection\":[\"Noticias\"],\"inLanguage\":\"es\"},{\"@type\":\"WebPage\",\"@id\":\"https:\\\/\\\/feda.org\\\/feda2k16\\\/timofei-demchenko-sub-campeon-de-europa-categoria-sub-08\\\/\",\"url\":\"https:\\\/\\\/feda.org\\\/feda2k16\\\/timofei-demchenko-sub-campeon-de-europa-categoria-sub-08\\\/\",\"name\":\"Timofei Demchenko, Subcampe\u00f3n de Europa categor\u00eda Sub 08. - FEDA\",\"isPartOf\":{\"@id\":\"https:\\\/\\\/feda.org\\\/feda2k16\\\/#website\"},\"primaryImageOfPage\":{\"@id\":\"https:\\\/\\\/feda.org\\\/feda2k16\\\/timofei-demchenko-sub-campeon-de-europa-categoria-sub-08\\\/#primaryimage\"},\"image\":{\"@id\":\"https:\\\/\\\/feda.org\\\/feda2k16\\\/timofei-demchenko-sub-campeon-de-europa-categoria-sub-08\\\/#primaryimage\"},\"thumbnailUrl\":\"https:\\\/\\\/feda.org\\\/feda2k16\\\/wp-content\\\/uploads\\\/4cbf5270-3d43-4c09-b2f7-73a0936f46ff.jpg\",\"datePublished\":\"2024-08-31T19:21:57+00:00\",\"dateModified\":\"2024-09-01T16:38:40+00:00\",\"description\":\"FEDA, Federaci\u00f3n Espa\u00f1ola de Ajedrez, ajedrez madrid, federarse ajedrez, campeonato de Espa\u00f1a de ajedrez, ajedrez\",\"breadcrumb\":{\"@id\":\"https:\\\/\\\/feda.org\\\/feda2k16\\\/timofei-demchenko-sub-campeon-de-europa-categoria-sub-08\\\/#breadcrumb\"},\"inLanguage\":\"es\",\"potentialAction\":[{\"@type\":\"ReadAction\",\"target\":[\"https:\\\/\\\/feda.org\\\/feda2k16\\\/timofei-demchenko-sub-campeon-de-europa-categoria-sub-08\\\/\"]}]},{\"@type\":\"ImageObject\",\"inLanguage\":\"es\",\"@id\":\"https:\\\/\\\/feda.org\\\/feda2k16\\\/timofei-demchenko-sub-campeon-de-europa-categoria-sub-08\\\/#primaryimage\",\"url\":\"https:\\\/\\\/feda.org\\\/feda2k16\\\/wp-content\\\/uploads\\\/4cbf5270-3d43-4c09-b2f7-73a0936f46ff.jpg\",\"contentUrl\":\"https:\\\/\\\/feda.org\\\/feda2k16\\\/wp-content\\\/uploads\\\/4cbf5270-3d43-4c09-b2f7-73a0936f46ff.jpg\",\"width\":1911,\"height\":1339},{\"@type\":\"BreadcrumbList\",\"@id\":\"https:\\\/\\\/feda.org\\\/feda2k16\\\/timofei-demchenko-sub-campeon-de-europa-categoria-sub-08\\\/#breadcrumb\",\"itemListElement\":[{\"@type\":\"ListItem\",\"position\":1,\"name\":\"Portada\",\"item\":\"https:\\\/\\\/feda.org\\\/feda2k16\\\/\"},{\"@type\":\"ListItem\",\"position\":2,\"name\":\"Timofei Demchenko, Subcampe\u00f3n de Europa categor\u00eda Sub 08.\"}]},{\"@type\":\"WebSite\",\"@id\":\"https:\\\/\\\/feda.org\\\/feda2k16\\\/#website\",\"url\":\"https:\\\/\\\/feda.org\\\/feda2k16\\\/\",\"name\":\"FEDA\",\"description\":\"Federaci\u00f3n Espa\u00f1ola de Ajedrez\",\"publisher\":{\"@id\":\"https:\\\/\\\/feda.org\\\/feda2k16\\\/#organization\"},\"alternateName\":\"Federaci\u00f3n Espa\u00f1ola de Ajedrez\",\"potentialAction\":[{\"@type\":\"SearchAction\",\"target\":{\"@type\":\"EntryPoint\",\"urlTemplate\":\"https:\\\/\\\/feda.org\\\/feda2k16\\\/?s={search_term_string}\"},\"query-input\":{\"@type\":\"PropertyValueSpecification\",\"valueRequired\":true,\"valueName\":\"search_term_string\"}}],\"inLanguage\":\"es\"},{\"@type\":\"Organization\",\"@id\":\"https:\\\/\\\/feda.org\\\/feda2k16\\\/#organization\",\"name\":\"FEDA\",\"alternateName\":\"Federaci\u00f3n Espa\u00f1ola de Ajedrez\",\"url\":\"https:\\\/\\\/feda.org\\\/feda2k16\\\/\",\"logo\":{\"@type\":\"ImageObject\",\"inLanguage\":\"es\",\"@id\":\"https:\\\/\\\/feda.org\\\/feda2k16\\\/#\\\/schema\\\/logo\\\/image\\\/\",\"url\":\"https:\\\/\\\/feda.org\\\/feda2k16\\\/wp-content\\\/uploads\\\/NuevoLogo_FEDA_2016.png\",\"contentUrl\":\"https:\\\/\\\/feda.org\\\/feda2k16\\\/wp-content\\\/uploads\\\/NuevoLogo_FEDA_2016.png\",\"width\":600,\"height\":600,\"caption\":\"FEDA\"},\"image\":{\"@id\":\"https:\\\/\\\/feda.org\\\/feda2k16\\\/#\\\/schema\\\/logo\\\/image\\\/\"},\"sameAs\":[\"https:\\\/\\\/www.facebook.com\\\/federacionespanoladeajedrez\\\/\",\"https:\\\/\\\/x.com\\\/AjedrezEspanola\",\"https:\\\/\\\/www.instagram.com\\\/federacionespanolaajedrez\\\/?hl=es\",\"https:\\\/\\\/www.youtube.com\\\/@FederacionEspanoladeAjedrezFED\\\/featured\"]},{\"@type\":\"Person\",\"@id\":\"https:\\\/\\\/feda.org\\\/feda2k16\\\/#\\\/schema\\\/person\\\/b39486343e189c77e58d02641385fe29\",\"name\":\"elefante66\",\"url\":\"https:\\\/\\\/feda.org\\\/feda2k16\\\/author\\\/elefante66\\\/\"}]}<\/script>\n<!-- \/ Yoast SEO plugin. -->","yoast_head_json":{"title":"Timofei Demchenko, Subcampe\u00f3n de Europa categor\u00eda Sub 08. - FEDA","description":"FEDA, Federaci\u00f3n Espa\u00f1ola de Ajedrez, ajedrez madrid, federarse ajedrez, campeonato de Espa\u00f1a de ajedrez, ajedrez","robots":{"index":"index","follow":"follow","max-snippet":"max-snippet:-1","max-image-preview":"max-image-preview:large","max-video-preview":"max-video-preview:-1"},"canonical":"https:\/\/feda.org\/feda2k16\/timofei-demchenko-sub-campeon-de-europa-categoria-sub-08\/","og_locale":"es_ES","og_type":"article","og_title":"Timofei Demchenko, Subcampe\u00f3n de Europa categor\u00eda Sub 08. - FEDA","og_description":"FEDA, Federaci\u00f3n Espa\u00f1ola de Ajedrez, ajedrez madrid, federarse ajedrez, campeonato de Espa\u00f1a de ajedrez, ajedrez","og_url":"https:\/\/feda.org\/feda2k16\/timofei-demchenko-sub-campeon-de-europa-categoria-sub-08\/","og_site_name":"FEDA","article_publisher":"https:\/\/www.facebook.com\/federacionespanoladeajedrez\/","article_published_time":"2024-08-31T19:21:57+00:00","article_modified_time":"2024-09-01T16:38:40+00:00","og_image":[{"url":"https:\/\/feda.org\/feda2k16\/wp-content\/uploads\/4cbf5270-3d43-4c09-b2f7-73a0936f46ff.jpg","type":"","width":"","height":""}],"author":"elefante66","twitter_card":"summary_large_image","twitter_creator":"@AjedrezEspanola","twitter_site":"@AjedrezEspanola","twitter_misc":{"Escrito por":"elefante66","Tiempo de lectura":"1 minuto"},"schema":{"@context":"https:\/\/schema.org","@graph":[{"@type":"Article","@id":"https:\/\/feda.org\/feda2k16\/timofei-demchenko-sub-campeon-de-europa-categoria-sub-08\/#article","isPartOf":{"@id":"https:\/\/feda.org\/feda2k16\/timofei-demchenko-sub-campeon-de-europa-categoria-sub-08\/"},"author":{"name":"elefante66","@id":"https:\/\/feda.org\/feda2k16\/#\/schema\/person\/b39486343e189c77e58d02641385fe29"},"headline":"Timofei Demchenko, Subcampe\u00f3n de Europa categor\u00eda Sub 08.","datePublished":"2024-08-31T19:21:57+00:00","dateModified":"2024-09-01T16:38:40+00:00","mainEntityOfPage":{"@id":"https:\/\/feda.org\/feda2k16\/timofei-demchenko-sub-campeon-de-europa-categoria-sub-08\/"},"wordCount":71,"publisher":{"@id":"https:\/\/feda.org\/feda2k16\/#organization"},"image":{"@id":"https:\/\/feda.org\/feda2k16\/timofei-demchenko-sub-campeon-de-europa-categoria-sub-08\/#primaryimage"},"thumbnailUrl":"https:\/\/feda.org\/feda2k16\/wp-content\/uploads\/4cbf5270-3d43-4c09-b2f7-73a0936f46ff.jpg","articleSection":["Noticias"],"inLanguage":"es"},{"@type":"WebPage","@id":"https:\/\/feda.org\/feda2k16\/timofei-demchenko-sub-campeon-de-europa-categoria-sub-08\/","url":"https:\/\/feda.org\/feda2k16\/timofei-demchenko-sub-campeon-de-europa-categoria-sub-08\/","name":"Timofei Demchenko, Subcampe\u00f3n de Europa categor\u00eda Sub 08. - FEDA","isPartOf":{"@id":"https:\/\/feda.org\/feda2k16\/#website"},"primaryImageOfPage":{"@id":"https:\/\/feda.org\/feda2k16\/timofei-demchenko-sub-campeon-de-europa-categoria-sub-08\/#primaryimage"},"image":{"@id":"https:\/\/feda.org\/feda2k16\/timofei-demchenko-sub-campeon-de-europa-categoria-sub-08\/#primaryimage"},"thumbnailUrl":"https:\/\/feda.org\/feda2k16\/wp-content\/uploads\/4cbf5270-3d43-4c09-b2f7-73a0936f46ff.jpg","datePublished":"2024-08-31T19:21:57+00:00","dateModified":"2024-09-01T16:38:40+00:00","description":"FEDA, Federaci\u00f3n Espa\u00f1ola de Ajedrez, ajedrez madrid, federarse ajedrez, campeonato de Espa\u00f1a de ajedrez, ajedrez","breadcrumb":{"@id":"https:\/\/feda.org\/feda2k16\/timofei-demchenko-sub-campeon-de-europa-categoria-sub-08\/#breadcrumb"},"inLanguage":"es","potentialAction":[{"@type":"ReadAction","target":["https:\/\/feda.org\/feda2k16\/timofei-demchenko-sub-campeon-de-europa-categoria-sub-08\/"]}]},{"@type":"ImageObject","inLanguage":"es","@id":"https:\/\/feda.org\/feda2k16\/timofei-demchenko-sub-campeon-de-europa-categoria-sub-08\/#primaryimage","url":"https:\/\/feda.org\/feda2k16\/wp-content\/uploads\/4cbf5270-3d43-4c09-b2f7-73a0936f46ff.jpg","contentUrl":"https:\/\/feda.org\/feda2k16\/wp-content\/uploads\/4cbf5270-3d43-4c09-b2f7-73a0936f46ff.jpg","width":1911,"height":1339},{"@type":"BreadcrumbList","@id":"https:\/\/feda.org\/feda2k16\/timofei-demchenko-sub-campeon-de-europa-categoria-sub-08\/#breadcrumb","itemListElement":[{"@type":"ListItem","position":1,"name":"Portada","item":"https:\/\/feda.org\/feda2k16\/"},{"@type":"ListItem","position":2,"name":"Timofei Demchenko, Subcampe\u00f3n de Europa categor\u00eda Sub 08."}]},{"@type":"WebSite","@id":"https:\/\/feda.org\/feda2k16\/#website","url":"https:\/\/feda.org\/feda2k16\/","name":"FEDA","description":"Federaci\u00f3n Espa\u00f1ola de Ajedrez","publisher":{"@id":"https:\/\/feda.org\/feda2k16\/#organization"},"alternateName":"Federaci\u00f3n Espa\u00f1ola de Ajedrez","potentialAction":[{"@type":"SearchAction","target":{"@type":"EntryPoint","urlTemplate":"https:\/\/feda.org\/feda2k16\/?s={search_term_string}"},"query-input":{"@type":"PropertyValueSpecification","valueRequired":true,"valueName":"search_term_string"}}],"inLanguage":"es"},{"@type":"Organization","@id":"https:\/\/feda.org\/feda2k16\/#organization","name":"FEDA","alternateName":"Federaci\u00f3n Espa\u00f1ola de Ajedrez","url":"https:\/\/feda.org\/feda2k16\/","logo":{"@type":"ImageObject","inLanguage":"es","@id":"https:\/\/feda.org\/feda2k16\/#\/schema\/logo\/image\/","url":"https:\/\/feda.org\/feda2k16\/wp-content\/uploads\/NuevoLogo_FEDA_2016.png","contentUrl":"https:\/\/feda.org\/feda2k16\/wp-content\/uploads\/NuevoLogo_FEDA_2016.png","width":600,"height":600,"caption":"FEDA"},"image":{"@id":"https:\/\/feda.org\/feda2k16\/#\/schema\/logo\/image\/"},"sameAs":["https:\/\/www.facebook.com\/federacionespanoladeajedrez\/","https:\/\/x.com\/AjedrezEspanola","https:\/\/www.instagram.com\/federacionespanolaajedrez\/?hl=es","https:\/\/www.youtube.com\/@FederacionEspanoladeAjedrezFED\/featured"]},{"@type":"Person","@id":"https:\/\/feda.org\/feda2k16\/#\/schema\/person\/b39486343e189c77e58d02641385fe29","name":"elefante66","url":"https:\/\/feda.org\/feda2k16\/author\/elefante66\/"}]}},"_links":{"self":[{"href":"https:\/\/feda.org\/feda2k16\/wp-json\/wp\/v2\/posts\/24658","targetHints":{"allow":["GET"]}}],"collection":[{"href":"https:\/\/feda.org\/feda2k16\/wp-json\/wp\/v2\/posts"}],"about":[{"href":"https:\/\/feda.org\/feda2k16\/wp-json\/wp\/v2\/types\/post"}],"author":[{"embeddable":true,"href":"https:\/\/feda.org\/feda2k16\/wp-json\/wp\/v2\/users\/5"}],"replies":[{"embeddable":true,"href":"https:\/\/feda.org\/feda2k16\/wp-json\/wp\/v2\/comments?post=24658"}],"version-history":[{"count":4,"href":"https:\/\/feda.org\/feda2k16\/wp-json\/wp\/v2\/posts\/24658\/revisions"}],"predecessor-version":[{"id":24667,"href":"https:\/\/feda.org\/feda2k16\/wp-json\/wp\/v2\/posts\/24658\/revisions\/24667"}],"wp:attachment":[{"href":"https:\/\/feda.org\/feda2k16\/wp-json\/wp\/v2\/media?parent=24658"}],"wp:term":[{"taxonomy":"category","embeddable":true,"href":"https:\/\/feda.org\/feda2k16\/wp-json\/wp\/v2\/categories?post=24658"},{"taxonomy":"post_tag","embeddable":true,"href":"https:\/\/feda.org\/feda2k16\/wp-json\/wp\/v2\/tags?post=24658"}],"curies":[{"name":"wp","href":"https:\/\/api.w.org\/{rel}","templated":true}]}}