{"id":24722,"date":"2024-09-12T06:24:31","date_gmt":"2024-09-12T06:24:31","guid":{"rendered":"https:\/\/feda.org\/feda2k16\/?p=24722"},"modified":"2024-09-12T06:24:33","modified_gmt":"2024-09-12T06:24:33","slug":"45-olimpiada-de-ajedrez-budapest-del-11-al-22-de-septiembre-2024","status":"publish","type":"post","link":"https:\/\/feda.org\/feda2k16\/45-olimpiada-de-ajedrez-budapest-del-11-al-22-de-septiembre-2024\/","title":{"rendered":"45 OLIMPIADA DE AJEDREZ. BUDAPEST, DEL 11 AL 22 DE SEPTIEMBRE 2024"},"content":{"rendered":"\n<p>Ha dado comienzo la 45 Olimpiada de Ajedrez en Budapest, donde Espa\u00f1a participa con las selecciones Absoluta y Femenina.<\/p>\n\n\n\n<p>En categor\u00eda absoluta se parte del n\u00famero 13 del ranking inicial (de 193 pa\u00edses) y el orden del equipo es el siguiente: 1.GM Alexei Shirov, 2.GM David Ant\u00f3n, 3. GM Francisco Vallejo, 4. GM Alan Pichot, 5. GM Jaime Santos. Capit\u00e1n IM David Mart\u00ednez Mart\u00edn<\/p>\n\n\n\n<p>En categor\u00eda femenina el n\u00famero de ranking inicial es el 9 (de 180 pa\u00edses) y la formaci\u00f3n es: 1. IM Sara Khadem, 2. IM Marta Garc\u00eda, 3. IM Sabrina Vega, 4. IM Ann Matnadze, 5. WGM M\u00f3nica Calzetta. Capit\u00e1n GM Iv\u00e1n Salgado L\u00f3pez<\/p>\n\n\n\n<p>En la primera ronda no ha habido sorpresas y ambas selecciones han ganado sus encuentros por 4-0 ante Jamaica (Open) y Botswana (Femenina).<\/p>\n\n\n\n<p><a href=\"https:\/\/feda.org\/feda2k16\/wp-content\/uploads\/WhatsApp-Image-2024-09-11-at-20.06.48-1.jpeg\"><img fetchpriority=\"high\" decoding=\"async\" class=\"aligncenter size-full wp-image-24723\" src=\"https:\/\/feda.org\/feda2k16\/wp-content\/uploads\/WhatsApp-Image-2024-09-11-at-20.06.48-1.jpeg\" alt=\"\" width=\"1600\" height=\"900\" srcset=\"https:\/\/feda.org\/feda2k16\/wp-content\/uploads\/WhatsApp-Image-2024-09-11-at-20.06.48-1.jpeg 1600w, https:\/\/feda.org\/feda2k16\/wp-content\/uploads\/WhatsApp-Image-2024-09-11-at-20.06.48-1-768x432.jpeg 768w, https:\/\/feda.org\/feda2k16\/wp-content\/uploads\/WhatsApp-Image-2024-09-11-at-20.06.48-1-1536x864.jpeg 1536w\" sizes=\"(max-width: 1600px) 100vw, 1600px\" \/><\/a> <a href=\"https:\/\/feda.org\/feda2k16\/wp-content\/uploads\/WhatsApp-Image-2024-09-11-at-20.06.48.jpeg\"><img decoding=\"async\" class=\"aligncenter size-medium wp-image-24724\" src=\"https:\/\/feda.org\/feda2k16\/wp-content\/uploads\/WhatsApp-Image-2024-09-11-at-20.06.48.jpeg\" alt=\"\" width=\"1600\" height=\"900\" srcset=\"https:\/\/feda.org\/feda2k16\/wp-content\/uploads\/WhatsApp-Image-2024-09-11-at-20.06.48.jpeg 1600w, https:\/\/feda.org\/feda2k16\/wp-content\/uploads\/WhatsApp-Image-2024-09-11-at-20.06.48-768x432.jpeg 768w, https:\/\/feda.org\/feda2k16\/wp-content\/uploads\/WhatsApp-Image-2024-09-11-at-20.06.48-1536x864.jpeg 1536w\" sizes=\"(max-width: 1600px) 100vw, 1600px\" \/><\/a><\/p>\n\n\n\n<p>Enlaces de inter\u00e9s:<\/p>\n\n\n\n<p>Web oficial con partidas en directo: <a href=\"https:\/\/chessolympiad2024.fide.com\/\">Home | 45th FIDE Chess Olympiad Budapest 2024<\/a><\/p>\n\n\n\n<p>Emparejamientos y resultados: <a href=\"https:\/\/chess-results.com\/tnr967173.aspx?lan=2&amp;art=0&amp;flag=30\">chess-results<\/a><\/p>\n","protected":false},"excerpt":{"rendered":"<p>Ha dado comienzo la 45 Olimpiada de Ajedrez en Budapest, donde Espa\u00f1a participa con las selecciones Absoluta y Femenina. En categor\u00eda absoluta se parte del n\u00famero 13 del ranking inicial (de 193 pa\u00edses) y el orden del equipo es el siguiente: 1.GM Alexei Shirov, 2.GM David Ant\u00f3n, 3. GM Francisco Vallejo, 4. GM Alan Pichot, [&hellip;]<\/p>\n","protected":false},"author":1,"featured_media":0,"comment_status":"closed","ping_status":"closed","sticky":false,"template":"","format":"standard","meta":{"footnotes":""},"categories":[16],"tags":[],"class_list":["post-24722","post","type-post","status-publish","format-standard","hentry","category-noticias"],"yoast_head":"<!-- This site is optimized with the Yoast SEO plugin v27.5 - https:\/\/yoast.com\/product\/yoast-seo-wordpress\/ -->\n<title>45 OLIMPIADA DE AJEDREZ. BUDAPEST, DEL 11 AL 22 DE SEPTIEMBRE 2024 - FEDA<\/title>\n<meta name=\"description\" content=\"FEDA, Federaci\u00f3n Espa\u00f1ola de Ajedrez, ajedrez madrid, federarse ajedrez, campeonato de Espa\u00f1a de ajedrez, ajedrez\" \/>\n<meta name=\"robots\" content=\"index, follow, max-snippet:-1, max-image-preview:large, max-video-preview:-1\" \/>\n<link rel=\"canonical\" href=\"https:\/\/feda.org\/feda2k16\/45-olimpiada-de-ajedrez-budapest-del-11-al-22-de-septiembre-2024\/\" \/>\n<meta property=\"og:locale\" content=\"es_ES\" \/>\n<meta property=\"og:type\" content=\"article\" \/>\n<meta property=\"og:title\" content=\"45 OLIMPIADA DE AJEDREZ. BUDAPEST, DEL 11 AL 22 DE SEPTIEMBRE 2024 - FEDA\" \/>\n<meta property=\"og:description\" content=\"FEDA, Federaci\u00f3n Espa\u00f1ola de Ajedrez, ajedrez madrid, federarse ajedrez, campeonato de Espa\u00f1a de ajedrez, ajedrez\" \/>\n<meta property=\"og:url\" content=\"https:\/\/feda.org\/feda2k16\/45-olimpiada-de-ajedrez-budapest-del-11-al-22-de-septiembre-2024\/\" \/>\n<meta property=\"og:site_name\" content=\"FEDA\" \/>\n<meta property=\"article:publisher\" content=\"https:\/\/www.facebook.com\/federacionespanoladeajedrez\/\" \/>\n<meta property=\"article:published_time\" content=\"2024-09-12T06:24:31+00:00\" \/>\n<meta property=\"article:modified_time\" content=\"2024-09-12T06:24:33+00:00\" \/>\n<meta property=\"og:image\" content=\"https:\/\/feda.org\/feda2k16\/wp-content\/uploads\/WhatsApp-Image-2024-09-11-at-20.06.48-1.jpeg\" \/>\n<meta name=\"author\" content=\"feda2k16\" \/>\n<meta name=\"twitter:card\" content=\"summary_large_image\" \/>\n<meta name=\"twitter:creator\" content=\"@AjedrezEspanola\" \/>\n<meta name=\"twitter:site\" content=\"@AjedrezEspanola\" \/>\n<meta name=\"twitter:label1\" content=\"Escrito por\" \/>\n\t<meta name=\"twitter:data1\" content=\"feda2k16\" \/>\n\t<meta name=\"twitter:label2\" content=\"Tiempo de lectura\" \/>\n\t<meta name=\"twitter:data2\" content=\"2 minutos\" \/>\n<script type=\"application\/ld+json\" class=\"yoast-schema-graph\">{\"@context\":\"https:\\\/\\\/schema.org\",\"@graph\":[{\"@type\":\"Article\",\"@id\":\"https:\\\/\\\/feda.org\\\/feda2k16\\\/45-olimpiada-de-ajedrez-budapest-del-11-al-22-de-septiembre-2024\\\/#article\",\"isPartOf\":{\"@id\":\"https:\\\/\\\/feda.org\\\/feda2k16\\\/45-olimpiada-de-ajedrez-budapest-del-11-al-22-de-septiembre-2024\\\/\"},\"author\":{\"name\":\"feda2k16\",\"@id\":\"https:\\\/\\\/feda.org\\\/feda2k16\\\/#\\\/schema\\\/person\\\/80aa48a4dc5c6ea03ca1dbf21ce423da\"},\"headline\":\"45 OLIMPIADA DE AJEDREZ. BUDAPEST, DEL 11 AL 22 DE SEPTIEMBRE 2024\",\"datePublished\":\"2024-09-12T06:24:31+00:00\",\"dateModified\":\"2024-09-12T06:24:33+00:00\",\"mainEntityOfPage\":{\"@id\":\"https:\\\/\\\/feda.org\\\/feda2k16\\\/45-olimpiada-de-ajedrez-budapest-del-11-al-22-de-septiembre-2024\\\/\"},\"wordCount\":162,\"publisher\":{\"@id\":\"https:\\\/\\\/feda.org\\\/feda2k16\\\/#organization\"},\"image\":{\"@id\":\"https:\\\/\\\/feda.org\\\/feda2k16\\\/45-olimpiada-de-ajedrez-budapest-del-11-al-22-de-septiembre-2024\\\/#primaryimage\"},\"thumbnailUrl\":\"https:\\\/\\\/feda.org\\\/feda2k16\\\/wp-content\\\/uploads\\\/WhatsApp-Image-2024-09-11-at-20.06.48-1.jpeg\",\"articleSection\":[\"Noticias\"],\"inLanguage\":\"es\"},{\"@type\":\"WebPage\",\"@id\":\"https:\\\/\\\/feda.org\\\/feda2k16\\\/45-olimpiada-de-ajedrez-budapest-del-11-al-22-de-septiembre-2024\\\/\",\"url\":\"https:\\\/\\\/feda.org\\\/feda2k16\\\/45-olimpiada-de-ajedrez-budapest-del-11-al-22-de-septiembre-2024\\\/\",\"name\":\"45 OLIMPIADA DE AJEDREZ. BUDAPEST, DEL 11 AL 22 DE SEPTIEMBRE 2024 - FEDA\",\"isPartOf\":{\"@id\":\"https:\\\/\\\/feda.org\\\/feda2k16\\\/#website\"},\"primaryImageOfPage\":{\"@id\":\"https:\\\/\\\/feda.org\\\/feda2k16\\\/45-olimpiada-de-ajedrez-budapest-del-11-al-22-de-septiembre-2024\\\/#primaryimage\"},\"image\":{\"@id\":\"https:\\\/\\\/feda.org\\\/feda2k16\\\/45-olimpiada-de-ajedrez-budapest-del-11-al-22-de-septiembre-2024\\\/#primaryimage\"},\"thumbnailUrl\":\"https:\\\/\\\/feda.org\\\/feda2k16\\\/wp-content\\\/uploads\\\/WhatsApp-Image-2024-09-11-at-20.06.48-1.jpeg\",\"datePublished\":\"2024-09-12T06:24:31+00:00\",\"dateModified\":\"2024-09-12T06:24:33+00:00\",\"description\":\"FEDA, Federaci\u00f3n Espa\u00f1ola de Ajedrez, ajedrez madrid, federarse ajedrez, campeonato de Espa\u00f1a de ajedrez, ajedrez\",\"breadcrumb\":{\"@id\":\"https:\\\/\\\/feda.org\\\/feda2k16\\\/45-olimpiada-de-ajedrez-budapest-del-11-al-22-de-septiembre-2024\\\/#breadcrumb\"},\"inLanguage\":\"es\",\"potentialAction\":[{\"@type\":\"ReadAction\",\"target\":[\"https:\\\/\\\/feda.org\\\/feda2k16\\\/45-olimpiada-de-ajedrez-budapest-del-11-al-22-de-septiembre-2024\\\/\"]}]},{\"@type\":\"ImageObject\",\"inLanguage\":\"es\",\"@id\":\"https:\\\/\\\/feda.org\\\/feda2k16\\\/45-olimpiada-de-ajedrez-budapest-del-11-al-22-de-septiembre-2024\\\/#primaryimage\",\"url\":\"https:\\\/\\\/feda.org\\\/feda2k16\\\/wp-content\\\/uploads\\\/WhatsApp-Image-2024-09-11-at-20.06.48-1.jpeg\",\"contentUrl\":\"https:\\\/\\\/feda.org\\\/feda2k16\\\/wp-content\\\/uploads\\\/WhatsApp-Image-2024-09-11-at-20.06.48-1.jpeg\"},{\"@type\":\"BreadcrumbList\",\"@id\":\"https:\\\/\\\/feda.org\\\/feda2k16\\\/45-olimpiada-de-ajedrez-budapest-del-11-al-22-de-septiembre-2024\\\/#breadcrumb\",\"itemListElement\":[{\"@type\":\"ListItem\",\"position\":1,\"name\":\"Portada\",\"item\":\"https:\\\/\\\/feda.org\\\/feda2k16\\\/\"},{\"@type\":\"ListItem\",\"position\":2,\"name\":\"45 OLIMPIADA DE AJEDREZ. BUDAPEST, DEL 11 AL 22 DE SEPTIEMBRE 2024\"}]},{\"@type\":\"WebSite\",\"@id\":\"https:\\\/\\\/feda.org\\\/feda2k16\\\/#website\",\"url\":\"https:\\\/\\\/feda.org\\\/feda2k16\\\/\",\"name\":\"FEDA\",\"description\":\"Federaci\u00f3n Espa\u00f1ola de Ajedrez\",\"publisher\":{\"@id\":\"https:\\\/\\\/feda.org\\\/feda2k16\\\/#organization\"},\"alternateName\":\"Federaci\u00f3n Espa\u00f1ola de Ajedrez\",\"potentialAction\":[{\"@type\":\"SearchAction\",\"target\":{\"@type\":\"EntryPoint\",\"urlTemplate\":\"https:\\\/\\\/feda.org\\\/feda2k16\\\/?s={search_term_string}\"},\"query-input\":{\"@type\":\"PropertyValueSpecification\",\"valueRequired\":true,\"valueName\":\"search_term_string\"}}],\"inLanguage\":\"es\"},{\"@type\":\"Organization\",\"@id\":\"https:\\\/\\\/feda.org\\\/feda2k16\\\/#organization\",\"name\":\"FEDA\",\"alternateName\":\"Federaci\u00f3n Espa\u00f1ola de Ajedrez\",\"url\":\"https:\\\/\\\/feda.org\\\/feda2k16\\\/\",\"logo\":{\"@type\":\"ImageObject\",\"inLanguage\":\"es\",\"@id\":\"https:\\\/\\\/feda.org\\\/feda2k16\\\/#\\\/schema\\\/logo\\\/image\\\/\",\"url\":\"https:\\\/\\\/feda.org\\\/feda2k16\\\/wp-content\\\/uploads\\\/NuevoLogo_FEDA_2016.png\",\"contentUrl\":\"https:\\\/\\\/feda.org\\\/feda2k16\\\/wp-content\\\/uploads\\\/NuevoLogo_FEDA_2016.png\",\"width\":600,\"height\":600,\"caption\":\"FEDA\"},\"image\":{\"@id\":\"https:\\\/\\\/feda.org\\\/feda2k16\\\/#\\\/schema\\\/logo\\\/image\\\/\"},\"sameAs\":[\"https:\\\/\\\/www.facebook.com\\\/federacionespanoladeajedrez\\\/\",\"https:\\\/\\\/x.com\\\/AjedrezEspanola\",\"https:\\\/\\\/www.instagram.com\\\/federacionespanolaajedrez\\\/?hl=es\",\"https:\\\/\\\/www.youtube.com\\\/@FederacionEspanoladeAjedrezFED\\\/featured\"]},{\"@type\":\"Person\",\"@id\":\"https:\\\/\\\/feda.org\\\/feda2k16\\\/#\\\/schema\\\/person\\\/80aa48a4dc5c6ea03ca1dbf21ce423da\",\"name\":\"feda2k16\",\"url\":\"https:\\\/\\\/feda.org\\\/feda2k16\\\/author\\\/feda2k16\\\/\"}]}<\/script>\n<!-- \/ Yoast SEO plugin. -->","yoast_head_json":{"title":"45 OLIMPIADA DE AJEDREZ. BUDAPEST, DEL 11 AL 22 DE SEPTIEMBRE 2024 - FEDA","description":"FEDA, Federaci\u00f3n Espa\u00f1ola de Ajedrez, ajedrez madrid, federarse ajedrez, campeonato de Espa\u00f1a de ajedrez, ajedrez","robots":{"index":"index","follow":"follow","max-snippet":"max-snippet:-1","max-image-preview":"max-image-preview:large","max-video-preview":"max-video-preview:-1"},"canonical":"https:\/\/feda.org\/feda2k16\/45-olimpiada-de-ajedrez-budapest-del-11-al-22-de-septiembre-2024\/","og_locale":"es_ES","og_type":"article","og_title":"45 OLIMPIADA DE AJEDREZ. BUDAPEST, DEL 11 AL 22 DE SEPTIEMBRE 2024 - FEDA","og_description":"FEDA, Federaci\u00f3n Espa\u00f1ola de Ajedrez, ajedrez madrid, federarse ajedrez, campeonato de Espa\u00f1a de ajedrez, ajedrez","og_url":"https:\/\/feda.org\/feda2k16\/45-olimpiada-de-ajedrez-budapest-del-11-al-22-de-septiembre-2024\/","og_site_name":"FEDA","article_publisher":"https:\/\/www.facebook.com\/federacionespanoladeajedrez\/","article_published_time":"2024-09-12T06:24:31+00:00","article_modified_time":"2024-09-12T06:24:33+00:00","og_image":[{"url":"https:\/\/feda.org\/feda2k16\/wp-content\/uploads\/WhatsApp-Image-2024-09-11-at-20.06.48-1.jpeg","type":"","width":"","height":""}],"author":"feda2k16","twitter_card":"summary_large_image","twitter_creator":"@AjedrezEspanola","twitter_site":"@AjedrezEspanola","twitter_misc":{"Escrito por":"feda2k16","Tiempo de lectura":"2 minutos"},"schema":{"@context":"https:\/\/schema.org","@graph":[{"@type":"Article","@id":"https:\/\/feda.org\/feda2k16\/45-olimpiada-de-ajedrez-budapest-del-11-al-22-de-septiembre-2024\/#article","isPartOf":{"@id":"https:\/\/feda.org\/feda2k16\/45-olimpiada-de-ajedrez-budapest-del-11-al-22-de-septiembre-2024\/"},"author":{"name":"feda2k16","@id":"https:\/\/feda.org\/feda2k16\/#\/schema\/person\/80aa48a4dc5c6ea03ca1dbf21ce423da"},"headline":"45 OLIMPIADA DE AJEDREZ. BUDAPEST, DEL 11 AL 22 DE SEPTIEMBRE 2024","datePublished":"2024-09-12T06:24:31+00:00","dateModified":"2024-09-12T06:24:33+00:00","mainEntityOfPage":{"@id":"https:\/\/feda.org\/feda2k16\/45-olimpiada-de-ajedrez-budapest-del-11-al-22-de-septiembre-2024\/"},"wordCount":162,"publisher":{"@id":"https:\/\/feda.org\/feda2k16\/#organization"},"image":{"@id":"https:\/\/feda.org\/feda2k16\/45-olimpiada-de-ajedrez-budapest-del-11-al-22-de-septiembre-2024\/#primaryimage"},"thumbnailUrl":"https:\/\/feda.org\/feda2k16\/wp-content\/uploads\/WhatsApp-Image-2024-09-11-at-20.06.48-1.jpeg","articleSection":["Noticias"],"inLanguage":"es"},{"@type":"WebPage","@id":"https:\/\/feda.org\/feda2k16\/45-olimpiada-de-ajedrez-budapest-del-11-al-22-de-septiembre-2024\/","url":"https:\/\/feda.org\/feda2k16\/45-olimpiada-de-ajedrez-budapest-del-11-al-22-de-septiembre-2024\/","name":"45 OLIMPIADA DE AJEDREZ. BUDAPEST, DEL 11 AL 22 DE SEPTIEMBRE 2024 - FEDA","isPartOf":{"@id":"https:\/\/feda.org\/feda2k16\/#website"},"primaryImageOfPage":{"@id":"https:\/\/feda.org\/feda2k16\/45-olimpiada-de-ajedrez-budapest-del-11-al-22-de-septiembre-2024\/#primaryimage"},"image":{"@id":"https:\/\/feda.org\/feda2k16\/45-olimpiada-de-ajedrez-budapest-del-11-al-22-de-septiembre-2024\/#primaryimage"},"thumbnailUrl":"https:\/\/feda.org\/feda2k16\/wp-content\/uploads\/WhatsApp-Image-2024-09-11-at-20.06.48-1.jpeg","datePublished":"2024-09-12T06:24:31+00:00","dateModified":"2024-09-12T06:24:33+00:00","description":"FEDA, Federaci\u00f3n Espa\u00f1ola de Ajedrez, ajedrez madrid, federarse ajedrez, campeonato de Espa\u00f1a de ajedrez, ajedrez","breadcrumb":{"@id":"https:\/\/feda.org\/feda2k16\/45-olimpiada-de-ajedrez-budapest-del-11-al-22-de-septiembre-2024\/#breadcrumb"},"inLanguage":"es","potentialAction":[{"@type":"ReadAction","target":["https:\/\/feda.org\/feda2k16\/45-olimpiada-de-ajedrez-budapest-del-11-al-22-de-septiembre-2024\/"]}]},{"@type":"ImageObject","inLanguage":"es","@id":"https:\/\/feda.org\/feda2k16\/45-olimpiada-de-ajedrez-budapest-del-11-al-22-de-septiembre-2024\/#primaryimage","url":"https:\/\/feda.org\/feda2k16\/wp-content\/uploads\/WhatsApp-Image-2024-09-11-at-20.06.48-1.jpeg","contentUrl":"https:\/\/feda.org\/feda2k16\/wp-content\/uploads\/WhatsApp-Image-2024-09-11-at-20.06.48-1.jpeg"},{"@type":"BreadcrumbList","@id":"https:\/\/feda.org\/feda2k16\/45-olimpiada-de-ajedrez-budapest-del-11-al-22-de-septiembre-2024\/#breadcrumb","itemListElement":[{"@type":"ListItem","position":1,"name":"Portada","item":"https:\/\/feda.org\/feda2k16\/"},{"@type":"ListItem","position":2,"name":"45 OLIMPIADA DE AJEDREZ. BUDAPEST, DEL 11 AL 22 DE SEPTIEMBRE 2024"}]},{"@type":"WebSite","@id":"https:\/\/feda.org\/feda2k16\/#website","url":"https:\/\/feda.org\/feda2k16\/","name":"FEDA","description":"Federaci\u00f3n Espa\u00f1ola de Ajedrez","publisher":{"@id":"https:\/\/feda.org\/feda2k16\/#organization"},"alternateName":"Federaci\u00f3n Espa\u00f1ola de Ajedrez","potentialAction":[{"@type":"SearchAction","target":{"@type":"EntryPoint","urlTemplate":"https:\/\/feda.org\/feda2k16\/?s={search_term_string}"},"query-input":{"@type":"PropertyValueSpecification","valueRequired":true,"valueName":"search_term_string"}}],"inLanguage":"es"},{"@type":"Organization","@id":"https:\/\/feda.org\/feda2k16\/#organization","name":"FEDA","alternateName":"Federaci\u00f3n Espa\u00f1ola de Ajedrez","url":"https:\/\/feda.org\/feda2k16\/","logo":{"@type":"ImageObject","inLanguage":"es","@id":"https:\/\/feda.org\/feda2k16\/#\/schema\/logo\/image\/","url":"https:\/\/feda.org\/feda2k16\/wp-content\/uploads\/NuevoLogo_FEDA_2016.png","contentUrl":"https:\/\/feda.org\/feda2k16\/wp-content\/uploads\/NuevoLogo_FEDA_2016.png","width":600,"height":600,"caption":"FEDA"},"image":{"@id":"https:\/\/feda.org\/feda2k16\/#\/schema\/logo\/image\/"},"sameAs":["https:\/\/www.facebook.com\/federacionespanoladeajedrez\/","https:\/\/x.com\/AjedrezEspanola","https:\/\/www.instagram.com\/federacionespanolaajedrez\/?hl=es","https:\/\/www.youtube.com\/@FederacionEspanoladeAjedrezFED\/featured"]},{"@type":"Person","@id":"https:\/\/feda.org\/feda2k16\/#\/schema\/person\/80aa48a4dc5c6ea03ca1dbf21ce423da","name":"feda2k16","url":"https:\/\/feda.org\/feda2k16\/author\/feda2k16\/"}]}},"_links":{"self":[{"href":"https:\/\/feda.org\/feda2k16\/wp-json\/wp\/v2\/posts\/24722","targetHints":{"allow":["GET"]}}],"collection":[{"href":"https:\/\/feda.org\/feda2k16\/wp-json\/wp\/v2\/posts"}],"about":[{"href":"https:\/\/feda.org\/feda2k16\/wp-json\/wp\/v2\/types\/post"}],"author":[{"embeddable":true,"href":"https:\/\/feda.org\/feda2k16\/wp-json\/wp\/v2\/users\/1"}],"replies":[{"embeddable":true,"href":"https:\/\/feda.org\/feda2k16\/wp-json\/wp\/v2\/comments?post=24722"}],"version-history":[{"count":1,"href":"https:\/\/feda.org\/feda2k16\/wp-json\/wp\/v2\/posts\/24722\/revisions"}],"predecessor-version":[{"id":24725,"href":"https:\/\/feda.org\/feda2k16\/wp-json\/wp\/v2\/posts\/24722\/revisions\/24725"}],"wp:attachment":[{"href":"https:\/\/feda.org\/feda2k16\/wp-json\/wp\/v2\/media?parent=24722"}],"wp:term":[{"taxonomy":"category","embeddable":true,"href":"https:\/\/feda.org\/feda2k16\/wp-json\/wp\/v2\/categories?post=24722"},{"taxonomy":"post_tag","embeddable":true,"href":"https:\/\/feda.org\/feda2k16\/wp-json\/wp\/v2\/tags?post=24722"}],"curies":[{"name":"wp","href":"https:\/\/api.w.org\/{rel}","templated":true}]}}