{"id":24910,"date":"2024-10-18T18:05:43","date_gmt":"2024-10-18T18:05:43","guid":{"rendered":"https:\/\/feda.org\/feda2k16\/?p=24910"},"modified":"2024-10-18T18:09:02","modified_gmt":"2024-10-18T18:09:02","slug":"division-de-honor-melilla-ronda-7-final","status":"publish","type":"post","link":"https:\/\/feda.org\/feda2k16\/division-de-honor-melilla-ronda-7-final\/","title":{"rendered":"Divisi\u00f3n de Honor Melilla, ronda 7. FINAL"},"content":{"rendered":"\n<p><strong>\u00a0<\/strong>En un final muy emocionante y tenso, con tres equipos luchando por convertirse en campeones de Espa\u00f1a, fue el equipo Duobeniajan Costa C\u00e1lida quien consigui\u00f3 el t\u00edtulo, siendo el \u00fanico de los tres que logr\u00f3 ganar su encuentro.<\/p>\n<p><img fetchpriority=\"high\" decoding=\"async\" class=\"alignnone size-full wp-image-24906\" src=\"https:\/\/feda.org\/feda2k16\/wp-content\/uploads\/PAT_4220-scaled.jpg\" alt=\"\" width=\"2560\" height=\"1497\" srcset=\"https:\/\/feda.org\/feda2k16\/wp-content\/uploads\/PAT_4220-scaled.jpg 2560w, https:\/\/feda.org\/feda2k16\/wp-content\/uploads\/PAT_4220-768x449.jpg 768w, https:\/\/feda.org\/feda2k16\/wp-content\/uploads\/PAT_4220-1536x898.jpg 1536w, https:\/\/feda.org\/feda2k16\/wp-content\/uploads\/PAT_4220-2048x1198.jpg 2048w\" sizes=\"(max-width: 2560px) 100vw, 2560px\" \/><\/p>\n<p>En la foto: Podio del Campeonato 1\u00ba Duobeniajan Costa C\u00e1lida, 2\u00ba Myinvestor Casablanca y <span style=\"font-size: revert; color: initial;\">\u00a0<span style=\"color: #ffffff;\">3\u00ba C.A. Silla &#8211; Integrant Col-lectius.<\/span><\/span><\/p>\n<p>Duobeniajan venci\u00f3 a Magic Extremadura por 4-2. En los primeros cuatro tableros, los jugadores hicieron tablas, pero en los \u00faltimos dos, el GM Jos\u00e9 Francisco Cuenca Jim\u00e9nez y el MI Marcos Camacho Collados lograron victorias clave. Lo notable es que ambos jugadores ganaron sus dos y tres \u00faltimas partidas, respectivamente, justo cuando m\u00e1s se necesitaba.<\/p>\n<p>El equipo que lider\u00f3 la mayor parte del campeonato, Myinvestor Casablanca, no pudo ganar su \u00faltimo encuentro contra FCC Medio Ambiente Benalm\u00e1dena. El empate 3-3 no dej\u00f3 satisfecho a nadie: Myinvestor qued\u00f3 segundo en la clasificaci\u00f3n final, perdiendo el t\u00edtulo, mientras que FCC Medio Ambiente Benalm\u00e1dena termin\u00f3 en s\u00e9ptimo lugar, lo que signific\u00f3 su descenso a primera divisi\u00f3n. El GM Miguel Illescas C\u00f3rdoba gan\u00f3 su primera partida en el campeonato y la MI Sabrina Vega Guti\u00e9rrez consigui\u00f3 su tercera victoria, pero las derrotas en el primer tablero, donde el GM Pranav venci\u00f3 al GM David Ant\u00f3n Guijarro, y en el quinto, donde el MI Yingrui Lin super\u00f3 al GM Pedro Antonio Gin\u00e9s Esteo, llevaron a un empate en el match.<\/p>\n<p>El tercer contendiente antes de la \u00faltima ronda, C.A. Silla Integrant Collectius, perdi\u00f3 ante C.A. Solvay por 3.5-2.5. El GM Chitambaram Aravindh derrot\u00f3 al GM Kiril Alekseenko y el MI Enrique Tejedor Fuente venci\u00f3 a Jes\u00fas Alberto Valera Raga, mientras que la \u00fanica victoria para Silla la consigui\u00f3 el GM Daniil Yuffa contra el GM Lance Henderson de La Fuente.<\/p>\n<p>El \u00faltimo encuentro fue entre Andreu Paterna y Sestao Hotel Naval, y termin\u00f3 en empate 3-3. El GM Shamsiddin Vokhidov y el MI Diego Mac\u00edas Pino ganaron sus partidas por Andreu Paterna, mientras que el GM Abhimanyu Puranik y la MI Karina Ambartsumova lo hicieron por Sestao Hotel Naval.<\/p>\n<p>La clasificaci\u00f3n final fue la siguiente:<\/p>\n<ol>\n<li>Duobeniajan Costa C\u00e1lida &#8211; 10 puntos<\/li>\n<li>Myinvestor Casablanca &#8211; 9 puntos<\/li>\n<li>A. Silla \u2013 Integrant Collectius &#8211; 8 puntos<\/li>\n<li>A. Solvay \u2013 8 puntos<\/li>\n<li>Magic Extremadura \u2013 7 puntos<\/li>\n<li>Sestao Hotel Naval \u2013 6 puntos<\/li>\n<li>FCC Medio Ambiente Benalm\u00e1dena \u2013 5 puntos<\/li>\n<li>Andreu Paterna \u2013 3 puntos<\/li>\n<\/ol>\n<p><img decoding=\"async\" class=\"size-full wp-image-24911 alignright\" src=\"https:\/\/feda.org\/feda2k16\/wp-content\/uploads\/Sin-titulo-6.png\" alt=\"\" width=\"387\" height=\"387\" \/><\/p>\n<p>\u00a0<\/p>\n<p>La victoria del GM Miguel Illescas C\u00f3rdoba contra el MI Paolo Ladr\u00f3n de Guevara Pinto fue brusca.<\/p>\n<p>En una posici\u00f3n dif\u00edcil, las blancas olvidaron que, tras 55.Tb1?? Cxd3, el caballo tambi\u00e9n defend\u00eda la torre en b4.<\/p>\n<p>Redactado por:\u00a0GM Alex Colovic<\/p>\n\n\n\n\n\n<p style=\"text-align: center;\">Clasificaci\u00f3n:<a href=\"https:\/\/info64.org\/team\/ceclub-division-honor-1\/standings\"> INFO64<\/a><\/p>\n<p style=\"text-align: center;\">Galer\u00eda fotogr\u00e1fica:\u00a0 <a href=\"https:\/\/www.facebook.com\/media\/set\/?set=a.869225708633233&amp;type=3\">Facebook FEDA<\/a><\/p>\n","protected":false},"excerpt":{"rendered":"<p>\u00a0En un final muy emocionante y tenso, con tres equipos luchando por convertirse en campeones de Espa\u00f1a, fue el equipo Duobeniajan Costa C\u00e1lida quien consigui\u00f3 el t\u00edtulo, siendo el \u00fanico de los tres que logr\u00f3 ganar su encuentro. En la foto: Podio del Campeonato 1\u00ba Duobeniajan Costa C\u00e1lida, 2\u00ba Myinvestor Casablanca y \u00a03\u00ba C.A. Silla [&hellip;]<\/p>\n","protected":false},"author":5,"featured_media":0,"comment_status":"closed","ping_status":"closed","sticky":false,"template":"","format":"standard","meta":{"footnotes":""},"categories":[16],"tags":[],"class_list":["post-24910","post","type-post","status-publish","format-standard","hentry","category-noticias"],"yoast_head":"<!-- This site is optimized with the Yoast SEO plugin v27.4 - https:\/\/yoast.com\/product\/yoast-seo-wordpress\/ -->\n<title>Divisi\u00f3n de Honor Melilla, ronda 7. FINAL - FEDA<\/title>\n<meta name=\"description\" content=\"FEDA, Federaci\u00f3n Espa\u00f1ola de Ajedrez, ajedrez madrid, federarse ajedrez, campeonato de Espa\u00f1a de ajedrez, ajedrez\" \/>\n<meta name=\"robots\" content=\"index, follow, max-snippet:-1, max-image-preview:large, max-video-preview:-1\" \/>\n<link rel=\"canonical\" href=\"https:\/\/feda.org\/feda2k16\/division-de-honor-melilla-ronda-7-final\/\" \/>\n<meta property=\"og:locale\" content=\"es_ES\" \/>\n<meta property=\"og:type\" content=\"article\" \/>\n<meta property=\"og:title\" content=\"Divisi\u00f3n de Honor Melilla, ronda 7. FINAL - FEDA\" \/>\n<meta property=\"og:description\" content=\"FEDA, Federaci\u00f3n Espa\u00f1ola de Ajedrez, ajedrez madrid, federarse ajedrez, campeonato de Espa\u00f1a de ajedrez, ajedrez\" \/>\n<meta property=\"og:url\" content=\"https:\/\/feda.org\/feda2k16\/division-de-honor-melilla-ronda-7-final\/\" \/>\n<meta property=\"og:site_name\" content=\"FEDA\" \/>\n<meta property=\"article:publisher\" content=\"https:\/\/www.facebook.com\/federacionespanoladeajedrez\/\" \/>\n<meta property=\"article:published_time\" content=\"2024-10-18T18:05:43+00:00\" \/>\n<meta property=\"article:modified_time\" content=\"2024-10-18T18:09:02+00:00\" \/>\n<meta property=\"og:image\" content=\"https:\/\/feda.org\/feda2k16\/wp-content\/uploads\/PAT_4220-scaled.jpg\" \/>\n\t<meta property=\"og:image:width\" content=\"2560\" \/>\n\t<meta property=\"og:image:height\" content=\"1497\" \/>\n\t<meta property=\"og:image:type\" content=\"image\/jpeg\" \/>\n<meta name=\"author\" content=\"elefante66\" \/>\n<meta name=\"twitter:card\" content=\"summary_large_image\" \/>\n<meta name=\"twitter:creator\" content=\"@AjedrezEspanola\" \/>\n<meta name=\"twitter:site\" content=\"@AjedrezEspanola\" \/>\n<meta name=\"twitter:label1\" content=\"Escrito por\" \/>\n\t<meta name=\"twitter:data1\" content=\"elefante66\" \/>\n\t<meta name=\"twitter:label2\" content=\"Tiempo de lectura\" \/>\n\t<meta name=\"twitter:data2\" content=\"3 minutos\" \/>\n<script type=\"application\/ld+json\" class=\"yoast-schema-graph\">{\"@context\":\"https:\\\/\\\/schema.org\",\"@graph\":[{\"@type\":\"Article\",\"@id\":\"https:\\\/\\\/feda.org\\\/feda2k16\\\/division-de-honor-melilla-ronda-7-final\\\/#article\",\"isPartOf\":{\"@id\":\"https:\\\/\\\/feda.org\\\/feda2k16\\\/division-de-honor-melilla-ronda-7-final\\\/\"},\"author\":{\"name\":\"elefante66\",\"@id\":\"https:\\\/\\\/feda.org\\\/feda2k16\\\/#\\\/schema\\\/person\\\/b39486343e189c77e58d02641385fe29\"},\"headline\":\"Divisi\u00f3n de Honor Melilla, ronda 7. FINAL\",\"datePublished\":\"2024-10-18T18:05:43+00:00\",\"dateModified\":\"2024-10-18T18:09:02+00:00\",\"mainEntityOfPage\":{\"@id\":\"https:\\\/\\\/feda.org\\\/feda2k16\\\/division-de-honor-melilla-ronda-7-final\\\/\"},\"wordCount\":465,\"publisher\":{\"@id\":\"https:\\\/\\\/feda.org\\\/feda2k16\\\/#organization\"},\"image\":{\"@id\":\"https:\\\/\\\/feda.org\\\/feda2k16\\\/division-de-honor-melilla-ronda-7-final\\\/#primaryimage\"},\"thumbnailUrl\":\"https:\\\/\\\/feda.org\\\/feda2k16\\\/wp-content\\\/uploads\\\/PAT_4220-scaled.jpg\",\"articleSection\":[\"Noticias\"],\"inLanguage\":\"es\"},{\"@type\":\"WebPage\",\"@id\":\"https:\\\/\\\/feda.org\\\/feda2k16\\\/division-de-honor-melilla-ronda-7-final\\\/\",\"url\":\"https:\\\/\\\/feda.org\\\/feda2k16\\\/division-de-honor-melilla-ronda-7-final\\\/\",\"name\":\"Divisi\u00f3n de Honor Melilla, ronda 7. FINAL - FEDA\",\"isPartOf\":{\"@id\":\"https:\\\/\\\/feda.org\\\/feda2k16\\\/#website\"},\"primaryImageOfPage\":{\"@id\":\"https:\\\/\\\/feda.org\\\/feda2k16\\\/division-de-honor-melilla-ronda-7-final\\\/#primaryimage\"},\"image\":{\"@id\":\"https:\\\/\\\/feda.org\\\/feda2k16\\\/division-de-honor-melilla-ronda-7-final\\\/#primaryimage\"},\"thumbnailUrl\":\"https:\\\/\\\/feda.org\\\/feda2k16\\\/wp-content\\\/uploads\\\/PAT_4220-scaled.jpg\",\"datePublished\":\"2024-10-18T18:05:43+00:00\",\"dateModified\":\"2024-10-18T18:09:02+00:00\",\"description\":\"FEDA, Federaci\u00f3n Espa\u00f1ola de Ajedrez, ajedrez madrid, federarse ajedrez, campeonato de Espa\u00f1a de ajedrez, ajedrez\",\"breadcrumb\":{\"@id\":\"https:\\\/\\\/feda.org\\\/feda2k16\\\/division-de-honor-melilla-ronda-7-final\\\/#breadcrumb\"},\"inLanguage\":\"es\",\"potentialAction\":[{\"@type\":\"ReadAction\",\"target\":[\"https:\\\/\\\/feda.org\\\/feda2k16\\\/division-de-honor-melilla-ronda-7-final\\\/\"]}]},{\"@type\":\"ImageObject\",\"inLanguage\":\"es\",\"@id\":\"https:\\\/\\\/feda.org\\\/feda2k16\\\/division-de-honor-melilla-ronda-7-final\\\/#primaryimage\",\"url\":\"https:\\\/\\\/feda.org\\\/feda2k16\\\/wp-content\\\/uploads\\\/PAT_4220-scaled.jpg\",\"contentUrl\":\"https:\\\/\\\/feda.org\\\/feda2k16\\\/wp-content\\\/uploads\\\/PAT_4220-scaled.jpg\",\"width\":2560,\"height\":1497},{\"@type\":\"BreadcrumbList\",\"@id\":\"https:\\\/\\\/feda.org\\\/feda2k16\\\/division-de-honor-melilla-ronda-7-final\\\/#breadcrumb\",\"itemListElement\":[{\"@type\":\"ListItem\",\"position\":1,\"name\":\"Portada\",\"item\":\"https:\\\/\\\/feda.org\\\/feda2k16\\\/\"},{\"@type\":\"ListItem\",\"position\":2,\"name\":\"Divisi\u00f3n de Honor Melilla, ronda 7. FINAL\"}]},{\"@type\":\"WebSite\",\"@id\":\"https:\\\/\\\/feda.org\\\/feda2k16\\\/#website\",\"url\":\"https:\\\/\\\/feda.org\\\/feda2k16\\\/\",\"name\":\"FEDA\",\"description\":\"Federaci\u00f3n Espa\u00f1ola de Ajedrez\",\"publisher\":{\"@id\":\"https:\\\/\\\/feda.org\\\/feda2k16\\\/#organization\"},\"alternateName\":\"Federaci\u00f3n Espa\u00f1ola de Ajedrez\",\"potentialAction\":[{\"@type\":\"SearchAction\",\"target\":{\"@type\":\"EntryPoint\",\"urlTemplate\":\"https:\\\/\\\/feda.org\\\/feda2k16\\\/?s={search_term_string}\"},\"query-input\":{\"@type\":\"PropertyValueSpecification\",\"valueRequired\":true,\"valueName\":\"search_term_string\"}}],\"inLanguage\":\"es\"},{\"@type\":\"Organization\",\"@id\":\"https:\\\/\\\/feda.org\\\/feda2k16\\\/#organization\",\"name\":\"FEDA\",\"alternateName\":\"Federaci\u00f3n Espa\u00f1ola de Ajedrez\",\"url\":\"https:\\\/\\\/feda.org\\\/feda2k16\\\/\",\"logo\":{\"@type\":\"ImageObject\",\"inLanguage\":\"es\",\"@id\":\"https:\\\/\\\/feda.org\\\/feda2k16\\\/#\\\/schema\\\/logo\\\/image\\\/\",\"url\":\"https:\\\/\\\/feda.org\\\/feda2k16\\\/wp-content\\\/uploads\\\/NuevoLogo_FEDA_2016.png\",\"contentUrl\":\"https:\\\/\\\/feda.org\\\/feda2k16\\\/wp-content\\\/uploads\\\/NuevoLogo_FEDA_2016.png\",\"width\":600,\"height\":600,\"caption\":\"FEDA\"},\"image\":{\"@id\":\"https:\\\/\\\/feda.org\\\/feda2k16\\\/#\\\/schema\\\/logo\\\/image\\\/\"},\"sameAs\":[\"https:\\\/\\\/www.facebook.com\\\/federacionespanoladeajedrez\\\/\",\"https:\\\/\\\/x.com\\\/AjedrezEspanola\",\"https:\\\/\\\/www.instagram.com\\\/federacionespanolaajedrez\\\/?hl=es\",\"https:\\\/\\\/www.youtube.com\\\/@FederacionEspanoladeAjedrezFED\\\/featured\"]},{\"@type\":\"Person\",\"@id\":\"https:\\\/\\\/feda.org\\\/feda2k16\\\/#\\\/schema\\\/person\\\/b39486343e189c77e58d02641385fe29\",\"name\":\"elefante66\",\"url\":\"https:\\\/\\\/feda.org\\\/feda2k16\\\/author\\\/elefante66\\\/\"}]}<\/script>\n<!-- \/ Yoast SEO plugin. -->","yoast_head_json":{"title":"Divisi\u00f3n de Honor Melilla, ronda 7. FINAL - FEDA","description":"FEDA, Federaci\u00f3n Espa\u00f1ola de Ajedrez, ajedrez madrid, federarse ajedrez, campeonato de Espa\u00f1a de ajedrez, ajedrez","robots":{"index":"index","follow":"follow","max-snippet":"max-snippet:-1","max-image-preview":"max-image-preview:large","max-video-preview":"max-video-preview:-1"},"canonical":"https:\/\/feda.org\/feda2k16\/division-de-honor-melilla-ronda-7-final\/","og_locale":"es_ES","og_type":"article","og_title":"Divisi\u00f3n de Honor Melilla, ronda 7. FINAL - FEDA","og_description":"FEDA, Federaci\u00f3n Espa\u00f1ola de Ajedrez, ajedrez madrid, federarse ajedrez, campeonato de Espa\u00f1a de ajedrez, ajedrez","og_url":"https:\/\/feda.org\/feda2k16\/division-de-honor-melilla-ronda-7-final\/","og_site_name":"FEDA","article_publisher":"https:\/\/www.facebook.com\/federacionespanoladeajedrez\/","article_published_time":"2024-10-18T18:05:43+00:00","article_modified_time":"2024-10-18T18:09:02+00:00","og_image":[{"width":2560,"height":1497,"url":"https:\/\/feda.org\/feda2k16\/wp-content\/uploads\/PAT_4220-scaled.jpg","type":"image\/jpeg"}],"author":"elefante66","twitter_card":"summary_large_image","twitter_creator":"@AjedrezEspanola","twitter_site":"@AjedrezEspanola","twitter_misc":{"Escrito por":"elefante66","Tiempo de lectura":"3 minutos"},"schema":{"@context":"https:\/\/schema.org","@graph":[{"@type":"Article","@id":"https:\/\/feda.org\/feda2k16\/division-de-honor-melilla-ronda-7-final\/#article","isPartOf":{"@id":"https:\/\/feda.org\/feda2k16\/division-de-honor-melilla-ronda-7-final\/"},"author":{"name":"elefante66","@id":"https:\/\/feda.org\/feda2k16\/#\/schema\/person\/b39486343e189c77e58d02641385fe29"},"headline":"Divisi\u00f3n de Honor Melilla, ronda 7. FINAL","datePublished":"2024-10-18T18:05:43+00:00","dateModified":"2024-10-18T18:09:02+00:00","mainEntityOfPage":{"@id":"https:\/\/feda.org\/feda2k16\/division-de-honor-melilla-ronda-7-final\/"},"wordCount":465,"publisher":{"@id":"https:\/\/feda.org\/feda2k16\/#organization"},"image":{"@id":"https:\/\/feda.org\/feda2k16\/division-de-honor-melilla-ronda-7-final\/#primaryimage"},"thumbnailUrl":"https:\/\/feda.org\/feda2k16\/wp-content\/uploads\/PAT_4220-scaled.jpg","articleSection":["Noticias"],"inLanguage":"es"},{"@type":"WebPage","@id":"https:\/\/feda.org\/feda2k16\/division-de-honor-melilla-ronda-7-final\/","url":"https:\/\/feda.org\/feda2k16\/division-de-honor-melilla-ronda-7-final\/","name":"Divisi\u00f3n de Honor Melilla, ronda 7. FINAL - FEDA","isPartOf":{"@id":"https:\/\/feda.org\/feda2k16\/#website"},"primaryImageOfPage":{"@id":"https:\/\/feda.org\/feda2k16\/division-de-honor-melilla-ronda-7-final\/#primaryimage"},"image":{"@id":"https:\/\/feda.org\/feda2k16\/division-de-honor-melilla-ronda-7-final\/#primaryimage"},"thumbnailUrl":"https:\/\/feda.org\/feda2k16\/wp-content\/uploads\/PAT_4220-scaled.jpg","datePublished":"2024-10-18T18:05:43+00:00","dateModified":"2024-10-18T18:09:02+00:00","description":"FEDA, Federaci\u00f3n Espa\u00f1ola de Ajedrez, ajedrez madrid, federarse ajedrez, campeonato de Espa\u00f1a de ajedrez, ajedrez","breadcrumb":{"@id":"https:\/\/feda.org\/feda2k16\/division-de-honor-melilla-ronda-7-final\/#breadcrumb"},"inLanguage":"es","potentialAction":[{"@type":"ReadAction","target":["https:\/\/feda.org\/feda2k16\/division-de-honor-melilla-ronda-7-final\/"]}]},{"@type":"ImageObject","inLanguage":"es","@id":"https:\/\/feda.org\/feda2k16\/division-de-honor-melilla-ronda-7-final\/#primaryimage","url":"https:\/\/feda.org\/feda2k16\/wp-content\/uploads\/PAT_4220-scaled.jpg","contentUrl":"https:\/\/feda.org\/feda2k16\/wp-content\/uploads\/PAT_4220-scaled.jpg","width":2560,"height":1497},{"@type":"BreadcrumbList","@id":"https:\/\/feda.org\/feda2k16\/division-de-honor-melilla-ronda-7-final\/#breadcrumb","itemListElement":[{"@type":"ListItem","position":1,"name":"Portada","item":"https:\/\/feda.org\/feda2k16\/"},{"@type":"ListItem","position":2,"name":"Divisi\u00f3n de Honor Melilla, ronda 7. FINAL"}]},{"@type":"WebSite","@id":"https:\/\/feda.org\/feda2k16\/#website","url":"https:\/\/feda.org\/feda2k16\/","name":"FEDA","description":"Federaci\u00f3n Espa\u00f1ola de Ajedrez","publisher":{"@id":"https:\/\/feda.org\/feda2k16\/#organization"},"alternateName":"Federaci\u00f3n Espa\u00f1ola de Ajedrez","potentialAction":[{"@type":"SearchAction","target":{"@type":"EntryPoint","urlTemplate":"https:\/\/feda.org\/feda2k16\/?s={search_term_string}"},"query-input":{"@type":"PropertyValueSpecification","valueRequired":true,"valueName":"search_term_string"}}],"inLanguage":"es"},{"@type":"Organization","@id":"https:\/\/feda.org\/feda2k16\/#organization","name":"FEDA","alternateName":"Federaci\u00f3n Espa\u00f1ola de Ajedrez","url":"https:\/\/feda.org\/feda2k16\/","logo":{"@type":"ImageObject","inLanguage":"es","@id":"https:\/\/feda.org\/feda2k16\/#\/schema\/logo\/image\/","url":"https:\/\/feda.org\/feda2k16\/wp-content\/uploads\/NuevoLogo_FEDA_2016.png","contentUrl":"https:\/\/feda.org\/feda2k16\/wp-content\/uploads\/NuevoLogo_FEDA_2016.png","width":600,"height":600,"caption":"FEDA"},"image":{"@id":"https:\/\/feda.org\/feda2k16\/#\/schema\/logo\/image\/"},"sameAs":["https:\/\/www.facebook.com\/federacionespanoladeajedrez\/","https:\/\/x.com\/AjedrezEspanola","https:\/\/www.instagram.com\/federacionespanolaajedrez\/?hl=es","https:\/\/www.youtube.com\/@FederacionEspanoladeAjedrezFED\/featured"]},{"@type":"Person","@id":"https:\/\/feda.org\/feda2k16\/#\/schema\/person\/b39486343e189c77e58d02641385fe29","name":"elefante66","url":"https:\/\/feda.org\/feda2k16\/author\/elefante66\/"}]}},"_links":{"self":[{"href":"https:\/\/feda.org\/feda2k16\/wp-json\/wp\/v2\/posts\/24910","targetHints":{"allow":["GET"]}}],"collection":[{"href":"https:\/\/feda.org\/feda2k16\/wp-json\/wp\/v2\/posts"}],"about":[{"href":"https:\/\/feda.org\/feda2k16\/wp-json\/wp\/v2\/types\/post"}],"author":[{"embeddable":true,"href":"https:\/\/feda.org\/feda2k16\/wp-json\/wp\/v2\/users\/5"}],"replies":[{"embeddable":true,"href":"https:\/\/feda.org\/feda2k16\/wp-json\/wp\/v2\/comments?post=24910"}],"version-history":[{"count":3,"href":"https:\/\/feda.org\/feda2k16\/wp-json\/wp\/v2\/posts\/24910\/revisions"}],"predecessor-version":[{"id":24915,"href":"https:\/\/feda.org\/feda2k16\/wp-json\/wp\/v2\/posts\/24910\/revisions\/24915"}],"wp:attachment":[{"href":"https:\/\/feda.org\/feda2k16\/wp-json\/wp\/v2\/media?parent=24910"}],"wp:term":[{"taxonomy":"category","embeddable":true,"href":"https:\/\/feda.org\/feda2k16\/wp-json\/wp\/v2\/categories?post=24910"},{"taxonomy":"post_tag","embeddable":true,"href":"https:\/\/feda.org\/feda2k16\/wp-json\/wp\/v2\/tags?post=24910"}],"curies":[{"name":"wp","href":"https:\/\/api.w.org\/{rel}","templated":true}]}}