{"id":25908,"date":"2025-03-25T13:03:32","date_gmt":"2025-03-25T13:03:32","guid":{"rendered":"https:\/\/feda.org\/feda2k16\/?p=25908"},"modified":"2025-03-25T13:05:27","modified_gmt":"2025-03-25T13:05:27","slug":"laura-martin-perez","status":"publish","type":"post","link":"https:\/\/feda.org\/feda2k16\/laura-martin-perez\/","title":{"rendered":"Laura Mart\u00edn P\u00e9rez"},"content":{"rendered":"\n<p style=\"font-weight: 400;\">Laura Mart\u00edn i P\u00e9rez<\/p>\n<p style=\"font-weight: 400;\">Barcelona, 1997<\/p>\n<p style=\"font-weight: 400;\">\u00a0<\/p>\n<p style=\"font-weight: 400;\"><u>Formaci\u00f3n<\/u><\/p>\n<ul style=\"font-weight: 400;\">\n<li>Graduada en <strong>Gen\u00e9tica<\/strong> por la Universidad Aut\u00f3noma de Barcelona (UAB) con una nota media de 7,9 con Matr\u00edcula de Honor en la asignatura Gen\u00e9tica, curso 2015-2019.<\/li>\n<li>Certificado de profesionalidad de nivel 3 en <strong>Creaci\u00f3n y Administraci\u00f3n de Microempresas<\/strong> por la Academia Neina, en el 2021.<\/li>\n<li>Idiomas:<\/li>\n<\/ul>\n<ul style=\"font-weight: 400;\">\n<li style=\"list-style-type: none;\">\n<ul>\n<li>T\u00edtulo del <strong>A2 de alem\u00e1n<\/strong>, acreditado por el Servicio de Idiomas de la Universidad Aut\u00f3noma de Barcelona (UAB), en el 2018.<\/li>\n<li>T\u00edtulo del <strong>B2.2 de ingl\u00e9s<\/strong>, acreditado por la Escuela Oficial de Idiomas (EOI), en el 2017.<\/li>\n<\/ul>\n<\/li>\n<\/ul>\n<p style=\"font-weight: 400;\"><u>Experiencia Profesional<\/u><\/p>\n<ul style=\"font-weight: 400;\">\n<li><strong>Dise\u00f1adora y editora del blog<\/strong> <a href=\"https:\/\/travellingtolive.com\/\">travellingtolive.com<\/a> que se mantiene activo desde febrero de 2017. Esta actividad se complementa con el uso de RRSS, como <a href=\"https:\/\/www.instagram.com\/travellingtolive\/\">Instagram<\/a> y <a href=\"https:\/\/www.facebook.com\/viajaconlaura\/\">Facebook<\/a>.\u00a0<\/li>\n<li><strong>Consultora de viajes<\/strong> en Travelling to live, desde julio 2022 hasta la fecha.<\/li>\n<li><strong>Agente de reservas <\/strong>en Tu Gu\u00eda en Tailandia, desde marzo de 2023 hasta la fecha.<\/li>\n<li><strong>Coordinadora de proyectos Eramus+<\/strong> en el Club Escacs Llinars, desde febrero de 2024.<\/li>\n<li>Consultor\u00eda de gesti\u00f3n empresarial en ASSESSORS GAMMA QUATRE SL, desde agosto de 2022 hasta febrero de 2023.<\/li>\n<li>Refuerzo escolar en secundaria y bachillerato desde 2014 hasta mayo 2023.<\/li>\n<li>\u00c1rbitro auton\u00f3mica de forma continuada desde 2017 hasta octubre de 2019, y desde finales de 2018 como \u00e1rbitro principal.<\/li>\n<li>Colaboradora en el club de ajedrez Llinars desde el a\u00f1o 2009 hasta julio de 2019.<\/li>\n<\/ul>\n<p style=\"font-weight: 400;\"><u>Experiencia en Gesti\u00f3n y Direcci\u00f3n Deportiva<\/u><\/p>\n<ul style=\"font-weight: 400;\">\n<li>Asamble\u00edsta de la Federaci\u00f3n Espa\u00f1ola de Ajedrez.<\/li>\n<li>Miembro de la Junta Directiva de la Federaci\u00f3n Espa\u00f1ola de Ajedrez.<\/li>\n<li><strong>Coordinadora del proyecto europeo GAMBIT<\/strong> con el Club d\u2019Escacs Llinars.<\/li>\n<\/ul>\n<p style=\"font-weight: 400;\"><u>Experiencia como T\u00e9cnico Deportivo, Deportista y T\u00edtulos<\/u><\/p>\n<ul style=\"font-weight: 400;\">\n<li>T\u00edtulo de <strong>\u00e1rbitro auton\u00f3mica<\/strong> de ajedrez concedido por la Federaci\u00f3n Catalana de Ajedrez, en el 2017.<\/li>\n<li>T\u00edtulo de <strong>monitora deportiva<\/strong> en la modalidad de ajedrez concedido por la Federaci\u00f3n Catalana de Ajedrez, en el 2019.<\/li>\n<li><strong>Campeona auton\u00f3mica<\/strong> en numerosas ocasiones, tanto en categor\u00edas por edades como absoluta.<\/li>\n<\/ul>\n","protected":false},"excerpt":{"rendered":"<p>Laura Mart\u00edn i P\u00e9rez Barcelona, 1997 \u00a0 Formaci\u00f3n Graduada en Gen\u00e9tica por la Universidad Aut\u00f3noma de Barcelona (UAB) con una nota media de 7,9 con Matr\u00edcula de Honor en la asignatura Gen\u00e9tica, curso 2015-2019. Certificado de profesionalidad de nivel 3 en Creaci\u00f3n y Administraci\u00f3n de Microempresas por la Academia Neina, en el 2021. Idiomas: T\u00edtulo [&hellip;]<\/p>\n","protected":false},"author":1,"featured_media":0,"comment_status":"closed","ping_status":"closed","sticky":false,"template":"","format":"standard","meta":{"footnotes":""},"categories":[2],"tags":[],"class_list":["post-25908","post","type-post","status-publish","format-standard","hentry","category-uncategorised"],"yoast_head":"<!-- This site is optimized with the Yoast SEO plugin v27.4 - https:\/\/yoast.com\/product\/yoast-seo-wordpress\/ -->\n<title>Laura Mart\u00edn P\u00e9rez - FEDA<\/title>\n<meta name=\"description\" content=\"FEDA, Federaci\u00f3n Espa\u00f1ola de Ajedrez, ajedrez madrid, federarse ajedrez, campeonato de Espa\u00f1a de ajedrez, ajedrez\" \/>\n<meta name=\"robots\" content=\"index, follow, max-snippet:-1, max-image-preview:large, max-video-preview:-1\" \/>\n<link rel=\"canonical\" href=\"https:\/\/feda.org\/feda2k16\/laura-martin-perez\/\" \/>\n<meta property=\"og:locale\" content=\"es_ES\" \/>\n<meta property=\"og:type\" content=\"article\" \/>\n<meta property=\"og:title\" content=\"Laura Mart\u00edn P\u00e9rez - FEDA\" \/>\n<meta property=\"og:description\" content=\"FEDA, Federaci\u00f3n Espa\u00f1ola de Ajedrez, ajedrez madrid, federarse ajedrez, campeonato de Espa\u00f1a de ajedrez, ajedrez\" \/>\n<meta property=\"og:url\" content=\"https:\/\/feda.org\/feda2k16\/laura-martin-perez\/\" \/>\n<meta property=\"og:site_name\" content=\"FEDA\" \/>\n<meta property=\"article:publisher\" content=\"https:\/\/www.facebook.com\/federacionespanoladeajedrez\/\" \/>\n<meta property=\"article:published_time\" content=\"2025-03-25T13:03:32+00:00\" \/>\n<meta property=\"article:modified_time\" content=\"2025-03-25T13:05:27+00:00\" \/>\n<meta name=\"author\" content=\"feda2k16\" \/>\n<meta name=\"twitter:card\" content=\"summary_large_image\" \/>\n<meta name=\"twitter:creator\" content=\"@AjedrezEspanola\" \/>\n<meta name=\"twitter:site\" content=\"@AjedrezEspanola\" \/>\n<meta name=\"twitter:label1\" content=\"Escrito por\" \/>\n\t<meta name=\"twitter:data1\" content=\"feda2k16\" \/>\n\t<meta name=\"twitter:label2\" content=\"Tiempo de lectura\" \/>\n\t<meta name=\"twitter:data2\" content=\"2 minutos\" \/>\n<script type=\"application\/ld+json\" class=\"yoast-schema-graph\">{\"@context\":\"https:\\\/\\\/schema.org\",\"@graph\":[{\"@type\":\"Article\",\"@id\":\"https:\\\/\\\/feda.org\\\/feda2k16\\\/laura-martin-perez\\\/#article\",\"isPartOf\":{\"@id\":\"https:\\\/\\\/feda.org\\\/feda2k16\\\/laura-martin-perez\\\/\"},\"author\":{\"name\":\"feda2k16\",\"@id\":\"https:\\\/\\\/feda.org\\\/feda2k16\\\/#\\\/schema\\\/person\\\/80aa48a4dc5c6ea03ca1dbf21ce423da\"},\"headline\":\"Laura Mart\u00edn P\u00e9rez\",\"datePublished\":\"2025-03-25T13:03:32+00:00\",\"dateModified\":\"2025-03-25T13:05:27+00:00\",\"mainEntityOfPage\":{\"@id\":\"https:\\\/\\\/feda.org\\\/feda2k16\\\/laura-martin-perez\\\/\"},\"wordCount\":332,\"publisher\":{\"@id\":\"https:\\\/\\\/feda.org\\\/feda2k16\\\/#organization\"},\"articleSection\":[\"Uncategorised\"],\"inLanguage\":\"es\"},{\"@type\":\"WebPage\",\"@id\":\"https:\\\/\\\/feda.org\\\/feda2k16\\\/laura-martin-perez\\\/\",\"url\":\"https:\\\/\\\/feda.org\\\/feda2k16\\\/laura-martin-perez\\\/\",\"name\":\"Laura Mart\u00edn P\u00e9rez - FEDA\",\"isPartOf\":{\"@id\":\"https:\\\/\\\/feda.org\\\/feda2k16\\\/#website\"},\"datePublished\":\"2025-03-25T13:03:32+00:00\",\"dateModified\":\"2025-03-25T13:05:27+00:00\",\"description\":\"FEDA, Federaci\u00f3n Espa\u00f1ola de Ajedrez, ajedrez madrid, federarse ajedrez, campeonato de Espa\u00f1a de ajedrez, ajedrez\",\"breadcrumb\":{\"@id\":\"https:\\\/\\\/feda.org\\\/feda2k16\\\/laura-martin-perez\\\/#breadcrumb\"},\"inLanguage\":\"es\",\"potentialAction\":[{\"@type\":\"ReadAction\",\"target\":[\"https:\\\/\\\/feda.org\\\/feda2k16\\\/laura-martin-perez\\\/\"]}]},{\"@type\":\"BreadcrumbList\",\"@id\":\"https:\\\/\\\/feda.org\\\/feda2k16\\\/laura-martin-perez\\\/#breadcrumb\",\"itemListElement\":[{\"@type\":\"ListItem\",\"position\":1,\"name\":\"Portada\",\"item\":\"https:\\\/\\\/feda.org\\\/feda2k16\\\/\"},{\"@type\":\"ListItem\",\"position\":2,\"name\":\"Laura Mart\u00edn P\u00e9rez\"}]},{\"@type\":\"WebSite\",\"@id\":\"https:\\\/\\\/feda.org\\\/feda2k16\\\/#website\",\"url\":\"https:\\\/\\\/feda.org\\\/feda2k16\\\/\",\"name\":\"FEDA\",\"description\":\"Federaci\u00f3n Espa\u00f1ola de Ajedrez\",\"publisher\":{\"@id\":\"https:\\\/\\\/feda.org\\\/feda2k16\\\/#organization\"},\"alternateName\":\"Federaci\u00f3n Espa\u00f1ola de Ajedrez\",\"potentialAction\":[{\"@type\":\"SearchAction\",\"target\":{\"@type\":\"EntryPoint\",\"urlTemplate\":\"https:\\\/\\\/feda.org\\\/feda2k16\\\/?s={search_term_string}\"},\"query-input\":{\"@type\":\"PropertyValueSpecification\",\"valueRequired\":true,\"valueName\":\"search_term_string\"}}],\"inLanguage\":\"es\"},{\"@type\":\"Organization\",\"@id\":\"https:\\\/\\\/feda.org\\\/feda2k16\\\/#organization\",\"name\":\"FEDA\",\"alternateName\":\"Federaci\u00f3n Espa\u00f1ola de Ajedrez\",\"url\":\"https:\\\/\\\/feda.org\\\/feda2k16\\\/\",\"logo\":{\"@type\":\"ImageObject\",\"inLanguage\":\"es\",\"@id\":\"https:\\\/\\\/feda.org\\\/feda2k16\\\/#\\\/schema\\\/logo\\\/image\\\/\",\"url\":\"https:\\\/\\\/feda.org\\\/feda2k16\\\/wp-content\\\/uploads\\\/NuevoLogo_FEDA_2016.png\",\"contentUrl\":\"https:\\\/\\\/feda.org\\\/feda2k16\\\/wp-content\\\/uploads\\\/NuevoLogo_FEDA_2016.png\",\"width\":600,\"height\":600,\"caption\":\"FEDA\"},\"image\":{\"@id\":\"https:\\\/\\\/feda.org\\\/feda2k16\\\/#\\\/schema\\\/logo\\\/image\\\/\"},\"sameAs\":[\"https:\\\/\\\/www.facebook.com\\\/federacionespanoladeajedrez\\\/\",\"https:\\\/\\\/x.com\\\/AjedrezEspanola\",\"https:\\\/\\\/www.instagram.com\\\/federacionespanolaajedrez\\\/?hl=es\",\"https:\\\/\\\/www.youtube.com\\\/@FederacionEspanoladeAjedrezFED\\\/featured\"]},{\"@type\":\"Person\",\"@id\":\"https:\\\/\\\/feda.org\\\/feda2k16\\\/#\\\/schema\\\/person\\\/80aa48a4dc5c6ea03ca1dbf21ce423da\",\"name\":\"feda2k16\",\"url\":\"https:\\\/\\\/feda.org\\\/feda2k16\\\/author\\\/feda2k16\\\/\"}]}<\/script>\n<!-- \/ Yoast SEO plugin. -->","yoast_head_json":{"title":"Laura Mart\u00edn P\u00e9rez - FEDA","description":"FEDA, Federaci\u00f3n Espa\u00f1ola de Ajedrez, ajedrez madrid, federarse ajedrez, campeonato de Espa\u00f1a de ajedrez, ajedrez","robots":{"index":"index","follow":"follow","max-snippet":"max-snippet:-1","max-image-preview":"max-image-preview:large","max-video-preview":"max-video-preview:-1"},"canonical":"https:\/\/feda.org\/feda2k16\/laura-martin-perez\/","og_locale":"es_ES","og_type":"article","og_title":"Laura Mart\u00edn P\u00e9rez - FEDA","og_description":"FEDA, Federaci\u00f3n Espa\u00f1ola de Ajedrez, ajedrez madrid, federarse ajedrez, campeonato de Espa\u00f1a de ajedrez, ajedrez","og_url":"https:\/\/feda.org\/feda2k16\/laura-martin-perez\/","og_site_name":"FEDA","article_publisher":"https:\/\/www.facebook.com\/federacionespanoladeajedrez\/","article_published_time":"2025-03-25T13:03:32+00:00","article_modified_time":"2025-03-25T13:05:27+00:00","author":"feda2k16","twitter_card":"summary_large_image","twitter_creator":"@AjedrezEspanola","twitter_site":"@AjedrezEspanola","twitter_misc":{"Escrito por":"feda2k16","Tiempo de lectura":"2 minutos"},"schema":{"@context":"https:\/\/schema.org","@graph":[{"@type":"Article","@id":"https:\/\/feda.org\/feda2k16\/laura-martin-perez\/#article","isPartOf":{"@id":"https:\/\/feda.org\/feda2k16\/laura-martin-perez\/"},"author":{"name":"feda2k16","@id":"https:\/\/feda.org\/feda2k16\/#\/schema\/person\/80aa48a4dc5c6ea03ca1dbf21ce423da"},"headline":"Laura Mart\u00edn P\u00e9rez","datePublished":"2025-03-25T13:03:32+00:00","dateModified":"2025-03-25T13:05:27+00:00","mainEntityOfPage":{"@id":"https:\/\/feda.org\/feda2k16\/laura-martin-perez\/"},"wordCount":332,"publisher":{"@id":"https:\/\/feda.org\/feda2k16\/#organization"},"articleSection":["Uncategorised"],"inLanguage":"es"},{"@type":"WebPage","@id":"https:\/\/feda.org\/feda2k16\/laura-martin-perez\/","url":"https:\/\/feda.org\/feda2k16\/laura-martin-perez\/","name":"Laura Mart\u00edn P\u00e9rez - FEDA","isPartOf":{"@id":"https:\/\/feda.org\/feda2k16\/#website"},"datePublished":"2025-03-25T13:03:32+00:00","dateModified":"2025-03-25T13:05:27+00:00","description":"FEDA, Federaci\u00f3n Espa\u00f1ola de Ajedrez, ajedrez madrid, federarse ajedrez, campeonato de Espa\u00f1a de ajedrez, ajedrez","breadcrumb":{"@id":"https:\/\/feda.org\/feda2k16\/laura-martin-perez\/#breadcrumb"},"inLanguage":"es","potentialAction":[{"@type":"ReadAction","target":["https:\/\/feda.org\/feda2k16\/laura-martin-perez\/"]}]},{"@type":"BreadcrumbList","@id":"https:\/\/feda.org\/feda2k16\/laura-martin-perez\/#breadcrumb","itemListElement":[{"@type":"ListItem","position":1,"name":"Portada","item":"https:\/\/feda.org\/feda2k16\/"},{"@type":"ListItem","position":2,"name":"Laura Mart\u00edn P\u00e9rez"}]},{"@type":"WebSite","@id":"https:\/\/feda.org\/feda2k16\/#website","url":"https:\/\/feda.org\/feda2k16\/","name":"FEDA","description":"Federaci\u00f3n Espa\u00f1ola de Ajedrez","publisher":{"@id":"https:\/\/feda.org\/feda2k16\/#organization"},"alternateName":"Federaci\u00f3n Espa\u00f1ola de Ajedrez","potentialAction":[{"@type":"SearchAction","target":{"@type":"EntryPoint","urlTemplate":"https:\/\/feda.org\/feda2k16\/?s={search_term_string}"},"query-input":{"@type":"PropertyValueSpecification","valueRequired":true,"valueName":"search_term_string"}}],"inLanguage":"es"},{"@type":"Organization","@id":"https:\/\/feda.org\/feda2k16\/#organization","name":"FEDA","alternateName":"Federaci\u00f3n Espa\u00f1ola de Ajedrez","url":"https:\/\/feda.org\/feda2k16\/","logo":{"@type":"ImageObject","inLanguage":"es","@id":"https:\/\/feda.org\/feda2k16\/#\/schema\/logo\/image\/","url":"https:\/\/feda.org\/feda2k16\/wp-content\/uploads\/NuevoLogo_FEDA_2016.png","contentUrl":"https:\/\/feda.org\/feda2k16\/wp-content\/uploads\/NuevoLogo_FEDA_2016.png","width":600,"height":600,"caption":"FEDA"},"image":{"@id":"https:\/\/feda.org\/feda2k16\/#\/schema\/logo\/image\/"},"sameAs":["https:\/\/www.facebook.com\/federacionespanoladeajedrez\/","https:\/\/x.com\/AjedrezEspanola","https:\/\/www.instagram.com\/federacionespanolaajedrez\/?hl=es","https:\/\/www.youtube.com\/@FederacionEspanoladeAjedrezFED\/featured"]},{"@type":"Person","@id":"https:\/\/feda.org\/feda2k16\/#\/schema\/person\/80aa48a4dc5c6ea03ca1dbf21ce423da","name":"feda2k16","url":"https:\/\/feda.org\/feda2k16\/author\/feda2k16\/"}]}},"_links":{"self":[{"href":"https:\/\/feda.org\/feda2k16\/wp-json\/wp\/v2\/posts\/25908","targetHints":{"allow":["GET"]}}],"collection":[{"href":"https:\/\/feda.org\/feda2k16\/wp-json\/wp\/v2\/posts"}],"about":[{"href":"https:\/\/feda.org\/feda2k16\/wp-json\/wp\/v2\/types\/post"}],"author":[{"embeddable":true,"href":"https:\/\/feda.org\/feda2k16\/wp-json\/wp\/v2\/users\/1"}],"replies":[{"embeddable":true,"href":"https:\/\/feda.org\/feda2k16\/wp-json\/wp\/v2\/comments?post=25908"}],"version-history":[{"count":1,"href":"https:\/\/feda.org\/feda2k16\/wp-json\/wp\/v2\/posts\/25908\/revisions"}],"predecessor-version":[{"id":25909,"href":"https:\/\/feda.org\/feda2k16\/wp-json\/wp\/v2\/posts\/25908\/revisions\/25909"}],"wp:attachment":[{"href":"https:\/\/feda.org\/feda2k16\/wp-json\/wp\/v2\/media?parent=25908"}],"wp:term":[{"taxonomy":"category","embeddable":true,"href":"https:\/\/feda.org\/feda2k16\/wp-json\/wp\/v2\/categories?post=25908"},{"taxonomy":"post_tag","embeddable":true,"href":"https:\/\/feda.org\/feda2k16\/wp-json\/wp\/v2\/tags?post=25908"}],"curies":[{"name":"wp","href":"https:\/\/api.w.org\/{rel}","templated":true}]}}