{"id":26099,"date":"2025-04-27T19:53:04","date_gmt":"2025-04-27T19:53:04","guid":{"rendered":"https:\/\/feda.org\/feda2k16\/?p=26099"},"modified":"2025-04-30T14:10:43","modified_gmt":"2025-04-30T14:10:43","slug":"ajedrez-escolar-por-equipos-en-guardamar-del-seguraalicante-2025","status":"publish","type":"post","link":"https:\/\/feda.org\/feda2k16\/ajedrez-escolar-por-equipos-en-guardamar-del-seguraalicante-2025\/","title":{"rendered":"Ajedrez Escolar por Equipos en Guardamar del Segura(Alicante) 2025."},"content":{"rendered":"\n<figure class=\"wp-block-image size-full\"><img fetchpriority=\"high\" decoding=\"async\" width=\"1123\" height=\"720\" src=\"https:\/\/feda.org\/feda2k16\/wp-content\/uploads\/unnamed-2.jpg\" alt=\"\" class=\"wp-image-26098\" srcset=\"https:\/\/feda.org\/feda2k16\/wp-content\/uploads\/unnamed-2.jpg 1123w, https:\/\/feda.org\/feda2k16\/wp-content\/uploads\/unnamed-2-768x492.jpg 768w\" sizes=\"(max-width: 1123px) 100vw, 1123px\" \/><\/figure>\n\n\n\n\n\n<div>Enhorabuena a todos los participantes del X Campeonato de Espa\u00f1a Ajedrez Escolar por Equipos categor\u00edas Sub 12 y Sub 18 que se ha realizado en Guardamar del Segura (Alicante). A continuaci\u00f3n informaci\u00f3n del Campeonato en los siguientes enlaces:<\/div>\n<div>\u00a0<\/div>\n<div style=\"text-align: center;\">Sub 12:<\/div>\n<div style=\"text-align: center;\">1\u00ba\u00a0 CPI Parque Venecia A de Arag\u00f3n<\/div>\n<div style=\"text-align: center;\">2\u00ba Julio Verne School A de Valencia\u00a0<\/div>\n<div style=\"text-align: center;\">3\u00ba CEIP Amaiur Ikastola A de Navarra.<\/div>\n<div style=\"text-align: center;\">Clasificaci\u00f3n: <a href=\"https:\/\/info64.org\/team\/campeonato-de-espana-escolar-equipos-sub-12-2025\/standings\">INFO64 &#8211; Sub 12<\/a><\/div>\n<div>\u00a0<\/div>\n<div style=\"text-align: center;\">Sub 18:<\/div>\n<div style=\"text-align: center;\">1\u00ba IES Ruiz de Alda A de Murcia<\/div>\n<div style=\"text-align: center;\">2\u00ba IES Valdespartera A de Arag\u00f3n<\/div>\n<div style=\"text-align: center;\">3\u00ba IES Bernardino del Campo A de Castilla La Mancha.<\/div>\n<div style=\"text-align: center;\">Clasificaci\u00f3n:<a href=\"https:\/\/info64.org\/team\/x-campeonato-de-espana-escolar-equipos-sub-18-2025\/standings\"> INFO64 &#8211;\u00a0 SUB 18<\/a><\/div>\n<div>\u00a0<\/div>\n<div style=\"text-align: center;\">Galer\u00eda fotogr\u00e1fica: <a href=\"https:\/\/www.facebook.com\/media\/set\/?set=a.1004941238395012&amp;type=3\">FACEBOOK FEDA<\/a><\/div>\n<div>\u00a0<\/div>\n<div><img decoding=\"async\" class=\"alignnone size-full wp-image-26097\" src=\"https:\/\/feda.org\/feda2k16\/wp-content\/uploads\/PAT_1764-scaled.jpg\" alt=\"\" width=\"2560\" height=\"1502\" srcset=\"https:\/\/feda.org\/feda2k16\/wp-content\/uploads\/PAT_1764-scaled.jpg 2560w, https:\/\/feda.org\/feda2k16\/wp-content\/uploads\/PAT_1764-768x451.jpg 768w, https:\/\/feda.org\/feda2k16\/wp-content\/uploads\/PAT_1764-1536x901.jpg 1536w, https:\/\/feda.org\/feda2k16\/wp-content\/uploads\/PAT_1764-2048x1202.jpg 2048w\" sizes=\"(max-width: 2560px) 100vw, 2560px\" \/><\/div>\n","protected":false},"excerpt":{"rendered":"<p>Enhorabuena a todos los participantes del X Campeonato de Espa\u00f1a Ajedrez Escolar por Equipos categor\u00edas Sub 12 y Sub 18 que se ha realizado en Guardamar del Segura (Alicante). A continuaci\u00f3n informaci\u00f3n del Campeonato en los siguientes enlaces: \u00a0 Sub 12: 1\u00ba\u00a0 CPI Parque Venecia A de Arag\u00f3n 2\u00ba Julio Verne School A de Valencia\u00a0 [&hellip;]<\/p>\n","protected":false},"author":5,"featured_media":0,"comment_status":"closed","ping_status":"closed","sticky":false,"template":"","format":"standard","meta":{"footnotes":""},"categories":[16],"tags":[],"class_list":["post-26099","post","type-post","status-publish","format-standard","hentry","category-noticias"],"yoast_head":"<!-- This site is optimized with the Yoast SEO plugin v27.4 - https:\/\/yoast.com\/product\/yoast-seo-wordpress\/ -->\n<title>Ajedrez Escolar por Equipos en Guardamar del Segura(Alicante) 2025. - FEDA<\/title>\n<meta name=\"description\" content=\"FEDA, Federaci\u00f3n Espa\u00f1ola de Ajedrez, ajedrez madrid, federarse ajedrez, campeonato de Espa\u00f1a de ajedrez, ajedrez\" \/>\n<meta name=\"robots\" content=\"index, follow, max-snippet:-1, max-image-preview:large, max-video-preview:-1\" \/>\n<link rel=\"canonical\" href=\"https:\/\/feda.org\/feda2k16\/ajedrez-escolar-por-equipos-en-guardamar-del-seguraalicante-2025\/\" \/>\n<meta property=\"og:locale\" content=\"es_ES\" \/>\n<meta property=\"og:type\" content=\"article\" \/>\n<meta property=\"og:title\" content=\"Ajedrez Escolar por Equipos en Guardamar del Segura(Alicante) 2025. - FEDA\" \/>\n<meta property=\"og:description\" content=\"FEDA, Federaci\u00f3n Espa\u00f1ola de Ajedrez, ajedrez madrid, federarse ajedrez, campeonato de Espa\u00f1a de ajedrez, ajedrez\" \/>\n<meta property=\"og:url\" content=\"https:\/\/feda.org\/feda2k16\/ajedrez-escolar-por-equipos-en-guardamar-del-seguraalicante-2025\/\" \/>\n<meta property=\"og:site_name\" content=\"FEDA\" \/>\n<meta property=\"article:publisher\" content=\"https:\/\/www.facebook.com\/federacionespanoladeajedrez\/\" \/>\n<meta property=\"article:published_time\" content=\"2025-04-27T19:53:04+00:00\" \/>\n<meta property=\"article:modified_time\" content=\"2025-04-30T14:10:43+00:00\" \/>\n<meta property=\"og:image\" content=\"https:\/\/feda.org\/feda2k16\/wp-content\/uploads\/unnamed-2.jpg\" \/>\n\t<meta property=\"og:image:width\" content=\"1123\" \/>\n\t<meta property=\"og:image:height\" content=\"720\" \/>\n\t<meta property=\"og:image:type\" content=\"image\/jpeg\" \/>\n<meta name=\"author\" content=\"elefante66\" \/>\n<meta name=\"twitter:card\" content=\"summary_large_image\" \/>\n<meta name=\"twitter:creator\" content=\"@AjedrezEspanola\" \/>\n<meta name=\"twitter:site\" content=\"@AjedrezEspanola\" \/>\n<meta name=\"twitter:label1\" content=\"Escrito por\" \/>\n\t<meta name=\"twitter:data1\" content=\"elefante66\" \/>\n\t<meta name=\"twitter:label2\" content=\"Tiempo de lectura\" \/>\n\t<meta name=\"twitter:data2\" content=\"1 minuto\" \/>\n<script type=\"application\/ld+json\" class=\"yoast-schema-graph\">{\"@context\":\"https:\\\/\\\/schema.org\",\"@graph\":[{\"@type\":\"Article\",\"@id\":\"https:\\\/\\\/feda.org\\\/feda2k16\\\/ajedrez-escolar-por-equipos-en-guardamar-del-seguraalicante-2025\\\/#article\",\"isPartOf\":{\"@id\":\"https:\\\/\\\/feda.org\\\/feda2k16\\\/ajedrez-escolar-por-equipos-en-guardamar-del-seguraalicante-2025\\\/\"},\"author\":{\"name\":\"elefante66\",\"@id\":\"https:\\\/\\\/feda.org\\\/feda2k16\\\/#\\\/schema\\\/person\\\/b39486343e189c77e58d02641385fe29\"},\"headline\":\"Ajedrez Escolar por Equipos en Guardamar del Segura(Alicante) 2025.\",\"datePublished\":\"2025-04-27T19:53:04+00:00\",\"dateModified\":\"2025-04-30T14:10:43+00:00\",\"mainEntityOfPage\":{\"@id\":\"https:\\\/\\\/feda.org\\\/feda2k16\\\/ajedrez-escolar-por-equipos-en-guardamar-del-seguraalicante-2025\\\/\"},\"wordCount\":108,\"publisher\":{\"@id\":\"https:\\\/\\\/feda.org\\\/feda2k16\\\/#organization\"},\"image\":{\"@id\":\"https:\\\/\\\/feda.org\\\/feda2k16\\\/ajedrez-escolar-por-equipos-en-guardamar-del-seguraalicante-2025\\\/#primaryimage\"},\"thumbnailUrl\":\"https:\\\/\\\/feda.org\\\/feda2k16\\\/wp-content\\\/uploads\\\/unnamed-2.jpg\",\"articleSection\":[\"Noticias\"],\"inLanguage\":\"es\"},{\"@type\":\"WebPage\",\"@id\":\"https:\\\/\\\/feda.org\\\/feda2k16\\\/ajedrez-escolar-por-equipos-en-guardamar-del-seguraalicante-2025\\\/\",\"url\":\"https:\\\/\\\/feda.org\\\/feda2k16\\\/ajedrez-escolar-por-equipos-en-guardamar-del-seguraalicante-2025\\\/\",\"name\":\"Ajedrez Escolar por Equipos en Guardamar del Segura(Alicante) 2025. - FEDA\",\"isPartOf\":{\"@id\":\"https:\\\/\\\/feda.org\\\/feda2k16\\\/#website\"},\"primaryImageOfPage\":{\"@id\":\"https:\\\/\\\/feda.org\\\/feda2k16\\\/ajedrez-escolar-por-equipos-en-guardamar-del-seguraalicante-2025\\\/#primaryimage\"},\"image\":{\"@id\":\"https:\\\/\\\/feda.org\\\/feda2k16\\\/ajedrez-escolar-por-equipos-en-guardamar-del-seguraalicante-2025\\\/#primaryimage\"},\"thumbnailUrl\":\"https:\\\/\\\/feda.org\\\/feda2k16\\\/wp-content\\\/uploads\\\/unnamed-2.jpg\",\"datePublished\":\"2025-04-27T19:53:04+00:00\",\"dateModified\":\"2025-04-30T14:10:43+00:00\",\"description\":\"FEDA, Federaci\u00f3n Espa\u00f1ola de Ajedrez, ajedrez madrid, federarse ajedrez, campeonato de Espa\u00f1a de ajedrez, ajedrez\",\"breadcrumb\":{\"@id\":\"https:\\\/\\\/feda.org\\\/feda2k16\\\/ajedrez-escolar-por-equipos-en-guardamar-del-seguraalicante-2025\\\/#breadcrumb\"},\"inLanguage\":\"es\",\"potentialAction\":[{\"@type\":\"ReadAction\",\"target\":[\"https:\\\/\\\/feda.org\\\/feda2k16\\\/ajedrez-escolar-por-equipos-en-guardamar-del-seguraalicante-2025\\\/\"]}]},{\"@type\":\"ImageObject\",\"inLanguage\":\"es\",\"@id\":\"https:\\\/\\\/feda.org\\\/feda2k16\\\/ajedrez-escolar-por-equipos-en-guardamar-del-seguraalicante-2025\\\/#primaryimage\",\"url\":\"https:\\\/\\\/feda.org\\\/feda2k16\\\/wp-content\\\/uploads\\\/unnamed-2.jpg\",\"contentUrl\":\"https:\\\/\\\/feda.org\\\/feda2k16\\\/wp-content\\\/uploads\\\/unnamed-2.jpg\",\"width\":1123,\"height\":720},{\"@type\":\"BreadcrumbList\",\"@id\":\"https:\\\/\\\/feda.org\\\/feda2k16\\\/ajedrez-escolar-por-equipos-en-guardamar-del-seguraalicante-2025\\\/#breadcrumb\",\"itemListElement\":[{\"@type\":\"ListItem\",\"position\":1,\"name\":\"Portada\",\"item\":\"https:\\\/\\\/feda.org\\\/feda2k16\\\/\"},{\"@type\":\"ListItem\",\"position\":2,\"name\":\"Ajedrez Escolar por Equipos en Guardamar del Segura(Alicante) 2025.\"}]},{\"@type\":\"WebSite\",\"@id\":\"https:\\\/\\\/feda.org\\\/feda2k16\\\/#website\",\"url\":\"https:\\\/\\\/feda.org\\\/feda2k16\\\/\",\"name\":\"FEDA\",\"description\":\"Federaci\u00f3n Espa\u00f1ola de Ajedrez\",\"publisher\":{\"@id\":\"https:\\\/\\\/feda.org\\\/feda2k16\\\/#organization\"},\"alternateName\":\"Federaci\u00f3n Espa\u00f1ola de Ajedrez\",\"potentialAction\":[{\"@type\":\"SearchAction\",\"target\":{\"@type\":\"EntryPoint\",\"urlTemplate\":\"https:\\\/\\\/feda.org\\\/feda2k16\\\/?s={search_term_string}\"},\"query-input\":{\"@type\":\"PropertyValueSpecification\",\"valueRequired\":true,\"valueName\":\"search_term_string\"}}],\"inLanguage\":\"es\"},{\"@type\":\"Organization\",\"@id\":\"https:\\\/\\\/feda.org\\\/feda2k16\\\/#organization\",\"name\":\"FEDA\",\"alternateName\":\"Federaci\u00f3n Espa\u00f1ola de Ajedrez\",\"url\":\"https:\\\/\\\/feda.org\\\/feda2k16\\\/\",\"logo\":{\"@type\":\"ImageObject\",\"inLanguage\":\"es\",\"@id\":\"https:\\\/\\\/feda.org\\\/feda2k16\\\/#\\\/schema\\\/logo\\\/image\\\/\",\"url\":\"https:\\\/\\\/feda.org\\\/feda2k16\\\/wp-content\\\/uploads\\\/NuevoLogo_FEDA_2016.png\",\"contentUrl\":\"https:\\\/\\\/feda.org\\\/feda2k16\\\/wp-content\\\/uploads\\\/NuevoLogo_FEDA_2016.png\",\"width\":600,\"height\":600,\"caption\":\"FEDA\"},\"image\":{\"@id\":\"https:\\\/\\\/feda.org\\\/feda2k16\\\/#\\\/schema\\\/logo\\\/image\\\/\"},\"sameAs\":[\"https:\\\/\\\/www.facebook.com\\\/federacionespanoladeajedrez\\\/\",\"https:\\\/\\\/x.com\\\/AjedrezEspanola\",\"https:\\\/\\\/www.instagram.com\\\/federacionespanolaajedrez\\\/?hl=es\",\"https:\\\/\\\/www.youtube.com\\\/@FederacionEspanoladeAjedrezFED\\\/featured\"]},{\"@type\":\"Person\",\"@id\":\"https:\\\/\\\/feda.org\\\/feda2k16\\\/#\\\/schema\\\/person\\\/b39486343e189c77e58d02641385fe29\",\"name\":\"elefante66\",\"url\":\"https:\\\/\\\/feda.org\\\/feda2k16\\\/author\\\/elefante66\\\/\"}]}<\/script>\n<!-- \/ Yoast SEO plugin. -->","yoast_head_json":{"title":"Ajedrez Escolar por Equipos en Guardamar del Segura(Alicante) 2025. - FEDA","description":"FEDA, Federaci\u00f3n Espa\u00f1ola de Ajedrez, ajedrez madrid, federarse ajedrez, campeonato de Espa\u00f1a de ajedrez, ajedrez","robots":{"index":"index","follow":"follow","max-snippet":"max-snippet:-1","max-image-preview":"max-image-preview:large","max-video-preview":"max-video-preview:-1"},"canonical":"https:\/\/feda.org\/feda2k16\/ajedrez-escolar-por-equipos-en-guardamar-del-seguraalicante-2025\/","og_locale":"es_ES","og_type":"article","og_title":"Ajedrez Escolar por Equipos en Guardamar del Segura(Alicante) 2025. - FEDA","og_description":"FEDA, Federaci\u00f3n Espa\u00f1ola de Ajedrez, ajedrez madrid, federarse ajedrez, campeonato de Espa\u00f1a de ajedrez, ajedrez","og_url":"https:\/\/feda.org\/feda2k16\/ajedrez-escolar-por-equipos-en-guardamar-del-seguraalicante-2025\/","og_site_name":"FEDA","article_publisher":"https:\/\/www.facebook.com\/federacionespanoladeajedrez\/","article_published_time":"2025-04-27T19:53:04+00:00","article_modified_time":"2025-04-30T14:10:43+00:00","og_image":[{"width":1123,"height":720,"url":"https:\/\/feda.org\/feda2k16\/wp-content\/uploads\/unnamed-2.jpg","type":"image\/jpeg"}],"author":"elefante66","twitter_card":"summary_large_image","twitter_creator":"@AjedrezEspanola","twitter_site":"@AjedrezEspanola","twitter_misc":{"Escrito por":"elefante66","Tiempo de lectura":"1 minuto"},"schema":{"@context":"https:\/\/schema.org","@graph":[{"@type":"Article","@id":"https:\/\/feda.org\/feda2k16\/ajedrez-escolar-por-equipos-en-guardamar-del-seguraalicante-2025\/#article","isPartOf":{"@id":"https:\/\/feda.org\/feda2k16\/ajedrez-escolar-por-equipos-en-guardamar-del-seguraalicante-2025\/"},"author":{"name":"elefante66","@id":"https:\/\/feda.org\/feda2k16\/#\/schema\/person\/b39486343e189c77e58d02641385fe29"},"headline":"Ajedrez Escolar por Equipos en Guardamar del Segura(Alicante) 2025.","datePublished":"2025-04-27T19:53:04+00:00","dateModified":"2025-04-30T14:10:43+00:00","mainEntityOfPage":{"@id":"https:\/\/feda.org\/feda2k16\/ajedrez-escolar-por-equipos-en-guardamar-del-seguraalicante-2025\/"},"wordCount":108,"publisher":{"@id":"https:\/\/feda.org\/feda2k16\/#organization"},"image":{"@id":"https:\/\/feda.org\/feda2k16\/ajedrez-escolar-por-equipos-en-guardamar-del-seguraalicante-2025\/#primaryimage"},"thumbnailUrl":"https:\/\/feda.org\/feda2k16\/wp-content\/uploads\/unnamed-2.jpg","articleSection":["Noticias"],"inLanguage":"es"},{"@type":"WebPage","@id":"https:\/\/feda.org\/feda2k16\/ajedrez-escolar-por-equipos-en-guardamar-del-seguraalicante-2025\/","url":"https:\/\/feda.org\/feda2k16\/ajedrez-escolar-por-equipos-en-guardamar-del-seguraalicante-2025\/","name":"Ajedrez Escolar por Equipos en Guardamar del Segura(Alicante) 2025. - FEDA","isPartOf":{"@id":"https:\/\/feda.org\/feda2k16\/#website"},"primaryImageOfPage":{"@id":"https:\/\/feda.org\/feda2k16\/ajedrez-escolar-por-equipos-en-guardamar-del-seguraalicante-2025\/#primaryimage"},"image":{"@id":"https:\/\/feda.org\/feda2k16\/ajedrez-escolar-por-equipos-en-guardamar-del-seguraalicante-2025\/#primaryimage"},"thumbnailUrl":"https:\/\/feda.org\/feda2k16\/wp-content\/uploads\/unnamed-2.jpg","datePublished":"2025-04-27T19:53:04+00:00","dateModified":"2025-04-30T14:10:43+00:00","description":"FEDA, Federaci\u00f3n Espa\u00f1ola de Ajedrez, ajedrez madrid, federarse ajedrez, campeonato de Espa\u00f1a de ajedrez, ajedrez","breadcrumb":{"@id":"https:\/\/feda.org\/feda2k16\/ajedrez-escolar-por-equipos-en-guardamar-del-seguraalicante-2025\/#breadcrumb"},"inLanguage":"es","potentialAction":[{"@type":"ReadAction","target":["https:\/\/feda.org\/feda2k16\/ajedrez-escolar-por-equipos-en-guardamar-del-seguraalicante-2025\/"]}]},{"@type":"ImageObject","inLanguage":"es","@id":"https:\/\/feda.org\/feda2k16\/ajedrez-escolar-por-equipos-en-guardamar-del-seguraalicante-2025\/#primaryimage","url":"https:\/\/feda.org\/feda2k16\/wp-content\/uploads\/unnamed-2.jpg","contentUrl":"https:\/\/feda.org\/feda2k16\/wp-content\/uploads\/unnamed-2.jpg","width":1123,"height":720},{"@type":"BreadcrumbList","@id":"https:\/\/feda.org\/feda2k16\/ajedrez-escolar-por-equipos-en-guardamar-del-seguraalicante-2025\/#breadcrumb","itemListElement":[{"@type":"ListItem","position":1,"name":"Portada","item":"https:\/\/feda.org\/feda2k16\/"},{"@type":"ListItem","position":2,"name":"Ajedrez Escolar por Equipos en Guardamar del Segura(Alicante) 2025."}]},{"@type":"WebSite","@id":"https:\/\/feda.org\/feda2k16\/#website","url":"https:\/\/feda.org\/feda2k16\/","name":"FEDA","description":"Federaci\u00f3n Espa\u00f1ola de Ajedrez","publisher":{"@id":"https:\/\/feda.org\/feda2k16\/#organization"},"alternateName":"Federaci\u00f3n Espa\u00f1ola de Ajedrez","potentialAction":[{"@type":"SearchAction","target":{"@type":"EntryPoint","urlTemplate":"https:\/\/feda.org\/feda2k16\/?s={search_term_string}"},"query-input":{"@type":"PropertyValueSpecification","valueRequired":true,"valueName":"search_term_string"}}],"inLanguage":"es"},{"@type":"Organization","@id":"https:\/\/feda.org\/feda2k16\/#organization","name":"FEDA","alternateName":"Federaci\u00f3n Espa\u00f1ola de Ajedrez","url":"https:\/\/feda.org\/feda2k16\/","logo":{"@type":"ImageObject","inLanguage":"es","@id":"https:\/\/feda.org\/feda2k16\/#\/schema\/logo\/image\/","url":"https:\/\/feda.org\/feda2k16\/wp-content\/uploads\/NuevoLogo_FEDA_2016.png","contentUrl":"https:\/\/feda.org\/feda2k16\/wp-content\/uploads\/NuevoLogo_FEDA_2016.png","width":600,"height":600,"caption":"FEDA"},"image":{"@id":"https:\/\/feda.org\/feda2k16\/#\/schema\/logo\/image\/"},"sameAs":["https:\/\/www.facebook.com\/federacionespanoladeajedrez\/","https:\/\/x.com\/AjedrezEspanola","https:\/\/www.instagram.com\/federacionespanolaajedrez\/?hl=es","https:\/\/www.youtube.com\/@FederacionEspanoladeAjedrezFED\/featured"]},{"@type":"Person","@id":"https:\/\/feda.org\/feda2k16\/#\/schema\/person\/b39486343e189c77e58d02641385fe29","name":"elefante66","url":"https:\/\/feda.org\/feda2k16\/author\/elefante66\/"}]}},"_links":{"self":[{"href":"https:\/\/feda.org\/feda2k16\/wp-json\/wp\/v2\/posts\/26099","targetHints":{"allow":["GET"]}}],"collection":[{"href":"https:\/\/feda.org\/feda2k16\/wp-json\/wp\/v2\/posts"}],"about":[{"href":"https:\/\/feda.org\/feda2k16\/wp-json\/wp\/v2\/types\/post"}],"author":[{"embeddable":true,"href":"https:\/\/feda.org\/feda2k16\/wp-json\/wp\/v2\/users\/5"}],"replies":[{"embeddable":true,"href":"https:\/\/feda.org\/feda2k16\/wp-json\/wp\/v2\/comments?post=26099"}],"version-history":[{"count":2,"href":"https:\/\/feda.org\/feda2k16\/wp-json\/wp\/v2\/posts\/26099\/revisions"}],"predecessor-version":[{"id":26104,"href":"https:\/\/feda.org\/feda2k16\/wp-json\/wp\/v2\/posts\/26099\/revisions\/26104"}],"wp:attachment":[{"href":"https:\/\/feda.org\/feda2k16\/wp-json\/wp\/v2\/media?parent=26099"}],"wp:term":[{"taxonomy":"category","embeddable":true,"href":"https:\/\/feda.org\/feda2k16\/wp-json\/wp\/v2\/categories?post=26099"},{"taxonomy":"post_tag","embeddable":true,"href":"https:\/\/feda.org\/feda2k16\/wp-json\/wp\/v2\/tags?post=26099"}],"curies":[{"name":"wp","href":"https:\/\/api.w.org\/{rel}","templated":true}]}}