{"id":26370,"date":"2025-06-22T17:57:31","date_gmt":"2025-06-22T17:57:31","guid":{"rendered":"https:\/\/feda.org\/feda2k16\/?p=26370"},"modified":"2025-06-22T18:00:41","modified_gmt":"2025-06-22T18:00:41","slug":"comunidad-valenciana-y-madrid-campeones-2025-de-selecciones-autonomicas-zaragoza-2025","status":"publish","type":"post","link":"https:\/\/feda.org\/feda2k16\/comunidad-valenciana-y-madrid-campeones-2025-de-selecciones-autonomicas-zaragoza-2025\/","title":{"rendered":"Comunidad Valenciana y Madrid Campeones de Selecciones Auton\u00f3micas. Zaragoza 2025."},"content":{"rendered":"\n<figure class=\"wp-block-image size-full\"><img fetchpriority=\"high\" decoding=\"async\" width=\"1496\" height=\"707\" src=\"https:\/\/feda.org\/feda2k16\/wp-content\/uploads\/Imagen-de-WhatsApp-2025-06-22-a-las-16.32.11_ea25ddd8.jpg\" alt=\"\" class=\"wp-image-26369\" srcset=\"https:\/\/feda.org\/feda2k16\/wp-content\/uploads\/Imagen-de-WhatsApp-2025-06-22-a-las-16.32.11_ea25ddd8.jpg 1496w, https:\/\/feda.org\/feda2k16\/wp-content\/uploads\/Imagen-de-WhatsApp-2025-06-22-a-las-16.32.11_ea25ddd8-768x363.jpg 768w\" sizes=\"(max-width: 1496px) 100vw, 1496px\" \/><\/figure>\n\n\n\n<p>El Campeonato de Espa\u00f1a de Selecciones Auton\u00f3micas, se ha celebrado en las magn\u00edficas instalaciones del Centro Nataci\u00f3n Helios (este a\u00f1o est\u00e1n de aniversario cumple 100 a\u00f1os) en Zaragoza. Campeonato Organizado por la Federaci\u00f3n Aragonesa de Ajedrez entre los d\u00edas 19 al 22 de junio.\u00a0 La Comunidad Valenciana (Infantil) y Madrid (Cadetes) se han proclamado Campeones de Espa\u00f1a de Selecciones Auton\u00f3micas 2025<\/p>\n<p><img decoding=\"async\" class=\"alignnone size-full wp-image-26367\" src=\"https:\/\/feda.org\/feda2k16\/wp-content\/uploads\/1-12-scaled.jpg\" alt=\"\" width=\"2560\" height=\"1298\" srcset=\"https:\/\/feda.org\/feda2k16\/wp-content\/uploads\/1-12-scaled.jpg 2560w, https:\/\/feda.org\/feda2k16\/wp-content\/uploads\/1-12-768x389.jpg 768w, https:\/\/feda.org\/feda2k16\/wp-content\/uploads\/1-12-1536x779.jpg 1536w, https:\/\/feda.org\/feda2k16\/wp-content\/uploads\/1-12-2048x1038.jpg 2048w\" sizes=\"(max-width: 2560px) 100vw, 2560px\" \/><\/p>\n\n\n\n<p style=\"text-align: center;\">Foto: Podio Infantil. 1\u00ba Comunidad Valenciana, 2\u00ba Madrid\u00a0 y 3\u00ba Catalu\u00f1a.<\/p>\n<p style=\"text-align: center;\">Clasificaci\u00f3n: <a href=\"https:\/\/info64.org\/team\/ce-selecciones-autonomicas-infantil-2025\/standings\">INFO64 &#8211; Infantil<\/a><\/p>\n<p>\u00a0<\/p>\n<p><img decoding=\"async\" class=\"alignnone size-full wp-image-26368\" src=\"https:\/\/feda.org\/feda2k16\/wp-content\/uploads\/2-9-scaled.jpg\" alt=\"\" width=\"2560\" height=\"1226\" srcset=\"https:\/\/feda.org\/feda2k16\/wp-content\/uploads\/2-9-scaled.jpg 2560w, https:\/\/feda.org\/feda2k16\/wp-content\/uploads\/2-9-768x368.jpg 768w, https:\/\/feda.org\/feda2k16\/wp-content\/uploads\/2-9-1536x735.jpg 1536w, https:\/\/feda.org\/feda2k16\/wp-content\/uploads\/2-9-2048x980.jpg 2048w\" sizes=\"(max-width: 2560px) 100vw, 2560px\" \/><\/p>\n\n\n\n<p style=\"text-align: center;\">Foto: Podio Cadete. 1\u00ba Madrid, 2\u00ba Catalu\u00f1a y 3\u00ba Asturias.<\/p>\n<p style=\"text-align: center;\">Clasificaci\u00f3n: <a href=\"https:\/\/info64.org\/team\/ce-selecciones-autonomicas-cadete-2025\/standings\">INFO64 &#8211; Cadetes<\/a><\/p>\n<p style=\"text-align: center;\">Galer\u00eda fotogr\u00e1fica:<a href=\"https:\/\/www.facebook.com\/media\/set?vanity=federacionespanoladeajedrez&amp;set=a.1033672148855254\"> Facebook FEDA<\/a><\/p>\n\n\n\n\n\n\n","protected":false},"excerpt":{"rendered":"<p>El Campeonato de Espa\u00f1a de Selecciones Auton\u00f3micas, se ha celebrado en las magn\u00edficas instalaciones del Centro Nataci\u00f3n Helios (este a\u00f1o est\u00e1n de aniversario cumple 100 a\u00f1os) en Zaragoza. Campeonato Organizado por la Federaci\u00f3n Aragonesa de Ajedrez entre los d\u00edas 19 al 22 de junio.\u00a0 La Comunidad Valenciana (Infantil) y Madrid (Cadetes) se han proclamado Campeones [&hellip;]<\/p>\n","protected":false},"author":5,"featured_media":0,"comment_status":"closed","ping_status":"closed","sticky":false,"template":"","format":"standard","meta":{"footnotes":""},"categories":[16],"tags":[],"class_list":["post-26370","post","type-post","status-publish","format-standard","hentry","category-noticias"],"yoast_head":"<!-- This site is optimized with the Yoast SEO plugin v27.4 - https:\/\/yoast.com\/product\/yoast-seo-wordpress\/ -->\n<title>Comunidad Valenciana y Madrid Campeones de Selecciones Auton\u00f3micas. Zaragoza 2025. - FEDA<\/title>\n<meta name=\"description\" content=\"FEDA, Federaci\u00f3n Espa\u00f1ola de Ajedrez, ajedrez madrid, federarse ajedrez, campeonato de Espa\u00f1a de ajedrez, ajedrez\" \/>\n<meta name=\"robots\" content=\"index, follow, max-snippet:-1, max-image-preview:large, max-video-preview:-1\" \/>\n<link rel=\"canonical\" href=\"https:\/\/feda.org\/feda2k16\/comunidad-valenciana-y-madrid-campeones-2025-de-selecciones-autonomicas-zaragoza-2025\/\" \/>\n<meta property=\"og:locale\" content=\"es_ES\" \/>\n<meta property=\"og:type\" content=\"article\" \/>\n<meta property=\"og:title\" content=\"Comunidad Valenciana y Madrid Campeones de Selecciones Auton\u00f3micas. Zaragoza 2025. - FEDA\" \/>\n<meta property=\"og:description\" content=\"FEDA, Federaci\u00f3n Espa\u00f1ola de Ajedrez, ajedrez madrid, federarse ajedrez, campeonato de Espa\u00f1a de ajedrez, ajedrez\" \/>\n<meta property=\"og:url\" content=\"https:\/\/feda.org\/feda2k16\/comunidad-valenciana-y-madrid-campeones-2025-de-selecciones-autonomicas-zaragoza-2025\/\" \/>\n<meta property=\"og:site_name\" content=\"FEDA\" \/>\n<meta property=\"article:publisher\" content=\"https:\/\/www.facebook.com\/federacionespanoladeajedrez\/\" \/>\n<meta property=\"article:published_time\" content=\"2025-06-22T17:57:31+00:00\" \/>\n<meta property=\"article:modified_time\" content=\"2025-06-22T18:00:41+00:00\" \/>\n<meta property=\"og:image\" content=\"https:\/\/feda.org\/feda2k16\/wp-content\/uploads\/Imagen-de-WhatsApp-2025-06-22-a-las-16.32.11_ea25ddd8.jpg\" \/>\n\t<meta property=\"og:image:width\" content=\"1496\" \/>\n\t<meta property=\"og:image:height\" content=\"707\" \/>\n\t<meta property=\"og:image:type\" content=\"image\/jpeg\" \/>\n<meta name=\"author\" content=\"elefante66\" \/>\n<meta name=\"twitter:card\" content=\"summary_large_image\" \/>\n<meta name=\"twitter:creator\" content=\"@AjedrezEspanola\" \/>\n<meta name=\"twitter:site\" content=\"@AjedrezEspanola\" \/>\n<meta name=\"twitter:label1\" content=\"Escrito por\" \/>\n\t<meta name=\"twitter:data1\" content=\"elefante66\" \/>\n\t<meta name=\"twitter:label2\" content=\"Tiempo de lectura\" \/>\n\t<meta name=\"twitter:data2\" content=\"2 minutos\" \/>\n<script type=\"application\/ld+json\" class=\"yoast-schema-graph\">{\"@context\":\"https:\\\/\\\/schema.org\",\"@graph\":[{\"@type\":\"Article\",\"@id\":\"https:\\\/\\\/feda.org\\\/feda2k16\\\/comunidad-valenciana-y-madrid-campeones-2025-de-selecciones-autonomicas-zaragoza-2025\\\/#article\",\"isPartOf\":{\"@id\":\"https:\\\/\\\/feda.org\\\/feda2k16\\\/comunidad-valenciana-y-madrid-campeones-2025-de-selecciones-autonomicas-zaragoza-2025\\\/\"},\"author\":{\"name\":\"elefante66\",\"@id\":\"https:\\\/\\\/feda.org\\\/feda2k16\\\/#\\\/schema\\\/person\\\/b39486343e189c77e58d02641385fe29\"},\"headline\":\"Comunidad Valenciana y Madrid Campeones de Selecciones Auton\u00f3micas. Zaragoza 2025.\",\"datePublished\":\"2025-06-22T17:57:31+00:00\",\"dateModified\":\"2025-06-22T18:00:41+00:00\",\"mainEntityOfPage\":{\"@id\":\"https:\\\/\\\/feda.org\\\/feda2k16\\\/comunidad-valenciana-y-madrid-campeones-2025-de-selecciones-autonomicas-zaragoza-2025\\\/\"},\"wordCount\":111,\"publisher\":{\"@id\":\"https:\\\/\\\/feda.org\\\/feda2k16\\\/#organization\"},\"image\":{\"@id\":\"https:\\\/\\\/feda.org\\\/feda2k16\\\/comunidad-valenciana-y-madrid-campeones-2025-de-selecciones-autonomicas-zaragoza-2025\\\/#primaryimage\"},\"thumbnailUrl\":\"https:\\\/\\\/feda.org\\\/feda2k16\\\/wp-content\\\/uploads\\\/Imagen-de-WhatsApp-2025-06-22-a-las-16.32.11_ea25ddd8.jpg\",\"articleSection\":[\"Noticias\"],\"inLanguage\":\"es\"},{\"@type\":\"WebPage\",\"@id\":\"https:\\\/\\\/feda.org\\\/feda2k16\\\/comunidad-valenciana-y-madrid-campeones-2025-de-selecciones-autonomicas-zaragoza-2025\\\/\",\"url\":\"https:\\\/\\\/feda.org\\\/feda2k16\\\/comunidad-valenciana-y-madrid-campeones-2025-de-selecciones-autonomicas-zaragoza-2025\\\/\",\"name\":\"Comunidad Valenciana y Madrid Campeones de Selecciones Auton\u00f3micas. Zaragoza 2025. - FEDA\",\"isPartOf\":{\"@id\":\"https:\\\/\\\/feda.org\\\/feda2k16\\\/#website\"},\"primaryImageOfPage\":{\"@id\":\"https:\\\/\\\/feda.org\\\/feda2k16\\\/comunidad-valenciana-y-madrid-campeones-2025-de-selecciones-autonomicas-zaragoza-2025\\\/#primaryimage\"},\"image\":{\"@id\":\"https:\\\/\\\/feda.org\\\/feda2k16\\\/comunidad-valenciana-y-madrid-campeones-2025-de-selecciones-autonomicas-zaragoza-2025\\\/#primaryimage\"},\"thumbnailUrl\":\"https:\\\/\\\/feda.org\\\/feda2k16\\\/wp-content\\\/uploads\\\/Imagen-de-WhatsApp-2025-06-22-a-las-16.32.11_ea25ddd8.jpg\",\"datePublished\":\"2025-06-22T17:57:31+00:00\",\"dateModified\":\"2025-06-22T18:00:41+00:00\",\"description\":\"FEDA, Federaci\u00f3n Espa\u00f1ola de Ajedrez, ajedrez madrid, federarse ajedrez, campeonato de Espa\u00f1a de ajedrez, ajedrez\",\"breadcrumb\":{\"@id\":\"https:\\\/\\\/feda.org\\\/feda2k16\\\/comunidad-valenciana-y-madrid-campeones-2025-de-selecciones-autonomicas-zaragoza-2025\\\/#breadcrumb\"},\"inLanguage\":\"es\",\"potentialAction\":[{\"@type\":\"ReadAction\",\"target\":[\"https:\\\/\\\/feda.org\\\/feda2k16\\\/comunidad-valenciana-y-madrid-campeones-2025-de-selecciones-autonomicas-zaragoza-2025\\\/\"]}]},{\"@type\":\"ImageObject\",\"inLanguage\":\"es\",\"@id\":\"https:\\\/\\\/feda.org\\\/feda2k16\\\/comunidad-valenciana-y-madrid-campeones-2025-de-selecciones-autonomicas-zaragoza-2025\\\/#primaryimage\",\"url\":\"https:\\\/\\\/feda.org\\\/feda2k16\\\/wp-content\\\/uploads\\\/Imagen-de-WhatsApp-2025-06-22-a-las-16.32.11_ea25ddd8.jpg\",\"contentUrl\":\"https:\\\/\\\/feda.org\\\/feda2k16\\\/wp-content\\\/uploads\\\/Imagen-de-WhatsApp-2025-06-22-a-las-16.32.11_ea25ddd8.jpg\",\"width\":1496,\"height\":707},{\"@type\":\"BreadcrumbList\",\"@id\":\"https:\\\/\\\/feda.org\\\/feda2k16\\\/comunidad-valenciana-y-madrid-campeones-2025-de-selecciones-autonomicas-zaragoza-2025\\\/#breadcrumb\",\"itemListElement\":[{\"@type\":\"ListItem\",\"position\":1,\"name\":\"Portada\",\"item\":\"https:\\\/\\\/feda.org\\\/feda2k16\\\/\"},{\"@type\":\"ListItem\",\"position\":2,\"name\":\"Comunidad Valenciana y Madrid Campeones de Selecciones Auton\u00f3micas. Zaragoza 2025.\"}]},{\"@type\":\"WebSite\",\"@id\":\"https:\\\/\\\/feda.org\\\/feda2k16\\\/#website\",\"url\":\"https:\\\/\\\/feda.org\\\/feda2k16\\\/\",\"name\":\"FEDA\",\"description\":\"Federaci\u00f3n Espa\u00f1ola de Ajedrez\",\"publisher\":{\"@id\":\"https:\\\/\\\/feda.org\\\/feda2k16\\\/#organization\"},\"alternateName\":\"Federaci\u00f3n Espa\u00f1ola de Ajedrez\",\"potentialAction\":[{\"@type\":\"SearchAction\",\"target\":{\"@type\":\"EntryPoint\",\"urlTemplate\":\"https:\\\/\\\/feda.org\\\/feda2k16\\\/?s={search_term_string}\"},\"query-input\":{\"@type\":\"PropertyValueSpecification\",\"valueRequired\":true,\"valueName\":\"search_term_string\"}}],\"inLanguage\":\"es\"},{\"@type\":\"Organization\",\"@id\":\"https:\\\/\\\/feda.org\\\/feda2k16\\\/#organization\",\"name\":\"FEDA\",\"alternateName\":\"Federaci\u00f3n Espa\u00f1ola de Ajedrez\",\"url\":\"https:\\\/\\\/feda.org\\\/feda2k16\\\/\",\"logo\":{\"@type\":\"ImageObject\",\"inLanguage\":\"es\",\"@id\":\"https:\\\/\\\/feda.org\\\/feda2k16\\\/#\\\/schema\\\/logo\\\/image\\\/\",\"url\":\"https:\\\/\\\/feda.org\\\/feda2k16\\\/wp-content\\\/uploads\\\/NuevoLogo_FEDA_2016.png\",\"contentUrl\":\"https:\\\/\\\/feda.org\\\/feda2k16\\\/wp-content\\\/uploads\\\/NuevoLogo_FEDA_2016.png\",\"width\":600,\"height\":600,\"caption\":\"FEDA\"},\"image\":{\"@id\":\"https:\\\/\\\/feda.org\\\/feda2k16\\\/#\\\/schema\\\/logo\\\/image\\\/\"},\"sameAs\":[\"https:\\\/\\\/www.facebook.com\\\/federacionespanoladeajedrez\\\/\",\"https:\\\/\\\/x.com\\\/AjedrezEspanola\",\"https:\\\/\\\/www.instagram.com\\\/federacionespanolaajedrez\\\/?hl=es\",\"https:\\\/\\\/www.youtube.com\\\/@FederacionEspanoladeAjedrezFED\\\/featured\"]},{\"@type\":\"Person\",\"@id\":\"https:\\\/\\\/feda.org\\\/feda2k16\\\/#\\\/schema\\\/person\\\/b39486343e189c77e58d02641385fe29\",\"name\":\"elefante66\",\"url\":\"https:\\\/\\\/feda.org\\\/feda2k16\\\/author\\\/elefante66\\\/\"}]}<\/script>\n<!-- \/ Yoast SEO plugin. -->","yoast_head_json":{"title":"Comunidad Valenciana y Madrid Campeones de Selecciones Auton\u00f3micas. Zaragoza 2025. - FEDA","description":"FEDA, Federaci\u00f3n Espa\u00f1ola de Ajedrez, ajedrez madrid, federarse ajedrez, campeonato de Espa\u00f1a de ajedrez, ajedrez","robots":{"index":"index","follow":"follow","max-snippet":"max-snippet:-1","max-image-preview":"max-image-preview:large","max-video-preview":"max-video-preview:-1"},"canonical":"https:\/\/feda.org\/feda2k16\/comunidad-valenciana-y-madrid-campeones-2025-de-selecciones-autonomicas-zaragoza-2025\/","og_locale":"es_ES","og_type":"article","og_title":"Comunidad Valenciana y Madrid Campeones de Selecciones Auton\u00f3micas. Zaragoza 2025. - FEDA","og_description":"FEDA, Federaci\u00f3n Espa\u00f1ola de Ajedrez, ajedrez madrid, federarse ajedrez, campeonato de Espa\u00f1a de ajedrez, ajedrez","og_url":"https:\/\/feda.org\/feda2k16\/comunidad-valenciana-y-madrid-campeones-2025-de-selecciones-autonomicas-zaragoza-2025\/","og_site_name":"FEDA","article_publisher":"https:\/\/www.facebook.com\/federacionespanoladeajedrez\/","article_published_time":"2025-06-22T17:57:31+00:00","article_modified_time":"2025-06-22T18:00:41+00:00","og_image":[{"width":1496,"height":707,"url":"https:\/\/feda.org\/feda2k16\/wp-content\/uploads\/Imagen-de-WhatsApp-2025-06-22-a-las-16.32.11_ea25ddd8.jpg","type":"image\/jpeg"}],"author":"elefante66","twitter_card":"summary_large_image","twitter_creator":"@AjedrezEspanola","twitter_site":"@AjedrezEspanola","twitter_misc":{"Escrito por":"elefante66","Tiempo de lectura":"2 minutos"},"schema":{"@context":"https:\/\/schema.org","@graph":[{"@type":"Article","@id":"https:\/\/feda.org\/feda2k16\/comunidad-valenciana-y-madrid-campeones-2025-de-selecciones-autonomicas-zaragoza-2025\/#article","isPartOf":{"@id":"https:\/\/feda.org\/feda2k16\/comunidad-valenciana-y-madrid-campeones-2025-de-selecciones-autonomicas-zaragoza-2025\/"},"author":{"name":"elefante66","@id":"https:\/\/feda.org\/feda2k16\/#\/schema\/person\/b39486343e189c77e58d02641385fe29"},"headline":"Comunidad Valenciana y Madrid Campeones de Selecciones Auton\u00f3micas. Zaragoza 2025.","datePublished":"2025-06-22T17:57:31+00:00","dateModified":"2025-06-22T18:00:41+00:00","mainEntityOfPage":{"@id":"https:\/\/feda.org\/feda2k16\/comunidad-valenciana-y-madrid-campeones-2025-de-selecciones-autonomicas-zaragoza-2025\/"},"wordCount":111,"publisher":{"@id":"https:\/\/feda.org\/feda2k16\/#organization"},"image":{"@id":"https:\/\/feda.org\/feda2k16\/comunidad-valenciana-y-madrid-campeones-2025-de-selecciones-autonomicas-zaragoza-2025\/#primaryimage"},"thumbnailUrl":"https:\/\/feda.org\/feda2k16\/wp-content\/uploads\/Imagen-de-WhatsApp-2025-06-22-a-las-16.32.11_ea25ddd8.jpg","articleSection":["Noticias"],"inLanguage":"es"},{"@type":"WebPage","@id":"https:\/\/feda.org\/feda2k16\/comunidad-valenciana-y-madrid-campeones-2025-de-selecciones-autonomicas-zaragoza-2025\/","url":"https:\/\/feda.org\/feda2k16\/comunidad-valenciana-y-madrid-campeones-2025-de-selecciones-autonomicas-zaragoza-2025\/","name":"Comunidad Valenciana y Madrid Campeones de Selecciones Auton\u00f3micas. Zaragoza 2025. - FEDA","isPartOf":{"@id":"https:\/\/feda.org\/feda2k16\/#website"},"primaryImageOfPage":{"@id":"https:\/\/feda.org\/feda2k16\/comunidad-valenciana-y-madrid-campeones-2025-de-selecciones-autonomicas-zaragoza-2025\/#primaryimage"},"image":{"@id":"https:\/\/feda.org\/feda2k16\/comunidad-valenciana-y-madrid-campeones-2025-de-selecciones-autonomicas-zaragoza-2025\/#primaryimage"},"thumbnailUrl":"https:\/\/feda.org\/feda2k16\/wp-content\/uploads\/Imagen-de-WhatsApp-2025-06-22-a-las-16.32.11_ea25ddd8.jpg","datePublished":"2025-06-22T17:57:31+00:00","dateModified":"2025-06-22T18:00:41+00:00","description":"FEDA, Federaci\u00f3n Espa\u00f1ola de Ajedrez, ajedrez madrid, federarse ajedrez, campeonato de Espa\u00f1a de ajedrez, ajedrez","breadcrumb":{"@id":"https:\/\/feda.org\/feda2k16\/comunidad-valenciana-y-madrid-campeones-2025-de-selecciones-autonomicas-zaragoza-2025\/#breadcrumb"},"inLanguage":"es","potentialAction":[{"@type":"ReadAction","target":["https:\/\/feda.org\/feda2k16\/comunidad-valenciana-y-madrid-campeones-2025-de-selecciones-autonomicas-zaragoza-2025\/"]}]},{"@type":"ImageObject","inLanguage":"es","@id":"https:\/\/feda.org\/feda2k16\/comunidad-valenciana-y-madrid-campeones-2025-de-selecciones-autonomicas-zaragoza-2025\/#primaryimage","url":"https:\/\/feda.org\/feda2k16\/wp-content\/uploads\/Imagen-de-WhatsApp-2025-06-22-a-las-16.32.11_ea25ddd8.jpg","contentUrl":"https:\/\/feda.org\/feda2k16\/wp-content\/uploads\/Imagen-de-WhatsApp-2025-06-22-a-las-16.32.11_ea25ddd8.jpg","width":1496,"height":707},{"@type":"BreadcrumbList","@id":"https:\/\/feda.org\/feda2k16\/comunidad-valenciana-y-madrid-campeones-2025-de-selecciones-autonomicas-zaragoza-2025\/#breadcrumb","itemListElement":[{"@type":"ListItem","position":1,"name":"Portada","item":"https:\/\/feda.org\/feda2k16\/"},{"@type":"ListItem","position":2,"name":"Comunidad Valenciana y Madrid Campeones de Selecciones Auton\u00f3micas. Zaragoza 2025."}]},{"@type":"WebSite","@id":"https:\/\/feda.org\/feda2k16\/#website","url":"https:\/\/feda.org\/feda2k16\/","name":"FEDA","description":"Federaci\u00f3n Espa\u00f1ola de Ajedrez","publisher":{"@id":"https:\/\/feda.org\/feda2k16\/#organization"},"alternateName":"Federaci\u00f3n Espa\u00f1ola de Ajedrez","potentialAction":[{"@type":"SearchAction","target":{"@type":"EntryPoint","urlTemplate":"https:\/\/feda.org\/feda2k16\/?s={search_term_string}"},"query-input":{"@type":"PropertyValueSpecification","valueRequired":true,"valueName":"search_term_string"}}],"inLanguage":"es"},{"@type":"Organization","@id":"https:\/\/feda.org\/feda2k16\/#organization","name":"FEDA","alternateName":"Federaci\u00f3n Espa\u00f1ola de Ajedrez","url":"https:\/\/feda.org\/feda2k16\/","logo":{"@type":"ImageObject","inLanguage":"es","@id":"https:\/\/feda.org\/feda2k16\/#\/schema\/logo\/image\/","url":"https:\/\/feda.org\/feda2k16\/wp-content\/uploads\/NuevoLogo_FEDA_2016.png","contentUrl":"https:\/\/feda.org\/feda2k16\/wp-content\/uploads\/NuevoLogo_FEDA_2016.png","width":600,"height":600,"caption":"FEDA"},"image":{"@id":"https:\/\/feda.org\/feda2k16\/#\/schema\/logo\/image\/"},"sameAs":["https:\/\/www.facebook.com\/federacionespanoladeajedrez\/","https:\/\/x.com\/AjedrezEspanola","https:\/\/www.instagram.com\/federacionespanolaajedrez\/?hl=es","https:\/\/www.youtube.com\/@FederacionEspanoladeAjedrezFED\/featured"]},{"@type":"Person","@id":"https:\/\/feda.org\/feda2k16\/#\/schema\/person\/b39486343e189c77e58d02641385fe29","name":"elefante66","url":"https:\/\/feda.org\/feda2k16\/author\/elefante66\/"}]}},"_links":{"self":[{"href":"https:\/\/feda.org\/feda2k16\/wp-json\/wp\/v2\/posts\/26370","targetHints":{"allow":["GET"]}}],"collection":[{"href":"https:\/\/feda.org\/feda2k16\/wp-json\/wp\/v2\/posts"}],"about":[{"href":"https:\/\/feda.org\/feda2k16\/wp-json\/wp\/v2\/types\/post"}],"author":[{"embeddable":true,"href":"https:\/\/feda.org\/feda2k16\/wp-json\/wp\/v2\/users\/5"}],"replies":[{"embeddable":true,"href":"https:\/\/feda.org\/feda2k16\/wp-json\/wp\/v2\/comments?post=26370"}],"version-history":[{"count":4,"href":"https:\/\/feda.org\/feda2k16\/wp-json\/wp\/v2\/posts\/26370\/revisions"}],"predecessor-version":[{"id":26374,"href":"https:\/\/feda.org\/feda2k16\/wp-json\/wp\/v2\/posts\/26370\/revisions\/26374"}],"wp:attachment":[{"href":"https:\/\/feda.org\/feda2k16\/wp-json\/wp\/v2\/media?parent=26370"}],"wp:term":[{"taxonomy":"category","embeddable":true,"href":"https:\/\/feda.org\/feda2k16\/wp-json\/wp\/v2\/categories?post=26370"},{"taxonomy":"post_tag","embeddable":true,"href":"https:\/\/feda.org\/feda2k16\/wp-json\/wp\/v2\/tags?post=26370"}],"curies":[{"name":"wp","href":"https:\/\/api.w.org\/{rel}","templated":true}]}}