{"id":26576,"date":"2025-07-19T17:09:00","date_gmt":"2025-07-19T17:09:00","guid":{"rendered":"https:\/\/feda.org\/feda2k16\/?p=26576"},"modified":"2025-07-19T17:09:02","modified_gmt":"2025-07-19T17:09:02","slug":"martin-krauchi-y-adriana-garcia-campeones-de-espana-de-ajedrez-sub-14","status":"publish","type":"post","link":"https:\/\/feda.org\/feda2k16\/martin-krauchi-y-adriana-garcia-campeones-de-espana-de-ajedrez-sub-14\/","title":{"rendered":"Mart\u00edn Krauchi y Adriana Garc\u00eda Campeones de Espa\u00f1a de Ajedrez Sub 14."},"content":{"rendered":"\n<figure class=\"wp-block-image size-full\"><img fetchpriority=\"high\" decoding=\"async\" width=\"2560\" height=\"2256\" src=\"https:\/\/feda.org\/feda2k16\/wp-content\/uploads\/DSC_0107-scaled.jpg\" alt=\"\" class=\"wp-image-26577\" srcset=\"https:\/\/feda.org\/feda2k16\/wp-content\/uploads\/DSC_0107-scaled.jpg 2560w, https:\/\/feda.org\/feda2k16\/wp-content\/uploads\/DSC_0107-768x677.jpg 768w, https:\/\/feda.org\/feda2k16\/wp-content\/uploads\/DSC_0107-1536x1354.jpg 1536w, https:\/\/feda.org\/feda2k16\/wp-content\/uploads\/DSC_0107-2048x1805.jpg 2048w\" sizes=\"(max-width: 2560px) 100vw, 2560px\" \/><\/figure>\n\n\n\n<p>Mart\u00edn Krauchi Romero de la Federaci\u00f3n Balear de Ajedrez\u00a0 y Adriana Garc\u00eda Rodr\u00edguez de la Federaci\u00f3n Canaria de Ajedrez se han proclamado Campeones de Espa\u00f1a de Ajedrez categor\u00eda Sub 14. El Campeonato se ha desarrollado en las instalaciones del Hotel Env\u00eda Almer\u00eda Spa &amp; Golf (V\u00edcar). Enhorabuena a Tod@s los participantes. A continuaci\u00f3n en los siguientes enlaces encontraran informaci\u00f3n del Campeonato:\u00a0<\/p>\n<p style=\"text-align: center;\"><a href=\"https:\/\/feda.org\/feda2k16\/c11-2025-convocatoria-de-los-campeonatos-de-espana-individuales-sub-8-a-sub-16\/\">Convocatoria<\/a><\/p>\n<p style=\"text-align: center;\">Clasificaci\u00f3n: <a href=\"https:\/\/info64.org\/campeonato-de-espana-sub-14-2025\/standings\">INFO64<\/a><\/p>\n<p style=\"text-align: center;\">Galer\u00eda fotogr\u00e1fica:\u00a0<a href=\"https:\/\/www.facebook.com\/media\/set\/?set=a.1063487262540409&amp;type=3\">Facebook FEDA<\/a><\/p>\n<p style=\"text-align: center;\">Partidas en retransmisi\u00f3n:\u00a0<a href=\"https:\/\/sichess.com\/web\/feda\/\">SICHESS<\/a><\/p>\n","protected":false},"excerpt":{"rendered":"<p>Mart\u00edn Krauchi Romero de la Federaci\u00f3n Balear de Ajedrez\u00a0 y Adriana Garc\u00eda Rodr\u00edguez de la Federaci\u00f3n Canaria de Ajedrez se han proclamado Campeones de Espa\u00f1a de Ajedrez categor\u00eda Sub 14. El Campeonato se ha desarrollado en las instalaciones del Hotel Env\u00eda Almer\u00eda Spa &amp; Golf (V\u00edcar). Enhorabuena a Tod@s los participantes. A continuaci\u00f3n en los [&hellip;]<\/p>\n","protected":false},"author":5,"featured_media":0,"comment_status":"closed","ping_status":"closed","sticky":false,"template":"","format":"standard","meta":{"footnotes":""},"categories":[16],"tags":[],"class_list":["post-26576","post","type-post","status-publish","format-standard","hentry","category-noticias"],"yoast_head":"<!-- This site is optimized with the Yoast SEO plugin v27.4 - https:\/\/yoast.com\/product\/yoast-seo-wordpress\/ -->\n<title>Mart\u00edn Krauchi y Adriana Garc\u00eda Campeones de Espa\u00f1a de Ajedrez Sub 14. - FEDA<\/title>\n<meta name=\"description\" content=\"FEDA, Federaci\u00f3n Espa\u00f1ola de Ajedrez, ajedrez madrid, federarse ajedrez, campeonato de Espa\u00f1a de ajedrez, ajedrez\" \/>\n<meta name=\"robots\" content=\"index, follow, max-snippet:-1, max-image-preview:large, max-video-preview:-1\" \/>\n<link rel=\"canonical\" href=\"https:\/\/feda.org\/feda2k16\/martin-krauchi-y-adriana-garcia-campeones-de-espana-de-ajedrez-sub-14\/\" \/>\n<meta property=\"og:locale\" content=\"es_ES\" \/>\n<meta property=\"og:type\" content=\"article\" \/>\n<meta property=\"og:title\" content=\"Mart\u00edn Krauchi y Adriana Garc\u00eda Campeones de Espa\u00f1a de Ajedrez Sub 14. - FEDA\" \/>\n<meta property=\"og:description\" content=\"FEDA, Federaci\u00f3n Espa\u00f1ola de Ajedrez, ajedrez madrid, federarse ajedrez, campeonato de Espa\u00f1a de ajedrez, ajedrez\" \/>\n<meta property=\"og:url\" content=\"https:\/\/feda.org\/feda2k16\/martin-krauchi-y-adriana-garcia-campeones-de-espana-de-ajedrez-sub-14\/\" \/>\n<meta property=\"og:site_name\" content=\"FEDA\" \/>\n<meta property=\"article:publisher\" content=\"https:\/\/www.facebook.com\/federacionespanoladeajedrez\/\" \/>\n<meta property=\"article:published_time\" content=\"2025-07-19T17:09:00+00:00\" \/>\n<meta property=\"article:modified_time\" content=\"2025-07-19T17:09:02+00:00\" \/>\n<meta property=\"og:image\" content=\"https:\/\/feda.org\/feda2k16\/wp-content\/uploads\/DSC_0107-scaled.jpg\" \/>\n\t<meta property=\"og:image:width\" content=\"2560\" \/>\n\t<meta property=\"og:image:height\" content=\"2256\" \/>\n\t<meta property=\"og:image:type\" content=\"image\/jpeg\" \/>\n<meta name=\"author\" content=\"elefante66\" \/>\n<meta name=\"twitter:card\" content=\"summary_large_image\" \/>\n<meta name=\"twitter:creator\" content=\"@AjedrezEspanola\" \/>\n<meta name=\"twitter:site\" content=\"@AjedrezEspanola\" \/>\n<meta name=\"twitter:label1\" content=\"Escrito por\" \/>\n\t<meta name=\"twitter:data1\" content=\"elefante66\" \/>\n\t<meta name=\"twitter:label2\" content=\"Tiempo de lectura\" \/>\n\t<meta name=\"twitter:data2\" content=\"1 minuto\" \/>\n<script type=\"application\/ld+json\" class=\"yoast-schema-graph\">{\"@context\":\"https:\\\/\\\/schema.org\",\"@graph\":[{\"@type\":\"Article\",\"@id\":\"https:\\\/\\\/feda.org\\\/feda2k16\\\/martin-krauchi-y-adriana-garcia-campeones-de-espana-de-ajedrez-sub-14\\\/#article\",\"isPartOf\":{\"@id\":\"https:\\\/\\\/feda.org\\\/feda2k16\\\/martin-krauchi-y-adriana-garcia-campeones-de-espana-de-ajedrez-sub-14\\\/\"},\"author\":{\"name\":\"elefante66\",\"@id\":\"https:\\\/\\\/feda.org\\\/feda2k16\\\/#\\\/schema\\\/person\\\/b39486343e189c77e58d02641385fe29\"},\"headline\":\"Mart\u00edn Krauchi y Adriana Garc\u00eda Campeones de Espa\u00f1a de Ajedrez Sub 14.\",\"datePublished\":\"2025-07-19T17:09:00+00:00\",\"dateModified\":\"2025-07-19T17:09:02+00:00\",\"mainEntityOfPage\":{\"@id\":\"https:\\\/\\\/feda.org\\\/feda2k16\\\/martin-krauchi-y-adriana-garcia-campeones-de-espana-de-ajedrez-sub-14\\\/\"},\"wordCount\":102,\"publisher\":{\"@id\":\"https:\\\/\\\/feda.org\\\/feda2k16\\\/#organization\"},\"image\":{\"@id\":\"https:\\\/\\\/feda.org\\\/feda2k16\\\/martin-krauchi-y-adriana-garcia-campeones-de-espana-de-ajedrez-sub-14\\\/#primaryimage\"},\"thumbnailUrl\":\"https:\\\/\\\/feda.org\\\/feda2k16\\\/wp-content\\\/uploads\\\/DSC_0107-scaled.jpg\",\"articleSection\":[\"Noticias\"],\"inLanguage\":\"es\"},{\"@type\":\"WebPage\",\"@id\":\"https:\\\/\\\/feda.org\\\/feda2k16\\\/martin-krauchi-y-adriana-garcia-campeones-de-espana-de-ajedrez-sub-14\\\/\",\"url\":\"https:\\\/\\\/feda.org\\\/feda2k16\\\/martin-krauchi-y-adriana-garcia-campeones-de-espana-de-ajedrez-sub-14\\\/\",\"name\":\"Mart\u00edn Krauchi y Adriana Garc\u00eda Campeones de Espa\u00f1a de Ajedrez Sub 14. - FEDA\",\"isPartOf\":{\"@id\":\"https:\\\/\\\/feda.org\\\/feda2k16\\\/#website\"},\"primaryImageOfPage\":{\"@id\":\"https:\\\/\\\/feda.org\\\/feda2k16\\\/martin-krauchi-y-adriana-garcia-campeones-de-espana-de-ajedrez-sub-14\\\/#primaryimage\"},\"image\":{\"@id\":\"https:\\\/\\\/feda.org\\\/feda2k16\\\/martin-krauchi-y-adriana-garcia-campeones-de-espana-de-ajedrez-sub-14\\\/#primaryimage\"},\"thumbnailUrl\":\"https:\\\/\\\/feda.org\\\/feda2k16\\\/wp-content\\\/uploads\\\/DSC_0107-scaled.jpg\",\"datePublished\":\"2025-07-19T17:09:00+00:00\",\"dateModified\":\"2025-07-19T17:09:02+00:00\",\"description\":\"FEDA, Federaci\u00f3n Espa\u00f1ola de Ajedrez, ajedrez madrid, federarse ajedrez, campeonato de Espa\u00f1a de ajedrez, ajedrez\",\"breadcrumb\":{\"@id\":\"https:\\\/\\\/feda.org\\\/feda2k16\\\/martin-krauchi-y-adriana-garcia-campeones-de-espana-de-ajedrez-sub-14\\\/#breadcrumb\"},\"inLanguage\":\"es\",\"potentialAction\":[{\"@type\":\"ReadAction\",\"target\":[\"https:\\\/\\\/feda.org\\\/feda2k16\\\/martin-krauchi-y-adriana-garcia-campeones-de-espana-de-ajedrez-sub-14\\\/\"]}]},{\"@type\":\"ImageObject\",\"inLanguage\":\"es\",\"@id\":\"https:\\\/\\\/feda.org\\\/feda2k16\\\/martin-krauchi-y-adriana-garcia-campeones-de-espana-de-ajedrez-sub-14\\\/#primaryimage\",\"url\":\"https:\\\/\\\/feda.org\\\/feda2k16\\\/wp-content\\\/uploads\\\/DSC_0107-scaled.jpg\",\"contentUrl\":\"https:\\\/\\\/feda.org\\\/feda2k16\\\/wp-content\\\/uploads\\\/DSC_0107-scaled.jpg\",\"width\":2560,\"height\":2256},{\"@type\":\"BreadcrumbList\",\"@id\":\"https:\\\/\\\/feda.org\\\/feda2k16\\\/martin-krauchi-y-adriana-garcia-campeones-de-espana-de-ajedrez-sub-14\\\/#breadcrumb\",\"itemListElement\":[{\"@type\":\"ListItem\",\"position\":1,\"name\":\"Portada\",\"item\":\"https:\\\/\\\/feda.org\\\/feda2k16\\\/\"},{\"@type\":\"ListItem\",\"position\":2,\"name\":\"Mart\u00edn Krauchi y Adriana Garc\u00eda Campeones de Espa\u00f1a de Ajedrez Sub 14.\"}]},{\"@type\":\"WebSite\",\"@id\":\"https:\\\/\\\/feda.org\\\/feda2k16\\\/#website\",\"url\":\"https:\\\/\\\/feda.org\\\/feda2k16\\\/\",\"name\":\"FEDA\",\"description\":\"Federaci\u00f3n Espa\u00f1ola de Ajedrez\",\"publisher\":{\"@id\":\"https:\\\/\\\/feda.org\\\/feda2k16\\\/#organization\"},\"alternateName\":\"Federaci\u00f3n Espa\u00f1ola de Ajedrez\",\"potentialAction\":[{\"@type\":\"SearchAction\",\"target\":{\"@type\":\"EntryPoint\",\"urlTemplate\":\"https:\\\/\\\/feda.org\\\/feda2k16\\\/?s={search_term_string}\"},\"query-input\":{\"@type\":\"PropertyValueSpecification\",\"valueRequired\":true,\"valueName\":\"search_term_string\"}}],\"inLanguage\":\"es\"},{\"@type\":\"Organization\",\"@id\":\"https:\\\/\\\/feda.org\\\/feda2k16\\\/#organization\",\"name\":\"FEDA\",\"alternateName\":\"Federaci\u00f3n Espa\u00f1ola de Ajedrez\",\"url\":\"https:\\\/\\\/feda.org\\\/feda2k16\\\/\",\"logo\":{\"@type\":\"ImageObject\",\"inLanguage\":\"es\",\"@id\":\"https:\\\/\\\/feda.org\\\/feda2k16\\\/#\\\/schema\\\/logo\\\/image\\\/\",\"url\":\"https:\\\/\\\/feda.org\\\/feda2k16\\\/wp-content\\\/uploads\\\/NuevoLogo_FEDA_2016.png\",\"contentUrl\":\"https:\\\/\\\/feda.org\\\/feda2k16\\\/wp-content\\\/uploads\\\/NuevoLogo_FEDA_2016.png\",\"width\":600,\"height\":600,\"caption\":\"FEDA\"},\"image\":{\"@id\":\"https:\\\/\\\/feda.org\\\/feda2k16\\\/#\\\/schema\\\/logo\\\/image\\\/\"},\"sameAs\":[\"https:\\\/\\\/www.facebook.com\\\/federacionespanoladeajedrez\\\/\",\"https:\\\/\\\/x.com\\\/AjedrezEspanola\",\"https:\\\/\\\/www.instagram.com\\\/federacionespanolaajedrez\\\/?hl=es\",\"https:\\\/\\\/www.youtube.com\\\/@FederacionEspanoladeAjedrezFED\\\/featured\"]},{\"@type\":\"Person\",\"@id\":\"https:\\\/\\\/feda.org\\\/feda2k16\\\/#\\\/schema\\\/person\\\/b39486343e189c77e58d02641385fe29\",\"name\":\"elefante66\",\"url\":\"https:\\\/\\\/feda.org\\\/feda2k16\\\/author\\\/elefante66\\\/\"}]}<\/script>\n<!-- \/ Yoast SEO plugin. -->","yoast_head_json":{"title":"Mart\u00edn Krauchi y Adriana Garc\u00eda Campeones de Espa\u00f1a de Ajedrez Sub 14. - FEDA","description":"FEDA, Federaci\u00f3n Espa\u00f1ola de Ajedrez, ajedrez madrid, federarse ajedrez, campeonato de Espa\u00f1a de ajedrez, ajedrez","robots":{"index":"index","follow":"follow","max-snippet":"max-snippet:-1","max-image-preview":"max-image-preview:large","max-video-preview":"max-video-preview:-1"},"canonical":"https:\/\/feda.org\/feda2k16\/martin-krauchi-y-adriana-garcia-campeones-de-espana-de-ajedrez-sub-14\/","og_locale":"es_ES","og_type":"article","og_title":"Mart\u00edn Krauchi y Adriana Garc\u00eda Campeones de Espa\u00f1a de Ajedrez Sub 14. - FEDA","og_description":"FEDA, Federaci\u00f3n Espa\u00f1ola de Ajedrez, ajedrez madrid, federarse ajedrez, campeonato de Espa\u00f1a de ajedrez, ajedrez","og_url":"https:\/\/feda.org\/feda2k16\/martin-krauchi-y-adriana-garcia-campeones-de-espana-de-ajedrez-sub-14\/","og_site_name":"FEDA","article_publisher":"https:\/\/www.facebook.com\/federacionespanoladeajedrez\/","article_published_time":"2025-07-19T17:09:00+00:00","article_modified_time":"2025-07-19T17:09:02+00:00","og_image":[{"width":2560,"height":2256,"url":"https:\/\/feda.org\/feda2k16\/wp-content\/uploads\/DSC_0107-scaled.jpg","type":"image\/jpeg"}],"author":"elefante66","twitter_card":"summary_large_image","twitter_creator":"@AjedrezEspanola","twitter_site":"@AjedrezEspanola","twitter_misc":{"Escrito por":"elefante66","Tiempo de lectura":"1 minuto"},"schema":{"@context":"https:\/\/schema.org","@graph":[{"@type":"Article","@id":"https:\/\/feda.org\/feda2k16\/martin-krauchi-y-adriana-garcia-campeones-de-espana-de-ajedrez-sub-14\/#article","isPartOf":{"@id":"https:\/\/feda.org\/feda2k16\/martin-krauchi-y-adriana-garcia-campeones-de-espana-de-ajedrez-sub-14\/"},"author":{"name":"elefante66","@id":"https:\/\/feda.org\/feda2k16\/#\/schema\/person\/b39486343e189c77e58d02641385fe29"},"headline":"Mart\u00edn Krauchi y Adriana Garc\u00eda Campeones de Espa\u00f1a de Ajedrez Sub 14.","datePublished":"2025-07-19T17:09:00+00:00","dateModified":"2025-07-19T17:09:02+00:00","mainEntityOfPage":{"@id":"https:\/\/feda.org\/feda2k16\/martin-krauchi-y-adriana-garcia-campeones-de-espana-de-ajedrez-sub-14\/"},"wordCount":102,"publisher":{"@id":"https:\/\/feda.org\/feda2k16\/#organization"},"image":{"@id":"https:\/\/feda.org\/feda2k16\/martin-krauchi-y-adriana-garcia-campeones-de-espana-de-ajedrez-sub-14\/#primaryimage"},"thumbnailUrl":"https:\/\/feda.org\/feda2k16\/wp-content\/uploads\/DSC_0107-scaled.jpg","articleSection":["Noticias"],"inLanguage":"es"},{"@type":"WebPage","@id":"https:\/\/feda.org\/feda2k16\/martin-krauchi-y-adriana-garcia-campeones-de-espana-de-ajedrez-sub-14\/","url":"https:\/\/feda.org\/feda2k16\/martin-krauchi-y-adriana-garcia-campeones-de-espana-de-ajedrez-sub-14\/","name":"Mart\u00edn Krauchi y Adriana Garc\u00eda Campeones de Espa\u00f1a de Ajedrez Sub 14. - FEDA","isPartOf":{"@id":"https:\/\/feda.org\/feda2k16\/#website"},"primaryImageOfPage":{"@id":"https:\/\/feda.org\/feda2k16\/martin-krauchi-y-adriana-garcia-campeones-de-espana-de-ajedrez-sub-14\/#primaryimage"},"image":{"@id":"https:\/\/feda.org\/feda2k16\/martin-krauchi-y-adriana-garcia-campeones-de-espana-de-ajedrez-sub-14\/#primaryimage"},"thumbnailUrl":"https:\/\/feda.org\/feda2k16\/wp-content\/uploads\/DSC_0107-scaled.jpg","datePublished":"2025-07-19T17:09:00+00:00","dateModified":"2025-07-19T17:09:02+00:00","description":"FEDA, Federaci\u00f3n Espa\u00f1ola de Ajedrez, ajedrez madrid, federarse ajedrez, campeonato de Espa\u00f1a de ajedrez, ajedrez","breadcrumb":{"@id":"https:\/\/feda.org\/feda2k16\/martin-krauchi-y-adriana-garcia-campeones-de-espana-de-ajedrez-sub-14\/#breadcrumb"},"inLanguage":"es","potentialAction":[{"@type":"ReadAction","target":["https:\/\/feda.org\/feda2k16\/martin-krauchi-y-adriana-garcia-campeones-de-espana-de-ajedrez-sub-14\/"]}]},{"@type":"ImageObject","inLanguage":"es","@id":"https:\/\/feda.org\/feda2k16\/martin-krauchi-y-adriana-garcia-campeones-de-espana-de-ajedrez-sub-14\/#primaryimage","url":"https:\/\/feda.org\/feda2k16\/wp-content\/uploads\/DSC_0107-scaled.jpg","contentUrl":"https:\/\/feda.org\/feda2k16\/wp-content\/uploads\/DSC_0107-scaled.jpg","width":2560,"height":2256},{"@type":"BreadcrumbList","@id":"https:\/\/feda.org\/feda2k16\/martin-krauchi-y-adriana-garcia-campeones-de-espana-de-ajedrez-sub-14\/#breadcrumb","itemListElement":[{"@type":"ListItem","position":1,"name":"Portada","item":"https:\/\/feda.org\/feda2k16\/"},{"@type":"ListItem","position":2,"name":"Mart\u00edn Krauchi y Adriana Garc\u00eda Campeones de Espa\u00f1a de Ajedrez Sub 14."}]},{"@type":"WebSite","@id":"https:\/\/feda.org\/feda2k16\/#website","url":"https:\/\/feda.org\/feda2k16\/","name":"FEDA","description":"Federaci\u00f3n Espa\u00f1ola de Ajedrez","publisher":{"@id":"https:\/\/feda.org\/feda2k16\/#organization"},"alternateName":"Federaci\u00f3n Espa\u00f1ola de Ajedrez","potentialAction":[{"@type":"SearchAction","target":{"@type":"EntryPoint","urlTemplate":"https:\/\/feda.org\/feda2k16\/?s={search_term_string}"},"query-input":{"@type":"PropertyValueSpecification","valueRequired":true,"valueName":"search_term_string"}}],"inLanguage":"es"},{"@type":"Organization","@id":"https:\/\/feda.org\/feda2k16\/#organization","name":"FEDA","alternateName":"Federaci\u00f3n Espa\u00f1ola de Ajedrez","url":"https:\/\/feda.org\/feda2k16\/","logo":{"@type":"ImageObject","inLanguage":"es","@id":"https:\/\/feda.org\/feda2k16\/#\/schema\/logo\/image\/","url":"https:\/\/feda.org\/feda2k16\/wp-content\/uploads\/NuevoLogo_FEDA_2016.png","contentUrl":"https:\/\/feda.org\/feda2k16\/wp-content\/uploads\/NuevoLogo_FEDA_2016.png","width":600,"height":600,"caption":"FEDA"},"image":{"@id":"https:\/\/feda.org\/feda2k16\/#\/schema\/logo\/image\/"},"sameAs":["https:\/\/www.facebook.com\/federacionespanoladeajedrez\/","https:\/\/x.com\/AjedrezEspanola","https:\/\/www.instagram.com\/federacionespanolaajedrez\/?hl=es","https:\/\/www.youtube.com\/@FederacionEspanoladeAjedrezFED\/featured"]},{"@type":"Person","@id":"https:\/\/feda.org\/feda2k16\/#\/schema\/person\/b39486343e189c77e58d02641385fe29","name":"elefante66","url":"https:\/\/feda.org\/feda2k16\/author\/elefante66\/"}]}},"_links":{"self":[{"href":"https:\/\/feda.org\/feda2k16\/wp-json\/wp\/v2\/posts\/26576","targetHints":{"allow":["GET"]}}],"collection":[{"href":"https:\/\/feda.org\/feda2k16\/wp-json\/wp\/v2\/posts"}],"about":[{"href":"https:\/\/feda.org\/feda2k16\/wp-json\/wp\/v2\/types\/post"}],"author":[{"embeddable":true,"href":"https:\/\/feda.org\/feda2k16\/wp-json\/wp\/v2\/users\/5"}],"replies":[{"embeddable":true,"href":"https:\/\/feda.org\/feda2k16\/wp-json\/wp\/v2\/comments?post=26576"}],"version-history":[{"count":1,"href":"https:\/\/feda.org\/feda2k16\/wp-json\/wp\/v2\/posts\/26576\/revisions"}],"predecessor-version":[{"id":26578,"href":"https:\/\/feda.org\/feda2k16\/wp-json\/wp\/v2\/posts\/26576\/revisions\/26578"}],"wp:attachment":[{"href":"https:\/\/feda.org\/feda2k16\/wp-json\/wp\/v2\/media?parent=26576"}],"wp:term":[{"taxonomy":"category","embeddable":true,"href":"https:\/\/feda.org\/feda2k16\/wp-json\/wp\/v2\/categories?post=26576"},{"taxonomy":"post_tag","embeddable":true,"href":"https:\/\/feda.org\/feda2k16\/wp-json\/wp\/v2\/tags?post=26576"}],"curies":[{"name":"wp","href":"https:\/\/api.w.org\/{rel}","templated":true}]}}