{"id":27116,"date":"2025-09-29T11:06:43","date_gmt":"2025-09-29T11:06:43","guid":{"rendered":"https:\/\/feda.org\/feda2k16\/?p=27116"},"modified":"2025-09-29T11:20:52","modified_gmt":"2025-09-29T11:20:52","slug":"antonio-hernando-y-noemi-martinez-campeones-de-espana-de-ajedrez-inclusivo","status":"publish","type":"post","link":"https:\/\/feda.org\/feda2k16\/antonio-hernando-y-noemi-martinez-campeones-de-espana-de-ajedrez-inclusivo\/","title":{"rendered":"Antonio Hernando y Noemi Mart\u00ednez Campeones de Espa\u00f1a de Ajedrez Inclusivo."},"content":{"rendered":"\n<p><img fetchpriority=\"high\" decoding=\"async\" class=\"alignnone size-full wp-image-27119\" src=\"https:\/\/feda.org\/feda2k16\/wp-content\/uploads\/Imagen-de-WhatsApp-2025-09-28-a-las-21.19.32_fd348766.jpg\" alt=\"\" width=\"1080\" height=\"1012\" srcset=\"https:\/\/feda.org\/feda2k16\/wp-content\/uploads\/Imagen-de-WhatsApp-2025-09-28-a-las-21.19.32_fd348766.jpg 1080w, https:\/\/feda.org\/feda2k16\/wp-content\/uploads\/Imagen-de-WhatsApp-2025-09-28-a-las-21.19.32_fd348766-768x720.jpg 768w\" sizes=\"(max-width: 1080px) 100vw, 1080px\" \/><\/p>\n\n\n\n<p><strong>Finaliz\u00f3 el II Campeonato de Espa\u00f1a de Ajedrez Inclusivo\u00a0<\/strong>con el\u00a0<strong>triunfo del M.F. aragon\u00e9s Antonio Hernando \u201cTigre Wilson\u201d<\/strong>\u00a0con 6,5 puntos por delante del campe\u00f3n del a\u00f1o 2024, el vasco Unai Calleja, y del madrile\u00f1o\u00a0 Miguel Arnedo, ambos con 6 puntos.<\/p>\n<p><strong>En la sexta ronda Hernando, que part\u00eda con un punto de ventaja\u00a0<\/strong>tras la quinta ronda, consigui\u00f3 entablar ante Calleja y una victoria en la \u00faltima ronda ante el madrile\u00f1o Luis Alonso le permiti\u00f3 llegar a los 6,5 puntos, inalcanzable para sus perseguidores.<\/p>\n<p><strong>En la categor\u00eda femenina de categor\u00eda A repite t\u00edtulo la madrile\u00f1a Noem\u00ed Mart\u00ednez,<\/strong>\u00a0seguida por la gallega Luc\u00eda Lopez y la madrile\u00f1a Piedad Esmeralda S\u00e1nchez.<\/p>\n<p><strong>En la categor\u00eda B, los 3 primeros clasificados<\/strong>\u00a0han sido Cesar Miret (Enroque Barbastro), Juli\u00e1n Sanrom\u00e1n (C.A. Monz\u00f3n) y Nicol\u00e1s Cristian Nistor (Jaime Casas). Las 3 primeras clasificadas femeninas de la categor\u00eda B han sido Anah\u00ed Ignacio (Marcos Frechin), Laia Carabantes (C.A. Monz\u00f3n) y Sandra Salinas (C.A. Monz\u00f3n).<\/p>\n<p><strong>Tambi\u00e9n se ha repartido trofeos por categor\u00edas de edades<\/strong>\u00a0y medallas para todos los participantes, 80 en total.<\/p>\n<p><strong>La clausura ha contado con la presencia\u00a0<\/strong>de Ignacio Claver (Alcalde de Monz\u00f3n y Presidente de la Diputaci\u00f3n Provincial de Huesca), Javier Ochoa (Presidente de la Federaci\u00f3n Espa\u00f1ola de Ajedrez), Rub\u00e9n Cajo (Presidente de la Federaci\u00f3n Aragonesa de Ajedrez) y Loli Nieto (Presidenta del Club Ajedrez Monz\u00f3n), adem\u00e1s de representantes de colaboradores y patrocinadores.<\/p>\n<p>Ha sido\u00a0<strong>el colof\u00f3n a 3 d\u00edas intensos para los miembros del club Ajedrez Monz\u00f3n y<\/strong>\u00a0todos los voluntarios que han hecho posible esta segunda edici\u00f3n del Campeonato de Espa\u00f1a de Ajedrez Inclusivo.<\/p>\n<p><strong>El alcalde de Monz\u00f3n, Isaac Claver,\u00a0 ha clausurado el II Campeonato de Espa\u00f1a de Ajedrez Inclusivo,<\/strong>\u00a0agradeciendo al Club Ajedrez Monz\u00f3n\u00a0 y a \u00a0sus responsable Loli Nieto y Blas Garreta la excelente organizaci\u00f3n del evento, \u00a0y a la Federaci\u00f3n Espa\u00f1ola de Ajedrez, representada por su presidente, Javier Ochoa, su apoyo junto a los patrocinadores que\u00a0 han hecho posible \u201cla celebraci\u00f3n de\u00a0<strong>este campeonato\u00a0 \u00fanico en el mundo en un gran ambiente<\/strong>\u00a0 en el que durante tres\u00a0 d\u00edas\u00a0 se han puesto de manifiesto valores como el deporte, la inclusi\u00f3n y la igualdad. Desde el Ayuntamiento de Monz\u00f3n seguimos\u00a0 trabajando por hacer una mejor sociedad y m\u00e1s inclusiva\u201d.<\/p>\n<p>El campeonato\u00a0\u00a0<strong>ha terminado con una paella\u00a0\u00a0de hermandad\u00a0<\/strong>entre los participantes\u00a0 y con la satisfacci\u00f3n de la organizaci\u00f3n de c\u00f3mo se hab\u00eda desarrollado \u00a0el torneo que ha entregado a todos los participantes\u00a0 una medalla.<\/p>\n<p><strong>El Club Ajedrez Monz\u00f3n ha tenido un detalle<\/strong>\u00a0con los \u00e1rbitros, el equipo nacional de la ONCE que se ha desplazado\u00a0 hasta la capital mediocinque\u00f1a y el Ayuntamiento de Monz\u00f3n\u00a0 por su apoyo.<\/p>\n<p>El campeonato estaba abierto a personas con diversas discapacidades y a sin ellas ya que ante un tablero de ajedrez todos son iguales.<\/p>\n<p>Nota completa:<a href=\"https:\/\/www.eldiariodehuesca.com\/deportes\/antonio-hernando-noemi-martinez-campeones-espana-ajedrez-inclusivo_36571_102.html?fbclid=IwY2xjawNHRvpleHRuA2FlbQIxMQABHsIQ-QKEXJaOtdpxT1l5wHcYUKJBzuoeGvW-8eKzfFsAB4c9rg8Ji8i_nFRZ_aem_qaKraJ6QtBafMviIX91O8Q\"> Diario de Huesca<\/a><img decoding=\"async\" class=\"alignnone size-full wp-image-27120\" src=\"https:\/\/feda.org\/feda2k16\/wp-content\/uploads\/Imagen-de-WhatsApp-2025-09-28-a-las-21.19.32_692518c4.jpg\" alt=\"\" width=\"1080\" height=\"944\" srcset=\"https:\/\/feda.org\/feda2k16\/wp-content\/uploads\/Imagen-de-WhatsApp-2025-09-28-a-las-21.19.32_692518c4.jpg 1080w, https:\/\/feda.org\/feda2k16\/wp-content\/uploads\/Imagen-de-WhatsApp-2025-09-28-a-las-21.19.32_692518c4-768x671.jpg 768w\" sizes=\"(max-width: 1080px) 100vw, 1080px\" \/><\/p>\n<p style=\"text-align: center;\"><a href=\"https:\/\/feda.org\/feda2k16\/c28-2025-convocatoria-del-cto-de-espana-de-ajedrez-inclusivo-monzon-2025\/\">Convocatoria<\/a><\/p>\n<p style=\"text-align: center;\">Info64:\u00a0<a href=\"https:\/\/info64.org\/ii-campeonato-de-espana-individual-de-ajedrez-inclusivo-2025\/standings\">Ajedrez Inclusivo-Clasificaci\u00f3n<\/a><\/p>\n<p style=\"text-align: center;\">Galer\u00eda fotogr\u00e1fica:\u00a0<a href=\"https:\/\/www.facebook.com\/media\/set\/?set=a.1106543081568160&amp;type=3\">Facebook FEDA<\/a><\/p>\n<p>\u00a0<\/p>\n\n\n\n\n","protected":false},"excerpt":{"rendered":"<p>Finaliz\u00f3 el II Campeonato de Espa\u00f1a de Ajedrez Inclusivo\u00a0con el\u00a0triunfo del M.F. aragon\u00e9s Antonio Hernando \u201cTigre Wilson\u201d\u00a0con 6,5 puntos por delante del campe\u00f3n del a\u00f1o 2024, el vasco Unai Calleja, y del madrile\u00f1o\u00a0 Miguel Arnedo, ambos con 6 puntos. En la sexta ronda Hernando, que part\u00eda con un punto de ventaja\u00a0tras la quinta ronda, consigui\u00f3 [&hellip;]<\/p>\n","protected":false},"author":5,"featured_media":0,"comment_status":"closed","ping_status":"closed","sticky":false,"template":"","format":"standard","meta":{"footnotes":""},"categories":[16],"tags":[],"class_list":["post-27116","post","type-post","status-publish","format-standard","hentry","category-noticias"],"yoast_head":"<!-- This site is optimized with the Yoast SEO plugin v27.4 - https:\/\/yoast.com\/product\/yoast-seo-wordpress\/ -->\n<title>Antonio Hernando y Noemi Mart\u00ednez Campeones de Espa\u00f1a de Ajedrez Inclusivo. - FEDA<\/title>\n<meta name=\"description\" content=\"FEDA, Federaci\u00f3n Espa\u00f1ola de Ajedrez, ajedrez madrid, federarse ajedrez, campeonato de Espa\u00f1a de ajedrez, ajedrez\" \/>\n<meta name=\"robots\" content=\"index, follow, max-snippet:-1, max-image-preview:large, max-video-preview:-1\" \/>\n<link rel=\"canonical\" href=\"https:\/\/feda.org\/feda2k16\/antonio-hernando-y-noemi-martinez-campeones-de-espana-de-ajedrez-inclusivo\/\" \/>\n<meta property=\"og:locale\" content=\"es_ES\" \/>\n<meta property=\"og:type\" content=\"article\" \/>\n<meta property=\"og:title\" content=\"Antonio Hernando y Noemi Mart\u00ednez Campeones de Espa\u00f1a de Ajedrez Inclusivo. - FEDA\" \/>\n<meta property=\"og:description\" content=\"FEDA, Federaci\u00f3n Espa\u00f1ola de Ajedrez, ajedrez madrid, federarse ajedrez, campeonato de Espa\u00f1a de ajedrez, ajedrez\" \/>\n<meta property=\"og:url\" content=\"https:\/\/feda.org\/feda2k16\/antonio-hernando-y-noemi-martinez-campeones-de-espana-de-ajedrez-inclusivo\/\" \/>\n<meta property=\"og:site_name\" content=\"FEDA\" \/>\n<meta property=\"article:publisher\" content=\"https:\/\/www.facebook.com\/federacionespanoladeajedrez\/\" \/>\n<meta property=\"article:published_time\" content=\"2025-09-29T11:06:43+00:00\" \/>\n<meta property=\"article:modified_time\" content=\"2025-09-29T11:20:52+00:00\" \/>\n<meta property=\"og:image\" content=\"https:\/\/feda.org\/feda2k16\/wp-content\/uploads\/Imagen-de-WhatsApp-2025-09-28-a-las-21.19.32_fd348766.jpg\" \/>\n\t<meta property=\"og:image:width\" content=\"1080\" \/>\n\t<meta property=\"og:image:height\" content=\"1012\" \/>\n\t<meta property=\"og:image:type\" content=\"image\/jpeg\" \/>\n<meta name=\"author\" content=\"elefante66\" \/>\n<meta name=\"twitter:card\" content=\"summary_large_image\" \/>\n<meta name=\"twitter:creator\" content=\"@AjedrezEspanola\" \/>\n<meta name=\"twitter:site\" content=\"@AjedrezEspanola\" \/>\n<meta name=\"twitter:label1\" content=\"Escrito por\" \/>\n\t<meta name=\"twitter:data1\" content=\"elefante66\" \/>\n\t<meta name=\"twitter:label2\" content=\"Tiempo de lectura\" \/>\n\t<meta name=\"twitter:data2\" content=\"3 minutos\" \/>\n<script type=\"application\/ld+json\" class=\"yoast-schema-graph\">{\"@context\":\"https:\\\/\\\/schema.org\",\"@graph\":[{\"@type\":\"Article\",\"@id\":\"https:\\\/\\\/feda.org\\\/feda2k16\\\/antonio-hernando-y-noemi-martinez-campeones-de-espana-de-ajedrez-inclusivo\\\/#article\",\"isPartOf\":{\"@id\":\"https:\\\/\\\/feda.org\\\/feda2k16\\\/antonio-hernando-y-noemi-martinez-campeones-de-espana-de-ajedrez-inclusivo\\\/\"},\"author\":{\"name\":\"elefante66\",\"@id\":\"https:\\\/\\\/feda.org\\\/feda2k16\\\/#\\\/schema\\\/person\\\/b39486343e189c77e58d02641385fe29\"},\"headline\":\"Antonio Hernando y Noemi Mart\u00ednez Campeones de Espa\u00f1a de Ajedrez Inclusivo.\",\"datePublished\":\"2025-09-29T11:06:43+00:00\",\"dateModified\":\"2025-09-29T11:20:52+00:00\",\"mainEntityOfPage\":{\"@id\":\"https:\\\/\\\/feda.org\\\/feda2k16\\\/antonio-hernando-y-noemi-martinez-campeones-de-espana-de-ajedrez-inclusivo\\\/\"},\"wordCount\":541,\"publisher\":{\"@id\":\"https:\\\/\\\/feda.org\\\/feda2k16\\\/#organization\"},\"image\":{\"@id\":\"https:\\\/\\\/feda.org\\\/feda2k16\\\/antonio-hernando-y-noemi-martinez-campeones-de-espana-de-ajedrez-inclusivo\\\/#primaryimage\"},\"thumbnailUrl\":\"https:\\\/\\\/feda.org\\\/feda2k16\\\/wp-content\\\/uploads\\\/Imagen-de-WhatsApp-2025-09-28-a-las-21.19.32_fd348766.jpg\",\"articleSection\":[\"Noticias\"],\"inLanguage\":\"es\"},{\"@type\":\"WebPage\",\"@id\":\"https:\\\/\\\/feda.org\\\/feda2k16\\\/antonio-hernando-y-noemi-martinez-campeones-de-espana-de-ajedrez-inclusivo\\\/\",\"url\":\"https:\\\/\\\/feda.org\\\/feda2k16\\\/antonio-hernando-y-noemi-martinez-campeones-de-espana-de-ajedrez-inclusivo\\\/\",\"name\":\"Antonio Hernando y Noemi Mart\u00ednez Campeones de Espa\u00f1a de Ajedrez Inclusivo. - FEDA\",\"isPartOf\":{\"@id\":\"https:\\\/\\\/feda.org\\\/feda2k16\\\/#website\"},\"primaryImageOfPage\":{\"@id\":\"https:\\\/\\\/feda.org\\\/feda2k16\\\/antonio-hernando-y-noemi-martinez-campeones-de-espana-de-ajedrez-inclusivo\\\/#primaryimage\"},\"image\":{\"@id\":\"https:\\\/\\\/feda.org\\\/feda2k16\\\/antonio-hernando-y-noemi-martinez-campeones-de-espana-de-ajedrez-inclusivo\\\/#primaryimage\"},\"thumbnailUrl\":\"https:\\\/\\\/feda.org\\\/feda2k16\\\/wp-content\\\/uploads\\\/Imagen-de-WhatsApp-2025-09-28-a-las-21.19.32_fd348766.jpg\",\"datePublished\":\"2025-09-29T11:06:43+00:00\",\"dateModified\":\"2025-09-29T11:20:52+00:00\",\"description\":\"FEDA, Federaci\u00f3n Espa\u00f1ola de Ajedrez, ajedrez madrid, federarse ajedrez, campeonato de Espa\u00f1a de ajedrez, ajedrez\",\"breadcrumb\":{\"@id\":\"https:\\\/\\\/feda.org\\\/feda2k16\\\/antonio-hernando-y-noemi-martinez-campeones-de-espana-de-ajedrez-inclusivo\\\/#breadcrumb\"},\"inLanguage\":\"es\",\"potentialAction\":[{\"@type\":\"ReadAction\",\"target\":[\"https:\\\/\\\/feda.org\\\/feda2k16\\\/antonio-hernando-y-noemi-martinez-campeones-de-espana-de-ajedrez-inclusivo\\\/\"]}]},{\"@type\":\"ImageObject\",\"inLanguage\":\"es\",\"@id\":\"https:\\\/\\\/feda.org\\\/feda2k16\\\/antonio-hernando-y-noemi-martinez-campeones-de-espana-de-ajedrez-inclusivo\\\/#primaryimage\",\"url\":\"https:\\\/\\\/feda.org\\\/feda2k16\\\/wp-content\\\/uploads\\\/Imagen-de-WhatsApp-2025-09-28-a-las-21.19.32_fd348766.jpg\",\"contentUrl\":\"https:\\\/\\\/feda.org\\\/feda2k16\\\/wp-content\\\/uploads\\\/Imagen-de-WhatsApp-2025-09-28-a-las-21.19.32_fd348766.jpg\",\"width\":1080,\"height\":1012},{\"@type\":\"BreadcrumbList\",\"@id\":\"https:\\\/\\\/feda.org\\\/feda2k16\\\/antonio-hernando-y-noemi-martinez-campeones-de-espana-de-ajedrez-inclusivo\\\/#breadcrumb\",\"itemListElement\":[{\"@type\":\"ListItem\",\"position\":1,\"name\":\"Portada\",\"item\":\"https:\\\/\\\/feda.org\\\/feda2k16\\\/\"},{\"@type\":\"ListItem\",\"position\":2,\"name\":\"Antonio Hernando y Noemi Mart\u00ednez Campeones de Espa\u00f1a de Ajedrez Inclusivo.\"}]},{\"@type\":\"WebSite\",\"@id\":\"https:\\\/\\\/feda.org\\\/feda2k16\\\/#website\",\"url\":\"https:\\\/\\\/feda.org\\\/feda2k16\\\/\",\"name\":\"FEDA\",\"description\":\"Federaci\u00f3n Espa\u00f1ola de Ajedrez\",\"publisher\":{\"@id\":\"https:\\\/\\\/feda.org\\\/feda2k16\\\/#organization\"},\"alternateName\":\"Federaci\u00f3n Espa\u00f1ola de Ajedrez\",\"potentialAction\":[{\"@type\":\"SearchAction\",\"target\":{\"@type\":\"EntryPoint\",\"urlTemplate\":\"https:\\\/\\\/feda.org\\\/feda2k16\\\/?s={search_term_string}\"},\"query-input\":{\"@type\":\"PropertyValueSpecification\",\"valueRequired\":true,\"valueName\":\"search_term_string\"}}],\"inLanguage\":\"es\"},{\"@type\":\"Organization\",\"@id\":\"https:\\\/\\\/feda.org\\\/feda2k16\\\/#organization\",\"name\":\"FEDA\",\"alternateName\":\"Federaci\u00f3n Espa\u00f1ola de Ajedrez\",\"url\":\"https:\\\/\\\/feda.org\\\/feda2k16\\\/\",\"logo\":{\"@type\":\"ImageObject\",\"inLanguage\":\"es\",\"@id\":\"https:\\\/\\\/feda.org\\\/feda2k16\\\/#\\\/schema\\\/logo\\\/image\\\/\",\"url\":\"https:\\\/\\\/feda.org\\\/feda2k16\\\/wp-content\\\/uploads\\\/NuevoLogo_FEDA_2016.png\",\"contentUrl\":\"https:\\\/\\\/feda.org\\\/feda2k16\\\/wp-content\\\/uploads\\\/NuevoLogo_FEDA_2016.png\",\"width\":600,\"height\":600,\"caption\":\"FEDA\"},\"image\":{\"@id\":\"https:\\\/\\\/feda.org\\\/feda2k16\\\/#\\\/schema\\\/logo\\\/image\\\/\"},\"sameAs\":[\"https:\\\/\\\/www.facebook.com\\\/federacionespanoladeajedrez\\\/\",\"https:\\\/\\\/x.com\\\/AjedrezEspanola\",\"https:\\\/\\\/www.instagram.com\\\/federacionespanolaajedrez\\\/?hl=es\",\"https:\\\/\\\/www.youtube.com\\\/@FederacionEspanoladeAjedrezFED\\\/featured\"]},{\"@type\":\"Person\",\"@id\":\"https:\\\/\\\/feda.org\\\/feda2k16\\\/#\\\/schema\\\/person\\\/b39486343e189c77e58d02641385fe29\",\"name\":\"elefante66\",\"url\":\"https:\\\/\\\/feda.org\\\/feda2k16\\\/author\\\/elefante66\\\/\"}]}<\/script>\n<!-- \/ Yoast SEO plugin. -->","yoast_head_json":{"title":"Antonio Hernando y Noemi Mart\u00ednez Campeones de Espa\u00f1a de Ajedrez Inclusivo. - FEDA","description":"FEDA, Federaci\u00f3n Espa\u00f1ola de Ajedrez, ajedrez madrid, federarse ajedrez, campeonato de Espa\u00f1a de ajedrez, ajedrez","robots":{"index":"index","follow":"follow","max-snippet":"max-snippet:-1","max-image-preview":"max-image-preview:large","max-video-preview":"max-video-preview:-1"},"canonical":"https:\/\/feda.org\/feda2k16\/antonio-hernando-y-noemi-martinez-campeones-de-espana-de-ajedrez-inclusivo\/","og_locale":"es_ES","og_type":"article","og_title":"Antonio Hernando y Noemi Mart\u00ednez Campeones de Espa\u00f1a de Ajedrez Inclusivo. - FEDA","og_description":"FEDA, Federaci\u00f3n Espa\u00f1ola de Ajedrez, ajedrez madrid, federarse ajedrez, campeonato de Espa\u00f1a de ajedrez, ajedrez","og_url":"https:\/\/feda.org\/feda2k16\/antonio-hernando-y-noemi-martinez-campeones-de-espana-de-ajedrez-inclusivo\/","og_site_name":"FEDA","article_publisher":"https:\/\/www.facebook.com\/federacionespanoladeajedrez\/","article_published_time":"2025-09-29T11:06:43+00:00","article_modified_time":"2025-09-29T11:20:52+00:00","og_image":[{"width":1080,"height":1012,"url":"https:\/\/feda.org\/feda2k16\/wp-content\/uploads\/Imagen-de-WhatsApp-2025-09-28-a-las-21.19.32_fd348766.jpg","type":"image\/jpeg"}],"author":"elefante66","twitter_card":"summary_large_image","twitter_creator":"@AjedrezEspanola","twitter_site":"@AjedrezEspanola","twitter_misc":{"Escrito por":"elefante66","Tiempo de lectura":"3 minutos"},"schema":{"@context":"https:\/\/schema.org","@graph":[{"@type":"Article","@id":"https:\/\/feda.org\/feda2k16\/antonio-hernando-y-noemi-martinez-campeones-de-espana-de-ajedrez-inclusivo\/#article","isPartOf":{"@id":"https:\/\/feda.org\/feda2k16\/antonio-hernando-y-noemi-martinez-campeones-de-espana-de-ajedrez-inclusivo\/"},"author":{"name":"elefante66","@id":"https:\/\/feda.org\/feda2k16\/#\/schema\/person\/b39486343e189c77e58d02641385fe29"},"headline":"Antonio Hernando y Noemi Mart\u00ednez Campeones de Espa\u00f1a de Ajedrez Inclusivo.","datePublished":"2025-09-29T11:06:43+00:00","dateModified":"2025-09-29T11:20:52+00:00","mainEntityOfPage":{"@id":"https:\/\/feda.org\/feda2k16\/antonio-hernando-y-noemi-martinez-campeones-de-espana-de-ajedrez-inclusivo\/"},"wordCount":541,"publisher":{"@id":"https:\/\/feda.org\/feda2k16\/#organization"},"image":{"@id":"https:\/\/feda.org\/feda2k16\/antonio-hernando-y-noemi-martinez-campeones-de-espana-de-ajedrez-inclusivo\/#primaryimage"},"thumbnailUrl":"https:\/\/feda.org\/feda2k16\/wp-content\/uploads\/Imagen-de-WhatsApp-2025-09-28-a-las-21.19.32_fd348766.jpg","articleSection":["Noticias"],"inLanguage":"es"},{"@type":"WebPage","@id":"https:\/\/feda.org\/feda2k16\/antonio-hernando-y-noemi-martinez-campeones-de-espana-de-ajedrez-inclusivo\/","url":"https:\/\/feda.org\/feda2k16\/antonio-hernando-y-noemi-martinez-campeones-de-espana-de-ajedrez-inclusivo\/","name":"Antonio Hernando y Noemi Mart\u00ednez Campeones de Espa\u00f1a de Ajedrez Inclusivo. - FEDA","isPartOf":{"@id":"https:\/\/feda.org\/feda2k16\/#website"},"primaryImageOfPage":{"@id":"https:\/\/feda.org\/feda2k16\/antonio-hernando-y-noemi-martinez-campeones-de-espana-de-ajedrez-inclusivo\/#primaryimage"},"image":{"@id":"https:\/\/feda.org\/feda2k16\/antonio-hernando-y-noemi-martinez-campeones-de-espana-de-ajedrez-inclusivo\/#primaryimage"},"thumbnailUrl":"https:\/\/feda.org\/feda2k16\/wp-content\/uploads\/Imagen-de-WhatsApp-2025-09-28-a-las-21.19.32_fd348766.jpg","datePublished":"2025-09-29T11:06:43+00:00","dateModified":"2025-09-29T11:20:52+00:00","description":"FEDA, Federaci\u00f3n Espa\u00f1ola de Ajedrez, ajedrez madrid, federarse ajedrez, campeonato de Espa\u00f1a de ajedrez, ajedrez","breadcrumb":{"@id":"https:\/\/feda.org\/feda2k16\/antonio-hernando-y-noemi-martinez-campeones-de-espana-de-ajedrez-inclusivo\/#breadcrumb"},"inLanguage":"es","potentialAction":[{"@type":"ReadAction","target":["https:\/\/feda.org\/feda2k16\/antonio-hernando-y-noemi-martinez-campeones-de-espana-de-ajedrez-inclusivo\/"]}]},{"@type":"ImageObject","inLanguage":"es","@id":"https:\/\/feda.org\/feda2k16\/antonio-hernando-y-noemi-martinez-campeones-de-espana-de-ajedrez-inclusivo\/#primaryimage","url":"https:\/\/feda.org\/feda2k16\/wp-content\/uploads\/Imagen-de-WhatsApp-2025-09-28-a-las-21.19.32_fd348766.jpg","contentUrl":"https:\/\/feda.org\/feda2k16\/wp-content\/uploads\/Imagen-de-WhatsApp-2025-09-28-a-las-21.19.32_fd348766.jpg","width":1080,"height":1012},{"@type":"BreadcrumbList","@id":"https:\/\/feda.org\/feda2k16\/antonio-hernando-y-noemi-martinez-campeones-de-espana-de-ajedrez-inclusivo\/#breadcrumb","itemListElement":[{"@type":"ListItem","position":1,"name":"Portada","item":"https:\/\/feda.org\/feda2k16\/"},{"@type":"ListItem","position":2,"name":"Antonio Hernando y Noemi Mart\u00ednez Campeones de Espa\u00f1a de Ajedrez Inclusivo."}]},{"@type":"WebSite","@id":"https:\/\/feda.org\/feda2k16\/#website","url":"https:\/\/feda.org\/feda2k16\/","name":"FEDA","description":"Federaci\u00f3n Espa\u00f1ola de Ajedrez","publisher":{"@id":"https:\/\/feda.org\/feda2k16\/#organization"},"alternateName":"Federaci\u00f3n Espa\u00f1ola de Ajedrez","potentialAction":[{"@type":"SearchAction","target":{"@type":"EntryPoint","urlTemplate":"https:\/\/feda.org\/feda2k16\/?s={search_term_string}"},"query-input":{"@type":"PropertyValueSpecification","valueRequired":true,"valueName":"search_term_string"}}],"inLanguage":"es"},{"@type":"Organization","@id":"https:\/\/feda.org\/feda2k16\/#organization","name":"FEDA","alternateName":"Federaci\u00f3n Espa\u00f1ola de Ajedrez","url":"https:\/\/feda.org\/feda2k16\/","logo":{"@type":"ImageObject","inLanguage":"es","@id":"https:\/\/feda.org\/feda2k16\/#\/schema\/logo\/image\/","url":"https:\/\/feda.org\/feda2k16\/wp-content\/uploads\/NuevoLogo_FEDA_2016.png","contentUrl":"https:\/\/feda.org\/feda2k16\/wp-content\/uploads\/NuevoLogo_FEDA_2016.png","width":600,"height":600,"caption":"FEDA"},"image":{"@id":"https:\/\/feda.org\/feda2k16\/#\/schema\/logo\/image\/"},"sameAs":["https:\/\/www.facebook.com\/federacionespanoladeajedrez\/","https:\/\/x.com\/AjedrezEspanola","https:\/\/www.instagram.com\/federacionespanolaajedrez\/?hl=es","https:\/\/www.youtube.com\/@FederacionEspanoladeAjedrezFED\/featured"]},{"@type":"Person","@id":"https:\/\/feda.org\/feda2k16\/#\/schema\/person\/b39486343e189c77e58d02641385fe29","name":"elefante66","url":"https:\/\/feda.org\/feda2k16\/author\/elefante66\/"}]}},"_links":{"self":[{"href":"https:\/\/feda.org\/feda2k16\/wp-json\/wp\/v2\/posts\/27116","targetHints":{"allow":["GET"]}}],"collection":[{"href":"https:\/\/feda.org\/feda2k16\/wp-json\/wp\/v2\/posts"}],"about":[{"href":"https:\/\/feda.org\/feda2k16\/wp-json\/wp\/v2\/types\/post"}],"author":[{"embeddable":true,"href":"https:\/\/feda.org\/feda2k16\/wp-json\/wp\/v2\/users\/5"}],"replies":[{"embeddable":true,"href":"https:\/\/feda.org\/feda2k16\/wp-json\/wp\/v2\/comments?post=27116"}],"version-history":[{"count":5,"href":"https:\/\/feda.org\/feda2k16\/wp-json\/wp\/v2\/posts\/27116\/revisions"}],"predecessor-version":[{"id":27126,"href":"https:\/\/feda.org\/feda2k16\/wp-json\/wp\/v2\/posts\/27116\/revisions\/27126"}],"wp:attachment":[{"href":"https:\/\/feda.org\/feda2k16\/wp-json\/wp\/v2\/media?parent=27116"}],"wp:term":[{"taxonomy":"category","embeddable":true,"href":"https:\/\/feda.org\/feda2k16\/wp-json\/wp\/v2\/categories?post=27116"},{"taxonomy":"post_tag","embeddable":true,"href":"https:\/\/feda.org\/feda2k16\/wp-json\/wp\/v2\/tags?post=27116"}],"curies":[{"name":"wp","href":"https:\/\/api.w.org\/{rel}","templated":true}]}}