{"id":27190,"date":"2025-10-14T21:23:16","date_gmt":"2025-10-14T21:23:16","guid":{"rendered":"https:\/\/feda.org\/feda2k16\/?p=27190"},"modified":"2025-10-14T21:23:17","modified_gmt":"2025-10-14T21:23:17","slug":"medallas-para-sabrina-vega-y-ana-matnadze-en-el-europeo-de-selecciones-en-batumi","status":"publish","type":"post","link":"https:\/\/feda.org\/feda2k16\/medallas-para-sabrina-vega-y-ana-matnadze-en-el-europeo-de-selecciones-en-batumi\/","title":{"rendered":"Medallas para Sabrina Vega y Ana Matnadze en el Europeo de Selecciones en Batumi."},"content":{"rendered":"\n<figure class=\"wp-block-image size-full\"><img fetchpriority=\"high\" decoding=\"async\" width=\"1200\" height=\"1473\" src=\"https:\/\/feda.org\/feda2k16\/wp-content\/uploads\/Imagen-de-WhatsApp-2025-10-14-a-las-22.39.37_ab71ba90.jpg\" alt=\"\" class=\"wp-image-27189\" srcset=\"https:\/\/feda.org\/feda2k16\/wp-content\/uploads\/Imagen-de-WhatsApp-2025-10-14-a-las-22.39.37_ab71ba90.jpg 1200w, https:\/\/feda.org\/feda2k16\/wp-content\/uploads\/Imagen-de-WhatsApp-2025-10-14-a-las-22.39.37_ab71ba90-768x943.jpg 768w\" sizes=\"(max-width: 1200px) 100vw, 1200px\" \/><\/figure>\n\n\n\n<p>Finaliz\u00f3 el Campeonato de Europa de selecciones en Batumi (Georgia). <br \/>Espa\u00f1a part\u00eda con el ranking 8 en Open y 7 en mujeres. Curiosamente el resultado final coincidi\u00f3 exactamente con esos n\u00fameros aunque no fue un logro lineal ni mucho menos. Los equipos espa\u00f1oles mantuvieron el tipo toda la competici\u00f3n aunque tampoco estuvieron realmente cerca de las medallas. Tambi\u00e9n las actuaciones individuales fueron irregulares, aunque muy dignas, en un torneo muy igualado casi siempre contra rivales muy fuertes. <br \/>Hay que destacar las medallas individuales logradas en el equipo femenino por Sabrina, Vega, plata en el tablero 2 y Ana Matnadze bronce en el 3. Grandes luchadoras ambas y desde luego merecedoras de este premio. Enhorabuena!<br \/>Queremos destacar tambi\u00e9n el debut con la selecci\u00f3n femenina de Gal.la Garc\u00eda Castany, con un resultado muy correcto . En categor\u00eda open, 8 puesto y una aceptable competici\u00f3n donde destacaron las grandes actuaciones de David Ant\u00f3n y Jaime Santos. Ambos quedaron cuartos en sus tableros.<br \/>Los dem\u00e1s cumplieron y es digna de destacar la reacci\u00f3n de Daniil Yuffa que comenz\u00f3 mal pero acabo con dos grandes victorias, decisivas para la clasificaci\u00f3n final.\u00a0<\/p>\n<p><img decoding=\"async\" class=\"alignnone size-full wp-image-27191\" src=\"https:\/\/feda.org\/feda2k16\/wp-content\/uploads\/Imagen-de-WhatsApp-2025-10-14-a-las-20.27.51_90a4b6e7.jpg\" alt=\"\" width=\"1351\" height=\"805\" srcset=\"https:\/\/feda.org\/feda2k16\/wp-content\/uploads\/Imagen-de-WhatsApp-2025-10-14-a-las-20.27.51_90a4b6e7.jpg 1351w, https:\/\/feda.org\/feda2k16\/wp-content\/uploads\/Imagen-de-WhatsApp-2025-10-14-a-las-20.27.51_90a4b6e7-768x458.jpg 768w\" sizes=\"(max-width: 1351px) 100vw, 1351px\" \/><\/p>\n","protected":false},"excerpt":{"rendered":"<p>Finaliz\u00f3 el Campeonato de Europa de selecciones en Batumi (Georgia). Espa\u00f1a part\u00eda con el ranking 8 en Open y 7 en mujeres. Curiosamente el resultado final coincidi\u00f3 exactamente con esos n\u00fameros aunque no fue un logro lineal ni mucho menos. Los equipos espa\u00f1oles mantuvieron el tipo toda la competici\u00f3n aunque tampoco estuvieron realmente cerca de [&hellip;]<\/p>\n","protected":false},"author":5,"featured_media":0,"comment_status":"closed","ping_status":"closed","sticky":false,"template":"","format":"standard","meta":{"footnotes":""},"categories":[16],"tags":[],"class_list":["post-27190","post","type-post","status-publish","format-standard","hentry","category-noticias"],"yoast_head":"<!-- This site is optimized with the Yoast SEO plugin v27.4 - https:\/\/yoast.com\/product\/yoast-seo-wordpress\/ -->\n<title>Medallas para Sabrina Vega y Ana Matnadze en el Europeo de Selecciones en Batumi. - FEDA<\/title>\n<meta name=\"description\" content=\"FEDA, Federaci\u00f3n Espa\u00f1ola de Ajedrez, ajedrez madrid, federarse ajedrez, campeonato de Espa\u00f1a de ajedrez, ajedrez\" \/>\n<meta name=\"robots\" content=\"index, follow, max-snippet:-1, max-image-preview:large, max-video-preview:-1\" \/>\n<link rel=\"canonical\" href=\"https:\/\/feda.org\/feda2k16\/medallas-para-sabrina-vega-y-ana-matnadze-en-el-europeo-de-selecciones-en-batumi\/\" \/>\n<meta property=\"og:locale\" content=\"es_ES\" \/>\n<meta property=\"og:type\" content=\"article\" \/>\n<meta property=\"og:title\" content=\"Medallas para Sabrina Vega y Ana Matnadze en el Europeo de Selecciones en Batumi. - FEDA\" \/>\n<meta property=\"og:description\" content=\"FEDA, Federaci\u00f3n Espa\u00f1ola de Ajedrez, ajedrez madrid, federarse ajedrez, campeonato de Espa\u00f1a de ajedrez, ajedrez\" \/>\n<meta property=\"og:url\" content=\"https:\/\/feda.org\/feda2k16\/medallas-para-sabrina-vega-y-ana-matnadze-en-el-europeo-de-selecciones-en-batumi\/\" \/>\n<meta property=\"og:site_name\" content=\"FEDA\" \/>\n<meta property=\"article:publisher\" content=\"https:\/\/www.facebook.com\/federacionespanoladeajedrez\/\" \/>\n<meta property=\"article:published_time\" content=\"2025-10-14T21:23:16+00:00\" \/>\n<meta property=\"article:modified_time\" content=\"2025-10-14T21:23:17+00:00\" \/>\n<meta property=\"og:image\" content=\"https:\/\/feda.org\/feda2k16\/wp-content\/uploads\/Imagen-de-WhatsApp-2025-10-14-a-las-22.39.37_ab71ba90.jpg\" \/>\n\t<meta property=\"og:image:width\" content=\"1200\" \/>\n\t<meta property=\"og:image:height\" content=\"1473\" \/>\n\t<meta property=\"og:image:type\" content=\"image\/jpeg\" \/>\n<meta name=\"author\" content=\"elefante66\" \/>\n<meta name=\"twitter:card\" content=\"summary_large_image\" \/>\n<meta name=\"twitter:creator\" content=\"@AjedrezEspanola\" \/>\n<meta name=\"twitter:site\" content=\"@AjedrezEspanola\" \/>\n<meta name=\"twitter:label1\" content=\"Escrito por\" \/>\n\t<meta name=\"twitter:data1\" content=\"elefante66\" \/>\n\t<meta name=\"twitter:label2\" content=\"Tiempo de lectura\" \/>\n\t<meta name=\"twitter:data2\" content=\"2 minutos\" \/>\n<script type=\"application\/ld+json\" class=\"yoast-schema-graph\">{\"@context\":\"https:\\\/\\\/schema.org\",\"@graph\":[{\"@type\":\"Article\",\"@id\":\"https:\\\/\\\/feda.org\\\/feda2k16\\\/medallas-para-sabrina-vega-y-ana-matnadze-en-el-europeo-de-selecciones-en-batumi\\\/#article\",\"isPartOf\":{\"@id\":\"https:\\\/\\\/feda.org\\\/feda2k16\\\/medallas-para-sabrina-vega-y-ana-matnadze-en-el-europeo-de-selecciones-en-batumi\\\/\"},\"author\":{\"name\":\"elefante66\",\"@id\":\"https:\\\/\\\/feda.org\\\/feda2k16\\\/#\\\/schema\\\/person\\\/b39486343e189c77e58d02641385fe29\"},\"headline\":\"Medallas para Sabrina Vega y Ana Matnadze en el Europeo de Selecciones en Batumi.\",\"datePublished\":\"2025-10-14T21:23:16+00:00\",\"dateModified\":\"2025-10-14T21:23:17+00:00\",\"mainEntityOfPage\":{\"@id\":\"https:\\\/\\\/feda.org\\\/feda2k16\\\/medallas-para-sabrina-vega-y-ana-matnadze-en-el-europeo-de-selecciones-en-batumi\\\/\"},\"wordCount\":210,\"publisher\":{\"@id\":\"https:\\\/\\\/feda.org\\\/feda2k16\\\/#organization\"},\"image\":{\"@id\":\"https:\\\/\\\/feda.org\\\/feda2k16\\\/medallas-para-sabrina-vega-y-ana-matnadze-en-el-europeo-de-selecciones-en-batumi\\\/#primaryimage\"},\"thumbnailUrl\":\"https:\\\/\\\/feda.org\\\/feda2k16\\\/wp-content\\\/uploads\\\/Imagen-de-WhatsApp-2025-10-14-a-las-22.39.37_ab71ba90.jpg\",\"articleSection\":[\"Noticias\"],\"inLanguage\":\"es\"},{\"@type\":\"WebPage\",\"@id\":\"https:\\\/\\\/feda.org\\\/feda2k16\\\/medallas-para-sabrina-vega-y-ana-matnadze-en-el-europeo-de-selecciones-en-batumi\\\/\",\"url\":\"https:\\\/\\\/feda.org\\\/feda2k16\\\/medallas-para-sabrina-vega-y-ana-matnadze-en-el-europeo-de-selecciones-en-batumi\\\/\",\"name\":\"Medallas para Sabrina Vega y Ana Matnadze en el Europeo de Selecciones en Batumi. - FEDA\",\"isPartOf\":{\"@id\":\"https:\\\/\\\/feda.org\\\/feda2k16\\\/#website\"},\"primaryImageOfPage\":{\"@id\":\"https:\\\/\\\/feda.org\\\/feda2k16\\\/medallas-para-sabrina-vega-y-ana-matnadze-en-el-europeo-de-selecciones-en-batumi\\\/#primaryimage\"},\"image\":{\"@id\":\"https:\\\/\\\/feda.org\\\/feda2k16\\\/medallas-para-sabrina-vega-y-ana-matnadze-en-el-europeo-de-selecciones-en-batumi\\\/#primaryimage\"},\"thumbnailUrl\":\"https:\\\/\\\/feda.org\\\/feda2k16\\\/wp-content\\\/uploads\\\/Imagen-de-WhatsApp-2025-10-14-a-las-22.39.37_ab71ba90.jpg\",\"datePublished\":\"2025-10-14T21:23:16+00:00\",\"dateModified\":\"2025-10-14T21:23:17+00:00\",\"description\":\"FEDA, Federaci\u00f3n Espa\u00f1ola de Ajedrez, ajedrez madrid, federarse ajedrez, campeonato de Espa\u00f1a de ajedrez, ajedrez\",\"breadcrumb\":{\"@id\":\"https:\\\/\\\/feda.org\\\/feda2k16\\\/medallas-para-sabrina-vega-y-ana-matnadze-en-el-europeo-de-selecciones-en-batumi\\\/#breadcrumb\"},\"inLanguage\":\"es\",\"potentialAction\":[{\"@type\":\"ReadAction\",\"target\":[\"https:\\\/\\\/feda.org\\\/feda2k16\\\/medallas-para-sabrina-vega-y-ana-matnadze-en-el-europeo-de-selecciones-en-batumi\\\/\"]}]},{\"@type\":\"ImageObject\",\"inLanguage\":\"es\",\"@id\":\"https:\\\/\\\/feda.org\\\/feda2k16\\\/medallas-para-sabrina-vega-y-ana-matnadze-en-el-europeo-de-selecciones-en-batumi\\\/#primaryimage\",\"url\":\"https:\\\/\\\/feda.org\\\/feda2k16\\\/wp-content\\\/uploads\\\/Imagen-de-WhatsApp-2025-10-14-a-las-22.39.37_ab71ba90.jpg\",\"contentUrl\":\"https:\\\/\\\/feda.org\\\/feda2k16\\\/wp-content\\\/uploads\\\/Imagen-de-WhatsApp-2025-10-14-a-las-22.39.37_ab71ba90.jpg\",\"width\":1200,\"height\":1473},{\"@type\":\"BreadcrumbList\",\"@id\":\"https:\\\/\\\/feda.org\\\/feda2k16\\\/medallas-para-sabrina-vega-y-ana-matnadze-en-el-europeo-de-selecciones-en-batumi\\\/#breadcrumb\",\"itemListElement\":[{\"@type\":\"ListItem\",\"position\":1,\"name\":\"Portada\",\"item\":\"https:\\\/\\\/feda.org\\\/feda2k16\\\/\"},{\"@type\":\"ListItem\",\"position\":2,\"name\":\"Medallas para Sabrina Vega y Ana Matnadze en el Europeo de Selecciones en Batumi.\"}]},{\"@type\":\"WebSite\",\"@id\":\"https:\\\/\\\/feda.org\\\/feda2k16\\\/#website\",\"url\":\"https:\\\/\\\/feda.org\\\/feda2k16\\\/\",\"name\":\"FEDA\",\"description\":\"Federaci\u00f3n Espa\u00f1ola de Ajedrez\",\"publisher\":{\"@id\":\"https:\\\/\\\/feda.org\\\/feda2k16\\\/#organization\"},\"alternateName\":\"Federaci\u00f3n Espa\u00f1ola de Ajedrez\",\"potentialAction\":[{\"@type\":\"SearchAction\",\"target\":{\"@type\":\"EntryPoint\",\"urlTemplate\":\"https:\\\/\\\/feda.org\\\/feda2k16\\\/?s={search_term_string}\"},\"query-input\":{\"@type\":\"PropertyValueSpecification\",\"valueRequired\":true,\"valueName\":\"search_term_string\"}}],\"inLanguage\":\"es\"},{\"@type\":\"Organization\",\"@id\":\"https:\\\/\\\/feda.org\\\/feda2k16\\\/#organization\",\"name\":\"FEDA\",\"alternateName\":\"Federaci\u00f3n Espa\u00f1ola de Ajedrez\",\"url\":\"https:\\\/\\\/feda.org\\\/feda2k16\\\/\",\"logo\":{\"@type\":\"ImageObject\",\"inLanguage\":\"es\",\"@id\":\"https:\\\/\\\/feda.org\\\/feda2k16\\\/#\\\/schema\\\/logo\\\/image\\\/\",\"url\":\"https:\\\/\\\/feda.org\\\/feda2k16\\\/wp-content\\\/uploads\\\/NuevoLogo_FEDA_2016.png\",\"contentUrl\":\"https:\\\/\\\/feda.org\\\/feda2k16\\\/wp-content\\\/uploads\\\/NuevoLogo_FEDA_2016.png\",\"width\":600,\"height\":600,\"caption\":\"FEDA\"},\"image\":{\"@id\":\"https:\\\/\\\/feda.org\\\/feda2k16\\\/#\\\/schema\\\/logo\\\/image\\\/\"},\"sameAs\":[\"https:\\\/\\\/www.facebook.com\\\/federacionespanoladeajedrez\\\/\",\"https:\\\/\\\/x.com\\\/AjedrezEspanola\",\"https:\\\/\\\/www.instagram.com\\\/federacionespanolaajedrez\\\/?hl=es\",\"https:\\\/\\\/www.youtube.com\\\/@FederacionEspanoladeAjedrezFED\\\/featured\"]},{\"@type\":\"Person\",\"@id\":\"https:\\\/\\\/feda.org\\\/feda2k16\\\/#\\\/schema\\\/person\\\/b39486343e189c77e58d02641385fe29\",\"name\":\"elefante66\",\"url\":\"https:\\\/\\\/feda.org\\\/feda2k16\\\/author\\\/elefante66\\\/\"}]}<\/script>\n<!-- \/ Yoast SEO plugin. -->","yoast_head_json":{"title":"Medallas para Sabrina Vega y Ana Matnadze en el Europeo de Selecciones en Batumi. - FEDA","description":"FEDA, Federaci\u00f3n Espa\u00f1ola de Ajedrez, ajedrez madrid, federarse ajedrez, campeonato de Espa\u00f1a de ajedrez, ajedrez","robots":{"index":"index","follow":"follow","max-snippet":"max-snippet:-1","max-image-preview":"max-image-preview:large","max-video-preview":"max-video-preview:-1"},"canonical":"https:\/\/feda.org\/feda2k16\/medallas-para-sabrina-vega-y-ana-matnadze-en-el-europeo-de-selecciones-en-batumi\/","og_locale":"es_ES","og_type":"article","og_title":"Medallas para Sabrina Vega y Ana Matnadze en el Europeo de Selecciones en Batumi. - FEDA","og_description":"FEDA, Federaci\u00f3n Espa\u00f1ola de Ajedrez, ajedrez madrid, federarse ajedrez, campeonato de Espa\u00f1a de ajedrez, ajedrez","og_url":"https:\/\/feda.org\/feda2k16\/medallas-para-sabrina-vega-y-ana-matnadze-en-el-europeo-de-selecciones-en-batumi\/","og_site_name":"FEDA","article_publisher":"https:\/\/www.facebook.com\/federacionespanoladeajedrez\/","article_published_time":"2025-10-14T21:23:16+00:00","article_modified_time":"2025-10-14T21:23:17+00:00","og_image":[{"width":1200,"height":1473,"url":"https:\/\/feda.org\/feda2k16\/wp-content\/uploads\/Imagen-de-WhatsApp-2025-10-14-a-las-22.39.37_ab71ba90.jpg","type":"image\/jpeg"}],"author":"elefante66","twitter_card":"summary_large_image","twitter_creator":"@AjedrezEspanola","twitter_site":"@AjedrezEspanola","twitter_misc":{"Escrito por":"elefante66","Tiempo de lectura":"2 minutos"},"schema":{"@context":"https:\/\/schema.org","@graph":[{"@type":"Article","@id":"https:\/\/feda.org\/feda2k16\/medallas-para-sabrina-vega-y-ana-matnadze-en-el-europeo-de-selecciones-en-batumi\/#article","isPartOf":{"@id":"https:\/\/feda.org\/feda2k16\/medallas-para-sabrina-vega-y-ana-matnadze-en-el-europeo-de-selecciones-en-batumi\/"},"author":{"name":"elefante66","@id":"https:\/\/feda.org\/feda2k16\/#\/schema\/person\/b39486343e189c77e58d02641385fe29"},"headline":"Medallas para Sabrina Vega y Ana Matnadze en el Europeo de Selecciones en Batumi.","datePublished":"2025-10-14T21:23:16+00:00","dateModified":"2025-10-14T21:23:17+00:00","mainEntityOfPage":{"@id":"https:\/\/feda.org\/feda2k16\/medallas-para-sabrina-vega-y-ana-matnadze-en-el-europeo-de-selecciones-en-batumi\/"},"wordCount":210,"publisher":{"@id":"https:\/\/feda.org\/feda2k16\/#organization"},"image":{"@id":"https:\/\/feda.org\/feda2k16\/medallas-para-sabrina-vega-y-ana-matnadze-en-el-europeo-de-selecciones-en-batumi\/#primaryimage"},"thumbnailUrl":"https:\/\/feda.org\/feda2k16\/wp-content\/uploads\/Imagen-de-WhatsApp-2025-10-14-a-las-22.39.37_ab71ba90.jpg","articleSection":["Noticias"],"inLanguage":"es"},{"@type":"WebPage","@id":"https:\/\/feda.org\/feda2k16\/medallas-para-sabrina-vega-y-ana-matnadze-en-el-europeo-de-selecciones-en-batumi\/","url":"https:\/\/feda.org\/feda2k16\/medallas-para-sabrina-vega-y-ana-matnadze-en-el-europeo-de-selecciones-en-batumi\/","name":"Medallas para Sabrina Vega y Ana Matnadze en el Europeo de Selecciones en Batumi. - FEDA","isPartOf":{"@id":"https:\/\/feda.org\/feda2k16\/#website"},"primaryImageOfPage":{"@id":"https:\/\/feda.org\/feda2k16\/medallas-para-sabrina-vega-y-ana-matnadze-en-el-europeo-de-selecciones-en-batumi\/#primaryimage"},"image":{"@id":"https:\/\/feda.org\/feda2k16\/medallas-para-sabrina-vega-y-ana-matnadze-en-el-europeo-de-selecciones-en-batumi\/#primaryimage"},"thumbnailUrl":"https:\/\/feda.org\/feda2k16\/wp-content\/uploads\/Imagen-de-WhatsApp-2025-10-14-a-las-22.39.37_ab71ba90.jpg","datePublished":"2025-10-14T21:23:16+00:00","dateModified":"2025-10-14T21:23:17+00:00","description":"FEDA, Federaci\u00f3n Espa\u00f1ola de Ajedrez, ajedrez madrid, federarse ajedrez, campeonato de Espa\u00f1a de ajedrez, ajedrez","breadcrumb":{"@id":"https:\/\/feda.org\/feda2k16\/medallas-para-sabrina-vega-y-ana-matnadze-en-el-europeo-de-selecciones-en-batumi\/#breadcrumb"},"inLanguage":"es","potentialAction":[{"@type":"ReadAction","target":["https:\/\/feda.org\/feda2k16\/medallas-para-sabrina-vega-y-ana-matnadze-en-el-europeo-de-selecciones-en-batumi\/"]}]},{"@type":"ImageObject","inLanguage":"es","@id":"https:\/\/feda.org\/feda2k16\/medallas-para-sabrina-vega-y-ana-matnadze-en-el-europeo-de-selecciones-en-batumi\/#primaryimage","url":"https:\/\/feda.org\/feda2k16\/wp-content\/uploads\/Imagen-de-WhatsApp-2025-10-14-a-las-22.39.37_ab71ba90.jpg","contentUrl":"https:\/\/feda.org\/feda2k16\/wp-content\/uploads\/Imagen-de-WhatsApp-2025-10-14-a-las-22.39.37_ab71ba90.jpg","width":1200,"height":1473},{"@type":"BreadcrumbList","@id":"https:\/\/feda.org\/feda2k16\/medallas-para-sabrina-vega-y-ana-matnadze-en-el-europeo-de-selecciones-en-batumi\/#breadcrumb","itemListElement":[{"@type":"ListItem","position":1,"name":"Portada","item":"https:\/\/feda.org\/feda2k16\/"},{"@type":"ListItem","position":2,"name":"Medallas para Sabrina Vega y Ana Matnadze en el Europeo de Selecciones en Batumi."}]},{"@type":"WebSite","@id":"https:\/\/feda.org\/feda2k16\/#website","url":"https:\/\/feda.org\/feda2k16\/","name":"FEDA","description":"Federaci\u00f3n Espa\u00f1ola de Ajedrez","publisher":{"@id":"https:\/\/feda.org\/feda2k16\/#organization"},"alternateName":"Federaci\u00f3n Espa\u00f1ola de Ajedrez","potentialAction":[{"@type":"SearchAction","target":{"@type":"EntryPoint","urlTemplate":"https:\/\/feda.org\/feda2k16\/?s={search_term_string}"},"query-input":{"@type":"PropertyValueSpecification","valueRequired":true,"valueName":"search_term_string"}}],"inLanguage":"es"},{"@type":"Organization","@id":"https:\/\/feda.org\/feda2k16\/#organization","name":"FEDA","alternateName":"Federaci\u00f3n Espa\u00f1ola de Ajedrez","url":"https:\/\/feda.org\/feda2k16\/","logo":{"@type":"ImageObject","inLanguage":"es","@id":"https:\/\/feda.org\/feda2k16\/#\/schema\/logo\/image\/","url":"https:\/\/feda.org\/feda2k16\/wp-content\/uploads\/NuevoLogo_FEDA_2016.png","contentUrl":"https:\/\/feda.org\/feda2k16\/wp-content\/uploads\/NuevoLogo_FEDA_2016.png","width":600,"height":600,"caption":"FEDA"},"image":{"@id":"https:\/\/feda.org\/feda2k16\/#\/schema\/logo\/image\/"},"sameAs":["https:\/\/www.facebook.com\/federacionespanoladeajedrez\/","https:\/\/x.com\/AjedrezEspanola","https:\/\/www.instagram.com\/federacionespanolaajedrez\/?hl=es","https:\/\/www.youtube.com\/@FederacionEspanoladeAjedrezFED\/featured"]},{"@type":"Person","@id":"https:\/\/feda.org\/feda2k16\/#\/schema\/person\/b39486343e189c77e58d02641385fe29","name":"elefante66","url":"https:\/\/feda.org\/feda2k16\/author\/elefante66\/"}]}},"_links":{"self":[{"href":"https:\/\/feda.org\/feda2k16\/wp-json\/wp\/v2\/posts\/27190","targetHints":{"allow":["GET"]}}],"collection":[{"href":"https:\/\/feda.org\/feda2k16\/wp-json\/wp\/v2\/posts"}],"about":[{"href":"https:\/\/feda.org\/feda2k16\/wp-json\/wp\/v2\/types\/post"}],"author":[{"embeddable":true,"href":"https:\/\/feda.org\/feda2k16\/wp-json\/wp\/v2\/users\/5"}],"replies":[{"embeddable":true,"href":"https:\/\/feda.org\/feda2k16\/wp-json\/wp\/v2\/comments?post=27190"}],"version-history":[{"count":1,"href":"https:\/\/feda.org\/feda2k16\/wp-json\/wp\/v2\/posts\/27190\/revisions"}],"predecessor-version":[{"id":27192,"href":"https:\/\/feda.org\/feda2k16\/wp-json\/wp\/v2\/posts\/27190\/revisions\/27192"}],"wp:attachment":[{"href":"https:\/\/feda.org\/feda2k16\/wp-json\/wp\/v2\/media?parent=27190"}],"wp:term":[{"taxonomy":"category","embeddable":true,"href":"https:\/\/feda.org\/feda2k16\/wp-json\/wp\/v2\/categories?post=27190"},{"taxonomy":"post_tag","embeddable":true,"href":"https:\/\/feda.org\/feda2k16\/wp-json\/wp\/v2\/tags?post=27190"}],"curies":[{"name":"wp","href":"https:\/\/api.w.org\/{rel}","templated":true}]}}