{"id":27211,"date":"2025-10-28T02:09:48","date_gmt":"2025-10-28T02:09:48","guid":{"rendered":"https:\/\/feda.org\/feda2k16\/?p=27211"},"modified":"2025-10-28T19:09:30","modified_gmt":"2025-10-28T19:09:30","slug":"final-de-la-copa-de-europa-de-clubes-2025","status":"publish","type":"post","link":"https:\/\/feda.org\/feda2k16\/final-de-la-copa-de-europa-de-clubes-2025\/","title":{"rendered":"Final de la Copa de Europa de Clubes 2025."},"content":{"rendered":"\n<figure class=\"wp-block-image size-full\"><img fetchpriority=\"high\" decoding=\"async\" width=\"2560\" height=\"1707\" src=\"https:\/\/feda.org\/feda2k16\/wp-content\/uploads\/PAT_7627-scaled.jpg\" alt=\"\" class=\"wp-image-27212\" srcset=\"https:\/\/feda.org\/feda2k16\/wp-content\/uploads\/PAT_7627-scaled.jpg 2560w, https:\/\/feda.org\/feda2k16\/wp-content\/uploads\/PAT_7627-768x512.jpg 768w, https:\/\/feda.org\/feda2k16\/wp-content\/uploads\/PAT_7627-1536x1024.jpg 1536w, https:\/\/feda.org\/feda2k16\/wp-content\/uploads\/PAT_7627-2048x1365.jpg 2048w\" sizes=\"(max-width: 2560px) 100vw, 2560px\" \/><\/figure>\n\n\n\n<p>ermin\u00f3 la Copa de Europa de clubes en rodas (Grecia), con la victoria del Superchess Club. El equipo Silla &#8211; Integrant Col.lectius finaliz\u00f3 en el 18\u00ba lugar y el Club Diagonal Alcorc\u00f3n en el puesto 86.<\/p>\n<p>David Ant\u00f3n, integrante del equipo Novy Bor, tercer clasificado, consigui\u00f3 la medalla de oro al mejor 6\u00ba tablero.<\/p>\n<p><img decoding=\"async\" class=\"alignnone size-full wp-image-27219\" src=\"https:\/\/feda.org\/feda2k16\/wp-content\/uploads\/Imagen-de-WhatsApp-2025-10-28-a-las-19.47.37_4770226f.jpg\" alt=\"\" width=\"1600\" height=\"1068\" srcset=\"https:\/\/feda.org\/feda2k16\/wp-content\/uploads\/Imagen-de-WhatsApp-2025-10-28-a-las-19.47.37_4770226f.jpg 1600w, https:\/\/feda.org\/feda2k16\/wp-content\/uploads\/Imagen-de-WhatsApp-2025-10-28-a-las-19.47.37_4770226f-768x513.jpg 768w, https:\/\/feda.org\/feda2k16\/wp-content\/uploads\/Imagen-de-WhatsApp-2025-10-28-a-las-19.47.37_4770226f-1536x1025.jpg 1536w\" sizes=\"(max-width: 1600px) 100vw, 1600px\" \/><\/p>\n<p style=\"text-align: center;\">Foto: Silla &#8211; Integrant Col.lectius (Comunidad Valenciana).<\/p>\n<p style=\"text-align: center;\"><img decoding=\"async\" class=\"alignnone size-full wp-image-27216\" src=\"https:\/\/feda.org\/feda2k16\/wp-content\/uploads\/PAT_7274-1-scaled.jpg\" alt=\"\" width=\"2560\" height=\"1560\" srcset=\"https:\/\/feda.org\/feda2k16\/wp-content\/uploads\/PAT_7274-1-scaled.jpg 2560w, https:\/\/feda.org\/feda2k16\/wp-content\/uploads\/PAT_7274-1-768x468.jpg 768w, https:\/\/feda.org\/feda2k16\/wp-content\/uploads\/PAT_7274-1-1536x936.jpg 1536w, https:\/\/feda.org\/feda2k16\/wp-content\/uploads\/PAT_7274-1-2048x1248.jpg 2048w\" sizes=\"(max-width: 2560px) 100vw, 2560px\" \/>Foto: Diagonal Alcorc\u00f3n (Madrid).<\/p>\n<p style=\"text-align: center;\">Chess-results:<a href=\"https:\/\/s1.chess-results.com\/tnr1250658.aspx?lan=1&amp;art=34&amp;fed=ESP&amp;turdet=YES&amp;flag=30&amp;SNode=S0\">\u00a0ESPA\u00d1A<\/a><\/p>\n<p style=\"text-align: center;\">Web Oficial:\u00a0<a href=\"https:\/\/eccc2025.com\/\">Copa de Europa de Clubes<\/a><\/p>\n\n\n","protected":false},"excerpt":{"rendered":"<p>ermin\u00f3 la Copa de Europa de clubes en rodas (Grecia), con la victoria del Superchess Club. El equipo Silla &#8211; Integrant Col.lectius finaliz\u00f3 en el 18\u00ba lugar y el Club Diagonal Alcorc\u00f3n en el puesto 86. David Ant\u00f3n, integrante del equipo Novy Bor, tercer clasificado, consigui\u00f3 la medalla de oro al mejor 6\u00ba tablero. Foto: [&hellip;]<\/p>\n","protected":false},"author":5,"featured_media":0,"comment_status":"closed","ping_status":"closed","sticky":false,"template":"","format":"standard","meta":{"footnotes":""},"categories":[16],"tags":[],"class_list":["post-27211","post","type-post","status-publish","format-standard","hentry","category-noticias"],"yoast_head":"<!-- This site is optimized with the Yoast SEO plugin v27.4 - https:\/\/yoast.com\/product\/yoast-seo-wordpress\/ -->\n<title>Final de la Copa de Europa de Clubes 2025. - FEDA<\/title>\n<meta name=\"description\" content=\"FEDA, Federaci\u00f3n Espa\u00f1ola de Ajedrez, ajedrez madrid, federarse ajedrez, campeonato de Espa\u00f1a de ajedrez, ajedrez\" \/>\n<meta name=\"robots\" content=\"index, follow, max-snippet:-1, max-image-preview:large, max-video-preview:-1\" \/>\n<link rel=\"canonical\" href=\"https:\/\/feda.org\/feda2k16\/final-de-la-copa-de-europa-de-clubes-2025\/\" \/>\n<meta property=\"og:locale\" content=\"es_ES\" \/>\n<meta property=\"og:type\" content=\"article\" \/>\n<meta property=\"og:title\" content=\"Final de la Copa de Europa de Clubes 2025. - FEDA\" \/>\n<meta property=\"og:description\" content=\"FEDA, Federaci\u00f3n Espa\u00f1ola de Ajedrez, ajedrez madrid, federarse ajedrez, campeonato de Espa\u00f1a de ajedrez, ajedrez\" \/>\n<meta property=\"og:url\" content=\"https:\/\/feda.org\/feda2k16\/final-de-la-copa-de-europa-de-clubes-2025\/\" \/>\n<meta property=\"og:site_name\" content=\"FEDA\" \/>\n<meta property=\"article:publisher\" content=\"https:\/\/www.facebook.com\/federacionespanoladeajedrez\/\" \/>\n<meta property=\"article:published_time\" content=\"2025-10-28T02:09:48+00:00\" \/>\n<meta property=\"article:modified_time\" content=\"2025-10-28T19:09:30+00:00\" \/>\n<meta property=\"og:image\" content=\"https:\/\/feda.org\/feda2k16\/wp-content\/uploads\/PAT_7627-scaled.jpg\" \/>\n\t<meta property=\"og:image:width\" content=\"2560\" \/>\n\t<meta property=\"og:image:height\" content=\"1707\" \/>\n\t<meta property=\"og:image:type\" content=\"image\/jpeg\" \/>\n<meta name=\"author\" content=\"elefante66\" \/>\n<meta name=\"twitter:card\" content=\"summary_large_image\" \/>\n<meta name=\"twitter:creator\" content=\"@AjedrezEspanola\" \/>\n<meta name=\"twitter:site\" content=\"@AjedrezEspanola\" \/>\n<meta name=\"twitter:label1\" content=\"Escrito por\" \/>\n\t<meta name=\"twitter:data1\" content=\"elefante66\" \/>\n\t<meta name=\"twitter:label2\" content=\"Tiempo de lectura\" \/>\n\t<meta name=\"twitter:data2\" content=\"1 minuto\" \/>\n<script type=\"application\/ld+json\" class=\"yoast-schema-graph\">{\"@context\":\"https:\\\/\\\/schema.org\",\"@graph\":[{\"@type\":\"Article\",\"@id\":\"https:\\\/\\\/feda.org\\\/feda2k16\\\/final-de-la-copa-de-europa-de-clubes-2025\\\/#article\",\"isPartOf\":{\"@id\":\"https:\\\/\\\/feda.org\\\/feda2k16\\\/final-de-la-copa-de-europa-de-clubes-2025\\\/\"},\"author\":{\"name\":\"elefante66\",\"@id\":\"https:\\\/\\\/feda.org\\\/feda2k16\\\/#\\\/schema\\\/person\\\/b39486343e189c77e58d02641385fe29\"},\"headline\":\"Final de la Copa de Europa de Clubes 2025.\",\"datePublished\":\"2025-10-28T02:09:48+00:00\",\"dateModified\":\"2025-10-28T19:09:30+00:00\",\"mainEntityOfPage\":{\"@id\":\"https:\\\/\\\/feda.org\\\/feda2k16\\\/final-de-la-copa-de-europa-de-clubes-2025\\\/\"},\"wordCount\":85,\"publisher\":{\"@id\":\"https:\\\/\\\/feda.org\\\/feda2k16\\\/#organization\"},\"image\":{\"@id\":\"https:\\\/\\\/feda.org\\\/feda2k16\\\/final-de-la-copa-de-europa-de-clubes-2025\\\/#primaryimage\"},\"thumbnailUrl\":\"https:\\\/\\\/feda.org\\\/feda2k16\\\/wp-content\\\/uploads\\\/PAT_7627-scaled.jpg\",\"articleSection\":[\"Noticias\"],\"inLanguage\":\"es\"},{\"@type\":\"WebPage\",\"@id\":\"https:\\\/\\\/feda.org\\\/feda2k16\\\/final-de-la-copa-de-europa-de-clubes-2025\\\/\",\"url\":\"https:\\\/\\\/feda.org\\\/feda2k16\\\/final-de-la-copa-de-europa-de-clubes-2025\\\/\",\"name\":\"Final de la Copa de Europa de Clubes 2025. - FEDA\",\"isPartOf\":{\"@id\":\"https:\\\/\\\/feda.org\\\/feda2k16\\\/#website\"},\"primaryImageOfPage\":{\"@id\":\"https:\\\/\\\/feda.org\\\/feda2k16\\\/final-de-la-copa-de-europa-de-clubes-2025\\\/#primaryimage\"},\"image\":{\"@id\":\"https:\\\/\\\/feda.org\\\/feda2k16\\\/final-de-la-copa-de-europa-de-clubes-2025\\\/#primaryimage\"},\"thumbnailUrl\":\"https:\\\/\\\/feda.org\\\/feda2k16\\\/wp-content\\\/uploads\\\/PAT_7627-scaled.jpg\",\"datePublished\":\"2025-10-28T02:09:48+00:00\",\"dateModified\":\"2025-10-28T19:09:30+00:00\",\"description\":\"FEDA, Federaci\u00f3n Espa\u00f1ola de Ajedrez, ajedrez madrid, federarse ajedrez, campeonato de Espa\u00f1a de ajedrez, ajedrez\",\"breadcrumb\":{\"@id\":\"https:\\\/\\\/feda.org\\\/feda2k16\\\/final-de-la-copa-de-europa-de-clubes-2025\\\/#breadcrumb\"},\"inLanguage\":\"es\",\"potentialAction\":[{\"@type\":\"ReadAction\",\"target\":[\"https:\\\/\\\/feda.org\\\/feda2k16\\\/final-de-la-copa-de-europa-de-clubes-2025\\\/\"]}]},{\"@type\":\"ImageObject\",\"inLanguage\":\"es\",\"@id\":\"https:\\\/\\\/feda.org\\\/feda2k16\\\/final-de-la-copa-de-europa-de-clubes-2025\\\/#primaryimage\",\"url\":\"https:\\\/\\\/feda.org\\\/feda2k16\\\/wp-content\\\/uploads\\\/PAT_7627-scaled.jpg\",\"contentUrl\":\"https:\\\/\\\/feda.org\\\/feda2k16\\\/wp-content\\\/uploads\\\/PAT_7627-scaled.jpg\",\"width\":2560,\"height\":1707},{\"@type\":\"BreadcrumbList\",\"@id\":\"https:\\\/\\\/feda.org\\\/feda2k16\\\/final-de-la-copa-de-europa-de-clubes-2025\\\/#breadcrumb\",\"itemListElement\":[{\"@type\":\"ListItem\",\"position\":1,\"name\":\"Portada\",\"item\":\"https:\\\/\\\/feda.org\\\/feda2k16\\\/\"},{\"@type\":\"ListItem\",\"position\":2,\"name\":\"Final de la Copa de Europa de Clubes 2025.\"}]},{\"@type\":\"WebSite\",\"@id\":\"https:\\\/\\\/feda.org\\\/feda2k16\\\/#website\",\"url\":\"https:\\\/\\\/feda.org\\\/feda2k16\\\/\",\"name\":\"FEDA\",\"description\":\"Federaci\u00f3n Espa\u00f1ola de Ajedrez\",\"publisher\":{\"@id\":\"https:\\\/\\\/feda.org\\\/feda2k16\\\/#organization\"},\"alternateName\":\"Federaci\u00f3n Espa\u00f1ola de Ajedrez\",\"potentialAction\":[{\"@type\":\"SearchAction\",\"target\":{\"@type\":\"EntryPoint\",\"urlTemplate\":\"https:\\\/\\\/feda.org\\\/feda2k16\\\/?s={search_term_string}\"},\"query-input\":{\"@type\":\"PropertyValueSpecification\",\"valueRequired\":true,\"valueName\":\"search_term_string\"}}],\"inLanguage\":\"es\"},{\"@type\":\"Organization\",\"@id\":\"https:\\\/\\\/feda.org\\\/feda2k16\\\/#organization\",\"name\":\"FEDA\",\"alternateName\":\"Federaci\u00f3n Espa\u00f1ola de Ajedrez\",\"url\":\"https:\\\/\\\/feda.org\\\/feda2k16\\\/\",\"logo\":{\"@type\":\"ImageObject\",\"inLanguage\":\"es\",\"@id\":\"https:\\\/\\\/feda.org\\\/feda2k16\\\/#\\\/schema\\\/logo\\\/image\\\/\",\"url\":\"https:\\\/\\\/feda.org\\\/feda2k16\\\/wp-content\\\/uploads\\\/NuevoLogo_FEDA_2016.png\",\"contentUrl\":\"https:\\\/\\\/feda.org\\\/feda2k16\\\/wp-content\\\/uploads\\\/NuevoLogo_FEDA_2016.png\",\"width\":600,\"height\":600,\"caption\":\"FEDA\"},\"image\":{\"@id\":\"https:\\\/\\\/feda.org\\\/feda2k16\\\/#\\\/schema\\\/logo\\\/image\\\/\"},\"sameAs\":[\"https:\\\/\\\/www.facebook.com\\\/federacionespanoladeajedrez\\\/\",\"https:\\\/\\\/x.com\\\/AjedrezEspanola\",\"https:\\\/\\\/www.instagram.com\\\/federacionespanolaajedrez\\\/?hl=es\",\"https:\\\/\\\/www.youtube.com\\\/@FederacionEspanoladeAjedrezFED\\\/featured\"]},{\"@type\":\"Person\",\"@id\":\"https:\\\/\\\/feda.org\\\/feda2k16\\\/#\\\/schema\\\/person\\\/b39486343e189c77e58d02641385fe29\",\"name\":\"elefante66\",\"url\":\"https:\\\/\\\/feda.org\\\/feda2k16\\\/author\\\/elefante66\\\/\"}]}<\/script>\n<!-- \/ Yoast SEO plugin. -->","yoast_head_json":{"title":"Final de la Copa de Europa de Clubes 2025. - FEDA","description":"FEDA, Federaci\u00f3n Espa\u00f1ola de Ajedrez, ajedrez madrid, federarse ajedrez, campeonato de Espa\u00f1a de ajedrez, ajedrez","robots":{"index":"index","follow":"follow","max-snippet":"max-snippet:-1","max-image-preview":"max-image-preview:large","max-video-preview":"max-video-preview:-1"},"canonical":"https:\/\/feda.org\/feda2k16\/final-de-la-copa-de-europa-de-clubes-2025\/","og_locale":"es_ES","og_type":"article","og_title":"Final de la Copa de Europa de Clubes 2025. - FEDA","og_description":"FEDA, Federaci\u00f3n Espa\u00f1ola de Ajedrez, ajedrez madrid, federarse ajedrez, campeonato de Espa\u00f1a de ajedrez, ajedrez","og_url":"https:\/\/feda.org\/feda2k16\/final-de-la-copa-de-europa-de-clubes-2025\/","og_site_name":"FEDA","article_publisher":"https:\/\/www.facebook.com\/federacionespanoladeajedrez\/","article_published_time":"2025-10-28T02:09:48+00:00","article_modified_time":"2025-10-28T19:09:30+00:00","og_image":[{"width":2560,"height":1707,"url":"https:\/\/feda.org\/feda2k16\/wp-content\/uploads\/PAT_7627-scaled.jpg","type":"image\/jpeg"}],"author":"elefante66","twitter_card":"summary_large_image","twitter_creator":"@AjedrezEspanola","twitter_site":"@AjedrezEspanola","twitter_misc":{"Escrito por":"elefante66","Tiempo de lectura":"1 minuto"},"schema":{"@context":"https:\/\/schema.org","@graph":[{"@type":"Article","@id":"https:\/\/feda.org\/feda2k16\/final-de-la-copa-de-europa-de-clubes-2025\/#article","isPartOf":{"@id":"https:\/\/feda.org\/feda2k16\/final-de-la-copa-de-europa-de-clubes-2025\/"},"author":{"name":"elefante66","@id":"https:\/\/feda.org\/feda2k16\/#\/schema\/person\/b39486343e189c77e58d02641385fe29"},"headline":"Final de la Copa de Europa de Clubes 2025.","datePublished":"2025-10-28T02:09:48+00:00","dateModified":"2025-10-28T19:09:30+00:00","mainEntityOfPage":{"@id":"https:\/\/feda.org\/feda2k16\/final-de-la-copa-de-europa-de-clubes-2025\/"},"wordCount":85,"publisher":{"@id":"https:\/\/feda.org\/feda2k16\/#organization"},"image":{"@id":"https:\/\/feda.org\/feda2k16\/final-de-la-copa-de-europa-de-clubes-2025\/#primaryimage"},"thumbnailUrl":"https:\/\/feda.org\/feda2k16\/wp-content\/uploads\/PAT_7627-scaled.jpg","articleSection":["Noticias"],"inLanguage":"es"},{"@type":"WebPage","@id":"https:\/\/feda.org\/feda2k16\/final-de-la-copa-de-europa-de-clubes-2025\/","url":"https:\/\/feda.org\/feda2k16\/final-de-la-copa-de-europa-de-clubes-2025\/","name":"Final de la Copa de Europa de Clubes 2025. - FEDA","isPartOf":{"@id":"https:\/\/feda.org\/feda2k16\/#website"},"primaryImageOfPage":{"@id":"https:\/\/feda.org\/feda2k16\/final-de-la-copa-de-europa-de-clubes-2025\/#primaryimage"},"image":{"@id":"https:\/\/feda.org\/feda2k16\/final-de-la-copa-de-europa-de-clubes-2025\/#primaryimage"},"thumbnailUrl":"https:\/\/feda.org\/feda2k16\/wp-content\/uploads\/PAT_7627-scaled.jpg","datePublished":"2025-10-28T02:09:48+00:00","dateModified":"2025-10-28T19:09:30+00:00","description":"FEDA, Federaci\u00f3n Espa\u00f1ola de Ajedrez, ajedrez madrid, federarse ajedrez, campeonato de Espa\u00f1a de ajedrez, ajedrez","breadcrumb":{"@id":"https:\/\/feda.org\/feda2k16\/final-de-la-copa-de-europa-de-clubes-2025\/#breadcrumb"},"inLanguage":"es","potentialAction":[{"@type":"ReadAction","target":["https:\/\/feda.org\/feda2k16\/final-de-la-copa-de-europa-de-clubes-2025\/"]}]},{"@type":"ImageObject","inLanguage":"es","@id":"https:\/\/feda.org\/feda2k16\/final-de-la-copa-de-europa-de-clubes-2025\/#primaryimage","url":"https:\/\/feda.org\/feda2k16\/wp-content\/uploads\/PAT_7627-scaled.jpg","contentUrl":"https:\/\/feda.org\/feda2k16\/wp-content\/uploads\/PAT_7627-scaled.jpg","width":2560,"height":1707},{"@type":"BreadcrumbList","@id":"https:\/\/feda.org\/feda2k16\/final-de-la-copa-de-europa-de-clubes-2025\/#breadcrumb","itemListElement":[{"@type":"ListItem","position":1,"name":"Portada","item":"https:\/\/feda.org\/feda2k16\/"},{"@type":"ListItem","position":2,"name":"Final de la Copa de Europa de Clubes 2025."}]},{"@type":"WebSite","@id":"https:\/\/feda.org\/feda2k16\/#website","url":"https:\/\/feda.org\/feda2k16\/","name":"FEDA","description":"Federaci\u00f3n Espa\u00f1ola de Ajedrez","publisher":{"@id":"https:\/\/feda.org\/feda2k16\/#organization"},"alternateName":"Federaci\u00f3n Espa\u00f1ola de Ajedrez","potentialAction":[{"@type":"SearchAction","target":{"@type":"EntryPoint","urlTemplate":"https:\/\/feda.org\/feda2k16\/?s={search_term_string}"},"query-input":{"@type":"PropertyValueSpecification","valueRequired":true,"valueName":"search_term_string"}}],"inLanguage":"es"},{"@type":"Organization","@id":"https:\/\/feda.org\/feda2k16\/#organization","name":"FEDA","alternateName":"Federaci\u00f3n Espa\u00f1ola de Ajedrez","url":"https:\/\/feda.org\/feda2k16\/","logo":{"@type":"ImageObject","inLanguage":"es","@id":"https:\/\/feda.org\/feda2k16\/#\/schema\/logo\/image\/","url":"https:\/\/feda.org\/feda2k16\/wp-content\/uploads\/NuevoLogo_FEDA_2016.png","contentUrl":"https:\/\/feda.org\/feda2k16\/wp-content\/uploads\/NuevoLogo_FEDA_2016.png","width":600,"height":600,"caption":"FEDA"},"image":{"@id":"https:\/\/feda.org\/feda2k16\/#\/schema\/logo\/image\/"},"sameAs":["https:\/\/www.facebook.com\/federacionespanoladeajedrez\/","https:\/\/x.com\/AjedrezEspanola","https:\/\/www.instagram.com\/federacionespanolaajedrez\/?hl=es","https:\/\/www.youtube.com\/@FederacionEspanoladeAjedrezFED\/featured"]},{"@type":"Person","@id":"https:\/\/feda.org\/feda2k16\/#\/schema\/person\/b39486343e189c77e58d02641385fe29","name":"elefante66","url":"https:\/\/feda.org\/feda2k16\/author\/elefante66\/"}]}},"_links":{"self":[{"href":"https:\/\/feda.org\/feda2k16\/wp-json\/wp\/v2\/posts\/27211","targetHints":{"allow":["GET"]}}],"collection":[{"href":"https:\/\/feda.org\/feda2k16\/wp-json\/wp\/v2\/posts"}],"about":[{"href":"https:\/\/feda.org\/feda2k16\/wp-json\/wp\/v2\/types\/post"}],"author":[{"embeddable":true,"href":"https:\/\/feda.org\/feda2k16\/wp-json\/wp\/v2\/users\/5"}],"replies":[{"embeddable":true,"href":"https:\/\/feda.org\/feda2k16\/wp-json\/wp\/v2\/comments?post=27211"}],"version-history":[{"count":2,"href":"https:\/\/feda.org\/feda2k16\/wp-json\/wp\/v2\/posts\/27211\/revisions"}],"predecessor-version":[{"id":27221,"href":"https:\/\/feda.org\/feda2k16\/wp-json\/wp\/v2\/posts\/27211\/revisions\/27221"}],"wp:attachment":[{"href":"https:\/\/feda.org\/feda2k16\/wp-json\/wp\/v2\/media?parent=27211"}],"wp:term":[{"taxonomy":"category","embeddable":true,"href":"https:\/\/feda.org\/feda2k16\/wp-json\/wp\/v2\/categories?post=27211"},{"taxonomy":"post_tag","embeddable":true,"href":"https:\/\/feda.org\/feda2k16\/wp-json\/wp\/v2\/tags?post=27211"}],"curies":[{"name":"wp","href":"https:\/\/api.w.org\/{rel}","templated":true}]}}