{"id":27279,"date":"2025-11-18T11:05:50","date_gmt":"2025-11-18T11:05:50","guid":{"rendered":"https:\/\/feda.org\/feda2k16\/?p=27279"},"modified":"2025-11-18T11:13:14","modified_gmt":"2025-11-18T11:13:14","slug":"campeonato-mundial-femenino-por-equipos-fide-2025","status":"publish","type":"post","link":"https:\/\/feda.org\/feda2k16\/campeonato-mundial-femenino-por-equipos-fide-2025\/","title":{"rendered":"Campeonato Mundial Femenino por Equipos FIDE 2025."},"content":{"rendered":"\n<figure class=\"wp-block-image size-full\"><img fetchpriority=\"high\" decoding=\"async\" width=\"2560\" height=\"1707\" src=\"https:\/\/feda.org\/feda2k16\/wp-content\/uploads\/PAT_7898-scaled.jpg\" alt=\"\" class=\"wp-image-27280\" srcset=\"https:\/\/feda.org\/feda2k16\/wp-content\/uploads\/PAT_7898-scaled.jpg 2560w, https:\/\/feda.org\/feda2k16\/wp-content\/uploads\/PAT_7898-768x512.jpg 768w, https:\/\/feda.org\/feda2k16\/wp-content\/uploads\/PAT_7898-1536x1024.jpg 1536w, https:\/\/feda.org\/feda2k16\/wp-content\/uploads\/PAT_7898-2048x1365.jpg 2048w\" sizes=\"(max-width: 2560px) 100vw, 2560px\" \/><\/figure>\n\n\n\n<div class=\"html-div xdj266r x14z9mp xat24cr x1lziwak xexx8yu xyri2b x18d9i69 x1c1uobl\">\n<div class=\"html-div xdj266r x14z9mp xat24cr x1lziwak xexx8yu xyri2b x18d9i69 x1c1uobl\" dir=\"auto\">\n<div class=\"html-div xdj266r x14z9mp xat24cr x1lziwak xexx8yu xyri2b x18d9i69 x1c1uobl\" data-ad-rendering-role=\"story_message\">\n<div id=\"_r_1a_\" class=\"x1l90r2v x1iorvi4 x1g0dm76 xpdmqnj\" data-ad-comet-preview=\"message\" data-ad-preview=\"message\">\n<div class=\"x78zum5 xdt5ytf xz62fqu x16ldp7u\">\n<div class=\"xu06os2 x1ok221b\">\n<div class=\"html-div xdj266r x14z9mp xat24cr x1lziwak xexx8yu xyri2b x18d9i69 x1c1uobl\">\n<div class=\"xdj266r x14z9mp xat24cr x1lziwak x1vvkbs x126k92a\">\n<div dir=\"auto\">El Auditorio Municipal del P\u00f3sito ha acogido la ceremonia de apertura del Campeonato del Mundo de Ajedrez de Selecciones Femeninas 2025, una cita deportiva de primer nivel que se celebrar\u00e1 durante esta semana en Linares. La ciudad se posiciona como referente internacional del deporte-ciencia gracias a este evento que respalda el Ayuntamiento y cuyas partidas se jugar\u00e1n en las instalaciones del Hotel An\u00edbal, con la participaci\u00f3n de doce equipos de cuatro continentes.<\/div>\n<\/div>\n<div class=\"x14z9mp xat24cr x1lziwak x1vvkbs xtlvy1s x126k92a\">\n<div dir=\"auto\">La alcaldesa, Auxi del Olmo, ha participado en este acto, junto al presidente de la Federaci\u00f3n Espa\u00f1ola de Ajedrez, Javier Ochoa; el director general de Eventos e Instalaciones Deportivas de la Junta de Andaluc\u00eda, Gorka Lerchundi; y el presidente de la Federaci\u00f3n Internacional de Ajedrez, Arkady Dvorkovich.<\/div>\n<\/div>\n<div class=\"x14z9mp xat24cr x1lziwak x1vvkbs xtlvy1s x126k92a\">\n<div dir=\"auto\">En su intervenci\u00f3n, Del Olmo ha mostrado la estrecha vinculaci\u00f3n de Linares con el \u00e1mbito del ajedrez y la apuesta firme del Ayuntamiento por el deporte-ciencia, no solo para que la ciudad acoja campeonatos y torneos nacionales e internacionales de primer nivel, sino tambi\u00e9n para fomentar y promocionar esta disciplina entre la ciudadan\u00eda. En esa l\u00ednea, la alcaldesa ha anunciado la creaci\u00f3n de un equipo femenino linarense que competir\u00e1 en Europa.<\/div>\n<\/div>\n<div class=\"x14z9mp xat24cr x1lziwak x1vvkbs xtlvy1s x126k92a\">\n<div dir=\"auto\">\u201cEl nombre de Linares ha estado durante muchos a\u00f1os en el epicentro de la actualidad del mundo del ajedrez a nivel internacional, y queremos que as\u00ed siga siendo. Queremos que Linares suene alto a nivel mundial vinculado al Ajedrez. Nuestro objetivo es renovarnos y posicionarnos con el ajedrez de primer nivel. En este sentido, estamos poniendo todo de nuestra parte para que vengan eventos internacionales como \u00e9ste, y que Linares siga siendo punta de lanza en esta pr\u00e1ctica deportiva\u201d, ha se\u00f1alado la alcaldesa, quien ha agradecido a la FIDE, la FEDA y la Junta de Andaluc\u00eda que hayan hecho posible la celebraci\u00f3n de este mundial femenino en la ciudad.<\/div>\n<\/div>\n<div class=\"x14z9mp xat24cr x1lziwak x1vvkbs xtlvy1s x126k92a\">\n<div dir=\"auto\">Durante la ceremonia de apertura tambi\u00e9n han intervenido el presidente adjunto de la FIDE, el gran maestro Viswanathan Anand, y el \u00e1rbitro principal del campeonato, Jes\u00fas Mena Sarasola, para la realizaci\u00f3n del sorteo que ha determinado los emparejamientos de las diferentes selecciones en cada ronda. Esta competici\u00f3n ser\u00e1 retransmitida en \u2018streaming\u2019 para los 190 pa\u00edses que est\u00e1n dentro de la Federaci\u00f3n Internacional de Ajedrez.<\/div>\n<div dir=\"auto\">Nota: <span class=\"html-span xdj266r x14z9mp xat24cr x1lziwak xexx8yu xyri2b x18d9i69 x1c1uobl x1hl2dhg x16tdsg8 x1vvkbs\"><a class=\"x1i10hfl xjbqb8w x1ejq31n x18oe1m7 x1sy0etr xstzfhl x972fbf x10w94by x1qhh985 x14e42zd x9f619 x1ypdohk xt0psk2 x3ct3a4 xdj266r x14z9mp xat24cr x1lziwak xexx8yu xyri2b x18d9i69 x1c1uobl x16tdsg8 x1hl2dhg xggy1nq x1a2a7pz xkrqix3 x1sur9pj x1fey0fg x1s688f\" tabindex=\"0\" role=\"link\" href=\"https:\/\/www.facebook.com\/ayuntamientodelinares?__cft__[0]=AZWBeAxGfHW9SyMbx1ujicUWIq_w4Fpoh8_-3VFSS8hiWd9l954v6fPUPU87F7K1tUUDo4MfffsOjw9D2BScAB8QEsj0IQCXGXf2ykLyoMGrsttOmqwlxm2RQCbGJzoFtreLjlMhy4TBpZOarZ66NL5CjgMA4FsAUHkq_cOWPOXX2ba_cpa98a66zzhWWjJ4t1Y&amp;__tn__=-]K-R\"><span class=\"xt0psk2\"><span class=\"xjp7ctv\">Ayuntamiento de Linares<\/span><\/span><\/a><\/span><\/div>\n<div dir=\"auto\"><img decoding=\"async\" class=\"alignnone size-full wp-image-27281\" src=\"https:\/\/feda.org\/feda2k16\/wp-content\/uploads\/PAT_7905-scaled.jpg\" alt=\"\" width=\"2560\" height=\"1329\" srcset=\"https:\/\/feda.org\/feda2k16\/wp-content\/uploads\/PAT_7905-scaled.jpg 2560w, https:\/\/feda.org\/feda2k16\/wp-content\/uploads\/PAT_7905-768x399.jpg 768w, https:\/\/feda.org\/feda2k16\/wp-content\/uploads\/PAT_7905-1536x797.jpg 1536w, https:\/\/feda.org\/feda2k16\/wp-content\/uploads\/PAT_7905-2048x1063.jpg 2048w\" sizes=\"(max-width: 2560px) 100vw, 2560px\" \/><\/div>\n<\/div>\n<\/div>\n<\/div>\n<\/div>\n<\/div>\n<\/div>\n<\/div>\n<div id=\"_r_1b_\" class=\"html-div xdj266r x14z9mp xat24cr x1lziwak xexx8yu xyri2b x18d9i69 x1c1uobl x1n2onr6\">\n<div class=\"html-div xdj266r x14z9mp xat24cr x1lziwak xexx8yu xyri2b x18d9i69 x1c1uobl x1n2onr6\">\u00a0<\/div>\n<div>\u00a0<\/div>\n<div class=\"html-div xdj266r x14z9mp xat24cr x1lziwak xexx8yu xyri2b x18d9i69 x1c1uobl x6ikm8r x10wlt62\">Desde la Federaci\u00f3n Espa\u00f1ola de Ajedrez, les deseamos muchos \u00e9xitos al EQUIPO ESPA\u00d1OL.<\/div>\n<div><img decoding=\"async\" class=\"alignnone size-full wp-image-27282\" src=\"https:\/\/feda.org\/feda2k16\/wp-content\/uploads\/PAT_7828-scaled.jpg\" alt=\"\" width=\"2560\" height=\"1655\" srcset=\"https:\/\/feda.org\/feda2k16\/wp-content\/uploads\/PAT_7828-scaled.jpg 2560w, https:\/\/feda.org\/feda2k16\/wp-content\/uploads\/PAT_7828-768x497.jpg 768w, https:\/\/feda.org\/feda2k16\/wp-content\/uploads\/PAT_7828-1536x993.jpg 1536w, https:\/\/feda.org\/feda2k16\/wp-content\/uploads\/PAT_7828-2048x1324.jpg 2048w\" sizes=\"(max-width: 2560px) 100vw, 2560px\" \/><\/div>\n<\/div>\n<\/div>\n<div class=\"x8gbvx8 x80vd3b x1q0q8m5 xso031l x8cjs6t x13fuv20 x178xt8z x78zum5 x1q0g3np x1qughib xz9dl7a xpdmqnj xsag5q8 x1onr9mi\">\n<div class=\"x78zum5 x13a6bvl\">\u00a0<\/div>\n<\/div>\n\n\n\n\n\n<p>M\u00e1s informaci\u00f3n en los siguientes:<\/p>\n<p style=\"text-align: center;\">Website: <a href=\"https:\/\/worldwomenteams2025.fide.com\/\">https:\/\/worldwomenteams2025.fide.com\/<\/a><\/p>\n<p style=\"text-align: center;\">INFO64: <a href=\"https:\/\/info64.org\/team\/world-women-team-champ-pool-a\">POOL A<\/a>\u00a0 \u00a0&#8211;\u00a0 \u00a0<a href=\"https:\/\/info64.org\/team\/world-women-team-champ-pool-b\">POOL B<\/a><\/p>\n\n\n\n\n","protected":false},"excerpt":{"rendered":"<p>El Auditorio Municipal del P\u00f3sito ha acogido la ceremonia de apertura del Campeonato del Mundo de Ajedrez de Selecciones Femeninas 2025, una cita deportiva de primer nivel que se celebrar\u00e1 durante esta semana en Linares. La ciudad se posiciona como referente internacional del deporte-ciencia gracias a este evento que respalda el Ayuntamiento y cuyas partidas [&hellip;]<\/p>\n","protected":false},"author":5,"featured_media":0,"comment_status":"closed","ping_status":"closed","sticky":false,"template":"","format":"standard","meta":{"footnotes":""},"categories":[16],"tags":[],"class_list":["post-27279","post","type-post","status-publish","format-standard","hentry","category-noticias"],"yoast_head":"<!-- This site is optimized with the Yoast SEO plugin v27.4 - https:\/\/yoast.com\/product\/yoast-seo-wordpress\/ -->\n<title>Campeonato Mundial Femenino por Equipos FIDE 2025. - FEDA<\/title>\n<meta name=\"description\" content=\"FEDA, Federaci\u00f3n Espa\u00f1ola de Ajedrez, ajedrez madrid, federarse ajedrez, campeonato de Espa\u00f1a de ajedrez, ajedrez\" \/>\n<meta name=\"robots\" content=\"index, follow, max-snippet:-1, max-image-preview:large, max-video-preview:-1\" \/>\n<link rel=\"canonical\" href=\"https:\/\/feda.org\/feda2k16\/campeonato-mundial-femenino-por-equipos-fide-2025\/\" \/>\n<meta property=\"og:locale\" content=\"es_ES\" \/>\n<meta property=\"og:type\" content=\"article\" \/>\n<meta property=\"og:title\" content=\"Campeonato Mundial Femenino por Equipos FIDE 2025. - FEDA\" \/>\n<meta property=\"og:description\" content=\"FEDA, Federaci\u00f3n Espa\u00f1ola de Ajedrez, ajedrez madrid, federarse ajedrez, campeonato de Espa\u00f1a de ajedrez, ajedrez\" \/>\n<meta property=\"og:url\" content=\"https:\/\/feda.org\/feda2k16\/campeonato-mundial-femenino-por-equipos-fide-2025\/\" \/>\n<meta property=\"og:site_name\" content=\"FEDA\" \/>\n<meta property=\"article:publisher\" content=\"https:\/\/www.facebook.com\/federacionespanoladeajedrez\/\" \/>\n<meta property=\"article:published_time\" content=\"2025-11-18T11:05:50+00:00\" \/>\n<meta property=\"article:modified_time\" content=\"2025-11-18T11:13:14+00:00\" \/>\n<meta property=\"og:image\" content=\"https:\/\/feda.org\/feda2k16\/wp-content\/uploads\/PAT_7898-scaled.jpg\" \/>\n\t<meta property=\"og:image:width\" content=\"2560\" \/>\n\t<meta property=\"og:image:height\" content=\"1707\" \/>\n\t<meta property=\"og:image:type\" content=\"image\/jpeg\" \/>\n<meta name=\"author\" content=\"elefante66\" \/>\n<meta name=\"twitter:card\" content=\"summary_large_image\" \/>\n<meta name=\"twitter:creator\" content=\"@AjedrezEspanola\" \/>\n<meta name=\"twitter:site\" content=\"@AjedrezEspanola\" \/>\n<meta name=\"twitter:label1\" content=\"Escrito por\" \/>\n\t<meta name=\"twitter:data1\" content=\"elefante66\" \/>\n\t<meta name=\"twitter:label2\" content=\"Tiempo de lectura\" \/>\n\t<meta name=\"twitter:data2\" content=\"3 minutos\" \/>\n<script type=\"application\/ld+json\" class=\"yoast-schema-graph\">{\"@context\":\"https:\\\/\\\/schema.org\",\"@graph\":[{\"@type\":\"Article\",\"@id\":\"https:\\\/\\\/feda.org\\\/feda2k16\\\/campeonato-mundial-femenino-por-equipos-fide-2025\\\/#article\",\"isPartOf\":{\"@id\":\"https:\\\/\\\/feda.org\\\/feda2k16\\\/campeonato-mundial-femenino-por-equipos-fide-2025\\\/\"},\"author\":{\"name\":\"elefante66\",\"@id\":\"https:\\\/\\\/feda.org\\\/feda2k16\\\/#\\\/schema\\\/person\\\/b39486343e189c77e58d02641385fe29\"},\"headline\":\"Campeonato Mundial Femenino por Equipos FIDE 2025.\",\"datePublished\":\"2025-11-18T11:05:50+00:00\",\"dateModified\":\"2025-11-18T11:13:14+00:00\",\"mainEntityOfPage\":{\"@id\":\"https:\\\/\\\/feda.org\\\/feda2k16\\\/campeonato-mundial-femenino-por-equipos-fide-2025\\\/\"},\"wordCount\":431,\"publisher\":{\"@id\":\"https:\\\/\\\/feda.org\\\/feda2k16\\\/#organization\"},\"image\":{\"@id\":\"https:\\\/\\\/feda.org\\\/feda2k16\\\/campeonato-mundial-femenino-por-equipos-fide-2025\\\/#primaryimage\"},\"thumbnailUrl\":\"https:\\\/\\\/feda.org\\\/feda2k16\\\/wp-content\\\/uploads\\\/PAT_7898-scaled.jpg\",\"articleSection\":[\"Noticias\"],\"inLanguage\":\"es\"},{\"@type\":\"WebPage\",\"@id\":\"https:\\\/\\\/feda.org\\\/feda2k16\\\/campeonato-mundial-femenino-por-equipos-fide-2025\\\/\",\"url\":\"https:\\\/\\\/feda.org\\\/feda2k16\\\/campeonato-mundial-femenino-por-equipos-fide-2025\\\/\",\"name\":\"Campeonato Mundial Femenino por Equipos FIDE 2025. - FEDA\",\"isPartOf\":{\"@id\":\"https:\\\/\\\/feda.org\\\/feda2k16\\\/#website\"},\"primaryImageOfPage\":{\"@id\":\"https:\\\/\\\/feda.org\\\/feda2k16\\\/campeonato-mundial-femenino-por-equipos-fide-2025\\\/#primaryimage\"},\"image\":{\"@id\":\"https:\\\/\\\/feda.org\\\/feda2k16\\\/campeonato-mundial-femenino-por-equipos-fide-2025\\\/#primaryimage\"},\"thumbnailUrl\":\"https:\\\/\\\/feda.org\\\/feda2k16\\\/wp-content\\\/uploads\\\/PAT_7898-scaled.jpg\",\"datePublished\":\"2025-11-18T11:05:50+00:00\",\"dateModified\":\"2025-11-18T11:13:14+00:00\",\"description\":\"FEDA, Federaci\u00f3n Espa\u00f1ola de Ajedrez, ajedrez madrid, federarse ajedrez, campeonato de Espa\u00f1a de ajedrez, ajedrez\",\"breadcrumb\":{\"@id\":\"https:\\\/\\\/feda.org\\\/feda2k16\\\/campeonato-mundial-femenino-por-equipos-fide-2025\\\/#breadcrumb\"},\"inLanguage\":\"es\",\"potentialAction\":[{\"@type\":\"ReadAction\",\"target\":[\"https:\\\/\\\/feda.org\\\/feda2k16\\\/campeonato-mundial-femenino-por-equipos-fide-2025\\\/\"]}]},{\"@type\":\"ImageObject\",\"inLanguage\":\"es\",\"@id\":\"https:\\\/\\\/feda.org\\\/feda2k16\\\/campeonato-mundial-femenino-por-equipos-fide-2025\\\/#primaryimage\",\"url\":\"https:\\\/\\\/feda.org\\\/feda2k16\\\/wp-content\\\/uploads\\\/PAT_7898-scaled.jpg\",\"contentUrl\":\"https:\\\/\\\/feda.org\\\/feda2k16\\\/wp-content\\\/uploads\\\/PAT_7898-scaled.jpg\",\"width\":2560,\"height\":1707},{\"@type\":\"BreadcrumbList\",\"@id\":\"https:\\\/\\\/feda.org\\\/feda2k16\\\/campeonato-mundial-femenino-por-equipos-fide-2025\\\/#breadcrumb\",\"itemListElement\":[{\"@type\":\"ListItem\",\"position\":1,\"name\":\"Portada\",\"item\":\"https:\\\/\\\/feda.org\\\/feda2k16\\\/\"},{\"@type\":\"ListItem\",\"position\":2,\"name\":\"Campeonato Mundial Femenino por Equipos FIDE 2025.\"}]},{\"@type\":\"WebSite\",\"@id\":\"https:\\\/\\\/feda.org\\\/feda2k16\\\/#website\",\"url\":\"https:\\\/\\\/feda.org\\\/feda2k16\\\/\",\"name\":\"FEDA\",\"description\":\"Federaci\u00f3n Espa\u00f1ola de Ajedrez\",\"publisher\":{\"@id\":\"https:\\\/\\\/feda.org\\\/feda2k16\\\/#organization\"},\"alternateName\":\"Federaci\u00f3n Espa\u00f1ola de Ajedrez\",\"potentialAction\":[{\"@type\":\"SearchAction\",\"target\":{\"@type\":\"EntryPoint\",\"urlTemplate\":\"https:\\\/\\\/feda.org\\\/feda2k16\\\/?s={search_term_string}\"},\"query-input\":{\"@type\":\"PropertyValueSpecification\",\"valueRequired\":true,\"valueName\":\"search_term_string\"}}],\"inLanguage\":\"es\"},{\"@type\":\"Organization\",\"@id\":\"https:\\\/\\\/feda.org\\\/feda2k16\\\/#organization\",\"name\":\"FEDA\",\"alternateName\":\"Federaci\u00f3n Espa\u00f1ola de Ajedrez\",\"url\":\"https:\\\/\\\/feda.org\\\/feda2k16\\\/\",\"logo\":{\"@type\":\"ImageObject\",\"inLanguage\":\"es\",\"@id\":\"https:\\\/\\\/feda.org\\\/feda2k16\\\/#\\\/schema\\\/logo\\\/image\\\/\",\"url\":\"https:\\\/\\\/feda.org\\\/feda2k16\\\/wp-content\\\/uploads\\\/NuevoLogo_FEDA_2016.png\",\"contentUrl\":\"https:\\\/\\\/feda.org\\\/feda2k16\\\/wp-content\\\/uploads\\\/NuevoLogo_FEDA_2016.png\",\"width\":600,\"height\":600,\"caption\":\"FEDA\"},\"image\":{\"@id\":\"https:\\\/\\\/feda.org\\\/feda2k16\\\/#\\\/schema\\\/logo\\\/image\\\/\"},\"sameAs\":[\"https:\\\/\\\/www.facebook.com\\\/federacionespanoladeajedrez\\\/\",\"https:\\\/\\\/x.com\\\/AjedrezEspanola\",\"https:\\\/\\\/www.instagram.com\\\/federacionespanolaajedrez\\\/?hl=es\",\"https:\\\/\\\/www.youtube.com\\\/@FederacionEspanoladeAjedrezFED\\\/featured\"]},{\"@type\":\"Person\",\"@id\":\"https:\\\/\\\/feda.org\\\/feda2k16\\\/#\\\/schema\\\/person\\\/b39486343e189c77e58d02641385fe29\",\"name\":\"elefante66\",\"url\":\"https:\\\/\\\/feda.org\\\/feda2k16\\\/author\\\/elefante66\\\/\"}]}<\/script>\n<!-- \/ Yoast SEO plugin. -->","yoast_head_json":{"title":"Campeonato Mundial Femenino por Equipos FIDE 2025. - FEDA","description":"FEDA, Federaci\u00f3n Espa\u00f1ola de Ajedrez, ajedrez madrid, federarse ajedrez, campeonato de Espa\u00f1a de ajedrez, ajedrez","robots":{"index":"index","follow":"follow","max-snippet":"max-snippet:-1","max-image-preview":"max-image-preview:large","max-video-preview":"max-video-preview:-1"},"canonical":"https:\/\/feda.org\/feda2k16\/campeonato-mundial-femenino-por-equipos-fide-2025\/","og_locale":"es_ES","og_type":"article","og_title":"Campeonato Mundial Femenino por Equipos FIDE 2025. - FEDA","og_description":"FEDA, Federaci\u00f3n Espa\u00f1ola de Ajedrez, ajedrez madrid, federarse ajedrez, campeonato de Espa\u00f1a de ajedrez, ajedrez","og_url":"https:\/\/feda.org\/feda2k16\/campeonato-mundial-femenino-por-equipos-fide-2025\/","og_site_name":"FEDA","article_publisher":"https:\/\/www.facebook.com\/federacionespanoladeajedrez\/","article_published_time":"2025-11-18T11:05:50+00:00","article_modified_time":"2025-11-18T11:13:14+00:00","og_image":[{"width":2560,"height":1707,"url":"https:\/\/feda.org\/feda2k16\/wp-content\/uploads\/PAT_7898-scaled.jpg","type":"image\/jpeg"}],"author":"elefante66","twitter_card":"summary_large_image","twitter_creator":"@AjedrezEspanola","twitter_site":"@AjedrezEspanola","twitter_misc":{"Escrito por":"elefante66","Tiempo de lectura":"3 minutos"},"schema":{"@context":"https:\/\/schema.org","@graph":[{"@type":"Article","@id":"https:\/\/feda.org\/feda2k16\/campeonato-mundial-femenino-por-equipos-fide-2025\/#article","isPartOf":{"@id":"https:\/\/feda.org\/feda2k16\/campeonato-mundial-femenino-por-equipos-fide-2025\/"},"author":{"name":"elefante66","@id":"https:\/\/feda.org\/feda2k16\/#\/schema\/person\/b39486343e189c77e58d02641385fe29"},"headline":"Campeonato Mundial Femenino por Equipos FIDE 2025.","datePublished":"2025-11-18T11:05:50+00:00","dateModified":"2025-11-18T11:13:14+00:00","mainEntityOfPage":{"@id":"https:\/\/feda.org\/feda2k16\/campeonato-mundial-femenino-por-equipos-fide-2025\/"},"wordCount":431,"publisher":{"@id":"https:\/\/feda.org\/feda2k16\/#organization"},"image":{"@id":"https:\/\/feda.org\/feda2k16\/campeonato-mundial-femenino-por-equipos-fide-2025\/#primaryimage"},"thumbnailUrl":"https:\/\/feda.org\/feda2k16\/wp-content\/uploads\/PAT_7898-scaled.jpg","articleSection":["Noticias"],"inLanguage":"es"},{"@type":"WebPage","@id":"https:\/\/feda.org\/feda2k16\/campeonato-mundial-femenino-por-equipos-fide-2025\/","url":"https:\/\/feda.org\/feda2k16\/campeonato-mundial-femenino-por-equipos-fide-2025\/","name":"Campeonato Mundial Femenino por Equipos FIDE 2025. - FEDA","isPartOf":{"@id":"https:\/\/feda.org\/feda2k16\/#website"},"primaryImageOfPage":{"@id":"https:\/\/feda.org\/feda2k16\/campeonato-mundial-femenino-por-equipos-fide-2025\/#primaryimage"},"image":{"@id":"https:\/\/feda.org\/feda2k16\/campeonato-mundial-femenino-por-equipos-fide-2025\/#primaryimage"},"thumbnailUrl":"https:\/\/feda.org\/feda2k16\/wp-content\/uploads\/PAT_7898-scaled.jpg","datePublished":"2025-11-18T11:05:50+00:00","dateModified":"2025-11-18T11:13:14+00:00","description":"FEDA, Federaci\u00f3n Espa\u00f1ola de Ajedrez, ajedrez madrid, federarse ajedrez, campeonato de Espa\u00f1a de ajedrez, ajedrez","breadcrumb":{"@id":"https:\/\/feda.org\/feda2k16\/campeonato-mundial-femenino-por-equipos-fide-2025\/#breadcrumb"},"inLanguage":"es","potentialAction":[{"@type":"ReadAction","target":["https:\/\/feda.org\/feda2k16\/campeonato-mundial-femenino-por-equipos-fide-2025\/"]}]},{"@type":"ImageObject","inLanguage":"es","@id":"https:\/\/feda.org\/feda2k16\/campeonato-mundial-femenino-por-equipos-fide-2025\/#primaryimage","url":"https:\/\/feda.org\/feda2k16\/wp-content\/uploads\/PAT_7898-scaled.jpg","contentUrl":"https:\/\/feda.org\/feda2k16\/wp-content\/uploads\/PAT_7898-scaled.jpg","width":2560,"height":1707},{"@type":"BreadcrumbList","@id":"https:\/\/feda.org\/feda2k16\/campeonato-mundial-femenino-por-equipos-fide-2025\/#breadcrumb","itemListElement":[{"@type":"ListItem","position":1,"name":"Portada","item":"https:\/\/feda.org\/feda2k16\/"},{"@type":"ListItem","position":2,"name":"Campeonato Mundial Femenino por Equipos FIDE 2025."}]},{"@type":"WebSite","@id":"https:\/\/feda.org\/feda2k16\/#website","url":"https:\/\/feda.org\/feda2k16\/","name":"FEDA","description":"Federaci\u00f3n Espa\u00f1ola de Ajedrez","publisher":{"@id":"https:\/\/feda.org\/feda2k16\/#organization"},"alternateName":"Federaci\u00f3n Espa\u00f1ola de Ajedrez","potentialAction":[{"@type":"SearchAction","target":{"@type":"EntryPoint","urlTemplate":"https:\/\/feda.org\/feda2k16\/?s={search_term_string}"},"query-input":{"@type":"PropertyValueSpecification","valueRequired":true,"valueName":"search_term_string"}}],"inLanguage":"es"},{"@type":"Organization","@id":"https:\/\/feda.org\/feda2k16\/#organization","name":"FEDA","alternateName":"Federaci\u00f3n Espa\u00f1ola de Ajedrez","url":"https:\/\/feda.org\/feda2k16\/","logo":{"@type":"ImageObject","inLanguage":"es","@id":"https:\/\/feda.org\/feda2k16\/#\/schema\/logo\/image\/","url":"https:\/\/feda.org\/feda2k16\/wp-content\/uploads\/NuevoLogo_FEDA_2016.png","contentUrl":"https:\/\/feda.org\/feda2k16\/wp-content\/uploads\/NuevoLogo_FEDA_2016.png","width":600,"height":600,"caption":"FEDA"},"image":{"@id":"https:\/\/feda.org\/feda2k16\/#\/schema\/logo\/image\/"},"sameAs":["https:\/\/www.facebook.com\/federacionespanoladeajedrez\/","https:\/\/x.com\/AjedrezEspanola","https:\/\/www.instagram.com\/federacionespanolaajedrez\/?hl=es","https:\/\/www.youtube.com\/@FederacionEspanoladeAjedrezFED\/featured"]},{"@type":"Person","@id":"https:\/\/feda.org\/feda2k16\/#\/schema\/person\/b39486343e189c77e58d02641385fe29","name":"elefante66","url":"https:\/\/feda.org\/feda2k16\/author\/elefante66\/"}]}},"_links":{"self":[{"href":"https:\/\/feda.org\/feda2k16\/wp-json\/wp\/v2\/posts\/27279","targetHints":{"allow":["GET"]}}],"collection":[{"href":"https:\/\/feda.org\/feda2k16\/wp-json\/wp\/v2\/posts"}],"about":[{"href":"https:\/\/feda.org\/feda2k16\/wp-json\/wp\/v2\/types\/post"}],"author":[{"embeddable":true,"href":"https:\/\/feda.org\/feda2k16\/wp-json\/wp\/v2\/users\/5"}],"replies":[{"embeddable":true,"href":"https:\/\/feda.org\/feda2k16\/wp-json\/wp\/v2\/comments?post=27279"}],"version-history":[{"count":5,"href":"https:\/\/feda.org\/feda2k16\/wp-json\/wp\/v2\/posts\/27279\/revisions"}],"predecessor-version":[{"id":27288,"href":"https:\/\/feda.org\/feda2k16\/wp-json\/wp\/v2\/posts\/27279\/revisions\/27288"}],"wp:attachment":[{"href":"https:\/\/feda.org\/feda2k16\/wp-json\/wp\/v2\/media?parent=27279"}],"wp:term":[{"taxonomy":"category","embeddable":true,"href":"https:\/\/feda.org\/feda2k16\/wp-json\/wp\/v2\/categories?post=27279"},{"taxonomy":"post_tag","embeddable":true,"href":"https:\/\/feda.org\/feda2k16\/wp-json\/wp\/v2\/tags?post=27279"}],"curies":[{"name":"wp","href":"https:\/\/api.w.org\/{rel}","templated":true}]}}