{"id":27567,"date":"2025-12-18T20:16:34","date_gmt":"2025-12-18T20:16:34","guid":{"rendered":"https:\/\/feda.org\/feda2k16\/?p=27567"},"modified":"2025-12-20T19:29:16","modified_gmt":"2025-12-20T19:29:16","slug":"marc-barcelo-sub-9-y-lorenzo-perea-sub-17-se-han-proclamado-subcampeones-mundiales-de-ajedrez-rapido","status":"publish","type":"post","link":"https:\/\/feda.org\/feda2k16\/marc-barcelo-sub-9-y-lorenzo-perea-sub-17-se-han-proclamado-subcampeones-mundiales-de-ajedrez-rapido\/","title":{"rendered":"Marc Barcel\u00f3 (Sub 9) y Lorenzo Perea (Sub 17) se han proclamado subcampeones mundiales de ajedrez r\u00e1pido."},"content":{"rendered":"\n<p><img fetchpriority=\"high\" decoding=\"async\" class=\"alignnone size-full wp-image-27594\" src=\"https:\/\/feda.org\/feda2k16\/wp-content\/uploads\/Imagen-de-WhatsApp-2025-12-20-a-las-20.15.44_e315328c.jpg\" alt=\"\" width=\"1500\" height=\"2000\" srcset=\"https:\/\/feda.org\/feda2k16\/wp-content\/uploads\/Imagen-de-WhatsApp-2025-12-20-a-las-20.15.44_e315328c.jpg 1500w, https:\/\/feda.org\/feda2k16\/wp-content\/uploads\/Imagen-de-WhatsApp-2025-12-20-a-las-20.15.44_e315328c-768x1024.jpg 768w, https:\/\/feda.org\/feda2k16\/wp-content\/uploads\/Imagen-de-WhatsApp-2025-12-20-a-las-20.15.44_e315328c-1152x1536.jpg 1152w\" sizes=\"(max-width: 1500px) 100vw, 1500px\" \/><\/p>\n\n\n\n<p>Los espa\u00f1oles Marc Barcel\u00f3 y Lorenzo Perea se han proclamado subcampeones mundiales de ajedrez r\u00e1pido sub 9 y sub 17 respectivamente en Antalya (Turqu\u00eda). Enhorabuena por este gran \u00e9xito!!. Ma\u00f1ana tendr\u00e1n una nueva oportunidad en el mundial blitz. Buena actuaci\u00f3n de Alex Villa que finaliz\u00f3 11 en la categor\u00eda sub 15<\/p>\n","protected":false},"excerpt":{"rendered":"<p>Los espa\u00f1oles Marc Barcel\u00f3 y Lorenzo Perea se han proclamado subcampeones mundiales de ajedrez r\u00e1pido sub 9 y sub 17 respectivamente en Antalya (Turqu\u00eda). Enhorabuena por este gran \u00e9xito!!. Ma\u00f1ana tendr\u00e1n una nueva oportunidad en el mundial blitz. Buena actuaci\u00f3n de Alex Villa que finaliz\u00f3 11 en la categor\u00eda sub 15<\/p>\n","protected":false},"author":5,"featured_media":0,"comment_status":"closed","ping_status":"closed","sticky":false,"template":"","format":"standard","meta":{"footnotes":""},"categories":[16],"tags":[],"class_list":["post-27567","post","type-post","status-publish","format-standard","hentry","category-noticias"],"yoast_head":"<!-- This site is optimized with the Yoast SEO plugin v27.5 - https:\/\/yoast.com\/product\/yoast-seo-wordpress\/ -->\n<title>Marc Barcel\u00f3 (Sub 9) y Lorenzo Perea (Sub 17) se han proclamado subcampeones mundiales de ajedrez r\u00e1pido. - FEDA<\/title>\n<meta name=\"description\" content=\"FEDA, Federaci\u00f3n Espa\u00f1ola de Ajedrez, ajedrez madrid, federarse ajedrez, campeonato de Espa\u00f1a de ajedrez, ajedrez\" \/>\n<meta name=\"robots\" content=\"index, follow, max-snippet:-1, max-image-preview:large, max-video-preview:-1\" \/>\n<link rel=\"canonical\" href=\"https:\/\/feda.org\/feda2k16\/marc-barcelo-sub-9-y-lorenzo-perea-sub-17-se-han-proclamado-subcampeones-mundiales-de-ajedrez-rapido\/\" \/>\n<meta property=\"og:locale\" content=\"es_ES\" \/>\n<meta property=\"og:type\" content=\"article\" \/>\n<meta property=\"og:title\" content=\"Marc Barcel\u00f3 (Sub 9) y Lorenzo Perea (Sub 17) se han proclamado subcampeones mundiales de ajedrez r\u00e1pido. - FEDA\" \/>\n<meta property=\"og:description\" content=\"FEDA, Federaci\u00f3n Espa\u00f1ola de Ajedrez, ajedrez madrid, federarse ajedrez, campeonato de Espa\u00f1a de ajedrez, ajedrez\" \/>\n<meta property=\"og:url\" content=\"https:\/\/feda.org\/feda2k16\/marc-barcelo-sub-9-y-lorenzo-perea-sub-17-se-han-proclamado-subcampeones-mundiales-de-ajedrez-rapido\/\" \/>\n<meta property=\"og:site_name\" content=\"FEDA\" \/>\n<meta property=\"article:publisher\" content=\"https:\/\/www.facebook.com\/federacionespanoladeajedrez\/\" \/>\n<meta property=\"article:published_time\" content=\"2025-12-18T20:16:34+00:00\" \/>\n<meta property=\"article:modified_time\" content=\"2025-12-20T19:29:16+00:00\" \/>\n<meta property=\"og:image\" content=\"https:\/\/feda.org\/feda2k16\/wp-content\/uploads\/Imagen-de-WhatsApp-2025-12-20-a-las-20.15.44_e315328c.jpg\" \/>\n\t<meta property=\"og:image:width\" content=\"1500\" \/>\n\t<meta property=\"og:image:height\" content=\"2000\" \/>\n\t<meta property=\"og:image:type\" content=\"image\/jpeg\" \/>\n<meta name=\"author\" content=\"elefante66\" \/>\n<meta name=\"twitter:card\" content=\"summary_large_image\" \/>\n<meta name=\"twitter:creator\" content=\"@AjedrezEspanola\" \/>\n<meta name=\"twitter:site\" content=\"@AjedrezEspanola\" \/>\n<meta name=\"twitter:label1\" content=\"Escrito por\" \/>\n\t<meta name=\"twitter:data1\" content=\"elefante66\" \/>\n\t<meta name=\"twitter:label2\" content=\"Tiempo de lectura\" \/>\n\t<meta name=\"twitter:data2\" content=\"1 minuto\" \/>\n<script type=\"application\/ld+json\" class=\"yoast-schema-graph\">{\"@context\":\"https:\\\/\\\/schema.org\",\"@graph\":[{\"@type\":\"Article\",\"@id\":\"https:\\\/\\\/feda.org\\\/feda2k16\\\/marc-barcelo-sub-9-y-lorenzo-perea-sub-17-se-han-proclamado-subcampeones-mundiales-de-ajedrez-rapido\\\/#article\",\"isPartOf\":{\"@id\":\"https:\\\/\\\/feda.org\\\/feda2k16\\\/marc-barcelo-sub-9-y-lorenzo-perea-sub-17-se-han-proclamado-subcampeones-mundiales-de-ajedrez-rapido\\\/\"},\"author\":{\"name\":\"elefante66\",\"@id\":\"https:\\\/\\\/feda.org\\\/feda2k16\\\/#\\\/schema\\\/person\\\/b39486343e189c77e58d02641385fe29\"},\"headline\":\"Marc Barcel\u00f3 (Sub 9) y Lorenzo Perea (Sub 17) se han proclamado subcampeones mundiales de ajedrez r\u00e1pido.\",\"datePublished\":\"2025-12-18T20:16:34+00:00\",\"dateModified\":\"2025-12-20T19:29:16+00:00\",\"mainEntityOfPage\":{\"@id\":\"https:\\\/\\\/feda.org\\\/feda2k16\\\/marc-barcelo-sub-9-y-lorenzo-perea-sub-17-se-han-proclamado-subcampeones-mundiales-de-ajedrez-rapido\\\/\"},\"wordCount\":70,\"publisher\":{\"@id\":\"https:\\\/\\\/feda.org\\\/feda2k16\\\/#organization\"},\"image\":{\"@id\":\"https:\\\/\\\/feda.org\\\/feda2k16\\\/marc-barcelo-sub-9-y-lorenzo-perea-sub-17-se-han-proclamado-subcampeones-mundiales-de-ajedrez-rapido\\\/#primaryimage\"},\"thumbnailUrl\":\"https:\\\/\\\/feda.org\\\/feda2k16\\\/wp-content\\\/uploads\\\/Imagen-de-WhatsApp-2025-12-20-a-las-20.15.44_e315328c.jpg\",\"articleSection\":[\"Noticias\"],\"inLanguage\":\"es\"},{\"@type\":\"WebPage\",\"@id\":\"https:\\\/\\\/feda.org\\\/feda2k16\\\/marc-barcelo-sub-9-y-lorenzo-perea-sub-17-se-han-proclamado-subcampeones-mundiales-de-ajedrez-rapido\\\/\",\"url\":\"https:\\\/\\\/feda.org\\\/feda2k16\\\/marc-barcelo-sub-9-y-lorenzo-perea-sub-17-se-han-proclamado-subcampeones-mundiales-de-ajedrez-rapido\\\/\",\"name\":\"Marc Barcel\u00f3 (Sub 9) y Lorenzo Perea (Sub 17) se han proclamado subcampeones mundiales de ajedrez r\u00e1pido. - FEDA\",\"isPartOf\":{\"@id\":\"https:\\\/\\\/feda.org\\\/feda2k16\\\/#website\"},\"primaryImageOfPage\":{\"@id\":\"https:\\\/\\\/feda.org\\\/feda2k16\\\/marc-barcelo-sub-9-y-lorenzo-perea-sub-17-se-han-proclamado-subcampeones-mundiales-de-ajedrez-rapido\\\/#primaryimage\"},\"image\":{\"@id\":\"https:\\\/\\\/feda.org\\\/feda2k16\\\/marc-barcelo-sub-9-y-lorenzo-perea-sub-17-se-han-proclamado-subcampeones-mundiales-de-ajedrez-rapido\\\/#primaryimage\"},\"thumbnailUrl\":\"https:\\\/\\\/feda.org\\\/feda2k16\\\/wp-content\\\/uploads\\\/Imagen-de-WhatsApp-2025-12-20-a-las-20.15.44_e315328c.jpg\",\"datePublished\":\"2025-12-18T20:16:34+00:00\",\"dateModified\":\"2025-12-20T19:29:16+00:00\",\"description\":\"FEDA, Federaci\u00f3n Espa\u00f1ola de Ajedrez, ajedrez madrid, federarse ajedrez, campeonato de Espa\u00f1a de ajedrez, ajedrez\",\"breadcrumb\":{\"@id\":\"https:\\\/\\\/feda.org\\\/feda2k16\\\/marc-barcelo-sub-9-y-lorenzo-perea-sub-17-se-han-proclamado-subcampeones-mundiales-de-ajedrez-rapido\\\/#breadcrumb\"},\"inLanguage\":\"es\",\"potentialAction\":[{\"@type\":\"ReadAction\",\"target\":[\"https:\\\/\\\/feda.org\\\/feda2k16\\\/marc-barcelo-sub-9-y-lorenzo-perea-sub-17-se-han-proclamado-subcampeones-mundiales-de-ajedrez-rapido\\\/\"]}]},{\"@type\":\"ImageObject\",\"inLanguage\":\"es\",\"@id\":\"https:\\\/\\\/feda.org\\\/feda2k16\\\/marc-barcelo-sub-9-y-lorenzo-perea-sub-17-se-han-proclamado-subcampeones-mundiales-de-ajedrez-rapido\\\/#primaryimage\",\"url\":\"https:\\\/\\\/feda.org\\\/feda2k16\\\/wp-content\\\/uploads\\\/Imagen-de-WhatsApp-2025-12-20-a-las-20.15.44_e315328c.jpg\",\"contentUrl\":\"https:\\\/\\\/feda.org\\\/feda2k16\\\/wp-content\\\/uploads\\\/Imagen-de-WhatsApp-2025-12-20-a-las-20.15.44_e315328c.jpg\",\"width\":1500,\"height\":2000},{\"@type\":\"BreadcrumbList\",\"@id\":\"https:\\\/\\\/feda.org\\\/feda2k16\\\/marc-barcelo-sub-9-y-lorenzo-perea-sub-17-se-han-proclamado-subcampeones-mundiales-de-ajedrez-rapido\\\/#breadcrumb\",\"itemListElement\":[{\"@type\":\"ListItem\",\"position\":1,\"name\":\"Portada\",\"item\":\"https:\\\/\\\/feda.org\\\/feda2k16\\\/\"},{\"@type\":\"ListItem\",\"position\":2,\"name\":\"Marc Barcel\u00f3 (Sub 9) y Lorenzo Perea (Sub 17) se han proclamado subcampeones mundiales de ajedrez r\u00e1pido.\"}]},{\"@type\":\"WebSite\",\"@id\":\"https:\\\/\\\/feda.org\\\/feda2k16\\\/#website\",\"url\":\"https:\\\/\\\/feda.org\\\/feda2k16\\\/\",\"name\":\"FEDA\",\"description\":\"Federaci\u00f3n Espa\u00f1ola de Ajedrez\",\"publisher\":{\"@id\":\"https:\\\/\\\/feda.org\\\/feda2k16\\\/#organization\"},\"alternateName\":\"Federaci\u00f3n Espa\u00f1ola de Ajedrez\",\"potentialAction\":[{\"@type\":\"SearchAction\",\"target\":{\"@type\":\"EntryPoint\",\"urlTemplate\":\"https:\\\/\\\/feda.org\\\/feda2k16\\\/?s={search_term_string}\"},\"query-input\":{\"@type\":\"PropertyValueSpecification\",\"valueRequired\":true,\"valueName\":\"search_term_string\"}}],\"inLanguage\":\"es\"},{\"@type\":\"Organization\",\"@id\":\"https:\\\/\\\/feda.org\\\/feda2k16\\\/#organization\",\"name\":\"FEDA\",\"alternateName\":\"Federaci\u00f3n Espa\u00f1ola de Ajedrez\",\"url\":\"https:\\\/\\\/feda.org\\\/feda2k16\\\/\",\"logo\":{\"@type\":\"ImageObject\",\"inLanguage\":\"es\",\"@id\":\"https:\\\/\\\/feda.org\\\/feda2k16\\\/#\\\/schema\\\/logo\\\/image\\\/\",\"url\":\"https:\\\/\\\/feda.org\\\/feda2k16\\\/wp-content\\\/uploads\\\/NuevoLogo_FEDA_2016.png\",\"contentUrl\":\"https:\\\/\\\/feda.org\\\/feda2k16\\\/wp-content\\\/uploads\\\/NuevoLogo_FEDA_2016.png\",\"width\":600,\"height\":600,\"caption\":\"FEDA\"},\"image\":{\"@id\":\"https:\\\/\\\/feda.org\\\/feda2k16\\\/#\\\/schema\\\/logo\\\/image\\\/\"},\"sameAs\":[\"https:\\\/\\\/www.facebook.com\\\/federacionespanoladeajedrez\\\/\",\"https:\\\/\\\/x.com\\\/AjedrezEspanola\",\"https:\\\/\\\/www.instagram.com\\\/federacionespanolaajedrez\\\/?hl=es\",\"https:\\\/\\\/www.youtube.com\\\/@FederacionEspanoladeAjedrezFED\\\/featured\"]},{\"@type\":\"Person\",\"@id\":\"https:\\\/\\\/feda.org\\\/feda2k16\\\/#\\\/schema\\\/person\\\/b39486343e189c77e58d02641385fe29\",\"name\":\"elefante66\",\"url\":\"https:\\\/\\\/feda.org\\\/feda2k16\\\/author\\\/elefante66\\\/\"}]}<\/script>\n<!-- \/ Yoast SEO plugin. -->","yoast_head_json":{"title":"Marc Barcel\u00f3 (Sub 9) y Lorenzo Perea (Sub 17) se han proclamado subcampeones mundiales de ajedrez r\u00e1pido. - FEDA","description":"FEDA, Federaci\u00f3n Espa\u00f1ola de Ajedrez, ajedrez madrid, federarse ajedrez, campeonato de Espa\u00f1a de ajedrez, ajedrez","robots":{"index":"index","follow":"follow","max-snippet":"max-snippet:-1","max-image-preview":"max-image-preview:large","max-video-preview":"max-video-preview:-1"},"canonical":"https:\/\/feda.org\/feda2k16\/marc-barcelo-sub-9-y-lorenzo-perea-sub-17-se-han-proclamado-subcampeones-mundiales-de-ajedrez-rapido\/","og_locale":"es_ES","og_type":"article","og_title":"Marc Barcel\u00f3 (Sub 9) y Lorenzo Perea (Sub 17) se han proclamado subcampeones mundiales de ajedrez r\u00e1pido. - FEDA","og_description":"FEDA, Federaci\u00f3n Espa\u00f1ola de Ajedrez, ajedrez madrid, federarse ajedrez, campeonato de Espa\u00f1a de ajedrez, ajedrez","og_url":"https:\/\/feda.org\/feda2k16\/marc-barcelo-sub-9-y-lorenzo-perea-sub-17-se-han-proclamado-subcampeones-mundiales-de-ajedrez-rapido\/","og_site_name":"FEDA","article_publisher":"https:\/\/www.facebook.com\/federacionespanoladeajedrez\/","article_published_time":"2025-12-18T20:16:34+00:00","article_modified_time":"2025-12-20T19:29:16+00:00","og_image":[{"width":1500,"height":2000,"url":"https:\/\/feda.org\/feda2k16\/wp-content\/uploads\/Imagen-de-WhatsApp-2025-12-20-a-las-20.15.44_e315328c.jpg","type":"image\/jpeg"}],"author":"elefante66","twitter_card":"summary_large_image","twitter_creator":"@AjedrezEspanola","twitter_site":"@AjedrezEspanola","twitter_misc":{"Escrito por":"elefante66","Tiempo de lectura":"1 minuto"},"schema":{"@context":"https:\/\/schema.org","@graph":[{"@type":"Article","@id":"https:\/\/feda.org\/feda2k16\/marc-barcelo-sub-9-y-lorenzo-perea-sub-17-se-han-proclamado-subcampeones-mundiales-de-ajedrez-rapido\/#article","isPartOf":{"@id":"https:\/\/feda.org\/feda2k16\/marc-barcelo-sub-9-y-lorenzo-perea-sub-17-se-han-proclamado-subcampeones-mundiales-de-ajedrez-rapido\/"},"author":{"name":"elefante66","@id":"https:\/\/feda.org\/feda2k16\/#\/schema\/person\/b39486343e189c77e58d02641385fe29"},"headline":"Marc Barcel\u00f3 (Sub 9) y Lorenzo Perea (Sub 17) se han proclamado subcampeones mundiales de ajedrez r\u00e1pido.","datePublished":"2025-12-18T20:16:34+00:00","dateModified":"2025-12-20T19:29:16+00:00","mainEntityOfPage":{"@id":"https:\/\/feda.org\/feda2k16\/marc-barcelo-sub-9-y-lorenzo-perea-sub-17-se-han-proclamado-subcampeones-mundiales-de-ajedrez-rapido\/"},"wordCount":70,"publisher":{"@id":"https:\/\/feda.org\/feda2k16\/#organization"},"image":{"@id":"https:\/\/feda.org\/feda2k16\/marc-barcelo-sub-9-y-lorenzo-perea-sub-17-se-han-proclamado-subcampeones-mundiales-de-ajedrez-rapido\/#primaryimage"},"thumbnailUrl":"https:\/\/feda.org\/feda2k16\/wp-content\/uploads\/Imagen-de-WhatsApp-2025-12-20-a-las-20.15.44_e315328c.jpg","articleSection":["Noticias"],"inLanguage":"es"},{"@type":"WebPage","@id":"https:\/\/feda.org\/feda2k16\/marc-barcelo-sub-9-y-lorenzo-perea-sub-17-se-han-proclamado-subcampeones-mundiales-de-ajedrez-rapido\/","url":"https:\/\/feda.org\/feda2k16\/marc-barcelo-sub-9-y-lorenzo-perea-sub-17-se-han-proclamado-subcampeones-mundiales-de-ajedrez-rapido\/","name":"Marc Barcel\u00f3 (Sub 9) y Lorenzo Perea (Sub 17) se han proclamado subcampeones mundiales de ajedrez r\u00e1pido. - FEDA","isPartOf":{"@id":"https:\/\/feda.org\/feda2k16\/#website"},"primaryImageOfPage":{"@id":"https:\/\/feda.org\/feda2k16\/marc-barcelo-sub-9-y-lorenzo-perea-sub-17-se-han-proclamado-subcampeones-mundiales-de-ajedrez-rapido\/#primaryimage"},"image":{"@id":"https:\/\/feda.org\/feda2k16\/marc-barcelo-sub-9-y-lorenzo-perea-sub-17-se-han-proclamado-subcampeones-mundiales-de-ajedrez-rapido\/#primaryimage"},"thumbnailUrl":"https:\/\/feda.org\/feda2k16\/wp-content\/uploads\/Imagen-de-WhatsApp-2025-12-20-a-las-20.15.44_e315328c.jpg","datePublished":"2025-12-18T20:16:34+00:00","dateModified":"2025-12-20T19:29:16+00:00","description":"FEDA, Federaci\u00f3n Espa\u00f1ola de Ajedrez, ajedrez madrid, federarse ajedrez, campeonato de Espa\u00f1a de ajedrez, ajedrez","breadcrumb":{"@id":"https:\/\/feda.org\/feda2k16\/marc-barcelo-sub-9-y-lorenzo-perea-sub-17-se-han-proclamado-subcampeones-mundiales-de-ajedrez-rapido\/#breadcrumb"},"inLanguage":"es","potentialAction":[{"@type":"ReadAction","target":["https:\/\/feda.org\/feda2k16\/marc-barcelo-sub-9-y-lorenzo-perea-sub-17-se-han-proclamado-subcampeones-mundiales-de-ajedrez-rapido\/"]}]},{"@type":"ImageObject","inLanguage":"es","@id":"https:\/\/feda.org\/feda2k16\/marc-barcelo-sub-9-y-lorenzo-perea-sub-17-se-han-proclamado-subcampeones-mundiales-de-ajedrez-rapido\/#primaryimage","url":"https:\/\/feda.org\/feda2k16\/wp-content\/uploads\/Imagen-de-WhatsApp-2025-12-20-a-las-20.15.44_e315328c.jpg","contentUrl":"https:\/\/feda.org\/feda2k16\/wp-content\/uploads\/Imagen-de-WhatsApp-2025-12-20-a-las-20.15.44_e315328c.jpg","width":1500,"height":2000},{"@type":"BreadcrumbList","@id":"https:\/\/feda.org\/feda2k16\/marc-barcelo-sub-9-y-lorenzo-perea-sub-17-se-han-proclamado-subcampeones-mundiales-de-ajedrez-rapido\/#breadcrumb","itemListElement":[{"@type":"ListItem","position":1,"name":"Portada","item":"https:\/\/feda.org\/feda2k16\/"},{"@type":"ListItem","position":2,"name":"Marc Barcel\u00f3 (Sub 9) y Lorenzo Perea (Sub 17) se han proclamado subcampeones mundiales de ajedrez r\u00e1pido."}]},{"@type":"WebSite","@id":"https:\/\/feda.org\/feda2k16\/#website","url":"https:\/\/feda.org\/feda2k16\/","name":"FEDA","description":"Federaci\u00f3n Espa\u00f1ola de Ajedrez","publisher":{"@id":"https:\/\/feda.org\/feda2k16\/#organization"},"alternateName":"Federaci\u00f3n Espa\u00f1ola de Ajedrez","potentialAction":[{"@type":"SearchAction","target":{"@type":"EntryPoint","urlTemplate":"https:\/\/feda.org\/feda2k16\/?s={search_term_string}"},"query-input":{"@type":"PropertyValueSpecification","valueRequired":true,"valueName":"search_term_string"}}],"inLanguage":"es"},{"@type":"Organization","@id":"https:\/\/feda.org\/feda2k16\/#organization","name":"FEDA","alternateName":"Federaci\u00f3n Espa\u00f1ola de Ajedrez","url":"https:\/\/feda.org\/feda2k16\/","logo":{"@type":"ImageObject","inLanguage":"es","@id":"https:\/\/feda.org\/feda2k16\/#\/schema\/logo\/image\/","url":"https:\/\/feda.org\/feda2k16\/wp-content\/uploads\/NuevoLogo_FEDA_2016.png","contentUrl":"https:\/\/feda.org\/feda2k16\/wp-content\/uploads\/NuevoLogo_FEDA_2016.png","width":600,"height":600,"caption":"FEDA"},"image":{"@id":"https:\/\/feda.org\/feda2k16\/#\/schema\/logo\/image\/"},"sameAs":["https:\/\/www.facebook.com\/federacionespanoladeajedrez\/","https:\/\/x.com\/AjedrezEspanola","https:\/\/www.instagram.com\/federacionespanolaajedrez\/?hl=es","https:\/\/www.youtube.com\/@FederacionEspanoladeAjedrezFED\/featured"]},{"@type":"Person","@id":"https:\/\/feda.org\/feda2k16\/#\/schema\/person\/b39486343e189c77e58d02641385fe29","name":"elefante66","url":"https:\/\/feda.org\/feda2k16\/author\/elefante66\/"}]}},"_links":{"self":[{"href":"https:\/\/feda.org\/feda2k16\/wp-json\/wp\/v2\/posts\/27567","targetHints":{"allow":["GET"]}}],"collection":[{"href":"https:\/\/feda.org\/feda2k16\/wp-json\/wp\/v2\/posts"}],"about":[{"href":"https:\/\/feda.org\/feda2k16\/wp-json\/wp\/v2\/types\/post"}],"author":[{"embeddable":true,"href":"https:\/\/feda.org\/feda2k16\/wp-json\/wp\/v2\/users\/5"}],"replies":[{"embeddable":true,"href":"https:\/\/feda.org\/feda2k16\/wp-json\/wp\/v2\/comments?post=27567"}],"version-history":[{"count":2,"href":"https:\/\/feda.org\/feda2k16\/wp-json\/wp\/v2\/posts\/27567\/revisions"}],"predecessor-version":[{"id":27595,"href":"https:\/\/feda.org\/feda2k16\/wp-json\/wp\/v2\/posts\/27567\/revisions\/27595"}],"wp:attachment":[{"href":"https:\/\/feda.org\/feda2k16\/wp-json\/wp\/v2\/media?parent=27567"}],"wp:term":[{"taxonomy":"category","embeddable":true,"href":"https:\/\/feda.org\/feda2k16\/wp-json\/wp\/v2\/categories?post=27567"},{"taxonomy":"post_tag","embeddable":true,"href":"https:\/\/feda.org\/feda2k16\/wp-json\/wp\/v2\/tags?post=27567"}],"curies":[{"name":"wp","href":"https:\/\/api.w.org\/{rel}","templated":true}]}}