{"id":27592,"date":"2025-12-20T19:26:39","date_gmt":"2025-12-20T19:26:39","guid":{"rendered":"https:\/\/feda.org\/feda2k16\/?p=27592"},"modified":"2025-12-20T19:26:42","modified_gmt":"2025-12-20T19:26:42","slug":"el-catalan-marc-barcelo-campeon-mundial-sub-9-de-ajedrez-relampago-blitz","status":"publish","type":"post","link":"https:\/\/feda.org\/feda2k16\/el-catalan-marc-barcelo-campeon-mundial-sub-9-de-ajedrez-relampago-blitz\/","title":{"rendered":"El Catalan Marc Barcel\u00f3 CAMPE\u00d3N MUNDIAL SUB 9 DE AJEDREZ REL\u00c1MPAGO (BLITZ)."},"content":{"rendered":"\n<p><img fetchpriority=\"high\" decoding=\"async\" class=\"alignnone size-full wp-image-27590\" src=\"https:\/\/feda.org\/feda2k16\/wp-content\/uploads\/Imagen-de-WhatsApp-2025-12-20-a-las-19.48.30_17badce4.jpg\" alt=\"\" width=\"2040\" height=\"1530\" srcset=\"https:\/\/feda.org\/feda2k16\/wp-content\/uploads\/Imagen-de-WhatsApp-2025-12-20-a-las-19.48.30_17badce4.jpg 2040w, https:\/\/feda.org\/feda2k16\/wp-content\/uploads\/Imagen-de-WhatsApp-2025-12-20-a-las-19.48.30_17badce4-768x576.jpg 768w, https:\/\/feda.org\/feda2k16\/wp-content\/uploads\/Imagen-de-WhatsApp-2025-12-20-a-las-19.48.30_17badce4-1536x1152.jpg 1536w\" sizes=\"(max-width: 2040px) 100vw, 2040px\" \/><\/p>\n\n\n\n<p>Finalizaron los mundiales FIDE de ajedrez r\u00e1pido y rel\u00e1mpago en las categor\u00edas sub 9 a sub17 que se han disputado en Antalya (Turqu\u00eda).<br \/>El catalan Marc Barcelo, actual Campe\u00f3n de Espa\u00f1a sub 10 a ritmo standard se ha proclamado Campe\u00f3n Mundial en la modalidad rel\u00e1mpago o blitz (3 minutos para toda la partida mas dos segundos de incremento por jugada). Marc gan\u00f3 de manera indiscutible totalizando 8 puntos de nueve posibles , medio m\u00e1s que el Kazajo Nurali Nurshin, segundo,y uno y medio m\u00e1s que el ucraniano Olexandr Savchuk, tercero. Gran actuaci\u00f3n que se a\u00f1ade al subcampeonato mundial en ajedrez r\u00e1pido (15 min + 10 incremento) que logr\u00f3 hace dos d\u00edas en la misma sede..<br \/>Otro gran \u00e9xito fue el subcampeonato mundial obtenido tambi\u00e9n en ajedrez r\u00e1pido por Lorenzo Perea en categor\u00eda sub 17. Lorenzo qued\u00f3 octavo en el blitz. El tercer representante espa\u00f1ol Alex Villa. finaliz\u00f3 en la posici\u00f3n 11 en ambos eventos. Enhorabuena a todos por estos grandes resultados.<\/p>\n<p><img decoding=\"async\" class=\"alignnone size-full wp-image-27591\" src=\"https:\/\/feda.org\/feda2k16\/wp-content\/uploads\/Imagen-de-WhatsApp-2025-12-20-a-las-18.17.18_5a64ac3b.jpg\" alt=\"\" width=\"1280\" height=\"960\" srcset=\"https:\/\/feda.org\/feda2k16\/wp-content\/uploads\/Imagen-de-WhatsApp-2025-12-20-a-las-18.17.18_5a64ac3b.jpg 1280w, https:\/\/feda.org\/feda2k16\/wp-content\/uploads\/Imagen-de-WhatsApp-2025-12-20-a-las-18.17.18_5a64ac3b-768x576.jpg 768w\" sizes=\"(max-width: 1280px) 100vw, 1280px\" \/><\/p>\n\n\n","protected":false},"excerpt":{"rendered":"<p>Finalizaron los mundiales FIDE de ajedrez r\u00e1pido y rel\u00e1mpago en las categor\u00edas sub 9 a sub17 que se han disputado en Antalya (Turqu\u00eda).El catalan Marc Barcelo, actual Campe\u00f3n de Espa\u00f1a sub 10 a ritmo standard se ha proclamado Campe\u00f3n Mundial en la modalidad rel\u00e1mpago o blitz (3 minutos para toda la partida mas dos segundos [&hellip;]<\/p>\n","protected":false},"author":5,"featured_media":0,"comment_status":"closed","ping_status":"closed","sticky":false,"template":"","format":"standard","meta":{"footnotes":""},"categories":[16],"tags":[],"class_list":["post-27592","post","type-post","status-publish","format-standard","hentry","category-noticias"],"yoast_head":"<!-- This site is optimized with the Yoast SEO plugin v27.5 - https:\/\/yoast.com\/product\/yoast-seo-wordpress\/ -->\n<title>El Catalan Marc Barcel\u00f3 CAMPE\u00d3N MUNDIAL SUB 9 DE AJEDREZ REL\u00c1MPAGO (BLITZ). - FEDA<\/title>\n<meta name=\"description\" content=\"FEDA, Federaci\u00f3n Espa\u00f1ola de Ajedrez, ajedrez madrid, federarse ajedrez, campeonato de Espa\u00f1a de ajedrez, ajedrez\" \/>\n<meta name=\"robots\" content=\"index, follow, max-snippet:-1, max-image-preview:large, max-video-preview:-1\" \/>\n<link rel=\"canonical\" href=\"https:\/\/feda.org\/feda2k16\/el-catalan-marc-barcelo-campeon-mundial-sub-9-de-ajedrez-relampago-blitz\/\" \/>\n<meta property=\"og:locale\" content=\"es_ES\" \/>\n<meta property=\"og:type\" content=\"article\" \/>\n<meta property=\"og:title\" content=\"El Catalan Marc Barcel\u00f3 CAMPE\u00d3N MUNDIAL SUB 9 DE AJEDREZ REL\u00c1MPAGO (BLITZ). - FEDA\" \/>\n<meta property=\"og:description\" content=\"FEDA, Federaci\u00f3n Espa\u00f1ola de Ajedrez, ajedrez madrid, federarse ajedrez, campeonato de Espa\u00f1a de ajedrez, ajedrez\" \/>\n<meta property=\"og:url\" content=\"https:\/\/feda.org\/feda2k16\/el-catalan-marc-barcelo-campeon-mundial-sub-9-de-ajedrez-relampago-blitz\/\" \/>\n<meta property=\"og:site_name\" content=\"FEDA\" \/>\n<meta property=\"article:publisher\" content=\"https:\/\/www.facebook.com\/federacionespanoladeajedrez\/\" \/>\n<meta property=\"article:published_time\" content=\"2025-12-20T19:26:39+00:00\" \/>\n<meta property=\"article:modified_time\" content=\"2025-12-20T19:26:42+00:00\" \/>\n<meta property=\"og:image\" content=\"https:\/\/feda.org\/feda2k16\/wp-content\/uploads\/Imagen-de-WhatsApp-2025-12-20-a-las-19.48.30_17badce4.jpg\" \/>\n\t<meta property=\"og:image:width\" content=\"2040\" \/>\n\t<meta property=\"og:image:height\" content=\"1530\" \/>\n\t<meta property=\"og:image:type\" content=\"image\/jpeg\" \/>\n<meta name=\"author\" content=\"elefante66\" \/>\n<meta name=\"twitter:card\" content=\"summary_large_image\" \/>\n<meta name=\"twitter:creator\" content=\"@AjedrezEspanola\" \/>\n<meta name=\"twitter:site\" content=\"@AjedrezEspanola\" \/>\n<meta name=\"twitter:label1\" content=\"Escrito por\" \/>\n\t<meta name=\"twitter:data1\" content=\"elefante66\" \/>\n\t<meta name=\"twitter:label2\" content=\"Tiempo de lectura\" \/>\n\t<meta name=\"twitter:data2\" content=\"2 minutos\" \/>\n<script type=\"application\/ld+json\" class=\"yoast-schema-graph\">{\"@context\":\"https:\\\/\\\/schema.org\",\"@graph\":[{\"@type\":\"Article\",\"@id\":\"https:\\\/\\\/feda.org\\\/feda2k16\\\/el-catalan-marc-barcelo-campeon-mundial-sub-9-de-ajedrez-relampago-blitz\\\/#article\",\"isPartOf\":{\"@id\":\"https:\\\/\\\/feda.org\\\/feda2k16\\\/el-catalan-marc-barcelo-campeon-mundial-sub-9-de-ajedrez-relampago-blitz\\\/\"},\"author\":{\"name\":\"elefante66\",\"@id\":\"https:\\\/\\\/feda.org\\\/feda2k16\\\/#\\\/schema\\\/person\\\/b39486343e189c77e58d02641385fe29\"},\"headline\":\"El Catalan Marc Barcel\u00f3 CAMPE\u00d3N MUNDIAL SUB 9 DE AJEDREZ REL\u00c1MPAGO (BLITZ).\",\"datePublished\":\"2025-12-20T19:26:39+00:00\",\"dateModified\":\"2025-12-20T19:26:42+00:00\",\"mainEntityOfPage\":{\"@id\":\"https:\\\/\\\/feda.org\\\/feda2k16\\\/el-catalan-marc-barcelo-campeon-mundial-sub-9-de-ajedrez-relampago-blitz\\\/\"},\"wordCount\":184,\"publisher\":{\"@id\":\"https:\\\/\\\/feda.org\\\/feda2k16\\\/#organization\"},\"image\":{\"@id\":\"https:\\\/\\\/feda.org\\\/feda2k16\\\/el-catalan-marc-barcelo-campeon-mundial-sub-9-de-ajedrez-relampago-blitz\\\/#primaryimage\"},\"thumbnailUrl\":\"https:\\\/\\\/feda.org\\\/feda2k16\\\/wp-content\\\/uploads\\\/Imagen-de-WhatsApp-2025-12-20-a-las-19.48.30_17badce4.jpg\",\"articleSection\":[\"Noticias\"],\"inLanguage\":\"es\"},{\"@type\":\"WebPage\",\"@id\":\"https:\\\/\\\/feda.org\\\/feda2k16\\\/el-catalan-marc-barcelo-campeon-mundial-sub-9-de-ajedrez-relampago-blitz\\\/\",\"url\":\"https:\\\/\\\/feda.org\\\/feda2k16\\\/el-catalan-marc-barcelo-campeon-mundial-sub-9-de-ajedrez-relampago-blitz\\\/\",\"name\":\"El Catalan Marc Barcel\u00f3 CAMPE\u00d3N MUNDIAL SUB 9 DE AJEDREZ REL\u00c1MPAGO (BLITZ). - FEDA\",\"isPartOf\":{\"@id\":\"https:\\\/\\\/feda.org\\\/feda2k16\\\/#website\"},\"primaryImageOfPage\":{\"@id\":\"https:\\\/\\\/feda.org\\\/feda2k16\\\/el-catalan-marc-barcelo-campeon-mundial-sub-9-de-ajedrez-relampago-blitz\\\/#primaryimage\"},\"image\":{\"@id\":\"https:\\\/\\\/feda.org\\\/feda2k16\\\/el-catalan-marc-barcelo-campeon-mundial-sub-9-de-ajedrez-relampago-blitz\\\/#primaryimage\"},\"thumbnailUrl\":\"https:\\\/\\\/feda.org\\\/feda2k16\\\/wp-content\\\/uploads\\\/Imagen-de-WhatsApp-2025-12-20-a-las-19.48.30_17badce4.jpg\",\"datePublished\":\"2025-12-20T19:26:39+00:00\",\"dateModified\":\"2025-12-20T19:26:42+00:00\",\"description\":\"FEDA, Federaci\u00f3n Espa\u00f1ola de Ajedrez, ajedrez madrid, federarse ajedrez, campeonato de Espa\u00f1a de ajedrez, ajedrez\",\"breadcrumb\":{\"@id\":\"https:\\\/\\\/feda.org\\\/feda2k16\\\/el-catalan-marc-barcelo-campeon-mundial-sub-9-de-ajedrez-relampago-blitz\\\/#breadcrumb\"},\"inLanguage\":\"es\",\"potentialAction\":[{\"@type\":\"ReadAction\",\"target\":[\"https:\\\/\\\/feda.org\\\/feda2k16\\\/el-catalan-marc-barcelo-campeon-mundial-sub-9-de-ajedrez-relampago-blitz\\\/\"]}]},{\"@type\":\"ImageObject\",\"inLanguage\":\"es\",\"@id\":\"https:\\\/\\\/feda.org\\\/feda2k16\\\/el-catalan-marc-barcelo-campeon-mundial-sub-9-de-ajedrez-relampago-blitz\\\/#primaryimage\",\"url\":\"https:\\\/\\\/feda.org\\\/feda2k16\\\/wp-content\\\/uploads\\\/Imagen-de-WhatsApp-2025-12-20-a-las-19.48.30_17badce4.jpg\",\"contentUrl\":\"https:\\\/\\\/feda.org\\\/feda2k16\\\/wp-content\\\/uploads\\\/Imagen-de-WhatsApp-2025-12-20-a-las-19.48.30_17badce4.jpg\",\"width\":2040,\"height\":1530},{\"@type\":\"BreadcrumbList\",\"@id\":\"https:\\\/\\\/feda.org\\\/feda2k16\\\/el-catalan-marc-barcelo-campeon-mundial-sub-9-de-ajedrez-relampago-blitz\\\/#breadcrumb\",\"itemListElement\":[{\"@type\":\"ListItem\",\"position\":1,\"name\":\"Portada\",\"item\":\"https:\\\/\\\/feda.org\\\/feda2k16\\\/\"},{\"@type\":\"ListItem\",\"position\":2,\"name\":\"El Catalan Marc Barcel\u00f3 CAMPE\u00d3N MUNDIAL SUB 9 DE AJEDREZ REL\u00c1MPAGO (BLITZ).\"}]},{\"@type\":\"WebSite\",\"@id\":\"https:\\\/\\\/feda.org\\\/feda2k16\\\/#website\",\"url\":\"https:\\\/\\\/feda.org\\\/feda2k16\\\/\",\"name\":\"FEDA\",\"description\":\"Federaci\u00f3n Espa\u00f1ola de Ajedrez\",\"publisher\":{\"@id\":\"https:\\\/\\\/feda.org\\\/feda2k16\\\/#organization\"},\"alternateName\":\"Federaci\u00f3n Espa\u00f1ola de Ajedrez\",\"potentialAction\":[{\"@type\":\"SearchAction\",\"target\":{\"@type\":\"EntryPoint\",\"urlTemplate\":\"https:\\\/\\\/feda.org\\\/feda2k16\\\/?s={search_term_string}\"},\"query-input\":{\"@type\":\"PropertyValueSpecification\",\"valueRequired\":true,\"valueName\":\"search_term_string\"}}],\"inLanguage\":\"es\"},{\"@type\":\"Organization\",\"@id\":\"https:\\\/\\\/feda.org\\\/feda2k16\\\/#organization\",\"name\":\"FEDA\",\"alternateName\":\"Federaci\u00f3n Espa\u00f1ola de Ajedrez\",\"url\":\"https:\\\/\\\/feda.org\\\/feda2k16\\\/\",\"logo\":{\"@type\":\"ImageObject\",\"inLanguage\":\"es\",\"@id\":\"https:\\\/\\\/feda.org\\\/feda2k16\\\/#\\\/schema\\\/logo\\\/image\\\/\",\"url\":\"https:\\\/\\\/feda.org\\\/feda2k16\\\/wp-content\\\/uploads\\\/NuevoLogo_FEDA_2016.png\",\"contentUrl\":\"https:\\\/\\\/feda.org\\\/feda2k16\\\/wp-content\\\/uploads\\\/NuevoLogo_FEDA_2016.png\",\"width\":600,\"height\":600,\"caption\":\"FEDA\"},\"image\":{\"@id\":\"https:\\\/\\\/feda.org\\\/feda2k16\\\/#\\\/schema\\\/logo\\\/image\\\/\"},\"sameAs\":[\"https:\\\/\\\/www.facebook.com\\\/federacionespanoladeajedrez\\\/\",\"https:\\\/\\\/x.com\\\/AjedrezEspanola\",\"https:\\\/\\\/www.instagram.com\\\/federacionespanolaajedrez\\\/?hl=es\",\"https:\\\/\\\/www.youtube.com\\\/@FederacionEspanoladeAjedrezFED\\\/featured\"]},{\"@type\":\"Person\",\"@id\":\"https:\\\/\\\/feda.org\\\/feda2k16\\\/#\\\/schema\\\/person\\\/b39486343e189c77e58d02641385fe29\",\"name\":\"elefante66\",\"url\":\"https:\\\/\\\/feda.org\\\/feda2k16\\\/author\\\/elefante66\\\/\"}]}<\/script>\n<!-- \/ Yoast SEO plugin. -->","yoast_head_json":{"title":"El Catalan Marc Barcel\u00f3 CAMPE\u00d3N MUNDIAL SUB 9 DE AJEDREZ REL\u00c1MPAGO (BLITZ). - FEDA","description":"FEDA, Federaci\u00f3n Espa\u00f1ola de Ajedrez, ajedrez madrid, federarse ajedrez, campeonato de Espa\u00f1a de ajedrez, ajedrez","robots":{"index":"index","follow":"follow","max-snippet":"max-snippet:-1","max-image-preview":"max-image-preview:large","max-video-preview":"max-video-preview:-1"},"canonical":"https:\/\/feda.org\/feda2k16\/el-catalan-marc-barcelo-campeon-mundial-sub-9-de-ajedrez-relampago-blitz\/","og_locale":"es_ES","og_type":"article","og_title":"El Catalan Marc Barcel\u00f3 CAMPE\u00d3N MUNDIAL SUB 9 DE AJEDREZ REL\u00c1MPAGO (BLITZ). - FEDA","og_description":"FEDA, Federaci\u00f3n Espa\u00f1ola de Ajedrez, ajedrez madrid, federarse ajedrez, campeonato de Espa\u00f1a de ajedrez, ajedrez","og_url":"https:\/\/feda.org\/feda2k16\/el-catalan-marc-barcelo-campeon-mundial-sub-9-de-ajedrez-relampago-blitz\/","og_site_name":"FEDA","article_publisher":"https:\/\/www.facebook.com\/federacionespanoladeajedrez\/","article_published_time":"2025-12-20T19:26:39+00:00","article_modified_time":"2025-12-20T19:26:42+00:00","og_image":[{"width":2040,"height":1530,"url":"https:\/\/feda.org\/feda2k16\/wp-content\/uploads\/Imagen-de-WhatsApp-2025-12-20-a-las-19.48.30_17badce4.jpg","type":"image\/jpeg"}],"author":"elefante66","twitter_card":"summary_large_image","twitter_creator":"@AjedrezEspanola","twitter_site":"@AjedrezEspanola","twitter_misc":{"Escrito por":"elefante66","Tiempo de lectura":"2 minutos"},"schema":{"@context":"https:\/\/schema.org","@graph":[{"@type":"Article","@id":"https:\/\/feda.org\/feda2k16\/el-catalan-marc-barcelo-campeon-mundial-sub-9-de-ajedrez-relampago-blitz\/#article","isPartOf":{"@id":"https:\/\/feda.org\/feda2k16\/el-catalan-marc-barcelo-campeon-mundial-sub-9-de-ajedrez-relampago-blitz\/"},"author":{"name":"elefante66","@id":"https:\/\/feda.org\/feda2k16\/#\/schema\/person\/b39486343e189c77e58d02641385fe29"},"headline":"El Catalan Marc Barcel\u00f3 CAMPE\u00d3N MUNDIAL SUB 9 DE AJEDREZ REL\u00c1MPAGO (BLITZ).","datePublished":"2025-12-20T19:26:39+00:00","dateModified":"2025-12-20T19:26:42+00:00","mainEntityOfPage":{"@id":"https:\/\/feda.org\/feda2k16\/el-catalan-marc-barcelo-campeon-mundial-sub-9-de-ajedrez-relampago-blitz\/"},"wordCount":184,"publisher":{"@id":"https:\/\/feda.org\/feda2k16\/#organization"},"image":{"@id":"https:\/\/feda.org\/feda2k16\/el-catalan-marc-barcelo-campeon-mundial-sub-9-de-ajedrez-relampago-blitz\/#primaryimage"},"thumbnailUrl":"https:\/\/feda.org\/feda2k16\/wp-content\/uploads\/Imagen-de-WhatsApp-2025-12-20-a-las-19.48.30_17badce4.jpg","articleSection":["Noticias"],"inLanguage":"es"},{"@type":"WebPage","@id":"https:\/\/feda.org\/feda2k16\/el-catalan-marc-barcelo-campeon-mundial-sub-9-de-ajedrez-relampago-blitz\/","url":"https:\/\/feda.org\/feda2k16\/el-catalan-marc-barcelo-campeon-mundial-sub-9-de-ajedrez-relampago-blitz\/","name":"El Catalan Marc Barcel\u00f3 CAMPE\u00d3N MUNDIAL SUB 9 DE AJEDREZ REL\u00c1MPAGO (BLITZ). - FEDA","isPartOf":{"@id":"https:\/\/feda.org\/feda2k16\/#website"},"primaryImageOfPage":{"@id":"https:\/\/feda.org\/feda2k16\/el-catalan-marc-barcelo-campeon-mundial-sub-9-de-ajedrez-relampago-blitz\/#primaryimage"},"image":{"@id":"https:\/\/feda.org\/feda2k16\/el-catalan-marc-barcelo-campeon-mundial-sub-9-de-ajedrez-relampago-blitz\/#primaryimage"},"thumbnailUrl":"https:\/\/feda.org\/feda2k16\/wp-content\/uploads\/Imagen-de-WhatsApp-2025-12-20-a-las-19.48.30_17badce4.jpg","datePublished":"2025-12-20T19:26:39+00:00","dateModified":"2025-12-20T19:26:42+00:00","description":"FEDA, Federaci\u00f3n Espa\u00f1ola de Ajedrez, ajedrez madrid, federarse ajedrez, campeonato de Espa\u00f1a de ajedrez, ajedrez","breadcrumb":{"@id":"https:\/\/feda.org\/feda2k16\/el-catalan-marc-barcelo-campeon-mundial-sub-9-de-ajedrez-relampago-blitz\/#breadcrumb"},"inLanguage":"es","potentialAction":[{"@type":"ReadAction","target":["https:\/\/feda.org\/feda2k16\/el-catalan-marc-barcelo-campeon-mundial-sub-9-de-ajedrez-relampago-blitz\/"]}]},{"@type":"ImageObject","inLanguage":"es","@id":"https:\/\/feda.org\/feda2k16\/el-catalan-marc-barcelo-campeon-mundial-sub-9-de-ajedrez-relampago-blitz\/#primaryimage","url":"https:\/\/feda.org\/feda2k16\/wp-content\/uploads\/Imagen-de-WhatsApp-2025-12-20-a-las-19.48.30_17badce4.jpg","contentUrl":"https:\/\/feda.org\/feda2k16\/wp-content\/uploads\/Imagen-de-WhatsApp-2025-12-20-a-las-19.48.30_17badce4.jpg","width":2040,"height":1530},{"@type":"BreadcrumbList","@id":"https:\/\/feda.org\/feda2k16\/el-catalan-marc-barcelo-campeon-mundial-sub-9-de-ajedrez-relampago-blitz\/#breadcrumb","itemListElement":[{"@type":"ListItem","position":1,"name":"Portada","item":"https:\/\/feda.org\/feda2k16\/"},{"@type":"ListItem","position":2,"name":"El Catalan Marc Barcel\u00f3 CAMPE\u00d3N MUNDIAL SUB 9 DE AJEDREZ REL\u00c1MPAGO (BLITZ)."}]},{"@type":"WebSite","@id":"https:\/\/feda.org\/feda2k16\/#website","url":"https:\/\/feda.org\/feda2k16\/","name":"FEDA","description":"Federaci\u00f3n Espa\u00f1ola de Ajedrez","publisher":{"@id":"https:\/\/feda.org\/feda2k16\/#organization"},"alternateName":"Federaci\u00f3n Espa\u00f1ola de Ajedrez","potentialAction":[{"@type":"SearchAction","target":{"@type":"EntryPoint","urlTemplate":"https:\/\/feda.org\/feda2k16\/?s={search_term_string}"},"query-input":{"@type":"PropertyValueSpecification","valueRequired":true,"valueName":"search_term_string"}}],"inLanguage":"es"},{"@type":"Organization","@id":"https:\/\/feda.org\/feda2k16\/#organization","name":"FEDA","alternateName":"Federaci\u00f3n Espa\u00f1ola de Ajedrez","url":"https:\/\/feda.org\/feda2k16\/","logo":{"@type":"ImageObject","inLanguage":"es","@id":"https:\/\/feda.org\/feda2k16\/#\/schema\/logo\/image\/","url":"https:\/\/feda.org\/feda2k16\/wp-content\/uploads\/NuevoLogo_FEDA_2016.png","contentUrl":"https:\/\/feda.org\/feda2k16\/wp-content\/uploads\/NuevoLogo_FEDA_2016.png","width":600,"height":600,"caption":"FEDA"},"image":{"@id":"https:\/\/feda.org\/feda2k16\/#\/schema\/logo\/image\/"},"sameAs":["https:\/\/www.facebook.com\/federacionespanoladeajedrez\/","https:\/\/x.com\/AjedrezEspanola","https:\/\/www.instagram.com\/federacionespanolaajedrez\/?hl=es","https:\/\/www.youtube.com\/@FederacionEspanoladeAjedrezFED\/featured"]},{"@type":"Person","@id":"https:\/\/feda.org\/feda2k16\/#\/schema\/person\/b39486343e189c77e58d02641385fe29","name":"elefante66","url":"https:\/\/feda.org\/feda2k16\/author\/elefante66\/"}]}},"_links":{"self":[{"href":"https:\/\/feda.org\/feda2k16\/wp-json\/wp\/v2\/posts\/27592","targetHints":{"allow":["GET"]}}],"collection":[{"href":"https:\/\/feda.org\/feda2k16\/wp-json\/wp\/v2\/posts"}],"about":[{"href":"https:\/\/feda.org\/feda2k16\/wp-json\/wp\/v2\/types\/post"}],"author":[{"embeddable":true,"href":"https:\/\/feda.org\/feda2k16\/wp-json\/wp\/v2\/users\/5"}],"replies":[{"embeddable":true,"href":"https:\/\/feda.org\/feda2k16\/wp-json\/wp\/v2\/comments?post=27592"}],"version-history":[{"count":1,"href":"https:\/\/feda.org\/feda2k16\/wp-json\/wp\/v2\/posts\/27592\/revisions"}],"predecessor-version":[{"id":27593,"href":"https:\/\/feda.org\/feda2k16\/wp-json\/wp\/v2\/posts\/27592\/revisions\/27593"}],"wp:attachment":[{"href":"https:\/\/feda.org\/feda2k16\/wp-json\/wp\/v2\/media?parent=27592"}],"wp:term":[{"taxonomy":"category","embeddable":true,"href":"https:\/\/feda.org\/feda2k16\/wp-json\/wp\/v2\/categories?post=27592"},{"taxonomy":"post_tag","embeddable":true,"href":"https:\/\/feda.org\/feda2k16\/wp-json\/wp\/v2\/tags?post=27592"}],"curies":[{"name":"wp","href":"https:\/\/api.w.org\/{rel}","templated":true}]}}