{"id":27597,"date":"2025-12-21T22:35:56","date_gmt":"2025-12-21T22:35:56","guid":{"rendered":"https:\/\/feda.org\/feda2k16\/?p=27597"},"modified":"2025-12-21T22:46:30","modified_gmt":"2025-12-21T22:46:30","slug":"david-larino-y-alba-de-lomas-campeones-de-espana-de-ajedrez-rapido-de-parejas-mixtas","status":"publish","type":"post","link":"https:\/\/feda.org\/feda2k16\/david-larino-y-alba-de-lomas-campeones-de-espana-de-ajedrez-rapido-de-parejas-mixtas\/","title":{"rendered":"David Lari\u00f1o y Alba De Lomas campeones de Espa\u00f1a de Ajedrez R\u00e1pido de parejas mixtas."},"content":{"rendered":"\n<figure class=\"wp-block-image size-full\"><img fetchpriority=\"high\" decoding=\"async\" width=\"1600\" height=\"720\" src=\"https:\/\/feda.org\/feda2k16\/wp-content\/uploads\/Imagen-de-WhatsApp-2025-12-21-a-las-14.29.48_1f751df0.jpg\" alt=\"\" class=\"wp-image-27598\" srcset=\"https:\/\/feda.org\/feda2k16\/wp-content\/uploads\/Imagen-de-WhatsApp-2025-12-21-a-las-14.29.48_1f751df0.jpg 1600w, https:\/\/feda.org\/feda2k16\/wp-content\/uploads\/Imagen-de-WhatsApp-2025-12-21-a-las-14.29.48_1f751df0-768x346.jpg 768w, https:\/\/feda.org\/feda2k16\/wp-content\/uploads\/Imagen-de-WhatsApp-2025-12-21-a-las-14.29.48_1f751df0-1536x691.jpg 1536w\" sizes=\"(max-width: 1600px) 100vw, 1600px\" \/><\/figure>\n\n\n\n<p>El GM David Lari\u00f1o Nieto y La WCM Alba De Lomas Busquets se han proclamado campeones de Espa\u00f1a de Ajedrez R\u00e1pido de parejas mixtas. Evento realizado en las instalaciones del Hotel Sunway Playa Golf &amp; Spa dentro de las actividades paralelas del Sunway Sitges Internacional Festival de Ajedrez.<\/p>\n<p><img decoding=\"async\" class=\"alignnone size-full wp-image-27600\" src=\"https:\/\/feda.org\/feda2k16\/wp-content\/uploads\/Imagen-de-WhatsApp-2025-12-21-a-las-14.29.46_9c8eb2d1.jpg\" alt=\"\" width=\"1600\" height=\"720\" srcset=\"https:\/\/feda.org\/feda2k16\/wp-content\/uploads\/Imagen-de-WhatsApp-2025-12-21-a-las-14.29.46_9c8eb2d1.jpg 1600w, https:\/\/feda.org\/feda2k16\/wp-content\/uploads\/Imagen-de-WhatsApp-2025-12-21-a-las-14.29.46_9c8eb2d1-768x346.jpg 768w, https:\/\/feda.org\/feda2k16\/wp-content\/uploads\/Imagen-de-WhatsApp-2025-12-21-a-las-14.29.46_9c8eb2d1-1536x691.jpg 1536w\" sizes=\"(max-width: 1600px) 100vw, 1600px\" \/><\/p>\n<p style=\"text-align: center;\">2\u00ba Puesto: El IM Ernesto Fern\u00e1ndez Guillen y WFM Leancy Fern\u00e1ndez Bustamante.<\/p>\n<p><img decoding=\"async\" class=\"alignnone size-full wp-image-27602\" src=\"https:\/\/feda.org\/feda2k16\/wp-content\/uploads\/Imagen-de-WhatsApp-2025-12-21-a-las-14.29.49_bdcfe480.jpg\" alt=\"\" width=\"1600\" height=\"720\" srcset=\"https:\/\/feda.org\/feda2k16\/wp-content\/uploads\/Imagen-de-WhatsApp-2025-12-21-a-las-14.29.49_bdcfe480.jpg 1600w, https:\/\/feda.org\/feda2k16\/wp-content\/uploads\/Imagen-de-WhatsApp-2025-12-21-a-las-14.29.49_bdcfe480-768x346.jpg 768w, https:\/\/feda.org\/feda2k16\/wp-content\/uploads\/Imagen-de-WhatsApp-2025-12-21-a-las-14.29.49_bdcfe480-1536x691.jpg 1536w\" sizes=\"(max-width: 1600px) 100vw, 1600px\" \/><\/p>\n<p style=\"text-align: center;\">3\u00ba Puesto: IM Felix Antonio Ilinca y Nieves Sanle\u00f3n Pravisano.<\/p>\n<p style=\"text-align: center;\">Clasificaci\u00f3n: <a href=\"https:\/\/info64.org\/team\/ce-parejas-mixtas-rapido-2025\/ilinca-sanleon\">INFO64-Parejas mixtas.<\/a><\/p>\n\n\n","protected":false},"excerpt":{"rendered":"<p>El GM David Lari\u00f1o Nieto y La WCM Alba De Lomas Busquets se han proclamado campeones de Espa\u00f1a de Ajedrez R\u00e1pido de parejas mixtas. Evento realizado en las instalaciones del Hotel Sunway Playa Golf &amp; Spa dentro de las actividades paralelas del Sunway Sitges Internacional Festival de Ajedrez. 2\u00ba Puesto: El IM Ernesto Fern\u00e1ndez Guillen [&hellip;]<\/p>\n","protected":false},"author":5,"featured_media":0,"comment_status":"closed","ping_status":"closed","sticky":false,"template":"","format":"standard","meta":{"footnotes":""},"categories":[16],"tags":[],"class_list":["post-27597","post","type-post","status-publish","format-standard","hentry","category-noticias"],"yoast_head":"<!-- This site is optimized with the Yoast SEO plugin v27.4 - https:\/\/yoast.com\/product\/yoast-seo-wordpress\/ -->\n<title>David Lari\u00f1o y Alba De Lomas campeones de Espa\u00f1a de Ajedrez R\u00e1pido de parejas mixtas. - FEDA<\/title>\n<meta name=\"description\" content=\"FEDA, Federaci\u00f3n Espa\u00f1ola de Ajedrez, ajedrez madrid, federarse ajedrez, campeonato de Espa\u00f1a de ajedrez, ajedrez\" \/>\n<meta name=\"robots\" content=\"index, follow, max-snippet:-1, max-image-preview:large, max-video-preview:-1\" \/>\n<link rel=\"canonical\" href=\"https:\/\/feda.org\/feda2k16\/david-larino-y-alba-de-lomas-campeones-de-espana-de-ajedrez-rapido-de-parejas-mixtas\/\" \/>\n<meta property=\"og:locale\" content=\"es_ES\" \/>\n<meta property=\"og:type\" content=\"article\" \/>\n<meta property=\"og:title\" content=\"David Lari\u00f1o y Alba De Lomas campeones de Espa\u00f1a de Ajedrez R\u00e1pido de parejas mixtas. - FEDA\" \/>\n<meta property=\"og:description\" content=\"FEDA, Federaci\u00f3n Espa\u00f1ola de Ajedrez, ajedrez madrid, federarse ajedrez, campeonato de Espa\u00f1a de ajedrez, ajedrez\" \/>\n<meta property=\"og:url\" content=\"https:\/\/feda.org\/feda2k16\/david-larino-y-alba-de-lomas-campeones-de-espana-de-ajedrez-rapido-de-parejas-mixtas\/\" \/>\n<meta property=\"og:site_name\" content=\"FEDA\" \/>\n<meta property=\"article:publisher\" content=\"https:\/\/www.facebook.com\/federacionespanoladeajedrez\/\" \/>\n<meta property=\"article:published_time\" content=\"2025-12-21T22:35:56+00:00\" \/>\n<meta property=\"article:modified_time\" content=\"2025-12-21T22:46:30+00:00\" \/>\n<meta property=\"og:image\" content=\"https:\/\/feda.org\/feda2k16\/wp-content\/uploads\/Imagen-de-WhatsApp-2025-12-21-a-las-14.29.48_1f751df0.jpg\" \/>\n\t<meta property=\"og:image:width\" content=\"1600\" \/>\n\t<meta property=\"og:image:height\" content=\"720\" \/>\n\t<meta property=\"og:image:type\" content=\"image\/jpeg\" \/>\n<meta name=\"author\" content=\"elefante66\" \/>\n<meta name=\"twitter:card\" content=\"summary_large_image\" \/>\n<meta name=\"twitter:creator\" content=\"@AjedrezEspanola\" \/>\n<meta name=\"twitter:site\" content=\"@AjedrezEspanola\" \/>\n<meta name=\"twitter:label1\" content=\"Escrito por\" \/>\n\t<meta name=\"twitter:data1\" content=\"elefante66\" \/>\n\t<meta name=\"twitter:label2\" content=\"Tiempo de lectura\" \/>\n\t<meta name=\"twitter:data2\" content=\"1 minuto\" \/>\n<script type=\"application\/ld+json\" class=\"yoast-schema-graph\">{\"@context\":\"https:\\\/\\\/schema.org\",\"@graph\":[{\"@type\":\"Article\",\"@id\":\"https:\\\/\\\/feda.org\\\/feda2k16\\\/david-larino-y-alba-de-lomas-campeones-de-espana-de-ajedrez-rapido-de-parejas-mixtas\\\/#article\",\"isPartOf\":{\"@id\":\"https:\\\/\\\/feda.org\\\/feda2k16\\\/david-larino-y-alba-de-lomas-campeones-de-espana-de-ajedrez-rapido-de-parejas-mixtas\\\/\"},\"author\":{\"name\":\"elefante66\",\"@id\":\"https:\\\/\\\/feda.org\\\/feda2k16\\\/#\\\/schema\\\/person\\\/b39486343e189c77e58d02641385fe29\"},\"headline\":\"David Lari\u00f1o y Alba De Lomas campeones de Espa\u00f1a de Ajedrez R\u00e1pido de parejas mixtas.\",\"datePublished\":\"2025-12-21T22:35:56+00:00\",\"dateModified\":\"2025-12-21T22:46:30+00:00\",\"mainEntityOfPage\":{\"@id\":\"https:\\\/\\\/feda.org\\\/feda2k16\\\/david-larino-y-alba-de-lomas-campeones-de-espana-de-ajedrez-rapido-de-parejas-mixtas\\\/\"},\"wordCount\":97,\"publisher\":{\"@id\":\"https:\\\/\\\/feda.org\\\/feda2k16\\\/#organization\"},\"image\":{\"@id\":\"https:\\\/\\\/feda.org\\\/feda2k16\\\/david-larino-y-alba-de-lomas-campeones-de-espana-de-ajedrez-rapido-de-parejas-mixtas\\\/#primaryimage\"},\"thumbnailUrl\":\"https:\\\/\\\/feda.org\\\/feda2k16\\\/wp-content\\\/uploads\\\/Imagen-de-WhatsApp-2025-12-21-a-las-14.29.48_1f751df0.jpg\",\"articleSection\":[\"Noticias\"],\"inLanguage\":\"es\"},{\"@type\":\"WebPage\",\"@id\":\"https:\\\/\\\/feda.org\\\/feda2k16\\\/david-larino-y-alba-de-lomas-campeones-de-espana-de-ajedrez-rapido-de-parejas-mixtas\\\/\",\"url\":\"https:\\\/\\\/feda.org\\\/feda2k16\\\/david-larino-y-alba-de-lomas-campeones-de-espana-de-ajedrez-rapido-de-parejas-mixtas\\\/\",\"name\":\"David Lari\u00f1o y Alba De Lomas campeones de Espa\u00f1a de Ajedrez R\u00e1pido de parejas mixtas. - FEDA\",\"isPartOf\":{\"@id\":\"https:\\\/\\\/feda.org\\\/feda2k16\\\/#website\"},\"primaryImageOfPage\":{\"@id\":\"https:\\\/\\\/feda.org\\\/feda2k16\\\/david-larino-y-alba-de-lomas-campeones-de-espana-de-ajedrez-rapido-de-parejas-mixtas\\\/#primaryimage\"},\"image\":{\"@id\":\"https:\\\/\\\/feda.org\\\/feda2k16\\\/david-larino-y-alba-de-lomas-campeones-de-espana-de-ajedrez-rapido-de-parejas-mixtas\\\/#primaryimage\"},\"thumbnailUrl\":\"https:\\\/\\\/feda.org\\\/feda2k16\\\/wp-content\\\/uploads\\\/Imagen-de-WhatsApp-2025-12-21-a-las-14.29.48_1f751df0.jpg\",\"datePublished\":\"2025-12-21T22:35:56+00:00\",\"dateModified\":\"2025-12-21T22:46:30+00:00\",\"description\":\"FEDA, Federaci\u00f3n Espa\u00f1ola de Ajedrez, ajedrez madrid, federarse ajedrez, campeonato de Espa\u00f1a de ajedrez, ajedrez\",\"breadcrumb\":{\"@id\":\"https:\\\/\\\/feda.org\\\/feda2k16\\\/david-larino-y-alba-de-lomas-campeones-de-espana-de-ajedrez-rapido-de-parejas-mixtas\\\/#breadcrumb\"},\"inLanguage\":\"es\",\"potentialAction\":[{\"@type\":\"ReadAction\",\"target\":[\"https:\\\/\\\/feda.org\\\/feda2k16\\\/david-larino-y-alba-de-lomas-campeones-de-espana-de-ajedrez-rapido-de-parejas-mixtas\\\/\"]}]},{\"@type\":\"ImageObject\",\"inLanguage\":\"es\",\"@id\":\"https:\\\/\\\/feda.org\\\/feda2k16\\\/david-larino-y-alba-de-lomas-campeones-de-espana-de-ajedrez-rapido-de-parejas-mixtas\\\/#primaryimage\",\"url\":\"https:\\\/\\\/feda.org\\\/feda2k16\\\/wp-content\\\/uploads\\\/Imagen-de-WhatsApp-2025-12-21-a-las-14.29.48_1f751df0.jpg\",\"contentUrl\":\"https:\\\/\\\/feda.org\\\/feda2k16\\\/wp-content\\\/uploads\\\/Imagen-de-WhatsApp-2025-12-21-a-las-14.29.48_1f751df0.jpg\",\"width\":1600,\"height\":720},{\"@type\":\"BreadcrumbList\",\"@id\":\"https:\\\/\\\/feda.org\\\/feda2k16\\\/david-larino-y-alba-de-lomas-campeones-de-espana-de-ajedrez-rapido-de-parejas-mixtas\\\/#breadcrumb\",\"itemListElement\":[{\"@type\":\"ListItem\",\"position\":1,\"name\":\"Portada\",\"item\":\"https:\\\/\\\/feda.org\\\/feda2k16\\\/\"},{\"@type\":\"ListItem\",\"position\":2,\"name\":\"David Lari\u00f1o y Alba De Lomas campeones de Espa\u00f1a de Ajedrez R\u00e1pido de parejas mixtas.\"}]},{\"@type\":\"WebSite\",\"@id\":\"https:\\\/\\\/feda.org\\\/feda2k16\\\/#website\",\"url\":\"https:\\\/\\\/feda.org\\\/feda2k16\\\/\",\"name\":\"FEDA\",\"description\":\"Federaci\u00f3n Espa\u00f1ola de Ajedrez\",\"publisher\":{\"@id\":\"https:\\\/\\\/feda.org\\\/feda2k16\\\/#organization\"},\"alternateName\":\"Federaci\u00f3n Espa\u00f1ola de Ajedrez\",\"potentialAction\":[{\"@type\":\"SearchAction\",\"target\":{\"@type\":\"EntryPoint\",\"urlTemplate\":\"https:\\\/\\\/feda.org\\\/feda2k16\\\/?s={search_term_string}\"},\"query-input\":{\"@type\":\"PropertyValueSpecification\",\"valueRequired\":true,\"valueName\":\"search_term_string\"}}],\"inLanguage\":\"es\"},{\"@type\":\"Organization\",\"@id\":\"https:\\\/\\\/feda.org\\\/feda2k16\\\/#organization\",\"name\":\"FEDA\",\"alternateName\":\"Federaci\u00f3n Espa\u00f1ola de Ajedrez\",\"url\":\"https:\\\/\\\/feda.org\\\/feda2k16\\\/\",\"logo\":{\"@type\":\"ImageObject\",\"inLanguage\":\"es\",\"@id\":\"https:\\\/\\\/feda.org\\\/feda2k16\\\/#\\\/schema\\\/logo\\\/image\\\/\",\"url\":\"https:\\\/\\\/feda.org\\\/feda2k16\\\/wp-content\\\/uploads\\\/NuevoLogo_FEDA_2016.png\",\"contentUrl\":\"https:\\\/\\\/feda.org\\\/feda2k16\\\/wp-content\\\/uploads\\\/NuevoLogo_FEDA_2016.png\",\"width\":600,\"height\":600,\"caption\":\"FEDA\"},\"image\":{\"@id\":\"https:\\\/\\\/feda.org\\\/feda2k16\\\/#\\\/schema\\\/logo\\\/image\\\/\"},\"sameAs\":[\"https:\\\/\\\/www.facebook.com\\\/federacionespanoladeajedrez\\\/\",\"https:\\\/\\\/x.com\\\/AjedrezEspanola\",\"https:\\\/\\\/www.instagram.com\\\/federacionespanolaajedrez\\\/?hl=es\",\"https:\\\/\\\/www.youtube.com\\\/@FederacionEspanoladeAjedrezFED\\\/featured\"]},{\"@type\":\"Person\",\"@id\":\"https:\\\/\\\/feda.org\\\/feda2k16\\\/#\\\/schema\\\/person\\\/b39486343e189c77e58d02641385fe29\",\"name\":\"elefante66\",\"url\":\"https:\\\/\\\/feda.org\\\/feda2k16\\\/author\\\/elefante66\\\/\"}]}<\/script>\n<!-- \/ Yoast SEO plugin. -->","yoast_head_json":{"title":"David Lari\u00f1o y Alba De Lomas campeones de Espa\u00f1a de Ajedrez R\u00e1pido de parejas mixtas. - FEDA","description":"FEDA, Federaci\u00f3n Espa\u00f1ola de Ajedrez, ajedrez madrid, federarse ajedrez, campeonato de Espa\u00f1a de ajedrez, ajedrez","robots":{"index":"index","follow":"follow","max-snippet":"max-snippet:-1","max-image-preview":"max-image-preview:large","max-video-preview":"max-video-preview:-1"},"canonical":"https:\/\/feda.org\/feda2k16\/david-larino-y-alba-de-lomas-campeones-de-espana-de-ajedrez-rapido-de-parejas-mixtas\/","og_locale":"es_ES","og_type":"article","og_title":"David Lari\u00f1o y Alba De Lomas campeones de Espa\u00f1a de Ajedrez R\u00e1pido de parejas mixtas. - FEDA","og_description":"FEDA, Federaci\u00f3n Espa\u00f1ola de Ajedrez, ajedrez madrid, federarse ajedrez, campeonato de Espa\u00f1a de ajedrez, ajedrez","og_url":"https:\/\/feda.org\/feda2k16\/david-larino-y-alba-de-lomas-campeones-de-espana-de-ajedrez-rapido-de-parejas-mixtas\/","og_site_name":"FEDA","article_publisher":"https:\/\/www.facebook.com\/federacionespanoladeajedrez\/","article_published_time":"2025-12-21T22:35:56+00:00","article_modified_time":"2025-12-21T22:46:30+00:00","og_image":[{"width":1600,"height":720,"url":"https:\/\/feda.org\/feda2k16\/wp-content\/uploads\/Imagen-de-WhatsApp-2025-12-21-a-las-14.29.48_1f751df0.jpg","type":"image\/jpeg"}],"author":"elefante66","twitter_card":"summary_large_image","twitter_creator":"@AjedrezEspanola","twitter_site":"@AjedrezEspanola","twitter_misc":{"Escrito por":"elefante66","Tiempo de lectura":"1 minuto"},"schema":{"@context":"https:\/\/schema.org","@graph":[{"@type":"Article","@id":"https:\/\/feda.org\/feda2k16\/david-larino-y-alba-de-lomas-campeones-de-espana-de-ajedrez-rapido-de-parejas-mixtas\/#article","isPartOf":{"@id":"https:\/\/feda.org\/feda2k16\/david-larino-y-alba-de-lomas-campeones-de-espana-de-ajedrez-rapido-de-parejas-mixtas\/"},"author":{"name":"elefante66","@id":"https:\/\/feda.org\/feda2k16\/#\/schema\/person\/b39486343e189c77e58d02641385fe29"},"headline":"David Lari\u00f1o y Alba De Lomas campeones de Espa\u00f1a de Ajedrez R\u00e1pido de parejas mixtas.","datePublished":"2025-12-21T22:35:56+00:00","dateModified":"2025-12-21T22:46:30+00:00","mainEntityOfPage":{"@id":"https:\/\/feda.org\/feda2k16\/david-larino-y-alba-de-lomas-campeones-de-espana-de-ajedrez-rapido-de-parejas-mixtas\/"},"wordCount":97,"publisher":{"@id":"https:\/\/feda.org\/feda2k16\/#organization"},"image":{"@id":"https:\/\/feda.org\/feda2k16\/david-larino-y-alba-de-lomas-campeones-de-espana-de-ajedrez-rapido-de-parejas-mixtas\/#primaryimage"},"thumbnailUrl":"https:\/\/feda.org\/feda2k16\/wp-content\/uploads\/Imagen-de-WhatsApp-2025-12-21-a-las-14.29.48_1f751df0.jpg","articleSection":["Noticias"],"inLanguage":"es"},{"@type":"WebPage","@id":"https:\/\/feda.org\/feda2k16\/david-larino-y-alba-de-lomas-campeones-de-espana-de-ajedrez-rapido-de-parejas-mixtas\/","url":"https:\/\/feda.org\/feda2k16\/david-larino-y-alba-de-lomas-campeones-de-espana-de-ajedrez-rapido-de-parejas-mixtas\/","name":"David Lari\u00f1o y Alba De Lomas campeones de Espa\u00f1a de Ajedrez R\u00e1pido de parejas mixtas. - FEDA","isPartOf":{"@id":"https:\/\/feda.org\/feda2k16\/#website"},"primaryImageOfPage":{"@id":"https:\/\/feda.org\/feda2k16\/david-larino-y-alba-de-lomas-campeones-de-espana-de-ajedrez-rapido-de-parejas-mixtas\/#primaryimage"},"image":{"@id":"https:\/\/feda.org\/feda2k16\/david-larino-y-alba-de-lomas-campeones-de-espana-de-ajedrez-rapido-de-parejas-mixtas\/#primaryimage"},"thumbnailUrl":"https:\/\/feda.org\/feda2k16\/wp-content\/uploads\/Imagen-de-WhatsApp-2025-12-21-a-las-14.29.48_1f751df0.jpg","datePublished":"2025-12-21T22:35:56+00:00","dateModified":"2025-12-21T22:46:30+00:00","description":"FEDA, Federaci\u00f3n Espa\u00f1ola de Ajedrez, ajedrez madrid, federarse ajedrez, campeonato de Espa\u00f1a de ajedrez, ajedrez","breadcrumb":{"@id":"https:\/\/feda.org\/feda2k16\/david-larino-y-alba-de-lomas-campeones-de-espana-de-ajedrez-rapido-de-parejas-mixtas\/#breadcrumb"},"inLanguage":"es","potentialAction":[{"@type":"ReadAction","target":["https:\/\/feda.org\/feda2k16\/david-larino-y-alba-de-lomas-campeones-de-espana-de-ajedrez-rapido-de-parejas-mixtas\/"]}]},{"@type":"ImageObject","inLanguage":"es","@id":"https:\/\/feda.org\/feda2k16\/david-larino-y-alba-de-lomas-campeones-de-espana-de-ajedrez-rapido-de-parejas-mixtas\/#primaryimage","url":"https:\/\/feda.org\/feda2k16\/wp-content\/uploads\/Imagen-de-WhatsApp-2025-12-21-a-las-14.29.48_1f751df0.jpg","contentUrl":"https:\/\/feda.org\/feda2k16\/wp-content\/uploads\/Imagen-de-WhatsApp-2025-12-21-a-las-14.29.48_1f751df0.jpg","width":1600,"height":720},{"@type":"BreadcrumbList","@id":"https:\/\/feda.org\/feda2k16\/david-larino-y-alba-de-lomas-campeones-de-espana-de-ajedrez-rapido-de-parejas-mixtas\/#breadcrumb","itemListElement":[{"@type":"ListItem","position":1,"name":"Portada","item":"https:\/\/feda.org\/feda2k16\/"},{"@type":"ListItem","position":2,"name":"David Lari\u00f1o y Alba De Lomas campeones de Espa\u00f1a de Ajedrez R\u00e1pido de parejas mixtas."}]},{"@type":"WebSite","@id":"https:\/\/feda.org\/feda2k16\/#website","url":"https:\/\/feda.org\/feda2k16\/","name":"FEDA","description":"Federaci\u00f3n Espa\u00f1ola de Ajedrez","publisher":{"@id":"https:\/\/feda.org\/feda2k16\/#organization"},"alternateName":"Federaci\u00f3n Espa\u00f1ola de Ajedrez","potentialAction":[{"@type":"SearchAction","target":{"@type":"EntryPoint","urlTemplate":"https:\/\/feda.org\/feda2k16\/?s={search_term_string}"},"query-input":{"@type":"PropertyValueSpecification","valueRequired":true,"valueName":"search_term_string"}}],"inLanguage":"es"},{"@type":"Organization","@id":"https:\/\/feda.org\/feda2k16\/#organization","name":"FEDA","alternateName":"Federaci\u00f3n Espa\u00f1ola de Ajedrez","url":"https:\/\/feda.org\/feda2k16\/","logo":{"@type":"ImageObject","inLanguage":"es","@id":"https:\/\/feda.org\/feda2k16\/#\/schema\/logo\/image\/","url":"https:\/\/feda.org\/feda2k16\/wp-content\/uploads\/NuevoLogo_FEDA_2016.png","contentUrl":"https:\/\/feda.org\/feda2k16\/wp-content\/uploads\/NuevoLogo_FEDA_2016.png","width":600,"height":600,"caption":"FEDA"},"image":{"@id":"https:\/\/feda.org\/feda2k16\/#\/schema\/logo\/image\/"},"sameAs":["https:\/\/www.facebook.com\/federacionespanoladeajedrez\/","https:\/\/x.com\/AjedrezEspanola","https:\/\/www.instagram.com\/federacionespanolaajedrez\/?hl=es","https:\/\/www.youtube.com\/@FederacionEspanoladeAjedrezFED\/featured"]},{"@type":"Person","@id":"https:\/\/feda.org\/feda2k16\/#\/schema\/person\/b39486343e189c77e58d02641385fe29","name":"elefante66","url":"https:\/\/feda.org\/feda2k16\/author\/elefante66\/"}]}},"_links":{"self":[{"href":"https:\/\/feda.org\/feda2k16\/wp-json\/wp\/v2\/posts\/27597","targetHints":{"allow":["GET"]}}],"collection":[{"href":"https:\/\/feda.org\/feda2k16\/wp-json\/wp\/v2\/posts"}],"about":[{"href":"https:\/\/feda.org\/feda2k16\/wp-json\/wp\/v2\/types\/post"}],"author":[{"embeddable":true,"href":"https:\/\/feda.org\/feda2k16\/wp-json\/wp\/v2\/users\/5"}],"replies":[{"embeddable":true,"href":"https:\/\/feda.org\/feda2k16\/wp-json\/wp\/v2\/comments?post=27597"}],"version-history":[{"count":2,"href":"https:\/\/feda.org\/feda2k16\/wp-json\/wp\/v2\/posts\/27597\/revisions"}],"predecessor-version":[{"id":27603,"href":"https:\/\/feda.org\/feda2k16\/wp-json\/wp\/v2\/posts\/27597\/revisions\/27603"}],"wp:attachment":[{"href":"https:\/\/feda.org\/feda2k16\/wp-json\/wp\/v2\/media?parent=27597"}],"wp:term":[{"taxonomy":"category","embeddable":true,"href":"https:\/\/feda.org\/feda2k16\/wp-json\/wp\/v2\/categories?post=27597"},{"taxonomy":"post_tag","embeddable":true,"href":"https:\/\/feda.org\/feda2k16\/wp-json\/wp\/v2\/tags?post=27597"}],"curies":[{"name":"wp","href":"https:\/\/api.w.org\/{rel}","templated":true}]}}