{"id":27607,"date":"2025-12-25T13:05:22","date_gmt":"2025-12-25T13:05:22","guid":{"rendered":"https:\/\/feda.org\/feda2k16\/?p=27607"},"modified":"2025-12-25T13:06:45","modified_gmt":"2025-12-25T13:06:45","slug":"campeonato-del-mundo-individual-de-ajedrez-rapido-y-relampago-fide-qatar-2025","status":"publish","type":"post","link":"https:\/\/feda.org\/feda2k16\/campeonato-del-mundo-individual-de-ajedrez-rapido-y-relampago-fide-qatar-2025\/","title":{"rendered":"Campeonato del Mundo Individual de Ajedrez R\u00e1pido y Rel\u00e1mpago FIDE. Qatar 2025."},"content":{"rendered":"<div class=\"wp-block-image\">\n<figure class=\"aligncenter size-full\"><img decoding=\"async\" width=\"300\" height=\"151\" src=\"https:\/\/feda.org\/feda2k16\/wp-content\/uploads\/logo_h_300.png\" alt=\"\" class=\"wp-image-27608\"\/><\/figure>\n<\/div>\n\n\n<p>\u00a0<\/p>\n<p>El Campeonato Mundial de Ajedrez R\u00e1pido y Blitz de la FIDE 2025 se celebrar\u00e1 en Doha, Catar, del 25 al 30 de diciembre, reuniendo a la \u00e9lite mundial del ajedrez. Se va a celebrar en las instalaciones del\u00a0 Complejo Deportivo y de Eventos de la Universidad de Qatar. Espa\u00f1a cuenta con una buena participaci\u00f3n en el Open (ranking inicial): GM Jaime Santos, GM David Ant\u00f3n, GM Eduardo Iturrizaga, GM Maksim Chigaev, GM Alan Pichot, GM Jos\u00e9 Carlos Ibarra. Por otra parte, participan tambien en el grupo de las Mujeres, la IM Sarasadat Khademalsharieh, WFM Adhara Rodr\u00edguez y WFM Rebeca Jim\u00e9nez.\u00a0 Desde la Federaci\u00f3n Espa\u00f1ola de Ajedrez les deseamos \u00e9xito a nuestros 9 jugadores. Pueden seguirlos en los siguientes enlaces;<\/p>\n<p style=\"text-align: center;\">Web Oficial:\u00a0 <a href=\"https:\/\/worldrapidandblitz2025.fide.com\/\">QATAR 2025<\/a><\/p>\n<p style=\"text-align: center;\">Retransmisi\u00f3n en directo: <a href=\"https:\/\/lichess.org\/broadcast\/fide-world-rapid--blitz-championships-2025--rapid-open-1-30\/round-1\/npYxSnZE\">IN LIVE<\/a><\/p>\n<p style=\"text-align: center;\">Chess-results; <a href=\"https:\/\/s3.chess-results.com\/tnr1313074.aspx?lan=2&amp;art=13&amp;turdet=YES&amp;flag=30&amp;SNode=S0\">OPEN<\/a> \u00ac <a href=\"https:\/\/s1.chess-results.com\/tnr1313075.aspx?lan=2&amp;art=0&amp;turdet=YES&amp;flag=30&amp;SNode=S0\">WOMEN<\/a><\/p>\n","protected":false},"excerpt":{"rendered":"<p>\u00a0 El Campeonato Mundial de Ajedrez R\u00e1pido y Blitz de la FIDE 2025 se celebrar\u00e1 en Doha, Catar, del 25 al 30 de diciembre, reuniendo a la \u00e9lite mundial del ajedrez. Se va a celebrar en las instalaciones del\u00a0 Complejo Deportivo y de Eventos de la Universidad de Qatar. Espa\u00f1a cuenta con una buena participaci\u00f3n [&hellip;]<\/p>\n","protected":false},"author":5,"featured_media":0,"comment_status":"closed","ping_status":"closed","sticky":false,"template":"","format":"standard","meta":{"footnotes":""},"categories":[16],"tags":[],"class_list":["post-27607","post","type-post","status-publish","format-standard","hentry","category-noticias"],"yoast_head":"<!-- This site is optimized with the Yoast SEO plugin v27.4 - https:\/\/yoast.com\/product\/yoast-seo-wordpress\/ -->\n<title>Campeonato del Mundo Individual de Ajedrez R\u00e1pido y Rel\u00e1mpago FIDE. Qatar 2025. - FEDA<\/title>\n<meta name=\"description\" content=\"FEDA, Federaci\u00f3n Espa\u00f1ola de Ajedrez, ajedrez madrid, federarse ajedrez, campeonato de Espa\u00f1a de ajedrez, ajedrez\" \/>\n<meta name=\"robots\" content=\"index, follow, max-snippet:-1, max-image-preview:large, max-video-preview:-1\" \/>\n<link rel=\"canonical\" href=\"https:\/\/feda.org\/feda2k16\/campeonato-del-mundo-individual-de-ajedrez-rapido-y-relampago-fide-qatar-2025\/\" \/>\n<meta property=\"og:locale\" content=\"es_ES\" \/>\n<meta property=\"og:type\" content=\"article\" \/>\n<meta property=\"og:title\" content=\"Campeonato del Mundo Individual de Ajedrez R\u00e1pido y Rel\u00e1mpago FIDE. Qatar 2025. - FEDA\" \/>\n<meta property=\"og:description\" content=\"FEDA, Federaci\u00f3n Espa\u00f1ola de Ajedrez, ajedrez madrid, federarse ajedrez, campeonato de Espa\u00f1a de ajedrez, ajedrez\" \/>\n<meta property=\"og:url\" content=\"https:\/\/feda.org\/feda2k16\/campeonato-del-mundo-individual-de-ajedrez-rapido-y-relampago-fide-qatar-2025\/\" \/>\n<meta property=\"og:site_name\" content=\"FEDA\" \/>\n<meta property=\"article:publisher\" content=\"https:\/\/www.facebook.com\/federacionespanoladeajedrez\/\" \/>\n<meta property=\"article:published_time\" content=\"2025-12-25T13:05:22+00:00\" \/>\n<meta property=\"article:modified_time\" content=\"2025-12-25T13:06:45+00:00\" \/>\n<meta property=\"og:image\" content=\"https:\/\/feda.org\/feda2k16\/wp-content\/uploads\/logo_h_300.png\" \/>\n\t<meta property=\"og:image:width\" content=\"300\" \/>\n\t<meta property=\"og:image:height\" content=\"151\" \/>\n\t<meta property=\"og:image:type\" content=\"image\/png\" \/>\n<meta name=\"author\" content=\"elefante66\" \/>\n<meta name=\"twitter:card\" content=\"summary_large_image\" \/>\n<meta name=\"twitter:creator\" content=\"@AjedrezEspanola\" \/>\n<meta name=\"twitter:site\" content=\"@AjedrezEspanola\" \/>\n<meta name=\"twitter:label1\" content=\"Escrito por\" \/>\n\t<meta name=\"twitter:data1\" content=\"elefante66\" \/>\n\t<meta name=\"twitter:label2\" content=\"Tiempo de lectura\" \/>\n\t<meta name=\"twitter:data2\" content=\"1 minuto\" \/>\n<script type=\"application\/ld+json\" class=\"yoast-schema-graph\">{\"@context\":\"https:\\\/\\\/schema.org\",\"@graph\":[{\"@type\":\"Article\",\"@id\":\"https:\\\/\\\/feda.org\\\/feda2k16\\\/campeonato-del-mundo-individual-de-ajedrez-rapido-y-relampago-fide-qatar-2025\\\/#article\",\"isPartOf\":{\"@id\":\"https:\\\/\\\/feda.org\\\/feda2k16\\\/campeonato-del-mundo-individual-de-ajedrez-rapido-y-relampago-fide-qatar-2025\\\/\"},\"author\":{\"name\":\"elefante66\",\"@id\":\"https:\\\/\\\/feda.org\\\/feda2k16\\\/#\\\/schema\\\/person\\\/b39486343e189c77e58d02641385fe29\"},\"headline\":\"Campeonato del Mundo Individual de Ajedrez R\u00e1pido y Rel\u00e1mpago FIDE. Qatar 2025.\",\"datePublished\":\"2025-12-25T13:05:22+00:00\",\"dateModified\":\"2025-12-25T13:06:45+00:00\",\"mainEntityOfPage\":{\"@id\":\"https:\\\/\\\/feda.org\\\/feda2k16\\\/campeonato-del-mundo-individual-de-ajedrez-rapido-y-relampago-fide-qatar-2025\\\/\"},\"wordCount\":148,\"publisher\":{\"@id\":\"https:\\\/\\\/feda.org\\\/feda2k16\\\/#organization\"},\"image\":{\"@id\":\"https:\\\/\\\/feda.org\\\/feda2k16\\\/campeonato-del-mundo-individual-de-ajedrez-rapido-y-relampago-fide-qatar-2025\\\/#primaryimage\"},\"thumbnailUrl\":\"https:\\\/\\\/feda.org\\\/feda2k16\\\/wp-content\\\/uploads\\\/logo_h_300.png\",\"articleSection\":[\"Noticias\"],\"inLanguage\":\"es\"},{\"@type\":\"WebPage\",\"@id\":\"https:\\\/\\\/feda.org\\\/feda2k16\\\/campeonato-del-mundo-individual-de-ajedrez-rapido-y-relampago-fide-qatar-2025\\\/\",\"url\":\"https:\\\/\\\/feda.org\\\/feda2k16\\\/campeonato-del-mundo-individual-de-ajedrez-rapido-y-relampago-fide-qatar-2025\\\/\",\"name\":\"Campeonato del Mundo Individual de Ajedrez R\u00e1pido y Rel\u00e1mpago FIDE. Qatar 2025. - FEDA\",\"isPartOf\":{\"@id\":\"https:\\\/\\\/feda.org\\\/feda2k16\\\/#website\"},\"primaryImageOfPage\":{\"@id\":\"https:\\\/\\\/feda.org\\\/feda2k16\\\/campeonato-del-mundo-individual-de-ajedrez-rapido-y-relampago-fide-qatar-2025\\\/#primaryimage\"},\"image\":{\"@id\":\"https:\\\/\\\/feda.org\\\/feda2k16\\\/campeonato-del-mundo-individual-de-ajedrez-rapido-y-relampago-fide-qatar-2025\\\/#primaryimage\"},\"thumbnailUrl\":\"https:\\\/\\\/feda.org\\\/feda2k16\\\/wp-content\\\/uploads\\\/logo_h_300.png\",\"datePublished\":\"2025-12-25T13:05:22+00:00\",\"dateModified\":\"2025-12-25T13:06:45+00:00\",\"description\":\"FEDA, Federaci\u00f3n Espa\u00f1ola de Ajedrez, ajedrez madrid, federarse ajedrez, campeonato de Espa\u00f1a de ajedrez, ajedrez\",\"breadcrumb\":{\"@id\":\"https:\\\/\\\/feda.org\\\/feda2k16\\\/campeonato-del-mundo-individual-de-ajedrez-rapido-y-relampago-fide-qatar-2025\\\/#breadcrumb\"},\"inLanguage\":\"es\",\"potentialAction\":[{\"@type\":\"ReadAction\",\"target\":[\"https:\\\/\\\/feda.org\\\/feda2k16\\\/campeonato-del-mundo-individual-de-ajedrez-rapido-y-relampago-fide-qatar-2025\\\/\"]}]},{\"@type\":\"ImageObject\",\"inLanguage\":\"es\",\"@id\":\"https:\\\/\\\/feda.org\\\/feda2k16\\\/campeonato-del-mundo-individual-de-ajedrez-rapido-y-relampago-fide-qatar-2025\\\/#primaryimage\",\"url\":\"https:\\\/\\\/feda.org\\\/feda2k16\\\/wp-content\\\/uploads\\\/logo_h_300.png\",\"contentUrl\":\"https:\\\/\\\/feda.org\\\/feda2k16\\\/wp-content\\\/uploads\\\/logo_h_300.png\",\"width\":300,\"height\":151},{\"@type\":\"BreadcrumbList\",\"@id\":\"https:\\\/\\\/feda.org\\\/feda2k16\\\/campeonato-del-mundo-individual-de-ajedrez-rapido-y-relampago-fide-qatar-2025\\\/#breadcrumb\",\"itemListElement\":[{\"@type\":\"ListItem\",\"position\":1,\"name\":\"Portada\",\"item\":\"https:\\\/\\\/feda.org\\\/feda2k16\\\/\"},{\"@type\":\"ListItem\",\"position\":2,\"name\":\"Campeonato del Mundo Individual de Ajedrez R\u00e1pido y Rel\u00e1mpago FIDE. Qatar 2025.\"}]},{\"@type\":\"WebSite\",\"@id\":\"https:\\\/\\\/feda.org\\\/feda2k16\\\/#website\",\"url\":\"https:\\\/\\\/feda.org\\\/feda2k16\\\/\",\"name\":\"FEDA\",\"description\":\"Federaci\u00f3n Espa\u00f1ola de Ajedrez\",\"publisher\":{\"@id\":\"https:\\\/\\\/feda.org\\\/feda2k16\\\/#organization\"},\"alternateName\":\"Federaci\u00f3n Espa\u00f1ola de Ajedrez\",\"potentialAction\":[{\"@type\":\"SearchAction\",\"target\":{\"@type\":\"EntryPoint\",\"urlTemplate\":\"https:\\\/\\\/feda.org\\\/feda2k16\\\/?s={search_term_string}\"},\"query-input\":{\"@type\":\"PropertyValueSpecification\",\"valueRequired\":true,\"valueName\":\"search_term_string\"}}],\"inLanguage\":\"es\"},{\"@type\":\"Organization\",\"@id\":\"https:\\\/\\\/feda.org\\\/feda2k16\\\/#organization\",\"name\":\"FEDA\",\"alternateName\":\"Federaci\u00f3n Espa\u00f1ola de Ajedrez\",\"url\":\"https:\\\/\\\/feda.org\\\/feda2k16\\\/\",\"logo\":{\"@type\":\"ImageObject\",\"inLanguage\":\"es\",\"@id\":\"https:\\\/\\\/feda.org\\\/feda2k16\\\/#\\\/schema\\\/logo\\\/image\\\/\",\"url\":\"https:\\\/\\\/feda.org\\\/feda2k16\\\/wp-content\\\/uploads\\\/NuevoLogo_FEDA_2016.png\",\"contentUrl\":\"https:\\\/\\\/feda.org\\\/feda2k16\\\/wp-content\\\/uploads\\\/NuevoLogo_FEDA_2016.png\",\"width\":600,\"height\":600,\"caption\":\"FEDA\"},\"image\":{\"@id\":\"https:\\\/\\\/feda.org\\\/feda2k16\\\/#\\\/schema\\\/logo\\\/image\\\/\"},\"sameAs\":[\"https:\\\/\\\/www.facebook.com\\\/federacionespanoladeajedrez\\\/\",\"https:\\\/\\\/x.com\\\/AjedrezEspanola\",\"https:\\\/\\\/www.instagram.com\\\/federacionespanolaajedrez\\\/?hl=es\",\"https:\\\/\\\/www.youtube.com\\\/@FederacionEspanoladeAjedrezFED\\\/featured\"]},{\"@type\":\"Person\",\"@id\":\"https:\\\/\\\/feda.org\\\/feda2k16\\\/#\\\/schema\\\/person\\\/b39486343e189c77e58d02641385fe29\",\"name\":\"elefante66\",\"url\":\"https:\\\/\\\/feda.org\\\/feda2k16\\\/author\\\/elefante66\\\/\"}]}<\/script>\n<!-- \/ Yoast SEO plugin. -->","yoast_head_json":{"title":"Campeonato del Mundo Individual de Ajedrez R\u00e1pido y Rel\u00e1mpago FIDE. Qatar 2025. - FEDA","description":"FEDA, Federaci\u00f3n Espa\u00f1ola de Ajedrez, ajedrez madrid, federarse ajedrez, campeonato de Espa\u00f1a de ajedrez, ajedrez","robots":{"index":"index","follow":"follow","max-snippet":"max-snippet:-1","max-image-preview":"max-image-preview:large","max-video-preview":"max-video-preview:-1"},"canonical":"https:\/\/feda.org\/feda2k16\/campeonato-del-mundo-individual-de-ajedrez-rapido-y-relampago-fide-qatar-2025\/","og_locale":"es_ES","og_type":"article","og_title":"Campeonato del Mundo Individual de Ajedrez R\u00e1pido y Rel\u00e1mpago FIDE. Qatar 2025. - FEDA","og_description":"FEDA, Federaci\u00f3n Espa\u00f1ola de Ajedrez, ajedrez madrid, federarse ajedrez, campeonato de Espa\u00f1a de ajedrez, ajedrez","og_url":"https:\/\/feda.org\/feda2k16\/campeonato-del-mundo-individual-de-ajedrez-rapido-y-relampago-fide-qatar-2025\/","og_site_name":"FEDA","article_publisher":"https:\/\/www.facebook.com\/federacionespanoladeajedrez\/","article_published_time":"2025-12-25T13:05:22+00:00","article_modified_time":"2025-12-25T13:06:45+00:00","og_image":[{"width":300,"height":151,"url":"https:\/\/feda.org\/feda2k16\/wp-content\/uploads\/logo_h_300.png","type":"image\/png"}],"author":"elefante66","twitter_card":"summary_large_image","twitter_creator":"@AjedrezEspanola","twitter_site":"@AjedrezEspanola","twitter_misc":{"Escrito por":"elefante66","Tiempo de lectura":"1 minuto"},"schema":{"@context":"https:\/\/schema.org","@graph":[{"@type":"Article","@id":"https:\/\/feda.org\/feda2k16\/campeonato-del-mundo-individual-de-ajedrez-rapido-y-relampago-fide-qatar-2025\/#article","isPartOf":{"@id":"https:\/\/feda.org\/feda2k16\/campeonato-del-mundo-individual-de-ajedrez-rapido-y-relampago-fide-qatar-2025\/"},"author":{"name":"elefante66","@id":"https:\/\/feda.org\/feda2k16\/#\/schema\/person\/b39486343e189c77e58d02641385fe29"},"headline":"Campeonato del Mundo Individual de Ajedrez R\u00e1pido y Rel\u00e1mpago FIDE. Qatar 2025.","datePublished":"2025-12-25T13:05:22+00:00","dateModified":"2025-12-25T13:06:45+00:00","mainEntityOfPage":{"@id":"https:\/\/feda.org\/feda2k16\/campeonato-del-mundo-individual-de-ajedrez-rapido-y-relampago-fide-qatar-2025\/"},"wordCount":148,"publisher":{"@id":"https:\/\/feda.org\/feda2k16\/#organization"},"image":{"@id":"https:\/\/feda.org\/feda2k16\/campeonato-del-mundo-individual-de-ajedrez-rapido-y-relampago-fide-qatar-2025\/#primaryimage"},"thumbnailUrl":"https:\/\/feda.org\/feda2k16\/wp-content\/uploads\/logo_h_300.png","articleSection":["Noticias"],"inLanguage":"es"},{"@type":"WebPage","@id":"https:\/\/feda.org\/feda2k16\/campeonato-del-mundo-individual-de-ajedrez-rapido-y-relampago-fide-qatar-2025\/","url":"https:\/\/feda.org\/feda2k16\/campeonato-del-mundo-individual-de-ajedrez-rapido-y-relampago-fide-qatar-2025\/","name":"Campeonato del Mundo Individual de Ajedrez R\u00e1pido y Rel\u00e1mpago FIDE. Qatar 2025. - FEDA","isPartOf":{"@id":"https:\/\/feda.org\/feda2k16\/#website"},"primaryImageOfPage":{"@id":"https:\/\/feda.org\/feda2k16\/campeonato-del-mundo-individual-de-ajedrez-rapido-y-relampago-fide-qatar-2025\/#primaryimage"},"image":{"@id":"https:\/\/feda.org\/feda2k16\/campeonato-del-mundo-individual-de-ajedrez-rapido-y-relampago-fide-qatar-2025\/#primaryimage"},"thumbnailUrl":"https:\/\/feda.org\/feda2k16\/wp-content\/uploads\/logo_h_300.png","datePublished":"2025-12-25T13:05:22+00:00","dateModified":"2025-12-25T13:06:45+00:00","description":"FEDA, Federaci\u00f3n Espa\u00f1ola de Ajedrez, ajedrez madrid, federarse ajedrez, campeonato de Espa\u00f1a de ajedrez, ajedrez","breadcrumb":{"@id":"https:\/\/feda.org\/feda2k16\/campeonato-del-mundo-individual-de-ajedrez-rapido-y-relampago-fide-qatar-2025\/#breadcrumb"},"inLanguage":"es","potentialAction":[{"@type":"ReadAction","target":["https:\/\/feda.org\/feda2k16\/campeonato-del-mundo-individual-de-ajedrez-rapido-y-relampago-fide-qatar-2025\/"]}]},{"@type":"ImageObject","inLanguage":"es","@id":"https:\/\/feda.org\/feda2k16\/campeonato-del-mundo-individual-de-ajedrez-rapido-y-relampago-fide-qatar-2025\/#primaryimage","url":"https:\/\/feda.org\/feda2k16\/wp-content\/uploads\/logo_h_300.png","contentUrl":"https:\/\/feda.org\/feda2k16\/wp-content\/uploads\/logo_h_300.png","width":300,"height":151},{"@type":"BreadcrumbList","@id":"https:\/\/feda.org\/feda2k16\/campeonato-del-mundo-individual-de-ajedrez-rapido-y-relampago-fide-qatar-2025\/#breadcrumb","itemListElement":[{"@type":"ListItem","position":1,"name":"Portada","item":"https:\/\/feda.org\/feda2k16\/"},{"@type":"ListItem","position":2,"name":"Campeonato del Mundo Individual de Ajedrez R\u00e1pido y Rel\u00e1mpago FIDE. Qatar 2025."}]},{"@type":"WebSite","@id":"https:\/\/feda.org\/feda2k16\/#website","url":"https:\/\/feda.org\/feda2k16\/","name":"FEDA","description":"Federaci\u00f3n Espa\u00f1ola de Ajedrez","publisher":{"@id":"https:\/\/feda.org\/feda2k16\/#organization"},"alternateName":"Federaci\u00f3n Espa\u00f1ola de Ajedrez","potentialAction":[{"@type":"SearchAction","target":{"@type":"EntryPoint","urlTemplate":"https:\/\/feda.org\/feda2k16\/?s={search_term_string}"},"query-input":{"@type":"PropertyValueSpecification","valueRequired":true,"valueName":"search_term_string"}}],"inLanguage":"es"},{"@type":"Organization","@id":"https:\/\/feda.org\/feda2k16\/#organization","name":"FEDA","alternateName":"Federaci\u00f3n Espa\u00f1ola de Ajedrez","url":"https:\/\/feda.org\/feda2k16\/","logo":{"@type":"ImageObject","inLanguage":"es","@id":"https:\/\/feda.org\/feda2k16\/#\/schema\/logo\/image\/","url":"https:\/\/feda.org\/feda2k16\/wp-content\/uploads\/NuevoLogo_FEDA_2016.png","contentUrl":"https:\/\/feda.org\/feda2k16\/wp-content\/uploads\/NuevoLogo_FEDA_2016.png","width":600,"height":600,"caption":"FEDA"},"image":{"@id":"https:\/\/feda.org\/feda2k16\/#\/schema\/logo\/image\/"},"sameAs":["https:\/\/www.facebook.com\/federacionespanoladeajedrez\/","https:\/\/x.com\/AjedrezEspanola","https:\/\/www.instagram.com\/federacionespanolaajedrez\/?hl=es","https:\/\/www.youtube.com\/@FederacionEspanoladeAjedrezFED\/featured"]},{"@type":"Person","@id":"https:\/\/feda.org\/feda2k16\/#\/schema\/person\/b39486343e189c77e58d02641385fe29","name":"elefante66","url":"https:\/\/feda.org\/feda2k16\/author\/elefante66\/"}]}},"_links":{"self":[{"href":"https:\/\/feda.org\/feda2k16\/wp-json\/wp\/v2\/posts\/27607","targetHints":{"allow":["GET"]}}],"collection":[{"href":"https:\/\/feda.org\/feda2k16\/wp-json\/wp\/v2\/posts"}],"about":[{"href":"https:\/\/feda.org\/feda2k16\/wp-json\/wp\/v2\/types\/post"}],"author":[{"embeddable":true,"href":"https:\/\/feda.org\/feda2k16\/wp-json\/wp\/v2\/users\/5"}],"replies":[{"embeddable":true,"href":"https:\/\/feda.org\/feda2k16\/wp-json\/wp\/v2\/comments?post=27607"}],"version-history":[{"count":2,"href":"https:\/\/feda.org\/feda2k16\/wp-json\/wp\/v2\/posts\/27607\/revisions"}],"predecessor-version":[{"id":27610,"href":"https:\/\/feda.org\/feda2k16\/wp-json\/wp\/v2\/posts\/27607\/revisions\/27610"}],"wp:attachment":[{"href":"https:\/\/feda.org\/feda2k16\/wp-json\/wp\/v2\/media?parent=27607"}],"wp:term":[{"taxonomy":"category","embeddable":true,"href":"https:\/\/feda.org\/feda2k16\/wp-json\/wp\/v2\/categories?post=27607"},{"taxonomy":"post_tag","embeddable":true,"href":"https:\/\/feda.org\/feda2k16\/wp-json\/wp\/v2\/tags?post=27607"}],"curies":[{"name":"wp","href":"https:\/\/api.w.org\/{rel}","templated":true}]}}