{"id":27630,"date":"2026-01-05T23:33:14","date_gmt":"2026-01-05T23:33:14","guid":{"rendered":"https:\/\/feda.org\/feda2k16\/?p=27630"},"modified":"2026-01-13T10:12:07","modified_gmt":"2026-01-13T10:12:07","slug":"campeonato-europeo-femenino-de-ajedrez-rapido-y-relampago-en-monaco-3","status":"publish","type":"post","link":"https:\/\/feda.org\/feda2k16\/campeonato-europeo-femenino-de-ajedrez-rapido-y-relampago-en-monaco-3\/","title":{"rendered":"Campeonato Europeo Femenino de Ajedrez R\u00e1pido y Rel\u00e1mpago en M\u00f3naco."},"content":{"rendered":"\n<p><img fetchpriority=\"high\" decoding=\"async\" class=\"alignnone size-full wp-image-27638\" src=\"https:\/\/feda.org\/feda2k16\/wp-content\/uploads\/PAT_9633-scaled.jpg\" alt=\"\" width=\"2560\" height=\"1596\" srcset=\"https:\/\/feda.org\/feda2k16\/wp-content\/uploads\/PAT_9633-scaled.jpg 2560w, https:\/\/feda.org\/feda2k16\/wp-content\/uploads\/PAT_9633-768x479.jpg 768w, https:\/\/feda.org\/feda2k16\/wp-content\/uploads\/PAT_9633-1536x958.jpg 1536w, https:\/\/feda.org\/feda2k16\/wp-content\/uploads\/PAT_9633-2048x1277.jpg 2048w\" sizes=\"(max-width: 2560px) 100vw, 2560px\" \/><\/p>\n\n\n\n<p style=\"text-align: center;\">Del 8 al 12 de enero del 2026, se va a llevar a cabo el Campeonato de Europa Individual Femenino de Ajedrez R\u00e1pido y Rel\u00e1mpago 2025 en M\u00f3naco. El Campeonato se realizar\u00e1 en las instalaciones del Hotel Novotel, 16 BD Princesse Charlotte, 98000 M\u00f3naco. Desde la Federaci\u00f3n Espa\u00f1ola de Ajedrez les deseamos mucha suerte al Equipo Espa\u00f1ol que participara.\u00a0\u00a0<\/p>\n<p style=\"text-align: center;\">Seguir a las Jugadoras Espa\u00f1olas en los siguientes enlaces:<\/p>\n<p style=\"text-align: center;\">Web Oficial: <a href=\"https:\/\/www.europechess.org\/european-womens-rapid-blitz-chess-championship-2025-official-regulations\/\">European Chess Union<\/a><\/p>\n<p style=\"text-align: center;\">Chess-results:\u00a0<a href=\"https:\/\/s3.chess-results.com\/tnr1312066.aspx?lan=2&amp;art=25&amp;fedb=ESP&amp;SNode=S0\">ESPA\u00d1A BLITZ<\/a><\/p>\n<p style=\"text-align: center;\">Chess-results:\u00a0<a href=\"https:\/\/s3.chess-results.com\/tnr1227721.aspx?lan=2&amp;art=25&amp;fedb=ESP&amp;SNode=S0\">ESPA\u00d1A RAPID<\/a><\/p>\n<p>\u00a0<\/p>\n<p><img decoding=\"async\" class=\"alignnone size-full wp-image-27642\" src=\"https:\/\/feda.org\/feda2k16\/wp-content\/uploads\/PAT_0179-scaled.jpg\" alt=\"\" width=\"2560\" height=\"1707\" srcset=\"https:\/\/feda.org\/feda2k16\/wp-content\/uploads\/PAT_0179-scaled.jpg 2560w, https:\/\/feda.org\/feda2k16\/wp-content\/uploads\/PAT_0179-768x512.jpg 768w, https:\/\/feda.org\/feda2k16\/wp-content\/uploads\/PAT_0179-1536x1024.jpg 1536w, https:\/\/feda.org\/feda2k16\/wp-content\/uploads\/PAT_0179-2048x1365.jpg 2048w\" sizes=\"(max-width: 2560px) 100vw, 2560px\" \/><\/p>\n<p>Enhorabuena a WIM Karen Zapata Campos gano un premio especial en el Campeonato Blitz y WFM Cecilia Guillo Longares tambi\u00e9n obtuvo un premio especial en el Campeonato R\u00e1pido.<\/p>\n\n\n\n\n","protected":false},"excerpt":{"rendered":"<p>Del 8 al 12 de enero del 2026, se va a llevar a cabo el Campeonato de Europa Individual Femenino de Ajedrez R\u00e1pido y Rel\u00e1mpago 2025 en M\u00f3naco. El Campeonato se realizar\u00e1 en las instalaciones del Hotel Novotel, 16 BD Princesse Charlotte, 98000 M\u00f3naco. Desde la Federaci\u00f3n Espa\u00f1ola de Ajedrez les deseamos mucha suerte al [&hellip;]<\/p>\n","protected":false},"author":5,"featured_media":0,"comment_status":"closed","ping_status":"closed","sticky":false,"template":"","format":"standard","meta":{"footnotes":""},"categories":[16],"tags":[],"class_list":["post-27630","post","type-post","status-publish","format-standard","hentry","category-noticias"],"yoast_head":"<!-- This site is optimized with the Yoast SEO plugin v27.5 - https:\/\/yoast.com\/product\/yoast-seo-wordpress\/ -->\n<title>Campeonato Europeo Femenino de Ajedrez R\u00e1pido y Rel\u00e1mpago en M\u00f3naco. - FEDA<\/title>\n<meta name=\"description\" content=\"FEDA, Federaci\u00f3n Espa\u00f1ola de Ajedrez, ajedrez madrid, federarse ajedrez, campeonato de Espa\u00f1a de ajedrez, ajedrez\" \/>\n<meta name=\"robots\" content=\"index, follow, max-snippet:-1, max-image-preview:large, max-video-preview:-1\" \/>\n<link rel=\"canonical\" href=\"https:\/\/feda.org\/feda2k16\/campeonato-europeo-femenino-de-ajedrez-rapido-y-relampago-en-monaco-3\/\" \/>\n<meta property=\"og:locale\" content=\"es_ES\" \/>\n<meta property=\"og:type\" content=\"article\" \/>\n<meta property=\"og:title\" content=\"Campeonato Europeo Femenino de Ajedrez R\u00e1pido y Rel\u00e1mpago en M\u00f3naco. - FEDA\" \/>\n<meta property=\"og:description\" content=\"FEDA, Federaci\u00f3n Espa\u00f1ola de Ajedrez, ajedrez madrid, federarse ajedrez, campeonato de Espa\u00f1a de ajedrez, ajedrez\" \/>\n<meta property=\"og:url\" content=\"https:\/\/feda.org\/feda2k16\/campeonato-europeo-femenino-de-ajedrez-rapido-y-relampago-en-monaco-3\/\" \/>\n<meta property=\"og:site_name\" content=\"FEDA\" \/>\n<meta property=\"article:publisher\" content=\"https:\/\/www.facebook.com\/federacionespanoladeajedrez\/\" \/>\n<meta property=\"article:published_time\" content=\"2026-01-05T23:33:14+00:00\" \/>\n<meta property=\"article:modified_time\" content=\"2026-01-13T10:12:07+00:00\" \/>\n<meta property=\"og:image\" content=\"https:\/\/feda.org\/feda2k16\/wp-content\/uploads\/PAT_9633-scaled.jpg\" \/>\n\t<meta property=\"og:image:width\" content=\"2560\" \/>\n\t<meta property=\"og:image:height\" content=\"1596\" \/>\n\t<meta property=\"og:image:type\" content=\"image\/jpeg\" \/>\n<meta name=\"author\" content=\"elefante66\" \/>\n<meta name=\"twitter:card\" content=\"summary_large_image\" \/>\n<meta name=\"twitter:creator\" content=\"@AjedrezEspanola\" \/>\n<meta name=\"twitter:site\" content=\"@AjedrezEspanola\" \/>\n<meta name=\"twitter:label1\" content=\"Escrito por\" \/>\n\t<meta name=\"twitter:data1\" content=\"elefante66\" \/>\n\t<meta name=\"twitter:label2\" content=\"Tiempo de lectura\" \/>\n\t<meta name=\"twitter:data2\" content=\"1 minuto\" \/>\n<script type=\"application\/ld+json\" class=\"yoast-schema-graph\">{\"@context\":\"https:\\\/\\\/schema.org\",\"@graph\":[{\"@type\":\"Article\",\"@id\":\"https:\\\/\\\/feda.org\\\/feda2k16\\\/campeonato-europeo-femenino-de-ajedrez-rapido-y-relampago-en-monaco-3\\\/#article\",\"isPartOf\":{\"@id\":\"https:\\\/\\\/feda.org\\\/feda2k16\\\/campeonato-europeo-femenino-de-ajedrez-rapido-y-relampago-en-monaco-3\\\/\"},\"author\":{\"name\":\"elefante66\",\"@id\":\"https:\\\/\\\/feda.org\\\/feda2k16\\\/#\\\/schema\\\/person\\\/b39486343e189c77e58d02641385fe29\"},\"headline\":\"Campeonato Europeo Femenino de Ajedrez R\u00e1pido y Rel\u00e1mpago en M\u00f3naco.\",\"datePublished\":\"2026-01-05T23:33:14+00:00\",\"dateModified\":\"2026-01-13T10:12:07+00:00\",\"mainEntityOfPage\":{\"@id\":\"https:\\\/\\\/feda.org\\\/feda2k16\\\/campeonato-europeo-femenino-de-ajedrez-rapido-y-relampago-en-monaco-3\\\/\"},\"wordCount\":126,\"publisher\":{\"@id\":\"https:\\\/\\\/feda.org\\\/feda2k16\\\/#organization\"},\"image\":{\"@id\":\"https:\\\/\\\/feda.org\\\/feda2k16\\\/campeonato-europeo-femenino-de-ajedrez-rapido-y-relampago-en-monaco-3\\\/#primaryimage\"},\"thumbnailUrl\":\"https:\\\/\\\/feda.org\\\/feda2k16\\\/wp-content\\\/uploads\\\/PAT_9633-scaled.jpg\",\"articleSection\":[\"Noticias\"],\"inLanguage\":\"es\"},{\"@type\":\"WebPage\",\"@id\":\"https:\\\/\\\/feda.org\\\/feda2k16\\\/campeonato-europeo-femenino-de-ajedrez-rapido-y-relampago-en-monaco-3\\\/\",\"url\":\"https:\\\/\\\/feda.org\\\/feda2k16\\\/campeonato-europeo-femenino-de-ajedrez-rapido-y-relampago-en-monaco-3\\\/\",\"name\":\"Campeonato Europeo Femenino de Ajedrez R\u00e1pido y Rel\u00e1mpago en M\u00f3naco. - FEDA\",\"isPartOf\":{\"@id\":\"https:\\\/\\\/feda.org\\\/feda2k16\\\/#website\"},\"primaryImageOfPage\":{\"@id\":\"https:\\\/\\\/feda.org\\\/feda2k16\\\/campeonato-europeo-femenino-de-ajedrez-rapido-y-relampago-en-monaco-3\\\/#primaryimage\"},\"image\":{\"@id\":\"https:\\\/\\\/feda.org\\\/feda2k16\\\/campeonato-europeo-femenino-de-ajedrez-rapido-y-relampago-en-monaco-3\\\/#primaryimage\"},\"thumbnailUrl\":\"https:\\\/\\\/feda.org\\\/feda2k16\\\/wp-content\\\/uploads\\\/PAT_9633-scaled.jpg\",\"datePublished\":\"2026-01-05T23:33:14+00:00\",\"dateModified\":\"2026-01-13T10:12:07+00:00\",\"description\":\"FEDA, Federaci\u00f3n Espa\u00f1ola de Ajedrez, ajedrez madrid, federarse ajedrez, campeonato de Espa\u00f1a de ajedrez, ajedrez\",\"breadcrumb\":{\"@id\":\"https:\\\/\\\/feda.org\\\/feda2k16\\\/campeonato-europeo-femenino-de-ajedrez-rapido-y-relampago-en-monaco-3\\\/#breadcrumb\"},\"inLanguage\":\"es\",\"potentialAction\":[{\"@type\":\"ReadAction\",\"target\":[\"https:\\\/\\\/feda.org\\\/feda2k16\\\/campeonato-europeo-femenino-de-ajedrez-rapido-y-relampago-en-monaco-3\\\/\"]}]},{\"@type\":\"ImageObject\",\"inLanguage\":\"es\",\"@id\":\"https:\\\/\\\/feda.org\\\/feda2k16\\\/campeonato-europeo-femenino-de-ajedrez-rapido-y-relampago-en-monaco-3\\\/#primaryimage\",\"url\":\"https:\\\/\\\/feda.org\\\/feda2k16\\\/wp-content\\\/uploads\\\/PAT_9633-scaled.jpg\",\"contentUrl\":\"https:\\\/\\\/feda.org\\\/feda2k16\\\/wp-content\\\/uploads\\\/PAT_9633-scaled.jpg\",\"width\":2560,\"height\":1596},{\"@type\":\"BreadcrumbList\",\"@id\":\"https:\\\/\\\/feda.org\\\/feda2k16\\\/campeonato-europeo-femenino-de-ajedrez-rapido-y-relampago-en-monaco-3\\\/#breadcrumb\",\"itemListElement\":[{\"@type\":\"ListItem\",\"position\":1,\"name\":\"Portada\",\"item\":\"https:\\\/\\\/feda.org\\\/feda2k16\\\/\"},{\"@type\":\"ListItem\",\"position\":2,\"name\":\"Campeonato Europeo Femenino de Ajedrez R\u00e1pido y Rel\u00e1mpago en M\u00f3naco.\"}]},{\"@type\":\"WebSite\",\"@id\":\"https:\\\/\\\/feda.org\\\/feda2k16\\\/#website\",\"url\":\"https:\\\/\\\/feda.org\\\/feda2k16\\\/\",\"name\":\"FEDA\",\"description\":\"Federaci\u00f3n Espa\u00f1ola de Ajedrez\",\"publisher\":{\"@id\":\"https:\\\/\\\/feda.org\\\/feda2k16\\\/#organization\"},\"alternateName\":\"Federaci\u00f3n Espa\u00f1ola de Ajedrez\",\"potentialAction\":[{\"@type\":\"SearchAction\",\"target\":{\"@type\":\"EntryPoint\",\"urlTemplate\":\"https:\\\/\\\/feda.org\\\/feda2k16\\\/?s={search_term_string}\"},\"query-input\":{\"@type\":\"PropertyValueSpecification\",\"valueRequired\":true,\"valueName\":\"search_term_string\"}}],\"inLanguage\":\"es\"},{\"@type\":\"Organization\",\"@id\":\"https:\\\/\\\/feda.org\\\/feda2k16\\\/#organization\",\"name\":\"FEDA\",\"alternateName\":\"Federaci\u00f3n Espa\u00f1ola de Ajedrez\",\"url\":\"https:\\\/\\\/feda.org\\\/feda2k16\\\/\",\"logo\":{\"@type\":\"ImageObject\",\"inLanguage\":\"es\",\"@id\":\"https:\\\/\\\/feda.org\\\/feda2k16\\\/#\\\/schema\\\/logo\\\/image\\\/\",\"url\":\"https:\\\/\\\/feda.org\\\/feda2k16\\\/wp-content\\\/uploads\\\/NuevoLogo_FEDA_2016.png\",\"contentUrl\":\"https:\\\/\\\/feda.org\\\/feda2k16\\\/wp-content\\\/uploads\\\/NuevoLogo_FEDA_2016.png\",\"width\":600,\"height\":600,\"caption\":\"FEDA\"},\"image\":{\"@id\":\"https:\\\/\\\/feda.org\\\/feda2k16\\\/#\\\/schema\\\/logo\\\/image\\\/\"},\"sameAs\":[\"https:\\\/\\\/www.facebook.com\\\/federacionespanoladeajedrez\\\/\",\"https:\\\/\\\/x.com\\\/AjedrezEspanola\",\"https:\\\/\\\/www.instagram.com\\\/federacionespanolaajedrez\\\/?hl=es\",\"https:\\\/\\\/www.youtube.com\\\/@FederacionEspanoladeAjedrezFED\\\/featured\"]},{\"@type\":\"Person\",\"@id\":\"https:\\\/\\\/feda.org\\\/feda2k16\\\/#\\\/schema\\\/person\\\/b39486343e189c77e58d02641385fe29\",\"name\":\"elefante66\",\"url\":\"https:\\\/\\\/feda.org\\\/feda2k16\\\/author\\\/elefante66\\\/\"}]}<\/script>\n<!-- \/ Yoast SEO plugin. -->","yoast_head_json":{"title":"Campeonato Europeo Femenino de Ajedrez R\u00e1pido y Rel\u00e1mpago en M\u00f3naco. - FEDA","description":"FEDA, Federaci\u00f3n Espa\u00f1ola de Ajedrez, ajedrez madrid, federarse ajedrez, campeonato de Espa\u00f1a de ajedrez, ajedrez","robots":{"index":"index","follow":"follow","max-snippet":"max-snippet:-1","max-image-preview":"max-image-preview:large","max-video-preview":"max-video-preview:-1"},"canonical":"https:\/\/feda.org\/feda2k16\/campeonato-europeo-femenino-de-ajedrez-rapido-y-relampago-en-monaco-3\/","og_locale":"es_ES","og_type":"article","og_title":"Campeonato Europeo Femenino de Ajedrez R\u00e1pido y Rel\u00e1mpago en M\u00f3naco. - FEDA","og_description":"FEDA, Federaci\u00f3n Espa\u00f1ola de Ajedrez, ajedrez madrid, federarse ajedrez, campeonato de Espa\u00f1a de ajedrez, ajedrez","og_url":"https:\/\/feda.org\/feda2k16\/campeonato-europeo-femenino-de-ajedrez-rapido-y-relampago-en-monaco-3\/","og_site_name":"FEDA","article_publisher":"https:\/\/www.facebook.com\/federacionespanoladeajedrez\/","article_published_time":"2026-01-05T23:33:14+00:00","article_modified_time":"2026-01-13T10:12:07+00:00","og_image":[{"width":2560,"height":1596,"url":"https:\/\/feda.org\/feda2k16\/wp-content\/uploads\/PAT_9633-scaled.jpg","type":"image\/jpeg"}],"author":"elefante66","twitter_card":"summary_large_image","twitter_creator":"@AjedrezEspanola","twitter_site":"@AjedrezEspanola","twitter_misc":{"Escrito por":"elefante66","Tiempo de lectura":"1 minuto"},"schema":{"@context":"https:\/\/schema.org","@graph":[{"@type":"Article","@id":"https:\/\/feda.org\/feda2k16\/campeonato-europeo-femenino-de-ajedrez-rapido-y-relampago-en-monaco-3\/#article","isPartOf":{"@id":"https:\/\/feda.org\/feda2k16\/campeonato-europeo-femenino-de-ajedrez-rapido-y-relampago-en-monaco-3\/"},"author":{"name":"elefante66","@id":"https:\/\/feda.org\/feda2k16\/#\/schema\/person\/b39486343e189c77e58d02641385fe29"},"headline":"Campeonato Europeo Femenino de Ajedrez R\u00e1pido y Rel\u00e1mpago en M\u00f3naco.","datePublished":"2026-01-05T23:33:14+00:00","dateModified":"2026-01-13T10:12:07+00:00","mainEntityOfPage":{"@id":"https:\/\/feda.org\/feda2k16\/campeonato-europeo-femenino-de-ajedrez-rapido-y-relampago-en-monaco-3\/"},"wordCount":126,"publisher":{"@id":"https:\/\/feda.org\/feda2k16\/#organization"},"image":{"@id":"https:\/\/feda.org\/feda2k16\/campeonato-europeo-femenino-de-ajedrez-rapido-y-relampago-en-monaco-3\/#primaryimage"},"thumbnailUrl":"https:\/\/feda.org\/feda2k16\/wp-content\/uploads\/PAT_9633-scaled.jpg","articleSection":["Noticias"],"inLanguage":"es"},{"@type":"WebPage","@id":"https:\/\/feda.org\/feda2k16\/campeonato-europeo-femenino-de-ajedrez-rapido-y-relampago-en-monaco-3\/","url":"https:\/\/feda.org\/feda2k16\/campeonato-europeo-femenino-de-ajedrez-rapido-y-relampago-en-monaco-3\/","name":"Campeonato Europeo Femenino de Ajedrez R\u00e1pido y Rel\u00e1mpago en M\u00f3naco. - FEDA","isPartOf":{"@id":"https:\/\/feda.org\/feda2k16\/#website"},"primaryImageOfPage":{"@id":"https:\/\/feda.org\/feda2k16\/campeonato-europeo-femenino-de-ajedrez-rapido-y-relampago-en-monaco-3\/#primaryimage"},"image":{"@id":"https:\/\/feda.org\/feda2k16\/campeonato-europeo-femenino-de-ajedrez-rapido-y-relampago-en-monaco-3\/#primaryimage"},"thumbnailUrl":"https:\/\/feda.org\/feda2k16\/wp-content\/uploads\/PAT_9633-scaled.jpg","datePublished":"2026-01-05T23:33:14+00:00","dateModified":"2026-01-13T10:12:07+00:00","description":"FEDA, Federaci\u00f3n Espa\u00f1ola de Ajedrez, ajedrez madrid, federarse ajedrez, campeonato de Espa\u00f1a de ajedrez, ajedrez","breadcrumb":{"@id":"https:\/\/feda.org\/feda2k16\/campeonato-europeo-femenino-de-ajedrez-rapido-y-relampago-en-monaco-3\/#breadcrumb"},"inLanguage":"es","potentialAction":[{"@type":"ReadAction","target":["https:\/\/feda.org\/feda2k16\/campeonato-europeo-femenino-de-ajedrez-rapido-y-relampago-en-monaco-3\/"]}]},{"@type":"ImageObject","inLanguage":"es","@id":"https:\/\/feda.org\/feda2k16\/campeonato-europeo-femenino-de-ajedrez-rapido-y-relampago-en-monaco-3\/#primaryimage","url":"https:\/\/feda.org\/feda2k16\/wp-content\/uploads\/PAT_9633-scaled.jpg","contentUrl":"https:\/\/feda.org\/feda2k16\/wp-content\/uploads\/PAT_9633-scaled.jpg","width":2560,"height":1596},{"@type":"BreadcrumbList","@id":"https:\/\/feda.org\/feda2k16\/campeonato-europeo-femenino-de-ajedrez-rapido-y-relampago-en-monaco-3\/#breadcrumb","itemListElement":[{"@type":"ListItem","position":1,"name":"Portada","item":"https:\/\/feda.org\/feda2k16\/"},{"@type":"ListItem","position":2,"name":"Campeonato Europeo Femenino de Ajedrez R\u00e1pido y Rel\u00e1mpago en M\u00f3naco."}]},{"@type":"WebSite","@id":"https:\/\/feda.org\/feda2k16\/#website","url":"https:\/\/feda.org\/feda2k16\/","name":"FEDA","description":"Federaci\u00f3n Espa\u00f1ola de Ajedrez","publisher":{"@id":"https:\/\/feda.org\/feda2k16\/#organization"},"alternateName":"Federaci\u00f3n Espa\u00f1ola de Ajedrez","potentialAction":[{"@type":"SearchAction","target":{"@type":"EntryPoint","urlTemplate":"https:\/\/feda.org\/feda2k16\/?s={search_term_string}"},"query-input":{"@type":"PropertyValueSpecification","valueRequired":true,"valueName":"search_term_string"}}],"inLanguage":"es"},{"@type":"Organization","@id":"https:\/\/feda.org\/feda2k16\/#organization","name":"FEDA","alternateName":"Federaci\u00f3n Espa\u00f1ola de Ajedrez","url":"https:\/\/feda.org\/feda2k16\/","logo":{"@type":"ImageObject","inLanguage":"es","@id":"https:\/\/feda.org\/feda2k16\/#\/schema\/logo\/image\/","url":"https:\/\/feda.org\/feda2k16\/wp-content\/uploads\/NuevoLogo_FEDA_2016.png","contentUrl":"https:\/\/feda.org\/feda2k16\/wp-content\/uploads\/NuevoLogo_FEDA_2016.png","width":600,"height":600,"caption":"FEDA"},"image":{"@id":"https:\/\/feda.org\/feda2k16\/#\/schema\/logo\/image\/"},"sameAs":["https:\/\/www.facebook.com\/federacionespanoladeajedrez\/","https:\/\/x.com\/AjedrezEspanola","https:\/\/www.instagram.com\/federacionespanolaajedrez\/?hl=es","https:\/\/www.youtube.com\/@FederacionEspanoladeAjedrezFED\/featured"]},{"@type":"Person","@id":"https:\/\/feda.org\/feda2k16\/#\/schema\/person\/b39486343e189c77e58d02641385fe29","name":"elefante66","url":"https:\/\/feda.org\/feda2k16\/author\/elefante66\/"}]}},"_links":{"self":[{"href":"https:\/\/feda.org\/feda2k16\/wp-json\/wp\/v2\/posts\/27630","targetHints":{"allow":["GET"]}}],"collection":[{"href":"https:\/\/feda.org\/feda2k16\/wp-json\/wp\/v2\/posts"}],"about":[{"href":"https:\/\/feda.org\/feda2k16\/wp-json\/wp\/v2\/types\/post"}],"author":[{"embeddable":true,"href":"https:\/\/feda.org\/feda2k16\/wp-json\/wp\/v2\/users\/5"}],"replies":[{"embeddable":true,"href":"https:\/\/feda.org\/feda2k16\/wp-json\/wp\/v2\/comments?post=27630"}],"version-history":[{"count":5,"href":"https:\/\/feda.org\/feda2k16\/wp-json\/wp\/v2\/posts\/27630\/revisions"}],"predecessor-version":[{"id":27644,"href":"https:\/\/feda.org\/feda2k16\/wp-json\/wp\/v2\/posts\/27630\/revisions\/27644"}],"wp:attachment":[{"href":"https:\/\/feda.org\/feda2k16\/wp-json\/wp\/v2\/media?parent=27630"}],"wp:term":[{"taxonomy":"category","embeddable":true,"href":"https:\/\/feda.org\/feda2k16\/wp-json\/wp\/v2\/categories?post=27630"},{"taxonomy":"post_tag","embeddable":true,"href":"https:\/\/feda.org\/feda2k16\/wp-json\/wp\/v2\/tags?post=27630"}],"curies":[{"name":"wp","href":"https:\/\/api.w.org\/{rel}","templated":true}]}}