{"id":27895,"date":"2026-04-26T18:26:18","date_gmt":"2026-04-26T18:26:18","guid":{"rendered":"https:\/\/feda.org\/feda2k16\/?p=27895"},"modified":"2026-04-26T18:26:21","modified_gmt":"2026-04-26T18:26:21","slug":"kastola-san-fermin-sub-12-y-el-altillo-internacional-school-sub-18-campeones-de-espana-de-ajedrez-escolar-2026","status":"publish","type":"post","link":"https:\/\/feda.org\/feda2k16\/kastola-san-fermin-sub-12-y-el-altillo-internacional-school-sub-18-campeones-de-espana-de-ajedrez-escolar-2026\/","title":{"rendered":"kastola San Ferm\u00edn (Sub 12) y El Altillo Internacional School (Sub 18), Campeones de Espa\u00f1a de Ajedrez Escolar 2026."},"content":{"rendered":"\n<figure class=\"wp-block-image size-full\"><img fetchpriority=\"high\" decoding=\"async\" width=\"1234\" height=\"720\" src=\"https:\/\/feda.org\/feda2k16\/wp-content\/uploads\/escolar26.jpg\" alt=\"\" class=\"wp-image-27896\" srcset=\"https:\/\/feda.org\/feda2k16\/wp-content\/uploads\/escolar26.jpg 1234w, https:\/\/feda.org\/feda2k16\/wp-content\/uploads\/escolar26-768x448.jpg 768w\" sizes=\"(max-width: 1234px) 100vw, 1234px\" \/><\/figure>\n\n\n\n<p data-start=\"104\" data-end=\"413\">Enhorabuena a los jugadores, monitores, entrenadores y padres de familia que han participado en El XI Campeonato de Espa\u00f1a Escolar por Equipos, que se celebrado del 24 al 26 de abril en Guardamar del Segura. El evento se desarrollo en las instalaciones del Hotel Playas de Guardamar donde este Campeonato\u00a0 alcanza una cifra hist\u00f3rica de participaci\u00f3n con 84 equipos inscritos, superando el anterior r\u00e9cord de 79 equipos registrado en 2024.\u00a0<\/p>\n<p data-start=\"415\" data-end=\"813\">A continuaci\u00f3n la clasificaci\u00f3n de las categor\u00edas:<\/p>\n<p style=\"text-align: center;\" data-start=\"415\" data-end=\"813\">Categor\u00eda Sub 12.<\/p>\n<p data-start=\"415\" data-end=\"813\"><img decoding=\"async\" class=\"alignnone size-full wp-image-27897\" src=\"https:\/\/feda.org\/feda2k16\/wp-content\/uploads\/12s3-scaled.jpg\" alt=\"\" width=\"2560\" height=\"1384\" srcset=\"https:\/\/feda.org\/feda2k16\/wp-content\/uploads\/12s3-scaled.jpg 2560w, https:\/\/feda.org\/feda2k16\/wp-content\/uploads\/12s3-768x415.jpg 768w, https:\/\/feda.org\/feda2k16\/wp-content\/uploads\/12s3-1536x830.jpg 1536w, https:\/\/feda.org\/feda2k16\/wp-content\/uploads\/12s3-2048x1107.jpg 2048w\" sizes=\"(max-width: 2560px) 100vw, 2560px\" \/><\/p>\n<p style=\"text-align: center;\" data-start=\"415\" data-end=\"813\">1\u00ba Ikastola San Ferm\u00edn &#8211; Navarra<\/p>\n<p style=\"text-align: center;\" data-start=\"415\" data-end=\"813\">2\u00ba San Ignacio &#8211; Navarra<\/p>\n<p style=\"text-align: center;\" data-start=\"415\" data-end=\"813\">3\u00ba CEIP Cesar Augusto &#8211; Arag\u00f3n<\/p>\n<p style=\"text-align: center;\" data-start=\"415\" data-end=\"813\">INFO64:\u00a0\u00a0<a href=\"https:\/\/info64.org\/team\/campeonato-de-espana-escolar-por-equipos-sub12-2026\/standings\">Equipos Sub 12 &#8211; Clasificaci\u00f3n<\/a><\/p>\n<p data-start=\"415\" data-end=\"813\">\u00a0<\/p>\n<p style=\"text-align: center;\" data-start=\"415\" data-end=\"813\">Categor\u00eda: Sub 18<\/p>\n<p data-start=\"415\" data-end=\"813\"><img decoding=\"async\" class=\"alignnone size-full wp-image-27898\" src=\"https:\/\/feda.org\/feda2k16\/wp-content\/uploads\/184-scaled.jpg\" alt=\"\" width=\"2560\" height=\"1352\" srcset=\"https:\/\/feda.org\/feda2k16\/wp-content\/uploads\/184-scaled.jpg 2560w, https:\/\/feda.org\/feda2k16\/wp-content\/uploads\/184-768x405.jpg 768w, https:\/\/feda.org\/feda2k16\/wp-content\/uploads\/184-1536x811.jpg 1536w, https:\/\/feda.org\/feda2k16\/wp-content\/uploads\/184-2048x1081.jpg 2048w\" sizes=\"(max-width: 2560px) 100vw, 2560px\" \/><\/p>\n<p style=\"text-align: center;\" data-start=\"415\" data-end=\"813\">1\u00ba El Altillo Internacional School &#8211; Andaluc\u00eda<\/p>\n<p style=\"text-align: center;\" data-start=\"415\" data-end=\"813\">2\u00ba IES Suarez de Figueroa &#8211; Extremadura<\/p>\n<p style=\"text-align: center;\" data-start=\"415\" data-end=\"813\">3\u00ba Julio Verne School &#8211; Valencia<\/p>\n<p style=\"text-align: center;\" data-start=\"415\" data-end=\"813\">INFO64: <a href=\"https:\/\/info64.org\/team\/xi-campeonato-de-espana-escolar-por-equipos-sub18\/standings\">Equipos Sub 18 &#8211; Clasificaci\u00f3n<\/a><\/p>\n<p data-start=\"415\" data-end=\"813\">\u00a0<\/p>\n<p style=\"text-align: center;\" data-start=\"415\" data-end=\"813\">Galer\u00eda fotogr\u00e1fica:\u00a0\u00a0<a href=\"https:\/\/www.facebook.com\/media\/set\/?set=a.1284160630473070&amp;type=3\">FACEBOOK Feda<\/a><\/p>\n<p data-start=\"415\" data-end=\"813\"><img loading=\"lazy\" decoding=\"async\" class=\"alignnone size-full wp-image-27899\" src=\"https:\/\/feda.org\/feda2k16\/wp-content\/uploads\/PAT_0597-scaled.jpg\" alt=\"\" width=\"2560\" height=\"1799\" srcset=\"https:\/\/feda.org\/feda2k16\/wp-content\/uploads\/PAT_0597-scaled.jpg 2560w, https:\/\/feda.org\/feda2k16\/wp-content\/uploads\/PAT_0597-768x540.jpg 768w, https:\/\/feda.org\/feda2k16\/wp-content\/uploads\/PAT_0597-1536x1079.jpg 1536w, https:\/\/feda.org\/feda2k16\/wp-content\/uploads\/PAT_0597-2048x1439.jpg 2048w\" sizes=\"(max-width: 2560px) 100vw, 2560px\" \/><\/p>\n","protected":false},"excerpt":{"rendered":"<p>Enhorabuena a los jugadores, monitores, entrenadores y padres de familia que han participado en El XI Campeonato de Espa\u00f1a Escolar por Equipos, que se celebrado del 24 al 26 de abril en Guardamar del Segura. El evento se desarrollo en las instalaciones del Hotel Playas de Guardamar donde este Campeonato\u00a0 alcanza una cifra hist\u00f3rica de [&hellip;]<\/p>\n","protected":false},"author":5,"featured_media":0,"comment_status":"closed","ping_status":"closed","sticky":false,"template":"","format":"standard","meta":{"footnotes":""},"categories":[16],"tags":[],"class_list":["post-27895","post","type-post","status-publish","format-standard","hentry","category-noticias"],"yoast_head":"<!-- This site is optimized with the Yoast SEO plugin v27.4 - https:\/\/yoast.com\/product\/yoast-seo-wordpress\/ -->\n<title>kastola San Ferm\u00edn (Sub 12) y El Altillo Internacional School (Sub 18), Campeones de Espa\u00f1a de Ajedrez Escolar 2026. - FEDA<\/title>\n<meta name=\"description\" content=\"FEDA, Federaci\u00f3n Espa\u00f1ola de Ajedrez, ajedrez madrid, federarse ajedrez, campeonato de Espa\u00f1a de ajedrez, ajedrez\" \/>\n<meta name=\"robots\" content=\"index, follow, max-snippet:-1, max-image-preview:large, max-video-preview:-1\" \/>\n<link rel=\"canonical\" href=\"https:\/\/feda.org\/feda2k16\/kastola-san-fermin-sub-12-y-el-altillo-internacional-school-sub-18-campeones-de-espana-de-ajedrez-escolar-2026\/\" \/>\n<meta property=\"og:locale\" content=\"es_ES\" \/>\n<meta property=\"og:type\" content=\"article\" \/>\n<meta property=\"og:title\" content=\"kastola San Ferm\u00edn (Sub 12) y El Altillo Internacional School (Sub 18), Campeones de Espa\u00f1a de Ajedrez Escolar 2026. - FEDA\" \/>\n<meta property=\"og:description\" content=\"FEDA, Federaci\u00f3n Espa\u00f1ola de Ajedrez, ajedrez madrid, federarse ajedrez, campeonato de Espa\u00f1a de ajedrez, ajedrez\" \/>\n<meta property=\"og:url\" content=\"https:\/\/feda.org\/feda2k16\/kastola-san-fermin-sub-12-y-el-altillo-internacional-school-sub-18-campeones-de-espana-de-ajedrez-escolar-2026\/\" \/>\n<meta property=\"og:site_name\" content=\"FEDA\" \/>\n<meta property=\"article:publisher\" content=\"https:\/\/www.facebook.com\/federacionespanoladeajedrez\/\" \/>\n<meta property=\"article:published_time\" content=\"2026-04-26T18:26:18+00:00\" \/>\n<meta property=\"article:modified_time\" content=\"2026-04-26T18:26:21+00:00\" \/>\n<meta property=\"og:image\" content=\"https:\/\/feda.org\/feda2k16\/wp-content\/uploads\/escolar26.jpg\" \/>\n\t<meta property=\"og:image:width\" content=\"1234\" \/>\n\t<meta property=\"og:image:height\" content=\"720\" \/>\n\t<meta property=\"og:image:type\" content=\"image\/jpeg\" \/>\n<meta name=\"author\" content=\"elefante66\" \/>\n<meta name=\"twitter:card\" content=\"summary_large_image\" \/>\n<meta name=\"twitter:creator\" content=\"@AjedrezEspanola\" \/>\n<meta name=\"twitter:site\" content=\"@AjedrezEspanola\" \/>\n<meta name=\"twitter:label1\" content=\"Escrito por\" \/>\n\t<meta name=\"twitter:data1\" content=\"elefante66\" \/>\n\t<meta name=\"twitter:label2\" content=\"Tiempo de lectura\" \/>\n\t<meta name=\"twitter:data2\" content=\"2 minutos\" \/>\n<script type=\"application\/ld+json\" class=\"yoast-schema-graph\">{\"@context\":\"https:\\\/\\\/schema.org\",\"@graph\":[{\"@type\":\"Article\",\"@id\":\"https:\\\/\\\/feda.org\\\/feda2k16\\\/kastola-san-fermin-sub-12-y-el-altillo-internacional-school-sub-18-campeones-de-espana-de-ajedrez-escolar-2026\\\/#article\",\"isPartOf\":{\"@id\":\"https:\\\/\\\/feda.org\\\/feda2k16\\\/kastola-san-fermin-sub-12-y-el-altillo-internacional-school-sub-18-campeones-de-espana-de-ajedrez-escolar-2026\\\/\"},\"author\":{\"name\":\"elefante66\",\"@id\":\"https:\\\/\\\/feda.org\\\/feda2k16\\\/#\\\/schema\\\/person\\\/b39486343e189c77e58d02641385fe29\"},\"headline\":\"kastola San Ferm\u00edn (Sub 12) y El Altillo Internacional School (Sub 18), Campeones de Espa\u00f1a de Ajedrez Escolar 2026.\",\"datePublished\":\"2026-04-26T18:26:18+00:00\",\"dateModified\":\"2026-04-26T18:26:21+00:00\",\"mainEntityOfPage\":{\"@id\":\"https:\\\/\\\/feda.org\\\/feda2k16\\\/kastola-san-fermin-sub-12-y-el-altillo-internacional-school-sub-18-campeones-de-espana-de-ajedrez-escolar-2026\\\/\"},\"wordCount\":155,\"publisher\":{\"@id\":\"https:\\\/\\\/feda.org\\\/feda2k16\\\/#organization\"},\"image\":{\"@id\":\"https:\\\/\\\/feda.org\\\/feda2k16\\\/kastola-san-fermin-sub-12-y-el-altillo-internacional-school-sub-18-campeones-de-espana-de-ajedrez-escolar-2026\\\/#primaryimage\"},\"thumbnailUrl\":\"https:\\\/\\\/feda.org\\\/feda2k16\\\/wp-content\\\/uploads\\\/escolar26.jpg\",\"articleSection\":[\"Noticias\"],\"inLanguage\":\"es\"},{\"@type\":\"WebPage\",\"@id\":\"https:\\\/\\\/feda.org\\\/feda2k16\\\/kastola-san-fermin-sub-12-y-el-altillo-internacional-school-sub-18-campeones-de-espana-de-ajedrez-escolar-2026\\\/\",\"url\":\"https:\\\/\\\/feda.org\\\/feda2k16\\\/kastola-san-fermin-sub-12-y-el-altillo-internacional-school-sub-18-campeones-de-espana-de-ajedrez-escolar-2026\\\/\",\"name\":\"kastola San Ferm\u00edn (Sub 12) y El Altillo Internacional School (Sub 18), Campeones de Espa\u00f1a de Ajedrez Escolar 2026. - FEDA\",\"isPartOf\":{\"@id\":\"https:\\\/\\\/feda.org\\\/feda2k16\\\/#website\"},\"primaryImageOfPage\":{\"@id\":\"https:\\\/\\\/feda.org\\\/feda2k16\\\/kastola-san-fermin-sub-12-y-el-altillo-internacional-school-sub-18-campeones-de-espana-de-ajedrez-escolar-2026\\\/#primaryimage\"},\"image\":{\"@id\":\"https:\\\/\\\/feda.org\\\/feda2k16\\\/kastola-san-fermin-sub-12-y-el-altillo-internacional-school-sub-18-campeones-de-espana-de-ajedrez-escolar-2026\\\/#primaryimage\"},\"thumbnailUrl\":\"https:\\\/\\\/feda.org\\\/feda2k16\\\/wp-content\\\/uploads\\\/escolar26.jpg\",\"datePublished\":\"2026-04-26T18:26:18+00:00\",\"dateModified\":\"2026-04-26T18:26:21+00:00\",\"description\":\"FEDA, Federaci\u00f3n Espa\u00f1ola de Ajedrez, ajedrez madrid, federarse ajedrez, campeonato de Espa\u00f1a de ajedrez, ajedrez\",\"breadcrumb\":{\"@id\":\"https:\\\/\\\/feda.org\\\/feda2k16\\\/kastola-san-fermin-sub-12-y-el-altillo-internacional-school-sub-18-campeones-de-espana-de-ajedrez-escolar-2026\\\/#breadcrumb\"},\"inLanguage\":\"es\",\"potentialAction\":[{\"@type\":\"ReadAction\",\"target\":[\"https:\\\/\\\/feda.org\\\/feda2k16\\\/kastola-san-fermin-sub-12-y-el-altillo-internacional-school-sub-18-campeones-de-espana-de-ajedrez-escolar-2026\\\/\"]}]},{\"@type\":\"ImageObject\",\"inLanguage\":\"es\",\"@id\":\"https:\\\/\\\/feda.org\\\/feda2k16\\\/kastola-san-fermin-sub-12-y-el-altillo-internacional-school-sub-18-campeones-de-espana-de-ajedrez-escolar-2026\\\/#primaryimage\",\"url\":\"https:\\\/\\\/feda.org\\\/feda2k16\\\/wp-content\\\/uploads\\\/escolar26.jpg\",\"contentUrl\":\"https:\\\/\\\/feda.org\\\/feda2k16\\\/wp-content\\\/uploads\\\/escolar26.jpg\",\"width\":1234,\"height\":720},{\"@type\":\"BreadcrumbList\",\"@id\":\"https:\\\/\\\/feda.org\\\/feda2k16\\\/kastola-san-fermin-sub-12-y-el-altillo-internacional-school-sub-18-campeones-de-espana-de-ajedrez-escolar-2026\\\/#breadcrumb\",\"itemListElement\":[{\"@type\":\"ListItem\",\"position\":1,\"name\":\"Portada\",\"item\":\"https:\\\/\\\/feda.org\\\/feda2k16\\\/\"},{\"@type\":\"ListItem\",\"position\":2,\"name\":\"kastola San Ferm\u00edn (Sub 12) y El Altillo Internacional School (Sub 18), Campeones de Espa\u00f1a de Ajedrez Escolar 2026.\"}]},{\"@type\":\"WebSite\",\"@id\":\"https:\\\/\\\/feda.org\\\/feda2k16\\\/#website\",\"url\":\"https:\\\/\\\/feda.org\\\/feda2k16\\\/\",\"name\":\"FEDA\",\"description\":\"Federaci\u00f3n Espa\u00f1ola de Ajedrez\",\"publisher\":{\"@id\":\"https:\\\/\\\/feda.org\\\/feda2k16\\\/#organization\"},\"alternateName\":\"Federaci\u00f3n Espa\u00f1ola de Ajedrez\",\"potentialAction\":[{\"@type\":\"SearchAction\",\"target\":{\"@type\":\"EntryPoint\",\"urlTemplate\":\"https:\\\/\\\/feda.org\\\/feda2k16\\\/?s={search_term_string}\"},\"query-input\":{\"@type\":\"PropertyValueSpecification\",\"valueRequired\":true,\"valueName\":\"search_term_string\"}}],\"inLanguage\":\"es\"},{\"@type\":\"Organization\",\"@id\":\"https:\\\/\\\/feda.org\\\/feda2k16\\\/#organization\",\"name\":\"FEDA\",\"alternateName\":\"Federaci\u00f3n Espa\u00f1ola de Ajedrez\",\"url\":\"https:\\\/\\\/feda.org\\\/feda2k16\\\/\",\"logo\":{\"@type\":\"ImageObject\",\"inLanguage\":\"es\",\"@id\":\"https:\\\/\\\/feda.org\\\/feda2k16\\\/#\\\/schema\\\/logo\\\/image\\\/\",\"url\":\"https:\\\/\\\/feda.org\\\/feda2k16\\\/wp-content\\\/uploads\\\/NuevoLogo_FEDA_2016.png\",\"contentUrl\":\"https:\\\/\\\/feda.org\\\/feda2k16\\\/wp-content\\\/uploads\\\/NuevoLogo_FEDA_2016.png\",\"width\":600,\"height\":600,\"caption\":\"FEDA\"},\"image\":{\"@id\":\"https:\\\/\\\/feda.org\\\/feda2k16\\\/#\\\/schema\\\/logo\\\/image\\\/\"},\"sameAs\":[\"https:\\\/\\\/www.facebook.com\\\/federacionespanoladeajedrez\\\/\",\"https:\\\/\\\/x.com\\\/AjedrezEspanola\",\"https:\\\/\\\/www.instagram.com\\\/federacionespanolaajedrez\\\/?hl=es\",\"https:\\\/\\\/www.youtube.com\\\/@FederacionEspanoladeAjedrezFED\\\/featured\"]},{\"@type\":\"Person\",\"@id\":\"https:\\\/\\\/feda.org\\\/feda2k16\\\/#\\\/schema\\\/person\\\/b39486343e189c77e58d02641385fe29\",\"name\":\"elefante66\",\"url\":\"https:\\\/\\\/feda.org\\\/feda2k16\\\/author\\\/elefante66\\\/\"}]}<\/script>\n<!-- \/ Yoast SEO plugin. -->","yoast_head_json":{"title":"kastola San Ferm\u00edn (Sub 12) y El Altillo Internacional School (Sub 18), Campeones de Espa\u00f1a de Ajedrez Escolar 2026. - FEDA","description":"FEDA, Federaci\u00f3n Espa\u00f1ola de Ajedrez, ajedrez madrid, federarse ajedrez, campeonato de Espa\u00f1a de ajedrez, ajedrez","robots":{"index":"index","follow":"follow","max-snippet":"max-snippet:-1","max-image-preview":"max-image-preview:large","max-video-preview":"max-video-preview:-1"},"canonical":"https:\/\/feda.org\/feda2k16\/kastola-san-fermin-sub-12-y-el-altillo-internacional-school-sub-18-campeones-de-espana-de-ajedrez-escolar-2026\/","og_locale":"es_ES","og_type":"article","og_title":"kastola San Ferm\u00edn (Sub 12) y El Altillo Internacional School (Sub 18), Campeones de Espa\u00f1a de Ajedrez Escolar 2026. - FEDA","og_description":"FEDA, Federaci\u00f3n Espa\u00f1ola de Ajedrez, ajedrez madrid, federarse ajedrez, campeonato de Espa\u00f1a de ajedrez, ajedrez","og_url":"https:\/\/feda.org\/feda2k16\/kastola-san-fermin-sub-12-y-el-altillo-internacional-school-sub-18-campeones-de-espana-de-ajedrez-escolar-2026\/","og_site_name":"FEDA","article_publisher":"https:\/\/www.facebook.com\/federacionespanoladeajedrez\/","article_published_time":"2026-04-26T18:26:18+00:00","article_modified_time":"2026-04-26T18:26:21+00:00","og_image":[{"width":1234,"height":720,"url":"https:\/\/feda.org\/feda2k16\/wp-content\/uploads\/escolar26.jpg","type":"image\/jpeg"}],"author":"elefante66","twitter_card":"summary_large_image","twitter_creator":"@AjedrezEspanola","twitter_site":"@AjedrezEspanola","twitter_misc":{"Escrito por":"elefante66","Tiempo de lectura":"2 minutos"},"schema":{"@context":"https:\/\/schema.org","@graph":[{"@type":"Article","@id":"https:\/\/feda.org\/feda2k16\/kastola-san-fermin-sub-12-y-el-altillo-internacional-school-sub-18-campeones-de-espana-de-ajedrez-escolar-2026\/#article","isPartOf":{"@id":"https:\/\/feda.org\/feda2k16\/kastola-san-fermin-sub-12-y-el-altillo-internacional-school-sub-18-campeones-de-espana-de-ajedrez-escolar-2026\/"},"author":{"name":"elefante66","@id":"https:\/\/feda.org\/feda2k16\/#\/schema\/person\/b39486343e189c77e58d02641385fe29"},"headline":"kastola San Ferm\u00edn (Sub 12) y El Altillo Internacional School (Sub 18), Campeones de Espa\u00f1a de Ajedrez Escolar 2026.","datePublished":"2026-04-26T18:26:18+00:00","dateModified":"2026-04-26T18:26:21+00:00","mainEntityOfPage":{"@id":"https:\/\/feda.org\/feda2k16\/kastola-san-fermin-sub-12-y-el-altillo-internacional-school-sub-18-campeones-de-espana-de-ajedrez-escolar-2026\/"},"wordCount":155,"publisher":{"@id":"https:\/\/feda.org\/feda2k16\/#organization"},"image":{"@id":"https:\/\/feda.org\/feda2k16\/kastola-san-fermin-sub-12-y-el-altillo-internacional-school-sub-18-campeones-de-espana-de-ajedrez-escolar-2026\/#primaryimage"},"thumbnailUrl":"https:\/\/feda.org\/feda2k16\/wp-content\/uploads\/escolar26.jpg","articleSection":["Noticias"],"inLanguage":"es"},{"@type":"WebPage","@id":"https:\/\/feda.org\/feda2k16\/kastola-san-fermin-sub-12-y-el-altillo-internacional-school-sub-18-campeones-de-espana-de-ajedrez-escolar-2026\/","url":"https:\/\/feda.org\/feda2k16\/kastola-san-fermin-sub-12-y-el-altillo-internacional-school-sub-18-campeones-de-espana-de-ajedrez-escolar-2026\/","name":"kastola San Ferm\u00edn (Sub 12) y El Altillo Internacional School (Sub 18), Campeones de Espa\u00f1a de Ajedrez Escolar 2026. - FEDA","isPartOf":{"@id":"https:\/\/feda.org\/feda2k16\/#website"},"primaryImageOfPage":{"@id":"https:\/\/feda.org\/feda2k16\/kastola-san-fermin-sub-12-y-el-altillo-internacional-school-sub-18-campeones-de-espana-de-ajedrez-escolar-2026\/#primaryimage"},"image":{"@id":"https:\/\/feda.org\/feda2k16\/kastola-san-fermin-sub-12-y-el-altillo-internacional-school-sub-18-campeones-de-espana-de-ajedrez-escolar-2026\/#primaryimage"},"thumbnailUrl":"https:\/\/feda.org\/feda2k16\/wp-content\/uploads\/escolar26.jpg","datePublished":"2026-04-26T18:26:18+00:00","dateModified":"2026-04-26T18:26:21+00:00","description":"FEDA, Federaci\u00f3n Espa\u00f1ola de Ajedrez, ajedrez madrid, federarse ajedrez, campeonato de Espa\u00f1a de ajedrez, ajedrez","breadcrumb":{"@id":"https:\/\/feda.org\/feda2k16\/kastola-san-fermin-sub-12-y-el-altillo-internacional-school-sub-18-campeones-de-espana-de-ajedrez-escolar-2026\/#breadcrumb"},"inLanguage":"es","potentialAction":[{"@type":"ReadAction","target":["https:\/\/feda.org\/feda2k16\/kastola-san-fermin-sub-12-y-el-altillo-internacional-school-sub-18-campeones-de-espana-de-ajedrez-escolar-2026\/"]}]},{"@type":"ImageObject","inLanguage":"es","@id":"https:\/\/feda.org\/feda2k16\/kastola-san-fermin-sub-12-y-el-altillo-internacional-school-sub-18-campeones-de-espana-de-ajedrez-escolar-2026\/#primaryimage","url":"https:\/\/feda.org\/feda2k16\/wp-content\/uploads\/escolar26.jpg","contentUrl":"https:\/\/feda.org\/feda2k16\/wp-content\/uploads\/escolar26.jpg","width":1234,"height":720},{"@type":"BreadcrumbList","@id":"https:\/\/feda.org\/feda2k16\/kastola-san-fermin-sub-12-y-el-altillo-internacional-school-sub-18-campeones-de-espana-de-ajedrez-escolar-2026\/#breadcrumb","itemListElement":[{"@type":"ListItem","position":1,"name":"Portada","item":"https:\/\/feda.org\/feda2k16\/"},{"@type":"ListItem","position":2,"name":"kastola San Ferm\u00edn (Sub 12) y El Altillo Internacional School (Sub 18), Campeones de Espa\u00f1a de Ajedrez Escolar 2026."}]},{"@type":"WebSite","@id":"https:\/\/feda.org\/feda2k16\/#website","url":"https:\/\/feda.org\/feda2k16\/","name":"FEDA","description":"Federaci\u00f3n Espa\u00f1ola de Ajedrez","publisher":{"@id":"https:\/\/feda.org\/feda2k16\/#organization"},"alternateName":"Federaci\u00f3n Espa\u00f1ola de Ajedrez","potentialAction":[{"@type":"SearchAction","target":{"@type":"EntryPoint","urlTemplate":"https:\/\/feda.org\/feda2k16\/?s={search_term_string}"},"query-input":{"@type":"PropertyValueSpecification","valueRequired":true,"valueName":"search_term_string"}}],"inLanguage":"es"},{"@type":"Organization","@id":"https:\/\/feda.org\/feda2k16\/#organization","name":"FEDA","alternateName":"Federaci\u00f3n Espa\u00f1ola de Ajedrez","url":"https:\/\/feda.org\/feda2k16\/","logo":{"@type":"ImageObject","inLanguage":"es","@id":"https:\/\/feda.org\/feda2k16\/#\/schema\/logo\/image\/","url":"https:\/\/feda.org\/feda2k16\/wp-content\/uploads\/NuevoLogo_FEDA_2016.png","contentUrl":"https:\/\/feda.org\/feda2k16\/wp-content\/uploads\/NuevoLogo_FEDA_2016.png","width":600,"height":600,"caption":"FEDA"},"image":{"@id":"https:\/\/feda.org\/feda2k16\/#\/schema\/logo\/image\/"},"sameAs":["https:\/\/www.facebook.com\/federacionespanoladeajedrez\/","https:\/\/x.com\/AjedrezEspanola","https:\/\/www.instagram.com\/federacionespanolaajedrez\/?hl=es","https:\/\/www.youtube.com\/@FederacionEspanoladeAjedrezFED\/featured"]},{"@type":"Person","@id":"https:\/\/feda.org\/feda2k16\/#\/schema\/person\/b39486343e189c77e58d02641385fe29","name":"elefante66","url":"https:\/\/feda.org\/feda2k16\/author\/elefante66\/"}]}},"_links":{"self":[{"href":"https:\/\/feda.org\/feda2k16\/wp-json\/wp\/v2\/posts\/27895","targetHints":{"allow":["GET"]}}],"collection":[{"href":"https:\/\/feda.org\/feda2k16\/wp-json\/wp\/v2\/posts"}],"about":[{"href":"https:\/\/feda.org\/feda2k16\/wp-json\/wp\/v2\/types\/post"}],"author":[{"embeddable":true,"href":"https:\/\/feda.org\/feda2k16\/wp-json\/wp\/v2\/users\/5"}],"replies":[{"embeddable":true,"href":"https:\/\/feda.org\/feda2k16\/wp-json\/wp\/v2\/comments?post=27895"}],"version-history":[{"count":2,"href":"https:\/\/feda.org\/feda2k16\/wp-json\/wp\/v2\/posts\/27895\/revisions"}],"predecessor-version":[{"id":27901,"href":"https:\/\/feda.org\/feda2k16\/wp-json\/wp\/v2\/posts\/27895\/revisions\/27901"}],"wp:attachment":[{"href":"https:\/\/feda.org\/feda2k16\/wp-json\/wp\/v2\/media?parent=27895"}],"wp:term":[{"taxonomy":"category","embeddable":true,"href":"https:\/\/feda.org\/feda2k16\/wp-json\/wp\/v2\/categories?post=27895"},{"taxonomy":"post_tag","embeddable":true,"href":"https:\/\/feda.org\/feda2k16\/wp-json\/wp\/v2\/tags?post=27895"}],"curies":[{"name":"wp","href":"https:\/\/api.w.org\/{rel}","templated":true}]}}