{"id":28872,"date":"2026-09-04T21:46:37","date_gmt":"2026-09-04T21:46:37","guid":{"rendered":"https:\/\/feda.org\/feda2k16\/?p=28872"},"modified":"2026-09-04T22:08:53","modified_gmt":"2026-09-04T22:08:53","slug":"campeones-de-espana-de-tramo-de-elo-2026","status":"publish","type":"post","link":"https:\/\/feda.org\/feda2k16\/campeones-de-espana-de-tramo-de-elo-2026\/","title":{"rendered":"Campeones de Espa\u00f1a de Tramo de Elo 2026."},"content":{"rendered":"\n<figure class=\"wp-block-image size-full\"><img fetchpriority=\"high\" decoding=\"async\" width=\"2048\" height=\"1536\" src=\"https:\/\/feda.org\/feda2k16\/wp-content\/uploads\/WhatsApp-Image-2026-09-04-at-15.20.21-1.jpg\" alt=\"\" class=\"wp-image-28873\" srcset=\"https:\/\/feda.org\/feda2k16\/wp-content\/uploads\/WhatsApp-Image-2026-09-04-at-15.20.21-1.jpg 2048w, https:\/\/feda.org\/feda2k16\/wp-content\/uploads\/WhatsApp-Image-2026-09-04-at-15.20.21-1-768x576.jpg 768w, https:\/\/feda.org\/feda2k16\/wp-content\/uploads\/WhatsApp-Image-2026-09-04-at-15.20.21-1-1536x1152.jpg 1536w\" sizes=\"(max-width: 2048px) 100vw, 2048px\" \/><\/figure>\n\n\n\n\n\n\n\n<p class=\"wp-block-paragraph\">Los Campeonatos de Espa\u00f1a de Tramos de Elo -1700, -2000 y -2300 se han celebrado en el Hotel SpaVilla Pasiega de Hoznayo, Cantabria. Se han proclamado Campeones de Espa\u00f1a en la categor\u00eda Sub 2300, Martin G\u00f3mez Carre\u00f1o de Galicia, Sub 2000, Jose Luis Prellezo Ursueguia de Cantabria y en Sub 1700, \u00c1ngel Puebla Herrero de Castilla y Le\u00f3n. Enhorabuena a todos los jugadores que participaron en este Campeonato. A continuaci\u00f3n el podio en cada tramo:  <\/p>\n\n\n\n<p><img decoding=\"async\" class=\"alignnone size-full wp-image-28876\" src=\"https:\/\/feda.org\/feda2k16\/wp-content\/uploads\/uy.jpg\" alt=\"\" width=\"771\" height=\"629\" srcset=\"https:\/\/feda.org\/feda2k16\/wp-content\/uploads\/uy.jpg 771w, https:\/\/feda.org\/feda2k16\/wp-content\/uploads\/uy-768x627.jpg 768w\" sizes=\"(max-width: 771px) 100vw, 771px\" \/><\/p>\n\n\n\n<p> <\/p>\n\n\n\n<p style=\"text-align: center;\"><a href=\"https:\/\/feda.org\/feda2k16\/c27-2026-convocatoria-ce-tramos-elo-1700-2000-2300-hoznayo-cantabria-2026\/\">Convocatoria<\/a><\/p>\n<p style=\"text-align: center;\">INFO64:\u00a0<a href=\"https:\/\/info64.org\/ce-tramos-elo-1700-2026\/standings\">Tramo-1700<\/a>\u00a0 \u00a0 \u00a0 \u00a0<a href=\"https:\/\/info64.org\/ce-tramos-elo-2000-2026\/standings\">\u00a0Tramo-2000<\/a>\u00a0 \u00a0 \u00a0 \u00a0<a href=\"https:\/\/info64.org\/ce-tramos-elo-2300-2026\/standings\">Tramo2300<\/a><\/p>\n<p style=\"text-align: center;\">Galer\u00eda fotogr\u00e1fica:\u00a0<a href=\"https:\/\/www.facebook.com\/media\/set\/?vanity=federacionespanoladeajedrez&amp;set=a.1392851642937301\">Facebook FEDA<\/a><\/p>\n<p><img decoding=\"async\" class=\"alignnone size-full wp-image-28871\" src=\"https:\/\/feda.org\/feda2k16\/wp-content\/uploads\/0-1-scaled.jpg\" alt=\"\" width=\"2560\" height=\"1708\" srcset=\"https:\/\/feda.org\/feda2k16\/wp-content\/uploads\/0-1-scaled.jpg 2560w, https:\/\/feda.org\/feda2k16\/wp-content\/uploads\/0-1-768x512.jpg 768w, https:\/\/feda.org\/feda2k16\/wp-content\/uploads\/0-1-1536x1025.jpg 1536w, https:\/\/feda.org\/feda2k16\/wp-content\/uploads\/0-1-2048x1366.jpg 2048w\" sizes=\"(max-width: 2560px) 100vw, 2560px\" \/><\/p>\n","protected":false},"excerpt":{"rendered":"<p>Los Campeonatos de Espa\u00f1a de Tramos de Elo -1700, -2000 y -2300 se han celebrado en el Hotel SpaVilla Pasiega de Hoznayo, Cantabria. Se han proclamado Campeones de Espa\u00f1a en la categor\u00eda Sub 2300, Martin G\u00f3mez Carre\u00f1o de Galicia, Sub 2000, Jose Luis Prellezo Ursueguia de Cantabria y en Sub 1700, \u00c1ngel Puebla Herrero de [&hellip;]<\/p>\n","protected":false},"author":5,"featured_media":0,"comment_status":"closed","ping_status":"closed","sticky":false,"template":"","format":"standard","meta":{"footnotes":""},"categories":[16],"tags":[],"class_list":["post-28872","post","type-post","status-publish","format-standard","hentry","category-noticias"],"yoast_head":"<!-- This site is optimized with the Yoast SEO plugin v28.4 - https:\/\/yoast.com\/product\/yoast-seo-wordpress\/ -->\n<title>Campeones de Espa\u00f1a de Tramo de Elo 2026. - FEDA<\/title>\n<meta name=\"description\" content=\"FEDA, Federaci\u00f3n Espa\u00f1ola de Ajedrez, ajedrez madrid, federarse ajedrez, campeonato de Espa\u00f1a de ajedrez, ajedrez\" \/>\n<meta name=\"robots\" content=\"index, follow, max-snippet:-1, max-image-preview:large, max-video-preview:-1\" \/>\n<link rel=\"canonical\" href=\"https:\/\/feda.org\/feda2k16\/campeones-de-espana-de-tramo-de-elo-2026\/\" \/>\n<meta property=\"og:locale\" content=\"es_ES\" \/>\n<meta property=\"og:type\" content=\"article\" \/>\n<meta property=\"og:title\" content=\"Campeones de Espa\u00f1a de Tramo de Elo 2026. - FEDA\" \/>\n<meta property=\"og:description\" content=\"FEDA, Federaci\u00f3n Espa\u00f1ola de Ajedrez, ajedrez madrid, federarse ajedrez, campeonato de Espa\u00f1a de ajedrez, ajedrez\" \/>\n<meta property=\"og:url\" content=\"https:\/\/feda.org\/feda2k16\/campeones-de-espana-de-tramo-de-elo-2026\/\" \/>\n<meta property=\"og:site_name\" content=\"FEDA\" \/>\n<meta property=\"article:publisher\" content=\"https:\/\/www.facebook.com\/federacionespanoladeajedrez\/\" \/>\n<meta property=\"article:published_time\" content=\"2026-09-04T21:46:37+00:00\" \/>\n<meta property=\"article:modified_time\" content=\"2026-09-04T22:08:53+00:00\" \/>\n<meta property=\"og:image\" content=\"https:\/\/feda.org\/feda2k16\/wp-content\/uploads\/WhatsApp-Image-2026-09-04-at-15.20.21-1.jpg\" \/>\n\t<meta property=\"og:image:width\" content=\"2048\" \/>\n\t<meta property=\"og:image:height\" content=\"1536\" \/>\n\t<meta property=\"og:image:type\" content=\"image\/jpeg\" \/>\n<meta name=\"author\" content=\"elefante66\" \/>\n<meta name=\"twitter:card\" content=\"summary_large_image\" \/>\n<meta name=\"twitter:creator\" content=\"@AjedrezEspanola\" \/>\n<meta name=\"twitter:site\" content=\"@AjedrezEspanola\" \/>\n<meta name=\"twitter:label1\" content=\"Escrito por\" \/>\n\t<meta name=\"twitter:data1\" content=\"elefante66\" \/>\n\t<meta name=\"twitter:label2\" content=\"Tiempo de lectura\" \/>\n\t<meta name=\"twitter:data2\" content=\"1 minuto\" \/>\n<script type=\"application\/ld+json\" class=\"yoast-schema-graph\">{\"@context\":\"https:\\\/\\\/schema.org\",\"@graph\":[{\"@type\":\"Article\",\"@id\":\"https:\\\/\\\/feda.org\\\/feda2k16\\\/campeones-de-espana-de-tramo-de-elo-2026\\\/#article\",\"isPartOf\":{\"@id\":\"https:\\\/\\\/feda.org\\\/feda2k16\\\/campeones-de-espana-de-tramo-de-elo-2026\\\/\"},\"author\":{\"name\":\"elefante66\",\"@id\":\"https:\\\/\\\/feda.org\\\/feda2k16\\\/#\\\/schema\\\/person\\\/b39486343e189c77e58d02641385fe29\"},\"headline\":\"Campeones de Espa\u00f1a de Tramo de Elo 2026.\",\"datePublished\":\"2026-09-04T21:46:37+00:00\",\"dateModified\":\"2026-09-04T22:08:53+00:00\",\"mainEntityOfPage\":{\"@id\":\"https:\\\/\\\/feda.org\\\/feda2k16\\\/campeones-de-espana-de-tramo-de-elo-2026\\\/\"},\"wordCount\":98,\"publisher\":{\"@id\":\"https:\\\/\\\/feda.org\\\/feda2k16\\\/#organization\"},\"image\":{\"@id\":\"https:\\\/\\\/feda.org\\\/feda2k16\\\/campeones-de-espana-de-tramo-de-elo-2026\\\/#primaryimage\"},\"thumbnailUrl\":\"https:\\\/\\\/feda.org\\\/feda2k16\\\/wp-content\\\/uploads\\\/WhatsApp-Image-2026-09-04-at-15.20.21-1.jpg\",\"articleSection\":[\"Noticias\"],\"inLanguage\":\"es\"},{\"@type\":\"WebPage\",\"@id\":\"https:\\\/\\\/feda.org\\\/feda2k16\\\/campeones-de-espana-de-tramo-de-elo-2026\\\/\",\"url\":\"https:\\\/\\\/feda.org\\\/feda2k16\\\/campeones-de-espana-de-tramo-de-elo-2026\\\/\",\"name\":\"Campeones de Espa\u00f1a de Tramo de Elo 2026. - FEDA\",\"isPartOf\":{\"@id\":\"https:\\\/\\\/feda.org\\\/feda2k16\\\/#website\"},\"primaryImageOfPage\":{\"@id\":\"https:\\\/\\\/feda.org\\\/feda2k16\\\/campeones-de-espana-de-tramo-de-elo-2026\\\/#primaryimage\"},\"image\":{\"@id\":\"https:\\\/\\\/feda.org\\\/feda2k16\\\/campeones-de-espana-de-tramo-de-elo-2026\\\/#primaryimage\"},\"thumbnailUrl\":\"https:\\\/\\\/feda.org\\\/feda2k16\\\/wp-content\\\/uploads\\\/WhatsApp-Image-2026-09-04-at-15.20.21-1.jpg\",\"datePublished\":\"2026-09-04T21:46:37+00:00\",\"dateModified\":\"2026-09-04T22:08:53+00:00\",\"description\":\"FEDA, Federaci\u00f3n Espa\u00f1ola de Ajedrez, ajedrez madrid, federarse ajedrez, campeonato de Espa\u00f1a de ajedrez, ajedrez\",\"breadcrumb\":{\"@id\":\"https:\\\/\\\/feda.org\\\/feda2k16\\\/campeones-de-espana-de-tramo-de-elo-2026\\\/#breadcrumb\"},\"inLanguage\":\"es\",\"potentialAction\":[{\"@type\":\"ReadAction\",\"target\":[\"https:\\\/\\\/feda.org\\\/feda2k16\\\/campeones-de-espana-de-tramo-de-elo-2026\\\/\"]}]},{\"@type\":\"ImageObject\",\"inLanguage\":\"es\",\"@id\":\"https:\\\/\\\/feda.org\\\/feda2k16\\\/campeones-de-espana-de-tramo-de-elo-2026\\\/#primaryimage\",\"url\":\"https:\\\/\\\/feda.org\\\/feda2k16\\\/wp-content\\\/uploads\\\/WhatsApp-Image-2026-09-04-at-15.20.21-1.jpg\",\"contentUrl\":\"https:\\\/\\\/feda.org\\\/feda2k16\\\/wp-content\\\/uploads\\\/WhatsApp-Image-2026-09-04-at-15.20.21-1.jpg\",\"width\":2048,\"height\":1536},{\"@type\":\"BreadcrumbList\",\"@id\":\"https:\\\/\\\/feda.org\\\/feda2k16\\\/campeones-de-espana-de-tramo-de-elo-2026\\\/#breadcrumb\",\"itemListElement\":[{\"@type\":\"ListItem\",\"position\":1,\"name\":\"Portada\",\"item\":\"https:\\\/\\\/feda.org\\\/feda2k16\\\/\"},{\"@type\":\"ListItem\",\"position\":2,\"name\":\"Campeones de Espa\u00f1a de Tramo de Elo 2026.\"}]},{\"@type\":\"WebSite\",\"@id\":\"https:\\\/\\\/feda.org\\\/feda2k16\\\/#website\",\"url\":\"https:\\\/\\\/feda.org\\\/feda2k16\\\/\",\"name\":\"FEDA\",\"description\":\"Federaci\u00f3n Espa\u00f1ola de Ajedrez\",\"publisher\":{\"@id\":\"https:\\\/\\\/feda.org\\\/feda2k16\\\/#organization\"},\"alternateName\":\"Federaci\u00f3n Espa\u00f1ola de Ajedrez\",\"potentialAction\":[{\"@type\":\"SearchAction\",\"target\":{\"@type\":\"EntryPoint\",\"urlTemplate\":\"https:\\\/\\\/feda.org\\\/feda2k16\\\/?s={search_term_string}\"},\"query-input\":{\"@type\":\"PropertyValueSpecification\",\"valueRequired\":true,\"valueName\":\"search_term_string\"}}],\"inLanguage\":\"es\"},{\"@type\":\"Organization\",\"@id\":\"https:\\\/\\\/feda.org\\\/feda2k16\\\/#organization\",\"name\":\"FEDA\",\"alternateName\":\"Federaci\u00f3n Espa\u00f1ola de Ajedrez\",\"url\":\"https:\\\/\\\/feda.org\\\/feda2k16\\\/\",\"logo\":{\"@type\":\"ImageObject\",\"inLanguage\":\"es\",\"@id\":\"https:\\\/\\\/feda.org\\\/feda2k16\\\/#\\\/schema\\\/logo\\\/image\\\/\",\"url\":\"https:\\\/\\\/feda.org\\\/feda2k16\\\/wp-content\\\/uploads\\\/NuevoLogo_FEDA_2016.png\",\"contentUrl\":\"https:\\\/\\\/feda.org\\\/feda2k16\\\/wp-content\\\/uploads\\\/NuevoLogo_FEDA_2016.png\",\"width\":600,\"height\":600,\"caption\":\"FEDA\"},\"image\":{\"@id\":\"https:\\\/\\\/feda.org\\\/feda2k16\\\/#\\\/schema\\\/logo\\\/image\\\/\"},\"sameAs\":[\"https:\\\/\\\/www.facebook.com\\\/federacionespanoladeajedrez\\\/\",\"https:\\\/\\\/x.com\\\/AjedrezEspanola\",\"https:\\\/\\\/www.instagram.com\\\/federacionespanolaajedrez\\\/?hl=es\",\"https:\\\/\\\/www.youtube.com\\\/@FederacionEspanoladeAjedrezFED\\\/featured\"]},{\"@type\":\"Person\",\"@id\":\"https:\\\/\\\/feda.org\\\/feda2k16\\\/#\\\/schema\\\/person\\\/b39486343e189c77e58d02641385fe29\",\"name\":\"elefante66\",\"url\":\"https:\\\/\\\/feda.org\\\/feda2k16\\\/author\\\/elefante66\\\/\"}]}<\/script>\n<!-- \/ Yoast SEO plugin. -->","yoast_head_json":{"title":"Campeones de Espa\u00f1a de Tramo de Elo 2026. - FEDA","description":"FEDA, Federaci\u00f3n Espa\u00f1ola de Ajedrez, ajedrez madrid, federarse ajedrez, campeonato de Espa\u00f1a de ajedrez, ajedrez","robots":{"index":"index","follow":"follow","max-snippet":"max-snippet:-1","max-image-preview":"max-image-preview:large","max-video-preview":"max-video-preview:-1"},"canonical":"https:\/\/feda.org\/feda2k16\/campeones-de-espana-de-tramo-de-elo-2026\/","og_locale":"es_ES","og_type":"article","og_title":"Campeones de Espa\u00f1a de Tramo de Elo 2026. - FEDA","og_description":"FEDA, Federaci\u00f3n Espa\u00f1ola de Ajedrez, ajedrez madrid, federarse ajedrez, campeonato de Espa\u00f1a de ajedrez, ajedrez","og_url":"https:\/\/feda.org\/feda2k16\/campeones-de-espana-de-tramo-de-elo-2026\/","og_site_name":"FEDA","article_publisher":"https:\/\/www.facebook.com\/federacionespanoladeajedrez\/","article_published_time":"2026-09-04T21:46:37+00:00","article_modified_time":"2026-09-04T22:08:53+00:00","og_image":[{"width":2048,"height":1536,"url":"https:\/\/feda.org\/feda2k16\/wp-content\/uploads\/WhatsApp-Image-2026-09-04-at-15.20.21-1.jpg","type":"image\/jpeg"}],"author":"elefante66","twitter_card":"summary_large_image","twitter_creator":"@AjedrezEspanola","twitter_site":"@AjedrezEspanola","twitter_misc":{"Escrito por":"elefante66","Tiempo de lectura":"1 minuto"},"schema":{"@context":"https:\/\/schema.org","@graph":[{"@type":"Article","@id":"https:\/\/feda.org\/feda2k16\/campeones-de-espana-de-tramo-de-elo-2026\/#article","isPartOf":{"@id":"https:\/\/feda.org\/feda2k16\/campeones-de-espana-de-tramo-de-elo-2026\/"},"author":{"name":"elefante66","@id":"https:\/\/feda.org\/feda2k16\/#\/schema\/person\/b39486343e189c77e58d02641385fe29"},"headline":"Campeones de Espa\u00f1a de Tramo de Elo 2026.","datePublished":"2026-09-04T21:46:37+00:00","dateModified":"2026-09-04T22:08:53+00:00","mainEntityOfPage":{"@id":"https:\/\/feda.org\/feda2k16\/campeones-de-espana-de-tramo-de-elo-2026\/"},"wordCount":98,"publisher":{"@id":"https:\/\/feda.org\/feda2k16\/#organization"},"image":{"@id":"https:\/\/feda.org\/feda2k16\/campeones-de-espana-de-tramo-de-elo-2026\/#primaryimage"},"thumbnailUrl":"https:\/\/feda.org\/feda2k16\/wp-content\/uploads\/WhatsApp-Image-2026-09-04-at-15.20.21-1.jpg","articleSection":["Noticias"],"inLanguage":"es"},{"@type":"WebPage","@id":"https:\/\/feda.org\/feda2k16\/campeones-de-espana-de-tramo-de-elo-2026\/","url":"https:\/\/feda.org\/feda2k16\/campeones-de-espana-de-tramo-de-elo-2026\/","name":"Campeones de Espa\u00f1a de Tramo de Elo 2026. - FEDA","isPartOf":{"@id":"https:\/\/feda.org\/feda2k16\/#website"},"primaryImageOfPage":{"@id":"https:\/\/feda.org\/feda2k16\/campeones-de-espana-de-tramo-de-elo-2026\/#primaryimage"},"image":{"@id":"https:\/\/feda.org\/feda2k16\/campeones-de-espana-de-tramo-de-elo-2026\/#primaryimage"},"thumbnailUrl":"https:\/\/feda.org\/feda2k16\/wp-content\/uploads\/WhatsApp-Image-2026-09-04-at-15.20.21-1.jpg","datePublished":"2026-09-04T21:46:37+00:00","dateModified":"2026-09-04T22:08:53+00:00","description":"FEDA, Federaci\u00f3n Espa\u00f1ola de Ajedrez, ajedrez madrid, federarse ajedrez, campeonato de Espa\u00f1a de ajedrez, ajedrez","breadcrumb":{"@id":"https:\/\/feda.org\/feda2k16\/campeones-de-espana-de-tramo-de-elo-2026\/#breadcrumb"},"inLanguage":"es","potentialAction":[{"@type":"ReadAction","target":["https:\/\/feda.org\/feda2k16\/campeones-de-espana-de-tramo-de-elo-2026\/"]}]},{"@type":"ImageObject","inLanguage":"es","@id":"https:\/\/feda.org\/feda2k16\/campeones-de-espana-de-tramo-de-elo-2026\/#primaryimage","url":"https:\/\/feda.org\/feda2k16\/wp-content\/uploads\/WhatsApp-Image-2026-09-04-at-15.20.21-1.jpg","contentUrl":"https:\/\/feda.org\/feda2k16\/wp-content\/uploads\/WhatsApp-Image-2026-09-04-at-15.20.21-1.jpg","width":2048,"height":1536},{"@type":"BreadcrumbList","@id":"https:\/\/feda.org\/feda2k16\/campeones-de-espana-de-tramo-de-elo-2026\/#breadcrumb","itemListElement":[{"@type":"ListItem","position":1,"name":"Portada","item":"https:\/\/feda.org\/feda2k16\/"},{"@type":"ListItem","position":2,"name":"Campeones de Espa\u00f1a de Tramo de Elo 2026."}]},{"@type":"WebSite","@id":"https:\/\/feda.org\/feda2k16\/#website","url":"https:\/\/feda.org\/feda2k16\/","name":"FEDA","description":"Federaci\u00f3n Espa\u00f1ola de Ajedrez","publisher":{"@id":"https:\/\/feda.org\/feda2k16\/#organization"},"alternateName":"Federaci\u00f3n Espa\u00f1ola de Ajedrez","potentialAction":[{"@type":"SearchAction","target":{"@type":"EntryPoint","urlTemplate":"https:\/\/feda.org\/feda2k16\/?s={search_term_string}"},"query-input":{"@type":"PropertyValueSpecification","valueRequired":true,"valueName":"search_term_string"}}],"inLanguage":"es"},{"@type":"Organization","@id":"https:\/\/feda.org\/feda2k16\/#organization","name":"FEDA","alternateName":"Federaci\u00f3n Espa\u00f1ola de Ajedrez","url":"https:\/\/feda.org\/feda2k16\/","logo":{"@type":"ImageObject","inLanguage":"es","@id":"https:\/\/feda.org\/feda2k16\/#\/schema\/logo\/image\/","url":"https:\/\/feda.org\/feda2k16\/wp-content\/uploads\/NuevoLogo_FEDA_2016.png","contentUrl":"https:\/\/feda.org\/feda2k16\/wp-content\/uploads\/NuevoLogo_FEDA_2016.png","width":600,"height":600,"caption":"FEDA"},"image":{"@id":"https:\/\/feda.org\/feda2k16\/#\/schema\/logo\/image\/"},"sameAs":["https:\/\/www.facebook.com\/federacionespanoladeajedrez\/","https:\/\/x.com\/AjedrezEspanola","https:\/\/www.instagram.com\/federacionespanolaajedrez\/?hl=es","https:\/\/www.youtube.com\/@FederacionEspanoladeAjedrezFED\/featured"]},{"@type":"Person","@id":"https:\/\/feda.org\/feda2k16\/#\/schema\/person\/b39486343e189c77e58d02641385fe29","name":"elefante66","url":"https:\/\/feda.org\/feda2k16\/author\/elefante66\/"}]}},"_links":{"self":[{"href":"https:\/\/feda.org\/feda2k16\/wp-json\/wp\/v2\/posts\/28872","targetHints":{"allow":["GET"]}}],"collection":[{"href":"https:\/\/feda.org\/feda2k16\/wp-json\/wp\/v2\/posts"}],"about":[{"href":"https:\/\/feda.org\/feda2k16\/wp-json\/wp\/v2\/types\/post"}],"author":[{"embeddable":true,"href":"https:\/\/feda.org\/feda2k16\/wp-json\/wp\/v2\/users\/5"}],"replies":[{"embeddable":true,"href":"https:\/\/feda.org\/feda2k16\/wp-json\/wp\/v2\/comments?post=28872"}],"version-history":[{"count":2,"href":"https:\/\/feda.org\/feda2k16\/wp-json\/wp\/v2\/posts\/28872\/revisions"}],"predecessor-version":[{"id":28878,"href":"https:\/\/feda.org\/feda2k16\/wp-json\/wp\/v2\/posts\/28872\/revisions\/28878"}],"wp:attachment":[{"href":"https:\/\/feda.org\/feda2k16\/wp-json\/wp\/v2\/media?parent=28872"}],"wp:term":[{"taxonomy":"category","embeddable":true,"href":"https:\/\/feda.org\/feda2k16\/wp-json\/wp\/v2\/categories?post=28872"},{"taxonomy":"post_tag","embeddable":true,"href":"https:\/\/feda.org\/feda2k16\/wp-json\/wp\/v2\/tags?post=28872"}],"curies":[{"name":"wp","href":"https:\/\/api.w.org\/{rel}","templated":true}]}}