{"id":340,"date":"2013-06-19T10:20:23","date_gmt":"2013-06-19T10:20:23","guid":{"rendered":"http:\/\/localhost:8888\/feda2k16\/?p=340"},"modified":"2016-11-15T11:15:26","modified_gmt":"2016-11-15T11:15:26","slug":"historial-campeonato-de-espana-abierto","status":"publish","type":"post","link":"https:\/\/feda.org\/feda2k16\/historial-campeonato-de-espana-abierto\/","title":{"rendered":"Historial Campeonato de Espa\u00f1a Abierto"},"content":{"rendered":"<p style=\"text-align: center;\">\u00a0<\/p>\n<table style=\"width: 549px;\" border=\"1\" width=\"412\" cellspacing=\"0\" cellpadding=\"0\" align=\"left\">\n<tbody>\n<tr>\n<td style=\"width: 61px; height: 29px;\">\n<p style=\"text-align: center;\"><strong>Orden<\/strong><\/p>\n<\/td>\n<td style=\"width: 81px; height: 29px;\">\n<p style=\"text-align: center;\"><strong>A\u00f1o<\/strong><\/p>\n<\/td>\n<td style=\"width: 132px; height: 29px;\">\n<p style=\"text-align: center;\"><strong>Lugar<\/strong><\/p>\n<\/td>\n<td style=\"width: 274px; height: 29px;\" nowrap=\"nowrap\">\n<p style=\"text-align: center;\"><strong>Campe\u00f3n<\/strong><\/p>\n<\/td>\n<\/tr>\n<tr>\n<td style=\"width: 61px; height: 22px;\">\n<p style=\"text-align: center;\">I<\/p>\n<\/td>\n<td style=\"width: 81px; height: 22px;\">\n<p style=\"text-align: center;\">2001<\/p>\n<\/td>\n<td style=\"width: 132px; height: 22px;\">\n<p style=\"text-align: center;\">Manacor<\/p>\n<\/td>\n<td style=\"width: 274px; height: 22px;\" nowrap=\"nowrap\">\n<p style=\"text-align: center;\">Jos\u00e9 Luis Fern\u00e1ndez Garc\u00eda<\/p>\n<\/td>\n<\/tr>\n<tr>\n<td style=\"width: 61px; height: 22px;\">\n<p style=\"text-align: center;\">II<\/p>\n<\/td>\n<td style=\"width: 81px; height: 22px;\">\n<p style=\"text-align: center;\">2002<\/p>\n<\/td>\n<td style=\"width: 132px; height: 22px;\">\n<p style=\"text-align: center;\">Isla Canela<\/p>\n<\/td>\n<td style=\"width: 274px; height: 22px;\" nowrap=\"nowrap\">\n<p style=\"text-align: center;\">Mario G\u00f3mez Esteban<\/p>\n<\/td>\n<\/tr>\n<tr>\n<td style=\"width: 61px; height: 22px;\">\n<p style=\"text-align: center;\">III<\/p>\n<\/td>\n<td style=\"width: 81px; height: 22px;\">\n<p style=\"text-align: center;\">2003<\/p>\n<\/td>\n<td style=\"width: 132px; height: 22px;\">\n<p style=\"text-align: center;\">Burgos<\/p>\n<\/td>\n<td style=\"width: 274px; height: 22px;\" nowrap=\"nowrap\">\n<p style=\"text-align: center;\">Manuel P\u00e9rez Candelario<\/p>\n<\/td>\n<\/tr>\n<tr>\n<td style=\"width: 61px; height: 22px;\">\n<p style=\"text-align: center;\">IV<\/p>\n<\/td>\n<td style=\"width: 81px; height: 22px;\">\n<p style=\"text-align: center;\">2004<\/p>\n<\/td>\n<td style=\"width: 132px; height: 22px;\">\n<p style=\"text-align: center;\">Sevilla<\/p>\n<\/td>\n<td style=\"width: 274px; height: 22px;\" nowrap=\"nowrap\">\n<p style=\"text-align: center;\">Jes\u00fas Bar\u00f3n Rodr\u00edguez<\/p>\n<\/td>\n<\/tr>\n<tr>\n<td style=\"width: 61px; height: 22px;\">\n<p style=\"text-align: center;\">V<\/p>\n<\/td>\n<td style=\"width: 81px; height: 22px;\">\n<p style=\"text-align: center;\">2005<\/p>\n<\/td>\n<td style=\"width: 132px; height: 22px;\">\n<p style=\"text-align: center;\">Lorca<\/p>\n<\/td>\n<td style=\"width: 274px; height: 22px;\" nowrap=\"nowrap\">\n<p style=\"text-align: center;\">Manuel Rivas Pastor<\/p>\n<\/td>\n<\/tr>\n<tr>\n<td style=\"width: 61px; height: 22px;\">\n<p style=\"text-align: center;\">VI<\/p>\n<\/td>\n<td style=\"width: 81px; height: 22px;\">\n<p style=\"text-align: center;\">2006<\/p>\n<\/td>\n<td style=\"width: 132px; height: 22px;\">\n<p style=\"text-align: center;\">Le\u00f3n<\/p>\n<\/td>\n<td style=\"width: 274px; height: 22px;\" nowrap=\"nowrap\">\n<p style=\"text-align: center;\">Javier Moreno Ruiz<\/p>\n<\/td>\n<\/tr>\n<tr>\n<td style=\"width: 61px; height: 22px;\" rowspan=\"2\">\n<p style=\"text-align: center;\">VII<\/p>\n<\/td>\n<td style=\"width: 81px; height: 22px;\" rowspan=\"2\">\n<p style=\"text-align: center;\">2007<\/p>\n<\/td>\n<td style=\"width: 132px; height: 22px;\">\n<p style=\"text-align: center;\">Almer\u00eda<\/p>\n<\/td>\n<td style=\"width: 274px; height: 22px;\" nowrap=\"nowrap\">\n<p style=\"text-align: center;\">Miguel Llanes Hurtado\u00a0<\/p>\n<\/td>\n<\/tr>\n<tr>\n<td style=\"width: 132px; height: 22px;\">\n<p style=\"text-align: center;\">Mondariz<\/p>\n<\/td>\n<td style=\"width: 274px; height: 22px;\" nowrap=\"nowrap\">\n<p style=\"text-align: center;\">Josep Oms Pallise<\/p>\n<\/td>\n<\/tr>\n<tr>\n<td style=\"width: 61px; height: 22px;\" rowspan=\"2\">\n<p style=\"text-align: center;\">VIII<\/p>\n<\/td>\n<td style=\"width: 81px; height: 22px;\" rowspan=\"2\">\n<p style=\"text-align: center;\">2008<\/p>\n<\/td>\n<td style=\"width: 132px; height: 22px;\">\n<p style=\"text-align: center;\">M\u00e9rida<\/p>\n<\/td>\n<td style=\"width: 274px; height: 22px;\" nowrap=\"nowrap\">\n<p style=\"text-align: center;\">Juan M. Carrasco Mart\u00ednez<\/p>\n<\/td>\n<\/tr>\n<tr>\n<td style=\"width: 132px; height: 22px;\">\n<p style=\"text-align: center;\">Logro\u00f1o<\/p>\n<\/td>\n<td style=\"width: 274px; height: 22px;\" nowrap=\"nowrap\">\n<p style=\"text-align: center;\">David Lari\u00f1o Nieto<\/p>\n<\/td>\n<\/tr>\n<\/tbody>\n<\/table>\n<p>&nbsp;<\/p>\n","protected":false},"excerpt":{"rendered":"<p>\u00a0 Orden A\u00f1o Lugar Campe\u00f3n I 2001 Manacor Jos\u00e9 Luis Fern\u00e1ndez Garc\u00eda II 2002 Isla Canela Mario G\u00f3mez Esteban III 2003 Burgos Manuel P\u00e9rez Candelario IV 2004 Sevilla Jes\u00fas Bar\u00f3n Rodr\u00edguez V 2005 Lorca Manuel Rivas Pastor VI 2006 Le\u00f3n Javier Moreno Ruiz VII 2007 Almer\u00eda Miguel Llanes Hurtado\u00a0 Mondariz Josep Oms Pallise VIII 2008 [&hellip;]<\/p>\n","protected":false},"author":1,"featured_media":0,"comment_status":"closed","ping_status":"closed","sticky":false,"template":"","format":"standard","meta":{"footnotes":""},"categories":[35],"tags":[],"class_list":["post-340","post","type-post","status-publish","format-standard","hentry","category-historial-de-los-campeonatos-de-espana"],"yoast_head":"<!-- This site is optimized with the Yoast SEO plugin v27.4 - https:\/\/yoast.com\/product\/yoast-seo-wordpress\/ -->\n<title>Historial Campeonato de Espa\u00f1a Abierto - FEDA<\/title>\n<meta name=\"description\" content=\"FEDA, Federaci\u00f3n Espa\u00f1ola de Ajedrez, ajedrez madrid, federarse ajedrez, campeonato de Espa\u00f1a de ajedrez, ajedrez\" \/>\n<meta name=\"robots\" content=\"index, follow, max-snippet:-1, max-image-preview:large, max-video-preview:-1\" \/>\n<link rel=\"canonical\" href=\"https:\/\/feda.org\/feda2k16\/historial-campeonato-de-espana-abierto\/\" \/>\n<meta property=\"og:locale\" content=\"es_ES\" \/>\n<meta property=\"og:type\" content=\"article\" \/>\n<meta property=\"og:title\" content=\"Historial Campeonato de Espa\u00f1a Abierto - FEDA\" \/>\n<meta property=\"og:description\" content=\"FEDA, Federaci\u00f3n Espa\u00f1ola de Ajedrez, ajedrez madrid, federarse ajedrez, campeonato de Espa\u00f1a de ajedrez, ajedrez\" \/>\n<meta property=\"og:url\" content=\"https:\/\/feda.org\/feda2k16\/historial-campeonato-de-espana-abierto\/\" \/>\n<meta property=\"og:site_name\" content=\"FEDA\" \/>\n<meta property=\"article:publisher\" content=\"https:\/\/www.facebook.com\/federacionespanoladeajedrez\/\" \/>\n<meta property=\"article:published_time\" content=\"2013-06-19T10:20:23+00:00\" \/>\n<meta property=\"article:modified_time\" content=\"2016-11-15T11:15:26+00:00\" \/>\n<meta name=\"author\" content=\"feda2k16\" \/>\n<meta name=\"twitter:card\" content=\"summary_large_image\" \/>\n<meta name=\"twitter:creator\" content=\"@AjedrezEspanola\" \/>\n<meta name=\"twitter:site\" content=\"@AjedrezEspanola\" \/>\n<meta name=\"twitter:label1\" content=\"Escrito por\" \/>\n\t<meta name=\"twitter:data1\" content=\"feda2k16\" \/>\n<script type=\"application\/ld+json\" class=\"yoast-schema-graph\">{\"@context\":\"https:\\\/\\\/schema.org\",\"@graph\":[{\"@type\":\"Article\",\"@id\":\"https:\\\/\\\/feda.org\\\/feda2k16\\\/historial-campeonato-de-espana-abierto\\\/#article\",\"isPartOf\":{\"@id\":\"https:\\\/\\\/feda.org\\\/feda2k16\\\/historial-campeonato-de-espana-abierto\\\/\"},\"author\":{\"name\":\"feda2k16\",\"@id\":\"https:\\\/\\\/feda.org\\\/feda2k16\\\/#\\\/schema\\\/person\\\/80aa48a4dc5c6ea03ca1dbf21ce423da\"},\"headline\":\"Historial Campeonato de Espa\u00f1a Abierto\",\"datePublished\":\"2013-06-19T10:20:23+00:00\",\"dateModified\":\"2016-11-15T11:15:26+00:00\",\"mainEntityOfPage\":{\"@id\":\"https:\\\/\\\/feda.org\\\/feda2k16\\\/historial-campeonato-de-espana-abierto\\\/\"},\"wordCount\":77,\"publisher\":{\"@id\":\"https:\\\/\\\/feda.org\\\/feda2k16\\\/#organization\"},\"articleSection\":[\"Historial de los Campeonatos de Espa\u00f1a\"],\"inLanguage\":\"es\"},{\"@type\":\"WebPage\",\"@id\":\"https:\\\/\\\/feda.org\\\/feda2k16\\\/historial-campeonato-de-espana-abierto\\\/\",\"url\":\"https:\\\/\\\/feda.org\\\/feda2k16\\\/historial-campeonato-de-espana-abierto\\\/\",\"name\":\"Historial Campeonato de Espa\u00f1a Abierto - FEDA\",\"isPartOf\":{\"@id\":\"https:\\\/\\\/feda.org\\\/feda2k16\\\/#website\"},\"datePublished\":\"2013-06-19T10:20:23+00:00\",\"dateModified\":\"2016-11-15T11:15:26+00:00\",\"description\":\"FEDA, Federaci\u00f3n Espa\u00f1ola de Ajedrez, ajedrez madrid, federarse ajedrez, campeonato de Espa\u00f1a de ajedrez, ajedrez\",\"breadcrumb\":{\"@id\":\"https:\\\/\\\/feda.org\\\/feda2k16\\\/historial-campeonato-de-espana-abierto\\\/#breadcrumb\"},\"inLanguage\":\"es\",\"potentialAction\":[{\"@type\":\"ReadAction\",\"target\":[\"https:\\\/\\\/feda.org\\\/feda2k16\\\/historial-campeonato-de-espana-abierto\\\/\"]}]},{\"@type\":\"BreadcrumbList\",\"@id\":\"https:\\\/\\\/feda.org\\\/feda2k16\\\/historial-campeonato-de-espana-abierto\\\/#breadcrumb\",\"itemListElement\":[{\"@type\":\"ListItem\",\"position\":1,\"name\":\"Portada\",\"item\":\"https:\\\/\\\/feda.org\\\/feda2k16\\\/\"},{\"@type\":\"ListItem\",\"position\":2,\"name\":\"Historial Campeonato de Espa\u00f1a Abierto\"}]},{\"@type\":\"WebSite\",\"@id\":\"https:\\\/\\\/feda.org\\\/feda2k16\\\/#website\",\"url\":\"https:\\\/\\\/feda.org\\\/feda2k16\\\/\",\"name\":\"FEDA\",\"description\":\"Federaci\u00f3n Espa\u00f1ola de Ajedrez\",\"publisher\":{\"@id\":\"https:\\\/\\\/feda.org\\\/feda2k16\\\/#organization\"},\"alternateName\":\"Federaci\u00f3n Espa\u00f1ola de Ajedrez\",\"potentialAction\":[{\"@type\":\"SearchAction\",\"target\":{\"@type\":\"EntryPoint\",\"urlTemplate\":\"https:\\\/\\\/feda.org\\\/feda2k16\\\/?s={search_term_string}\"},\"query-input\":{\"@type\":\"PropertyValueSpecification\",\"valueRequired\":true,\"valueName\":\"search_term_string\"}}],\"inLanguage\":\"es\"},{\"@type\":\"Organization\",\"@id\":\"https:\\\/\\\/feda.org\\\/feda2k16\\\/#organization\",\"name\":\"FEDA\",\"alternateName\":\"Federaci\u00f3n Espa\u00f1ola de Ajedrez\",\"url\":\"https:\\\/\\\/feda.org\\\/feda2k16\\\/\",\"logo\":{\"@type\":\"ImageObject\",\"inLanguage\":\"es\",\"@id\":\"https:\\\/\\\/feda.org\\\/feda2k16\\\/#\\\/schema\\\/logo\\\/image\\\/\",\"url\":\"https:\\\/\\\/feda.org\\\/feda2k16\\\/wp-content\\\/uploads\\\/NuevoLogo_FEDA_2016.png\",\"contentUrl\":\"https:\\\/\\\/feda.org\\\/feda2k16\\\/wp-content\\\/uploads\\\/NuevoLogo_FEDA_2016.png\",\"width\":600,\"height\":600,\"caption\":\"FEDA\"},\"image\":{\"@id\":\"https:\\\/\\\/feda.org\\\/feda2k16\\\/#\\\/schema\\\/logo\\\/image\\\/\"},\"sameAs\":[\"https:\\\/\\\/www.facebook.com\\\/federacionespanoladeajedrez\\\/\",\"https:\\\/\\\/x.com\\\/AjedrezEspanola\",\"https:\\\/\\\/www.instagram.com\\\/federacionespanolaajedrez\\\/?hl=es\",\"https:\\\/\\\/www.youtube.com\\\/@FederacionEspanoladeAjedrezFED\\\/featured\"]},{\"@type\":\"Person\",\"@id\":\"https:\\\/\\\/feda.org\\\/feda2k16\\\/#\\\/schema\\\/person\\\/80aa48a4dc5c6ea03ca1dbf21ce423da\",\"name\":\"feda2k16\",\"url\":\"https:\\\/\\\/feda.org\\\/feda2k16\\\/author\\\/feda2k16\\\/\"}]}<\/script>\n<!-- \/ Yoast SEO plugin. -->","yoast_head_json":{"title":"Historial Campeonato de Espa\u00f1a Abierto - FEDA","description":"FEDA, Federaci\u00f3n Espa\u00f1ola de Ajedrez, ajedrez madrid, federarse ajedrez, campeonato de Espa\u00f1a de ajedrez, ajedrez","robots":{"index":"index","follow":"follow","max-snippet":"max-snippet:-1","max-image-preview":"max-image-preview:large","max-video-preview":"max-video-preview:-1"},"canonical":"https:\/\/feda.org\/feda2k16\/historial-campeonato-de-espana-abierto\/","og_locale":"es_ES","og_type":"article","og_title":"Historial Campeonato de Espa\u00f1a Abierto - FEDA","og_description":"FEDA, Federaci\u00f3n Espa\u00f1ola de Ajedrez, ajedrez madrid, federarse ajedrez, campeonato de Espa\u00f1a de ajedrez, ajedrez","og_url":"https:\/\/feda.org\/feda2k16\/historial-campeonato-de-espana-abierto\/","og_site_name":"FEDA","article_publisher":"https:\/\/www.facebook.com\/federacionespanoladeajedrez\/","article_published_time":"2013-06-19T10:20:23+00:00","article_modified_time":"2016-11-15T11:15:26+00:00","author":"feda2k16","twitter_card":"summary_large_image","twitter_creator":"@AjedrezEspanola","twitter_site":"@AjedrezEspanola","twitter_misc":{"Escrito por":"feda2k16"},"schema":{"@context":"https:\/\/schema.org","@graph":[{"@type":"Article","@id":"https:\/\/feda.org\/feda2k16\/historial-campeonato-de-espana-abierto\/#article","isPartOf":{"@id":"https:\/\/feda.org\/feda2k16\/historial-campeonato-de-espana-abierto\/"},"author":{"name":"feda2k16","@id":"https:\/\/feda.org\/feda2k16\/#\/schema\/person\/80aa48a4dc5c6ea03ca1dbf21ce423da"},"headline":"Historial Campeonato de Espa\u00f1a Abierto","datePublished":"2013-06-19T10:20:23+00:00","dateModified":"2016-11-15T11:15:26+00:00","mainEntityOfPage":{"@id":"https:\/\/feda.org\/feda2k16\/historial-campeonato-de-espana-abierto\/"},"wordCount":77,"publisher":{"@id":"https:\/\/feda.org\/feda2k16\/#organization"},"articleSection":["Historial de los Campeonatos de Espa\u00f1a"],"inLanguage":"es"},{"@type":"WebPage","@id":"https:\/\/feda.org\/feda2k16\/historial-campeonato-de-espana-abierto\/","url":"https:\/\/feda.org\/feda2k16\/historial-campeonato-de-espana-abierto\/","name":"Historial Campeonato de Espa\u00f1a Abierto - FEDA","isPartOf":{"@id":"https:\/\/feda.org\/feda2k16\/#website"},"datePublished":"2013-06-19T10:20:23+00:00","dateModified":"2016-11-15T11:15:26+00:00","description":"FEDA, Federaci\u00f3n Espa\u00f1ola de Ajedrez, ajedrez madrid, federarse ajedrez, campeonato de Espa\u00f1a de ajedrez, ajedrez","breadcrumb":{"@id":"https:\/\/feda.org\/feda2k16\/historial-campeonato-de-espana-abierto\/#breadcrumb"},"inLanguage":"es","potentialAction":[{"@type":"ReadAction","target":["https:\/\/feda.org\/feda2k16\/historial-campeonato-de-espana-abierto\/"]}]},{"@type":"BreadcrumbList","@id":"https:\/\/feda.org\/feda2k16\/historial-campeonato-de-espana-abierto\/#breadcrumb","itemListElement":[{"@type":"ListItem","position":1,"name":"Portada","item":"https:\/\/feda.org\/feda2k16\/"},{"@type":"ListItem","position":2,"name":"Historial Campeonato de Espa\u00f1a Abierto"}]},{"@type":"WebSite","@id":"https:\/\/feda.org\/feda2k16\/#website","url":"https:\/\/feda.org\/feda2k16\/","name":"FEDA","description":"Federaci\u00f3n Espa\u00f1ola de Ajedrez","publisher":{"@id":"https:\/\/feda.org\/feda2k16\/#organization"},"alternateName":"Federaci\u00f3n Espa\u00f1ola de Ajedrez","potentialAction":[{"@type":"SearchAction","target":{"@type":"EntryPoint","urlTemplate":"https:\/\/feda.org\/feda2k16\/?s={search_term_string}"},"query-input":{"@type":"PropertyValueSpecification","valueRequired":true,"valueName":"search_term_string"}}],"inLanguage":"es"},{"@type":"Organization","@id":"https:\/\/feda.org\/feda2k16\/#organization","name":"FEDA","alternateName":"Federaci\u00f3n Espa\u00f1ola de Ajedrez","url":"https:\/\/feda.org\/feda2k16\/","logo":{"@type":"ImageObject","inLanguage":"es","@id":"https:\/\/feda.org\/feda2k16\/#\/schema\/logo\/image\/","url":"https:\/\/feda.org\/feda2k16\/wp-content\/uploads\/NuevoLogo_FEDA_2016.png","contentUrl":"https:\/\/feda.org\/feda2k16\/wp-content\/uploads\/NuevoLogo_FEDA_2016.png","width":600,"height":600,"caption":"FEDA"},"image":{"@id":"https:\/\/feda.org\/feda2k16\/#\/schema\/logo\/image\/"},"sameAs":["https:\/\/www.facebook.com\/federacionespanoladeajedrez\/","https:\/\/x.com\/AjedrezEspanola","https:\/\/www.instagram.com\/federacionespanolaajedrez\/?hl=es","https:\/\/www.youtube.com\/@FederacionEspanoladeAjedrezFED\/featured"]},{"@type":"Person","@id":"https:\/\/feda.org\/feda2k16\/#\/schema\/person\/80aa48a4dc5c6ea03ca1dbf21ce423da","name":"feda2k16","url":"https:\/\/feda.org\/feda2k16\/author\/feda2k16\/"}]}},"_links":{"self":[{"href":"https:\/\/feda.org\/feda2k16\/wp-json\/wp\/v2\/posts\/340","targetHints":{"allow":["GET"]}}],"collection":[{"href":"https:\/\/feda.org\/feda2k16\/wp-json\/wp\/v2\/posts"}],"about":[{"href":"https:\/\/feda.org\/feda2k16\/wp-json\/wp\/v2\/types\/post"}],"author":[{"embeddable":true,"href":"https:\/\/feda.org\/feda2k16\/wp-json\/wp\/v2\/users\/1"}],"replies":[{"embeddable":true,"href":"https:\/\/feda.org\/feda2k16\/wp-json\/wp\/v2\/comments?post=340"}],"version-history":[{"count":2,"href":"https:\/\/feda.org\/feda2k16\/wp-json\/wp\/v2\/posts\/340\/revisions"}],"predecessor-version":[{"id":10727,"href":"https:\/\/feda.org\/feda2k16\/wp-json\/wp\/v2\/posts\/340\/revisions\/10727"}],"wp:attachment":[{"href":"https:\/\/feda.org\/feda2k16\/wp-json\/wp\/v2\/media?parent=340"}],"wp:term":[{"taxonomy":"category","embeddable":true,"href":"https:\/\/feda.org\/feda2k16\/wp-json\/wp\/v2\/categories?post=340"},{"taxonomy":"post_tag","embeddable":true,"href":"https:\/\/feda.org\/feda2k16\/wp-json\/wp\/v2\/tags?post=340"}],"curies":[{"name":"wp","href":"https:\/\/api.w.org\/{rel}","templated":true}]}}