{"id":639,"date":"2013-11-06T10:17:14","date_gmt":"2013-11-06T10:17:14","guid":{"rendered":"http:\/\/localhost:8888\/feda2k16\/?p=639"},"modified":"2016-08-06T08:34:02","modified_gmt":"2016-08-06T08:34:02","slug":"circular-25-2013-convocatoria-del-vi-campeonato-de-espana-por-equipos-de-club-2013-categoria-sub-16","status":"publish","type":"post","link":"https:\/\/feda.org\/feda2k16\/circular-25-2013-convocatoria-del-vi-campeonato-de-espana-por-equipos-de-club-2013-categoria-sub-16\/","title":{"rendered":"Circular 25\/2013 &#8211; Convocatoria del VI Campeonato de Espa\u00f1a por Equipos de Club 2013.  Categor\u00eda SUB 16"},"content":{"rendered":"<h2 align=\"center\"> \t&nbsp;<\/h2>\n<p class=\"p1\" style=\"text-align: left;\"> \t&nbsp;<\/p>\n<p class=\"p2\" style=\"text-align: left;\"> \t<span style=\"font-size:11px;\"><span style=\"font-family:arial,helvetica,sans-serif;\">A TODAS LAS FEDERACIONES AUTONOMICAS&nbsp;<\/span><\/span><\/p>\n<p class=\"p2\" style=\"text-align: left;\"> \t<span style=\"font-size:11px;\"><span style=\"font-family:arial,helvetica,sans-serif;\">Ref.: Convocatoria del VI Campeonato de Espa\u00f1a por Equipos de Club 2013.&nbsp;<br \/> \tCategor\u00eda SUB 16<\/span><\/span><\/p>\n<p class=\"p3\" style=\"text-align: left;\"> \t&nbsp;<\/p>\n<p class=\"p4\" style=\"text-align: left;\"> \t<span style=\"font-size:11px;\"><span style=\"font-family:arial,helvetica,sans-serif;\">ORGANIZACI\u00d3N<\/span><\/span><\/p>\n<p class=\"p4\" style=\"text-align: left;\"> \t<span style=\"font-size:11px;\"><span style=\"font-family:arial,helvetica,sans-serif;\">Correr\u00e1 a cargo del Grupo Bali y Club de Ajedrez Alicante, con la colaboraci\u00f3n de las Federaciones Espa\u00f1ola y de la Comunidad Valenciana de Ajedrez.&nbsp;<\/span><\/span><\/p>\n<p class=\"p3\" style=\"text-align: left;\"> \t&nbsp;<\/p>\n<p class=\"p4\" style=\"text-align: left;\"> \t<span style=\"font-size:11px;\"><span style=\"font-family:arial,helvetica,sans-serif;\">COLABORAN<\/span><\/span><\/p>\n<p class=\"p3\" style=\"text-align: left;\"> \t&nbsp;<\/p>\n<p class=\"p4\" style=\"text-align: left;\"> \t<span style=\"font-size:11px;\"><span style=\"font-family:arial,helvetica,sans-serif;\">DIPUTACI\u00d3N DE ALICANTE<\/span><\/span><\/p>\n<p class=\"p4\" style=\"text-align: left;\"> \t<span style=\"font-size:11px;\"><span style=\"font-family:arial,helvetica,sans-serif;\">GENERALITAT VALENCIANA<\/span><\/span><\/p>\n<p class=\"p4\" style=\"text-align: left;\"> \t<span style=\"font-size:11px;\"><span style=\"font-family:arial,helvetica,sans-serif;\">CONSELL VALENCI\u00c0&nbsp; DE L\u2019ESPORT<\/span><\/span><\/p>\n<p class=\"p4\" style=\"text-align: left;\"> \t<span style=\"font-size:11px;\"><span style=\"font-family:arial,helvetica,sans-serif;\">CONSEJO SUPERIOR DE DEPORTES<\/span><\/span><\/p>\n<p class=\"p3\" style=\"text-align: left;\"> \t&nbsp;<\/p>\n<p class=\"p4\" style=\"text-align: left;\"> \t<span style=\"font-size:11px;\"><span style=\"font-family:arial,helvetica,sans-serif;\">SISTEMA Y CALENDARIO DE JUEGO<\/span><\/span><\/p>\n<p class=\"p3\" style=\"text-align: left;\"> \t&nbsp;<\/p>\n<p class=\"p4\" style=\"text-align: left;\"> \t<span style=\"font-size:11px;\"><span style=\"font-family:arial,helvetica,sans-serif;\">Se jugar\u00e1 por Sistema Suizo, a seis rondas.<\/span><\/span><\/p>\n<p class=\"p3\" style=\"text-align: left;\"> \t&nbsp;<\/p>\n<p class=\"p4\" style=\"text-align: left;\"> \t<span style=\"font-size:11px;\"><span style=\"font-family:arial,helvetica,sans-serif;\">Equipos formados por cuatro tableros. La puntuaci\u00f3n ser\u00e1 por encuentro (2, 1, 0), siendo el primer sistema de desempate la puntuaci\u00f3n total por tableros.<\/span><\/span><\/p>\n<p class=\"p3\" style=\"text-align: left;\"> \t&nbsp;<\/p>\n<p class=\"p4\" style=\"text-align: left;\"> \t<span style=\"font-size:11px;\"><span style=\"font-family:arial,helvetica,sans-serif;\">La velocidad de juego ser\u00e1 de 90 minutos para toda la partida, con incremento de 30 segundos por jugada desde el movimiento 1.&nbsp;<\/span><\/span><\/p>\n<p class=\"p3\" style=\"text-align: left;\"> \t&nbsp;<\/p>\n<p class=\"p4\" style=\"text-align: left;\"> \t<span style=\"font-size:11px;\"><span style=\"font-family:arial,helvetica,sans-serif;\">El Campeonato se jugar\u00e1&nbsp; en el Gran Hotel BALI de Benidorm (Alicante), dentro del XII Festival Internacional de Ajedrez.&nbsp;<a href=\"http:\/\/www.ajedrezenelbali.com\/\"><span class=\"s1\">http:\/\/www.ajedrezenelbali.com\/<\/span><\/a><\/span><\/span><\/p>\n<p class=\"p3\" style=\"text-align: left;\"> \t&nbsp;<\/p>\n<p class=\"p4\" style=\"text-align: left;\"> \t<span style=\"font-size:11px;\"><span style=\"font-family:arial,helvetica,sans-serif;\"><span class=\"s2\">Fechas: del 05 al 08 de diciembre de 2013:&nbsp;<\/span><\/span><\/span><\/p>\n<p class=\"p4\" style=\"text-align: left;\"> \t<span style=\"font-size:11px;\"><span style=\"font-family:arial,helvetica,sans-serif;\">05\/12&nbsp; Llegada de participantes<\/span><\/span><\/p>\n<p class=\"p4\" style=\"text-align: left;\"> \t<span style=\"font-size:11px;\"><span style=\"font-family:arial,helvetica,sans-serif;\">05\/12 11:00 h&nbsp;a 12:30 h Acreditaci\u00f3n<\/span><\/span><\/p>\n<p class=\"p4\" style=\"text-align: left;\"> \t<span style=\"font-size:11px;\"><span style=\"font-family:arial,helvetica,sans-serif;\">05\/12\/2013 h Reuni\u00f3n de Delegados<\/span><\/span><\/p>\n<p class=\"p4\" style=\"text-align: left;\"> \t<span style=\"font-size:11px;\"><span style=\"font-family:arial,helvetica,sans-serif;\">05\/12 16:30 h Ronda 1<\/span><\/span><\/p>\n<p class=\"p5\" style=\"text-align: left;\"> \t<span style=\"font-size:11px;\"><span style=\"font-family:arial,helvetica,sans-serif;\">06\/12 10:00 h Ronda 2<span class=\"Apple-tab-span\"> <\/span><span class=\"Apple-tab-span\"> <\/span><\/span><\/span><\/p>\n<p class=\"p5\" style=\"text-align: left;\"> \t<span style=\"font-size:11px;\"><span style=\"font-family:arial,helvetica,sans-serif;\">06\/12 16:30 h Ronda 3 <span class=\"Apple-tab-span\"> <\/span><br \/> \t07\/12 10:00 h Ronda 4<\/span><\/span><\/p>\n<p class=\"p5\" style=\"text-align: left;\"> \t<span style=\"font-size:11px;\"><span style=\"font-family:arial,helvetica,sans-serif;\">07\/12 16:30 h Ronda 5<span class=\"Apple-tab-span\"> <\/span><span class=\"Apple-tab-span\"> <\/span><br \/> \t08\/12 09:00 h Ronda 6&nbsp; y entrega de premios.<\/span><\/span><\/p>\n<p class=\"p6\" style=\"text-align: left;\"> \t&nbsp;<\/p>\n<p class=\"p4\" style=\"text-align: left;\"> \t<span style=\"font-size:11px;\"><span style=\"font-family:arial,helvetica,sans-serif;\">Los horarios definitivos de juego se confirmar\u00e1n en la reuni\u00f3n de delegados del d\u00eda 05 -12.&nbsp;<\/span><\/span><\/p>\n<p class=\"p3\" style=\"text-align: left;\"> \t&nbsp;<\/p>\n<p class=\"p3\" style=\"text-align: left;\"> \t&nbsp;<\/p>\n<p class=\"p3\" style=\"text-align: left;\"> \t&nbsp;<\/p>\n<p class=\"p4\" style=\"text-align: left;\"> \t<span style=\"font-size:11px;\"><span style=\"font-family:arial,helvetica,sans-serif;\">PARTICIPACION<\/span><\/span><\/p>\n<p class=\"p3\" style=\"text-align: left;\"> \t&nbsp;<\/p>\n<p class=\"p4\" style=\"text-align: left;\"> \t<span style=\"font-size:11px;\"><span style=\"font-family:arial,helvetica,sans-serif;\">El Campeonato estar\u00e1 abierto a todos los equipos que cumplan las condiciones y formalicen su inscripci\u00f3n, m\u00e1s el Campe\u00f3n de la edici\u00f3n anterior.<\/span><\/span><\/p>\n<p class=\"p4\" style=\"text-align: left;\"> \t<span style=\"font-size:11px;\"><span style=\"font-family:arial,helvetica,sans-serif;\">No podr\u00e1 participar m\u00e1s de un equipo por Club.<\/span><\/span><\/p>\n<p class=\"p4\" style=\"text-align: left;\"> \t&nbsp;<\/p>\n<p class=\"p4\" style=\"text-align: left;\"> \t<span style=\"font-size:11px;\"><span style=\"font-family:arial,helvetica,sans-serif;\">Reglamento y Alineaci\u00f3n de jugadores:<\/span><\/span><\/p>\n<p class=\"p3\" style=\"text-align: left;\"> \t&nbsp;<\/p>\n<p class=\"p4\" style=\"text-align: left;\"> \t<span style=\"font-size:11px;\"><span style=\"font-family:arial,helvetica,sans-serif;\">Ser\u00e1 de aplicaci\u00f3n el Reglamento General de Competiciones de la FEDA.<\/span><\/span><\/p>\n<p class=\"p4\" style=\"text-align: left;\"> \t<span style=\"font-size:11px;\"><span style=\"font-family:arial,helvetica,sans-serif;\">Todos los jugadores integrantes del equipo deber\u00e1n ser de categor\u00eda sub 16, es decir, nacidos en el a\u00f1o 1997 o posterior, sin distinci\u00f3n de sexo.&nbsp;<\/span><\/span><\/p>\n<p class=\"p4\" style=\"text-align: left;\"> \t<span style=\"font-size:11px;\"><span style=\"font-family:arial,helvetica,sans-serif;\">Ser\u00e1 obligatoria la alineaci\u00f3n en cada encuentro de dos jugadores seleccionables por la FEDA. (Es decir, con bandera FIDE espa\u00f1ola).&nbsp;<\/span><\/span><\/p>\n<p class=\"p4\" style=\"text-align: left;\"> \t<span style=\"font-size:11px;\"><span style=\"font-family:arial,helvetica,sans-serif;\">&nbsp;&nbsp;<\/span><\/span><\/p>\n<p class=\"p4\" style=\"text-align: left;\"> \t<span style=\"font-size:11px;\"><span style=\"font-family:arial,helvetica,sans-serif;\">INSCRIPCIONES Y PLAZOS<\/span><\/span><\/p>\n<p class=\"p4\" style=\"text-align: left;\"> \t&nbsp;<\/p>\n<p class=\"p4\" style=\"text-align: left;\"> \t<span style=\"font-size:11px;\"><span style=\"font-family:arial,helvetica,sans-serif;\">Por todo el d\u00eda&nbsp; 25 de noviembre de 2013.&nbsp;<\/span><\/span><\/p>\n<p class=\"p4\" style=\"text-align: left;\"> \t<span style=\"font-size:11px;\"><span style=\"font-family:arial,helvetica,sans-serif;\">Antes de este plazo, deber\u00e1 presentarse, a trav\u00e9s de su Federaci\u00f3n Auton\u00f3mica, la siguiente documentaci\u00f3n:&nbsp;<\/span><\/span><\/p>\n<p class=\"p4\" style=\"text-align: left;\"> \t<span style=\"font-size:11px;\"><span style=\"font-family:arial,helvetica,sans-serif;\">&#8211; Nombre, direcci\u00f3n, n\u00famero de tel\u00e9fono y n\u00famero de fax del Club, Delegado y\/o Capit\u00e1n responsable del equipo y Federaci\u00f3n Auton\u00f3mica a la que pertenece.&nbsp;<\/span><\/span><\/p>\n<p class=\"p4\" style=\"text-align: left;\"> \t<span style=\"font-size:11px;\"><span style=\"font-family:arial,helvetica,sans-serif;\">&#8211; Orden de Fuerza compuesto por un m\u00e1ximo de seis participantes por orden de ELO, indicando nombre, nacionalidad, fecha de nacimiento, t\u00edtulos, ELO FIDE y ELO FEDA. (En la citada relaci\u00f3n no podr\u00e1n figurar personas que hayan jugado una partida con otro club espa\u00f1ol en la misma temporada). &nbsp;<\/span><\/span><\/p>\n<p class=\"p3\" style=\"text-align: left;\"> \t&nbsp;<\/p>\n<p class=\"p5\" style=\"text-align: left;\"> \t<span style=\"font-size:11px;\"><span style=\"font-family:arial,helvetica,sans-serif;\">La cuota de inscripci\u00f3n es de 40 euros, que deber\u00e1n ingresarse en la cuenta de la FEDA siguiente:<\/span><\/span><\/p>\n<p class=\"p5\" style=\"text-align: left;\"> \t<span style=\"font-size:11px;\"><span style=\"font-family:arial,helvetica,sans-serif;\">&nbsp;2085-8024-95-0300025965 (Ibercaja).&nbsp;<\/span><\/span><br \/> \t&nbsp;<\/p>\n<p class=\"p4\" style=\"text-align: left;\"> \t<span style=\"font-size:11px;\"><span style=\"font-family:arial,helvetica,sans-serif;\">INSCRIPCIONES FUERA DE PLAZO<\/span><\/span><\/p>\n<p class=\"p4\" style=\"text-align: left;\"> \t<span style=\"font-size:11px;\"><span style=\"font-family:arial,helvetica,sans-serif;\">La FEDA, de acuerdo con el organizador, podr\u00e1 admitir inscripciones fuera del plazo ordinario y, en todo caso, hasta el d\u00eda 29 de noviembre de 2013.&nbsp;<\/span><\/span><\/p>\n<p class=\"p4\" style=\"text-align: left;\"> \t<span style=\"font-size:11px;\"><span style=\"font-family:arial,helvetica,sans-serif;\">En este caso, la inscripci\u00f3n ser\u00e1 de 80 euros.<\/span><\/span><\/p>\n<p class=\"p3\" style=\"text-align: left;\"> \t&nbsp;<\/p>\n<p class=\"p4\" style=\"text-align: left;\"> \t<span style=\"font-size:11px;\"><span style=\"font-family:arial,helvetica,sans-serif;\">ORDEN DE FUERZA DEFINITIVO<\/span><\/span><\/p>\n<p class=\"p3\" style=\"text-align: left;\"> \t&nbsp;<\/p>\n<p class=\"p4\" style=\"text-align: left;\"> \t<span style=\"font-size:11px;\"><span style=\"font-family:arial,helvetica,sans-serif;\">Se podr\u00e1 presentar un Orden de Fuerza definitivo, que podr\u00e1 contener un m\u00e1ximo de dos cambios con respecto al presentado al formalizar la inscripci\u00f3n.&nbsp;<\/span><\/span><\/p>\n<p class=\"p4\" style=\"text-align: left;\"> \t<span style=\"font-size:11px;\"><span style=\"font-family:arial,helvetica,sans-serif;\">Para que sea v\u00e1lido, deber\u00e1 tener entrada en la FEDA hasta el d\u00eda 03 de diciembre de 2013 a las 13.00 h.&nbsp;<\/span><\/span><br \/> \t&nbsp;<\/p>\n<p class=\"p4\" style=\"text-align: left;\"> \t&nbsp;<\/p>\n<p class=\"p4\" style=\"text-align: left;\"> \t<span style=\"font-size:11px;\"><span style=\"font-family:arial,helvetica,sans-serif;\">ALOJAMIENTO<\/span><\/span><\/p>\n<p class=\"p3\" style=\"text-align: left;\"> \t&nbsp;<\/p>\n<p class=\"p4\" style=\"text-align: left;\"> \t<span style=\"font-size:11px;\"><span style=\"font-family:arial,helvetica,sans-serif;\">Hotel Oficial: Gran Hotel Bali****. Benidorm.<\/span><\/span><\/p>\n<p class=\"p5\" style=\"text-align: left;\"> \t<span style=\"font-size:11px;\"><span style=\"font-family:arial,helvetica,sans-serif;\">Los precios de alojamiento e informaci\u00f3n complementaria pueden encontrarse en <a href=\"http:\/\/www.ajedrezenelbali.com\/folletos\/FOLLETO%20BALI%202013\"><span class=\"s1\">http:\/\/www.ajedrezenelbali.com\/folletos\/FOLLETO%20BALI%202013<\/span><\/a><\/span><\/span><\/p>\n<p class=\"p4\" style=\"text-align: left;\"> \t<span style=\"font-size:11px;\"><span style=\"font-family:arial,helvetica,sans-serif;\">Para las reservas de alojamiento deber\u00e1n dirigirse a:&nbsp;<\/span><\/span><\/p>\n<p class=\"p5\" style=\"text-align: left;\"> \t<span style=\"font-size:11px;\"><span style=\"font-family:arial,helvetica,sans-serif;\">CENTRAL DE RESERVAS:&nbsp;<\/span><\/span><\/p>\n<p class=\"p5\" style=\"text-align: left;\"> \t<span style=\"font-size:11px;\"><span style=\"font-family:arial,helvetica,sans-serif;\">Tel\u00e9fono.- +34 902 141514 en horario de oficinas. FAX.- + 34 966813578. E-mail: <a href=\"mailto:reservas@grupobali.com\"><span class=\"s1\">reservas@grupobali.com<\/span><\/a><\/span><\/span><\/p>\n<p class=\"p3\" style=\"text-align: left;\"> \t&nbsp;<\/p>\n<p class=\"p4\" style=\"text-align: left;\"> \t<span style=\"font-size:11px;\"><span style=\"font-family:arial,helvetica,sans-serif;\">Nota importante sobre el alojamiento:<\/span><\/span><\/p>\n<p class=\"p3\" style=\"text-align: left;\"> \t&nbsp;<\/p>\n<p class=\"p4\" style=\"text-align: left;\"> \t<span style=\"font-size:11px;\"><span style=\"font-family:arial,helvetica,sans-serif;\">Para facilitar el pago de los premios, por lo que respecta a las plazas de hotel, el procedimiento ser\u00e1 el siguiente:<\/span><\/span><\/p>\n<p class=\"p3\" style=\"text-align: left;\"> \t&nbsp;<\/p>\n<p class=\"p4\" style=\"text-align: left;\"> \t<span style=\"font-size:11px;\"><span style=\"font-family:arial,helvetica,sans-serif;\">Todos los equipos inscritos deber\u00e1n proporcionar, a su llegada, una tarjeta de cr\u00e9dito en el momento de su registro en la Recepci\u00f3n del hotel.<\/span><\/span><\/p>\n<p class=\"p3\" style=\"text-align: left;\"> \t&nbsp;<\/p>\n<p class=\"p4\" style=\"text-align: left;\"> \t<span style=\"font-size:11px;\"><span style=\"font-family:arial,helvetica,sans-serif;\">El d\u00eda 8, en funci\u00f3n del premio obtenido, el hotel cargar\u00e1 en la Tarjeta de Cr\u00e9dito mencionada el importe de las plazas que resulten de pago y entregar\u00e1 la correspondiente factura al Club. No se cargar\u00e1n ni se facturar\u00e1n las plazas gratuitas correspondientes al premio obtenido, seg\u00fan la clasificaci\u00f3n del equipo.<\/span><\/span><\/p>\n<p class=\"p3\" style=\"text-align: left;\"> \t&nbsp;<\/p>\n<p class=\"p4\" style=\"text-align: left;\"> \t<span style=\"font-size:11px;\"><span style=\"font-family:arial,helvetica,sans-serif;\">Para optar a premios de alojamiento, ser\u00e1 imprescindible estar alojados en el Gran Hotel Bali. Estos premios no se compensar\u00e1n de ninguna otra forma.<\/span><\/span><\/p>\n<p class=\"p3\" style=\"text-align: left;\"> \t&nbsp;<\/p>\n<p class=\"p4\" style=\"text-align: left;\"> \t<span style=\"font-size:11px;\"><span style=\"font-family:arial,helvetica,sans-serif;\">PREMIOS<\/span><\/span><\/p>\n<p class=\"p3\" style=\"text-align: left;\"> \t&nbsp;<\/p>\n<ul class=\"ul1\">\n<li class=\"li4\" style=\"text-align: left;\">\n<h2 align=\"center\"> \t\t\t<span style=\"font-size:11px;\"><span style=\"font-family:arial,helvetica,sans-serif;\"><span class=\"s3\">&#8211;<span class=\"Apple-tab-span\"> <\/span><a href=\"http:\/\/1.er\/%22%20%5Ct%20%22_blank\"><span class=\"s4\">1er<\/span><\/a><\/span> Equipo Clasificado<\/span><\/span><\/h2>\n<\/li>\n<\/ul>\n<p class=\"p7\" style=\"text-align: left;\"> \t&nbsp;<\/p>\n<p class=\"p4\" style=\"text-align: left;\"> \t<span style=\"font-size:11px;\"><span style=\"font-family:arial,helvetica,sans-serif;\">TROFEO + 6 PLAZAS (habitaci\u00f3n doble\/triple) en el Gran Hotel Bali, a pensi\u00f3n completa durante el Campeonato.<\/span><\/span><\/p>\n<p class=\"p3\" style=\"text-align: left;\"> \t&nbsp;<\/p>\n<ul class=\"ul1\">\n<li class=\"li4\" style=\"text-align: left;\"> \t\t<span style=\"font-size:11px;\"><span style=\"font-family:arial,helvetica,sans-serif;\"><span class=\"s3\">&#8211;<span class=\"Apple-tab-span\"> <\/span><\/span>2do Equipo Clasificado<\/span><\/span><\/li>\n<\/ul>\n<p class=\"p7\" style=\"text-align: left;\"> \t&nbsp;<\/p>\n<p class=\"p4\" style=\"text-align: left;\"> \t<span style=\"font-size:11px;\"><span style=\"font-family:arial,helvetica,sans-serif;\">TROFEO + 6 PLAZAS (habitaci\u00f3n doble\/triple) en el Gran Hotel Bali, a pensi\u00f3n completa durante el Campeonato.<\/span><\/span><\/p>\n<p class=\"p3\" style=\"text-align: left;\"> \t&nbsp;<\/p>\n<ul class=\"ul1\">\n<li class=\"li4\" style=\"text-align: left;\"> \t\t<span style=\"font-size:11px;\"><span style=\"font-family:arial,helvetica,sans-serif;\"><span class=\"s3\">&#8211;<span class=\"Apple-tab-span\"> <\/span><\/span>3er Equipo Clasificado<\/span><\/span><\/li>\n<\/ul>\n<p class=\"p7\" style=\"text-align: left;\"> \t&nbsp;<\/p>\n<p class=\"p4\" style=\"text-align: left;\"> \t<span style=\"font-size:11px;\"><span style=\"font-family:arial,helvetica,sans-serif;\">TROFEO + 6 PLAZAS (habitaci\u00f3n doble\/triple) en el Gran Hotel Bali, a pensi\u00f3n completa durante el Campeonato.<\/span><\/span><\/p>\n<p class=\"p4\" style=\"text-align: left;\"> \t&nbsp;<\/p>\n<p class=\"p3\" style=\"text-align: left;\"> \t&nbsp;<\/p>\n<ul class=\"ul1\">\n<li class=\"li4\" style=\"text-align: left;\"> \t\t<span style=\"font-size:11px;\"><span style=\"font-family:arial,helvetica,sans-serif;\"><span class=\"s3\">&#8211;<span class=\"Apple-tab-span\"> <\/span><\/span>4to Equipo Clasificado<\/span><\/span><\/li>\n<\/ul>\n<p class=\"p7\" style=\"text-align: left;\"> \t&nbsp;<\/p>\n<p class=\"p4\" style=\"text-align: left;\"> \t<span style=\"font-size:11px;\"><span style=\"font-family:arial,helvetica,sans-serif;\">TROFEO + 4 PLAZAS (habitaci\u00f3n doble\/triple) en el Gran Hotel Bali, a pensi\u00f3n completa durante el Campeonato. &nbsp;<\/span><\/span><\/p>\n<p class=\"p3\" style=\"text-align: left;\"> \t&nbsp;<\/p>\n<ul class=\"ul1\">\n<li class=\"li4\" style=\"text-align: left;\"> \t\t<span style=\"font-size:11px;\"><span style=\"font-family:arial,helvetica,sans-serif;\"><span class=\"s3\">&#8211;<span class=\"Apple-tab-span\"> <\/span><\/span>5to. Equipo Clasificado<\/span><\/span><\/li>\n<\/ul>\n<p class=\"p7\" style=\"text-align: left;\"> \t&nbsp;<\/p>\n<p class=\"p4\" style=\"text-align: left;\"> \t<span style=\"font-size:11px;\"><span style=\"font-family:arial,helvetica,sans-serif;\">TROFEO + 2 PLAZAS (habitaci\u00f3n doble) en el Gran Hotel Bali, a pensi\u00f3n completa durante el Campeonato.&nbsp;<\/span><\/span><\/p>\n<p class=\"p4\" style=\"text-align: left;\"> \t&nbsp;<\/p>\n<ul class=\"ul1\">\n<li class=\"li4\" style=\"text-align: left;\"> \t\t<span style=\"font-size:11px;\"><span style=\"font-family:arial,helvetica,sans-serif;\"><span class=\"s3\">&#8211;<span class=\"Apple-tab-span\"> <\/span><\/span>Premio Especial Gran Hotel Bali&nbsp;<\/span><\/span><\/li>\n<\/ul>\n<p class=\"p3\" style=\"text-align: left;\"> \t&nbsp;<\/p>\n<p class=\"p4\" style=\"text-align: left;\"> \t<span style=\"font-size:11px;\"><span style=\"font-family:arial,helvetica,sans-serif;\">Entre los equipos no premiados (a partir del 6\u00ba puesto)y alojados en el Hotel Bali, se sortear\u00e1 un premio especial equivalente al 5\u00ba premio:&nbsp; 2 Plazas en Habitaci\u00f3n doble a pensi\u00f3n completa durante el Campeonato.<\/span><\/span><\/p>\n<p class=\"p3\" style=\"text-align: left;\"> \t&nbsp;<\/p>\n<p class=\"p3\" style=\"text-align: left;\"> \t&nbsp;<\/p>\n<p class=\"p5\" style=\"text-align: left;\"> \t<span style=\"font-size:11px;\"><span style=\"font-family:arial,helvetica,sans-serif;\">En Madrid, a 5 de noviembre de 2013.&nbsp;<\/span><\/span><\/p>\n<p class=\"p6\" style=\"text-align: left;\"> \t&nbsp;<\/p>\n<p class=\"p6\" style=\"text-align: left;\"> \t&nbsp;<\/p>\n<p class=\"p5\" style=\"text-align: left;\"> \t&nbsp;<\/p>\n<p class=\"p5\" style=\"text-align: left;\"> \t<span style=\"font-size:11px;\"><span style=\"font-family:arial,helvetica,sans-serif;\">Ram\u00f3n Padull\u00e9s Argerich&nbsp;<span class=\"Apple-tab-span\"> <\/span><span class=\"Apple-tab-span\"> <\/span><span class=\"Apple-tab-span\"> <\/span><span class=\"Apple-tab-span\"> <\/span><br \/> \tSecretario General<\/span><\/span><\/p>\n","protected":false},"excerpt":{"rendered":"<p>&nbsp; &nbsp; A TODAS LAS FEDERACIONES AUTONOMICAS&nbsp; Ref.: Convocatoria del VI Campeonato de Espa\u00f1a por Equipos de Club 2013.&nbsp; Categor\u00eda SUB 16 &nbsp; ORGANIZACI\u00d3N Correr\u00e1 a cargo del Grupo Bali y Club de Ajedrez Alicante, con la colaboraci\u00f3n de las Federaciones Espa\u00f1ola y de la Comunidad Valenciana de Ajedrez.&nbsp; &nbsp; COLABORAN &nbsp; DIPUTACI\u00d3N DE ALICANTE [&hellip;]<\/p>\n","protected":false},"author":1,"featured_media":0,"comment_status":"closed","ping_status":"closed","sticky":false,"template":"","format":"standard","meta":{"footnotes":""},"categories":[19],"tags":[],"class_list":["post-639","post","type-post","status-publish","format-standard","hentry","category-19"],"yoast_head":"<!-- This site is optimized with the Yoast SEO plugin v27.5 - https:\/\/yoast.com\/product\/yoast-seo-wordpress\/ -->\n<title>Circular 25\/2013 - Convocatoria del VI Campeonato de Espa\u00f1a por Equipos de Club 2013. Categor\u00eda SUB 16 - FEDA<\/title>\n<meta name=\"description\" content=\"FEDA, Federaci\u00f3n Espa\u00f1ola de Ajedrez, ajedrez madrid, federarse ajedrez, campeonato de Espa\u00f1a de ajedrez, ajedrez\" \/>\n<meta name=\"robots\" content=\"index, follow, max-snippet:-1, max-image-preview:large, max-video-preview:-1\" \/>\n<link rel=\"canonical\" href=\"https:\/\/feda.org\/feda2k16\/circular-25-2013-convocatoria-del-vi-campeonato-de-espana-por-equipos-de-club-2013-categoria-sub-16\/\" \/>\n<meta property=\"og:locale\" content=\"es_ES\" \/>\n<meta property=\"og:type\" content=\"article\" \/>\n<meta property=\"og:title\" content=\"Circular 25\/2013 - Convocatoria del VI Campeonato de Espa\u00f1a por Equipos de Club 2013. Categor\u00eda SUB 16 - FEDA\" \/>\n<meta property=\"og:description\" content=\"FEDA, Federaci\u00f3n Espa\u00f1ola de Ajedrez, ajedrez madrid, federarse ajedrez, campeonato de Espa\u00f1a de ajedrez, ajedrez\" \/>\n<meta property=\"og:url\" content=\"https:\/\/feda.org\/feda2k16\/circular-25-2013-convocatoria-del-vi-campeonato-de-espana-por-equipos-de-club-2013-categoria-sub-16\/\" \/>\n<meta property=\"og:site_name\" content=\"FEDA\" \/>\n<meta property=\"article:publisher\" content=\"https:\/\/www.facebook.com\/federacionespanoladeajedrez\/\" \/>\n<meta property=\"article:published_time\" content=\"2013-11-06T10:17:14+00:00\" \/>\n<meta property=\"article:modified_time\" content=\"2016-08-06T08:34:02+00:00\" \/>\n<meta name=\"author\" content=\"feda2k16\" \/>\n<meta name=\"twitter:card\" content=\"summary_large_image\" \/>\n<meta name=\"twitter:creator\" content=\"@AjedrezEspanola\" \/>\n<meta name=\"twitter:site\" content=\"@AjedrezEspanola\" \/>\n<meta name=\"twitter:label1\" content=\"Escrito por\" \/>\n\t<meta name=\"twitter:data1\" content=\"feda2k16\" \/>\n\t<meta name=\"twitter:label2\" content=\"Tiempo de lectura\" \/>\n\t<meta name=\"twitter:data2\" content=\"5 minutos\" \/>\n<script type=\"application\/ld+json\" class=\"yoast-schema-graph\">{\"@context\":\"https:\\\/\\\/schema.org\",\"@graph\":[{\"@type\":\"Article\",\"@id\":\"https:\\\/\\\/feda.org\\\/feda2k16\\\/circular-25-2013-convocatoria-del-vi-campeonato-de-espana-por-equipos-de-club-2013-categoria-sub-16\\\/#article\",\"isPartOf\":{\"@id\":\"https:\\\/\\\/feda.org\\\/feda2k16\\\/circular-25-2013-convocatoria-del-vi-campeonato-de-espana-por-equipos-de-club-2013-categoria-sub-16\\\/\"},\"author\":{\"name\":\"feda2k16\",\"@id\":\"https:\\\/\\\/feda.org\\\/feda2k16\\\/#\\\/schema\\\/person\\\/80aa48a4dc5c6ea03ca1dbf21ce423da\"},\"headline\":\"Circular 25\\\/2013 &#8211; Convocatoria del VI Campeonato de Espa\u00f1a por Equipos de Club 2013. Categor\u00eda SUB 16\",\"datePublished\":\"2013-11-06T10:17:14+00:00\",\"dateModified\":\"2016-08-06T08:34:02+00:00\",\"mainEntityOfPage\":{\"@id\":\"https:\\\/\\\/feda.org\\\/feda2k16\\\/circular-25-2013-convocatoria-del-vi-campeonato-de-espana-por-equipos-de-club-2013-categoria-sub-16\\\/\"},\"wordCount\":979,\"publisher\":{\"@id\":\"https:\\\/\\\/feda.org\\\/feda2k16\\\/#organization\"},\"articleSection\":[\"2013\"],\"inLanguage\":\"es\"},{\"@type\":\"WebPage\",\"@id\":\"https:\\\/\\\/feda.org\\\/feda2k16\\\/circular-25-2013-convocatoria-del-vi-campeonato-de-espana-por-equipos-de-club-2013-categoria-sub-16\\\/\",\"url\":\"https:\\\/\\\/feda.org\\\/feda2k16\\\/circular-25-2013-convocatoria-del-vi-campeonato-de-espana-por-equipos-de-club-2013-categoria-sub-16\\\/\",\"name\":\"Circular 25\\\/2013 - Convocatoria del VI Campeonato de Espa\u00f1a por Equipos de Club 2013. Categor\u00eda SUB 16 - FEDA\",\"isPartOf\":{\"@id\":\"https:\\\/\\\/feda.org\\\/feda2k16\\\/#website\"},\"datePublished\":\"2013-11-06T10:17:14+00:00\",\"dateModified\":\"2016-08-06T08:34:02+00:00\",\"description\":\"FEDA, Federaci\u00f3n Espa\u00f1ola de Ajedrez, ajedrez madrid, federarse ajedrez, campeonato de Espa\u00f1a de ajedrez, ajedrez\",\"breadcrumb\":{\"@id\":\"https:\\\/\\\/feda.org\\\/feda2k16\\\/circular-25-2013-convocatoria-del-vi-campeonato-de-espana-por-equipos-de-club-2013-categoria-sub-16\\\/#breadcrumb\"},\"inLanguage\":\"es\",\"potentialAction\":[{\"@type\":\"ReadAction\",\"target\":[\"https:\\\/\\\/feda.org\\\/feda2k16\\\/circular-25-2013-convocatoria-del-vi-campeonato-de-espana-por-equipos-de-club-2013-categoria-sub-16\\\/\"]}]},{\"@type\":\"BreadcrumbList\",\"@id\":\"https:\\\/\\\/feda.org\\\/feda2k16\\\/circular-25-2013-convocatoria-del-vi-campeonato-de-espana-por-equipos-de-club-2013-categoria-sub-16\\\/#breadcrumb\",\"itemListElement\":[{\"@type\":\"ListItem\",\"position\":1,\"name\":\"Portada\",\"item\":\"https:\\\/\\\/feda.org\\\/feda2k16\\\/\"},{\"@type\":\"ListItem\",\"position\":2,\"name\":\"Circular 25\\\/2013 &#8211; Convocatoria del VI Campeonato de Espa\u00f1a por Equipos de Club 2013. Categor\u00eda SUB 16\"}]},{\"@type\":\"WebSite\",\"@id\":\"https:\\\/\\\/feda.org\\\/feda2k16\\\/#website\",\"url\":\"https:\\\/\\\/feda.org\\\/feda2k16\\\/\",\"name\":\"FEDA\",\"description\":\"Federaci\u00f3n Espa\u00f1ola de Ajedrez\",\"publisher\":{\"@id\":\"https:\\\/\\\/feda.org\\\/feda2k16\\\/#organization\"},\"alternateName\":\"Federaci\u00f3n Espa\u00f1ola de Ajedrez\",\"potentialAction\":[{\"@type\":\"SearchAction\",\"target\":{\"@type\":\"EntryPoint\",\"urlTemplate\":\"https:\\\/\\\/feda.org\\\/feda2k16\\\/?s={search_term_string}\"},\"query-input\":{\"@type\":\"PropertyValueSpecification\",\"valueRequired\":true,\"valueName\":\"search_term_string\"}}],\"inLanguage\":\"es\"},{\"@type\":\"Organization\",\"@id\":\"https:\\\/\\\/feda.org\\\/feda2k16\\\/#organization\",\"name\":\"FEDA\",\"alternateName\":\"Federaci\u00f3n Espa\u00f1ola de Ajedrez\",\"url\":\"https:\\\/\\\/feda.org\\\/feda2k16\\\/\",\"logo\":{\"@type\":\"ImageObject\",\"inLanguage\":\"es\",\"@id\":\"https:\\\/\\\/feda.org\\\/feda2k16\\\/#\\\/schema\\\/logo\\\/image\\\/\",\"url\":\"https:\\\/\\\/feda.org\\\/feda2k16\\\/wp-content\\\/uploads\\\/NuevoLogo_FEDA_2016.png\",\"contentUrl\":\"https:\\\/\\\/feda.org\\\/feda2k16\\\/wp-content\\\/uploads\\\/NuevoLogo_FEDA_2016.png\",\"width\":600,\"height\":600,\"caption\":\"FEDA\"},\"image\":{\"@id\":\"https:\\\/\\\/feda.org\\\/feda2k16\\\/#\\\/schema\\\/logo\\\/image\\\/\"},\"sameAs\":[\"https:\\\/\\\/www.facebook.com\\\/federacionespanoladeajedrez\\\/\",\"https:\\\/\\\/x.com\\\/AjedrezEspanola\",\"https:\\\/\\\/www.instagram.com\\\/federacionespanolaajedrez\\\/?hl=es\",\"https:\\\/\\\/www.youtube.com\\\/@FederacionEspanoladeAjedrezFED\\\/featured\"]},{\"@type\":\"Person\",\"@id\":\"https:\\\/\\\/feda.org\\\/feda2k16\\\/#\\\/schema\\\/person\\\/80aa48a4dc5c6ea03ca1dbf21ce423da\",\"name\":\"feda2k16\",\"url\":\"https:\\\/\\\/feda.org\\\/feda2k16\\\/author\\\/feda2k16\\\/\"}]}<\/script>\n<!-- \/ Yoast SEO plugin. -->","yoast_head_json":{"title":"Circular 25\/2013 - Convocatoria del VI Campeonato de Espa\u00f1a por Equipos de Club 2013. Categor\u00eda SUB 16 - FEDA","description":"FEDA, Federaci\u00f3n Espa\u00f1ola de Ajedrez, ajedrez madrid, federarse ajedrez, campeonato de Espa\u00f1a de ajedrez, ajedrez","robots":{"index":"index","follow":"follow","max-snippet":"max-snippet:-1","max-image-preview":"max-image-preview:large","max-video-preview":"max-video-preview:-1"},"canonical":"https:\/\/feda.org\/feda2k16\/circular-25-2013-convocatoria-del-vi-campeonato-de-espana-por-equipos-de-club-2013-categoria-sub-16\/","og_locale":"es_ES","og_type":"article","og_title":"Circular 25\/2013 - Convocatoria del VI Campeonato de Espa\u00f1a por Equipos de Club 2013. Categor\u00eda SUB 16 - FEDA","og_description":"FEDA, Federaci\u00f3n Espa\u00f1ola de Ajedrez, ajedrez madrid, federarse ajedrez, campeonato de Espa\u00f1a de ajedrez, ajedrez","og_url":"https:\/\/feda.org\/feda2k16\/circular-25-2013-convocatoria-del-vi-campeonato-de-espana-por-equipos-de-club-2013-categoria-sub-16\/","og_site_name":"FEDA","article_publisher":"https:\/\/www.facebook.com\/federacionespanoladeajedrez\/","article_published_time":"2013-11-06T10:17:14+00:00","article_modified_time":"2016-08-06T08:34:02+00:00","author":"feda2k16","twitter_card":"summary_large_image","twitter_creator":"@AjedrezEspanola","twitter_site":"@AjedrezEspanola","twitter_misc":{"Escrito por":"feda2k16","Tiempo de lectura":"5 minutos"},"schema":{"@context":"https:\/\/schema.org","@graph":[{"@type":"Article","@id":"https:\/\/feda.org\/feda2k16\/circular-25-2013-convocatoria-del-vi-campeonato-de-espana-por-equipos-de-club-2013-categoria-sub-16\/#article","isPartOf":{"@id":"https:\/\/feda.org\/feda2k16\/circular-25-2013-convocatoria-del-vi-campeonato-de-espana-por-equipos-de-club-2013-categoria-sub-16\/"},"author":{"name":"feda2k16","@id":"https:\/\/feda.org\/feda2k16\/#\/schema\/person\/80aa48a4dc5c6ea03ca1dbf21ce423da"},"headline":"Circular 25\/2013 &#8211; Convocatoria del VI Campeonato de Espa\u00f1a por Equipos de Club 2013. Categor\u00eda SUB 16","datePublished":"2013-11-06T10:17:14+00:00","dateModified":"2016-08-06T08:34:02+00:00","mainEntityOfPage":{"@id":"https:\/\/feda.org\/feda2k16\/circular-25-2013-convocatoria-del-vi-campeonato-de-espana-por-equipos-de-club-2013-categoria-sub-16\/"},"wordCount":979,"publisher":{"@id":"https:\/\/feda.org\/feda2k16\/#organization"},"articleSection":["2013"],"inLanguage":"es"},{"@type":"WebPage","@id":"https:\/\/feda.org\/feda2k16\/circular-25-2013-convocatoria-del-vi-campeonato-de-espana-por-equipos-de-club-2013-categoria-sub-16\/","url":"https:\/\/feda.org\/feda2k16\/circular-25-2013-convocatoria-del-vi-campeonato-de-espana-por-equipos-de-club-2013-categoria-sub-16\/","name":"Circular 25\/2013 - Convocatoria del VI Campeonato de Espa\u00f1a por Equipos de Club 2013. Categor\u00eda SUB 16 - FEDA","isPartOf":{"@id":"https:\/\/feda.org\/feda2k16\/#website"},"datePublished":"2013-11-06T10:17:14+00:00","dateModified":"2016-08-06T08:34:02+00:00","description":"FEDA, Federaci\u00f3n Espa\u00f1ola de Ajedrez, ajedrez madrid, federarse ajedrez, campeonato de Espa\u00f1a de ajedrez, ajedrez","breadcrumb":{"@id":"https:\/\/feda.org\/feda2k16\/circular-25-2013-convocatoria-del-vi-campeonato-de-espana-por-equipos-de-club-2013-categoria-sub-16\/#breadcrumb"},"inLanguage":"es","potentialAction":[{"@type":"ReadAction","target":["https:\/\/feda.org\/feda2k16\/circular-25-2013-convocatoria-del-vi-campeonato-de-espana-por-equipos-de-club-2013-categoria-sub-16\/"]}]},{"@type":"BreadcrumbList","@id":"https:\/\/feda.org\/feda2k16\/circular-25-2013-convocatoria-del-vi-campeonato-de-espana-por-equipos-de-club-2013-categoria-sub-16\/#breadcrumb","itemListElement":[{"@type":"ListItem","position":1,"name":"Portada","item":"https:\/\/feda.org\/feda2k16\/"},{"@type":"ListItem","position":2,"name":"Circular 25\/2013 &#8211; Convocatoria del VI Campeonato de Espa\u00f1a por Equipos de Club 2013. Categor\u00eda SUB 16"}]},{"@type":"WebSite","@id":"https:\/\/feda.org\/feda2k16\/#website","url":"https:\/\/feda.org\/feda2k16\/","name":"FEDA","description":"Federaci\u00f3n Espa\u00f1ola de Ajedrez","publisher":{"@id":"https:\/\/feda.org\/feda2k16\/#organization"},"alternateName":"Federaci\u00f3n Espa\u00f1ola de Ajedrez","potentialAction":[{"@type":"SearchAction","target":{"@type":"EntryPoint","urlTemplate":"https:\/\/feda.org\/feda2k16\/?s={search_term_string}"},"query-input":{"@type":"PropertyValueSpecification","valueRequired":true,"valueName":"search_term_string"}}],"inLanguage":"es"},{"@type":"Organization","@id":"https:\/\/feda.org\/feda2k16\/#organization","name":"FEDA","alternateName":"Federaci\u00f3n Espa\u00f1ola de Ajedrez","url":"https:\/\/feda.org\/feda2k16\/","logo":{"@type":"ImageObject","inLanguage":"es","@id":"https:\/\/feda.org\/feda2k16\/#\/schema\/logo\/image\/","url":"https:\/\/feda.org\/feda2k16\/wp-content\/uploads\/NuevoLogo_FEDA_2016.png","contentUrl":"https:\/\/feda.org\/feda2k16\/wp-content\/uploads\/NuevoLogo_FEDA_2016.png","width":600,"height":600,"caption":"FEDA"},"image":{"@id":"https:\/\/feda.org\/feda2k16\/#\/schema\/logo\/image\/"},"sameAs":["https:\/\/www.facebook.com\/federacionespanoladeajedrez\/","https:\/\/x.com\/AjedrezEspanola","https:\/\/www.instagram.com\/federacionespanolaajedrez\/?hl=es","https:\/\/www.youtube.com\/@FederacionEspanoladeAjedrezFED\/featured"]},{"@type":"Person","@id":"https:\/\/feda.org\/feda2k16\/#\/schema\/person\/80aa48a4dc5c6ea03ca1dbf21ce423da","name":"feda2k16","url":"https:\/\/feda.org\/feda2k16\/author\/feda2k16\/"}]}},"_links":{"self":[{"href":"https:\/\/feda.org\/feda2k16\/wp-json\/wp\/v2\/posts\/639","targetHints":{"allow":["GET"]}}],"collection":[{"href":"https:\/\/feda.org\/feda2k16\/wp-json\/wp\/v2\/posts"}],"about":[{"href":"https:\/\/feda.org\/feda2k16\/wp-json\/wp\/v2\/types\/post"}],"author":[{"embeddable":true,"href":"https:\/\/feda.org\/feda2k16\/wp-json\/wp\/v2\/users\/1"}],"replies":[{"embeddable":true,"href":"https:\/\/feda.org\/feda2k16\/wp-json\/wp\/v2\/comments?post=639"}],"version-history":[{"count":1,"href":"https:\/\/feda.org\/feda2k16\/wp-json\/wp\/v2\/posts\/639\/revisions"}],"predecessor-version":[{"id":3261,"href":"https:\/\/feda.org\/feda2k16\/wp-json\/wp\/v2\/posts\/639\/revisions\/3261"}],"wp:attachment":[{"href":"https:\/\/feda.org\/feda2k16\/wp-json\/wp\/v2\/media?parent=639"}],"wp:term":[{"taxonomy":"category","embeddable":true,"href":"https:\/\/feda.org\/feda2k16\/wp-json\/wp\/v2\/categories?post=639"},{"taxonomy":"post_tag","embeddable":true,"href":"https:\/\/feda.org\/feda2k16\/wp-json\/wp\/v2\/tags?post=639"}],"curies":[{"name":"wp","href":"https:\/\/api.w.org\/{rel}","templated":true}]}}